{"id":11202,"date":"2025-05-14T21:04:38","date_gmt":"2025-05-15T00:04:38","guid":{"rendered":"https:\/\/proyectum.com\/sistema\/?p=10946"},"modified":"2025-05-14T21:04:38","modified_gmt":"2025-05-15T00:04:38","slug":"resolucion-de-problemas-un-enfoque-sistemico-para-liderar-con-eficacia","status":"publish","type":"post","link":"https:\/\/proyectum.com\/pe\/resolucion-de-problemas-un-enfoque-sistemico-para-liderar-con-eficacia\/","title":{"rendered":"Resoluci\u00f3n de Problemas:  Un Enfoque Sist\u00e9mico para Liderar con Eficacia"},"content":{"rendered":"<p style=\"text-align: right;\">Curado por: Jorge Vald\u00e9s Garciatorres, MDO, PMP<\/p>\n<p>&nbsp;<\/p>\n<p><strong>Introducci\u00f3n<\/strong><\/p>\n<p>Los gerentes enfrentan desaf\u00edos complejos que requieren habilidades avanzadas de resoluci\u00f3n de problemas. La capacidad para identificar, analizar y solucionar problemas no solo es esencial para el \u00e9xito organizacional, sino que tambi\u00e9n es una competencia clave en el liderazgo efectivo.<\/p>\n<p>Este art\u00edculo explora la importancia de la resoluci\u00f3n de problemas en posiciones gerenciales y c\u00f3mo un enfoque sist\u00e9mico puede enriquecer esta habilidad, proporcionando herramientas pr\u00e1cticas como la \u00abRueda de Resoluci\u00f3n de Problemas\u00bb para facilitar la toma de decisiones informadas y estrat\u00e9gicas.<\/p>\n<p><strong>La Importancia de la Resoluci\u00f3n de Problemas en la Gerencia<\/strong><\/p>\n<p>La resoluci\u00f3n de problemas es una funci\u00f3n central en la gesti\u00f3n, ya que los gerentes son responsables de identificar obst\u00e1culos que impiden el logro de objetivos y de implementar soluciones efectivas. Seg\u00fan Robbins y Coulter (2018), los gerentes deben ser capaces de diagnosticar problemas, generar alternativas viables y seleccionar la mejor opci\u00f3n para garantizar el \u00e9xito organizacional.<\/p>\n<p>Adem\u00e1s, la resoluci\u00f3n efectiva de problemas contribuye a la mejora continua, la innovaci\u00f3n y la adaptabilidad de la organizaci\u00f3n. En un estudio realizado por Harvard Business Review, se encontr\u00f3 que las organizaciones que fomentan una cultura de resoluci\u00f3n de problemas son m\u00e1s propensas a superar a sus competidores en t\u00e9rminos de desempe\u00f1o y satisfacci\u00f3n del cliente (Davenport, 2013).<\/p>\n<p><strong>Enfoque Sist\u00e9mico en la Resoluci\u00f3n de Problemas<\/strong><\/p>\n<p>El enfoque sist\u00e9mico implica comprender las organizaciones como sistemas interrelacionados, donde los cambios en una parte afectan al todo. Esta perspectiva, basada en la Teor\u00eda General de Sistemas de Ludwig von Bertalanffy (1968), permite a los gerentes abordar los problemas considerando las interdependencias y din\u00e1micas dentro de la organizaci\u00f3n.<\/p>\n<p>Peter Senge (1990) destaca la importancia del pensamiento sist\u00e9mico en su obra \u00abLa quinta disciplina\u00bb, argumentando que los l\u00edderes deben ver m\u00e1s all\u00e1 de los eventos aislados y comprender los patrones subyacentes que generan problemas recurrentes. Este enfoque promueve una comprensi\u00f3n m\u00e1s profunda y sostenible de los desaf\u00edos organizacionales.<\/p>\n<p><strong>El \u00abEsquema de Resoluci\u00f3n de Problemas\u00bb: Una Herramienta Sist\u00e9mica<\/strong><\/p>\n<p>Este esquema represenata una herramienta que integra diferentes perspectivas para abordar problemas de manera integral. Esta rueda consta de cuatro cuadrantes que representan distintos enfoques:<\/p>\n<p><img fetchpriority=\"high\" decoding=\"async\" class=\"aligncenter wp-image-10947 size-full\" src=\"https:\/\/proyectum.com\/pe\/wp-content\/uploads\/2025\/05\/Esquema-de-resolucion-de-problemas-Proyectum-.jpg\" alt=\"\" width=\"360\" height=\"542\" srcset=\"https:\/\/proyectum.com\/pe\/wp-content\/uploads\/2025\/05\/Esquema-de-resolucion-de-problemas-Proyectum-.jpg 360w, https:\/\/proyectum.com\/pe\/wp-content\/uploads\/2025\/05\/Esquema-de-resolucion-de-problemas-Proyectum--199x300.jpg 199w, https:\/\/proyectum.com\/pe\/wp-content\/uploads\/2025\/05\/Esquema-de-resolucion-de-problemas-Proyectum--64x96.jpg 64w\" sizes=\"(max-width: 360px) 100vw, 360px\" \/><\/p>\n<p>&nbsp;<\/p>\n<ol>\n<li><strong> Pensamiento de Primeros Principios<\/strong><\/li>\n<\/ol>\n<p>Este enfoque implica descomponer un problema en sus componentes fundamentales y reconstruirlo desde cero. Elon Musk ha popularizado este m\u00e9todo en la ingenier\u00eda y la innovaci\u00f3n (Vance, 2015). En la gesti\u00f3n, permite cuestionar suposiciones y desarrollar soluciones innovadoras.<\/p>\n<p><strong>Preguntas clave:<\/strong><\/p>\n<ul>\n<li>\u00bfCu\u00e1les son los supuestos subyacentes de este problema?<\/li>\n<li>\u00bfQu\u00e9 pasar\u00eda si comenz\u00e1ramos desde cero?<\/li>\n<\/ul>\n<ol start=\"2\">\n<li><strong> Pensamiento de Segundo Orden<\/strong><\/li>\n<\/ol>\n<p>Consiste en considerar las consecuencias indirectas de las decisiones. Charlie Munger, socio de Warren Buffett, enfatiza la importancia de pensar en los efectos secundarios y terciarios de las acciones (Munger, 2005).<\/p>\n<p><strong>Preguntas clave:<\/strong><\/p>\n<ul>\n<li>\u00bfQu\u00e9 consecuencias no intencionadas podr\u00edan surgir?<\/li>\n<li>\u00bfC\u00f3mo afectar\u00e1 esta decisi\u00f3n a largo plazo?<\/li>\n<\/ul>\n<ol start=\"3\">\n<li><strong> An\u00e1lisis de Causa Ra\u00edz<\/strong><\/li>\n<\/ol>\n<p>Este m\u00e9todo busca identificar la causa fundamental de un problema, en lugar de tratar solo los s\u00edntomas. Herramientas como los \u00ab5 porqu\u00e9s\u00bb ayudan a profundizar en la comprensi\u00f3n del problema (Ohno, 1988).<\/p>\n<p><strong>Preguntas clave:<\/strong><\/p>\n<ul>\n<li>\u00bfPor qu\u00e9 ocurri\u00f3 este problema?<\/li>\n<li>\u00bfQu\u00e9 lo caus\u00f3 en primer lugar?<\/li>\n<\/ul>\n<ol start=\"4\">\n<li><strong> Ciclo OODA (Observar, Orientar, Decidir, Actuar)<\/strong><\/li>\n<\/ol>\n<p>Desarrollado por el coronel John Boyd, este ciclo se utiliza para tomar decisiones r\u00e1pidas y adaptativas en entornos din\u00e1micos (Boyd, 1987). En la gesti\u00f3n, facilita la respuesta \u00e1gil a los cambios del entorno.<\/p>\n<p><strong>Preguntas clave:<\/strong><\/p>\n<ul>\n<li>\u00bfQu\u00e9 est\u00e1 sucediendo en este momento?<\/li>\n<li>\u00bfCu\u00e1l es la mejor acci\u00f3n a tomar ahora?<\/li>\n<\/ul>\n<p><strong>Aplicaci\u00f3n Pr\u00e1ctica en la Gerencia<\/strong><\/p>\n<p>Implementar la \u00abRueda de Resoluci\u00f3n de Problemas\u00bb en la gesti\u00f3n diaria puede mejorar significativamente la toma de decisiones. Por ejemplo, al enfrentar una disminuci\u00f3n en las ventas, un gerente podr\u00eda:<\/p>\n<ol>\n<li><strong>Pensamiento de Primeros Principios:<\/strong> Analizar los fundamentos del modelo de negocio y cuestionar las suposiciones sobre el mercado.<\/li>\n<li><strong>Pensamiento de Segundo Orden:<\/strong> Considerar c\u00f3mo las estrategias de marketing actuales podr\u00edan estar afectando la percepci\u00f3n del cliente a largo plazo.<\/li>\n<li><strong>An\u00e1lisis de Causa Ra\u00edz:<\/strong> Investigar las razones detr\u00e1s de la disminuci\u00f3n de las ventas, como cambios en las preferencias del consumidor o problemas en la cadena de suministro.<\/li>\n<li><strong>Ciclo OODA:<\/strong> Observar las tendencias del mercado, orientar la estrategia en funci\u00f3n de los datos, decidir sobre nuevas t\u00e1cticas de ventas y actuar r\u00e1pidamente para implementar cambios.<\/li>\n<\/ol>\n<p><strong>Beneficios del Enfoque Sist\u00e9mico en la Resoluci\u00f3n de Problemas<\/strong><\/p>\n<p>Adoptar un enfoque sist\u00e9mico en la resoluci\u00f3n de problemas ofrece varios beneficios:<\/p>\n<ul>\n<li><strong>Comprensi\u00f3n Integral:<\/strong> Permite a los gerentes ver el panorama completo y entender c\u00f3mo las partes del sistema interact\u00faan.<\/li>\n<li><strong>Prevenci\u00f3n de Problemas Recurrentes:<\/strong> Al identificar las causas ra\u00edz, se pueden implementar soluciones que eviten la repetici\u00f3n de problemas.<\/li>\n<li><strong>Toma de Decisiones Informada:<\/strong> Considerar las consecuencias a largo plazo y las interdependencias mejora la calidad de las decisiones.<\/li>\n<li><strong>Adaptabilidad:<\/strong> El ciclo OODA facilita la adaptaci\u00f3n r\u00e1pida a los cambios del entorno.<\/li>\n<\/ul>\n<p>La resoluci\u00f3n de problemas es una competencia esencial en la gesti\u00f3n efectiva. Integrar un enfoque sist\u00e9mico, como el que ofrece la \u00abRueda de Resoluci\u00f3n de Problemas\u00bb, permite a los gerentes abordar los desaf\u00edos de manera m\u00e1s completa y estrat\u00e9gica. Al considerar las interrelaciones dentro de la organizaci\u00f3n y las consecuencias a largo plazo de las decisiones, los l\u00edderes pueden implementar soluciones sostenibles que impulsen el \u00e9xito organizacional.<\/p>\n<p><strong>Referencias<\/strong><\/p>\n<ul>\n<li>Bertalanffy, L. von. (1968). <em>General System Theory: Foundations, Development, Applications<\/em>. New York: George Braziller.<\/li>\n<li>Boyd, J. (1987). <em>A Discourse on Winning and Losing<\/em>. Air University Library.<\/li>\n<li>Davenport, T. H. (2013). <em>Analytics 3.0<\/em>. Harvard Business Review.<\/li>\n<li>Munger, C. T. (2005). <em>Poor Charlie&#8217;s Almanack: The Wit and Wisdom of Charles T. Munger<\/em>. Donning Company Publishers.<\/li>\n<li>Ohno, T. (1988). <em>Toyota Production System: Beyond Large-Scale Production<\/em>. Productivity Press.<\/li>\n<li>Robbins, S. P., &amp; Coulter, M. (2018). <em>Administraci\u00f3n<\/em> (13\u00aa ed.). Pearson Educaci\u00f3n.<\/li>\n<li>Senge, P. M. (1990). <em>La quinta disciplina: El arte y la pr\u00e1ctica de la organizaci\u00f3n abierta al aprendizaje<\/em>. Granica.<\/li>\n<li>Vance, A. (2015). <em>Elon Musk: Tesla, SpaceX, and the Quest for a Fantastic Future<\/em>. Harper Collins.<\/li>\n<\/ul>\n<p>&nbsp;<\/p>\n","protected":false},"excerpt":{"rendered":"<p>Curado por: Jorge Vald\u00e9s Garciatorres, MDO, PMP &nbsp; Introducci\u00f3n Los gerentes enfrentan desaf\u00edos complejos que requieren habilidades avanzadas de resoluci\u00f3n de problemas. La capacidad para identificar, analizar y solucionar problemas no solo es esencial para el \u00e9xito organizacional, sino que tambi\u00e9n es una competencia clave en el liderazgo efectivo. Este art\u00edculo explora la importancia de [&hellip;]<\/p>\n","protected":false},"author":29,"featured_media":11207,"comment_status":"closed","ping_status":"closed","sticky":false,"template":"","format":"standard","meta":{"_acf_changed":false,"footnotes":""},"categories":[370],"tags":[1679,529,1681,1650,1682],"class_list":["post-11202","post","type-post","status-publish","format-standard","has-post-thumbnail","hentry","category-liderazgo","tag-equipo-de-trabajo","tag-pensamiento-sistemico","tag-problema","tag-proyectos","tag-resolucion-de-problemas"],"acf":[],"yoast_head":"<!-- This site is optimized with the Yoast SEO plugin v24.4 - https:\/\/yoast.com\/wordpress\/plugins\/seo\/ -->\n<title>Resoluci\u00f3n de Problemas: Un Enfoque Sist\u00e9mico para Liderar con Eficacia - Proyectum Per\u00fa<\/title>\n<meta name=\"robots\" content=\"index, follow, max-snippet:-1, max-image-preview:large, max-video-preview:-1\" \/>\n<link rel=\"canonical\" href=\"https:\/\/proyectum.com\/pe\/resolucion-de-problemas-un-enfoque-sistemico-para-liderar-con-eficacia\/\" \/>\n<meta property=\"og:locale\" content=\"es_ES\" \/>\n<meta property=\"og:type\" content=\"article\" \/>\n<meta property=\"og:title\" content=\"Resoluci\u00f3n de Problemas: Un Enfoque Sist\u00e9mico para Liderar con Eficacia - Proyectum Per\u00fa\" \/>\n<meta property=\"og:description\" content=\"Curado por: Jorge Vald\u00e9s Garciatorres, MDO, PMP &nbsp; Introducci\u00f3n Los gerentes enfrentan desaf\u00edos complejos que requieren habilidades avanzadas de resoluci\u00f3n de problemas. La capacidad para identificar, analizar y solucionar problemas no solo es esencial para el \u00e9xito organizacional, sino que tambi\u00e9n es una competencia clave en el liderazgo efectivo. Este art\u00edculo explora la importancia de [&hellip;]\" \/>\n<meta property=\"og:url\" content=\"https:\/\/proyectum.com\/pe\/resolucion-de-problemas-un-enfoque-sistemico-para-liderar-con-eficacia\/\" \/>\n<meta property=\"og:site_name\" content=\"Proyectum Per\u00fa\" \/>\n<meta property=\"article:publisher\" content=\"https:\/\/www.facebook.com\/proyectum.pe\/\" \/>\n<meta property=\"article:published_time\" content=\"2025-05-15T00:04:38+00:00\" \/>\n<meta property=\"og:image\" content=\"https:\/\/proyectum.com\/pe\/wp-content\/uploads\/2025\/05\/726.jpg\" \/>\n\t<meta property=\"og:image:width\" content=\"1500\" \/>\n\t<meta property=\"og:image:height\" content=\"932\" \/>\n\t<meta property=\"og:image:type\" content=\"image\/jpeg\" \/>\n<meta name=\"author\" content=\"Jorge\" \/>\n<meta name=\"twitter:card\" content=\"summary_large_image\" \/>\n<meta name=\"twitter:label1\" content=\"Escrito por\" \/>\n\t<meta name=\"twitter:data1\" content=\"Jorge\" \/>\n\t<meta name=\"twitter:label2\" content=\"Tiempo de lectura\" \/>\n\t<meta name=\"twitter:data2\" content=\"5 minutos\" \/>\n<script type=\"application\/ld+json\" class=\"yoast-schema-graph\">{\"@context\":\"https:\/\/schema.org\",\"@graph\":[{\"@type\":\"Article\",\"@id\":\"https:\/\/proyectum.com\/pe\/resolucion-de-problemas-un-enfoque-sistemico-para-liderar-con-eficacia\/#article\",\"isPartOf\":{\"@id\":\"https:\/\/proyectum.com\/pe\/resolucion-de-problemas-un-enfoque-sistemico-para-liderar-con-eficacia\/\"},\"author\":{\"name\":\"Jorge\",\"@id\":\"https:\/\/proyectum.com\/pe\/#\/schema\/person\/6e3e4bdde133cfa03a51dd6ec5b0f39c\"},\"headline\":\"Resoluci\u00f3n de Problemas: Un Enfoque Sist\u00e9mico para Liderar con Eficacia\",\"datePublished\":\"2025-05-15T00:04:38+00:00\",\"mainEntityOfPage\":{\"@id\":\"https:\/\/proyectum.com\/pe\/resolucion-de-problemas-un-enfoque-sistemico-para-liderar-con-eficacia\/\"},\"wordCount\":1064,\"publisher\":{\"@id\":\"https:\/\/proyectum.com\/pe\/#organization\"},\"image\":{\"@id\":\"https:\/\/proyectum.com\/pe\/resolucion-de-problemas-un-enfoque-sistemico-para-liderar-con-eficacia\/#primaryimage\"},\"thumbnailUrl\":\"https:\/\/proyectum.com\/pe\/wp-content\/uploads\/2025\/05\/726.jpg\",\"keywords\":[\"equipo de trabajo\",\"pensamiento sist\u00e9mico\",\"Problema\",\"proyectos\",\"resoluci\u00f3n de problemas\"],\"articleSection\":[\"Liderazgo\"],\"inLanguage\":\"es\"},{\"@type\":\"WebPage\",\"@id\":\"https:\/\/proyectum.com\/pe\/resolucion-de-problemas-un-enfoque-sistemico-para-liderar-con-eficacia\/\",\"url\":\"https:\/\/proyectum.com\/pe\/resolucion-de-problemas-un-enfoque-sistemico-para-liderar-con-eficacia\/\",\"name\":\"Resoluci\u00f3n de Problemas: Un Enfoque Sist\u00e9mico para Liderar con Eficacia - Proyectum Per\u00fa\",\"isPartOf\":{\"@id\":\"https:\/\/proyectum.com\/pe\/#website\"},\"primaryImageOfPage\":{\"@id\":\"https:\/\/proyectum.com\/pe\/resolucion-de-problemas-un-enfoque-sistemico-para-liderar-con-eficacia\/#primaryimage\"},\"image\":{\"@id\":\"https:\/\/proyectum.com\/pe\/resolucion-de-problemas-un-enfoque-sistemico-para-liderar-con-eficacia\/#primaryimage\"},\"thumbnailUrl\":\"https:\/\/proyectum.com\/pe\/wp-content\/uploads\/2025\/05\/726.jpg\",\"datePublished\":\"2025-05-15T00:04:38+00:00\",\"breadcrumb\":{\"@id\":\"https:\/\/proyectum.com\/pe\/resolucion-de-problemas-un-enfoque-sistemico-para-liderar-con-eficacia\/#breadcrumb\"},\"inLanguage\":\"es\",\"potentialAction\":[{\"@type\":\"ReadAction\",\"target\":[\"https:\/\/proyectum.com\/pe\/resolucion-de-problemas-un-enfoque-sistemico-para-liderar-con-eficacia\/\"]}]},{\"@type\":\"ImageObject\",\"inLanguage\":\"es\",\"@id\":\"https:\/\/proyectum.com\/pe\/resolucion-de-problemas-un-enfoque-sistemico-para-liderar-con-eficacia\/#primaryimage\",\"url\":\"https:\/\/proyectum.com\/pe\/wp-content\/uploads\/2025\/05\/726.jpg\",\"contentUrl\":\"https:\/\/proyectum.com\/pe\/wp-content\/uploads\/2025\/05\/726.jpg\",\"width\":1500,\"height\":932},{\"@type\":\"BreadcrumbList\",\"@id\":\"https:\/\/proyectum.com\/pe\/resolucion-de-problemas-un-enfoque-sistemico-para-liderar-con-eficacia\/#breadcrumb\",\"itemListElement\":[{\"@type\":\"ListItem\",\"position\":1,\"name\":\"Home\",\"item\":\"https:\/\/proyectum.com\/pe\/\"},{\"@type\":\"ListItem\",\"position\":2,\"name\":\"Resoluci\u00f3n de Problemas: Un Enfoque Sist\u00e9mico para Liderar con Eficacia\"}]},{\"@type\":\"WebSite\",\"@id\":\"https:\/\/proyectum.com\/pe\/#website\",\"url\":\"https:\/\/proyectum.com\/pe\/\",\"name\":\"Proyectum Per\u00fa\",\"description\":\"Direcci\u00f3n de Proyectos y Metodolog\u00edas \u00c1giles\",\"publisher\":{\"@id\":\"https:\/\/proyectum.com\/pe\/#organization\"},\"potentialAction\":[{\"@type\":\"SearchAction\",\"target\":{\"@type\":\"EntryPoint\",\"urlTemplate\":\"https:\/\/proyectum.com\/pe\/?s={search_term_string}\"},\"query-input\":{\"@type\":\"PropertyValueSpecification\",\"valueRequired\":true,\"valueName\":\"search_term_string\"}}],\"inLanguage\":\"es\"},{\"@type\":\"Organization\",\"@id\":\"https:\/\/proyectum.com\/pe\/#organization\",\"name\":\"Proyectum Per\u00fa\",\"url\":\"https:\/\/proyectum.com\/pe\/\",\"logo\":{\"@type\":\"ImageObject\",\"inLanguage\":\"es\",\"@id\":\"https:\/\/proyectum.com\/pe\/#\/schema\/logo\/image\/\",\"url\":\"https:\/\/proyectum.com\/pe\/wp-content\/uploads\/2020\/04\/proyectum-logo-snippet.png\",\"contentUrl\":\"https:\/\/proyectum.com\/pe\/wp-content\/uploads\/2020\/04\/proyectum-logo-snippet.png\",\"width\":600,\"height\":315,\"caption\":\"Proyectum Per\u00fa\"},\"image\":{\"@id\":\"https:\/\/proyectum.com\/pe\/#\/schema\/logo\/image\/\"},\"sameAs\":[\"https:\/\/www.facebook.com\/proyectum.pe\/\",\"https:\/\/www.instagram.com\/proyectum.pe\/\",\"https:\/\/www.linkedin.com\/company\/proyectumperu\/\",\"https:\/\/www.youtube.com\/@proyectum2283\/videos\"]},{\"@type\":\"Person\",\"@id\":\"https:\/\/proyectum.com\/pe\/#\/schema\/person\/6e3e4bdde133cfa03a51dd6ec5b0f39c\",\"name\":\"Jorge\",\"image\":{\"@type\":\"ImageObject\",\"inLanguage\":\"es\",\"@id\":\"https:\/\/proyectum.com\/pe\/#\/schema\/person\/image\/\",\"url\":\"https:\/\/secure.gravatar.com\/avatar\/455c61bb0fa25db9d2e71243327909c4?s=96&d=mm&r=g\",\"contentUrl\":\"https:\/\/secure.gravatar.com\/avatar\/455c61bb0fa25db9d2e71243327909c4?s=96&d=mm&r=g\",\"caption\":\"Jorge\"}}]}<\/script>\n<!-- \/ Yoast SEO plugin. -->","yoast_head_json":{"title":"Resoluci\u00f3n de Problemas: Un Enfoque Sist\u00e9mico para Liderar con Eficacia - Proyectum Per\u00fa","robots":{"index":"index","follow":"follow","max-snippet":"max-snippet:-1","max-image-preview":"max-image-preview:large","max-video-preview":"max-video-preview:-1"},"canonical":"https:\/\/proyectum.com\/pe\/resolucion-de-problemas-un-enfoque-sistemico-para-liderar-con-eficacia\/","og_locale":"es_ES","og_type":"article","og_title":"Resoluci\u00f3n de Problemas: Un Enfoque Sist\u00e9mico para Liderar con Eficacia - Proyectum Per\u00fa","og_description":"Curado por: Jorge Vald\u00e9s Garciatorres, MDO, PMP &nbsp; Introducci\u00f3n Los gerentes enfrentan desaf\u00edos complejos que requieren habilidades avanzadas de resoluci\u00f3n de problemas. La capacidad para identificar, analizar y solucionar problemas no solo es esencial para el \u00e9xito organizacional, sino que tambi\u00e9n es una competencia clave en el liderazgo efectivo. Este art\u00edculo explora la importancia de [&hellip;]","og_url":"https:\/\/proyectum.com\/pe\/resolucion-de-problemas-un-enfoque-sistemico-para-liderar-con-eficacia\/","og_site_name":"Proyectum Per\u00fa","article_publisher":"https:\/\/www.facebook.com\/proyectum.pe\/","article_published_time":"2025-05-15T00:04:38+00:00","og_image":[{"width":1500,"height":932,"url":"https:\/\/proyectum.com\/pe\/wp-content\/uploads\/2025\/05\/726.jpg","type":"image\/jpeg"}],"author":"Jorge","twitter_card":"summary_large_image","twitter_misc":{"Escrito por":"Jorge","Tiempo de lectura":"5 minutos"},"schema":{"@context":"https:\/\/schema.org","@graph":[{"@type":"Article","@id":"https:\/\/proyectum.com\/pe\/resolucion-de-problemas-un-enfoque-sistemico-para-liderar-con-eficacia\/#article","isPartOf":{"@id":"https:\/\/proyectum.com\/pe\/resolucion-de-problemas-un-enfoque-sistemico-para-liderar-con-eficacia\/"},"author":{"name":"Jorge","@id":"https:\/\/proyectum.com\/pe\/#\/schema\/person\/6e3e4bdde133cfa03a51dd6ec5b0f39c"},"headline":"Resoluci\u00f3n de Problemas: Un Enfoque Sist\u00e9mico para Liderar con Eficacia","datePublished":"2025-05-15T00:04:38+00:00","mainEntityOfPage":{"@id":"https:\/\/proyectum.com\/pe\/resolucion-de-problemas-un-enfoque-sistemico-para-liderar-con-eficacia\/"},"wordCount":1064,"publisher":{"@id":"https:\/\/proyectum.com\/pe\/#organization"},"image":{"@id":"https:\/\/proyectum.com\/pe\/resolucion-de-problemas-un-enfoque-sistemico-para-liderar-con-eficacia\/#primaryimage"},"thumbnailUrl":"https:\/\/proyectum.com\/pe\/wp-content\/uploads\/2025\/05\/726.jpg","keywords":["equipo de trabajo","pensamiento sist\u00e9mico","Problema","proyectos","resoluci\u00f3n de problemas"],"articleSection":["Liderazgo"],"inLanguage":"es"},{"@type":"WebPage","@id":"https:\/\/proyectum.com\/pe\/resolucion-de-problemas-un-enfoque-sistemico-para-liderar-con-eficacia\/","url":"https:\/\/proyectum.com\/pe\/resolucion-de-problemas-un-enfoque-sistemico-para-liderar-con-eficacia\/","name":"Resoluci\u00f3n de Problemas: Un Enfoque Sist\u00e9mico para Liderar con Eficacia - Proyectum Per\u00fa","isPartOf":{"@id":"https:\/\/proyectum.com\/pe\/#website"},"primaryImageOfPage":{"@id":"https:\/\/proyectum.com\/pe\/resolucion-de-problemas-un-enfoque-sistemico-para-liderar-con-eficacia\/#primaryimage"},"image":{"@id":"https:\/\/proyectum.com\/pe\/resolucion-de-problemas-un-enfoque-sistemico-para-liderar-con-eficacia\/#primaryimage"},"thumbnailUrl":"https:\/\/proyectum.com\/pe\/wp-content\/uploads\/2025\/05\/726.jpg","datePublished":"2025-05-15T00:04:38+00:00","breadcrumb":{"@id":"https:\/\/proyectum.com\/pe\/resolucion-de-problemas-un-enfoque-sistemico-para-liderar-con-eficacia\/#breadcrumb"},"inLanguage":"es","potentialAction":[{"@type":"ReadAction","target":["https:\/\/proyectum.com\/pe\/resolucion-de-problemas-un-enfoque-sistemico-para-liderar-con-eficacia\/"]}]},{"@type":"ImageObject","inLanguage":"es","@id":"https:\/\/proyectum.com\/pe\/resolucion-de-problemas-un-enfoque-sistemico-para-liderar-con-eficacia\/#primaryimage","url":"https:\/\/proyectum.com\/pe\/wp-content\/uploads\/2025\/05\/726.jpg","contentUrl":"https:\/\/proyectum.com\/pe\/wp-content\/uploads\/2025\/05\/726.jpg","width":1500,"height":932},{"@type":"BreadcrumbList","@id":"https:\/\/proyectum.com\/pe\/resolucion-de-problemas-un-enfoque-sistemico-para-liderar-con-eficacia\/#breadcrumb","itemListElement":[{"@type":"ListItem","position":1,"name":"Home","item":"https:\/\/proyectum.com\/pe\/"},{"@type":"ListItem","position":2,"name":"Resoluci\u00f3n de Problemas: Un Enfoque Sist\u00e9mico para Liderar con Eficacia"}]},{"@type":"WebSite","@id":"https:\/\/proyectum.com\/pe\/#website","url":"https:\/\/proyectum.com\/pe\/","name":"Proyectum Per\u00fa","description":"Direcci\u00f3n de Proyectos y Metodolog\u00edas \u00c1giles","publisher":{"@id":"https:\/\/proyectum.com\/pe\/#organization"},"potentialAction":[{"@type":"SearchAction","target":{"@type":"EntryPoint","urlTemplate":"https:\/\/proyectum.com\/pe\/?s={search_term_string}"},"query-input":{"@type":"PropertyValueSpecification","valueRequired":true,"valueName":"search_term_string"}}],"inLanguage":"es"},{"@type":"Organization","@id":"https:\/\/proyectum.com\/pe\/#organization","name":"Proyectum Per\u00fa","url":"https:\/\/proyectum.com\/pe\/","logo":{"@type":"ImageObject","inLanguage":"es","@id":"https:\/\/proyectum.com\/pe\/#\/schema\/logo\/image\/","url":"https:\/\/proyectum.com\/pe\/wp-content\/uploads\/2020\/04\/proyectum-logo-snippet.png","contentUrl":"https:\/\/proyectum.com\/pe\/wp-content\/uploads\/2020\/04\/proyectum-logo-snippet.png","width":600,"height":315,"caption":"Proyectum Per\u00fa"},"image":{"@id":"https:\/\/proyectum.com\/pe\/#\/schema\/logo\/image\/"},"sameAs":["https:\/\/www.facebook.com\/proyectum.pe\/","https:\/\/www.instagram.com\/proyectum.pe\/","https:\/\/www.linkedin.com\/company\/proyectumperu\/","https:\/\/www.youtube.com\/@proyectum2283\/videos"]},{"@type":"Person","@id":"https:\/\/proyectum.com\/pe\/#\/schema\/person\/6e3e4bdde133cfa03a51dd6ec5b0f39c","name":"Jorge","image":{"@type":"ImageObject","inLanguage":"es","@id":"https:\/\/proyectum.com\/pe\/#\/schema\/person\/image\/","url":"https:\/\/secure.gravatar.com\/avatar\/455c61bb0fa25db9d2e71243327909c4?s=96&d=mm&r=g","contentUrl":"https:\/\/secure.gravatar.com\/avatar\/455c61bb0fa25db9d2e71243327909c4?s=96&d=mm&r=g","caption":"Jorge"}}]}},"_links":{"self":[{"href":"https:\/\/proyectum.com\/pe\/wp-json\/wp\/v2\/posts\/11202","targetHints":{"allow":["GET"]}}],"collection":[{"href":"https:\/\/proyectum.com\/pe\/wp-json\/wp\/v2\/posts"}],"about":[{"href":"https:\/\/proyectum.com\/pe\/wp-json\/wp\/v2\/types\/post"}],"author":[{"embeddable":true,"href":"https:\/\/proyectum.com\/pe\/wp-json\/wp\/v2\/users\/29"}],"replies":[{"embeddable":true,"href":"https:\/\/proyectum.com\/pe\/wp-json\/wp\/v2\/comments?post=11202"}],"version-history":[{"count":0,"href":"https:\/\/proyectum.com\/pe\/wp-json\/wp\/v2\/posts\/11202\/revisions"}],"wp:featuredmedia":[{"embeddable":true,"href":"https:\/\/proyectum.com\/pe\/wp-json\/wp\/v2\/media\/11207"}],"wp:attachment":[{"href":"https:\/\/proyectum.com\/pe\/wp-json\/wp\/v2\/media?parent=11202"}],"wp:term":[{"taxonomy":"category","embeddable":true,"href":"https:\/\/proyectum.com\/pe\/wp-json\/wp\/v2\/categories?post=11202"},{"taxonomy":"post_tag","embeddable":true,"href":"https:\/\/proyectum.com\/pe\/wp-json\/wp\/v2\/tags?post=11202"}],"curies":[{"name":"wp","href":"https:\/\/api.w.org\/{rel}","templated":true}]}}