{"id":11205,"date":"2025-06-03T13:48:35","date_gmt":"2025-06-03T16:48:35","guid":{"rendered":"https:\/\/proyectum.com\/sistema\/?p=10965"},"modified":"2025-06-03T13:48:35","modified_gmt":"2025-06-03T16:48:35","slug":"como-es-adentro-es-afuera-la-cultura-como-ventaja-sostenible-en-tiempos-de-cambio","status":"publish","type":"post","link":"https:\/\/proyectum.com\/pe\/como-es-adentro-es-afuera-la-cultura-como-ventaja-sostenible-en-tiempos-de-cambio\/","title":{"rendered":"Como es adentro, es afuera:  La cultura como ventaja sostenible en tiempos de cambio"},"content":{"rendered":"<p style=\"text-align: right;\">Curado por: Jorge Vald\u00e9s Garciatorres, MDO, PMP y<\/p>\n<p style=\"text-align: right;\">Alejandro Paredes Trapero, PhD, PMP<\/p>\n<p style=\"text-align: right;\">\n<p style=\"text-align: right;\"><em>\u201cLa verdadera ventaja competitiva sostenible\u00a0es desarrollar la capacidad de aprender m\u00e1s r\u00e1pido<\/em><\/p>\n<p style=\"text-align: right;\"><em>que tu competencia\u201d<\/em><\/p>\n<p style=\"text-align: right;\"><em>Peter Senge<\/em><\/p>\n<p>&nbsp;<\/p>\n<p>&nbsp;<\/p>\n<p>Vivimos tiempos extraordinarios. Tiempos en los que el cambio ya no es la excepci\u00f3n, sino la regla. Las organizaciones enfrentan hoy un escenario marcado por la disrupci\u00f3n, la agilidad, la no linealidad, la complejidad y lo exponencial. En lugar de describir esta realidad \u00fanicamente como un entorno VUCA, Bob Johansen (2017) propone una evoluci\u00f3n conceptual llamada <strong>DANCE<\/strong><a href=\"#_ftn1\" name=\"_ftnref1\">[1]<\/a><strong>:<\/strong> Diversidad (Diversity), Ambig\u00fcedad (Ambiguity), Novedad (Novelty), Complejidad (Complexity) y Evoluci\u00f3n (Evolution). Este marco ayuda a comprender que el cambio ya no es epis\u00f3dico, sino constante, y que los l\u00edderes ya no deben tratar de controlar el caos, sino aprender a moverse con \u00e9l, como en una danza. En este contexto, muchas de las estrategias tradicionales sobre c\u00f3mo competir y perdurar han dejado de ser efectivas.<\/p>\n<p><strong>Comencemos por el principio<\/strong><\/p>\n<p>Richard D\u2019Aveni plantea algo provocador: en los mercados actuales, las ventajas competitivas son fugaces. No hay forma de construir una posici\u00f3n estable a largo plazo. Apenas una empresa innova, sus competidores la alcanzan o la superan. La \u00fanica ventaja real es la capacidad de generar nuevas ventajas, una tras otra, con rapidez, inteligencia y determinaci\u00f3n. Es como bailar \u201cdance\u201d en un escenario que cambia de forma cada segundo. En este din\u00e1mico entorno de baile, quien se queda quieto pierde. Sin embargo, este planteamiento parecer\u00eda contradecir la visi\u00f3n de Collins y Porras, quienes estudiaron a empresas que han trascendido por d\u00e9cadas, incluso por siglos. \u00bfC\u00f3mo lo lograron? Ellos identificaron un patr\u00f3n com\u00fan: todas estas organizaciones que hab\u00edan trascendido la prueba del tiempo, ten\u00edan un n\u00facleo fuerte, una ideolog\u00eda central compuesta por valores firmes y un prop\u00f3sito que iba m\u00e1s all\u00e1 de la rentabilidad. No se trataba de empresas perfectas, sino de empresas profundamente comprometidas con su raz\u00f3n de ser. Y eso les daba una br\u00fajula interna para adaptarse sin perder su identidad. S\u00f3lo para el registro, de las 18 organizaciones estudiadas por Collins y Porras, 10 a\u00fan mantenienen el liderazgo de su segmento o industria, 6 mantienen un liderazgo parcial, 1 ha perdido esa posici\u00f3n y otra perdi\u00f3 el rumbo. Es decir los principios destilados en el libro de estos dos gur\u00fas tiene una validez del 89% con una certeza del 55%. \u00bfAcaso los veteranos gur\u00fas Collins y Porras ten\u00edan raz\u00f3n? Se podr\u00eda argumentar que \u201c<em>Built to Last\u201d<\/em> no predijo el futuro, pero s\u00ed proporcion\u00f3 una br\u00fajula confiable para navegarlo.<\/p>\n<p>\u00bfY entonces? \u00bfDebemos adaptarnos sin cesar o mantenernos fieles a lo que somos? \u00bfEs posible hacer ambas cosas a la vez?<\/p>\n<p>Simon Sinek ofrece una respuesta muy enriquecedora. En su libro \u00abEl juego infinito\u00bb, nos invita a cambiar nuestra forma de ver los negocios. Se\u00f1ala que muchas veces jugamos como si el objetivo fuera ganar, derrotar al otro, llegar primero. Pero los negocios \u2014y la vida misma\u2014 no funcionan as\u00ed. No hay un punto final. El verdadero desaf\u00edo es permanecer en juego, aportar valor, inspirar, construir algo que merezca la pena ser sostenido. Por lo tanto, la pregunta ya no es solo c\u00f3mo ganamos hoy, sino: \u00bfcu\u00e1l es nuestro prop\u00f3sito? \u00bfQu\u00e9 causa justa nos mueve? \u00bfC\u00f3mo construimos equipos que conf\u00eden entre s\u00ed y se atrevan a cambiar juntos?<\/p>\n<p>Regresemos \u00a0al mundo DANCE. En este entorno, las viejas recetas no alcanzan. Las ventajas tradicionales se erosionan. Lo que ayer te diferenciaba, hoy es est\u00e1ndar. Lo que hoy te destaca, ma\u00f1ana ser\u00e1 imitado. Lo que permanece es la capacidad de adaptarte con prop\u00f3sito, de moverte sin perderte, de evolucionar sin dejar de ser t\u00fa.<\/p>\n<p>Esto requiere construir una cultura muy especial, una cultura que combine lo mejor de cada uno de estos tres enfoques. Una cultura que:<\/p>\n<ul>\n<li>Reconozca su identidad y por qu\u00e9 existe. Que tenga claridad en sus valores, como sugieren \u00a0Collins y Porras.<\/li>\n<li>Posea la energ\u00eda para moverse r\u00e1pido, asumir riesgos y experimentar sin temor, como propone D\u2019Aveni.<\/li>\n<li>Y que juegue con una visi\u00f3n a largo plazo, no para derrotar a otros, sino para dejar huella, como nos invita Sinek.<\/li>\n<\/ul>\n<p>\u00bfDif\u00edcil? S\u00ed. \u00bfImposible? En absoluto. Numerosas \u00a0organizaciones ya lo est\u00e1n logrando. Lo consiguen siendo ambidiestras: explorando lo nuevo mientras aprovechan al m\u00e1ximo lo que ya funciona. Lo logran fomentando la colaboraci\u00f3n, la escucha activa, y el aprendizaje continuo. Lo logran cuando sus l\u00edderes no solo gestionan, sino que inspiran.<\/p>\n<p>En esencia, no se trata de elegir entre competir o trascender, sino de competir para trascender. De jugar con astucia, con sensibilidad, con sentido.<\/p>\n<p>Porque en un mundo donde todo cambia, las organizaciones que perduran son aquellas que saben evolucionar con prop\u00f3sito. Que no se aferran al pasado, pero tampoco se pierden en la urgencia del presente. Comprenden que su mayor ventaja sostenible no est\u00e1 en sus productos, ni siquiera en su tecnolog\u00eda, sino en su gente, en su cultura, en su capacidad de reinventarse desde lo que las hace \u00fanicas.<\/p>\n<p>Cuando esto se logra, no solo permite competir, tambi\u00e9n \u00a0inspirar y dejar un legado.<\/p>\n<p><strong>Referencias:<\/strong><\/p>\n<ul>\n<li>Johansen, B. (2017). <em>The new leadership literacies: Thriving in a future of extreme disruption and distributed everything<\/em>. Berrett-Koehler Publishers.<\/li>\n<li>Collins, J., &amp; Porras, J. I. (1994). <em>Built to Last: Successful Habits of Visionary Companies<\/em>. HarperBusiness.<\/li>\n<li>D\u2019Aveni, R. A. (1994). <em>Hypercompetition: Managing the Dynamics of Strategic Maneuvering<\/em>. Free Press.<\/li>\n<li>Sinek, S. (2019). <em>The Infinite Game<\/em>. Portfolio\/Penguin.<\/li>\n<li>O\u2019Reilly, C. A., &amp; Tushman, M. L. (2013). Organizational Ambidexterity: Past, Present and Future. <em>Academy of Management Perspectives<\/em>, 27(4), 324\u2013338. https:\/\/doi.org\/10.5465\/amp.2013.0025<\/li>\n<\/ul>\n<p>&nbsp;<\/p>\n<p><a href=\"#_ftnref1\" name=\"_ftn1\">[1]<\/a> Si bien en algunos contextos acad\u00e9micos o pr\u00e1cticos se pueden encontrar variaciones en la interpretaci\u00f3n de las siglas DANCE, como \u00abNo linealidad\u00bb para la \u00abN\u00bb o \u00abEmergencia\u00bb para la \u00abE\u00bb, es importante se\u00f1alar que en la obra de Johansen, las definiciones espec\u00edficas son las mencionadas anteriormente.<\/p>\n","protected":false},"excerpt":{"rendered":"<p>Curado por: Jorge Vald\u00e9s Garciatorres, MDO, PMP y Alejandro Paredes Trapero, PhD, PMP \u201cLa verdadera ventaja competitiva sostenible\u00a0es desarrollar la capacidad de aprender m\u00e1s r\u00e1pido que tu competencia\u201d Peter Senge &nbsp; &nbsp; Vivimos tiempos extraordinarios. Tiempos en los que el cambio ya no es la excepci\u00f3n, sino la regla. Las organizaciones enfrentan hoy un escenario [&hellip;]<\/p>\n","protected":false},"author":29,"featured_media":11208,"comment_status":"closed","ping_status":"closed","sticky":false,"template":"","format":"standard","meta":{"_acf_changed":false,"footnotes":""},"categories":[572],"tags":[1685,1688,802,1689,1690,1691,1692,1693,1666],"class_list":["post-11205","post","type-post","status-publish","format-standard","has-post-thumbnail","hentry","category-transformacion-y-cambio","tag-adaptabilidad","tag-cambios","tag-dance","tag-desafio","tag-metas","tag-objetivos","tag-organizciones","tag-propositos","tag-riesgos"],"acf":[],"yoast_head":"<!-- This site is optimized with the Yoast SEO plugin v24.4 - https:\/\/yoast.com\/wordpress\/plugins\/seo\/ -->\n<title>Como es adentro, es afuera: La cultura como ventaja sostenible en tiempos de cambio - Proyectum Per\u00fa<\/title>\n<meta name=\"robots\" content=\"index, follow, max-snippet:-1, max-image-preview:large, max-video-preview:-1\" \/>\n<link rel=\"canonical\" href=\"https:\/\/proyectum.com\/pe\/como-es-adentro-es-afuera-la-cultura-como-ventaja-sostenible-en-tiempos-de-cambio\/\" \/>\n<meta property=\"og:locale\" content=\"es_ES\" \/>\n<meta property=\"og:type\" content=\"article\" \/>\n<meta property=\"og:title\" content=\"Como es adentro, es afuera: La cultura como ventaja sostenible en tiempos de cambio - Proyectum Per\u00fa\" \/>\n<meta property=\"og:description\" content=\"Curado por: Jorge Vald\u00e9s Garciatorres, MDO, PMP y Alejandro Paredes Trapero, PhD, PMP \u201cLa verdadera ventaja competitiva sostenible\u00a0es desarrollar la capacidad de aprender m\u00e1s r\u00e1pido que tu competencia\u201d Peter Senge &nbsp; &nbsp; Vivimos tiempos extraordinarios. Tiempos en los que el cambio ya no es la excepci\u00f3n, sino la regla. Las organizaciones enfrentan hoy un escenario [&hellip;]\" \/>\n<meta property=\"og:url\" content=\"https:\/\/proyectum.com\/pe\/como-es-adentro-es-afuera-la-cultura-como-ventaja-sostenible-en-tiempos-de-cambio\/\" \/>\n<meta property=\"og:site_name\" content=\"Proyectum Per\u00fa\" \/>\n<meta property=\"article:publisher\" content=\"https:\/\/www.facebook.com\/proyectum.pe\/\" \/>\n<meta property=\"article:published_time\" content=\"2025-06-03T16:48:35+00:00\" \/>\n<meta property=\"og:image\" content=\"https:\/\/proyectum.com\/pe\/wp-content\/uploads\/2025\/06\/achieve-1822503_1280.jpg\" \/>\n\t<meta property=\"og:image:width\" content=\"1280\" \/>\n\t<meta property=\"og:image:height\" content=\"832\" \/>\n\t<meta property=\"og:image:type\" content=\"image\/jpeg\" \/>\n<meta name=\"author\" content=\"Jorge\" \/>\n<meta name=\"twitter:card\" content=\"summary_large_image\" \/>\n<meta name=\"twitter:label1\" content=\"Escrito por\" \/>\n\t<meta name=\"twitter:data1\" content=\"Jorge\" \/>\n\t<meta name=\"twitter:label2\" content=\"Tiempo de lectura\" \/>\n\t<meta name=\"twitter:data2\" content=\"5 minutos\" \/>\n<script type=\"application\/ld+json\" class=\"yoast-schema-graph\">{\"@context\":\"https:\/\/schema.org\",\"@graph\":[{\"@type\":\"Article\",\"@id\":\"https:\/\/proyectum.com\/pe\/como-es-adentro-es-afuera-la-cultura-como-ventaja-sostenible-en-tiempos-de-cambio\/#article\",\"isPartOf\":{\"@id\":\"https:\/\/proyectum.com\/pe\/como-es-adentro-es-afuera-la-cultura-como-ventaja-sostenible-en-tiempos-de-cambio\/\"},\"author\":{\"name\":\"Jorge\",\"@id\":\"https:\/\/proyectum.com\/pe\/#\/schema\/person\/6e3e4bdde133cfa03a51dd6ec5b0f39c\"},\"headline\":\"Como es adentro, es afuera: La cultura como ventaja sostenible en tiempos de cambio\",\"datePublished\":\"2025-06-03T16:48:35+00:00\",\"mainEntityOfPage\":{\"@id\":\"https:\/\/proyectum.com\/pe\/como-es-adentro-es-afuera-la-cultura-como-ventaja-sostenible-en-tiempos-de-cambio\/\"},\"wordCount\":1027,\"publisher\":{\"@id\":\"https:\/\/proyectum.com\/pe\/#organization\"},\"image\":{\"@id\":\"https:\/\/proyectum.com\/pe\/como-es-adentro-es-afuera-la-cultura-como-ventaja-sostenible-en-tiempos-de-cambio\/#primaryimage\"},\"thumbnailUrl\":\"https:\/\/proyectum.com\/pe\/wp-content\/uploads\/2025\/06\/achieve-1822503_1280.jpg\",\"keywords\":[\"Adaptabilidad\",\"Cambios\",\"DANCE\",\"Desafio\",\"Metas\",\"Objetivos\",\"Organizciones\",\"prop\u00f3sitos\",\"Riesgos\"],\"articleSection\":[\"Transformaci\u00f3n y cambio\"],\"inLanguage\":\"es\"},{\"@type\":\"WebPage\",\"@id\":\"https:\/\/proyectum.com\/pe\/como-es-adentro-es-afuera-la-cultura-como-ventaja-sostenible-en-tiempos-de-cambio\/\",\"url\":\"https:\/\/proyectum.com\/pe\/como-es-adentro-es-afuera-la-cultura-como-ventaja-sostenible-en-tiempos-de-cambio\/\",\"name\":\"Como es adentro, es afuera: La cultura como ventaja sostenible en tiempos de cambio - Proyectum Per\u00fa\",\"isPartOf\":{\"@id\":\"https:\/\/proyectum.com\/pe\/#website\"},\"primaryImageOfPage\":{\"@id\":\"https:\/\/proyectum.com\/pe\/como-es-adentro-es-afuera-la-cultura-como-ventaja-sostenible-en-tiempos-de-cambio\/#primaryimage\"},\"image\":{\"@id\":\"https:\/\/proyectum.com\/pe\/como-es-adentro-es-afuera-la-cultura-como-ventaja-sostenible-en-tiempos-de-cambio\/#primaryimage\"},\"thumbnailUrl\":\"https:\/\/proyectum.com\/pe\/wp-content\/uploads\/2025\/06\/achieve-1822503_1280.jpg\",\"datePublished\":\"2025-06-03T16:48:35+00:00\",\"breadcrumb\":{\"@id\":\"https:\/\/proyectum.com\/pe\/como-es-adentro-es-afuera-la-cultura-como-ventaja-sostenible-en-tiempos-de-cambio\/#breadcrumb\"},\"inLanguage\":\"es\",\"potentialAction\":[{\"@type\":\"ReadAction\",\"target\":[\"https:\/\/proyectum.com\/pe\/como-es-adentro-es-afuera-la-cultura-como-ventaja-sostenible-en-tiempos-de-cambio\/\"]}]},{\"@type\":\"ImageObject\",\"inLanguage\":\"es\",\"@id\":\"https:\/\/proyectum.com\/pe\/como-es-adentro-es-afuera-la-cultura-como-ventaja-sostenible-en-tiempos-de-cambio\/#primaryimage\",\"url\":\"https:\/\/proyectum.com\/pe\/wp-content\/uploads\/2025\/06\/achieve-1822503_1280.jpg\",\"contentUrl\":\"https:\/\/proyectum.com\/pe\/wp-content\/uploads\/2025\/06\/achieve-1822503_1280.jpg\",\"width\":1280,\"height\":832},{\"@type\":\"BreadcrumbList\",\"@id\":\"https:\/\/proyectum.com\/pe\/como-es-adentro-es-afuera-la-cultura-como-ventaja-sostenible-en-tiempos-de-cambio\/#breadcrumb\",\"itemListElement\":[{\"@type\":\"ListItem\",\"position\":1,\"name\":\"Home\",\"item\":\"https:\/\/proyectum.com\/pe\/\"},{\"@type\":\"ListItem\",\"position\":2,\"name\":\"Como es adentro, es afuera: La cultura como ventaja sostenible en tiempos de cambio\"}]},{\"@type\":\"WebSite\",\"@id\":\"https:\/\/proyectum.com\/pe\/#website\",\"url\":\"https:\/\/proyectum.com\/pe\/\",\"name\":\"Proyectum Per\u00fa\",\"description\":\"Direcci\u00f3n de Proyectos y Metodolog\u00edas \u00c1giles\",\"publisher\":{\"@id\":\"https:\/\/proyectum.com\/pe\/#organization\"},\"potentialAction\":[{\"@type\":\"SearchAction\",\"target\":{\"@type\":\"EntryPoint\",\"urlTemplate\":\"https:\/\/proyectum.com\/pe\/?s={search_term_string}\"},\"query-input\":{\"@type\":\"PropertyValueSpecification\",\"valueRequired\":true,\"valueName\":\"search_term_string\"}}],\"inLanguage\":\"es\"},{\"@type\":\"Organization\",\"@id\":\"https:\/\/proyectum.com\/pe\/#organization\",\"name\":\"Proyectum Per\u00fa\",\"url\":\"https:\/\/proyectum.com\/pe\/\",\"logo\":{\"@type\":\"ImageObject\",\"inLanguage\":\"es\",\"@id\":\"https:\/\/proyectum.com\/pe\/#\/schema\/logo\/image\/\",\"url\":\"https:\/\/proyectum.com\/pe\/wp-content\/uploads\/2020\/04\/proyectum-logo-snippet.png\",\"contentUrl\":\"https:\/\/proyectum.com\/pe\/wp-content\/uploads\/2020\/04\/proyectum-logo-snippet.png\",\"width\":600,\"height\":315,\"caption\":\"Proyectum Per\u00fa\"},\"image\":{\"@id\":\"https:\/\/proyectum.com\/pe\/#\/schema\/logo\/image\/\"},\"sameAs\":[\"https:\/\/www.facebook.com\/proyectum.pe\/\",\"https:\/\/www.instagram.com\/proyectum.pe\/\",\"https:\/\/www.linkedin.com\/company\/proyectumperu\/\",\"https:\/\/www.youtube.com\/@proyectum2283\/videos\"]},{\"@type\":\"Person\",\"@id\":\"https:\/\/proyectum.com\/pe\/#\/schema\/person\/6e3e4bdde133cfa03a51dd6ec5b0f39c\",\"name\":\"Jorge\",\"image\":{\"@type\":\"ImageObject\",\"inLanguage\":\"es\",\"@id\":\"https:\/\/proyectum.com\/pe\/#\/schema\/person\/image\/\",\"url\":\"https:\/\/secure.gravatar.com\/avatar\/455c61bb0fa25db9d2e71243327909c4?s=96&d=mm&r=g\",\"contentUrl\":\"https:\/\/secure.gravatar.com\/avatar\/455c61bb0fa25db9d2e71243327909c4?s=96&d=mm&r=g\",\"caption\":\"Jorge\"}}]}<\/script>\n<!-- \/ Yoast SEO plugin. -->","yoast_head_json":{"title":"Como es adentro, es afuera: La cultura como ventaja sostenible en tiempos de cambio - Proyectum Per\u00fa","robots":{"index":"index","follow":"follow","max-snippet":"max-snippet:-1","max-image-preview":"max-image-preview:large","max-video-preview":"max-video-preview:-1"},"canonical":"https:\/\/proyectum.com\/pe\/como-es-adentro-es-afuera-la-cultura-como-ventaja-sostenible-en-tiempos-de-cambio\/","og_locale":"es_ES","og_type":"article","og_title":"Como es adentro, es afuera: La cultura como ventaja sostenible en tiempos de cambio - Proyectum Per\u00fa","og_description":"Curado por: Jorge Vald\u00e9s Garciatorres, MDO, PMP y Alejandro Paredes Trapero, PhD, PMP \u201cLa verdadera ventaja competitiva sostenible\u00a0es desarrollar la capacidad de aprender m\u00e1s r\u00e1pido que tu competencia\u201d Peter Senge &nbsp; &nbsp; Vivimos tiempos extraordinarios. Tiempos en los que el cambio ya no es la excepci\u00f3n, sino la regla. Las organizaciones enfrentan hoy un escenario [&hellip;]","og_url":"https:\/\/proyectum.com\/pe\/como-es-adentro-es-afuera-la-cultura-como-ventaja-sostenible-en-tiempos-de-cambio\/","og_site_name":"Proyectum Per\u00fa","article_publisher":"https:\/\/www.facebook.com\/proyectum.pe\/","article_published_time":"2025-06-03T16:48:35+00:00","og_image":[{"width":1280,"height":832,"url":"https:\/\/proyectum.com\/pe\/wp-content\/uploads\/2025\/06\/achieve-1822503_1280.jpg","type":"image\/jpeg"}],"author":"Jorge","twitter_card":"summary_large_image","twitter_misc":{"Escrito por":"Jorge","Tiempo de lectura":"5 minutos"},"schema":{"@context":"https:\/\/schema.org","@graph":[{"@type":"Article","@id":"https:\/\/proyectum.com\/pe\/como-es-adentro-es-afuera-la-cultura-como-ventaja-sostenible-en-tiempos-de-cambio\/#article","isPartOf":{"@id":"https:\/\/proyectum.com\/pe\/como-es-adentro-es-afuera-la-cultura-como-ventaja-sostenible-en-tiempos-de-cambio\/"},"author":{"name":"Jorge","@id":"https:\/\/proyectum.com\/pe\/#\/schema\/person\/6e3e4bdde133cfa03a51dd6ec5b0f39c"},"headline":"Como es adentro, es afuera: La cultura como ventaja sostenible en tiempos de cambio","datePublished":"2025-06-03T16:48:35+00:00","mainEntityOfPage":{"@id":"https:\/\/proyectum.com\/pe\/como-es-adentro-es-afuera-la-cultura-como-ventaja-sostenible-en-tiempos-de-cambio\/"},"wordCount":1027,"publisher":{"@id":"https:\/\/proyectum.com\/pe\/#organization"},"image":{"@id":"https:\/\/proyectum.com\/pe\/como-es-adentro-es-afuera-la-cultura-como-ventaja-sostenible-en-tiempos-de-cambio\/#primaryimage"},"thumbnailUrl":"https:\/\/proyectum.com\/pe\/wp-content\/uploads\/2025\/06\/achieve-1822503_1280.jpg","keywords":["Adaptabilidad","Cambios","DANCE","Desafio","Metas","Objetivos","Organizciones","prop\u00f3sitos","Riesgos"],"articleSection":["Transformaci\u00f3n y cambio"],"inLanguage":"es"},{"@type":"WebPage","@id":"https:\/\/proyectum.com\/pe\/como-es-adentro-es-afuera-la-cultura-como-ventaja-sostenible-en-tiempos-de-cambio\/","url":"https:\/\/proyectum.com\/pe\/como-es-adentro-es-afuera-la-cultura-como-ventaja-sostenible-en-tiempos-de-cambio\/","name":"Como es adentro, es afuera: La cultura como ventaja sostenible en tiempos de cambio - Proyectum Per\u00fa","isPartOf":{"@id":"https:\/\/proyectum.com\/pe\/#website"},"primaryImageOfPage":{"@id":"https:\/\/proyectum.com\/pe\/como-es-adentro-es-afuera-la-cultura-como-ventaja-sostenible-en-tiempos-de-cambio\/#primaryimage"},"image":{"@id":"https:\/\/proyectum.com\/pe\/como-es-adentro-es-afuera-la-cultura-como-ventaja-sostenible-en-tiempos-de-cambio\/#primaryimage"},"thumbnailUrl":"https:\/\/proyectum.com\/pe\/wp-content\/uploads\/2025\/06\/achieve-1822503_1280.jpg","datePublished":"2025-06-03T16:48:35+00:00","breadcrumb":{"@id":"https:\/\/proyectum.com\/pe\/como-es-adentro-es-afuera-la-cultura-como-ventaja-sostenible-en-tiempos-de-cambio\/#breadcrumb"},"inLanguage":"es","potentialAction":[{"@type":"ReadAction","target":["https:\/\/proyectum.com\/pe\/como-es-adentro-es-afuera-la-cultura-como-ventaja-sostenible-en-tiempos-de-cambio\/"]}]},{"@type":"ImageObject","inLanguage":"es","@id":"https:\/\/proyectum.com\/pe\/como-es-adentro-es-afuera-la-cultura-como-ventaja-sostenible-en-tiempos-de-cambio\/#primaryimage","url":"https:\/\/proyectum.com\/pe\/wp-content\/uploads\/2025\/06\/achieve-1822503_1280.jpg","contentUrl":"https:\/\/proyectum.com\/pe\/wp-content\/uploads\/2025\/06\/achieve-1822503_1280.jpg","width":1280,"height":832},{"@type":"BreadcrumbList","@id":"https:\/\/proyectum.com\/pe\/como-es-adentro-es-afuera-la-cultura-como-ventaja-sostenible-en-tiempos-de-cambio\/#breadcrumb","itemListElement":[{"@type":"ListItem","position":1,"name":"Home","item":"https:\/\/proyectum.com\/pe\/"},{"@type":"ListItem","position":2,"name":"Como es adentro, es afuera: La cultura como ventaja sostenible en tiempos de cambio"}]},{"@type":"WebSite","@id":"https:\/\/proyectum.com\/pe\/#website","url":"https:\/\/proyectum.com\/pe\/","name":"Proyectum Per\u00fa","description":"Direcci\u00f3n de Proyectos y Metodolog\u00edas \u00c1giles","publisher":{"@id":"https:\/\/proyectum.com\/pe\/#organization"},"potentialAction":[{"@type":"SearchAction","target":{"@type":"EntryPoint","urlTemplate":"https:\/\/proyectum.com\/pe\/?s={search_term_string}"},"query-input":{"@type":"PropertyValueSpecification","valueRequired":true,"valueName":"search_term_string"}}],"inLanguage":"es"},{"@type":"Organization","@id":"https:\/\/proyectum.com\/pe\/#organization","name":"Proyectum Per\u00fa","url":"https:\/\/proyectum.com\/pe\/","logo":{"@type":"ImageObject","inLanguage":"es","@id":"https:\/\/proyectum.com\/pe\/#\/schema\/logo\/image\/","url":"https:\/\/proyectum.com\/pe\/wp-content\/uploads\/2020\/04\/proyectum-logo-snippet.png","contentUrl":"https:\/\/proyectum.com\/pe\/wp-content\/uploads\/2020\/04\/proyectum-logo-snippet.png","width":600,"height":315,"caption":"Proyectum Per\u00fa"},"image":{"@id":"https:\/\/proyectum.com\/pe\/#\/schema\/logo\/image\/"},"sameAs":["https:\/\/www.facebook.com\/proyectum.pe\/","https:\/\/www.instagram.com\/proyectum.pe\/","https:\/\/www.linkedin.com\/company\/proyectumperu\/","https:\/\/www.youtube.com\/@proyectum2283\/videos"]},{"@type":"Person","@id":"https:\/\/proyectum.com\/pe\/#\/schema\/person\/6e3e4bdde133cfa03a51dd6ec5b0f39c","name":"Jorge","image":{"@type":"ImageObject","inLanguage":"es","@id":"https:\/\/proyectum.com\/pe\/#\/schema\/person\/image\/","url":"https:\/\/secure.gravatar.com\/avatar\/455c61bb0fa25db9d2e71243327909c4?s=96&d=mm&r=g","contentUrl":"https:\/\/secure.gravatar.com\/avatar\/455c61bb0fa25db9d2e71243327909c4?s=96&d=mm&r=g","caption":"Jorge"}}]}},"_links":{"self":[{"href":"https:\/\/proyectum.com\/pe\/wp-json\/wp\/v2\/posts\/11205","targetHints":{"allow":["GET"]}}],"collection":[{"href":"https:\/\/proyectum.com\/pe\/wp-json\/wp\/v2\/posts"}],"about":[{"href":"https:\/\/proyectum.com\/pe\/wp-json\/wp\/v2\/types\/post"}],"author":[{"embeddable":true,"href":"https:\/\/proyectum.com\/pe\/wp-json\/wp\/v2\/users\/29"}],"replies":[{"embeddable":true,"href":"https:\/\/proyectum.com\/pe\/wp-json\/wp\/v2\/comments?post=11205"}],"version-history":[{"count":0,"href":"https:\/\/proyectum.com\/pe\/wp-json\/wp\/v2\/posts\/11205\/revisions"}],"wp:featuredmedia":[{"embeddable":true,"href":"https:\/\/proyectum.com\/pe\/wp-json\/wp\/v2\/media\/11208"}],"wp:attachment":[{"href":"https:\/\/proyectum.com\/pe\/wp-json\/wp\/v2\/media?parent=11205"}],"wp:term":[{"taxonomy":"category","embeddable":true,"href":"https:\/\/proyectum.com\/pe\/wp-json\/wp\/v2\/categories?post=11205"},{"taxonomy":"post_tag","embeddable":true,"href":"https:\/\/proyectum.com\/pe\/wp-json\/wp\/v2\/tags?post=11205"}],"curies":[{"name":"wp","href":"https:\/\/api.w.org\/{rel}","templated":true}]}}