{"id":11206,"date":"2025-06-30T16:04:17","date_gmt":"2025-06-30T19:04:17","guid":{"rendered":"https:\/\/proyectum.com\/sistema\/?p=10987"},"modified":"2025-06-30T16:04:17","modified_gmt":"2025-06-30T19:04:17","slug":"que-hacen-los-lideres-que-no-se-quiebran-en-medio-del-caos-yo-aprendi-esto","status":"publish","type":"post","link":"https:\/\/proyectum.com\/pe\/que-hacen-los-lideres-que-no-se-quiebran-en-medio-del-caos-yo-aprendi-esto\/","title":{"rendered":"\u00bfQu\u00e9 hacen los l\u00edderes que no se quiebran en medio del caos?  Yo aprend\u00ed esto"},"content":{"rendered":"<p><strong>\u00a0<\/strong><\/p>\n<p style=\"text-align: right;\"><strong>Curado por Jorge Vald\u00e9s Garciatorres, MDO, PMP<\/strong><\/p>\n<p style=\"text-align: right;\"><strong>\u00a0<\/strong><\/p>\n<p style=\"text-align: right;\">\u201cEl objetivo del Reset Estrat\u00e9gico no es resolver la disrupci\u00f3n,<\/p>\n<p style=\"text-align: right;\">sino detener la ca\u00edda organizacional y generar un punto de anclaje emocional,<\/p>\n<p style=\"text-align: right;\">narrativo y operativo para el nuevo rumbo.\u201d<\/p>\n<p style=\"text-align: right;\">\u2014 B\u00fchler, 2023,<\/p>\n<p style=\"text-align: right;\"><em>Gu\u00eda para hacer coaching con el <\/em><\/p>\n<p style=\"text-align: right;\"><em>modelo de Reset Estrat\u00e9gico<\/em><\/p>\n<p>&nbsp;<\/p>\n<p>\u00bfTe ha sucedido que, en medio de una crisis o un cambio inesperado, tu equipo comienza a perder energ\u00eda, foco o incluso sentido de direcci\u00f3n? Piensa en este ejemplo: una empresa de servicios financieros acaba de perder a su principal cliente institucional. La noticia sacude no solo las finanzas, sino tambi\u00e9n la moral del equipo. El CEO guarda silencio, los mandos medios evitan conversaciones dif\u00edciles y, en pocos d\u00edas, la organizaci\u00f3n entra en modo \u00abesperar y ver\u00bb. La inacci\u00f3n se convierte en norma. Es en este tipo de contextos donde descubr\u00ed el poder del Reset Estrat\u00e9gico.<\/p>\n<p>Recientemente particip\u00e9 en el curso Strategic Leadership for Economic Uncertainty, una experiencia profundamente reveladora. El entorno de nuestros d\u00edas puede describrise como DANCE (Disruptivo, Ambiguo, No lineal, Complejo y Emergente), en el curso revisamos y ejercitamos el uso de \u00a0m\u00faltiples herramientas de an\u00e1lisis estrat\u00e9gico. Sin embargo, hubo una que captur\u00f3 por completo mi atenci\u00f3n: el modelo de Reset Estrat\u00e9gico, desarrollado por Erich R. B\u00fchler desde la <em>Enterprise Agility University<\/em>.<\/p>\n<p>\u00bfPor qu\u00e9 me impact\u00f3? Por su elegancia, en el sentido m\u00e1s profundo del t\u00e9rmino: la capacidad de simplificar sin trivializar, de moverse sin rigidez, de ayudar sin controlar. Es un modelo \u00fatil en contextos de alta disrupci\u00f3n, con un enfoque sist\u00e9mico, emocionalmente consciente y escalable.<\/p>\n<p>Un modelo estrat\u00e9gico no puede evaluarse \u00fanicamente por su capacidad de inspirar; debe tambi\u00e9n cumplir con ciertas propiedades esenciales que lo hagan s\u00f3lido, \u00fatil y transferible. Estas propiedades son ampliamente reconocidas en la literatura acad\u00e9mica:<\/p>\n<ol>\n<li><strong>Parsimonia<\/strong>: un modelo debe ser lo m\u00e1s simple posible, sin perder capacidad explicativa (Burnham &amp; Anderson, 2002).<\/li>\n<li><strong>Consistencia l\u00f3gica<\/strong>: sus elementos deben estar interrelacionados de manera coherente y sist\u00e9mica (Krogstie, Lindland &amp; Sindre, 2006).<\/li>\n<li><strong>Capacidad explicativa<\/strong>: debe permitir describir, interpretar o predecir fen\u00f3menos organizacionales relevantes (Whetten, 1989).<\/li>\n<li><strong>Falsabilidad<\/strong>: debe ser susceptible de ser probado y, si es necesario, refutado (Popper, 1959).<\/li>\n<\/ol>\n<p>El modelo de Reset Estrat\u00e9gico, m\u00e1s all\u00e1 de su potencia simb\u00f3lica y emocional, cumple con estas propiedades, lo que lo convierte en una herramienta confiable y poderosa para afrontar momentos.<\/p>\n<p>&nbsp;<\/p>\n<p>&nbsp;<\/p>\n<p class=\"wpcf7-contact-form-not-found\"><strong>Error:<\/strong> Formulario de contacto no encontrado.<\/p>\n<p>&nbsp;<\/p>\n<p><strong>\u00bfQu\u00e9 es el Reset Estrat\u00e9gico?<\/strong><\/p>\n<p>El Reset Estrat\u00e9gico es un modelo dise\u00f1ado para aplicar en medio de una crisis o disrupci\u00f3n competitiva. No se trata de un reemplazo a la planeaci\u00f3n estrat\u00e9gica, sino de un paso previo, esencial cuando se ha perdido claridad, energ\u00eda o sentido de direcci\u00f3n.<\/p>\n<p>Seg\u00fan B\u00fchler (2023), el modelo consta de 4 pasos clave:<\/p>\n<p><img fetchpriority=\"high\" decoding=\"async\" class=\"wp-image-11007 aligncenter\" src=\"https:\/\/proyectum.com\/pe\/wp-content\/uploads\/2025\/06\/Captura-de-pantalla-2025-07-01-125238-300x113.png\" alt=\"\" width=\"470\" height=\"177\" \/><\/p>\n<ol>\n<li><strong>Claridad: recuperar lo esencial<\/strong><\/li>\n<\/ol>\n<p><strong>\u00a0<\/strong>Consiste en identificar lo que no puede perderse, incluso en medio del caos. No se trata de todo, sino de aquello que define a la organizaci\u00f3n en su esencia. Esta claridad act\u00faa como ancla emocional y decisional. En nuestro ejemplo, el equipo reconoce que su identidad como firma cercana y presente es irrenunciable.<\/p>\n<p>En nuestro ejemplo, el equipo directivo se re\u00fade para preguntarse: \u201c\u00bfQu\u00e9 parte de nuestra identidad no puede perderse, incluso ahora?\u201d. La respuesta que emerge es contundente: <em>\u201cSomos la firma que acompa\u00f1a a sus clientes con cercan\u00eda, incluso en sus momentos m\u00e1s dif\u00edciles\u201d<\/em>. Esa claridad act\u00faa como ancla emocional y decisional.<\/p>\n<ol start=\"2\">\n<li><strong>Misi\u00f3n temporal: establecer una direcci\u00f3n puente<\/strong><\/li>\n<\/ol>\n<p>Cuando no es posible definir una estrategia completa, este paso propone acordar un objetivo de corto plazo (30 a 60 d\u00edas) que concentre energ\u00edas. En el caso de la firma financiera, la misi\u00f3n temporal es recuperar la confianza de los clientes actuales, con acciones concretas y visibles.<\/p>\n<p>La organizaci\u00f3n formula una misi\u00f3n temporal para los pr\u00f3ximos 45 d\u00edas: <em>\u201cReconstruir la confianza con los clientes actuales y demostrar que seguimos presentes\u201d<\/em>. No es la estrategia definitiva, pero ofrece direcci\u00f3n compartida y enfocada.<\/p>\n<ol start=\"3\">\n<li><strong>Comunicaci\u00f3n: enviar un mensaje sincero y estabilizador<\/strong><\/li>\n<\/ol>\n<p>El silencio del liderazgo genera ansiedad. Este paso busca establecer un mensaje claro, humano y oportuno que estabilice el sistema emocional del equipo. En el ejemplo, el CEO rompe el silencio con un video directo, reconociendo la dificultad y reafirmando el compromiso.<\/p>\n<p>El CEO graba un video corto para todo el equipo. Reconoce el golpe, valida la incertidumbre, y refuerza el mensaje: <em>\u201cEste es un momento para volver a nuestras ra\u00edces, y ustedes no est\u00e1n solos\u201d<\/em>. Este gesto corta el silencio y reinyecta confianza.<\/p>\n<ol start=\"4\">\n<li><strong>Acci\u00f3n simb\u00f3lica: demostrar liderazgo con hechos<\/strong><\/li>\n<\/ol>\n<p>Una acci\u00f3n visible, sencilla pero cargada de significado, demuestra que el liderazgo est\u00e1 en movimiento. Puede ser reestructurar un equipo, visitar clientes, cancelar un producto, o iniciar algo nuevo. En el caso narrado, fue salir al d\u00eda siguiente a visitar clientes prioritarios.<\/p>\n<p>El primer movimiento visible ocurre a la ma\u00f1ana siguiente: el CEO y el equipo comercial salen a visitar personalmente a los 10 principales clientes activos. Esa acci\u00f3n simb\u00f3lica transmite presencia, intenci\u00f3n y decisi\u00f3n.<\/p>\n<p><strong>La realidad de la hipercompetencia<\/strong><\/p>\n<p>Vivimos en una era donde las ventajas competitivas no se sostienen en el tiempo. Las organizaciones compiten por ventanas breves de ventaja, en lo que se ha denominado hipercompetencia (D\u2019Aveni, 1994). Esta din\u00e1mica obliga a actuar con rapidez, legitimidad y presencia, especialmente cuando se detecta que se est\u00e1 perdiendo la iniciativa estrat\u00e9gica.<\/p>\n<p>El Reset Estrat\u00e9gico act\u00faa justo en ese punto de inflexi\u00f3n. No busca resolver la crisis completa, sino detener la ca\u00edda organizacional y preparar el terreno para una nueva narrativa.<\/p>\n<p><strong>Las 4 Arenas: \u00bfD\u00f3nde reconstruir ventaja?<\/strong><\/p>\n<p><img decoding=\"async\" class=\"wp-image-11008 aligncenter\" src=\"https:\/\/proyectum.com\/pe\/wp-content\/uploads\/2025\/06\/Captura-de-pantalla-2025-07-01-125329-300x134.png\" alt=\"\" width=\"454\" height=\"203\" \/><\/p>\n<p>Una vez recuperada la claridad m\u00ednima, el modelo propone elegir una o dos arenas de la hipercompetencia donde enfocar la reconstrucci\u00f3n:<\/p>\n<ul>\n<li>Precio y calidad<\/li>\n<li>Posicionamiento mental<\/li>\n<li>Velocidad y agilidad<\/li>\n<li>Bastiones estrat\u00e9gicos<\/li>\n<\/ul>\n<p>En nuestro ejemplo, el equipo decide enfocarse en posicionamiento mental: reconstruir la marca como sin\u00f3nimo de cercan\u00eda en momentos dif\u00edciles.<\/p>\n<p><strong>Aplicabilidad directa<\/strong><\/p>\n<p>Desde que conoc\u00ed el modelo, lo he comenzado a aplicar en sesiones individuales y talleres estrat\u00e9gicos. Su valor es especialmente alto en contextos como:<\/p>\n<ul>\n<li>Fusiones y adquisiciones<\/li>\n<li>P\u00e9rdida de clientes clave<\/li>\n<li>Crisis de reputaci\u00f3n<\/li>\n<li>Cambios abruptos de entorno<\/li>\n<\/ul>\n<p>Una buena conversaci\u00f3n de Reset puede reconectar a un l\u00edder con su rol, a un equipo con su prop\u00f3sito o a una organizaci\u00f3n con su impulso transformador.<\/p>\n<p><strong>Conclusi\u00f3n<\/strong><\/p>\n<p>No todas las herramientas estrat\u00e9gicas est\u00e1n hechas para el caos. Muchas exigen estabilidad, datos y consensos previos. El Reset Estrat\u00e9gico, en cambio, abraza la incertidumbre, y en ella construye una plataforma de recuperaci\u00f3n y decisi\u00f3n. En tiempos donde lo urgente puede secuestrar lo importante, este enfoque se vuelve una poderosa herramienta para enfrentar los desaf\u00edos y bailar en un entorno DANCE.<\/p>\n<p><strong>Referencias<\/strong><\/p>\n<ul>\n<li>B\u00fchler, E. R. (2023). <em>Gu\u00eda para hacer coaching con el modelo de Reset Estrat\u00e9gico<\/em>. Enterprise Agility University. <a href=\"https:\/\/enterpriseagility.community\/es\/Enterprise\u00b7Agility\/Frameworks\u00b7and\u00b7Models\/Strategy\/strategic-reset\">https:\/\/enterpriseagility.community\/es\/Enterprise\u00b7Agility\/Frameworks\u00b7and\u00b7Models\/Strategy\/strategic-reset<\/a><\/li>\n<li>Burnham, K. P., &amp; Anderson, D. R. (2002). <em>Model selection and multimodel inference: A practical information-theoretic approach<\/em> (2nd ed.). Springer. <a href=\"https:\/\/link.springer.com\/book\/10.1007\/b97636\">https:\/\/link.springer.com\/book\/10.1007\/b97636<\/a><\/li>\n<li>Krogstie, J., Lindland, \u00d8. I., &amp; Sindre, G. (2006). <em>Defining quality aspects for conceptual models<\/em>. In Proceedings of the IFIP8.1 Working Conference on Practice of Enterprise Modelling. Springer. <a href=\"https:\/\/www.omg.org\/certification\/sysml\/MiSE2007-QualityMDE.pdf\">https:\/\/www.omg.org\/certification\/sysml\/MiSE2007-QualityMDE.pdf<\/a><\/li>\n<li>Popper, K. (1959). <em>The Logic of Scientific Discovery<\/em>. Hutchinson. <a href=\"https:\/\/philotextes.info\/spip\/IMG\/pdf\/popper-logic-scientific-discovery.pdf\">https:\/\/philotextes.info\/spip\/IMG\/pdf\/popper-logic-scientific-discovery.pdf<\/a><\/li>\n<li>Whetten, D. A. (1989). What constitutes a theoretical contribution? <em>Academy of Management Review, 14<\/em>(4), 490\u2013495. <a href=\"https:\/\/doi.org\/10.5465\/amr.1989.4308371\">https:\/\/doi.org\/10.5465\/amr.1989.4308371<\/a><\/li>\n<li>Duggal, J. S. (2010). <em>Managing the DANCE: the pursuit of next generation project management approach and tools<\/em>. Paper presented at PMI Global Congress 2010\u2014EMEA, Milan, Italy. <a href=\"https:\/\/www.pmi.org\/learning\/library\/dynamic-contemporary-projects-developing-perspectives-6815\">https:\/\/www.pmi.org\/learning\/library\/dynamic-contemporary-projects-developing-perspectives-6815<\/a><\/li>\n<li>D\u2019Aveni, R. A. (1994). <em>Hypercompetition: Managing the Dynamics of Strategic Maneuvering<\/em>. Free Press.<\/li>\n<li>World Economic Forum. (2020). <em>Digital Transformation: Powering the Great Reset<\/em>. <a href=\"https:\/\/www.weforum.org\/publications\/digital-transformation-powering-the-great-reset\">https:\/\/www.weforum.org\/publications\/digital-transformation-powering-the-great-reset<\/a><\/li>\n<\/ul>\n<p>&nbsp;<\/p>\n<p>&nbsp;<\/p>\n","protected":false},"excerpt":{"rendered":"<p>\u00a0 Curado por Jorge Vald\u00e9s Garciatorres, MDO, PMP \u00a0 \u201cEl objetivo del Reset Estrat\u00e9gico no es resolver la disrupci\u00f3n, sino detener la ca\u00edda organizacional y generar un punto de anclaje emocional, narrativo y operativo para el nuevo rumbo.\u201d \u2014 B\u00fchler, 2023, Gu\u00eda para hacer coaching con el modelo de Reset Estrat\u00e9gico &nbsp; \u00bfTe ha sucedido [&hellip;]<\/p>\n","protected":false},"author":29,"featured_media":10988,"comment_status":"closed","ping_status":"closed","sticky":false,"template":"","format":"standard","meta":{"_acf_changed":false,"footnotes":""},"categories":[370],"tags":[1679,439,223,1694],"class_list":["post-11206","post","type-post","status-publish","format-standard","has-post-thumbnail","hentry","category-liderazgo","tag-equipo-de-trabajo","tag-lider","tag-liderazgo-2","tag-reset-estrategico"],"acf":[],"yoast_head":"<!-- This site is optimized with the Yoast SEO plugin v24.4 - https:\/\/yoast.com\/wordpress\/plugins\/seo\/ -->\n<title>\u00bfQu\u00e9 hacen los l\u00edderes que no se quiebran en medio del caos? Yo aprend\u00ed esto - Proyectum Per\u00fa<\/title>\n<meta name=\"robots\" content=\"index, follow, max-snippet:-1, max-image-preview:large, max-video-preview:-1\" \/>\n<link rel=\"canonical\" href=\"https:\/\/proyectum.com\/pe\/que-hacen-los-lideres-que-no-se-quiebran-en-medio-del-caos-yo-aprendi-esto\/\" \/>\n<meta property=\"og:locale\" content=\"es_ES\" \/>\n<meta property=\"og:type\" content=\"article\" \/>\n<meta property=\"og:title\" content=\"\u00bfQu\u00e9 hacen los l\u00edderes que no se quiebran en medio del caos? Yo aprend\u00ed esto - Proyectum Per\u00fa\" \/>\n<meta property=\"og:description\" content=\"\u00a0 Curado por Jorge Vald\u00e9s Garciatorres, MDO, PMP \u00a0 \u201cEl objetivo del Reset Estrat\u00e9gico no es resolver la disrupci\u00f3n, sino detener la ca\u00edda organizacional y generar un punto de anclaje emocional, narrativo y operativo para el nuevo rumbo.\u201d \u2014 B\u00fchler, 2023, Gu\u00eda para hacer coaching con el modelo de Reset Estrat\u00e9gico &nbsp; \u00bfTe ha sucedido [&hellip;]\" \/>\n<meta property=\"og:url\" content=\"https:\/\/proyectum.com\/pe\/que-hacen-los-lideres-que-no-se-quiebran-en-medio-del-caos-yo-aprendi-esto\/\" \/>\n<meta property=\"og:site_name\" content=\"Proyectum Per\u00fa\" \/>\n<meta property=\"article:publisher\" content=\"https:\/\/www.facebook.com\/proyectum.pe\/\" \/>\n<meta property=\"article:published_time\" content=\"2025-06-30T19:04:17+00:00\" \/>\n<meta property=\"og:image\" content=\"https:\/\/proyectum.com\/pe\/wp-content\/uploads\/2025\/06\/concepto-de-negocio-con-equipo-de-cerca-scaled-1.jpg\" \/>\n\t<meta property=\"og:image:width\" content=\"2560\" \/>\n\t<meta property=\"og:image:height\" content=\"1707\" \/>\n\t<meta property=\"og:image:type\" content=\"image\/jpeg\" \/>\n<meta name=\"author\" content=\"Jorge\" \/>\n<meta name=\"twitter:card\" content=\"summary_large_image\" \/>\n<meta name=\"twitter:label1\" content=\"Escrito por\" \/>\n\t<meta name=\"twitter:data1\" content=\"Jorge\" \/>\n\t<meta name=\"twitter:label2\" content=\"Tiempo de lectura\" \/>\n\t<meta name=\"twitter:data2\" content=\"7 minutos\" \/>\n<script type=\"application\/ld+json\" class=\"yoast-schema-graph\">{\"@context\":\"https:\/\/schema.org\",\"@graph\":[{\"@type\":\"Article\",\"@id\":\"https:\/\/proyectum.com\/pe\/que-hacen-los-lideres-que-no-se-quiebran-en-medio-del-caos-yo-aprendi-esto\/#article\",\"isPartOf\":{\"@id\":\"https:\/\/proyectum.com\/pe\/que-hacen-los-lideres-que-no-se-quiebran-en-medio-del-caos-yo-aprendi-esto\/\"},\"author\":{\"name\":\"Jorge\",\"@id\":\"https:\/\/proyectum.com\/pe\/#\/schema\/person\/6e3e4bdde133cfa03a51dd6ec5b0f39c\"},\"headline\":\"\u00bfQu\u00e9 hacen los l\u00edderes que no se quiebran en medio del caos? Yo aprend\u00ed esto\",\"datePublished\":\"2025-06-30T19:04:17+00:00\",\"mainEntityOfPage\":{\"@id\":\"https:\/\/proyectum.com\/pe\/que-hacen-los-lideres-que-no-se-quiebran-en-medio-del-caos-yo-aprendi-esto\/\"},\"wordCount\":1393,\"publisher\":{\"@id\":\"https:\/\/proyectum.com\/pe\/#organization\"},\"image\":{\"@id\":\"https:\/\/proyectum.com\/pe\/que-hacen-los-lideres-que-no-se-quiebran-en-medio-del-caos-yo-aprendi-esto\/#primaryimage\"},\"thumbnailUrl\":\"https:\/\/proyectum.com\/pe\/wp-content\/uploads\/2025\/06\/concepto-de-negocio-con-equipo-de-cerca-scaled-1.jpg\",\"keywords\":[\"equipo de trabajo\",\"l\u00edder\",\"liderazgo\",\"Reset Estrat\u00e9gico\"],\"articleSection\":[\"Liderazgo\"],\"inLanguage\":\"es\"},{\"@type\":\"WebPage\",\"@id\":\"https:\/\/proyectum.com\/pe\/que-hacen-los-lideres-que-no-se-quiebran-en-medio-del-caos-yo-aprendi-esto\/\",\"url\":\"https:\/\/proyectum.com\/pe\/que-hacen-los-lideres-que-no-se-quiebran-en-medio-del-caos-yo-aprendi-esto\/\",\"name\":\"\u00bfQu\u00e9 hacen los l\u00edderes que no se quiebran en medio del caos? Yo aprend\u00ed esto - Proyectum Per\u00fa\",\"isPartOf\":{\"@id\":\"https:\/\/proyectum.com\/pe\/#website\"},\"primaryImageOfPage\":{\"@id\":\"https:\/\/proyectum.com\/pe\/que-hacen-los-lideres-que-no-se-quiebran-en-medio-del-caos-yo-aprendi-esto\/#primaryimage\"},\"image\":{\"@id\":\"https:\/\/proyectum.com\/pe\/que-hacen-los-lideres-que-no-se-quiebran-en-medio-del-caos-yo-aprendi-esto\/#primaryimage\"},\"thumbnailUrl\":\"https:\/\/proyectum.com\/pe\/wp-content\/uploads\/2025\/06\/concepto-de-negocio-con-equipo-de-cerca-scaled-1.jpg\",\"datePublished\":\"2025-06-30T19:04:17+00:00\",\"breadcrumb\":{\"@id\":\"https:\/\/proyectum.com\/pe\/que-hacen-los-lideres-que-no-se-quiebran-en-medio-del-caos-yo-aprendi-esto\/#breadcrumb\"},\"inLanguage\":\"es\",\"potentialAction\":[{\"@type\":\"ReadAction\",\"target\":[\"https:\/\/proyectum.com\/pe\/que-hacen-los-lideres-que-no-se-quiebran-en-medio-del-caos-yo-aprendi-esto\/\"]}]},{\"@type\":\"ImageObject\",\"inLanguage\":\"es\",\"@id\":\"https:\/\/proyectum.com\/pe\/que-hacen-los-lideres-que-no-se-quiebran-en-medio-del-caos-yo-aprendi-esto\/#primaryimage\",\"url\":\"https:\/\/proyectum.com\/pe\/wp-content\/uploads\/2025\/06\/concepto-de-negocio-con-equipo-de-cerca-scaled-1.jpg\",\"contentUrl\":\"https:\/\/proyectum.com\/pe\/wp-content\/uploads\/2025\/06\/concepto-de-negocio-con-equipo-de-cerca-scaled-1.jpg\",\"width\":2560,\"height\":1707},{\"@type\":\"BreadcrumbList\",\"@id\":\"https:\/\/proyectum.com\/pe\/que-hacen-los-lideres-que-no-se-quiebran-en-medio-del-caos-yo-aprendi-esto\/#breadcrumb\",\"itemListElement\":[{\"@type\":\"ListItem\",\"position\":1,\"name\":\"Home\",\"item\":\"https:\/\/proyectum.com\/pe\/\"},{\"@type\":\"ListItem\",\"position\":2,\"name\":\"\u00bfQu\u00e9 hacen los l\u00edderes que no se quiebran en medio del caos? Yo aprend\u00ed esto\"}]},{\"@type\":\"WebSite\",\"@id\":\"https:\/\/proyectum.com\/pe\/#website\",\"url\":\"https:\/\/proyectum.com\/pe\/\",\"name\":\"Proyectum Per\u00fa\",\"description\":\"Direcci\u00f3n de Proyectos y Metodolog\u00edas \u00c1giles\",\"publisher\":{\"@id\":\"https:\/\/proyectum.com\/pe\/#organization\"},\"potentialAction\":[{\"@type\":\"SearchAction\",\"target\":{\"@type\":\"EntryPoint\",\"urlTemplate\":\"https:\/\/proyectum.com\/pe\/?s={search_term_string}\"},\"query-input\":{\"@type\":\"PropertyValueSpecification\",\"valueRequired\":true,\"valueName\":\"search_term_string\"}}],\"inLanguage\":\"es\"},{\"@type\":\"Organization\",\"@id\":\"https:\/\/proyectum.com\/pe\/#organization\",\"name\":\"Proyectum Per\u00fa\",\"url\":\"https:\/\/proyectum.com\/pe\/\",\"logo\":{\"@type\":\"ImageObject\",\"inLanguage\":\"es\",\"@id\":\"https:\/\/proyectum.com\/pe\/#\/schema\/logo\/image\/\",\"url\":\"https:\/\/proyectum.com\/pe\/wp-content\/uploads\/2020\/04\/proyectum-logo-snippet.png\",\"contentUrl\":\"https:\/\/proyectum.com\/pe\/wp-content\/uploads\/2020\/04\/proyectum-logo-snippet.png\",\"width\":600,\"height\":315,\"caption\":\"Proyectum Per\u00fa\"},\"image\":{\"@id\":\"https:\/\/proyectum.com\/pe\/#\/schema\/logo\/image\/\"},\"sameAs\":[\"https:\/\/www.facebook.com\/proyectum.pe\/\",\"https:\/\/www.instagram.com\/proyectum.pe\/\",\"https:\/\/www.linkedin.com\/company\/proyectumperu\/\",\"https:\/\/www.youtube.com\/@proyectum2283\/videos\"]},{\"@type\":\"Person\",\"@id\":\"https:\/\/proyectum.com\/pe\/#\/schema\/person\/6e3e4bdde133cfa03a51dd6ec5b0f39c\",\"name\":\"Jorge\",\"image\":{\"@type\":\"ImageObject\",\"inLanguage\":\"es\",\"@id\":\"https:\/\/proyectum.com\/pe\/#\/schema\/person\/image\/\",\"url\":\"https:\/\/secure.gravatar.com\/avatar\/455c61bb0fa25db9d2e71243327909c4?s=96&d=mm&r=g\",\"contentUrl\":\"https:\/\/secure.gravatar.com\/avatar\/455c61bb0fa25db9d2e71243327909c4?s=96&d=mm&r=g\",\"caption\":\"Jorge\"}}]}<\/script>\n<!-- \/ Yoast SEO plugin. -->","yoast_head_json":{"title":"\u00bfQu\u00e9 hacen los l\u00edderes que no se quiebran en medio del caos? Yo aprend\u00ed esto - Proyectum Per\u00fa","robots":{"index":"index","follow":"follow","max-snippet":"max-snippet:-1","max-image-preview":"max-image-preview:large","max-video-preview":"max-video-preview:-1"},"canonical":"https:\/\/proyectum.com\/pe\/que-hacen-los-lideres-que-no-se-quiebran-en-medio-del-caos-yo-aprendi-esto\/","og_locale":"es_ES","og_type":"article","og_title":"\u00bfQu\u00e9 hacen los l\u00edderes que no se quiebran en medio del caos? Yo aprend\u00ed esto - Proyectum Per\u00fa","og_description":"\u00a0 Curado por Jorge Vald\u00e9s Garciatorres, MDO, PMP \u00a0 \u201cEl objetivo del Reset Estrat\u00e9gico no es resolver la disrupci\u00f3n, sino detener la ca\u00edda organizacional y generar un punto de anclaje emocional, narrativo y operativo para el nuevo rumbo.\u201d \u2014 B\u00fchler, 2023, Gu\u00eda para hacer coaching con el modelo de Reset Estrat\u00e9gico &nbsp; \u00bfTe ha sucedido [&hellip;]","og_url":"https:\/\/proyectum.com\/pe\/que-hacen-los-lideres-que-no-se-quiebran-en-medio-del-caos-yo-aprendi-esto\/","og_site_name":"Proyectum Per\u00fa","article_publisher":"https:\/\/www.facebook.com\/proyectum.pe\/","article_published_time":"2025-06-30T19:04:17+00:00","og_image":[{"width":2560,"height":1707,"url":"https:\/\/proyectum.com\/pe\/wp-content\/uploads\/2025\/06\/concepto-de-negocio-con-equipo-de-cerca-scaled-1.jpg","type":"image\/jpeg"}],"author":"Jorge","twitter_card":"summary_large_image","twitter_misc":{"Escrito por":"Jorge","Tiempo de lectura":"7 minutos"},"schema":{"@context":"https:\/\/schema.org","@graph":[{"@type":"Article","@id":"https:\/\/proyectum.com\/pe\/que-hacen-los-lideres-que-no-se-quiebran-en-medio-del-caos-yo-aprendi-esto\/#article","isPartOf":{"@id":"https:\/\/proyectum.com\/pe\/que-hacen-los-lideres-que-no-se-quiebran-en-medio-del-caos-yo-aprendi-esto\/"},"author":{"name":"Jorge","@id":"https:\/\/proyectum.com\/pe\/#\/schema\/person\/6e3e4bdde133cfa03a51dd6ec5b0f39c"},"headline":"\u00bfQu\u00e9 hacen los l\u00edderes que no se quiebran en medio del caos? Yo aprend\u00ed esto","datePublished":"2025-06-30T19:04:17+00:00","mainEntityOfPage":{"@id":"https:\/\/proyectum.com\/pe\/que-hacen-los-lideres-que-no-se-quiebran-en-medio-del-caos-yo-aprendi-esto\/"},"wordCount":1393,"publisher":{"@id":"https:\/\/proyectum.com\/pe\/#organization"},"image":{"@id":"https:\/\/proyectum.com\/pe\/que-hacen-los-lideres-que-no-se-quiebran-en-medio-del-caos-yo-aprendi-esto\/#primaryimage"},"thumbnailUrl":"https:\/\/proyectum.com\/pe\/wp-content\/uploads\/2025\/06\/concepto-de-negocio-con-equipo-de-cerca-scaled-1.jpg","keywords":["equipo de trabajo","l\u00edder","liderazgo","Reset Estrat\u00e9gico"],"articleSection":["Liderazgo"],"inLanguage":"es"},{"@type":"WebPage","@id":"https:\/\/proyectum.com\/pe\/que-hacen-los-lideres-que-no-se-quiebran-en-medio-del-caos-yo-aprendi-esto\/","url":"https:\/\/proyectum.com\/pe\/que-hacen-los-lideres-que-no-se-quiebran-en-medio-del-caos-yo-aprendi-esto\/","name":"\u00bfQu\u00e9 hacen los l\u00edderes que no se quiebran en medio del caos? Yo aprend\u00ed esto - Proyectum Per\u00fa","isPartOf":{"@id":"https:\/\/proyectum.com\/pe\/#website"},"primaryImageOfPage":{"@id":"https:\/\/proyectum.com\/pe\/que-hacen-los-lideres-que-no-se-quiebran-en-medio-del-caos-yo-aprendi-esto\/#primaryimage"},"image":{"@id":"https:\/\/proyectum.com\/pe\/que-hacen-los-lideres-que-no-se-quiebran-en-medio-del-caos-yo-aprendi-esto\/#primaryimage"},"thumbnailUrl":"https:\/\/proyectum.com\/pe\/wp-content\/uploads\/2025\/06\/concepto-de-negocio-con-equipo-de-cerca-scaled-1.jpg","datePublished":"2025-06-30T19:04:17+00:00","breadcrumb":{"@id":"https:\/\/proyectum.com\/pe\/que-hacen-los-lideres-que-no-se-quiebran-en-medio-del-caos-yo-aprendi-esto\/#breadcrumb"},"inLanguage":"es","potentialAction":[{"@type":"ReadAction","target":["https:\/\/proyectum.com\/pe\/que-hacen-los-lideres-que-no-se-quiebran-en-medio-del-caos-yo-aprendi-esto\/"]}]},{"@type":"ImageObject","inLanguage":"es","@id":"https:\/\/proyectum.com\/pe\/que-hacen-los-lideres-que-no-se-quiebran-en-medio-del-caos-yo-aprendi-esto\/#primaryimage","url":"https:\/\/proyectum.com\/pe\/wp-content\/uploads\/2025\/06\/concepto-de-negocio-con-equipo-de-cerca-scaled-1.jpg","contentUrl":"https:\/\/proyectum.com\/pe\/wp-content\/uploads\/2025\/06\/concepto-de-negocio-con-equipo-de-cerca-scaled-1.jpg","width":2560,"height":1707},{"@type":"BreadcrumbList","@id":"https:\/\/proyectum.com\/pe\/que-hacen-los-lideres-que-no-se-quiebran-en-medio-del-caos-yo-aprendi-esto\/#breadcrumb","itemListElement":[{"@type":"ListItem","position":1,"name":"Home","item":"https:\/\/proyectum.com\/pe\/"},{"@type":"ListItem","position":2,"name":"\u00bfQu\u00e9 hacen los l\u00edderes que no se quiebran en medio del caos? Yo aprend\u00ed esto"}]},{"@type":"WebSite","@id":"https:\/\/proyectum.com\/pe\/#website","url":"https:\/\/proyectum.com\/pe\/","name":"Proyectum Per\u00fa","description":"Direcci\u00f3n de Proyectos y Metodolog\u00edas \u00c1giles","publisher":{"@id":"https:\/\/proyectum.com\/pe\/#organization"},"potentialAction":[{"@type":"SearchAction","target":{"@type":"EntryPoint","urlTemplate":"https:\/\/proyectum.com\/pe\/?s={search_term_string}"},"query-input":{"@type":"PropertyValueSpecification","valueRequired":true,"valueName":"search_term_string"}}],"inLanguage":"es"},{"@type":"Organization","@id":"https:\/\/proyectum.com\/pe\/#organization","name":"Proyectum Per\u00fa","url":"https:\/\/proyectum.com\/pe\/","logo":{"@type":"ImageObject","inLanguage":"es","@id":"https:\/\/proyectum.com\/pe\/#\/schema\/logo\/image\/","url":"https:\/\/proyectum.com\/pe\/wp-content\/uploads\/2020\/04\/proyectum-logo-snippet.png","contentUrl":"https:\/\/proyectum.com\/pe\/wp-content\/uploads\/2020\/04\/proyectum-logo-snippet.png","width":600,"height":315,"caption":"Proyectum Per\u00fa"},"image":{"@id":"https:\/\/proyectum.com\/pe\/#\/schema\/logo\/image\/"},"sameAs":["https:\/\/www.facebook.com\/proyectum.pe\/","https:\/\/www.instagram.com\/proyectum.pe\/","https:\/\/www.linkedin.com\/company\/proyectumperu\/","https:\/\/www.youtube.com\/@proyectum2283\/videos"]},{"@type":"Person","@id":"https:\/\/proyectum.com\/pe\/#\/schema\/person\/6e3e4bdde133cfa03a51dd6ec5b0f39c","name":"Jorge","image":{"@type":"ImageObject","inLanguage":"es","@id":"https:\/\/proyectum.com\/pe\/#\/schema\/person\/image\/","url":"https:\/\/secure.gravatar.com\/avatar\/455c61bb0fa25db9d2e71243327909c4?s=96&d=mm&r=g","contentUrl":"https:\/\/secure.gravatar.com\/avatar\/455c61bb0fa25db9d2e71243327909c4?s=96&d=mm&r=g","caption":"Jorge"}}]}},"_links":{"self":[{"href":"https:\/\/proyectum.com\/pe\/wp-json\/wp\/v2\/posts\/11206","targetHints":{"allow":["GET"]}}],"collection":[{"href":"https:\/\/proyectum.com\/pe\/wp-json\/wp\/v2\/posts"}],"about":[{"href":"https:\/\/proyectum.com\/pe\/wp-json\/wp\/v2\/types\/post"}],"author":[{"embeddable":true,"href":"https:\/\/proyectum.com\/pe\/wp-json\/wp\/v2\/users\/29"}],"replies":[{"embeddable":true,"href":"https:\/\/proyectum.com\/pe\/wp-json\/wp\/v2\/comments?post=11206"}],"version-history":[{"count":0,"href":"https:\/\/proyectum.com\/pe\/wp-json\/wp\/v2\/posts\/11206\/revisions"}],"wp:featuredmedia":[{"embeddable":true,"href":"https:\/\/proyectum.com\/pe\/wp-json\/wp\/v2\/media\/10988"}],"wp:attachment":[{"href":"https:\/\/proyectum.com\/pe\/wp-json\/wp\/v2\/media?parent=11206"}],"wp:term":[{"taxonomy":"category","embeddable":true,"href":"https:\/\/proyectum.com\/pe\/wp-json\/wp\/v2\/categories?post=11206"},{"taxonomy":"post_tag","embeddable":true,"href":"https:\/\/proyectum.com\/pe\/wp-json\/wp\/v2\/tags?post=11206"}],"curies":[{"name":"wp","href":"https:\/\/api.w.org\/{rel}","templated":true}]}}