{"id":1165,"date":"2013-12-10T11:10:58","date_gmt":"2013-12-10T17:10:58","guid":{"rendered":"http:\/\/proyectum.wordpress.com\/?p=1165"},"modified":"2024-12-23T11:27:38","modified_gmt":"2024-12-23T14:27:38","slug":"diciembre-y-sus-posadas","status":"publish","type":"post","link":"https:\/\/proyectum.com\/pe\/diciembre-y-sus-posadas\/","title":{"rendered":"Diciembre y sus posadas"},"content":{"rendered":"<p>Nos encontramos en la recta final del a\u00f1o y no podemos negar que aunque son fechas para reflexionar, tambi\u00e9n son fechas de muchas celebraciones que sirven para relajarse de las tensiones de la oficina. Aunque existen las personas que esperan todo el a\u00f1o  a que lleguen estas fechas propicias para andar de fiesta en fiesta, existen tambi\u00e9n las personas que no saben manejar de forma correcta la convivencia con sus compa\u00f1eros fuera de un lugar de trabajo o que simplemente no le encuentran nada especial a esta \u00e9poca del a\u00f1o.<\/p>\n<p><img fetchpriority=\"high\" decoding=\"async\" src=\"http:\/\/proyectum.files.wordpress.com\/2013\/12\/diciembre.jpg?w=300\" alt=\"Diciembre y sus posadas\" width=\"300\" height=\"200\" class=\"alignleft size-medium wp-image-1166\" \/><strong>Diciembre<\/strong> es sin\u00f3nimo de fiestas, celebraciones, comidas, distintos tipos de reuniones, etc. Aunque puede haber personas que no se sienten muy emocionadas de lidiar con esto, es necesario saber sacarle provecho, por esta raz\u00f3n compartimos con ustedes 5 ventajas y consejos que debemos tener en mente para el \u00faltimo mes del a\u00f1o.<\/p>\n<p>1.\t<strong>Mayor flujo de dinero<\/strong>. <strong>Diciembre<\/strong> es un mes donde el <strong>flujo de dinero<\/strong> es constante, lo cual puede ser aprovechado para cerrar nuevos proyectos. Algunas empresas con miras al futuro inmediato, deciden invertir en proyectos que le ayuden a cumplir sus objetivos del siguiente a\u00f1o. <strong>Diciembre<\/strong> es el momento ideal para planear los pr\u00f3ximos <strong>proyectos<\/strong> y habiendo <strong>flujo de dinero<\/strong> se aumentan las posibilidades de cerrar los negocios.<\/p>\n<p>Es momento de hacerte presente con ese posible cliente y por fin <strong>cerrar ese proyecto<\/strong> que tanto se ha postergado.<\/p>\n<p>2.\t<strong>Momento mercadol\u00f3gico.<\/strong> El mejor momento para lanzar una campa\u00f1a publicitaria es en esta \u00e9poca del a\u00f1o, no por nada las grandes compa\u00f1\u00edas como Coca-Cola y Starbucks desembolsan miles de d\u00f3lares para reforzar la imagen de sus marcas. Pero no solo las grandes marcas lo pueden hacer, ni se necesitan cantidades exageradas de dinero para publicitar tu negocio.<\/p>\n<p>Desde un mail a tus clientes, socios, proveedores y colaboradores para desearle felices fiestas hasta una oficina adornada con un pino navide\u00f1o puede ayudar a que tu empresa cumpla su objetivo de mercadotecnia.<\/p>\n<p>3.\t<strong>Networking.<\/strong> Con tantas comidas, fiestas y reuniones, el momento no puede ser m\u00e1s propicio para conocer gente y reforzar tu red de contactos. Aunque no todos seamos afectos de las fiestas, resulta importante asistir a ellas. Conocer a tus compa\u00f1eros y colaboradores fuera de la oficina, en un lugar m\u00e1s relajado, servir\u00e1 para compartir ideas  y conocer cosas que tal vez en la oficina jam\u00e1s te enterar\u00e1s.<\/p>\n<p>No dejes de asistir a las reuniones y conversar con los invitados, nunca sabes donde encontrar\u00e1s a un futuro <strong>cliente<\/strong> o a un <strong>aliado para tu negocio<\/strong>.<\/p>\n<p>4.\t<strong>Muestras de agradecimiento<\/strong>. Despu\u00e9s de un a\u00f1o de mucho trabajo es momento de agradecer a clientes, socios, colaboradores  y todas aquellas personas que aportaron en los logros de tu compa\u00f1\u00eda y tus proyectos. Levanta el tel\u00e9fono para comunicarte con tus clientes y proveedores, de ser posible vis\u00edtalos personalmente, re\u00fane a tus socios y colaboradores, todo con la intenci\u00f3n de ofrecerles un agradecimiento sincero.<\/p>\n<p>Utilizar frases como: \u201c<strong>Gracias por ser parte de nosotros en este a\u00f1o<\/strong>\u201d  motivar\u00e1 a las personas y las har\u00e1 sentir como parte de los logros de tu empresa.<\/p>\n<p>5.\t<strong>Divertirnos en las fiestas<\/strong>. Muchas empresas acostumbran realizar una fiesta con sus colaboradores para celebrar un a\u00f1o m\u00e1s de logros. Pero aunque es una fiesta, no debemos olvidar que son nuestros colaboradores y superiores los que asisten a ella, cualquier espect\u00e1culo que realicemos seguramente ser\u00e1 comentado al siguiente d\u00eda en la oficina.<\/p>\n<p>Asistir con un atuendo adecuado, limitarnos en el consumo de alcohol y no hacer desfiguros que puedan avergonzarnos el lunes en la oficina, son algunos de los consejos a tomar en cuenta.<\/p>\n<p>Amigos estamos terminando un a\u00f1o m\u00e1s y nos da gusto compartirlo con ustedes, deseamos que estos 5 puntos les sean de utilidad pero sobre todo, les queremos desear <strong>felices fiestas<\/strong>.<\/p>\n<p>Sobre el autor: <a href=\"http:\/\/about.me\/omargarcia\" TARGET=\"_blank\" rel=\"noopener noreferrer\">Omar Garc\u00eda<\/a><\/p>\n","protected":false},"excerpt":{"rendered":"<p>Nos encontramos en la recta final del a\u00f1o y no podemos negar que aunque son fechas para reflexionar, tambi\u00e9n son fechas de muchas celebraciones que sirven para relajarse de las tensiones de la oficina. Aunque existen las personas que esperan todo el a\u00f1o a que lleguen estas fechas propicias para andar de fiesta en fiesta, [&hellip;]<\/p>\n","protected":false},"author":26,"featured_media":0,"comment_status":"open","ping_status":"open","sticky":false,"template":"","format":"standard","meta":{"_acf_changed":false,"footnotes":""},"categories":[254,519],"tags":[442],"class_list":["post-1165","post","type-post","status-publish","format-standard","hentry","category-comunicacion","category-eventos","tag-diciembre"],"acf":[],"yoast_head":"<!-- This site is optimized with the Yoast SEO plugin v24.4 - https:\/\/yoast.com\/wordpress\/plugins\/seo\/ -->\n<title>Diciembre y sus posadas - Proyectum Per\u00fa<\/title>\n<meta name=\"robots\" content=\"index, follow, max-snippet:-1, max-image-preview:large, max-video-preview:-1\" \/>\n<link rel=\"canonical\" href=\"https:\/\/proyectum.com\/pe\/diciembre-y-sus-posadas\/\" \/>\n<meta property=\"og:locale\" content=\"es_ES\" \/>\n<meta property=\"og:type\" content=\"article\" \/>\n<meta property=\"og:title\" content=\"Diciembre y sus posadas - Proyectum Per\u00fa\" \/>\n<meta property=\"og:description\" content=\"Nos encontramos en la recta final del a\u00f1o y no podemos negar que aunque son fechas para reflexionar, tambi\u00e9n son fechas de muchas celebraciones que sirven para relajarse de las tensiones de la oficina. Aunque existen las personas que esperan todo el a\u00f1o a que lleguen estas fechas propicias para andar de fiesta en fiesta, [&hellip;]\" \/>\n<meta property=\"og:url\" content=\"https:\/\/proyectum.com\/pe\/diciembre-y-sus-posadas\/\" \/>\n<meta property=\"og:site_name\" content=\"Proyectum Per\u00fa\" \/>\n<meta property=\"article:publisher\" content=\"https:\/\/www.facebook.com\/proyectum.pe\/\" \/>\n<meta property=\"article:published_time\" content=\"2013-12-10T17:10:58+00:00\" \/>\n<meta property=\"article:modified_time\" content=\"2024-12-23T14:27:38+00:00\" \/>\n<meta name=\"author\" content=\"Proyectum 2024\" \/>\n<meta name=\"twitter:card\" content=\"summary_large_image\" \/>\n<meta name=\"twitter:label1\" content=\"Escrito por\" \/>\n\t<meta name=\"twitter:data1\" content=\"Proyectum 2024\" \/>\n\t<meta name=\"twitter:label2\" content=\"Tiempo de lectura\" \/>\n\t<meta name=\"twitter:data2\" content=\"3 minutos\" \/>\n<script type=\"application\/ld+json\" class=\"yoast-schema-graph\">{\"@context\":\"https:\/\/schema.org\",\"@graph\":[{\"@type\":\"Article\",\"@id\":\"https:\/\/proyectum.com\/pe\/diciembre-y-sus-posadas\/#article\",\"isPartOf\":{\"@id\":\"https:\/\/proyectum.com\/pe\/diciembre-y-sus-posadas\/\"},\"author\":{\"name\":\"Proyectum 2024\",\"@id\":\"https:\/\/proyectum.com\/pe\/#\/schema\/person\/784b10060c51822d857e3004ea132bb4\"},\"headline\":\"Diciembre y sus posadas\",\"datePublished\":\"2013-12-10T17:10:58+00:00\",\"dateModified\":\"2024-12-23T14:27:38+00:00\",\"mainEntityOfPage\":{\"@id\":\"https:\/\/proyectum.com\/pe\/diciembre-y-sus-posadas\/\"},\"wordCount\":664,\"commentCount\":0,\"publisher\":{\"@id\":\"https:\/\/proyectum.com\/pe\/#organization\"},\"image\":{\"@id\":\"https:\/\/proyectum.com\/pe\/diciembre-y-sus-posadas\/#primaryimage\"},\"thumbnailUrl\":\"http:\/\/proyectum.files.wordpress.com\/2013\/12\/diciembre.jpg?w=300\",\"keywords\":[\"Diciembre\"],\"articleSection\":[\"Comunicaci\u00f3n\",\"Eventos\"],\"inLanguage\":\"es\",\"potentialAction\":[{\"@type\":\"CommentAction\",\"name\":\"Comment\",\"target\":[\"https:\/\/proyectum.com\/pe\/diciembre-y-sus-posadas\/#respond\"]}]},{\"@type\":\"WebPage\",\"@id\":\"https:\/\/proyectum.com\/pe\/diciembre-y-sus-posadas\/\",\"url\":\"https:\/\/proyectum.com\/pe\/diciembre-y-sus-posadas\/\",\"name\":\"Diciembre y sus posadas - Proyectum Per\u00fa\",\"isPartOf\":{\"@id\":\"https:\/\/proyectum.com\/pe\/#website\"},\"primaryImageOfPage\":{\"@id\":\"https:\/\/proyectum.com\/pe\/diciembre-y-sus-posadas\/#primaryimage\"},\"image\":{\"@id\":\"https:\/\/proyectum.com\/pe\/diciembre-y-sus-posadas\/#primaryimage\"},\"thumbnailUrl\":\"http:\/\/proyectum.files.wordpress.com\/2013\/12\/diciembre.jpg?w=300\",\"datePublished\":\"2013-12-10T17:10:58+00:00\",\"dateModified\":\"2024-12-23T14:27:38+00:00\",\"breadcrumb\":{\"@id\":\"https:\/\/proyectum.com\/pe\/diciembre-y-sus-posadas\/#breadcrumb\"},\"inLanguage\":\"es\",\"potentialAction\":[{\"@type\":\"ReadAction\",\"target\":[\"https:\/\/proyectum.com\/pe\/diciembre-y-sus-posadas\/\"]}]},{\"@type\":\"ImageObject\",\"inLanguage\":\"es\",\"@id\":\"https:\/\/proyectum.com\/pe\/diciembre-y-sus-posadas\/#primaryimage\",\"url\":\"http:\/\/proyectum.files.wordpress.com\/2013\/12\/diciembre.jpg?w=300\",\"contentUrl\":\"http:\/\/proyectum.files.wordpress.com\/2013\/12\/diciembre.jpg?w=300\"},{\"@type\":\"BreadcrumbList\",\"@id\":\"https:\/\/proyectum.com\/pe\/diciembre-y-sus-posadas\/#breadcrumb\",\"itemListElement\":[{\"@type\":\"ListItem\",\"position\":1,\"name\":\"Home\",\"item\":\"https:\/\/proyectum.com\/pe\/\"},{\"@type\":\"ListItem\",\"position\":2,\"name\":\"Diciembre y sus posadas\"}]},{\"@type\":\"WebSite\",\"@id\":\"https:\/\/proyectum.com\/pe\/#website\",\"url\":\"https:\/\/proyectum.com\/pe\/\",\"name\":\"Proyectum Per\u00fa\",\"description\":\"Direcci\u00f3n de Proyectos y Metodolog\u00edas \u00c1giles\",\"publisher\":{\"@id\":\"https:\/\/proyectum.com\/pe\/#organization\"},\"potentialAction\":[{\"@type\":\"SearchAction\",\"target\":{\"@type\":\"EntryPoint\",\"urlTemplate\":\"https:\/\/proyectum.com\/pe\/?s={search_term_string}\"},\"query-input\":{\"@type\":\"PropertyValueSpecification\",\"valueRequired\":true,\"valueName\":\"search_term_string\"}}],\"inLanguage\":\"es\"},{\"@type\":\"Organization\",\"@id\":\"https:\/\/proyectum.com\/pe\/#organization\",\"name\":\"Proyectum Per\u00fa\",\"url\":\"https:\/\/proyectum.com\/pe\/\",\"logo\":{\"@type\":\"ImageObject\",\"inLanguage\":\"es\",\"@id\":\"https:\/\/proyectum.com\/pe\/#\/schema\/logo\/image\/\",\"url\":\"https:\/\/proyectum.com\/pe\/wp-content\/uploads\/2020\/04\/proyectum-logo-snippet.png\",\"contentUrl\":\"https:\/\/proyectum.com\/pe\/wp-content\/uploads\/2020\/04\/proyectum-logo-snippet.png\",\"width\":600,\"height\":315,\"caption\":\"Proyectum Per\u00fa\"},\"image\":{\"@id\":\"https:\/\/proyectum.com\/pe\/#\/schema\/logo\/image\/\"},\"sameAs\":[\"https:\/\/www.facebook.com\/proyectum.pe\/\",\"https:\/\/www.instagram.com\/proyectum.pe\/\",\"https:\/\/www.linkedin.com\/company\/proyectumperu\/\",\"https:\/\/www.youtube.com\/@proyectum2283\/videos\"]},{\"@type\":\"Person\",\"@id\":\"https:\/\/proyectum.com\/pe\/#\/schema\/person\/784b10060c51822d857e3004ea132bb4\",\"name\":\"Proyectum 2024\",\"image\":{\"@type\":\"ImageObject\",\"inLanguage\":\"es\",\"@id\":\"https:\/\/proyectum.com\/pe\/#\/schema\/person\/image\/\",\"url\":\"https:\/\/secure.gravatar.com\/avatar\/df82793fddd8f0a5a84fdb27d958bf73?s=96&d=mm&r=g\",\"contentUrl\":\"https:\/\/secure.gravatar.com\/avatar\/df82793fddd8f0a5a84fdb27d958bf73?s=96&d=mm&r=g\",\"caption\":\"Proyectum 2024\"}}]}<\/script>\n<!-- \/ Yoast SEO plugin. -->","yoast_head_json":{"title":"Diciembre y sus posadas - Proyectum Per\u00fa","robots":{"index":"index","follow":"follow","max-snippet":"max-snippet:-1","max-image-preview":"max-image-preview:large","max-video-preview":"max-video-preview:-1"},"canonical":"https:\/\/proyectum.com\/pe\/diciembre-y-sus-posadas\/","og_locale":"es_ES","og_type":"article","og_title":"Diciembre y sus posadas - Proyectum Per\u00fa","og_description":"Nos encontramos en la recta final del a\u00f1o y no podemos negar que aunque son fechas para reflexionar, tambi\u00e9n son fechas de muchas celebraciones que sirven para relajarse de las tensiones de la oficina. Aunque existen las personas que esperan todo el a\u00f1o a que lleguen estas fechas propicias para andar de fiesta en fiesta, [&hellip;]","og_url":"https:\/\/proyectum.com\/pe\/diciembre-y-sus-posadas\/","og_site_name":"Proyectum Per\u00fa","article_publisher":"https:\/\/www.facebook.com\/proyectum.pe\/","article_published_time":"2013-12-10T17:10:58+00:00","article_modified_time":"2024-12-23T14:27:38+00:00","author":"Proyectum 2024","twitter_card":"summary_large_image","twitter_misc":{"Escrito por":"Proyectum 2024","Tiempo de lectura":"3 minutos"},"schema":{"@context":"https:\/\/schema.org","@graph":[{"@type":"Article","@id":"https:\/\/proyectum.com\/pe\/diciembre-y-sus-posadas\/#article","isPartOf":{"@id":"https:\/\/proyectum.com\/pe\/diciembre-y-sus-posadas\/"},"author":{"name":"Proyectum 2024","@id":"https:\/\/proyectum.com\/pe\/#\/schema\/person\/784b10060c51822d857e3004ea132bb4"},"headline":"Diciembre y sus posadas","datePublished":"2013-12-10T17:10:58+00:00","dateModified":"2024-12-23T14:27:38+00:00","mainEntityOfPage":{"@id":"https:\/\/proyectum.com\/pe\/diciembre-y-sus-posadas\/"},"wordCount":664,"commentCount":0,"publisher":{"@id":"https:\/\/proyectum.com\/pe\/#organization"},"image":{"@id":"https:\/\/proyectum.com\/pe\/diciembre-y-sus-posadas\/#primaryimage"},"thumbnailUrl":"http:\/\/proyectum.files.wordpress.com\/2013\/12\/diciembre.jpg?w=300","keywords":["Diciembre"],"articleSection":["Comunicaci\u00f3n","Eventos"],"inLanguage":"es","potentialAction":[{"@type":"CommentAction","name":"Comment","target":["https:\/\/proyectum.com\/pe\/diciembre-y-sus-posadas\/#respond"]}]},{"@type":"WebPage","@id":"https:\/\/proyectum.com\/pe\/diciembre-y-sus-posadas\/","url":"https:\/\/proyectum.com\/pe\/diciembre-y-sus-posadas\/","name":"Diciembre y sus posadas - Proyectum Per\u00fa","isPartOf":{"@id":"https:\/\/proyectum.com\/pe\/#website"},"primaryImageOfPage":{"@id":"https:\/\/proyectum.com\/pe\/diciembre-y-sus-posadas\/#primaryimage"},"image":{"@id":"https:\/\/proyectum.com\/pe\/diciembre-y-sus-posadas\/#primaryimage"},"thumbnailUrl":"http:\/\/proyectum.files.wordpress.com\/2013\/12\/diciembre.jpg?w=300","datePublished":"2013-12-10T17:10:58+00:00","dateModified":"2024-12-23T14:27:38+00:00","breadcrumb":{"@id":"https:\/\/proyectum.com\/pe\/diciembre-y-sus-posadas\/#breadcrumb"},"inLanguage":"es","potentialAction":[{"@type":"ReadAction","target":["https:\/\/proyectum.com\/pe\/diciembre-y-sus-posadas\/"]}]},{"@type":"ImageObject","inLanguage":"es","@id":"https:\/\/proyectum.com\/pe\/diciembre-y-sus-posadas\/#primaryimage","url":"http:\/\/proyectum.files.wordpress.com\/2013\/12\/diciembre.jpg?w=300","contentUrl":"http:\/\/proyectum.files.wordpress.com\/2013\/12\/diciembre.jpg?w=300"},{"@type":"BreadcrumbList","@id":"https:\/\/proyectum.com\/pe\/diciembre-y-sus-posadas\/#breadcrumb","itemListElement":[{"@type":"ListItem","position":1,"name":"Home","item":"https:\/\/proyectum.com\/pe\/"},{"@type":"ListItem","position":2,"name":"Diciembre y sus posadas"}]},{"@type":"WebSite","@id":"https:\/\/proyectum.com\/pe\/#website","url":"https:\/\/proyectum.com\/pe\/","name":"Proyectum Per\u00fa","description":"Direcci\u00f3n de Proyectos y Metodolog\u00edas \u00c1giles","publisher":{"@id":"https:\/\/proyectum.com\/pe\/#organization"},"potentialAction":[{"@type":"SearchAction","target":{"@type":"EntryPoint","urlTemplate":"https:\/\/proyectum.com\/pe\/?s={search_term_string}"},"query-input":{"@type":"PropertyValueSpecification","valueRequired":true,"valueName":"search_term_string"}}],"inLanguage":"es"},{"@type":"Organization","@id":"https:\/\/proyectum.com\/pe\/#organization","name":"Proyectum Per\u00fa","url":"https:\/\/proyectum.com\/pe\/","logo":{"@type":"ImageObject","inLanguage":"es","@id":"https:\/\/proyectum.com\/pe\/#\/schema\/logo\/image\/","url":"https:\/\/proyectum.com\/pe\/wp-content\/uploads\/2020\/04\/proyectum-logo-snippet.png","contentUrl":"https:\/\/proyectum.com\/pe\/wp-content\/uploads\/2020\/04\/proyectum-logo-snippet.png","width":600,"height":315,"caption":"Proyectum Per\u00fa"},"image":{"@id":"https:\/\/proyectum.com\/pe\/#\/schema\/logo\/image\/"},"sameAs":["https:\/\/www.facebook.com\/proyectum.pe\/","https:\/\/www.instagram.com\/proyectum.pe\/","https:\/\/www.linkedin.com\/company\/proyectumperu\/","https:\/\/www.youtube.com\/@proyectum2283\/videos"]},{"@type":"Person","@id":"https:\/\/proyectum.com\/pe\/#\/schema\/person\/784b10060c51822d857e3004ea132bb4","name":"Proyectum 2024","image":{"@type":"ImageObject","inLanguage":"es","@id":"https:\/\/proyectum.com\/pe\/#\/schema\/person\/image\/","url":"https:\/\/secure.gravatar.com\/avatar\/df82793fddd8f0a5a84fdb27d958bf73?s=96&d=mm&r=g","contentUrl":"https:\/\/secure.gravatar.com\/avatar\/df82793fddd8f0a5a84fdb27d958bf73?s=96&d=mm&r=g","caption":"Proyectum 2024"}}]}},"_links":{"self":[{"href":"https:\/\/proyectum.com\/pe\/wp-json\/wp\/v2\/posts\/1165","targetHints":{"allow":["GET"]}}],"collection":[{"href":"https:\/\/proyectum.com\/pe\/wp-json\/wp\/v2\/posts"}],"about":[{"href":"https:\/\/proyectum.com\/pe\/wp-json\/wp\/v2\/types\/post"}],"author":[{"embeddable":true,"href":"https:\/\/proyectum.com\/pe\/wp-json\/wp\/v2\/users\/26"}],"replies":[{"embeddable":true,"href":"https:\/\/proyectum.com\/pe\/wp-json\/wp\/v2\/comments?post=1165"}],"version-history":[{"count":0,"href":"https:\/\/proyectum.com\/pe\/wp-json\/wp\/v2\/posts\/1165\/revisions"}],"wp:attachment":[{"href":"https:\/\/proyectum.com\/pe\/wp-json\/wp\/v2\/media?parent=1165"}],"wp:term":[{"taxonomy":"category","embeddable":true,"href":"https:\/\/proyectum.com\/pe\/wp-json\/wp\/v2\/categories?post=1165"},{"taxonomy":"post_tag","embeddable":true,"href":"https:\/\/proyectum.com\/pe\/wp-json\/wp\/v2\/tags?post=1165"}],"curies":[{"name":"wp","href":"https:\/\/api.w.org\/{rel}","templated":true}]}}