{"id":1341,"date":"2014-05-14T00:50:18","date_gmt":"2014-05-14T06:50:18","guid":{"rendered":"http:\/\/proyectum.wordpress.com\/?p=1341"},"modified":"2014-05-14T00:50:18","modified_gmt":"2014-05-14T06:50:18","slug":"innovar-en-latinoamerica","status":"publish","type":"post","link":"https:\/\/proyectum.com\/pe\/innovar-en-latinoamerica\/","title":{"rendered":"Innovar en Latinoam\u00e9rica"},"content":{"rendered":"<p>La palabra <strong>innovar<\/strong>, junto con todas sus acepciones, se ha vuelto un clich\u00e9 m\u00e1s y dejado de ser esa palabra que buscaba transmitir fuerza. En los curr\u00edculos actuales abundan frases como: \u201c<strong>Persona innovadora<\/strong>\u201d, \u201c<strong>Proactivo e innovador<\/strong>\u201d, \u201c<strong>Experiencia en proyectos de innovaci\u00f3n<\/strong>\u201d, y en las misiones de las empresas encontramos algo similar, con descripciones como: \u201c<strong>Desarrollar soluciones innovadoras\u2026<\/strong>\u201d, \u201c<strong>Proporcionar servicios innovadores\u2026<\/strong>\u201d, \u201c<strong>Empresa innovadora, que mira hacia el futuro<\/strong>\u201d.<\/p>\n<p><a href=\"http:\/\/proyectum.files.wordpress.com\/2014\/05\/proyectum-168.jpg\"><img fetchpriority=\"high\" decoding=\"async\" src=\"http:\/\/proyectum.files.wordpress.com\/2014\/05\/proyectum-168.jpg?w=300\" alt=\"Innovar en Latinoam\u00e9rica\" width=\"300\" height=\"200\" class=\"alignleft size-medium wp-image-1345\" \/><\/a>Todos los individuos y las empresas nos jactamos de ser <strong>innovadores<\/strong>, pero\u2026 \u00bfrealmente qu\u00e9 est\u00e1 pasando con la <strong>innovaci\u00f3n en Latinoam\u00e9rica<\/strong>? Si nos vamos a datos reales de diferentes informes globales nos podemos dar cuenta que la <strong>innovaci\u00f3n en Latinoam\u00e9rica<\/strong> solo es una palabra que nos gusta utilizar de manera reiterada.<\/p>\n<p>Tomando en cuenta los datos publicados en el primer trimestre del a\u00f1o  por la <strong>Organizaci\u00f3n Mundial de la Propiedad Intelectual<\/strong> (<strong>OMPI<\/strong>), una organizaci\u00f3n afiliada a la <strong>ONU<\/strong>, <strong>los pa\u00edses latinoamericanos<\/strong> est\u00e1n entre los que producen menos <a href=\"http:\/\/www.wipo.int\/export\/sites\/www\/ipstats\/en\/docs\/infographics_systems_2013.pdf\" title=\"OMPI\" target=\"_blank\" rel=\"noopener noreferrer\">patentes internacionales<\/a>. Durante el 2013 <strong>Estados Unidos<\/strong> solicit\u00f3 a la OMPI 57,200 patentes internacionales, <strong>Jap\u00f3n<\/strong> 43,600 y <strong>Corea del Sur<\/strong> 12,300, mientras que todos los <strong>pa\u00edses latinoamericanos y del Caribe<\/strong> en conjunto solicitaron tan solo 1,200 patentes. Los Sudcoreanos en solitario, solicitan 10 veces m\u00e1s patentes que todos los pa\u00edses de <strong>Latinoam\u00e9rica<\/strong> y del Caribe juntos.<\/p>\n<p>La misma <strong>OMPI<\/strong> presenta otro estudio llamado: \u201c<strong><a href=\"http:\/\/www.globalinnovationindex.org\/userfiles\/file\/reportpdf\/GII-2013.pdf\" title=\"Indice Mundial de Innovaci\u00f3n\" target=\"_blank\" rel=\"noopener noreferrer\">\u00cdndice Mundial de Innovaci\u00f3n 2013<\/a><\/strong>\u201d en el cual los primeros 10 lugares son ocupados por: <strong>Suiza<\/strong> (encabezando la lista por segundo a\u00f1o consecutivo), <strong>Suecia<\/strong> (2), <strong>Reino Unido<\/strong> (3), <strong>Pa\u00edses Bajos<\/strong> (4), <strong>Estados Unidos<\/strong> (5), <strong>Finlandia<\/strong> (6), <strong>Hong Kong<\/strong> (7), <strong>Singapur<\/strong> (8), <strong>Dinamarca<\/strong> (9) e <strong>Irlanda<\/strong> (10). El <strong>pa\u00eds latinoamericano<\/strong> con mejor posici\u00f3n en el ranking es <strong>Costa Rica<\/strong> en la posici\u00f3n n\u00famero 39.<\/p>\n<p>Por otro lado, un estudio publicado por el <strong>Foro Econ\u00f3mico Mundial<\/strong> titulado: \u201c<strong><a href=\"http:\/\/www.weforum.org\/reports\/global-information-technology-report-2014\" title=\"Informe Global sobre Tecnolog\u00eda\" target=\"_blank\" rel=\"noopener noreferrer\">Informe Global sobre Tecnolog\u00eda de la Informaci\u00f3n 2014<\/a><\/strong>\u201d, muestra resultados muy parecidos en su listado de conectividad a Internet. De 148 pa\u00edses, concluy\u00f3 que los m\u00e1s conectados son: <strong>Finlandia<\/strong> (1), <strong>Singapur<\/strong> (2), <strong>Suecia<\/strong> (3), <strong>Holanda<\/strong> (4), <strong>Noruega<\/strong> (5), <strong>Suiza<\/strong> (6), <strong>EE.UU.<\/strong> (7), <strong>Hong Kong<\/strong> (8), <strong>Reino Unido<\/strong> (9) y <strong>Corea del Sur<\/strong> (10). Entre los pa\u00edses  latinoamericanos el que ocupa mejor posici\u00f3n es <strong>Chile<\/strong> en el n\u00famero 35, de ah\u00ed le siguen <strong>Panam\u00e1<\/strong> en el 43, <strong>Costa Rica<\/strong> 53, <strong>Barbados<\/strong> 55, <strong>Uruguay<\/strong> 56 y <strong>Colombia<\/strong> 63.<\/p>\n<p>De este informe destaca el caso de <strong>Brasil<\/strong> y <strong>M\u00e9xico<\/strong>, pues lejos de mejorar con respecto al informe del a\u00f1o anterior, descendieron varias posiciones, <strong>Brasil<\/strong> cay\u00f3 9 lugares para situarse en el n\u00famero 69 del listado, mientras que <strong>M\u00e9xico<\/strong> descendi\u00f3 16 lugares para colocarse en la posici\u00f3n 79.<\/p>\n<p>En este mismo espacio hemos comentado sobre la <a href=\"http:\/\/proyectum.wordpress.com\/2013\/06\/11\/los-trabajadores-de-la-sociedad-del-conocimiento\/\" title=\"Los trabajadores de la sociedad del conocimiento\" target=\"_blank\" rel=\"noopener noreferrer\">era del conocimiento<\/a> en la que vivimos actualmente, la cual seg\u00fan especialistas, es un boom comparado a la <strong>fiebre del Oro<\/strong> de San Francisco a principios del siglo XIX, o al <strong>boom petrolero<\/strong> de Texas en el siglo XX, los datos y la <strong>generaci\u00f3n de conocimiento<\/strong> es el oro y el petr\u00f3leo de esta \u00e9poca. Las formas de generar riqueza actualmente han cambiado, se han \u201c<strong>innovado<\/strong>\u201d, y no podemos hablar de <strong>innovaci\u00f3n<\/strong> en <strong>Latinoam\u00e9rica<\/strong> cuando vemos este tipo de informes.<\/p>\n<p>Urge poner atenci\u00f3n en temas de infraestructura de <strong>Tecnolog\u00edas de Informaci\u00f3n y Comunicaci\u00f3n<\/strong>, en educaci\u00f3n y en que Internet tenga una mayor penetraci\u00f3n en la regi\u00f3n, los pa\u00edses que pongan atenci\u00f3n a estos temas ser\u00e1n los verdaderos \u201c<strong>innovadores<\/strong>\u201d y por lo tanto, los m\u00e1s pr\u00f3speros.<\/p>\n<p>Comparte con nosotros <strong>tu opini\u00f3n acerca de la innovaci\u00f3n<\/strong> del pa\u00eds donde te encuentras.<\/p>\n<p>Sobre el autor: <a href=\"http:\/\/about.me\/omargarcia\" TARGET=\"_blank\" rel=\"noopener noreferrer\">Omar Garc\u00eda<\/a><\/p>\n","protected":false},"excerpt":{"rendered":"<p>La palabra innovar, junto con todas sus acepciones, se ha vuelto un clich\u00e9 m\u00e1s y dejado de ser esa palabra que buscaba transmitir fuerza. En los curr\u00edculos actuales abundan frases como: \u201cPersona innovadora\u201d, \u201cProactivo e innovador\u201d, \u201cExperiencia en proyectos de innovaci\u00f3n\u201d, y en las misiones de las empresas encontramos algo similar, con descripciones como: \u201cDesarrollar [&hellip;]<\/p>\n","protected":false},"author":26,"featured_media":0,"comment_status":"open","ping_status":"open","sticky":false,"template":"","format":"standard","meta":{"_acf_changed":false,"footnotes":""},"categories":[218,20,222],"tags":[215,216,217,219,220,221],"class_list":["post-1341","post","type-post","status-publish","format-standard","hentry","category-innovacion","category-noticias","category-reflexiones","tag-brasil","tag-estados-unidos","tag-foro-economico-mundial","tag-innovadores","tag-innovar","tag-mexico"],"acf":[],"yoast_head":"<!-- This site is optimized with the Yoast SEO plugin v24.4 - https:\/\/yoast.com\/wordpress\/plugins\/seo\/ -->\n<title>Innovar en Latinoam\u00e9rica - Proyectum Per\u00fa<\/title>\n<meta name=\"robots\" content=\"index, follow, max-snippet:-1, max-image-preview:large, max-video-preview:-1\" \/>\n<link rel=\"canonical\" href=\"https:\/\/proyectum.com\/pe\/innovar-en-latinoamerica\/\" \/>\n<meta property=\"og:locale\" content=\"es_ES\" \/>\n<meta property=\"og:type\" content=\"article\" \/>\n<meta property=\"og:title\" content=\"Innovar en Latinoam\u00e9rica - Proyectum Per\u00fa\" \/>\n<meta property=\"og:description\" content=\"La palabra innovar, junto con todas sus acepciones, se ha vuelto un clich\u00e9 m\u00e1s y dejado de ser esa palabra que buscaba transmitir fuerza. En los curr\u00edculos actuales abundan frases como: \u201cPersona innovadora\u201d, \u201cProactivo e innovador\u201d, \u201cExperiencia en proyectos de innovaci\u00f3n\u201d, y en las misiones de las empresas encontramos algo similar, con descripciones como: \u201cDesarrollar [&hellip;]\" \/>\n<meta property=\"og:url\" content=\"https:\/\/proyectum.com\/pe\/innovar-en-latinoamerica\/\" \/>\n<meta property=\"og:site_name\" content=\"Proyectum Per\u00fa\" \/>\n<meta property=\"article:publisher\" content=\"https:\/\/www.facebook.com\/proyectum.pe\/\" \/>\n<meta property=\"article:published_time\" content=\"2014-05-14T06:50:18+00:00\" \/>\n<meta name=\"author\" content=\"Proyectum 2024\" \/>\n<meta name=\"twitter:card\" content=\"summary_large_image\" \/>\n<meta name=\"twitter:label1\" content=\"Escrito por\" \/>\n\t<meta name=\"twitter:data1\" content=\"Proyectum 2024\" \/>\n\t<meta name=\"twitter:label2\" content=\"Tiempo de lectura\" \/>\n\t<meta name=\"twitter:data2\" content=\"3 minutos\" \/>\n<script type=\"application\/ld+json\" class=\"yoast-schema-graph\">{\"@context\":\"https:\/\/schema.org\",\"@graph\":[{\"@type\":\"Article\",\"@id\":\"https:\/\/proyectum.com\/pe\/innovar-en-latinoamerica\/#article\",\"isPartOf\":{\"@id\":\"https:\/\/proyectum.com\/pe\/innovar-en-latinoamerica\/\"},\"author\":{\"name\":\"Proyectum 2024\",\"@id\":\"https:\/\/proyectum.com\/pe\/#\/schema\/person\/784b10060c51822d857e3004ea132bb4\"},\"headline\":\"Innovar en Latinoam\u00e9rica\",\"datePublished\":\"2014-05-14T06:50:18+00:00\",\"mainEntityOfPage\":{\"@id\":\"https:\/\/proyectum.com\/pe\/innovar-en-latinoamerica\/\"},\"wordCount\":601,\"commentCount\":0,\"publisher\":{\"@id\":\"https:\/\/proyectum.com\/pe\/#organization\"},\"image\":{\"@id\":\"https:\/\/proyectum.com\/pe\/innovar-en-latinoamerica\/#primaryimage\"},\"thumbnailUrl\":\"http:\/\/proyectum.files.wordpress.com\/2014\/05\/proyectum-168.jpg?w=300\",\"keywords\":[\"Brasil\",\"Estados Unidos\",\"Foro Econ\u00f3mico Mundial\",\"innovadores\",\"innovar\",\"M\u00e9xico\"],\"articleSection\":[\"Innovaci\u00f3n\",\"Noticias\",\"Reflexiones\"],\"inLanguage\":\"es\",\"potentialAction\":[{\"@type\":\"CommentAction\",\"name\":\"Comment\",\"target\":[\"https:\/\/proyectum.com\/pe\/innovar-en-latinoamerica\/#respond\"]}]},{\"@type\":\"WebPage\",\"@id\":\"https:\/\/proyectum.com\/pe\/innovar-en-latinoamerica\/\",\"url\":\"https:\/\/proyectum.com\/pe\/innovar-en-latinoamerica\/\",\"name\":\"Innovar en Latinoam\u00e9rica - Proyectum Per\u00fa\",\"isPartOf\":{\"@id\":\"https:\/\/proyectum.com\/pe\/#website\"},\"primaryImageOfPage\":{\"@id\":\"https:\/\/proyectum.com\/pe\/innovar-en-latinoamerica\/#primaryimage\"},\"image\":{\"@id\":\"https:\/\/proyectum.com\/pe\/innovar-en-latinoamerica\/#primaryimage\"},\"thumbnailUrl\":\"http:\/\/proyectum.files.wordpress.com\/2014\/05\/proyectum-168.jpg?w=300\",\"datePublished\":\"2014-05-14T06:50:18+00:00\",\"breadcrumb\":{\"@id\":\"https:\/\/proyectum.com\/pe\/innovar-en-latinoamerica\/#breadcrumb\"},\"inLanguage\":\"es\",\"potentialAction\":[{\"@type\":\"ReadAction\",\"target\":[\"https:\/\/proyectum.com\/pe\/innovar-en-latinoamerica\/\"]}]},{\"@type\":\"ImageObject\",\"inLanguage\":\"es\",\"@id\":\"https:\/\/proyectum.com\/pe\/innovar-en-latinoamerica\/#primaryimage\",\"url\":\"http:\/\/proyectum.files.wordpress.com\/2014\/05\/proyectum-168.jpg?w=300\",\"contentUrl\":\"http:\/\/proyectum.files.wordpress.com\/2014\/05\/proyectum-168.jpg?w=300\"},{\"@type\":\"BreadcrumbList\",\"@id\":\"https:\/\/proyectum.com\/pe\/innovar-en-latinoamerica\/#breadcrumb\",\"itemListElement\":[{\"@type\":\"ListItem\",\"position\":1,\"name\":\"Home\",\"item\":\"https:\/\/proyectum.com\/pe\/\"},{\"@type\":\"ListItem\",\"position\":2,\"name\":\"Innovar en Latinoam\u00e9rica\"}]},{\"@type\":\"WebSite\",\"@id\":\"https:\/\/proyectum.com\/pe\/#website\",\"url\":\"https:\/\/proyectum.com\/pe\/\",\"name\":\"Proyectum Per\u00fa\",\"description\":\"Direcci\u00f3n de Proyectos y Metodolog\u00edas \u00c1giles\",\"publisher\":{\"@id\":\"https:\/\/proyectum.com\/pe\/#organization\"},\"potentialAction\":[{\"@type\":\"SearchAction\",\"target\":{\"@type\":\"EntryPoint\",\"urlTemplate\":\"https:\/\/proyectum.com\/pe\/?s={search_term_string}\"},\"query-input\":{\"@type\":\"PropertyValueSpecification\",\"valueRequired\":true,\"valueName\":\"search_term_string\"}}],\"inLanguage\":\"es\"},{\"@type\":\"Organization\",\"@id\":\"https:\/\/proyectum.com\/pe\/#organization\",\"name\":\"Proyectum Per\u00fa\",\"url\":\"https:\/\/proyectum.com\/pe\/\",\"logo\":{\"@type\":\"ImageObject\",\"inLanguage\":\"es\",\"@id\":\"https:\/\/proyectum.com\/pe\/#\/schema\/logo\/image\/\",\"url\":\"https:\/\/proyectum.com\/pe\/wp-content\/uploads\/2020\/04\/proyectum-logo-snippet.png\",\"contentUrl\":\"https:\/\/proyectum.com\/pe\/wp-content\/uploads\/2020\/04\/proyectum-logo-snippet.png\",\"width\":600,\"height\":315,\"caption\":\"Proyectum Per\u00fa\"},\"image\":{\"@id\":\"https:\/\/proyectum.com\/pe\/#\/schema\/logo\/image\/\"},\"sameAs\":[\"https:\/\/www.facebook.com\/proyectum.pe\/\",\"https:\/\/www.instagram.com\/proyectum.pe\/\",\"https:\/\/www.linkedin.com\/company\/proyectumperu\/\",\"https:\/\/www.youtube.com\/@proyectum2283\/videos\"]},{\"@type\":\"Person\",\"@id\":\"https:\/\/proyectum.com\/pe\/#\/schema\/person\/784b10060c51822d857e3004ea132bb4\",\"name\":\"Proyectum 2024\",\"image\":{\"@type\":\"ImageObject\",\"inLanguage\":\"es\",\"@id\":\"https:\/\/proyectum.com\/pe\/#\/schema\/person\/image\/\",\"url\":\"https:\/\/secure.gravatar.com\/avatar\/df82793fddd8f0a5a84fdb27d958bf73?s=96&d=mm&r=g\",\"contentUrl\":\"https:\/\/secure.gravatar.com\/avatar\/df82793fddd8f0a5a84fdb27d958bf73?s=96&d=mm&r=g\",\"caption\":\"Proyectum 2024\"}}]}<\/script>\n<!-- \/ Yoast SEO plugin. -->","yoast_head_json":{"title":"Innovar en Latinoam\u00e9rica - Proyectum Per\u00fa","robots":{"index":"index","follow":"follow","max-snippet":"max-snippet:-1","max-image-preview":"max-image-preview:large","max-video-preview":"max-video-preview:-1"},"canonical":"https:\/\/proyectum.com\/pe\/innovar-en-latinoamerica\/","og_locale":"es_ES","og_type":"article","og_title":"Innovar en Latinoam\u00e9rica - Proyectum Per\u00fa","og_description":"La palabra innovar, junto con todas sus acepciones, se ha vuelto un clich\u00e9 m\u00e1s y dejado de ser esa palabra que buscaba transmitir fuerza. En los curr\u00edculos actuales abundan frases como: \u201cPersona innovadora\u201d, \u201cProactivo e innovador\u201d, \u201cExperiencia en proyectos de innovaci\u00f3n\u201d, y en las misiones de las empresas encontramos algo similar, con descripciones como: \u201cDesarrollar [&hellip;]","og_url":"https:\/\/proyectum.com\/pe\/innovar-en-latinoamerica\/","og_site_name":"Proyectum Per\u00fa","article_publisher":"https:\/\/www.facebook.com\/proyectum.pe\/","article_published_time":"2014-05-14T06:50:18+00:00","author":"Proyectum 2024","twitter_card":"summary_large_image","twitter_misc":{"Escrito por":"Proyectum 2024","Tiempo de lectura":"3 minutos"},"schema":{"@context":"https:\/\/schema.org","@graph":[{"@type":"Article","@id":"https:\/\/proyectum.com\/pe\/innovar-en-latinoamerica\/#article","isPartOf":{"@id":"https:\/\/proyectum.com\/pe\/innovar-en-latinoamerica\/"},"author":{"name":"Proyectum 2024","@id":"https:\/\/proyectum.com\/pe\/#\/schema\/person\/784b10060c51822d857e3004ea132bb4"},"headline":"Innovar en Latinoam\u00e9rica","datePublished":"2014-05-14T06:50:18+00:00","mainEntityOfPage":{"@id":"https:\/\/proyectum.com\/pe\/innovar-en-latinoamerica\/"},"wordCount":601,"commentCount":0,"publisher":{"@id":"https:\/\/proyectum.com\/pe\/#organization"},"image":{"@id":"https:\/\/proyectum.com\/pe\/innovar-en-latinoamerica\/#primaryimage"},"thumbnailUrl":"http:\/\/proyectum.files.wordpress.com\/2014\/05\/proyectum-168.jpg?w=300","keywords":["Brasil","Estados Unidos","Foro Econ\u00f3mico Mundial","innovadores","innovar","M\u00e9xico"],"articleSection":["Innovaci\u00f3n","Noticias","Reflexiones"],"inLanguage":"es","potentialAction":[{"@type":"CommentAction","name":"Comment","target":["https:\/\/proyectum.com\/pe\/innovar-en-latinoamerica\/#respond"]}]},{"@type":"WebPage","@id":"https:\/\/proyectum.com\/pe\/innovar-en-latinoamerica\/","url":"https:\/\/proyectum.com\/pe\/innovar-en-latinoamerica\/","name":"Innovar en Latinoam\u00e9rica - Proyectum Per\u00fa","isPartOf":{"@id":"https:\/\/proyectum.com\/pe\/#website"},"primaryImageOfPage":{"@id":"https:\/\/proyectum.com\/pe\/innovar-en-latinoamerica\/#primaryimage"},"image":{"@id":"https:\/\/proyectum.com\/pe\/innovar-en-latinoamerica\/#primaryimage"},"thumbnailUrl":"http:\/\/proyectum.files.wordpress.com\/2014\/05\/proyectum-168.jpg?w=300","datePublished":"2014-05-14T06:50:18+00:00","breadcrumb":{"@id":"https:\/\/proyectum.com\/pe\/innovar-en-latinoamerica\/#breadcrumb"},"inLanguage":"es","potentialAction":[{"@type":"ReadAction","target":["https:\/\/proyectum.com\/pe\/innovar-en-latinoamerica\/"]}]},{"@type":"ImageObject","inLanguage":"es","@id":"https:\/\/proyectum.com\/pe\/innovar-en-latinoamerica\/#primaryimage","url":"http:\/\/proyectum.files.wordpress.com\/2014\/05\/proyectum-168.jpg?w=300","contentUrl":"http:\/\/proyectum.files.wordpress.com\/2014\/05\/proyectum-168.jpg?w=300"},{"@type":"BreadcrumbList","@id":"https:\/\/proyectum.com\/pe\/innovar-en-latinoamerica\/#breadcrumb","itemListElement":[{"@type":"ListItem","position":1,"name":"Home","item":"https:\/\/proyectum.com\/pe\/"},{"@type":"ListItem","position":2,"name":"Innovar en Latinoam\u00e9rica"}]},{"@type":"WebSite","@id":"https:\/\/proyectum.com\/pe\/#website","url":"https:\/\/proyectum.com\/pe\/","name":"Proyectum Per\u00fa","description":"Direcci\u00f3n de Proyectos y Metodolog\u00edas \u00c1giles","publisher":{"@id":"https:\/\/proyectum.com\/pe\/#organization"},"potentialAction":[{"@type":"SearchAction","target":{"@type":"EntryPoint","urlTemplate":"https:\/\/proyectum.com\/pe\/?s={search_term_string}"},"query-input":{"@type":"PropertyValueSpecification","valueRequired":true,"valueName":"search_term_string"}}],"inLanguage":"es"},{"@type":"Organization","@id":"https:\/\/proyectum.com\/pe\/#organization","name":"Proyectum Per\u00fa","url":"https:\/\/proyectum.com\/pe\/","logo":{"@type":"ImageObject","inLanguage":"es","@id":"https:\/\/proyectum.com\/pe\/#\/schema\/logo\/image\/","url":"https:\/\/proyectum.com\/pe\/wp-content\/uploads\/2020\/04\/proyectum-logo-snippet.png","contentUrl":"https:\/\/proyectum.com\/pe\/wp-content\/uploads\/2020\/04\/proyectum-logo-snippet.png","width":600,"height":315,"caption":"Proyectum Per\u00fa"},"image":{"@id":"https:\/\/proyectum.com\/pe\/#\/schema\/logo\/image\/"},"sameAs":["https:\/\/www.facebook.com\/proyectum.pe\/","https:\/\/www.instagram.com\/proyectum.pe\/","https:\/\/www.linkedin.com\/company\/proyectumperu\/","https:\/\/www.youtube.com\/@proyectum2283\/videos"]},{"@type":"Person","@id":"https:\/\/proyectum.com\/pe\/#\/schema\/person\/784b10060c51822d857e3004ea132bb4","name":"Proyectum 2024","image":{"@type":"ImageObject","inLanguage":"es","@id":"https:\/\/proyectum.com\/pe\/#\/schema\/person\/image\/","url":"https:\/\/secure.gravatar.com\/avatar\/df82793fddd8f0a5a84fdb27d958bf73?s=96&d=mm&r=g","contentUrl":"https:\/\/secure.gravatar.com\/avatar\/df82793fddd8f0a5a84fdb27d958bf73?s=96&d=mm&r=g","caption":"Proyectum 2024"}}]}},"_links":{"self":[{"href":"https:\/\/proyectum.com\/pe\/wp-json\/wp\/v2\/posts\/1341","targetHints":{"allow":["GET"]}}],"collection":[{"href":"https:\/\/proyectum.com\/pe\/wp-json\/wp\/v2\/posts"}],"about":[{"href":"https:\/\/proyectum.com\/pe\/wp-json\/wp\/v2\/types\/post"}],"author":[{"embeddable":true,"href":"https:\/\/proyectum.com\/pe\/wp-json\/wp\/v2\/users\/26"}],"replies":[{"embeddable":true,"href":"https:\/\/proyectum.com\/pe\/wp-json\/wp\/v2\/comments?post=1341"}],"version-history":[{"count":0,"href":"https:\/\/proyectum.com\/pe\/wp-json\/wp\/v2\/posts\/1341\/revisions"}],"wp:attachment":[{"href":"https:\/\/proyectum.com\/pe\/wp-json\/wp\/v2\/media?parent=1341"}],"wp:term":[{"taxonomy":"category","embeddable":true,"href":"https:\/\/proyectum.com\/pe\/wp-json\/wp\/v2\/categories?post=1341"},{"taxonomy":"post_tag","embeddable":true,"href":"https:\/\/proyectum.com\/pe\/wp-json\/wp\/v2\/tags?post=1341"}],"curies":[{"name":"wp","href":"https:\/\/api.w.org\/{rel}","templated":true}]}}