{"id":1728,"date":"2015-04-28T18:00:05","date_gmt":"2015-04-29T00:00:05","guid":{"rendered":"https:\/\/proyectum.wordpress.com\/?p=1728"},"modified":"2024-12-23T11:27:43","modified_gmt":"2024-12-23T14:27:43","slug":"shortec-festival-de-cortometrajes-de-conciencia-social","status":"publish","type":"post","link":"https:\/\/proyectum.com\/pe\/shortec-festival-de-cortometrajes-de-conciencia-social\/","title":{"rendered":"Shortec \u2013 Festival de Cortometrajes de Conciencia Social"},"content":{"rendered":"<p>Hasta los proyectos m\u00e1s grandes comienzan con una simple idea. Este fue el caso de <strong>ShortTec<\/strong>, el primer festival de cortometrajes de conciencia social, realizado el pasado 17 de abril en el <strong>Tecnol\u00f3gico de Monterrey Campus Hidalgo<\/strong>.<\/p>\n<p><a href=\"http:\/\/www.proyectum.lat\/wp-content\/uploads\/2015\/04\/shortec.jpg\"><img fetchpriority=\"high\" decoding=\"async\" src=\"http:\/\/www.proyectum.lat\/wp-content\/uploads\/2015\/04\/shortec.jpg\" alt=\"Shortec\" width=\"560\" height=\"140\" class=\"aligncenter size-full wp-image-1747\" \/><\/a><\/p>\n<p>Gracias a la colaboraci\u00f3n entre el <strong>Tecnol\u00f3gico de Monterrey Campus Hidalgo<\/strong> y <strong>TenStep Latinoam\u00e9rica<\/strong>, los j\u00f3venes estudiantes no solo han aprendido en sus aulas la teor\u00eda alrededor de la <strong>Direcci\u00f3n de Proyectos<\/strong>, sino que adem\u00e1s, la han puesto en pr\u00e1ctica en proyectos reales que han alcanzado sus objetivos.<\/p>\n<p>El primero de ellos se llevo a cabo en noviembre de 2014, el <strong>PMDay<\/strong>, el primer congreso de direcci\u00f3n de proyectos. Unos meses despu\u00e9s, en enero de 2015, se convoc\u00f3 a la realizaci\u00f3n de un nuevo proyecto, esta vez bajo la idea de un <strong>festival de cortometrajes<\/strong> que cumpliera con 2 objetivos principales:<\/p>\n<p>\u2022\tUn m\u00ednimo de <strong>150 asistentes al event<\/strong>o.<br \/>\n\u2022\tAl menos <strong>6 cortometrajes<\/strong> registrados para participar.<\/p>\n<p>La idea que naci\u00f3 a principios de a\u00f1o, r\u00e1pidamente adquiri\u00f3 todos los elementos de un <strong>proyecto<\/strong>. Los alumnos se dividieron en c\u00e9lulas para repartir las distintas actividades que implicaban desde conseguir un presupuesto, hasta encontrar al jurado que calificar\u00eda los cortos, pasando por la convocatoria para p\u00fablico y participantes, conseguir la sede, distribuir la agenda del evento, entre muchas cosas m\u00e1s.<\/p>\n<p>Por si fuera poco trabajo llevar a cabo un evento de esta naturaleza, los j\u00f3venes tambi\u00e9n desarrollaron sus cortometrajes para participar en el festival. En menos de 6 meses lograron ejecutar de forma exitosa 2 proyectos: La realizaci\u00f3n de un festival y de un cortometraje.<\/p>\n<p><a href=\"http:\/\/www.proyectum.lat\/wp-content\/uploads\/2015\/04\/shortec-gafete.jpg\"><img decoding=\"async\" src=\"http:\/\/www.proyectum.lat\/wp-content\/uploads\/2015\/04\/shortec-gafete.jpg\" alt=\"Shortec Gafete\" width=\"560\" height=\"268\" class=\"aligncenter size-full wp-image-1749\" \/><\/a><\/p>\n<p>Al primer festival de cortometrajes se registraron m\u00e1s de 230 personas y el d\u00eda del evento asistieron m\u00e1s de 300. Adem\u00e1s, hubo 42 cortometrajes participando, una serie de conferencistas de primer nivel y una mesa de expertos de lujo.<\/p>\n<p>Por todo el esfuerzo dedicado, la cantidad de horas invertidas, pero sobre todo por el entusiasmo y la pasi\u00f3n que cada alumno present\u00f3 para la realizaci\u00f3n de este evento, el equipo de <a href=\"http:\/\/tenstep.mx\/\" title=\"TenStep\" target=\"_blank\" rel=\"noopener noreferrer\">TenStep Latinoam\u00e9rica<\/a> les da las gracias.<\/p>\n<p>As\u00ed mismo, queremos aprovechar la oportunidad para agradecer la confianza que las autoridades del <strong>Tecnol\u00f3gico de Monterrey<\/strong> depositaron en nosotros para la realizaci\u00f3n del festival y les reiteramos nuestro compromiso para que los alumnos vivan en carne propia la experiencia de la <strong>direcci\u00f3n de proyectos<\/strong>.<\/p>\n<p>Sobre el autor: <a href=\"http:\/\/about.me\/omargarcia\" TARGET=\"_blank\" rel=\"noopener noreferrer\">Omar Garc\u00eda<\/a><\/p>\n<p><a href=\"http:\/\/tenstep.mx\/registro-proyectum.html\" target=\"_blank\" rel=\"noopener noreferrer\"><img decoding=\"async\" class=\"aligncenter size-medium wp-image-1548\" src=\"https:\/\/proyectum.files.wordpress.com\/2015\/01\/suscribete.jpg?w=300\" alt=\"Suscribete Proyectum\" width=\"300\" height=\"75\" \/><\/a><\/p>\n","protected":false},"excerpt":{"rendered":"<p>Hasta los proyectos m\u00e1s grandes comienzan con una simple idea. Este fue el caso de ShortTec, el primer festival de cortometrajes de conciencia social, realizado el pasado 17 de abril en el Tecnol\u00f3gico de Monterrey Campus Hidalgo. Gracias a la colaboraci\u00f3n entre el Tecnol\u00f3gico de Monterrey Campus Hidalgo y TenStep Latinoam\u00e9rica, los j\u00f3venes estudiantes no [&hellip;]<\/p>\n","protected":false},"author":26,"featured_media":0,"comment_status":"open","ping_status":"open","sticky":false,"template":"","format":"standard","meta":{"_acf_changed":false,"footnotes":""},"categories":[519],"tags":[232,443,444,445,246,446],"class_list":["post-1728","post","type-post","status-publish","format-standard","hentry","category-eventos","tag-direccion-de-proyectos-2","tag-festival-de-cortometrajes","tag-primer-festival-de-cortometrajes-de-conciencia-social-shorttec","tag-primer-festival-de-cortometrajes-tec-de-monterrey-pachuca","tag-tenstep","tag-tenstep-y-shortec"],"acf":[],"yoast_head":"<!-- This site is optimized with the Yoast SEO plugin v24.4 - https:\/\/yoast.com\/wordpress\/plugins\/seo\/ -->\n<title>Shortec \u2013 Festival de Cortometrajes de Conciencia Social - Proyectum Per\u00fa<\/title>\n<meta name=\"robots\" content=\"index, follow, max-snippet:-1, max-image-preview:large, max-video-preview:-1\" \/>\n<link rel=\"canonical\" href=\"https:\/\/proyectum.com\/pe\/shortec-festival-de-cortometrajes-de-conciencia-social\/\" \/>\n<meta property=\"og:locale\" content=\"es_ES\" \/>\n<meta property=\"og:type\" content=\"article\" \/>\n<meta property=\"og:title\" content=\"Shortec \u2013 Festival de Cortometrajes de Conciencia Social - Proyectum Per\u00fa\" \/>\n<meta property=\"og:description\" content=\"Hasta los proyectos m\u00e1s grandes comienzan con una simple idea. Este fue el caso de ShortTec, el primer festival de cortometrajes de conciencia social, realizado el pasado 17 de abril en el Tecnol\u00f3gico de Monterrey Campus Hidalgo. Gracias a la colaboraci\u00f3n entre el Tecnol\u00f3gico de Monterrey Campus Hidalgo y TenStep Latinoam\u00e9rica, los j\u00f3venes estudiantes no [&hellip;]\" \/>\n<meta property=\"og:url\" content=\"https:\/\/proyectum.com\/pe\/shortec-festival-de-cortometrajes-de-conciencia-social\/\" \/>\n<meta property=\"og:site_name\" content=\"Proyectum Per\u00fa\" \/>\n<meta property=\"article:publisher\" content=\"https:\/\/www.facebook.com\/proyectum.pe\/\" \/>\n<meta property=\"article:published_time\" content=\"2015-04-29T00:00:05+00:00\" \/>\n<meta property=\"article:modified_time\" content=\"2024-12-23T14:27:43+00:00\" \/>\n<meta name=\"author\" content=\"Proyectum 2024\" \/>\n<meta name=\"twitter:card\" content=\"summary_large_image\" \/>\n<meta name=\"twitter:label1\" content=\"Escrito por\" \/>\n\t<meta name=\"twitter:data1\" content=\"Proyectum 2024\" \/>\n\t<meta name=\"twitter:label2\" content=\"Tiempo de lectura\" \/>\n\t<meta name=\"twitter:data2\" content=\"2 minutos\" \/>\n<script type=\"application\/ld+json\" class=\"yoast-schema-graph\">{\"@context\":\"https:\/\/schema.org\",\"@graph\":[{\"@type\":\"Article\",\"@id\":\"https:\/\/proyectum.com\/pe\/shortec-festival-de-cortometrajes-de-conciencia-social\/#article\",\"isPartOf\":{\"@id\":\"https:\/\/proyectum.com\/pe\/shortec-festival-de-cortometrajes-de-conciencia-social\/\"},\"author\":{\"name\":\"Proyectum 2024\",\"@id\":\"https:\/\/proyectum.com\/pe\/#\/schema\/person\/784b10060c51822d857e3004ea132bb4\"},\"headline\":\"Shortec \u2013 Festival de Cortometrajes de Conciencia Social\",\"datePublished\":\"2015-04-29T00:00:05+00:00\",\"dateModified\":\"2024-12-23T14:27:43+00:00\",\"mainEntityOfPage\":{\"@id\":\"https:\/\/proyectum.com\/pe\/shortec-festival-de-cortometrajes-de-conciencia-social\/\"},\"wordCount\":415,\"commentCount\":0,\"publisher\":{\"@id\":\"https:\/\/proyectum.com\/pe\/#organization\"},\"image\":{\"@id\":\"https:\/\/proyectum.com\/pe\/shortec-festival-de-cortometrajes-de-conciencia-social\/#primaryimage\"},\"thumbnailUrl\":\"http:\/\/www.proyectum.lat\/wp-content\/uploads\/2015\/04\/shortec.jpg\",\"keywords\":[\"direcci\u00f3n de proyectos\",\"festival de cortometrajes\",\"primer festival de cortometrajes de conciencia social ShortTec\",\"primer festival de cortometrajes tec de Monterrey Pachuca\",\"tenstep\",\"tenstep y shortec\"],\"articleSection\":[\"Eventos\"],\"inLanguage\":\"es\",\"potentialAction\":[{\"@type\":\"CommentAction\",\"name\":\"Comment\",\"target\":[\"https:\/\/proyectum.com\/pe\/shortec-festival-de-cortometrajes-de-conciencia-social\/#respond\"]}]},{\"@type\":\"WebPage\",\"@id\":\"https:\/\/proyectum.com\/pe\/shortec-festival-de-cortometrajes-de-conciencia-social\/\",\"url\":\"https:\/\/proyectum.com\/pe\/shortec-festival-de-cortometrajes-de-conciencia-social\/\",\"name\":\"Shortec \u2013 Festival de Cortometrajes de Conciencia Social - Proyectum Per\u00fa\",\"isPartOf\":{\"@id\":\"https:\/\/proyectum.com\/pe\/#website\"},\"primaryImageOfPage\":{\"@id\":\"https:\/\/proyectum.com\/pe\/shortec-festival-de-cortometrajes-de-conciencia-social\/#primaryimage\"},\"image\":{\"@id\":\"https:\/\/proyectum.com\/pe\/shortec-festival-de-cortometrajes-de-conciencia-social\/#primaryimage\"},\"thumbnailUrl\":\"http:\/\/www.proyectum.lat\/wp-content\/uploads\/2015\/04\/shortec.jpg\",\"datePublished\":\"2015-04-29T00:00:05+00:00\",\"dateModified\":\"2024-12-23T14:27:43+00:00\",\"breadcrumb\":{\"@id\":\"https:\/\/proyectum.com\/pe\/shortec-festival-de-cortometrajes-de-conciencia-social\/#breadcrumb\"},\"inLanguage\":\"es\",\"potentialAction\":[{\"@type\":\"ReadAction\",\"target\":[\"https:\/\/proyectum.com\/pe\/shortec-festival-de-cortometrajes-de-conciencia-social\/\"]}]},{\"@type\":\"ImageObject\",\"inLanguage\":\"es\",\"@id\":\"https:\/\/proyectum.com\/pe\/shortec-festival-de-cortometrajes-de-conciencia-social\/#primaryimage\",\"url\":\"http:\/\/www.proyectum.lat\/wp-content\/uploads\/2015\/04\/shortec.jpg\",\"contentUrl\":\"http:\/\/www.proyectum.lat\/wp-content\/uploads\/2015\/04\/shortec.jpg\"},{\"@type\":\"BreadcrumbList\",\"@id\":\"https:\/\/proyectum.com\/pe\/shortec-festival-de-cortometrajes-de-conciencia-social\/#breadcrumb\",\"itemListElement\":[{\"@type\":\"ListItem\",\"position\":1,\"name\":\"Home\",\"item\":\"https:\/\/proyectum.com\/pe\/\"},{\"@type\":\"ListItem\",\"position\":2,\"name\":\"Shortec \u2013 Festival de Cortometrajes de Conciencia Social\"}]},{\"@type\":\"WebSite\",\"@id\":\"https:\/\/proyectum.com\/pe\/#website\",\"url\":\"https:\/\/proyectum.com\/pe\/\",\"name\":\"Proyectum Per\u00fa\",\"description\":\"Direcci\u00f3n de Proyectos y Metodolog\u00edas \u00c1giles\",\"publisher\":{\"@id\":\"https:\/\/proyectum.com\/pe\/#organization\"},\"potentialAction\":[{\"@type\":\"SearchAction\",\"target\":{\"@type\":\"EntryPoint\",\"urlTemplate\":\"https:\/\/proyectum.com\/pe\/?s={search_term_string}\"},\"query-input\":{\"@type\":\"PropertyValueSpecification\",\"valueRequired\":true,\"valueName\":\"search_term_string\"}}],\"inLanguage\":\"es\"},{\"@type\":\"Organization\",\"@id\":\"https:\/\/proyectum.com\/pe\/#organization\",\"name\":\"Proyectum Per\u00fa\",\"url\":\"https:\/\/proyectum.com\/pe\/\",\"logo\":{\"@type\":\"ImageObject\",\"inLanguage\":\"es\",\"@id\":\"https:\/\/proyectum.com\/pe\/#\/schema\/logo\/image\/\",\"url\":\"https:\/\/proyectum.com\/pe\/wp-content\/uploads\/2020\/04\/proyectum-logo-snippet.png\",\"contentUrl\":\"https:\/\/proyectum.com\/pe\/wp-content\/uploads\/2020\/04\/proyectum-logo-snippet.png\",\"width\":600,\"height\":315,\"caption\":\"Proyectum Per\u00fa\"},\"image\":{\"@id\":\"https:\/\/proyectum.com\/pe\/#\/schema\/logo\/image\/\"},\"sameAs\":[\"https:\/\/www.facebook.com\/proyectum.pe\/\",\"https:\/\/www.instagram.com\/proyectum.pe\/\",\"https:\/\/www.linkedin.com\/company\/proyectumperu\/\",\"https:\/\/www.youtube.com\/@proyectum2283\/videos\"]},{\"@type\":\"Person\",\"@id\":\"https:\/\/proyectum.com\/pe\/#\/schema\/person\/784b10060c51822d857e3004ea132bb4\",\"name\":\"Proyectum 2024\",\"image\":{\"@type\":\"ImageObject\",\"inLanguage\":\"es\",\"@id\":\"https:\/\/proyectum.com\/pe\/#\/schema\/person\/image\/\",\"url\":\"https:\/\/secure.gravatar.com\/avatar\/df82793fddd8f0a5a84fdb27d958bf73?s=96&d=mm&r=g\",\"contentUrl\":\"https:\/\/secure.gravatar.com\/avatar\/df82793fddd8f0a5a84fdb27d958bf73?s=96&d=mm&r=g\",\"caption\":\"Proyectum 2024\"}}]}<\/script>\n<!-- \/ Yoast SEO plugin. -->","yoast_head_json":{"title":"Shortec \u2013 Festival de Cortometrajes de Conciencia Social - Proyectum Per\u00fa","robots":{"index":"index","follow":"follow","max-snippet":"max-snippet:-1","max-image-preview":"max-image-preview:large","max-video-preview":"max-video-preview:-1"},"canonical":"https:\/\/proyectum.com\/pe\/shortec-festival-de-cortometrajes-de-conciencia-social\/","og_locale":"es_ES","og_type":"article","og_title":"Shortec \u2013 Festival de Cortometrajes de Conciencia Social - Proyectum Per\u00fa","og_description":"Hasta los proyectos m\u00e1s grandes comienzan con una simple idea. Este fue el caso de ShortTec, el primer festival de cortometrajes de conciencia social, realizado el pasado 17 de abril en el Tecnol\u00f3gico de Monterrey Campus Hidalgo. Gracias a la colaboraci\u00f3n entre el Tecnol\u00f3gico de Monterrey Campus Hidalgo y TenStep Latinoam\u00e9rica, los j\u00f3venes estudiantes no [&hellip;]","og_url":"https:\/\/proyectum.com\/pe\/shortec-festival-de-cortometrajes-de-conciencia-social\/","og_site_name":"Proyectum Per\u00fa","article_publisher":"https:\/\/www.facebook.com\/proyectum.pe\/","article_published_time":"2015-04-29T00:00:05+00:00","article_modified_time":"2024-12-23T14:27:43+00:00","author":"Proyectum 2024","twitter_card":"summary_large_image","twitter_misc":{"Escrito por":"Proyectum 2024","Tiempo de lectura":"2 minutos"},"schema":{"@context":"https:\/\/schema.org","@graph":[{"@type":"Article","@id":"https:\/\/proyectum.com\/pe\/shortec-festival-de-cortometrajes-de-conciencia-social\/#article","isPartOf":{"@id":"https:\/\/proyectum.com\/pe\/shortec-festival-de-cortometrajes-de-conciencia-social\/"},"author":{"name":"Proyectum 2024","@id":"https:\/\/proyectum.com\/pe\/#\/schema\/person\/784b10060c51822d857e3004ea132bb4"},"headline":"Shortec \u2013 Festival de Cortometrajes de Conciencia Social","datePublished":"2015-04-29T00:00:05+00:00","dateModified":"2024-12-23T14:27:43+00:00","mainEntityOfPage":{"@id":"https:\/\/proyectum.com\/pe\/shortec-festival-de-cortometrajes-de-conciencia-social\/"},"wordCount":415,"commentCount":0,"publisher":{"@id":"https:\/\/proyectum.com\/pe\/#organization"},"image":{"@id":"https:\/\/proyectum.com\/pe\/shortec-festival-de-cortometrajes-de-conciencia-social\/#primaryimage"},"thumbnailUrl":"http:\/\/www.proyectum.lat\/wp-content\/uploads\/2015\/04\/shortec.jpg","keywords":["direcci\u00f3n de proyectos","festival de cortometrajes","primer festival de cortometrajes de conciencia social ShortTec","primer festival de cortometrajes tec de Monterrey Pachuca","tenstep","tenstep y shortec"],"articleSection":["Eventos"],"inLanguage":"es","potentialAction":[{"@type":"CommentAction","name":"Comment","target":["https:\/\/proyectum.com\/pe\/shortec-festival-de-cortometrajes-de-conciencia-social\/#respond"]}]},{"@type":"WebPage","@id":"https:\/\/proyectum.com\/pe\/shortec-festival-de-cortometrajes-de-conciencia-social\/","url":"https:\/\/proyectum.com\/pe\/shortec-festival-de-cortometrajes-de-conciencia-social\/","name":"Shortec \u2013 Festival de Cortometrajes de Conciencia Social - Proyectum Per\u00fa","isPartOf":{"@id":"https:\/\/proyectum.com\/pe\/#website"},"primaryImageOfPage":{"@id":"https:\/\/proyectum.com\/pe\/shortec-festival-de-cortometrajes-de-conciencia-social\/#primaryimage"},"image":{"@id":"https:\/\/proyectum.com\/pe\/shortec-festival-de-cortometrajes-de-conciencia-social\/#primaryimage"},"thumbnailUrl":"http:\/\/www.proyectum.lat\/wp-content\/uploads\/2015\/04\/shortec.jpg","datePublished":"2015-04-29T00:00:05+00:00","dateModified":"2024-12-23T14:27:43+00:00","breadcrumb":{"@id":"https:\/\/proyectum.com\/pe\/shortec-festival-de-cortometrajes-de-conciencia-social\/#breadcrumb"},"inLanguage":"es","potentialAction":[{"@type":"ReadAction","target":["https:\/\/proyectum.com\/pe\/shortec-festival-de-cortometrajes-de-conciencia-social\/"]}]},{"@type":"ImageObject","inLanguage":"es","@id":"https:\/\/proyectum.com\/pe\/shortec-festival-de-cortometrajes-de-conciencia-social\/#primaryimage","url":"http:\/\/www.proyectum.lat\/wp-content\/uploads\/2015\/04\/shortec.jpg","contentUrl":"http:\/\/www.proyectum.lat\/wp-content\/uploads\/2015\/04\/shortec.jpg"},{"@type":"BreadcrumbList","@id":"https:\/\/proyectum.com\/pe\/shortec-festival-de-cortometrajes-de-conciencia-social\/#breadcrumb","itemListElement":[{"@type":"ListItem","position":1,"name":"Home","item":"https:\/\/proyectum.com\/pe\/"},{"@type":"ListItem","position":2,"name":"Shortec \u2013 Festival de Cortometrajes de Conciencia Social"}]},{"@type":"WebSite","@id":"https:\/\/proyectum.com\/pe\/#website","url":"https:\/\/proyectum.com\/pe\/","name":"Proyectum Per\u00fa","description":"Direcci\u00f3n de Proyectos y Metodolog\u00edas \u00c1giles","publisher":{"@id":"https:\/\/proyectum.com\/pe\/#organization"},"potentialAction":[{"@type":"SearchAction","target":{"@type":"EntryPoint","urlTemplate":"https:\/\/proyectum.com\/pe\/?s={search_term_string}"},"query-input":{"@type":"PropertyValueSpecification","valueRequired":true,"valueName":"search_term_string"}}],"inLanguage":"es"},{"@type":"Organization","@id":"https:\/\/proyectum.com\/pe\/#organization","name":"Proyectum Per\u00fa","url":"https:\/\/proyectum.com\/pe\/","logo":{"@type":"ImageObject","inLanguage":"es","@id":"https:\/\/proyectum.com\/pe\/#\/schema\/logo\/image\/","url":"https:\/\/proyectum.com\/pe\/wp-content\/uploads\/2020\/04\/proyectum-logo-snippet.png","contentUrl":"https:\/\/proyectum.com\/pe\/wp-content\/uploads\/2020\/04\/proyectum-logo-snippet.png","width":600,"height":315,"caption":"Proyectum Per\u00fa"},"image":{"@id":"https:\/\/proyectum.com\/pe\/#\/schema\/logo\/image\/"},"sameAs":["https:\/\/www.facebook.com\/proyectum.pe\/","https:\/\/www.instagram.com\/proyectum.pe\/","https:\/\/www.linkedin.com\/company\/proyectumperu\/","https:\/\/www.youtube.com\/@proyectum2283\/videos"]},{"@type":"Person","@id":"https:\/\/proyectum.com\/pe\/#\/schema\/person\/784b10060c51822d857e3004ea132bb4","name":"Proyectum 2024","image":{"@type":"ImageObject","inLanguage":"es","@id":"https:\/\/proyectum.com\/pe\/#\/schema\/person\/image\/","url":"https:\/\/secure.gravatar.com\/avatar\/df82793fddd8f0a5a84fdb27d958bf73?s=96&d=mm&r=g","contentUrl":"https:\/\/secure.gravatar.com\/avatar\/df82793fddd8f0a5a84fdb27d958bf73?s=96&d=mm&r=g","caption":"Proyectum 2024"}}]}},"_links":{"self":[{"href":"https:\/\/proyectum.com\/pe\/wp-json\/wp\/v2\/posts\/1728","targetHints":{"allow":["GET"]}}],"collection":[{"href":"https:\/\/proyectum.com\/pe\/wp-json\/wp\/v2\/posts"}],"about":[{"href":"https:\/\/proyectum.com\/pe\/wp-json\/wp\/v2\/types\/post"}],"author":[{"embeddable":true,"href":"https:\/\/proyectum.com\/pe\/wp-json\/wp\/v2\/users\/26"}],"replies":[{"embeddable":true,"href":"https:\/\/proyectum.com\/pe\/wp-json\/wp\/v2\/comments?post=1728"}],"version-history":[{"count":0,"href":"https:\/\/proyectum.com\/pe\/wp-json\/wp\/v2\/posts\/1728\/revisions"}],"wp:attachment":[{"href":"https:\/\/proyectum.com\/pe\/wp-json\/wp\/v2\/media?parent=1728"}],"wp:term":[{"taxonomy":"category","embeddable":true,"href":"https:\/\/proyectum.com\/pe\/wp-json\/wp\/v2\/categories?post=1728"},{"taxonomy":"post_tag","embeddable":true,"href":"https:\/\/proyectum.com\/pe\/wp-json\/wp\/v2\/tags?post=1728"}],"curies":[{"name":"wp","href":"https:\/\/api.w.org\/{rel}","templated":true}]}}