{"id":1730,"date":"2015-04-28T17:50:36","date_gmt":"2015-04-28T23:50:36","guid":{"rendered":"https:\/\/proyectum.wordpress.com\/?p=1730"},"modified":"2024-12-23T11:28:28","modified_gmt":"2024-12-23T14:28:28","slug":"un-proyecto-sobre-cine","status":"publish","type":"post","link":"https:\/\/proyectum.com\/pe\/un-proyecto-sobre-cine\/","title":{"rendered":"Un proyecto sobre cine"},"content":{"rendered":"<p>A simple vista pudiera parecer que <strong>el equipo de TenStep<\/strong> no tiene nada que ver con el mundo del cine. Incluso si alguien nos hubiera dicho que nosotros, que nos encargamos de seguir las buenas pr\u00e1cticas para <a href=\"http:\/\/tenstep.mx\/\" title=\"TenStep Latinoam\u00e9rica\" target=\"_blank\" rel=\"noopener noreferrer\">dirigir y gestionar proyectos<\/a>, nos \u00edbamos a ver involucrados en un <strong>festival de cortometrajes<\/strong>, seguramente lo hubi\u00e9ramos tomado con escepticismo.<\/p>\n<p>Pero como nos gusta decir: \u201c<strong>la vida misma es un proyecto<\/strong>\u201d. As\u00ed que junto con nuestros alumnos del <strong>Tecnol\u00f3gico de Monterrey Campus Hidalgo<\/strong> nos embarcamos en un proyecto interesante y bastante nuevo para nosotros, un <strong>festival de cortometrajes<\/strong> que tuvo como tema principal la conciencia social. Aunque debemos reconocer que la mayor\u00eda del trabajo recay\u00f3 en nuestros alumnos, queremos sentirnos parte de tan exitoso proyecto.<\/p>\n<p><a href=\"http:\/\/www.proyectum.lat\/wp-content\/uploads\/2015\/04\/shortec-gente.jpg\"><img fetchpriority=\"high\" decoding=\"async\" src=\"http:\/\/www.proyectum.lat\/wp-content\/uploads\/2015\/04\/shortec-gente.jpg\" alt=\"Shortec tenstep\" width=\"560\" height=\"314\" class=\"aligncenter size-full wp-image-1733\" \/><\/a><\/p>\n<p>El <strong>primer festival de cortometrajes de conciencia social ShortTec<\/strong> qued\u00f3 oficialmente inaugurado a las 10 horas con 10 minutos del viernes 17 de abril. Minutos despu\u00e9s pudimos disfrutar de la conferencia \u201c<strong>Marketing en el cine<\/strong>\u201d a cargo de la experta <a href=\"https:\/\/twitter.com\/cineadicta\" title=\"Alejandra Cid\" target=\"_blank\" rel=\"noopener noreferrer\">Alejandra Cid<\/a>, quien entre muchas cosas, ha realizado campa\u00f1as de marketing para pel\u00edculas como: \u201c<strong>Bastardos sin gloria<\/strong>\u201d y \u201c<strong>Mi villano favorito<\/strong>\u201d.<\/p>\n<p><a href=\"http:\/\/www.proyectum.lat\/wp-content\/uploads\/2015\/04\/shortec-alejandra-cid.jpg\"><img decoding=\"async\" src=\"http:\/\/www.proyectum.lat\/wp-content\/uploads\/2015\/04\/shortec-alejandra-cid.jpg\" alt=\"shortec-alejandra cid\" width=\"560\" height=\"392\" class=\"aligncenter size-full wp-image-1737\" \/><\/a><\/p>\n<p>Al terminar la primera conferencia, tuvimos la oportunidad de hablar con la <strong>Lic. Leticia Franco<\/strong>, directora de la licenciatura en Administraci\u00f3n y Estrategias de negocios, con la <strong>Lic. Rosario Ram\u00edrez<\/strong>, directora de la carrera de Contadur\u00eda P\u00fablica y Finanzas, y con el <strong>Ing. Juan Jos\u00e9 Franklin<\/strong>, director de la carrera de Ingenier\u00eda Industrial. Nos externaron el gusto que sent\u00edan de que los alumnos pusieran en pr\u00e1ctica lo que aprenden en las aulas. Desde el punto de vista del ingeniero Franklin, hay 2 ventajas en este tipo de proyectos: \u201c<em>Por un lado la certificaci\u00f3n internacional que recibir\u00e1n los j\u00f3venes por parte de <strong>TenStep<\/strong> y por otro lado los diferentes campos desarrollados que pusieron en pr\u00e1ctica los alumnos<\/em>\u201d.<\/p>\n<p>\u201c<em>De nuestra parte, los alumnos recibieron un m\u00ednimo apoyo, los j\u00f3venes se encargaron de todo para organizar el evento, por eso es de reconocer el buen trabajo que se hizo<\/em>\u201d. Ante la pregunta de si el festival podr\u00eda repetirse de forma anual comentaron: \u201c<em>Se debe involucrar a otras instituciones, como al gobierno, a otras escuelas y a la comunidad en general para que esto se pueda realizar anualmente, tal vez cambiando la tem\u00e1tica del festival cada a\u00f1o<\/em>\u201d.<\/p>\n<p>Otra de las conferencias que pudimos disfrutar en el festival, fue la de <strong>Juan Pablo Lemus<\/strong>, quien nos hablo de la historia de los efectos especiales.<\/p>\n<p>Al terminar, aprovechamos para platicar con algunos de los j\u00f3venes organizadores, quienes coincidieron en que lo m\u00e1s dif\u00edcil de este proyecto fue ponerse de acuerdo entre ellos, pues por sus diferentes horarios resultaba bastante complicado poder reunirse.<\/p>\n<p>\u201c<strong>Las distintas cargas de trabajo de los compa\u00f1eros hac\u00eda que se complicara la disponibilidad de horarios<\/strong>\u201d. Nos coment\u00f3 Carlos Corona.<\/p>\n<p>Por su parte, Alexia Lemus otra de las j\u00f3venes estudiantes y organizadora del evento nos coment\u00f3: \u201cUno de los atractivos para que hubiera un gran n\u00famero de asistentes al festival fue la calidad de los conferencistas\u201d.<\/p>\n<p><a href=\"http:\/\/www.proyectum.lat\/wp-content\/uploads\/2015\/04\/shortec-panel.jpg\"><img decoding=\"async\" src=\"http:\/\/www.proyectum.lat\/wp-content\/uploads\/2015\/04\/shortec-panel.jpg\" alt=\"Shortec-Panel\" width=\"560\" height=\"329\" class=\"aligncenter size-full wp-image-1741\" \/><\/a><\/p>\n<p>El festival continu\u00f3 con un panel de expertos donde la tem\u00e1tica fue: \u201c<strong>Fomento de la conciencia social a trav\u00e9s del cine<\/strong>\u201d. Como parte de este panel, particip\u00f3 Gerardo Gil Ballesteros quien despu\u00e9s tambi\u00e9n form\u00f3 parte como juez de los cortometrajes y nos comparti\u00f3: \u201c<em>Las escuelas son un laboratorio profesional y este tipo de eventos sirve a los j\u00f3venes como una premisa de la vida real, donde deben buscar relacionarse p\u00fablicamente. La vida profesional depende mucho de las relaciones<\/em>\u201d.<\/p>\n<p>Despu\u00e9s de un largo d\u00eda el punto culminante lleg\u00f3 con la premiaci\u00f3n de los cortometrajes y as\u00ed quedaron los ganadores en las distintas categor\u00edas:<\/p>\n<p>\u2022\tMejor direcci\u00f3n: <strong>La mu\u00f1eca<\/strong>.<br \/>\n\u2022\tMejor idea original y de impacto: <strong>Paulina<\/strong>.<br \/>\n\u2022\tMejor narrativa: <strong>Inequidad de g\u00e9nero<\/strong>.<br \/>\n\u2022\tMejor cortometraje: <strong>Mirando hacia atr\u00e1s<\/strong>.<\/p>\n<p>\u201c<em>Enfrentar un problema y cumplir los objetivos, genera en los j\u00f3venes un sentido de logro que a la vez forma parte del tejido social. Esperamos poder seguir participando en el Tecnol\u00f3gico de Monterrey, nos llena de energ\u00eda poder trabajar con j\u00f3venes. Podemos alternar entre el PMDay y Shortec, buscando la participaci\u00f3n de otras escuelas y la sociedad en general<\/em>\u201d. Fueron las palabras de <strong>Jorge Vald\u00e9s<\/strong>, director general de <strong>TenStep Latinoam\u00e9rica<\/strong> al finalizar el evento.<\/p>\n<p><a href=\"http:\/\/www.proyectum.lat\/wp-content\/uploads\/2015\/04\/img_3803.jpg\"><img loading=\"lazy\" decoding=\"async\" src=\"http:\/\/www.proyectum.lat\/wp-content\/uploads\/2015\/04\/img_3803.jpg\" alt=\"IMG_3803\" width=\"560\" height=\"373\" class=\"aligncenter size-full wp-image-1739\" \/><\/a><\/p>\n<p>As\u00ed es como <strong>TenStep Latinoam\u00e9rica<\/strong> imprime una vez m\u00e1s su sello de compromiso con la sociedad. Esta vez en un proyecto de cine, un campo en el que nunca nos imaginamos incursionar, y haciendo sinergia con los j\u00f3venes organizadores, los cuales nos volvieron a encender esa chispa de dinamismo que a veces es f\u00e1cil de perder con el paso de los a\u00f1os.<\/p>\n<p>Sobre el autor: <a href=\"http:\/\/about.me\/omargarcia\" TARGET=\"_blank\" rel=\"noopener noreferrer\">Omar Garc\u00eda<\/a><\/p>\n","protected":false},"excerpt":{"rendered":"<p>A simple vista pudiera parecer que el equipo de TenStep no tiene nada que ver con el mundo del cine. Incluso si alguien nos hubiera dicho que nosotros, que nos encargamos de seguir las buenas pr\u00e1cticas para dirigir y gestionar proyectos, nos \u00edbamos a ver involucrados en un festival de cortometrajes, seguramente lo hubi\u00e9ramos tomado [&hellip;]<\/p>\n","protected":false},"author":26,"featured_media":0,"comment_status":"open","ping_status":"open","sticky":false,"template":"","format":"standard","meta":{"_acf_changed":false,"footnotes":""},"categories":[519],"tags":[447,448,443,449,444,445,450],"class_list":["post-1730","post","type-post","status-publish","format-standard","hentry","category-eventos","tag-dirigir-y-gestionar-proyectos","tag-el-equipo-de-tenstep","tag-festival-de-cortometrajes","tag-jorge-valdes","tag-primer-festival-de-cortometrajes-de-conciencia-social-shorttec","tag-primer-festival-de-cortometrajes-tec-de-monterrey-pachuca","tag-tenstep-latinoamerica"],"acf":[],"yoast_head":"<!-- This site is optimized with the Yoast SEO plugin v24.4 - https:\/\/yoast.com\/wordpress\/plugins\/seo\/ -->\n<title>Un proyecto sobre cine - Proyectum Per\u00fa<\/title>\n<meta name=\"robots\" content=\"index, follow, max-snippet:-1, max-image-preview:large, max-video-preview:-1\" \/>\n<link rel=\"canonical\" href=\"https:\/\/proyectum.com\/pe\/un-proyecto-sobre-cine\/\" \/>\n<meta property=\"og:locale\" content=\"es_ES\" \/>\n<meta property=\"og:type\" content=\"article\" \/>\n<meta property=\"og:title\" content=\"Un proyecto sobre cine - Proyectum Per\u00fa\" \/>\n<meta property=\"og:description\" content=\"A simple vista pudiera parecer que el equipo de TenStep no tiene nada que ver con el mundo del cine. Incluso si alguien nos hubiera dicho que nosotros, que nos encargamos de seguir las buenas pr\u00e1cticas para dirigir y gestionar proyectos, nos \u00edbamos a ver involucrados en un festival de cortometrajes, seguramente lo hubi\u00e9ramos tomado [&hellip;]\" \/>\n<meta property=\"og:url\" content=\"https:\/\/proyectum.com\/pe\/un-proyecto-sobre-cine\/\" \/>\n<meta property=\"og:site_name\" content=\"Proyectum Per\u00fa\" \/>\n<meta property=\"article:publisher\" content=\"https:\/\/www.facebook.com\/proyectum.pe\/\" \/>\n<meta property=\"article:published_time\" content=\"2015-04-28T23:50:36+00:00\" \/>\n<meta property=\"article:modified_time\" content=\"2024-12-23T14:28:28+00:00\" \/>\n<meta name=\"author\" content=\"Proyectum 2024\" \/>\n<meta name=\"twitter:card\" content=\"summary_large_image\" \/>\n<meta name=\"twitter:label1\" content=\"Escrito por\" \/>\n\t<meta name=\"twitter:data1\" content=\"Proyectum 2024\" \/>\n\t<meta name=\"twitter:label2\" content=\"Tiempo de lectura\" \/>\n\t<meta name=\"twitter:data2\" content=\"4 minutos\" \/>\n<script type=\"application\/ld+json\" class=\"yoast-schema-graph\">{\"@context\":\"https:\/\/schema.org\",\"@graph\":[{\"@type\":\"Article\",\"@id\":\"https:\/\/proyectum.com\/pe\/un-proyecto-sobre-cine\/#article\",\"isPartOf\":{\"@id\":\"https:\/\/proyectum.com\/pe\/un-proyecto-sobre-cine\/\"},\"author\":{\"name\":\"Proyectum 2024\",\"@id\":\"https:\/\/proyectum.com\/pe\/#\/schema\/person\/784b10060c51822d857e3004ea132bb4\"},\"headline\":\"Un proyecto sobre cine\",\"datePublished\":\"2015-04-28T23:50:36+00:00\",\"dateModified\":\"2024-12-23T14:28:28+00:00\",\"mainEntityOfPage\":{\"@id\":\"https:\/\/proyectum.com\/pe\/un-proyecto-sobre-cine\/\"},\"wordCount\":816,\"commentCount\":0,\"publisher\":{\"@id\":\"https:\/\/proyectum.com\/pe\/#organization\"},\"image\":{\"@id\":\"https:\/\/proyectum.com\/pe\/un-proyecto-sobre-cine\/#primaryimage\"},\"thumbnailUrl\":\"http:\/\/www.proyectum.lat\/wp-content\/uploads\/2015\/04\/shortec-gente.jpg\",\"keywords\":[\"dirigir y gestionar proyectos\",\"el equipo de TenStep\",\"festival de cortometrajes\",\"Jorge Vald\u00e9s\",\"primer festival de cortometrajes de conciencia social ShortTec\",\"primer festival de cortometrajes tec de Monterrey Pachuca\",\"TenStep Latinoam\u00e9rica\"],\"articleSection\":[\"Eventos\"],\"inLanguage\":\"es\",\"potentialAction\":[{\"@type\":\"CommentAction\",\"name\":\"Comment\",\"target\":[\"https:\/\/proyectum.com\/pe\/un-proyecto-sobre-cine\/#respond\"]}]},{\"@type\":\"WebPage\",\"@id\":\"https:\/\/proyectum.com\/pe\/un-proyecto-sobre-cine\/\",\"url\":\"https:\/\/proyectum.com\/pe\/un-proyecto-sobre-cine\/\",\"name\":\"Un proyecto sobre cine - Proyectum Per\u00fa\",\"isPartOf\":{\"@id\":\"https:\/\/proyectum.com\/pe\/#website\"},\"primaryImageOfPage\":{\"@id\":\"https:\/\/proyectum.com\/pe\/un-proyecto-sobre-cine\/#primaryimage\"},\"image\":{\"@id\":\"https:\/\/proyectum.com\/pe\/un-proyecto-sobre-cine\/#primaryimage\"},\"thumbnailUrl\":\"http:\/\/www.proyectum.lat\/wp-content\/uploads\/2015\/04\/shortec-gente.jpg\",\"datePublished\":\"2015-04-28T23:50:36+00:00\",\"dateModified\":\"2024-12-23T14:28:28+00:00\",\"breadcrumb\":{\"@id\":\"https:\/\/proyectum.com\/pe\/un-proyecto-sobre-cine\/#breadcrumb\"},\"inLanguage\":\"es\",\"potentialAction\":[{\"@type\":\"ReadAction\",\"target\":[\"https:\/\/proyectum.com\/pe\/un-proyecto-sobre-cine\/\"]}]},{\"@type\":\"ImageObject\",\"inLanguage\":\"es\",\"@id\":\"https:\/\/proyectum.com\/pe\/un-proyecto-sobre-cine\/#primaryimage\",\"url\":\"http:\/\/www.proyectum.lat\/wp-content\/uploads\/2015\/04\/shortec-gente.jpg\",\"contentUrl\":\"http:\/\/www.proyectum.lat\/wp-content\/uploads\/2015\/04\/shortec-gente.jpg\"},{\"@type\":\"BreadcrumbList\",\"@id\":\"https:\/\/proyectum.com\/pe\/un-proyecto-sobre-cine\/#breadcrumb\",\"itemListElement\":[{\"@type\":\"ListItem\",\"position\":1,\"name\":\"Home\",\"item\":\"https:\/\/proyectum.com\/pe\/\"},{\"@type\":\"ListItem\",\"position\":2,\"name\":\"Un proyecto sobre cine\"}]},{\"@type\":\"WebSite\",\"@id\":\"https:\/\/proyectum.com\/pe\/#website\",\"url\":\"https:\/\/proyectum.com\/pe\/\",\"name\":\"Proyectum Per\u00fa\",\"description\":\"Direcci\u00f3n de Proyectos y Metodolog\u00edas \u00c1giles\",\"publisher\":{\"@id\":\"https:\/\/proyectum.com\/pe\/#organization\"},\"potentialAction\":[{\"@type\":\"SearchAction\",\"target\":{\"@type\":\"EntryPoint\",\"urlTemplate\":\"https:\/\/proyectum.com\/pe\/?s={search_term_string}\"},\"query-input\":{\"@type\":\"PropertyValueSpecification\",\"valueRequired\":true,\"valueName\":\"search_term_string\"}}],\"inLanguage\":\"es\"},{\"@type\":\"Organization\",\"@id\":\"https:\/\/proyectum.com\/pe\/#organization\",\"name\":\"Proyectum Per\u00fa\",\"url\":\"https:\/\/proyectum.com\/pe\/\",\"logo\":{\"@type\":\"ImageObject\",\"inLanguage\":\"es\",\"@id\":\"https:\/\/proyectum.com\/pe\/#\/schema\/logo\/image\/\",\"url\":\"https:\/\/proyectum.com\/pe\/wp-content\/uploads\/2020\/04\/proyectum-logo-snippet.png\",\"contentUrl\":\"https:\/\/proyectum.com\/pe\/wp-content\/uploads\/2020\/04\/proyectum-logo-snippet.png\",\"width\":600,\"height\":315,\"caption\":\"Proyectum Per\u00fa\"},\"image\":{\"@id\":\"https:\/\/proyectum.com\/pe\/#\/schema\/logo\/image\/\"},\"sameAs\":[\"https:\/\/www.facebook.com\/proyectum.pe\/\",\"https:\/\/www.instagram.com\/proyectum.pe\/\",\"https:\/\/www.linkedin.com\/company\/proyectumperu\/\",\"https:\/\/www.youtube.com\/@proyectum2283\/videos\"]},{\"@type\":\"Person\",\"@id\":\"https:\/\/proyectum.com\/pe\/#\/schema\/person\/784b10060c51822d857e3004ea132bb4\",\"name\":\"Proyectum 2024\",\"image\":{\"@type\":\"ImageObject\",\"inLanguage\":\"es\",\"@id\":\"https:\/\/proyectum.com\/pe\/#\/schema\/person\/image\/\",\"url\":\"https:\/\/secure.gravatar.com\/avatar\/df82793fddd8f0a5a84fdb27d958bf73?s=96&d=mm&r=g\",\"contentUrl\":\"https:\/\/secure.gravatar.com\/avatar\/df82793fddd8f0a5a84fdb27d958bf73?s=96&d=mm&r=g\",\"caption\":\"Proyectum 2024\"}}]}<\/script>\n<!-- \/ Yoast SEO plugin. -->","yoast_head_json":{"title":"Un proyecto sobre cine - Proyectum Per\u00fa","robots":{"index":"index","follow":"follow","max-snippet":"max-snippet:-1","max-image-preview":"max-image-preview:large","max-video-preview":"max-video-preview:-1"},"canonical":"https:\/\/proyectum.com\/pe\/un-proyecto-sobre-cine\/","og_locale":"es_ES","og_type":"article","og_title":"Un proyecto sobre cine - Proyectum Per\u00fa","og_description":"A simple vista pudiera parecer que el equipo de TenStep no tiene nada que ver con el mundo del cine. Incluso si alguien nos hubiera dicho que nosotros, que nos encargamos de seguir las buenas pr\u00e1cticas para dirigir y gestionar proyectos, nos \u00edbamos a ver involucrados en un festival de cortometrajes, seguramente lo hubi\u00e9ramos tomado [&hellip;]","og_url":"https:\/\/proyectum.com\/pe\/un-proyecto-sobre-cine\/","og_site_name":"Proyectum Per\u00fa","article_publisher":"https:\/\/www.facebook.com\/proyectum.pe\/","article_published_time":"2015-04-28T23:50:36+00:00","article_modified_time":"2024-12-23T14:28:28+00:00","author":"Proyectum 2024","twitter_card":"summary_large_image","twitter_misc":{"Escrito por":"Proyectum 2024","Tiempo de lectura":"4 minutos"},"schema":{"@context":"https:\/\/schema.org","@graph":[{"@type":"Article","@id":"https:\/\/proyectum.com\/pe\/un-proyecto-sobre-cine\/#article","isPartOf":{"@id":"https:\/\/proyectum.com\/pe\/un-proyecto-sobre-cine\/"},"author":{"name":"Proyectum 2024","@id":"https:\/\/proyectum.com\/pe\/#\/schema\/person\/784b10060c51822d857e3004ea132bb4"},"headline":"Un proyecto sobre cine","datePublished":"2015-04-28T23:50:36+00:00","dateModified":"2024-12-23T14:28:28+00:00","mainEntityOfPage":{"@id":"https:\/\/proyectum.com\/pe\/un-proyecto-sobre-cine\/"},"wordCount":816,"commentCount":0,"publisher":{"@id":"https:\/\/proyectum.com\/pe\/#organization"},"image":{"@id":"https:\/\/proyectum.com\/pe\/un-proyecto-sobre-cine\/#primaryimage"},"thumbnailUrl":"http:\/\/www.proyectum.lat\/wp-content\/uploads\/2015\/04\/shortec-gente.jpg","keywords":["dirigir y gestionar proyectos","el equipo de TenStep","festival de cortometrajes","Jorge Vald\u00e9s","primer festival de cortometrajes de conciencia social ShortTec","primer festival de cortometrajes tec de Monterrey Pachuca","TenStep Latinoam\u00e9rica"],"articleSection":["Eventos"],"inLanguage":"es","potentialAction":[{"@type":"CommentAction","name":"Comment","target":["https:\/\/proyectum.com\/pe\/un-proyecto-sobre-cine\/#respond"]}]},{"@type":"WebPage","@id":"https:\/\/proyectum.com\/pe\/un-proyecto-sobre-cine\/","url":"https:\/\/proyectum.com\/pe\/un-proyecto-sobre-cine\/","name":"Un proyecto sobre cine - Proyectum Per\u00fa","isPartOf":{"@id":"https:\/\/proyectum.com\/pe\/#website"},"primaryImageOfPage":{"@id":"https:\/\/proyectum.com\/pe\/un-proyecto-sobre-cine\/#primaryimage"},"image":{"@id":"https:\/\/proyectum.com\/pe\/un-proyecto-sobre-cine\/#primaryimage"},"thumbnailUrl":"http:\/\/www.proyectum.lat\/wp-content\/uploads\/2015\/04\/shortec-gente.jpg","datePublished":"2015-04-28T23:50:36+00:00","dateModified":"2024-12-23T14:28:28+00:00","breadcrumb":{"@id":"https:\/\/proyectum.com\/pe\/un-proyecto-sobre-cine\/#breadcrumb"},"inLanguage":"es","potentialAction":[{"@type":"ReadAction","target":["https:\/\/proyectum.com\/pe\/un-proyecto-sobre-cine\/"]}]},{"@type":"ImageObject","inLanguage":"es","@id":"https:\/\/proyectum.com\/pe\/un-proyecto-sobre-cine\/#primaryimage","url":"http:\/\/www.proyectum.lat\/wp-content\/uploads\/2015\/04\/shortec-gente.jpg","contentUrl":"http:\/\/www.proyectum.lat\/wp-content\/uploads\/2015\/04\/shortec-gente.jpg"},{"@type":"BreadcrumbList","@id":"https:\/\/proyectum.com\/pe\/un-proyecto-sobre-cine\/#breadcrumb","itemListElement":[{"@type":"ListItem","position":1,"name":"Home","item":"https:\/\/proyectum.com\/pe\/"},{"@type":"ListItem","position":2,"name":"Un proyecto sobre cine"}]},{"@type":"WebSite","@id":"https:\/\/proyectum.com\/pe\/#website","url":"https:\/\/proyectum.com\/pe\/","name":"Proyectum Per\u00fa","description":"Direcci\u00f3n de Proyectos y Metodolog\u00edas \u00c1giles","publisher":{"@id":"https:\/\/proyectum.com\/pe\/#organization"},"potentialAction":[{"@type":"SearchAction","target":{"@type":"EntryPoint","urlTemplate":"https:\/\/proyectum.com\/pe\/?s={search_term_string}"},"query-input":{"@type":"PropertyValueSpecification","valueRequired":true,"valueName":"search_term_string"}}],"inLanguage":"es"},{"@type":"Organization","@id":"https:\/\/proyectum.com\/pe\/#organization","name":"Proyectum Per\u00fa","url":"https:\/\/proyectum.com\/pe\/","logo":{"@type":"ImageObject","inLanguage":"es","@id":"https:\/\/proyectum.com\/pe\/#\/schema\/logo\/image\/","url":"https:\/\/proyectum.com\/pe\/wp-content\/uploads\/2020\/04\/proyectum-logo-snippet.png","contentUrl":"https:\/\/proyectum.com\/pe\/wp-content\/uploads\/2020\/04\/proyectum-logo-snippet.png","width":600,"height":315,"caption":"Proyectum Per\u00fa"},"image":{"@id":"https:\/\/proyectum.com\/pe\/#\/schema\/logo\/image\/"},"sameAs":["https:\/\/www.facebook.com\/proyectum.pe\/","https:\/\/www.instagram.com\/proyectum.pe\/","https:\/\/www.linkedin.com\/company\/proyectumperu\/","https:\/\/www.youtube.com\/@proyectum2283\/videos"]},{"@type":"Person","@id":"https:\/\/proyectum.com\/pe\/#\/schema\/person\/784b10060c51822d857e3004ea132bb4","name":"Proyectum 2024","image":{"@type":"ImageObject","inLanguage":"es","@id":"https:\/\/proyectum.com\/pe\/#\/schema\/person\/image\/","url":"https:\/\/secure.gravatar.com\/avatar\/df82793fddd8f0a5a84fdb27d958bf73?s=96&d=mm&r=g","contentUrl":"https:\/\/secure.gravatar.com\/avatar\/df82793fddd8f0a5a84fdb27d958bf73?s=96&d=mm&r=g","caption":"Proyectum 2024"}}]}},"_links":{"self":[{"href":"https:\/\/proyectum.com\/pe\/wp-json\/wp\/v2\/posts\/1730","targetHints":{"allow":["GET"]}}],"collection":[{"href":"https:\/\/proyectum.com\/pe\/wp-json\/wp\/v2\/posts"}],"about":[{"href":"https:\/\/proyectum.com\/pe\/wp-json\/wp\/v2\/types\/post"}],"author":[{"embeddable":true,"href":"https:\/\/proyectum.com\/pe\/wp-json\/wp\/v2\/users\/26"}],"replies":[{"embeddable":true,"href":"https:\/\/proyectum.com\/pe\/wp-json\/wp\/v2\/comments?post=1730"}],"version-history":[{"count":0,"href":"https:\/\/proyectum.com\/pe\/wp-json\/wp\/v2\/posts\/1730\/revisions"}],"wp:attachment":[{"href":"https:\/\/proyectum.com\/pe\/wp-json\/wp\/v2\/media?parent=1730"}],"wp:term":[{"taxonomy":"category","embeddable":true,"href":"https:\/\/proyectum.com\/pe\/wp-json\/wp\/v2\/categories?post=1730"},{"taxonomy":"post_tag","embeddable":true,"href":"https:\/\/proyectum.com\/pe\/wp-json\/wp\/v2\/tags?post=1730"}],"curies":[{"name":"wp","href":"https:\/\/api.w.org\/{rel}","templated":true}]}}