{"id":2105,"date":"2015-11-20T12:00:32","date_gmt":"2015-11-20T18:00:32","guid":{"rendered":"http:\/\/www.proyectum.lat\/?p=2105"},"modified":"2024-12-23T11:28:34","modified_gmt":"2024-12-23T14:28:34","slug":"segunda-edicion-del-pmday","status":"publish","type":"post","link":"https:\/\/proyectum.com\/pe\/segunda-edicion-del-pmday\/","title":{"rendered":"Segunda edici\u00f3n del PMDaY"},"content":{"rendered":"<p>El pasado <strong>viernes 13 de noviembre<\/strong> se llev\u00f3 a cabo la segunda edici\u00f3n del <strong>Congreso de Direcci\u00f3n de Proyectos PMDaY<\/strong> en el Tecnol\u00f3gico de Monterrey campus Hidalgo. Es la tercera ocasi\u00f3n en la que el equipo de <a href=\"http:\/\/tenstep.mx\/\" target=\"_blank\" rel=\"noopener noreferrer\">TenStep Latinoam\u00e9rica<\/a> participa con j\u00f3venes de dicha instituci\u00f3n para trasladar los conocimientos que se aprenden en las aulas a un proyecto de la vida real.<\/p>\n<p><a href=\"http:\/\/www.proyectum.lat\/wp-content\/uploads\/2015\/11\/PMDaY.jpg\"><img fetchpriority=\"high\" decoding=\"async\" class=\"aligncenter size-large wp-image-2129\" src=\"http:\/\/www.proyectum.lat\/wp-content\/uploads\/2015\/11\/PMDaY-1024x632.jpg\" alt=\"PMDaY en Pachuca\" width=\"1024\" height=\"632\" \/><\/a><\/p>\n<p>En punto de las 10 de la ma\u00f1ana la directora del plantel, Contadora Publica <strong>Claudia Gallegos<\/strong>, declaraba formalmente inaugurado el congreso, haciendo hincapi\u00e9 en que los j\u00f3venes hab\u00edan ganado conocimiento valioso a trav\u00e9s de vivencias reales como lo era la <strong>realizaci\u00f3n del PMDaY<\/strong>. Se\u00f1al\u00f3 que para los j\u00f3venes, este tipo de vivencias los har\u00e1 altamente competitivos en el mundo laboral.<\/p>\n<p>La agenda del evento continu\u00f3 con la conferencia: \u201c<strong>Direcci\u00f3n de Proyectos en los planes de estudio de instituciones educativas<\/strong>\u201d impartida por el Maestro Pedro Fernando Solares, quien hizo menci\u00f3n que este tipo de eventos, ayudan a <strong>promover la cultura de la Direcci\u00f3n de Proyectos<\/strong>.<\/p>\n<p>Los visitantes al PMDaY tuvieron la dif\u00edcil decisi\u00f3n de elegir entre la conferencia: \u201cSistemas de Geolocalizaci\u00f3n y Telemetr\u00eda: planeaci\u00f3n del proyecto\u201d, impartida por Itzana Daniela Rivero y la conferencia: \u201cLa <strong>disrupci\u00f3n tecnol\u00f3gica<\/strong> como riesgo y palanca de valor en la gesti\u00f3n de proyectos\u201d a cargo de Jos\u00e9 Casado, ya que ambas conferencias se realizaron simult\u00e1neamente.<\/p>\n<p>En la <strong>conferencia sobre disrupci\u00f3n tecnol\u00f3gica<\/strong>, se transmiti\u00f3 a los asistencias la necesidad de adaptarse a la \u00e9poca en que vivimos, donde los avances tecnol\u00f3gicos de los \u00faltimos 10 a\u00f1os han cambiado industrias completas, pero tambi\u00e9n a nivel personal, ha cambiado la forma de comunicarnos, de comprar, de consumir contenidos como m\u00fasica y video, y hasta la forma en que los j\u00f3venes interact\u00faan con el mundo laboral. Mientras las empresas est\u00e1n \u00e1vidas de gente talentosa, los j\u00f3venes con talento est\u00e1n optando por el camino del emprendimiento.<\/p>\n<p><a href=\"http:\/\/www.proyectum.lat\/wp-content\/uploads\/2015\/11\/PMDaY-01.jpg\"><img decoding=\"async\" class=\"aligncenter size-large wp-image-2131\" src=\"http:\/\/www.proyectum.lat\/wp-content\/uploads\/2015\/11\/PMDaY-01-1024x567.jpg\" alt=\"PMDaY TenStep\" width=\"1024\" height=\"567\" \/><\/a><\/p>\n<p>Entrando en la recta final del evento, se realiz\u00f3 un <strong>panel de expertos<\/strong> que compartieron al p\u00fablico sus <strong>experiencias en la Direcci\u00f3n de Proyectos<\/strong>. Los panelistas nos contaron la mayor dificultad a la que se han enfrentado en un proyecto, las cuales iban desde una maquinaria que se estaba desgastando r\u00e1pidamente a causa de la corrosi\u00f3n, hasta un proyecto para generar mayores recursos econ\u00f3micos para una entidad dedicada al campo.<\/p>\n<p>La \u00faltima participaci\u00f3n antes de cerrar el congreso corri\u00f3 a cargo de Aura Villagrana, vicepresidenta de membrec\u00edas del <strong>PMI cap\u00edtulo M\u00e9xico<\/strong>, con la conferencia \u201cAdministraci\u00f3n de proyectos\u2026 una herramienta de vida\u201d. En esta conferencia, Aura logr\u00f3 transmitir que todo lo que est\u00e1 a nuestro alrededor es <strong>resultado de un proyecto<\/strong> y que podemos apoyarnos de los proyectos para el cumplimiento de nuestras metas.<\/p>\n<p><a href=\"http:\/\/www.proyectum.lat\/wp-content\/uploads\/2015\/11\/IMG_6514.jpg\"><img decoding=\"async\" class=\"aligncenter size-full wp-image-2133\" src=\"http:\/\/www.proyectum.lat\/wp-content\/uploads\/2015\/11\/IMG_6514.jpg\" alt=\"PMDaY TenStep01\" width=\"932\" height=\"502\" \/><\/a><\/p>\n<p>El <strong>PMDaY<\/strong> lleg\u00f3 a su final y cumpli\u00f3 claramente sus objetivos, los conferencistas manifestaron su agrado por la excelente organizaci\u00f3n por parte de los j\u00f3venes, los asistentes quedaron satisfechos por la calidad de los temas presentados y los organizadores demostraron que <strong>no hay proyecto imposible si se tiene la convicci\u00f3n de alcanzar la meta<\/strong>.<\/p>\n<p>Sobre el autor: <a href=\"http:\/\/about.me\/omargarcia\" target=\"_blank\" rel=\"noopener noreferrer\">Omar Garc\u00eda<\/a><br \/>\nFotos cortes\u00eda de H\u00e9ctor P\u00e9rez Carmona<\/p>\n","protected":false},"excerpt":{"rendered":"<p>El pasado viernes 13 de noviembre se llev\u00f3 a cabo la segunda edici\u00f3n del Congreso de Direcci\u00f3n de Proyectos PMDaY en el Tecnol\u00f3gico de Monterrey campus Hidalgo. Es la tercera ocasi\u00f3n en la que el equipo de TenStep Latinoam\u00e9rica participa con j\u00f3venes de dicha instituci\u00f3n para trasladar los conocimientos que se aprenden en las aulas [&hellip;]<\/p>\n","protected":false},"author":26,"featured_media":0,"comment_status":"open","ping_status":"open","sticky":false,"template":"","format":"standard","meta":{"_acf_changed":false,"footnotes":""},"categories":[519],"tags":[451,452,453,455,456,457,458,450],"class_list":["post-2105","post","type-post","status-publish","format-standard","hentry","category-eventos","tag-disrupcion-tecnologica","tag-gestion-de-proyectos","tag-pmday","tag-pmday-tecnologico-de-monterrey","tag-pmday-tenstep","tag-pmday-tenstep-en-pachuca","tag-realizacion-del-pmday","tag-tenstep-latinoamerica"],"acf":[],"yoast_head":"<!-- This site is optimized with the Yoast SEO plugin v24.4 - https:\/\/yoast.com\/wordpress\/plugins\/seo\/ -->\n<title>Segunda edici\u00f3n del PMDaY - Proyectum Per\u00fa<\/title>\n<meta name=\"robots\" content=\"index, follow, max-snippet:-1, max-image-preview:large, max-video-preview:-1\" \/>\n<link rel=\"canonical\" href=\"https:\/\/proyectum.com\/pe\/segunda-edicion-del-pmday\/\" \/>\n<meta property=\"og:locale\" content=\"es_ES\" \/>\n<meta property=\"og:type\" content=\"article\" \/>\n<meta property=\"og:title\" content=\"Segunda edici\u00f3n del PMDaY - Proyectum Per\u00fa\" \/>\n<meta property=\"og:description\" content=\"El pasado viernes 13 de noviembre se llev\u00f3 a cabo la segunda edici\u00f3n del Congreso de Direcci\u00f3n de Proyectos PMDaY en el Tecnol\u00f3gico de Monterrey campus Hidalgo. Es la tercera ocasi\u00f3n en la que el equipo de TenStep Latinoam\u00e9rica participa con j\u00f3venes de dicha instituci\u00f3n para trasladar los conocimientos que se aprenden en las aulas [&hellip;]\" \/>\n<meta property=\"og:url\" content=\"https:\/\/proyectum.com\/pe\/segunda-edicion-del-pmday\/\" \/>\n<meta property=\"og:site_name\" content=\"Proyectum Per\u00fa\" \/>\n<meta property=\"article:publisher\" content=\"https:\/\/www.facebook.com\/proyectum.pe\/\" \/>\n<meta property=\"article:published_time\" content=\"2015-11-20T18:00:32+00:00\" \/>\n<meta property=\"article:modified_time\" content=\"2024-12-23T14:28:34+00:00\" \/>\n<meta name=\"author\" content=\"Proyectum 2024\" \/>\n<meta name=\"twitter:card\" content=\"summary_large_image\" \/>\n<meta name=\"twitter:label1\" content=\"Escrito por\" \/>\n\t<meta name=\"twitter:data1\" content=\"Proyectum 2024\" \/>\n\t<meta name=\"twitter:label2\" content=\"Tiempo de lectura\" \/>\n\t<meta name=\"twitter:data2\" content=\"3 minutos\" \/>\n<script type=\"application\/ld+json\" class=\"yoast-schema-graph\">{\"@context\":\"https:\/\/schema.org\",\"@graph\":[{\"@type\":\"Article\",\"@id\":\"https:\/\/proyectum.com\/pe\/segunda-edicion-del-pmday\/#article\",\"isPartOf\":{\"@id\":\"https:\/\/proyectum.com\/pe\/segunda-edicion-del-pmday\/\"},\"author\":{\"name\":\"Proyectum 2024\",\"@id\":\"https:\/\/proyectum.com\/pe\/#\/schema\/person\/784b10060c51822d857e3004ea132bb4\"},\"headline\":\"Segunda edici\u00f3n del PMDaY\",\"datePublished\":\"2015-11-20T18:00:32+00:00\",\"dateModified\":\"2024-12-23T14:28:34+00:00\",\"mainEntityOfPage\":{\"@id\":\"https:\/\/proyectum.com\/pe\/segunda-edicion-del-pmday\/\"},\"wordCount\":561,\"commentCount\":0,\"publisher\":{\"@id\":\"https:\/\/proyectum.com\/pe\/#organization\"},\"image\":{\"@id\":\"https:\/\/proyectum.com\/pe\/segunda-edicion-del-pmday\/#primaryimage\"},\"thumbnailUrl\":\"http:\/\/www.proyectum.lat\/wp-content\/uploads\/2015\/11\/PMDaY-1024x632.jpg\",\"keywords\":[\"disrupci\u00f3n tecnol\u00f3gica\",\"gesti\u00f3n de proyectos\",\"PMDaY\",\"PMDaY Tecnologico de Monterrey\",\"PMDaY TenStep\",\"PMDaY TenStep en Pachuca\",\"realizaci\u00f3n del PMDaY\",\"TenStep Latinoam\u00e9rica\"],\"articleSection\":[\"Eventos\"],\"inLanguage\":\"es\",\"potentialAction\":[{\"@type\":\"CommentAction\",\"name\":\"Comment\",\"target\":[\"https:\/\/proyectum.com\/pe\/segunda-edicion-del-pmday\/#respond\"]}]},{\"@type\":\"WebPage\",\"@id\":\"https:\/\/proyectum.com\/pe\/segunda-edicion-del-pmday\/\",\"url\":\"https:\/\/proyectum.com\/pe\/segunda-edicion-del-pmday\/\",\"name\":\"Segunda edici\u00f3n del PMDaY - Proyectum Per\u00fa\",\"isPartOf\":{\"@id\":\"https:\/\/proyectum.com\/pe\/#website\"},\"primaryImageOfPage\":{\"@id\":\"https:\/\/proyectum.com\/pe\/segunda-edicion-del-pmday\/#primaryimage\"},\"image\":{\"@id\":\"https:\/\/proyectum.com\/pe\/segunda-edicion-del-pmday\/#primaryimage\"},\"thumbnailUrl\":\"http:\/\/www.proyectum.lat\/wp-content\/uploads\/2015\/11\/PMDaY-1024x632.jpg\",\"datePublished\":\"2015-11-20T18:00:32+00:00\",\"dateModified\":\"2024-12-23T14:28:34+00:00\",\"breadcrumb\":{\"@id\":\"https:\/\/proyectum.com\/pe\/segunda-edicion-del-pmday\/#breadcrumb\"},\"inLanguage\":\"es\",\"potentialAction\":[{\"@type\":\"ReadAction\",\"target\":[\"https:\/\/proyectum.com\/pe\/segunda-edicion-del-pmday\/\"]}]},{\"@type\":\"ImageObject\",\"inLanguage\":\"es\",\"@id\":\"https:\/\/proyectum.com\/pe\/segunda-edicion-del-pmday\/#primaryimage\",\"url\":\"http:\/\/www.proyectum.lat\/wp-content\/uploads\/2015\/11\/PMDaY-1024x632.jpg\",\"contentUrl\":\"http:\/\/www.proyectum.lat\/wp-content\/uploads\/2015\/11\/PMDaY-1024x632.jpg\"},{\"@type\":\"BreadcrumbList\",\"@id\":\"https:\/\/proyectum.com\/pe\/segunda-edicion-del-pmday\/#breadcrumb\",\"itemListElement\":[{\"@type\":\"ListItem\",\"position\":1,\"name\":\"Home\",\"item\":\"https:\/\/proyectum.com\/pe\/\"},{\"@type\":\"ListItem\",\"position\":2,\"name\":\"Segunda edici\u00f3n del PMDaY\"}]},{\"@type\":\"WebSite\",\"@id\":\"https:\/\/proyectum.com\/pe\/#website\",\"url\":\"https:\/\/proyectum.com\/pe\/\",\"name\":\"Proyectum Per\u00fa\",\"description\":\"Direcci\u00f3n de Proyectos y Metodolog\u00edas \u00c1giles\",\"publisher\":{\"@id\":\"https:\/\/proyectum.com\/pe\/#organization\"},\"potentialAction\":[{\"@type\":\"SearchAction\",\"target\":{\"@type\":\"EntryPoint\",\"urlTemplate\":\"https:\/\/proyectum.com\/pe\/?s={search_term_string}\"},\"query-input\":{\"@type\":\"PropertyValueSpecification\",\"valueRequired\":true,\"valueName\":\"search_term_string\"}}],\"inLanguage\":\"es\"},{\"@type\":\"Organization\",\"@id\":\"https:\/\/proyectum.com\/pe\/#organization\",\"name\":\"Proyectum Per\u00fa\",\"url\":\"https:\/\/proyectum.com\/pe\/\",\"logo\":{\"@type\":\"ImageObject\",\"inLanguage\":\"es\",\"@id\":\"https:\/\/proyectum.com\/pe\/#\/schema\/logo\/image\/\",\"url\":\"https:\/\/proyectum.com\/pe\/wp-content\/uploads\/2020\/04\/proyectum-logo-snippet.png\",\"contentUrl\":\"https:\/\/proyectum.com\/pe\/wp-content\/uploads\/2020\/04\/proyectum-logo-snippet.png\",\"width\":600,\"height\":315,\"caption\":\"Proyectum Per\u00fa\"},\"image\":{\"@id\":\"https:\/\/proyectum.com\/pe\/#\/schema\/logo\/image\/\"},\"sameAs\":[\"https:\/\/www.facebook.com\/proyectum.pe\/\",\"https:\/\/www.instagram.com\/proyectum.pe\/\",\"https:\/\/www.linkedin.com\/company\/proyectumperu\/\",\"https:\/\/www.youtube.com\/@proyectum2283\/videos\"]},{\"@type\":\"Person\",\"@id\":\"https:\/\/proyectum.com\/pe\/#\/schema\/person\/784b10060c51822d857e3004ea132bb4\",\"name\":\"Proyectum 2024\",\"image\":{\"@type\":\"ImageObject\",\"inLanguage\":\"es\",\"@id\":\"https:\/\/proyectum.com\/pe\/#\/schema\/person\/image\/\",\"url\":\"https:\/\/secure.gravatar.com\/avatar\/df82793fddd8f0a5a84fdb27d958bf73?s=96&d=mm&r=g\",\"contentUrl\":\"https:\/\/secure.gravatar.com\/avatar\/df82793fddd8f0a5a84fdb27d958bf73?s=96&d=mm&r=g\",\"caption\":\"Proyectum 2024\"}}]}<\/script>\n<!-- \/ Yoast SEO plugin. -->","yoast_head_json":{"title":"Segunda edici\u00f3n del PMDaY - Proyectum Per\u00fa","robots":{"index":"index","follow":"follow","max-snippet":"max-snippet:-1","max-image-preview":"max-image-preview:large","max-video-preview":"max-video-preview:-1"},"canonical":"https:\/\/proyectum.com\/pe\/segunda-edicion-del-pmday\/","og_locale":"es_ES","og_type":"article","og_title":"Segunda edici\u00f3n del PMDaY - Proyectum Per\u00fa","og_description":"El pasado viernes 13 de noviembre se llev\u00f3 a cabo la segunda edici\u00f3n del Congreso de Direcci\u00f3n de Proyectos PMDaY en el Tecnol\u00f3gico de Monterrey campus Hidalgo. Es la tercera ocasi\u00f3n en la que el equipo de TenStep Latinoam\u00e9rica participa con j\u00f3venes de dicha instituci\u00f3n para trasladar los conocimientos que se aprenden en las aulas [&hellip;]","og_url":"https:\/\/proyectum.com\/pe\/segunda-edicion-del-pmday\/","og_site_name":"Proyectum Per\u00fa","article_publisher":"https:\/\/www.facebook.com\/proyectum.pe\/","article_published_time":"2015-11-20T18:00:32+00:00","article_modified_time":"2024-12-23T14:28:34+00:00","author":"Proyectum 2024","twitter_card":"summary_large_image","twitter_misc":{"Escrito por":"Proyectum 2024","Tiempo de lectura":"3 minutos"},"schema":{"@context":"https:\/\/schema.org","@graph":[{"@type":"Article","@id":"https:\/\/proyectum.com\/pe\/segunda-edicion-del-pmday\/#article","isPartOf":{"@id":"https:\/\/proyectum.com\/pe\/segunda-edicion-del-pmday\/"},"author":{"name":"Proyectum 2024","@id":"https:\/\/proyectum.com\/pe\/#\/schema\/person\/784b10060c51822d857e3004ea132bb4"},"headline":"Segunda edici\u00f3n del PMDaY","datePublished":"2015-11-20T18:00:32+00:00","dateModified":"2024-12-23T14:28:34+00:00","mainEntityOfPage":{"@id":"https:\/\/proyectum.com\/pe\/segunda-edicion-del-pmday\/"},"wordCount":561,"commentCount":0,"publisher":{"@id":"https:\/\/proyectum.com\/pe\/#organization"},"image":{"@id":"https:\/\/proyectum.com\/pe\/segunda-edicion-del-pmday\/#primaryimage"},"thumbnailUrl":"http:\/\/www.proyectum.lat\/wp-content\/uploads\/2015\/11\/PMDaY-1024x632.jpg","keywords":["disrupci\u00f3n tecnol\u00f3gica","gesti\u00f3n de proyectos","PMDaY","PMDaY Tecnologico de Monterrey","PMDaY TenStep","PMDaY TenStep en Pachuca","realizaci\u00f3n del PMDaY","TenStep Latinoam\u00e9rica"],"articleSection":["Eventos"],"inLanguage":"es","potentialAction":[{"@type":"CommentAction","name":"Comment","target":["https:\/\/proyectum.com\/pe\/segunda-edicion-del-pmday\/#respond"]}]},{"@type":"WebPage","@id":"https:\/\/proyectum.com\/pe\/segunda-edicion-del-pmday\/","url":"https:\/\/proyectum.com\/pe\/segunda-edicion-del-pmday\/","name":"Segunda edici\u00f3n del PMDaY - Proyectum Per\u00fa","isPartOf":{"@id":"https:\/\/proyectum.com\/pe\/#website"},"primaryImageOfPage":{"@id":"https:\/\/proyectum.com\/pe\/segunda-edicion-del-pmday\/#primaryimage"},"image":{"@id":"https:\/\/proyectum.com\/pe\/segunda-edicion-del-pmday\/#primaryimage"},"thumbnailUrl":"http:\/\/www.proyectum.lat\/wp-content\/uploads\/2015\/11\/PMDaY-1024x632.jpg","datePublished":"2015-11-20T18:00:32+00:00","dateModified":"2024-12-23T14:28:34+00:00","breadcrumb":{"@id":"https:\/\/proyectum.com\/pe\/segunda-edicion-del-pmday\/#breadcrumb"},"inLanguage":"es","potentialAction":[{"@type":"ReadAction","target":["https:\/\/proyectum.com\/pe\/segunda-edicion-del-pmday\/"]}]},{"@type":"ImageObject","inLanguage":"es","@id":"https:\/\/proyectum.com\/pe\/segunda-edicion-del-pmday\/#primaryimage","url":"http:\/\/www.proyectum.lat\/wp-content\/uploads\/2015\/11\/PMDaY-1024x632.jpg","contentUrl":"http:\/\/www.proyectum.lat\/wp-content\/uploads\/2015\/11\/PMDaY-1024x632.jpg"},{"@type":"BreadcrumbList","@id":"https:\/\/proyectum.com\/pe\/segunda-edicion-del-pmday\/#breadcrumb","itemListElement":[{"@type":"ListItem","position":1,"name":"Home","item":"https:\/\/proyectum.com\/pe\/"},{"@type":"ListItem","position":2,"name":"Segunda edici\u00f3n del PMDaY"}]},{"@type":"WebSite","@id":"https:\/\/proyectum.com\/pe\/#website","url":"https:\/\/proyectum.com\/pe\/","name":"Proyectum Per\u00fa","description":"Direcci\u00f3n de Proyectos y Metodolog\u00edas \u00c1giles","publisher":{"@id":"https:\/\/proyectum.com\/pe\/#organization"},"potentialAction":[{"@type":"SearchAction","target":{"@type":"EntryPoint","urlTemplate":"https:\/\/proyectum.com\/pe\/?s={search_term_string}"},"query-input":{"@type":"PropertyValueSpecification","valueRequired":true,"valueName":"search_term_string"}}],"inLanguage":"es"},{"@type":"Organization","@id":"https:\/\/proyectum.com\/pe\/#organization","name":"Proyectum Per\u00fa","url":"https:\/\/proyectum.com\/pe\/","logo":{"@type":"ImageObject","inLanguage":"es","@id":"https:\/\/proyectum.com\/pe\/#\/schema\/logo\/image\/","url":"https:\/\/proyectum.com\/pe\/wp-content\/uploads\/2020\/04\/proyectum-logo-snippet.png","contentUrl":"https:\/\/proyectum.com\/pe\/wp-content\/uploads\/2020\/04\/proyectum-logo-snippet.png","width":600,"height":315,"caption":"Proyectum Per\u00fa"},"image":{"@id":"https:\/\/proyectum.com\/pe\/#\/schema\/logo\/image\/"},"sameAs":["https:\/\/www.facebook.com\/proyectum.pe\/","https:\/\/www.instagram.com\/proyectum.pe\/","https:\/\/www.linkedin.com\/company\/proyectumperu\/","https:\/\/www.youtube.com\/@proyectum2283\/videos"]},{"@type":"Person","@id":"https:\/\/proyectum.com\/pe\/#\/schema\/person\/784b10060c51822d857e3004ea132bb4","name":"Proyectum 2024","image":{"@type":"ImageObject","inLanguage":"es","@id":"https:\/\/proyectum.com\/pe\/#\/schema\/person\/image\/","url":"https:\/\/secure.gravatar.com\/avatar\/df82793fddd8f0a5a84fdb27d958bf73?s=96&d=mm&r=g","contentUrl":"https:\/\/secure.gravatar.com\/avatar\/df82793fddd8f0a5a84fdb27d958bf73?s=96&d=mm&r=g","caption":"Proyectum 2024"}}]}},"_links":{"self":[{"href":"https:\/\/proyectum.com\/pe\/wp-json\/wp\/v2\/posts\/2105","targetHints":{"allow":["GET"]}}],"collection":[{"href":"https:\/\/proyectum.com\/pe\/wp-json\/wp\/v2\/posts"}],"about":[{"href":"https:\/\/proyectum.com\/pe\/wp-json\/wp\/v2\/types\/post"}],"author":[{"embeddable":true,"href":"https:\/\/proyectum.com\/pe\/wp-json\/wp\/v2\/users\/26"}],"replies":[{"embeddable":true,"href":"https:\/\/proyectum.com\/pe\/wp-json\/wp\/v2\/comments?post=2105"}],"version-history":[{"count":0,"href":"https:\/\/proyectum.com\/pe\/wp-json\/wp\/v2\/posts\/2105\/revisions"}],"wp:attachment":[{"href":"https:\/\/proyectum.com\/pe\/wp-json\/wp\/v2\/media?parent=2105"}],"wp:term":[{"taxonomy":"category","embeddable":true,"href":"https:\/\/proyectum.com\/pe\/wp-json\/wp\/v2\/categories?post=2105"},{"taxonomy":"post_tag","embeddable":true,"href":"https:\/\/proyectum.com\/pe\/wp-json\/wp\/v2\/tags?post=2105"}],"curies":[{"name":"wp","href":"https:\/\/api.w.org\/{rel}","templated":true}]}}