{"id":2116,"date":"2015-11-20T12:02:12","date_gmt":"2015-11-20T18:02:12","guid":{"rendered":"http:\/\/www.proyectum.lat\/?p=2116"},"modified":"2024-12-23T11:28:41","modified_gmt":"2024-12-23T14:28:41","slug":"las-voces-del-pmday-2015","status":"publish","type":"post","link":"https:\/\/proyectum.com\/pe\/las-voces-del-pmday-2015\/","title":{"rendered":"Las voces del PMDaY 2015"},"content":{"rendered":"<p>El <strong>PMDaY es un congreso sobre Direcci\u00f3n de Proyectos<\/strong>, organizado por j\u00f3venes del Tecnol\u00f3gico de Monterrey campus Hidalgo, como parte de sus actividades de la clase de Direcci\u00f3n de Proyectos, impartida por el quipo de TenStep Latinoam\u00e9rica.<\/p>\n<p><a href=\"http:\/\/www.proyectum.lat\/wp-content\/uploads\/2015\/11\/Voces.jpg\"><img fetchpriority=\"high\" decoding=\"async\" src=\"http:\/\/www.proyectum.lat\/wp-content\/uploads\/2015\/11\/Voces.jpg\" alt=\"Voces PMDaY\" width=\"945\" height=\"582\" class=\"aligncenter size-full wp-image-2124\" \/><\/a><\/p>\n<p>El proyecto que consist\u00eda en organizar un congreso con conferencias orientadas a difundir la cultura de la Administraci\u00f3n de Proyectos se consigui\u00f3 y se une a la lista de proyectos exitosos realizados por j\u00f3venes de generaciones anteriores, como lo fue el PMDaY primera edici\u00f3n y el Festival de Cortometrajes Shortec.<br \/>\nA lo largo del festival nos acercamos con los invitados y participantes para conocer su opini\u00f3n del evento, y esto fue lo que nos compartieron:<\/p>\n<p><strong>\u00bfCu\u00e1l es su opini\u00f3n del congreso?<\/strong><\/p>\n<p>\u201c<em>Definitivamente el que haya testimonios para los j\u00f3venes de las cosas a las que se van a enfrentar a la hora de salir de sus carreras pues es muy importante, para que ellos vayan viendo c\u00f3mo se van a enfrentar a las situaciones de hoy en d\u00eda. Estamos viviendo tiempos muy complejos donde la competencia por una oferta laboral es barbar\u00e1, incluso como empresario tambi\u00e9n la competencia es carn\u00edvora. Es un gusto poderles compartir estas experiencias para que los j\u00f3venes lo vayan previendo y les vaya siendo menos complicado<\/em>\u201d. <strong>Citlali Jaramillo \u2013 Panelista en el panel de expertos.<\/strong><\/p>\n<p>\u201c<em>Me pareci\u00f3 un evento padr\u00edsimo, lo que m\u00e1s me sorprende es que haya sido organizado por estos j\u00f3venes muy profesionales y se ve que el trabajo y todo lo que han entendido dentro de la materia de Administraci\u00f3n de Proyectos est\u00e1 s\u00faper aplicado, muchas felicidades a todos<\/em>\u201d. <strong>Aura Villagrana, vicepresidenta de membrec\u00edas PMI cap\u00edtulo M\u00e9xico \u2013 Conferencista del evento.<\/strong><\/p>\n<p>\u201c<em>Un evento muy organizado, es loable, como lo mencion\u00e9 en la conferencia, el que no se haya cobrado, pues permite difundir la cultura de Direcci\u00f3n de Proyectos<\/em>\u201d. <strong>Pedro Fernando Solares \u2013 Conferencista del evento.<\/strong><\/p>\n<p>\u201c<em>Estoy gratamente sorprendido porque este es el tercer evento que hacemos, es la segunda edici\u00f3n del PMDaY y los j\u00f3venes duplicaron el n\u00famero de asistentes y triplicaron los fondos para hacer el congreso, entonces la verdad es que por donde lo veo sali\u00f3 muy bien. Por primera vez en la historia no lleg\u00f3 a tiempo un conferencista por el tr\u00e1fico de la ciudad de M\u00e9xico y esto que es algo muy grave en un congreso en este no se not\u00f3<\/em>\u201d. <strong>Jorge Vald\u00e9s \u2013 Director General de TenStep Latinoam\u00e9rica.<\/strong><\/p>\n<p>\u201c<em>Yo soy parte del equipo de log\u00edstica y parte de nuestras tareas fue invitar a los asistentes, tenemos 300 registrados y ya que el evento se est\u00e1 realizando me pongo a pensar que lo m\u00e1s dif\u00edcil del proyecto fue ponernos de acuerdo todos, pues cada quien tiene diferente personalidad. Me quedo con el conocimiento de que debemos ser capaces de anticipar riesgos y creo que el conocimiento de TenStep ha sido invaluable para nuestro desarrollo<\/em>\u201d. <strong>Dulce Mariel Espinoza \u2013 Alumna organizadora del evento.<\/strong><\/p>\n<p><strong>\u00bfCu\u00e1l ser\u00eda el mensaje que les dar\u00edan a los j\u00f3venes organizadores?<\/strong><\/p>\n<p><a href=\"http:\/\/www.proyectum.lat\/wp-content\/uploads\/2015\/11\/Voces-01.jpg\"><img decoding=\"async\" src=\"http:\/\/www.proyectum.lat\/wp-content\/uploads\/2015\/11\/Voces-01-1024x535.jpg\" alt=\"Voces PMDaY Pachuca\" width=\"1024\" height=\"535\" class=\"aligncenter size-large wp-image-2126\" \/><\/a><\/p>\n<p>\u201c<em>Que se animen a aplicar la Direcci\u00f3n de Proyectos, no solamente que digan ya pase la materia y ya. Es aplicable a todo como lo mencion\u00e9 en mi charla, la Administraci\u00f3n de Proyectos es una herramienta de vida, lo pueden aplicar en lo que sea y pues que empiecen a hacerlo un h\u00e1bito de vida este tipo de habilidades que ya tienen<\/em>\u201c. <strong>Aura Villagrana, vicepresidenta de membrec\u00edas PMI cap\u00edtulo M\u00e9xico \u2013 Conferencista del evento.<\/strong><\/p>\n<p>\u201c<em>El mensaje creo que es muy claro: s\u00ed se puede. Cuando les decimos lo que tienen que hacer ves caras de horror, entonces cuando llegamos al final y ven que s\u00ed se pudo, generas en ellos una confianza en s\u00ed mismos. Entonces, que se den cuenta que ellos pueden lograr lo que ellos quieran.<\/em>\u201d <strong>Jorge Vald\u00e9s \u2013 Director General de TenStep Latinoam\u00e9rica.<\/strong><\/p>\n<p>La opini\u00f3n de los asistentes reflejaba su grata sorpresa porque el evento haya sido organizado por j\u00f3venes estudiantes y estos a su vez, expresaban su satisfacci\u00f3n de concluir un proyecto de manera exitosa.<\/p>\n<p>Sobre el autor: <a href=\"http:\/\/about.me\/omargarcia\" target=\"_blank\" rel=\"noopener noreferrer\">Omar Garc\u00eda<\/a><br \/>\nFotos cortes\u00eda de: <strong>H\u00e9ctor P\u00e9rez Carmona<\/strong>.<\/p>\n","protected":false},"excerpt":{"rendered":"<p>El PMDaY es un congreso sobre Direcci\u00f3n de Proyectos, organizado por j\u00f3venes del Tecnol\u00f3gico de Monterrey campus Hidalgo, como parte de sus actividades de la clase de Direcci\u00f3n de Proyectos, impartida por el quipo de TenStep Latinoam\u00e9rica. El proyecto que consist\u00eda en organizar un congreso con conferencias orientadas a difundir la cultura de la Administraci\u00f3n [&hellip;]<\/p>\n","protected":false},"author":26,"featured_media":0,"comment_status":"open","ping_status":"open","sticky":false,"template":"","format":"standard","meta":{"_acf_changed":false,"footnotes":""},"categories":[519],"tags":[453,455,456,457,458],"class_list":["post-2116","post","type-post","status-publish","format-standard","hentry","category-eventos","tag-pmday","tag-pmday-tecnologico-de-monterrey","tag-pmday-tenstep","tag-pmday-tenstep-en-pachuca","tag-realizacion-del-pmday"],"acf":[],"yoast_head":"<!-- This site is optimized with the Yoast SEO plugin v24.4 - https:\/\/yoast.com\/wordpress\/plugins\/seo\/ -->\n<title>Las voces del PMDaY 2015 - Proyectum Per\u00fa<\/title>\n<meta name=\"robots\" content=\"index, follow, max-snippet:-1, max-image-preview:large, max-video-preview:-1\" \/>\n<link rel=\"canonical\" href=\"https:\/\/proyectum.com\/pe\/las-voces-del-pmday-2015\/\" \/>\n<meta property=\"og:locale\" content=\"es_ES\" \/>\n<meta property=\"og:type\" content=\"article\" \/>\n<meta property=\"og:title\" content=\"Las voces del PMDaY 2015 - Proyectum Per\u00fa\" \/>\n<meta property=\"og:description\" content=\"El PMDaY es un congreso sobre Direcci\u00f3n de Proyectos, organizado por j\u00f3venes del Tecnol\u00f3gico de Monterrey campus Hidalgo, como parte de sus actividades de la clase de Direcci\u00f3n de Proyectos, impartida por el quipo de TenStep Latinoam\u00e9rica. El proyecto que consist\u00eda en organizar un congreso con conferencias orientadas a difundir la cultura de la Administraci\u00f3n [&hellip;]\" \/>\n<meta property=\"og:url\" content=\"https:\/\/proyectum.com\/pe\/las-voces-del-pmday-2015\/\" \/>\n<meta property=\"og:site_name\" content=\"Proyectum Per\u00fa\" \/>\n<meta property=\"article:publisher\" content=\"https:\/\/www.facebook.com\/proyectum.pe\/\" \/>\n<meta property=\"article:published_time\" content=\"2015-11-20T18:02:12+00:00\" \/>\n<meta property=\"article:modified_time\" content=\"2024-12-23T14:28:41+00:00\" \/>\n<meta name=\"author\" content=\"Proyectum 2024\" \/>\n<meta name=\"twitter:card\" content=\"summary_large_image\" \/>\n<meta name=\"twitter:label1\" content=\"Escrito por\" \/>\n\t<meta name=\"twitter:data1\" content=\"Proyectum 2024\" \/>\n\t<meta name=\"twitter:label2\" content=\"Tiempo de lectura\" \/>\n\t<meta name=\"twitter:data2\" content=\"4 minutos\" \/>\n<script type=\"application\/ld+json\" class=\"yoast-schema-graph\">{\"@context\":\"https:\/\/schema.org\",\"@graph\":[{\"@type\":\"Article\",\"@id\":\"https:\/\/proyectum.com\/pe\/las-voces-del-pmday-2015\/#article\",\"isPartOf\":{\"@id\":\"https:\/\/proyectum.com\/pe\/las-voces-del-pmday-2015\/\"},\"author\":{\"name\":\"Proyectum 2024\",\"@id\":\"https:\/\/proyectum.com\/pe\/#\/schema\/person\/784b10060c51822d857e3004ea132bb4\"},\"headline\":\"Las voces del PMDaY 2015\",\"datePublished\":\"2015-11-20T18:02:12+00:00\",\"dateModified\":\"2024-12-23T14:28:41+00:00\",\"mainEntityOfPage\":{\"@id\":\"https:\/\/proyectum.com\/pe\/las-voces-del-pmday-2015\/\"},\"wordCount\":723,\"commentCount\":0,\"publisher\":{\"@id\":\"https:\/\/proyectum.com\/pe\/#organization\"},\"image\":{\"@id\":\"https:\/\/proyectum.com\/pe\/las-voces-del-pmday-2015\/#primaryimage\"},\"thumbnailUrl\":\"http:\/\/www.proyectum.lat\/wp-content\/uploads\/2015\/11\/Voces.jpg\",\"keywords\":[\"PMDaY\",\"PMDaY Tecnologico de Monterrey\",\"PMDaY TenStep\",\"PMDaY TenStep en Pachuca\",\"realizaci\u00f3n del PMDaY\"],\"articleSection\":[\"Eventos\"],\"inLanguage\":\"es\",\"potentialAction\":[{\"@type\":\"CommentAction\",\"name\":\"Comment\",\"target\":[\"https:\/\/proyectum.com\/pe\/las-voces-del-pmday-2015\/#respond\"]}]},{\"@type\":\"WebPage\",\"@id\":\"https:\/\/proyectum.com\/pe\/las-voces-del-pmday-2015\/\",\"url\":\"https:\/\/proyectum.com\/pe\/las-voces-del-pmday-2015\/\",\"name\":\"Las voces del PMDaY 2015 - Proyectum Per\u00fa\",\"isPartOf\":{\"@id\":\"https:\/\/proyectum.com\/pe\/#website\"},\"primaryImageOfPage\":{\"@id\":\"https:\/\/proyectum.com\/pe\/las-voces-del-pmday-2015\/#primaryimage\"},\"image\":{\"@id\":\"https:\/\/proyectum.com\/pe\/las-voces-del-pmday-2015\/#primaryimage\"},\"thumbnailUrl\":\"http:\/\/www.proyectum.lat\/wp-content\/uploads\/2015\/11\/Voces.jpg\",\"datePublished\":\"2015-11-20T18:02:12+00:00\",\"dateModified\":\"2024-12-23T14:28:41+00:00\",\"breadcrumb\":{\"@id\":\"https:\/\/proyectum.com\/pe\/las-voces-del-pmday-2015\/#breadcrumb\"},\"inLanguage\":\"es\",\"potentialAction\":[{\"@type\":\"ReadAction\",\"target\":[\"https:\/\/proyectum.com\/pe\/las-voces-del-pmday-2015\/\"]}]},{\"@type\":\"ImageObject\",\"inLanguage\":\"es\",\"@id\":\"https:\/\/proyectum.com\/pe\/las-voces-del-pmday-2015\/#primaryimage\",\"url\":\"http:\/\/www.proyectum.lat\/wp-content\/uploads\/2015\/11\/Voces.jpg\",\"contentUrl\":\"http:\/\/www.proyectum.lat\/wp-content\/uploads\/2015\/11\/Voces.jpg\"},{\"@type\":\"BreadcrumbList\",\"@id\":\"https:\/\/proyectum.com\/pe\/las-voces-del-pmday-2015\/#breadcrumb\",\"itemListElement\":[{\"@type\":\"ListItem\",\"position\":1,\"name\":\"Home\",\"item\":\"https:\/\/proyectum.com\/pe\/\"},{\"@type\":\"ListItem\",\"position\":2,\"name\":\"Las voces del PMDaY 2015\"}]},{\"@type\":\"WebSite\",\"@id\":\"https:\/\/proyectum.com\/pe\/#website\",\"url\":\"https:\/\/proyectum.com\/pe\/\",\"name\":\"Proyectum Per\u00fa\",\"description\":\"Direcci\u00f3n de Proyectos y Metodolog\u00edas \u00c1giles\",\"publisher\":{\"@id\":\"https:\/\/proyectum.com\/pe\/#organization\"},\"potentialAction\":[{\"@type\":\"SearchAction\",\"target\":{\"@type\":\"EntryPoint\",\"urlTemplate\":\"https:\/\/proyectum.com\/pe\/?s={search_term_string}\"},\"query-input\":{\"@type\":\"PropertyValueSpecification\",\"valueRequired\":true,\"valueName\":\"search_term_string\"}}],\"inLanguage\":\"es\"},{\"@type\":\"Organization\",\"@id\":\"https:\/\/proyectum.com\/pe\/#organization\",\"name\":\"Proyectum Per\u00fa\",\"url\":\"https:\/\/proyectum.com\/pe\/\",\"logo\":{\"@type\":\"ImageObject\",\"inLanguage\":\"es\",\"@id\":\"https:\/\/proyectum.com\/pe\/#\/schema\/logo\/image\/\",\"url\":\"https:\/\/proyectum.com\/pe\/wp-content\/uploads\/2020\/04\/proyectum-logo-snippet.png\",\"contentUrl\":\"https:\/\/proyectum.com\/pe\/wp-content\/uploads\/2020\/04\/proyectum-logo-snippet.png\",\"width\":600,\"height\":315,\"caption\":\"Proyectum Per\u00fa\"},\"image\":{\"@id\":\"https:\/\/proyectum.com\/pe\/#\/schema\/logo\/image\/\"},\"sameAs\":[\"https:\/\/www.facebook.com\/proyectum.pe\/\",\"https:\/\/www.instagram.com\/proyectum.pe\/\",\"https:\/\/www.linkedin.com\/company\/proyectumperu\/\",\"https:\/\/www.youtube.com\/@proyectum2283\/videos\"]},{\"@type\":\"Person\",\"@id\":\"https:\/\/proyectum.com\/pe\/#\/schema\/person\/784b10060c51822d857e3004ea132bb4\",\"name\":\"Proyectum 2024\",\"image\":{\"@type\":\"ImageObject\",\"inLanguage\":\"es\",\"@id\":\"https:\/\/proyectum.com\/pe\/#\/schema\/person\/image\/\",\"url\":\"https:\/\/secure.gravatar.com\/avatar\/df82793fddd8f0a5a84fdb27d958bf73?s=96&d=mm&r=g\",\"contentUrl\":\"https:\/\/secure.gravatar.com\/avatar\/df82793fddd8f0a5a84fdb27d958bf73?s=96&d=mm&r=g\",\"caption\":\"Proyectum 2024\"}}]}<\/script>\n<!-- \/ Yoast SEO plugin. -->","yoast_head_json":{"title":"Las voces del PMDaY 2015 - Proyectum Per\u00fa","robots":{"index":"index","follow":"follow","max-snippet":"max-snippet:-1","max-image-preview":"max-image-preview:large","max-video-preview":"max-video-preview:-1"},"canonical":"https:\/\/proyectum.com\/pe\/las-voces-del-pmday-2015\/","og_locale":"es_ES","og_type":"article","og_title":"Las voces del PMDaY 2015 - Proyectum Per\u00fa","og_description":"El PMDaY es un congreso sobre Direcci\u00f3n de Proyectos, organizado por j\u00f3venes del Tecnol\u00f3gico de Monterrey campus Hidalgo, como parte de sus actividades de la clase de Direcci\u00f3n de Proyectos, impartida por el quipo de TenStep Latinoam\u00e9rica. El proyecto que consist\u00eda en organizar un congreso con conferencias orientadas a difundir la cultura de la Administraci\u00f3n [&hellip;]","og_url":"https:\/\/proyectum.com\/pe\/las-voces-del-pmday-2015\/","og_site_name":"Proyectum Per\u00fa","article_publisher":"https:\/\/www.facebook.com\/proyectum.pe\/","article_published_time":"2015-11-20T18:02:12+00:00","article_modified_time":"2024-12-23T14:28:41+00:00","author":"Proyectum 2024","twitter_card":"summary_large_image","twitter_misc":{"Escrito por":"Proyectum 2024","Tiempo de lectura":"4 minutos"},"schema":{"@context":"https:\/\/schema.org","@graph":[{"@type":"Article","@id":"https:\/\/proyectum.com\/pe\/las-voces-del-pmday-2015\/#article","isPartOf":{"@id":"https:\/\/proyectum.com\/pe\/las-voces-del-pmday-2015\/"},"author":{"name":"Proyectum 2024","@id":"https:\/\/proyectum.com\/pe\/#\/schema\/person\/784b10060c51822d857e3004ea132bb4"},"headline":"Las voces del PMDaY 2015","datePublished":"2015-11-20T18:02:12+00:00","dateModified":"2024-12-23T14:28:41+00:00","mainEntityOfPage":{"@id":"https:\/\/proyectum.com\/pe\/las-voces-del-pmday-2015\/"},"wordCount":723,"commentCount":0,"publisher":{"@id":"https:\/\/proyectum.com\/pe\/#organization"},"image":{"@id":"https:\/\/proyectum.com\/pe\/las-voces-del-pmday-2015\/#primaryimage"},"thumbnailUrl":"http:\/\/www.proyectum.lat\/wp-content\/uploads\/2015\/11\/Voces.jpg","keywords":["PMDaY","PMDaY Tecnologico de Monterrey","PMDaY TenStep","PMDaY TenStep en Pachuca","realizaci\u00f3n del PMDaY"],"articleSection":["Eventos"],"inLanguage":"es","potentialAction":[{"@type":"CommentAction","name":"Comment","target":["https:\/\/proyectum.com\/pe\/las-voces-del-pmday-2015\/#respond"]}]},{"@type":"WebPage","@id":"https:\/\/proyectum.com\/pe\/las-voces-del-pmday-2015\/","url":"https:\/\/proyectum.com\/pe\/las-voces-del-pmday-2015\/","name":"Las voces del PMDaY 2015 - Proyectum Per\u00fa","isPartOf":{"@id":"https:\/\/proyectum.com\/pe\/#website"},"primaryImageOfPage":{"@id":"https:\/\/proyectum.com\/pe\/las-voces-del-pmday-2015\/#primaryimage"},"image":{"@id":"https:\/\/proyectum.com\/pe\/las-voces-del-pmday-2015\/#primaryimage"},"thumbnailUrl":"http:\/\/www.proyectum.lat\/wp-content\/uploads\/2015\/11\/Voces.jpg","datePublished":"2015-11-20T18:02:12+00:00","dateModified":"2024-12-23T14:28:41+00:00","breadcrumb":{"@id":"https:\/\/proyectum.com\/pe\/las-voces-del-pmday-2015\/#breadcrumb"},"inLanguage":"es","potentialAction":[{"@type":"ReadAction","target":["https:\/\/proyectum.com\/pe\/las-voces-del-pmday-2015\/"]}]},{"@type":"ImageObject","inLanguage":"es","@id":"https:\/\/proyectum.com\/pe\/las-voces-del-pmday-2015\/#primaryimage","url":"http:\/\/www.proyectum.lat\/wp-content\/uploads\/2015\/11\/Voces.jpg","contentUrl":"http:\/\/www.proyectum.lat\/wp-content\/uploads\/2015\/11\/Voces.jpg"},{"@type":"BreadcrumbList","@id":"https:\/\/proyectum.com\/pe\/las-voces-del-pmday-2015\/#breadcrumb","itemListElement":[{"@type":"ListItem","position":1,"name":"Home","item":"https:\/\/proyectum.com\/pe\/"},{"@type":"ListItem","position":2,"name":"Las voces del PMDaY 2015"}]},{"@type":"WebSite","@id":"https:\/\/proyectum.com\/pe\/#website","url":"https:\/\/proyectum.com\/pe\/","name":"Proyectum Per\u00fa","description":"Direcci\u00f3n de Proyectos y Metodolog\u00edas \u00c1giles","publisher":{"@id":"https:\/\/proyectum.com\/pe\/#organization"},"potentialAction":[{"@type":"SearchAction","target":{"@type":"EntryPoint","urlTemplate":"https:\/\/proyectum.com\/pe\/?s={search_term_string}"},"query-input":{"@type":"PropertyValueSpecification","valueRequired":true,"valueName":"search_term_string"}}],"inLanguage":"es"},{"@type":"Organization","@id":"https:\/\/proyectum.com\/pe\/#organization","name":"Proyectum Per\u00fa","url":"https:\/\/proyectum.com\/pe\/","logo":{"@type":"ImageObject","inLanguage":"es","@id":"https:\/\/proyectum.com\/pe\/#\/schema\/logo\/image\/","url":"https:\/\/proyectum.com\/pe\/wp-content\/uploads\/2020\/04\/proyectum-logo-snippet.png","contentUrl":"https:\/\/proyectum.com\/pe\/wp-content\/uploads\/2020\/04\/proyectum-logo-snippet.png","width":600,"height":315,"caption":"Proyectum Per\u00fa"},"image":{"@id":"https:\/\/proyectum.com\/pe\/#\/schema\/logo\/image\/"},"sameAs":["https:\/\/www.facebook.com\/proyectum.pe\/","https:\/\/www.instagram.com\/proyectum.pe\/","https:\/\/www.linkedin.com\/company\/proyectumperu\/","https:\/\/www.youtube.com\/@proyectum2283\/videos"]},{"@type":"Person","@id":"https:\/\/proyectum.com\/pe\/#\/schema\/person\/784b10060c51822d857e3004ea132bb4","name":"Proyectum 2024","image":{"@type":"ImageObject","inLanguage":"es","@id":"https:\/\/proyectum.com\/pe\/#\/schema\/person\/image\/","url":"https:\/\/secure.gravatar.com\/avatar\/df82793fddd8f0a5a84fdb27d958bf73?s=96&d=mm&r=g","contentUrl":"https:\/\/secure.gravatar.com\/avatar\/df82793fddd8f0a5a84fdb27d958bf73?s=96&d=mm&r=g","caption":"Proyectum 2024"}}]}},"_links":{"self":[{"href":"https:\/\/proyectum.com\/pe\/wp-json\/wp\/v2\/posts\/2116","targetHints":{"allow":["GET"]}}],"collection":[{"href":"https:\/\/proyectum.com\/pe\/wp-json\/wp\/v2\/posts"}],"about":[{"href":"https:\/\/proyectum.com\/pe\/wp-json\/wp\/v2\/types\/post"}],"author":[{"embeddable":true,"href":"https:\/\/proyectum.com\/pe\/wp-json\/wp\/v2\/users\/26"}],"replies":[{"embeddable":true,"href":"https:\/\/proyectum.com\/pe\/wp-json\/wp\/v2\/comments?post=2116"}],"version-history":[{"count":0,"href":"https:\/\/proyectum.com\/pe\/wp-json\/wp\/v2\/posts\/2116\/revisions"}],"wp:attachment":[{"href":"https:\/\/proyectum.com\/pe\/wp-json\/wp\/v2\/media?parent=2116"}],"wp:term":[{"taxonomy":"category","embeddable":true,"href":"https:\/\/proyectum.com\/pe\/wp-json\/wp\/v2\/categories?post=2116"},{"taxonomy":"post_tag","embeddable":true,"href":"https:\/\/proyectum.com\/pe\/wp-json\/wp\/v2\/tags?post=2116"}],"curies":[{"name":"wp","href":"https:\/\/api.w.org\/{rel}","templated":true}]}}