{"id":4219,"date":"2018-11-05T12:00:42","date_gmt":"2018-11-05T18:00:42","guid":{"rendered":"http:\/\/www.proyectum.lat\/?p=4219"},"modified":"2018-11-05T12:00:42","modified_gmt":"2018-11-05T18:00:42","slug":"la-tecnologia-y-los-ninos-una-buena-combinacion","status":"publish","type":"post","link":"https:\/\/proyectum.com\/pe\/la-tecnologia-y-los-ninos-una-buena-combinacion\/","title":{"rendered":"La tecnolog\u00eda y los ni\u00f1os \u00bfUna buena combinaci\u00f3n?"},"content":{"rendered":"<p>Muchos de nosotros crecimos sin <strong>tecnolog\u00eda<\/strong> o nos toc\u00f3 presenciar su desarrollo, el <strong>internet<\/strong> se conectaba con la l\u00ednea telef\u00f3nica, lo que antes eran las canciones de mam\u00e1 para dormir o para superar la espera en el pediatra es ahora una caricatura en el tel\u00e9fono <strong>m\u00f3vil<\/strong> o en la <strong>tablet<\/strong>. Las tareas se volvieron parte de un Copy + Paste y los <strong>libros<\/strong> poco a poco han quedado obsoletos por la gran cantidad de <strong>informaci\u00f3n<\/strong> que vamos generando conforme pasan los a\u00f1os \u00bfCrees que eso tenga alg\u00fan impacto?<\/p>\n<p>Una noticia que puede llegar a considerarse \u201cincongruente\u201d es que muchos de los habitantes de <strong>Sillicon Valley<\/strong>, principales precursores de la tecnolog\u00eda son quienes est\u00e1n en contra de <strong>educar<\/strong> a sus hijos de lado de la tecnolog\u00eda, haciendo que sus infancias est\u00e9n alejadas del m\u00f3vil, de pantallas, videojuegos y todo aquello que haga su vida \u201cm\u00e1s f\u00e1cil\u201d, la pregunta es \u00bfPor qu\u00e9? \u00bfqu\u00e9 ven ellos que nosotros no vemos?<\/p>\n<ul>\n<li><strong>Chris Anderson<\/strong> de la empresa <strong>3D Robotics<\/strong> es considerado \u201cfascista\u201d por sus hijos, ya que ninguno de los otros ni\u00f1os tiene esas reglas tan estrictas sobre la tecnolog\u00eda, pero el apela a que esos padres no la han visto de primera mano, lo que \u00e9l ha visto y no quiere que les ocurra a sus hijos.<\/li>\n<li><strong>Bill Gates<\/strong>, creador de <strong>Microsoft<\/strong> dise\u00f1\u00f3 un programa que limitara el tiempo que sus hijos pod\u00edan ocupar los aparatos, dej\u00e1ndoles tener su propio celular hasta los 14 a\u00f1os.<\/li>\n<li><strong>Tim Cook<\/strong> tampoco le permite a su sobrino utilizar las redes sociales, admite que los productos de <strong>Apple<\/strong> no est\u00e1n dise\u00f1ados para un uso constante \u201cNo soy alguien que diga que hemos logrado el \u00e9xito si lo est\u00e1s usando todo el tiempo\u201d<\/li>\n<\/ul>\n<p>Un estudio publicado en la revista <strong><em>Computers in Human Behavior<\/em><\/strong> realizado el 2014, hizo una investigaci\u00f3n involucrando un aproximado de 100 preadolescentes, la mitad pasar\u00eda 5 d\u00edas en un <strong>retiro sin tecnolog\u00eda<\/strong> dedicado a actividades deportivas como tiro con arco, caminatas etc. La otra mitad, estar\u00eda en casa realizando actividades normales. Al finalizar los 5 d\u00edas se percibieron notables aumentos de empat\u00eda entre los ni\u00f1os participantes, su <strong>lenguaje emocional<\/strong> no verbal hab\u00eda mejorado, sonre\u00edan con m\u00e1s frecuencia ante el \u00e9xito de otro ni\u00f1o o se mostraban angustiados frente a alguna ca\u00edda desagradable. En conclusi\u00f3n \u201cSe debe introducir un di\u00e1logo social muy necesario acerca de los costos y beneficios de la enorme cantidad de tiempo que los<strong> ni\u00f1os<\/strong> pasan frente a las pantallas tanto dentro como fuera del aula\u201d<\/p>\n<p>Si bien, esto es basado en experiencias de <strong>padres<\/strong> a quienes no les gusta que sus hijos crezcan de esta forma, pero, tambi\u00e9n hay quienes las defienden y han sabido usarla en su <strong>beneficio<\/strong>, ni\u00f1os que a su corta edad ya saben <strong>programar<\/strong>, han comenzado una empresa o simplemente aprenden nuevos idiomas y socializan con amigos de todo el mundo.<\/p>\n<p>\u00bfQu\u00e9 opinas t\u00fa, c\u00f3mo quieres que tus hijos crezcan?<\/p>\n<p>Sobre la autora: <a href=\"https:\/\/www.linkedin.com\/in\/carla-le%C3%B3n-547001b2\/\">Carla Le\u00f3n<\/a><\/p>\n<p>&nbsp;<\/p>\n","protected":false},"excerpt":{"rendered":"<p>Muchos de nosotros crecimos sin tecnolog\u00eda o nos toc\u00f3 presenciar su desarrollo, el internet se conectaba con la l\u00ednea telef\u00f3nica, lo que antes eran las canciones de mam\u00e1 para dormir o para superar la espera en el pediatra es ahora una caricatura en el tel\u00e9fono m\u00f3vil o en la tablet. Las tareas se volvieron parte [&hellip;]<\/p>\n","protected":false},"author":26,"featured_media":4223,"comment_status":"open","ping_status":"open","sticky":false,"template":"","format":"standard","meta":{"_acf_changed":false,"footnotes":""},"categories":[254,20,222],"tags":[248,249,250,251,252,253,255,256,257,258,259,260,261,262,263,264,265,266,267,268,269],"class_list":["post-4219","post","type-post","status-publish","format-standard","has-post-thumbnail","hentry","category-comunicacion","category-noticias","category-reflexiones","tag-3d-robotics","tag-apple","tag-beneficio","tag-bill-gates","tag-chris-anderson","tag-computers-in-human-behavior","tag-educar","tag-informacion","tag-internet","tag-lenguaje-emocional","tag-libros","tag-microsoft","tag-movil","tag-ninos","tag-padres","tag-programar","tag-retiro-sin-tecnologia","tag-sillicon-valley","tag-tablet","tag-tecnologia","tag-tim-cook"],"acf":[],"yoast_head":"<!-- This site is optimized with the Yoast SEO plugin v24.4 - https:\/\/yoast.com\/wordpress\/plugins\/seo\/ -->\n<title>La tecnolog\u00eda y los ni\u00f1os \u00bfUna buena combinaci\u00f3n? - Proyectum Per\u00fa<\/title>\n<meta name=\"robots\" content=\"index, follow, max-snippet:-1, max-image-preview:large, max-video-preview:-1\" \/>\n<link rel=\"canonical\" href=\"https:\/\/proyectum.com\/pe\/la-tecnologia-y-los-ninos-una-buena-combinacion\/\" \/>\n<meta property=\"og:locale\" content=\"es_ES\" \/>\n<meta property=\"og:type\" content=\"article\" \/>\n<meta property=\"og:title\" content=\"La tecnolog\u00eda y los ni\u00f1os \u00bfUna buena combinaci\u00f3n? - Proyectum Per\u00fa\" \/>\n<meta property=\"og:description\" content=\"Muchos de nosotros crecimos sin tecnolog\u00eda o nos toc\u00f3 presenciar su desarrollo, el internet se conectaba con la l\u00ednea telef\u00f3nica, lo que antes eran las canciones de mam\u00e1 para dormir o para superar la espera en el pediatra es ahora una caricatura en el tel\u00e9fono m\u00f3vil o en la tablet. Las tareas se volvieron parte [&hellip;]\" \/>\n<meta property=\"og:url\" content=\"https:\/\/proyectum.com\/pe\/la-tecnologia-y-los-ninos-una-buena-combinacion\/\" \/>\n<meta property=\"og:site_name\" content=\"Proyectum Per\u00fa\" \/>\n<meta property=\"article:publisher\" content=\"https:\/\/www.facebook.com\/proyectum.pe\/\" \/>\n<meta property=\"article:published_time\" content=\"2018-11-05T18:00:42+00:00\" \/>\n<meta name=\"author\" content=\"Proyectum 2024\" \/>\n<meta name=\"twitter:card\" content=\"summary_large_image\" \/>\n<meta name=\"twitter:label1\" content=\"Escrito por\" \/>\n\t<meta name=\"twitter:data1\" content=\"Proyectum 2024\" \/>\n\t<meta name=\"twitter:label2\" content=\"Tiempo de lectura\" \/>\n\t<meta name=\"twitter:data2\" content=\"3 minutos\" \/>\n<script type=\"application\/ld+json\" class=\"yoast-schema-graph\">{\"@context\":\"https:\/\/schema.org\",\"@graph\":[{\"@type\":\"Article\",\"@id\":\"https:\/\/proyectum.com\/pe\/la-tecnologia-y-los-ninos-una-buena-combinacion\/#article\",\"isPartOf\":{\"@id\":\"https:\/\/proyectum.com\/pe\/la-tecnologia-y-los-ninos-una-buena-combinacion\/\"},\"author\":{\"name\":\"Proyectum 2024\",\"@id\":\"https:\/\/proyectum.com\/pe\/#\/schema\/person\/784b10060c51822d857e3004ea132bb4\"},\"headline\":\"La tecnolog\u00eda y los ni\u00f1os \u00bfUna buena combinaci\u00f3n?\",\"datePublished\":\"2018-11-05T18:00:42+00:00\",\"mainEntityOfPage\":{\"@id\":\"https:\/\/proyectum.com\/pe\/la-tecnologia-y-los-ninos-una-buena-combinacion\/\"},\"wordCount\":534,\"commentCount\":0,\"publisher\":{\"@id\":\"https:\/\/proyectum.com\/pe\/#organization\"},\"image\":{\"@id\":\"https:\/\/proyectum.com\/pe\/la-tecnologia-y-los-ninos-una-buena-combinacion\/#primaryimage\"},\"thumbnailUrl\":\"https:\/\/proyectum.com\/pe\/wp-content\/uploads\/2018\/11\/alexander-dummer-150646-unsplash.jpg\",\"keywords\":[\"3D Robotics\",\"Apple\",\"beneficio\",\"Bill Gates\",\"Chris Anderson\",\"Computers in human behavior\",\"educar\",\"informaci\u00f3n\",\"internet\",\"lenguaje emocional\",\"libros\",\"Microsoft\",\"m\u00f3vil\",\"ni\u00f1os\",\"padres\",\"programar\",\"retiro sin tecnolog\u00eda\",\"Sillicon Valley\",\"tablet\",\"tecnolog\u00eda\",\"Tim Cook\"],\"articleSection\":[\"Comunicaci\u00f3n\",\"Noticias\",\"Reflexiones\"],\"inLanguage\":\"es\",\"potentialAction\":[{\"@type\":\"CommentAction\",\"name\":\"Comment\",\"target\":[\"https:\/\/proyectum.com\/pe\/la-tecnologia-y-los-ninos-una-buena-combinacion\/#respond\"]}]},{\"@type\":\"WebPage\",\"@id\":\"https:\/\/proyectum.com\/pe\/la-tecnologia-y-los-ninos-una-buena-combinacion\/\",\"url\":\"https:\/\/proyectum.com\/pe\/la-tecnologia-y-los-ninos-una-buena-combinacion\/\",\"name\":\"La tecnolog\u00eda y los ni\u00f1os \u00bfUna buena combinaci\u00f3n? - Proyectum Per\u00fa\",\"isPartOf\":{\"@id\":\"https:\/\/proyectum.com\/pe\/#website\"},\"primaryImageOfPage\":{\"@id\":\"https:\/\/proyectum.com\/pe\/la-tecnologia-y-los-ninos-una-buena-combinacion\/#primaryimage\"},\"image\":{\"@id\":\"https:\/\/proyectum.com\/pe\/la-tecnologia-y-los-ninos-una-buena-combinacion\/#primaryimage\"},\"thumbnailUrl\":\"https:\/\/proyectum.com\/pe\/wp-content\/uploads\/2018\/11\/alexander-dummer-150646-unsplash.jpg\",\"datePublished\":\"2018-11-05T18:00:42+00:00\",\"breadcrumb\":{\"@id\":\"https:\/\/proyectum.com\/pe\/la-tecnologia-y-los-ninos-una-buena-combinacion\/#breadcrumb\"},\"inLanguage\":\"es\",\"potentialAction\":[{\"@type\":\"ReadAction\",\"target\":[\"https:\/\/proyectum.com\/pe\/la-tecnologia-y-los-ninos-una-buena-combinacion\/\"]}]},{\"@type\":\"ImageObject\",\"inLanguage\":\"es\",\"@id\":\"https:\/\/proyectum.com\/pe\/la-tecnologia-y-los-ninos-una-buena-combinacion\/#primaryimage\",\"url\":\"https:\/\/proyectum.com\/pe\/wp-content\/uploads\/2018\/11\/alexander-dummer-150646-unsplash.jpg\",\"contentUrl\":\"https:\/\/proyectum.com\/pe\/wp-content\/uploads\/2018\/11\/alexander-dummer-150646-unsplash.jpg\",\"width\":1100,\"height\":734},{\"@type\":\"BreadcrumbList\",\"@id\":\"https:\/\/proyectum.com\/pe\/la-tecnologia-y-los-ninos-una-buena-combinacion\/#breadcrumb\",\"itemListElement\":[{\"@type\":\"ListItem\",\"position\":1,\"name\":\"Home\",\"item\":\"https:\/\/proyectum.com\/pe\/\"},{\"@type\":\"ListItem\",\"position\":2,\"name\":\"La tecnolog\u00eda y los ni\u00f1os \u00bfUna buena combinaci\u00f3n?\"}]},{\"@type\":\"WebSite\",\"@id\":\"https:\/\/proyectum.com\/pe\/#website\",\"url\":\"https:\/\/proyectum.com\/pe\/\",\"name\":\"Proyectum Per\u00fa\",\"description\":\"Direcci\u00f3n de Proyectos y Metodolog\u00edas \u00c1giles\",\"publisher\":{\"@id\":\"https:\/\/proyectum.com\/pe\/#organization\"},\"potentialAction\":[{\"@type\":\"SearchAction\",\"target\":{\"@type\":\"EntryPoint\",\"urlTemplate\":\"https:\/\/proyectum.com\/pe\/?s={search_term_string}\"},\"query-input\":{\"@type\":\"PropertyValueSpecification\",\"valueRequired\":true,\"valueName\":\"search_term_string\"}}],\"inLanguage\":\"es\"},{\"@type\":\"Organization\",\"@id\":\"https:\/\/proyectum.com\/pe\/#organization\",\"name\":\"Proyectum Per\u00fa\",\"url\":\"https:\/\/proyectum.com\/pe\/\",\"logo\":{\"@type\":\"ImageObject\",\"inLanguage\":\"es\",\"@id\":\"https:\/\/proyectum.com\/pe\/#\/schema\/logo\/image\/\",\"url\":\"https:\/\/proyectum.com\/pe\/wp-content\/uploads\/2020\/04\/proyectum-logo-snippet.png\",\"contentUrl\":\"https:\/\/proyectum.com\/pe\/wp-content\/uploads\/2020\/04\/proyectum-logo-snippet.png\",\"width\":600,\"height\":315,\"caption\":\"Proyectum Per\u00fa\"},\"image\":{\"@id\":\"https:\/\/proyectum.com\/pe\/#\/schema\/logo\/image\/\"},\"sameAs\":[\"https:\/\/www.facebook.com\/proyectum.pe\/\",\"https:\/\/www.instagram.com\/proyectum.pe\/\",\"https:\/\/www.linkedin.com\/company\/proyectumperu\/\",\"https:\/\/www.youtube.com\/@proyectum2283\/videos\"]},{\"@type\":\"Person\",\"@id\":\"https:\/\/proyectum.com\/pe\/#\/schema\/person\/784b10060c51822d857e3004ea132bb4\",\"name\":\"Proyectum 2024\",\"image\":{\"@type\":\"ImageObject\",\"inLanguage\":\"es\",\"@id\":\"https:\/\/proyectum.com\/pe\/#\/schema\/person\/image\/\",\"url\":\"https:\/\/secure.gravatar.com\/avatar\/df82793fddd8f0a5a84fdb27d958bf73?s=96&d=mm&r=g\",\"contentUrl\":\"https:\/\/secure.gravatar.com\/avatar\/df82793fddd8f0a5a84fdb27d958bf73?s=96&d=mm&r=g\",\"caption\":\"Proyectum 2024\"}}]}<\/script>\n<!-- \/ Yoast SEO plugin. -->","yoast_head_json":{"title":"La tecnolog\u00eda y los ni\u00f1os \u00bfUna buena combinaci\u00f3n? - Proyectum Per\u00fa","robots":{"index":"index","follow":"follow","max-snippet":"max-snippet:-1","max-image-preview":"max-image-preview:large","max-video-preview":"max-video-preview:-1"},"canonical":"https:\/\/proyectum.com\/pe\/la-tecnologia-y-los-ninos-una-buena-combinacion\/","og_locale":"es_ES","og_type":"article","og_title":"La tecnolog\u00eda y los ni\u00f1os \u00bfUna buena combinaci\u00f3n? - Proyectum Per\u00fa","og_description":"Muchos de nosotros crecimos sin tecnolog\u00eda o nos toc\u00f3 presenciar su desarrollo, el internet se conectaba con la l\u00ednea telef\u00f3nica, lo que antes eran las canciones de mam\u00e1 para dormir o para superar la espera en el pediatra es ahora una caricatura en el tel\u00e9fono m\u00f3vil o en la tablet. Las tareas se volvieron parte [&hellip;]","og_url":"https:\/\/proyectum.com\/pe\/la-tecnologia-y-los-ninos-una-buena-combinacion\/","og_site_name":"Proyectum Per\u00fa","article_publisher":"https:\/\/www.facebook.com\/proyectum.pe\/","article_published_time":"2018-11-05T18:00:42+00:00","author":"Proyectum 2024","twitter_card":"summary_large_image","twitter_misc":{"Escrito por":"Proyectum 2024","Tiempo de lectura":"3 minutos"},"schema":{"@context":"https:\/\/schema.org","@graph":[{"@type":"Article","@id":"https:\/\/proyectum.com\/pe\/la-tecnologia-y-los-ninos-una-buena-combinacion\/#article","isPartOf":{"@id":"https:\/\/proyectum.com\/pe\/la-tecnologia-y-los-ninos-una-buena-combinacion\/"},"author":{"name":"Proyectum 2024","@id":"https:\/\/proyectum.com\/pe\/#\/schema\/person\/784b10060c51822d857e3004ea132bb4"},"headline":"La tecnolog\u00eda y los ni\u00f1os \u00bfUna buena combinaci\u00f3n?","datePublished":"2018-11-05T18:00:42+00:00","mainEntityOfPage":{"@id":"https:\/\/proyectum.com\/pe\/la-tecnologia-y-los-ninos-una-buena-combinacion\/"},"wordCount":534,"commentCount":0,"publisher":{"@id":"https:\/\/proyectum.com\/pe\/#organization"},"image":{"@id":"https:\/\/proyectum.com\/pe\/la-tecnologia-y-los-ninos-una-buena-combinacion\/#primaryimage"},"thumbnailUrl":"https:\/\/proyectum.com\/pe\/wp-content\/uploads\/2018\/11\/alexander-dummer-150646-unsplash.jpg","keywords":["3D Robotics","Apple","beneficio","Bill Gates","Chris Anderson","Computers in human behavior","educar","informaci\u00f3n","internet","lenguaje emocional","libros","Microsoft","m\u00f3vil","ni\u00f1os","padres","programar","retiro sin tecnolog\u00eda","Sillicon Valley","tablet","tecnolog\u00eda","Tim Cook"],"articleSection":["Comunicaci\u00f3n","Noticias","Reflexiones"],"inLanguage":"es","potentialAction":[{"@type":"CommentAction","name":"Comment","target":["https:\/\/proyectum.com\/pe\/la-tecnologia-y-los-ninos-una-buena-combinacion\/#respond"]}]},{"@type":"WebPage","@id":"https:\/\/proyectum.com\/pe\/la-tecnologia-y-los-ninos-una-buena-combinacion\/","url":"https:\/\/proyectum.com\/pe\/la-tecnologia-y-los-ninos-una-buena-combinacion\/","name":"La tecnolog\u00eda y los ni\u00f1os \u00bfUna buena combinaci\u00f3n? - Proyectum Per\u00fa","isPartOf":{"@id":"https:\/\/proyectum.com\/pe\/#website"},"primaryImageOfPage":{"@id":"https:\/\/proyectum.com\/pe\/la-tecnologia-y-los-ninos-una-buena-combinacion\/#primaryimage"},"image":{"@id":"https:\/\/proyectum.com\/pe\/la-tecnologia-y-los-ninos-una-buena-combinacion\/#primaryimage"},"thumbnailUrl":"https:\/\/proyectum.com\/pe\/wp-content\/uploads\/2018\/11\/alexander-dummer-150646-unsplash.jpg","datePublished":"2018-11-05T18:00:42+00:00","breadcrumb":{"@id":"https:\/\/proyectum.com\/pe\/la-tecnologia-y-los-ninos-una-buena-combinacion\/#breadcrumb"},"inLanguage":"es","potentialAction":[{"@type":"ReadAction","target":["https:\/\/proyectum.com\/pe\/la-tecnologia-y-los-ninos-una-buena-combinacion\/"]}]},{"@type":"ImageObject","inLanguage":"es","@id":"https:\/\/proyectum.com\/pe\/la-tecnologia-y-los-ninos-una-buena-combinacion\/#primaryimage","url":"https:\/\/proyectum.com\/pe\/wp-content\/uploads\/2018\/11\/alexander-dummer-150646-unsplash.jpg","contentUrl":"https:\/\/proyectum.com\/pe\/wp-content\/uploads\/2018\/11\/alexander-dummer-150646-unsplash.jpg","width":1100,"height":734},{"@type":"BreadcrumbList","@id":"https:\/\/proyectum.com\/pe\/la-tecnologia-y-los-ninos-una-buena-combinacion\/#breadcrumb","itemListElement":[{"@type":"ListItem","position":1,"name":"Home","item":"https:\/\/proyectum.com\/pe\/"},{"@type":"ListItem","position":2,"name":"La tecnolog\u00eda y los ni\u00f1os \u00bfUna buena combinaci\u00f3n?"}]},{"@type":"WebSite","@id":"https:\/\/proyectum.com\/pe\/#website","url":"https:\/\/proyectum.com\/pe\/","name":"Proyectum Per\u00fa","description":"Direcci\u00f3n de Proyectos y Metodolog\u00edas \u00c1giles","publisher":{"@id":"https:\/\/proyectum.com\/pe\/#organization"},"potentialAction":[{"@type":"SearchAction","target":{"@type":"EntryPoint","urlTemplate":"https:\/\/proyectum.com\/pe\/?s={search_term_string}"},"query-input":{"@type":"PropertyValueSpecification","valueRequired":true,"valueName":"search_term_string"}}],"inLanguage":"es"},{"@type":"Organization","@id":"https:\/\/proyectum.com\/pe\/#organization","name":"Proyectum Per\u00fa","url":"https:\/\/proyectum.com\/pe\/","logo":{"@type":"ImageObject","inLanguage":"es","@id":"https:\/\/proyectum.com\/pe\/#\/schema\/logo\/image\/","url":"https:\/\/proyectum.com\/pe\/wp-content\/uploads\/2020\/04\/proyectum-logo-snippet.png","contentUrl":"https:\/\/proyectum.com\/pe\/wp-content\/uploads\/2020\/04\/proyectum-logo-snippet.png","width":600,"height":315,"caption":"Proyectum Per\u00fa"},"image":{"@id":"https:\/\/proyectum.com\/pe\/#\/schema\/logo\/image\/"},"sameAs":["https:\/\/www.facebook.com\/proyectum.pe\/","https:\/\/www.instagram.com\/proyectum.pe\/","https:\/\/www.linkedin.com\/company\/proyectumperu\/","https:\/\/www.youtube.com\/@proyectum2283\/videos"]},{"@type":"Person","@id":"https:\/\/proyectum.com\/pe\/#\/schema\/person\/784b10060c51822d857e3004ea132bb4","name":"Proyectum 2024","image":{"@type":"ImageObject","inLanguage":"es","@id":"https:\/\/proyectum.com\/pe\/#\/schema\/person\/image\/","url":"https:\/\/secure.gravatar.com\/avatar\/df82793fddd8f0a5a84fdb27d958bf73?s=96&d=mm&r=g","contentUrl":"https:\/\/secure.gravatar.com\/avatar\/df82793fddd8f0a5a84fdb27d958bf73?s=96&d=mm&r=g","caption":"Proyectum 2024"}}]}},"_links":{"self":[{"href":"https:\/\/proyectum.com\/pe\/wp-json\/wp\/v2\/posts\/4219","targetHints":{"allow":["GET"]}}],"collection":[{"href":"https:\/\/proyectum.com\/pe\/wp-json\/wp\/v2\/posts"}],"about":[{"href":"https:\/\/proyectum.com\/pe\/wp-json\/wp\/v2\/types\/post"}],"author":[{"embeddable":true,"href":"https:\/\/proyectum.com\/pe\/wp-json\/wp\/v2\/users\/26"}],"replies":[{"embeddable":true,"href":"https:\/\/proyectum.com\/pe\/wp-json\/wp\/v2\/comments?post=4219"}],"version-history":[{"count":0,"href":"https:\/\/proyectum.com\/pe\/wp-json\/wp\/v2\/posts\/4219\/revisions"}],"wp:featuredmedia":[{"embeddable":true,"href":"https:\/\/proyectum.com\/pe\/wp-json\/wp\/v2\/media\/4223"}],"wp:attachment":[{"href":"https:\/\/proyectum.com\/pe\/wp-json\/wp\/v2\/media?parent=4219"}],"wp:term":[{"taxonomy":"category","embeddable":true,"href":"https:\/\/proyectum.com\/pe\/wp-json\/wp\/v2\/categories?post=4219"},{"taxonomy":"post_tag","embeddable":true,"href":"https:\/\/proyectum.com\/pe\/wp-json\/wp\/v2\/tags?post=4219"}],"curies":[{"name":"wp","href":"https:\/\/api.w.org\/{rel}","templated":true}]}}