{"id":4415,"date":"2018-12-20T14:28:21","date_gmt":"2018-12-20T20:28:21","guid":{"rendered":"http:\/\/www.proyectum.lat\/?p=4415"},"modified":"2018-12-20T14:28:21","modified_gmt":"2018-12-20T20:28:21","slug":"el-liderazgo-en-tiempos-de-agilidad","status":"publish","type":"post","link":"https:\/\/proyectum.com\/pe\/el-liderazgo-en-tiempos-de-agilidad\/","title":{"rendered":"El liderazgo en tiempos de agilidad"},"content":{"rendered":"<p>&nbsp;<\/p><p>Mientras en <strong>el mundo de los negocios se habla de agilidad<\/strong>, en donde el <strong>estilo de liderazgo se vuelve servicial<\/strong>, motivador y que genera un ambiente propicio para el flujo de ideas innovadoras, en la pr\u00e1ctica a\u00fan se llega a ver al <strong>l\u00edder autoritario<\/strong> que cre\u00edamos extinto.<\/p><p>Uno de los temas que m\u00e1s llaman la atenci\u00f3n en el mundo de los negocios, y a m\u00ed en lo personal, es el tema de <strong>liderazgo<\/strong>. Cientos de libros se han escrito alrededor de este tema y conforme la tecnolog\u00eda, los negocios y otros factores del entorno evolucionan o se vuelven m\u00e1s complejos, los <strong>estilos de liderazgo pretenden de igual manera evolucionar<\/strong> para adaptarse a estos cambios.<\/p><p>Esta necesidad de adaptaci\u00f3n constante hace que sea impr\u00e1ctico tener una definici\u00f3n \u00fanica de liderazgo, pues <strong>ir\u00eda en contra del mundo \u00c1gil<\/strong> y nos atar\u00eda a un futuro incierto. A pesar de esto, considero que hay ciertas caracter\u00edsticas del liderazgo que son fundamentales, por ejemplo, para m\u00ed es muy importante que un buen l\u00edder tenga la capacidad de inspirar a otros.<\/p><p>Como consultor y capacitador en temas de negocios, puedo decir que he tenido la oportunidad de convivir con una gran cantidad de l\u00edderes. En su gran mayor\u00eda, son personas con una <strong>curiosidad ilimitada<\/strong> que constantemente los lleva a adquirir nuevos conocimientos con el fin de mejorar la manera en que gestionan a su equipo de trabajo.<\/p><p>Cuando tus referentes de liderazgo son este tipo de personas, cuando lees un art\u00edculo de negocios donde se menciona que el liderazgo actual busca generar <strong>ambientes de trabajo colaborativos<\/strong> e innovadores, cuando los <strong>modelos de Agilidad de Negocios<\/strong> hablan acerca de dar libertad a tus colaboradores para que sean ellos los que se <strong>autoorganicen<\/strong>, llega un punto en el que comienzas a pensar que aquel liderazgo autoritario, que t\u00edpicamente dicta cada una de las instrucciones que se tienen que hacer y deja poco margen de maniobra para que su equipo opine, se hab\u00eda quedado en el pasado.<\/p><p>Lamentablemente aquellas pr\u00e1cticas del \u201cl\u00edder\u201d que quiere imponer su autoridad basado en su superioridad jer\u00e1rquica a\u00fan prevalecen en esta \u00e9poca. Resulta inveros\u00edmil que una persona encargada de llevar las riendas de un negocio les grite a sus colaboradores: \u201c<em>Gracias a mi es que ustedes comen<\/em>\u201d, pero sucede, historia real que me toc\u00f3 presenciar en este a\u00f1o cuando me invitaron a visitar una empresa.<\/p><p><strong>Existe un dicho popular que dice m\u00e1s o menos as\u00ed: \u201cEl valiente vive hasta que el cobarde quiere\u201d. <\/strong><\/p><p>As\u00ed como he tenido la fortuna de conocer y trabajar con personas <strong>preocupadas por ejercer su liderazgo<\/strong> de la mejor manera posible, seguramente tambi\u00e9n siguen vigentes all\u00e1 fuera ese tipo de personas que no conocen la diferencia entre mandar y liderar, entre imponer e inspirar.<\/p><p>Para las personas que en este momento en su vida laboral se encuentran bajo el mando de este tipo de l\u00edderes, mi mejor consejo es, salgan de ah\u00ed tan pronto como les sea posible. El talento que seguramente tienen jam\u00e1s ser\u00e1 valorado por este tipo de personas y la frustraci\u00f3n, que para este momento ya debe ser mucha, solo ir\u00e1 en aumento.<\/p><p>Para los l\u00edderes de hoy y el futuro, <strong>mantengan esa curiosidad de aprender los nuevos estilos de liderazgo<\/strong>, sean humildes para reconocer que constantemente tenemos que seguir aprendiendo para adaptarnos al entorno cada vez m\u00e1s cambiante, valoren a cada uno de los miembros de su equipo, los cuales, ante todo, son seres humanos que merecen todo nuestro respeto.<\/p><p>Ejercer el control sobre un grupo de personas va a depender de la jerarqu\u00eda, el liderazgo no. As\u00ed que te invito a que, sin importar tu posici\u00f3n, <strong>fortalezcas tus habilidades de liderazgo<\/strong> y tengas en mente que puedes ser la fuente de inspiraci\u00f3n de otras personas.<\/p><p>Sobre el autor: <a href=\"https:\/\/www.proyectum.com\/mx\/quienes-somos\/\" target=\"_blank\" rel=\"noreferrer noopener\" aria-label=\"Omar Garc\u00eda (abre en una nueva pesta\u00f1a)\">Omar Garc\u00eda<\/a><\/p><p>&nbsp;<\/p>","protected":false},"excerpt":{"rendered":"<p>&nbsp; Mientras en el mundo de los negocios se habla de agilidad, en donde el estilo de liderazgo se vuelve servicial, motivador y que genera un ambiente propicio para el flujo de ideas innovadoras, en la pr\u00e1ctica a\u00fan se llega a ver al l\u00edder autoritario que cre\u00edamos extinto. Uno de los temas que m\u00e1s llaman [&hellip;]<\/p>\n","protected":false},"author":26,"featured_media":10940,"comment_status":"open","ping_status":"open","sticky":false,"template":"","format":"standard","meta":{"_acf_changed":false,"footnotes":""},"categories":[329,254,218,370,427,917],"tags":[379,1386,1387,1388],"class_list":["post-4415","post","type-post","status-publish","format-standard","has-post-thumbnail","hentry","category-agil","category-comunicacion","category-innovacion","category-liderazgo","category-recursos-humanos","category-scrum","tag-agilidad-de-negocios","tag-ambientes-de-trabajo-colaborativos","tag-evolucionar-el-liderazgo","tag-modelos-de-agilidad-de-negocios"],"acf":[],"yoast_head":"<!-- This site is optimized with the Yoast SEO plugin v24.4 - https:\/\/yoast.com\/wordpress\/plugins\/seo\/ -->\n<title>El liderazgo en tiempos de agilidad - Proyectum Per\u00fa<\/title>\n<meta name=\"robots\" content=\"index, follow, max-snippet:-1, max-image-preview:large, max-video-preview:-1\" \/>\n<link rel=\"canonical\" href=\"https:\/\/proyectum.com\/pe\/el-liderazgo-en-tiempos-de-agilidad\/\" \/>\n<meta property=\"og:locale\" content=\"es_ES\" \/>\n<meta property=\"og:type\" content=\"article\" \/>\n<meta property=\"og:title\" content=\"El liderazgo en tiempos de agilidad - Proyectum Per\u00fa\" \/>\n<meta property=\"og:description\" content=\"&nbsp; Mientras en el mundo de los negocios se habla de agilidad, en donde el estilo de liderazgo se vuelve servicial, motivador y que genera un ambiente propicio para el flujo de ideas innovadoras, en la pr\u00e1ctica a\u00fan se llega a ver al l\u00edder autoritario que cre\u00edamos extinto. Uno de los temas que m\u00e1s llaman [&hellip;]\" \/>\n<meta property=\"og:url\" content=\"https:\/\/proyectum.com\/pe\/el-liderazgo-en-tiempos-de-agilidad\/\" \/>\n<meta property=\"og:site_name\" content=\"Proyectum Per\u00fa\" \/>\n<meta property=\"article:publisher\" content=\"https:\/\/www.facebook.com\/proyectum.pe\/\" \/>\n<meta property=\"article:published_time\" content=\"2018-12-20T20:28:21+00:00\" \/>\n<meta property=\"og:image\" content=\"https:\/\/proyectum.com\/pe\/wp-content\/uploads\/2018\/12\/Liderazgo-agil-4-1.jpg\" \/>\n\t<meta property=\"og:image:width\" content=\"1500\" \/>\n\t<meta property=\"og:image:height\" content=\"686\" \/>\n\t<meta property=\"og:image:type\" content=\"image\/jpeg\" \/>\n<meta name=\"author\" content=\"Proyectum 2024\" \/>\n<meta name=\"twitter:card\" content=\"summary_large_image\" \/>\n<meta name=\"twitter:label1\" content=\"Escrito por\" \/>\n\t<meta name=\"twitter:data1\" content=\"Proyectum 2024\" \/>\n\t<meta name=\"twitter:label2\" content=\"Tiempo de lectura\" \/>\n\t<meta name=\"twitter:data2\" content=\"3 minutos\" \/>\n<script type=\"application\/ld+json\" class=\"yoast-schema-graph\">{\"@context\":\"https:\/\/schema.org\",\"@graph\":[{\"@type\":\"Article\",\"@id\":\"https:\/\/proyectum.com\/pe\/el-liderazgo-en-tiempos-de-agilidad\/#article\",\"isPartOf\":{\"@id\":\"https:\/\/proyectum.com\/pe\/el-liderazgo-en-tiempos-de-agilidad\/\"},\"author\":{\"name\":\"Proyectum 2024\",\"@id\":\"https:\/\/proyectum.com\/pe\/#\/schema\/person\/784b10060c51822d857e3004ea132bb4\"},\"headline\":\"El liderazgo en tiempos de agilidad\",\"datePublished\":\"2018-12-20T20:28:21+00:00\",\"mainEntityOfPage\":{\"@id\":\"https:\/\/proyectum.com\/pe\/el-liderazgo-en-tiempos-de-agilidad\/\"},\"wordCount\":670,\"commentCount\":0,\"publisher\":{\"@id\":\"https:\/\/proyectum.com\/pe\/#organization\"},\"image\":{\"@id\":\"https:\/\/proyectum.com\/pe\/el-liderazgo-en-tiempos-de-agilidad\/#primaryimage\"},\"thumbnailUrl\":\"https:\/\/proyectum.com\/pe\/wp-content\/uploads\/2018\/12\/Liderazgo-agil-4-1.jpg\",\"keywords\":[\"agilidad de negocios\",\"ambientes de trabajo colaborativos\",\"evolucionar el liderazgo\",\"modelos de Agilidad de Negocios\"],\"articleSection\":[\"\u00c1gil\",\"Comunicaci\u00f3n\",\"Innovaci\u00f3n\",\"Liderazgo\",\"Recursos Humanos\",\"Scrum\"],\"inLanguage\":\"es\",\"potentialAction\":[{\"@type\":\"CommentAction\",\"name\":\"Comment\",\"target\":[\"https:\/\/proyectum.com\/pe\/el-liderazgo-en-tiempos-de-agilidad\/#respond\"]}]},{\"@type\":\"WebPage\",\"@id\":\"https:\/\/proyectum.com\/pe\/el-liderazgo-en-tiempos-de-agilidad\/\",\"url\":\"https:\/\/proyectum.com\/pe\/el-liderazgo-en-tiempos-de-agilidad\/\",\"name\":\"El liderazgo en tiempos de agilidad - Proyectum Per\u00fa\",\"isPartOf\":{\"@id\":\"https:\/\/proyectum.com\/pe\/#website\"},\"primaryImageOfPage\":{\"@id\":\"https:\/\/proyectum.com\/pe\/el-liderazgo-en-tiempos-de-agilidad\/#primaryimage\"},\"image\":{\"@id\":\"https:\/\/proyectum.com\/pe\/el-liderazgo-en-tiempos-de-agilidad\/#primaryimage\"},\"thumbnailUrl\":\"https:\/\/proyectum.com\/pe\/wp-content\/uploads\/2018\/12\/Liderazgo-agil-4-1.jpg\",\"datePublished\":\"2018-12-20T20:28:21+00:00\",\"breadcrumb\":{\"@id\":\"https:\/\/proyectum.com\/pe\/el-liderazgo-en-tiempos-de-agilidad\/#breadcrumb\"},\"inLanguage\":\"es\",\"potentialAction\":[{\"@type\":\"ReadAction\",\"target\":[\"https:\/\/proyectum.com\/pe\/el-liderazgo-en-tiempos-de-agilidad\/\"]}]},{\"@type\":\"ImageObject\",\"inLanguage\":\"es\",\"@id\":\"https:\/\/proyectum.com\/pe\/el-liderazgo-en-tiempos-de-agilidad\/#primaryimage\",\"url\":\"https:\/\/proyectum.com\/pe\/wp-content\/uploads\/2018\/12\/Liderazgo-agil-4-1.jpg\",\"contentUrl\":\"https:\/\/proyectum.com\/pe\/wp-content\/uploads\/2018\/12\/Liderazgo-agil-4-1.jpg\",\"width\":1500,\"height\":686,\"caption\":\"Liderazgo \u00e1gil\"},{\"@type\":\"BreadcrumbList\",\"@id\":\"https:\/\/proyectum.com\/pe\/el-liderazgo-en-tiempos-de-agilidad\/#breadcrumb\",\"itemListElement\":[{\"@type\":\"ListItem\",\"position\":1,\"name\":\"Home\",\"item\":\"https:\/\/proyectum.com\/pe\/\"},{\"@type\":\"ListItem\",\"position\":2,\"name\":\"El liderazgo en tiempos de agilidad\"}]},{\"@type\":\"WebSite\",\"@id\":\"https:\/\/proyectum.com\/pe\/#website\",\"url\":\"https:\/\/proyectum.com\/pe\/\",\"name\":\"Proyectum Per\u00fa\",\"description\":\"Direcci\u00f3n de Proyectos y Metodolog\u00edas \u00c1giles\",\"publisher\":{\"@id\":\"https:\/\/proyectum.com\/pe\/#organization\"},\"potentialAction\":[{\"@type\":\"SearchAction\",\"target\":{\"@type\":\"EntryPoint\",\"urlTemplate\":\"https:\/\/proyectum.com\/pe\/?s={search_term_string}\"},\"query-input\":{\"@type\":\"PropertyValueSpecification\",\"valueRequired\":true,\"valueName\":\"search_term_string\"}}],\"inLanguage\":\"es\"},{\"@type\":\"Organization\",\"@id\":\"https:\/\/proyectum.com\/pe\/#organization\",\"name\":\"Proyectum Per\u00fa\",\"url\":\"https:\/\/proyectum.com\/pe\/\",\"logo\":{\"@type\":\"ImageObject\",\"inLanguage\":\"es\",\"@id\":\"https:\/\/proyectum.com\/pe\/#\/schema\/logo\/image\/\",\"url\":\"https:\/\/proyectum.com\/pe\/wp-content\/uploads\/2020\/04\/proyectum-logo-snippet.png\",\"contentUrl\":\"https:\/\/proyectum.com\/pe\/wp-content\/uploads\/2020\/04\/proyectum-logo-snippet.png\",\"width\":600,\"height\":315,\"caption\":\"Proyectum Per\u00fa\"},\"image\":{\"@id\":\"https:\/\/proyectum.com\/pe\/#\/schema\/logo\/image\/\"},\"sameAs\":[\"https:\/\/www.facebook.com\/proyectum.pe\/\",\"https:\/\/www.instagram.com\/proyectum.pe\/\",\"https:\/\/www.linkedin.com\/company\/proyectumperu\/\",\"https:\/\/www.youtube.com\/@proyectum2283\/videos\"]},{\"@type\":\"Person\",\"@id\":\"https:\/\/proyectum.com\/pe\/#\/schema\/person\/784b10060c51822d857e3004ea132bb4\",\"name\":\"Proyectum 2024\",\"image\":{\"@type\":\"ImageObject\",\"inLanguage\":\"es\",\"@id\":\"https:\/\/proyectum.com\/pe\/#\/schema\/person\/image\/\",\"url\":\"https:\/\/secure.gravatar.com\/avatar\/df82793fddd8f0a5a84fdb27d958bf73?s=96&d=mm&r=g\",\"contentUrl\":\"https:\/\/secure.gravatar.com\/avatar\/df82793fddd8f0a5a84fdb27d958bf73?s=96&d=mm&r=g\",\"caption\":\"Proyectum 2024\"}}]}<\/script>\n<!-- \/ Yoast SEO plugin. -->","yoast_head_json":{"title":"El liderazgo en tiempos de agilidad - Proyectum Per\u00fa","robots":{"index":"index","follow":"follow","max-snippet":"max-snippet:-1","max-image-preview":"max-image-preview:large","max-video-preview":"max-video-preview:-1"},"canonical":"https:\/\/proyectum.com\/pe\/el-liderazgo-en-tiempos-de-agilidad\/","og_locale":"es_ES","og_type":"article","og_title":"El liderazgo en tiempos de agilidad - Proyectum Per\u00fa","og_description":"&nbsp; Mientras en el mundo de los negocios se habla de agilidad, en donde el estilo de liderazgo se vuelve servicial, motivador y que genera un ambiente propicio para el flujo de ideas innovadoras, en la pr\u00e1ctica a\u00fan se llega a ver al l\u00edder autoritario que cre\u00edamos extinto. Uno de los temas que m\u00e1s llaman [&hellip;]","og_url":"https:\/\/proyectum.com\/pe\/el-liderazgo-en-tiempos-de-agilidad\/","og_site_name":"Proyectum Per\u00fa","article_publisher":"https:\/\/www.facebook.com\/proyectum.pe\/","article_published_time":"2018-12-20T20:28:21+00:00","og_image":[{"width":1500,"height":686,"url":"https:\/\/proyectum.com\/pe\/wp-content\/uploads\/2018\/12\/Liderazgo-agil-4-1.jpg","type":"image\/jpeg"}],"author":"Proyectum 2024","twitter_card":"summary_large_image","twitter_misc":{"Escrito por":"Proyectum 2024","Tiempo de lectura":"3 minutos"},"schema":{"@context":"https:\/\/schema.org","@graph":[{"@type":"Article","@id":"https:\/\/proyectum.com\/pe\/el-liderazgo-en-tiempos-de-agilidad\/#article","isPartOf":{"@id":"https:\/\/proyectum.com\/pe\/el-liderazgo-en-tiempos-de-agilidad\/"},"author":{"name":"Proyectum 2024","@id":"https:\/\/proyectum.com\/pe\/#\/schema\/person\/784b10060c51822d857e3004ea132bb4"},"headline":"El liderazgo en tiempos de agilidad","datePublished":"2018-12-20T20:28:21+00:00","mainEntityOfPage":{"@id":"https:\/\/proyectum.com\/pe\/el-liderazgo-en-tiempos-de-agilidad\/"},"wordCount":670,"commentCount":0,"publisher":{"@id":"https:\/\/proyectum.com\/pe\/#organization"},"image":{"@id":"https:\/\/proyectum.com\/pe\/el-liderazgo-en-tiempos-de-agilidad\/#primaryimage"},"thumbnailUrl":"https:\/\/proyectum.com\/pe\/wp-content\/uploads\/2018\/12\/Liderazgo-agil-4-1.jpg","keywords":["agilidad de negocios","ambientes de trabajo colaborativos","evolucionar el liderazgo","modelos de Agilidad de Negocios"],"articleSection":["\u00c1gil","Comunicaci\u00f3n","Innovaci\u00f3n","Liderazgo","Recursos Humanos","Scrum"],"inLanguage":"es","potentialAction":[{"@type":"CommentAction","name":"Comment","target":["https:\/\/proyectum.com\/pe\/el-liderazgo-en-tiempos-de-agilidad\/#respond"]}]},{"@type":"WebPage","@id":"https:\/\/proyectum.com\/pe\/el-liderazgo-en-tiempos-de-agilidad\/","url":"https:\/\/proyectum.com\/pe\/el-liderazgo-en-tiempos-de-agilidad\/","name":"El liderazgo en tiempos de agilidad - Proyectum Per\u00fa","isPartOf":{"@id":"https:\/\/proyectum.com\/pe\/#website"},"primaryImageOfPage":{"@id":"https:\/\/proyectum.com\/pe\/el-liderazgo-en-tiempos-de-agilidad\/#primaryimage"},"image":{"@id":"https:\/\/proyectum.com\/pe\/el-liderazgo-en-tiempos-de-agilidad\/#primaryimage"},"thumbnailUrl":"https:\/\/proyectum.com\/pe\/wp-content\/uploads\/2018\/12\/Liderazgo-agil-4-1.jpg","datePublished":"2018-12-20T20:28:21+00:00","breadcrumb":{"@id":"https:\/\/proyectum.com\/pe\/el-liderazgo-en-tiempos-de-agilidad\/#breadcrumb"},"inLanguage":"es","potentialAction":[{"@type":"ReadAction","target":["https:\/\/proyectum.com\/pe\/el-liderazgo-en-tiempos-de-agilidad\/"]}]},{"@type":"ImageObject","inLanguage":"es","@id":"https:\/\/proyectum.com\/pe\/el-liderazgo-en-tiempos-de-agilidad\/#primaryimage","url":"https:\/\/proyectum.com\/pe\/wp-content\/uploads\/2018\/12\/Liderazgo-agil-4-1.jpg","contentUrl":"https:\/\/proyectum.com\/pe\/wp-content\/uploads\/2018\/12\/Liderazgo-agil-4-1.jpg","width":1500,"height":686,"caption":"Liderazgo \u00e1gil"},{"@type":"BreadcrumbList","@id":"https:\/\/proyectum.com\/pe\/el-liderazgo-en-tiempos-de-agilidad\/#breadcrumb","itemListElement":[{"@type":"ListItem","position":1,"name":"Home","item":"https:\/\/proyectum.com\/pe\/"},{"@type":"ListItem","position":2,"name":"El liderazgo en tiempos de agilidad"}]},{"@type":"WebSite","@id":"https:\/\/proyectum.com\/pe\/#website","url":"https:\/\/proyectum.com\/pe\/","name":"Proyectum Per\u00fa","description":"Direcci\u00f3n de Proyectos y Metodolog\u00edas \u00c1giles","publisher":{"@id":"https:\/\/proyectum.com\/pe\/#organization"},"potentialAction":[{"@type":"SearchAction","target":{"@type":"EntryPoint","urlTemplate":"https:\/\/proyectum.com\/pe\/?s={search_term_string}"},"query-input":{"@type":"PropertyValueSpecification","valueRequired":true,"valueName":"search_term_string"}}],"inLanguage":"es"},{"@type":"Organization","@id":"https:\/\/proyectum.com\/pe\/#organization","name":"Proyectum Per\u00fa","url":"https:\/\/proyectum.com\/pe\/","logo":{"@type":"ImageObject","inLanguage":"es","@id":"https:\/\/proyectum.com\/pe\/#\/schema\/logo\/image\/","url":"https:\/\/proyectum.com\/pe\/wp-content\/uploads\/2020\/04\/proyectum-logo-snippet.png","contentUrl":"https:\/\/proyectum.com\/pe\/wp-content\/uploads\/2020\/04\/proyectum-logo-snippet.png","width":600,"height":315,"caption":"Proyectum Per\u00fa"},"image":{"@id":"https:\/\/proyectum.com\/pe\/#\/schema\/logo\/image\/"},"sameAs":["https:\/\/www.facebook.com\/proyectum.pe\/","https:\/\/www.instagram.com\/proyectum.pe\/","https:\/\/www.linkedin.com\/company\/proyectumperu\/","https:\/\/www.youtube.com\/@proyectum2283\/videos"]},{"@type":"Person","@id":"https:\/\/proyectum.com\/pe\/#\/schema\/person\/784b10060c51822d857e3004ea132bb4","name":"Proyectum 2024","image":{"@type":"ImageObject","inLanguage":"es","@id":"https:\/\/proyectum.com\/pe\/#\/schema\/person\/image\/","url":"https:\/\/secure.gravatar.com\/avatar\/df82793fddd8f0a5a84fdb27d958bf73?s=96&d=mm&r=g","contentUrl":"https:\/\/secure.gravatar.com\/avatar\/df82793fddd8f0a5a84fdb27d958bf73?s=96&d=mm&r=g","caption":"Proyectum 2024"}}]}},"_links":{"self":[{"href":"https:\/\/proyectum.com\/pe\/wp-json\/wp\/v2\/posts\/4415","targetHints":{"allow":["GET"]}}],"collection":[{"href":"https:\/\/proyectum.com\/pe\/wp-json\/wp\/v2\/posts"}],"about":[{"href":"https:\/\/proyectum.com\/pe\/wp-json\/wp\/v2\/types\/post"}],"author":[{"embeddable":true,"href":"https:\/\/proyectum.com\/pe\/wp-json\/wp\/v2\/users\/26"}],"replies":[{"embeddable":true,"href":"https:\/\/proyectum.com\/pe\/wp-json\/wp\/v2\/comments?post=4415"}],"version-history":[{"count":0,"href":"https:\/\/proyectum.com\/pe\/wp-json\/wp\/v2\/posts\/4415\/revisions"}],"wp:featuredmedia":[{"embeddable":true,"href":"https:\/\/proyectum.com\/pe\/wp-json\/wp\/v2\/media\/10940"}],"wp:attachment":[{"href":"https:\/\/proyectum.com\/pe\/wp-json\/wp\/v2\/media?parent=4415"}],"wp:term":[{"taxonomy":"category","embeddable":true,"href":"https:\/\/proyectum.com\/pe\/wp-json\/wp\/v2\/categories?post=4415"},{"taxonomy":"post_tag","embeddable":true,"href":"https:\/\/proyectum.com\/pe\/wp-json\/wp\/v2\/tags?post=4415"}],"curies":[{"name":"wp","href":"https:\/\/api.w.org\/{rel}","templated":true}]}}