{"id":8371,"date":"2010-07-01T19:40:24","date_gmt":"2010-07-02T01:40:24","guid":{"rendered":"http:\/\/proyectum.wordpress.com\/?p=34"},"modified":"2010-07-01T19:40:24","modified_gmt":"2010-07-02T01:40:24","slug":"pmtour-un-congreso-para-recordar","status":"publish","type":"post","link":"https:\/\/proyectum.com\/pe\/pmtour-un-congreso-para-recordar\/","title":{"rendered":"PMTOUR Un congreso para recordar"},"content":{"rendered":"<p style=\"text-align:right;\"><a href=\"http:\/\/proyectum.files.wordpress.com\/2010\/07\/pmtour.jpg\"><img decoding=\"async\" class=\"alignright size-medium wp-image-36\" title=\"PMTOUR Logo\" src=\"http:\/\/proyectum.files.wordpress.com\/2010\/07\/pmtour.jpg?w=300\" alt=\"\" width=\"300\" height=\"101\" \/><\/a>Por: Jos\u00e9 Luis Flores P\u00e9rez<\/p>\n<p style=\"text-align:left;\">\n<p>Presencia de TenStep Latinoam\u00e9rica en el 2do. Congreso Internacional de Direcci\u00f3n de Proyectos PMTOUR M\u00e9xico 2010.<\/p>\n<p>Con gran \u00e9xito se celebr\u00f3 el 2do. Congreso Internacional de Direcci\u00f3n de Proyectos en la Universidad Iberoamericana Santa F\u00e9 en la ciudad de M\u00e9xico del 19 al 22 de Junio. La inauguraci\u00f3n del congreso estuvo a cargo de Julio Matus Nakamura presidente del PMI Cap\u00edtulo M\u00e9xico, con mensajes de bienvenida por Frank Schettini quien vino representando al consejo directivo del PMI y por el Mtro. Jorge Mart\u00ednez Alarc\u00f3n Director de Ingenier\u00eda de la Universidad Iberoam\u00e9ricana. Vale la pena destacar especialmente la inauguraci\u00f3n, en donde el Cap\u00edtulo invit\u00f3 a una banda de guerra integrada por ni\u00f1os de 7 a 11 a\u00f1os de edad y que a varios de los asistentes emocion\u00f3 mucho.<\/p>\n<p>Durante los dos primeros d\u00edas se desarrollaron talleres en donde TenStep Latinoam\u00e9rica imparti\u00f3 el tema \u201cLiderazgo en Proyectos: Naturaleza y Atributos\u201d contando con Yuri Kogan de la Oficina de Costa Rica y Jorge Vald\u00e9s Garciatorres Socio Director de TenStep Latinoam\u00e9rica como facilitadores. Por cierto este taller y sus facilitadores recibieron la menci\u00f3n de excelencia, otorgada por el PMI M\u00e9xico por los resultados de la evaluaci\u00f3n que llevaron a cabo los participantes.<\/p>\n<p>Asimismo Jorge Vald\u00e9s en su papel de Vicepresidente de Desarrollo Profesional del PMI Cap\u00edtulo M\u00e9xico particip\u00f3 en la presentaci\u00f3n del Programa PMTOUR Kids que aplica el concepto de aprendizaje basado en proyectos y mediante el cual, el a\u00f1o pasado voluntarios del Cap\u00edtulo apoyaron la capacitaci\u00f3n de m\u00e1s de 450 j\u00f3venes desde niveles de primaria hasta universidades. Este programa utiliza el concepto \u201cEl Proyecto del Futuro\u201d, desarrollado en Italia por Walter Ginevry del PMI Cap\u00edtulo Norte de Italia y traducido al espa\u00f1ol por Jorge Vald\u00e9s Garciatorres hace 2 a\u00f1os.<\/p>\n<p>Fiel a su costumbre, el comit\u00e9 organizador del PMTOUR no escatim\u00f3 gastos en cuanto a contenido se refiere y a lo largo de los dos d\u00edas de conferencias los asistentes tuvieron la oportunidad de escuchar a reconocidos ponentes de la disciplina: Frank Schettini, Michael O\u2019Brochta, Tom\u00e1s Miklos, Edward Lewis, Walter Ginevri, John Patton, William Brewster, Yuri Kogan, Russell Archivald y Johnny Mo. Por esta raz\u00f3n, el PMTOUR es el congreso de mayor calidad en Am\u00e9rica Latina y varias partes m\u00e1s del mundo.<\/p>\n<p>Adem\u00e1s del Networking en donde los participantes pudieron estrechar lazos con otros colegas,\u00a0 el evento tuvo un momento muy emotivo cuando el Cap\u00edtulo ofreci\u00f3 un merecido homenaje a Russell Archibald,\u00a0 miembro fundador del PMI Cap\u00edtulo M\u00e9xico y quien ha dedicado 50 a\u00f1os al desarrollo y promoci\u00f3n de la cultura de Direcci\u00f3n de Proyectos no s\u00f3lo en nuestro pa\u00eds, sino en el mundo.<\/p>\n<p>El PMTOUR fue en su segunda edici\u00f3n una gran experiencia para todos los participantes y no s\u00f3lo mantuvo su calidad sino que inyect\u00f3 elementos muy valiosos, por lo que estamos seguros de que el recuerdo nos acompa\u00f1ar\u00e1 a varios en nuestra vida y desde ya todos esperamos las sorpresas que seguramente vendr\u00e1n en el del a\u00f1o pr\u00f3ximo.<\/p>\n<p>En los pr\u00f3ximos n\u00fameros estaremos publicando algunas entrevistas que realizamos con personalidades que participaron en el evento.<\/p>\n","protected":false},"excerpt":{"rendered":"<p>El segundo congreso internacional PMTOUR M\u00c9XICO 2010, tuvo lugar en las instalaciones de la Universidad Iberoamericana, del 19 al 22 de Junio de 2010.<\/p>\n<p>Este evento dirigido a directivos y profesionales de Direcci\u00f3n de Proyectos en todas las industrias, cont\u00f3 con talleres y conferencias sobre formaci\u00f3n en la direcci\u00f3n de proyectos. Fue una convenci\u00f3n que reuni\u00f3 a gran parte de la comunidad involucrada en Project Management en M\u00e9xico;  lo cual represento una gran oportunidad dentro  de este campo.  <\/p>\n","protected":false},"author":26,"featured_media":0,"comment_status":"open","ping_status":"open","sticky":false,"template":"","format":"standard","meta":{"_acf_changed":false,"footnotes":""},"categories":[20],"tags":[],"class_list":["post-8371","post","type-post","status-publish","format-standard","hentry","category-noticias"],"acf":[],"yoast_head":"<!-- This site is optimized with the Yoast SEO plugin v24.4 - https:\/\/yoast.com\/wordpress\/plugins\/seo\/ -->\n<title>PMTOUR Un congreso para recordar - Proyectum Per\u00fa<\/title>\n<meta name=\"robots\" content=\"index, follow, max-snippet:-1, max-image-preview:large, max-video-preview:-1\" \/>\n<link rel=\"canonical\" href=\"https:\/\/proyectum.com\/pe\/pmtour-un-congreso-para-recordar\/\" \/>\n<meta property=\"og:locale\" content=\"es_ES\" \/>\n<meta property=\"og:type\" content=\"article\" \/>\n<meta property=\"og:title\" content=\"PMTOUR Un congreso para recordar - Proyectum Per\u00fa\" \/>\n<meta property=\"og:description\" content=\"El segundo congreso internacional PMTOUR M\u00c9XICO 2010, tuvo lugar en las instalaciones de la Universidad Iberoamericana, del 19 al 22 de Junio de 2010. Este evento dirigido a directivos y profesionales de Direcci\u00f3n de Proyectos en todas las industrias, cont\u00f3 con talleres y conferencias sobre formaci\u00f3n en la direcci\u00f3n de proyectos. Fue una convenci\u00f3n que reuni\u00f3 a gran parte de la comunidad involucrada en Project Management en M\u00e9xico; lo cual represento una gran oportunidad dentro de este campo.\" \/>\n<meta property=\"og:url\" content=\"https:\/\/proyectum.com\/pe\/pmtour-un-congreso-para-recordar\/\" \/>\n<meta property=\"og:site_name\" content=\"Proyectum Per\u00fa\" \/>\n<meta property=\"article:publisher\" content=\"https:\/\/www.facebook.com\/proyectum.pe\/\" \/>\n<meta property=\"article:published_time\" content=\"2010-07-02T01:40:24+00:00\" \/>\n<meta property=\"og:image\" content=\"https:\/\/proyectum.com\/pe\/wp-content\/uploads\/2017\/03\/team-2.jpg\" \/>\n\t<meta property=\"og:image:width\" content=\"526\" \/>\n\t<meta property=\"og:image:height\" content=\"546\" \/>\n\t<meta property=\"og:image:type\" content=\"image\/jpeg\" \/>\n<meta name=\"author\" content=\"Proyectum 2024\" \/>\n<meta name=\"twitter:card\" content=\"summary_large_image\" \/>\n<meta name=\"twitter:label1\" content=\"Escrito por\" \/>\n\t<meta name=\"twitter:data1\" content=\"Proyectum 2024\" \/>\n\t<meta name=\"twitter:label2\" content=\"Tiempo de lectura\" \/>\n\t<meta name=\"twitter:data2\" content=\"3 minutos\" \/>\n<script type=\"application\/ld+json\" class=\"yoast-schema-graph\">{\"@context\":\"https:\/\/schema.org\",\"@graph\":[{\"@type\":\"Article\",\"@id\":\"https:\/\/proyectum.com\/pe\/pmtour-un-congreso-para-recordar\/#article\",\"isPartOf\":{\"@id\":\"https:\/\/proyectum.com\/pe\/pmtour-un-congreso-para-recordar\/\"},\"author\":{\"name\":\"Proyectum 2024\",\"@id\":\"https:\/\/proyectum.com\/pe\/#\/schema\/person\/784b10060c51822d857e3004ea132bb4\"},\"headline\":\"PMTOUR Un congreso para recordar\",\"datePublished\":\"2010-07-02T01:40:24+00:00\",\"mainEntityOfPage\":{\"@id\":\"https:\/\/proyectum.com\/pe\/pmtour-un-congreso-para-recordar\/\"},\"wordCount\":566,\"commentCount\":0,\"publisher\":{\"@id\":\"https:\/\/proyectum.com\/pe\/#organization\"},\"image\":{\"@id\":\"https:\/\/proyectum.com\/pe\/pmtour-un-congreso-para-recordar\/#primaryimage\"},\"thumbnailUrl\":\"http:\/\/proyectum.files.wordpress.com\/2010\/07\/pmtour.jpg?w=300\",\"articleSection\":[\"Noticias\"],\"inLanguage\":\"es\",\"potentialAction\":[{\"@type\":\"CommentAction\",\"name\":\"Comment\",\"target\":[\"https:\/\/proyectum.com\/pe\/pmtour-un-congreso-para-recordar\/#respond\"]}]},{\"@type\":\"WebPage\",\"@id\":\"https:\/\/proyectum.com\/pe\/pmtour-un-congreso-para-recordar\/\",\"url\":\"https:\/\/proyectum.com\/pe\/pmtour-un-congreso-para-recordar\/\",\"name\":\"PMTOUR Un congreso para recordar - Proyectum Per\u00fa\",\"isPartOf\":{\"@id\":\"https:\/\/proyectum.com\/pe\/#website\"},\"primaryImageOfPage\":{\"@id\":\"https:\/\/proyectum.com\/pe\/pmtour-un-congreso-para-recordar\/#primaryimage\"},\"image\":{\"@id\":\"https:\/\/proyectum.com\/pe\/pmtour-un-congreso-para-recordar\/#primaryimage\"},\"thumbnailUrl\":\"http:\/\/proyectum.files.wordpress.com\/2010\/07\/pmtour.jpg?w=300\",\"datePublished\":\"2010-07-02T01:40:24+00:00\",\"breadcrumb\":{\"@id\":\"https:\/\/proyectum.com\/pe\/pmtour-un-congreso-para-recordar\/#breadcrumb\"},\"inLanguage\":\"es\",\"potentialAction\":[{\"@type\":\"ReadAction\",\"target\":[\"https:\/\/proyectum.com\/pe\/pmtour-un-congreso-para-recordar\/\"]}]},{\"@type\":\"ImageObject\",\"inLanguage\":\"es\",\"@id\":\"https:\/\/proyectum.com\/pe\/pmtour-un-congreso-para-recordar\/#primaryimage\",\"url\":\"http:\/\/proyectum.files.wordpress.com\/2010\/07\/pmtour.jpg?w=300\",\"contentUrl\":\"http:\/\/proyectum.files.wordpress.com\/2010\/07\/pmtour.jpg?w=300\"},{\"@type\":\"BreadcrumbList\",\"@id\":\"https:\/\/proyectum.com\/pe\/pmtour-un-congreso-para-recordar\/#breadcrumb\",\"itemListElement\":[{\"@type\":\"ListItem\",\"position\":1,\"name\":\"Home\",\"item\":\"https:\/\/proyectum.com\/pe\/\"},{\"@type\":\"ListItem\",\"position\":2,\"name\":\"PMTOUR Un congreso para recordar\"}]},{\"@type\":\"WebSite\",\"@id\":\"https:\/\/proyectum.com\/pe\/#website\",\"url\":\"https:\/\/proyectum.com\/pe\/\",\"name\":\"Proyectum Per\u00fa\",\"description\":\"Direcci\u00f3n de Proyectos y Metodolog\u00edas \u00c1giles\",\"publisher\":{\"@id\":\"https:\/\/proyectum.com\/pe\/#organization\"},\"potentialAction\":[{\"@type\":\"SearchAction\",\"target\":{\"@type\":\"EntryPoint\",\"urlTemplate\":\"https:\/\/proyectum.com\/pe\/?s={search_term_string}\"},\"query-input\":{\"@type\":\"PropertyValueSpecification\",\"valueRequired\":true,\"valueName\":\"search_term_string\"}}],\"inLanguage\":\"es\"},{\"@type\":\"Organization\",\"@id\":\"https:\/\/proyectum.com\/pe\/#organization\",\"name\":\"Proyectum Per\u00fa\",\"url\":\"https:\/\/proyectum.com\/pe\/\",\"logo\":{\"@type\":\"ImageObject\",\"inLanguage\":\"es\",\"@id\":\"https:\/\/proyectum.com\/pe\/#\/schema\/logo\/image\/\",\"url\":\"https:\/\/proyectum.com\/pe\/wp-content\/uploads\/2020\/04\/proyectum-logo-snippet.png\",\"contentUrl\":\"https:\/\/proyectum.com\/pe\/wp-content\/uploads\/2020\/04\/proyectum-logo-snippet.png\",\"width\":600,\"height\":315,\"caption\":\"Proyectum Per\u00fa\"},\"image\":{\"@id\":\"https:\/\/proyectum.com\/pe\/#\/schema\/logo\/image\/\"},\"sameAs\":[\"https:\/\/www.facebook.com\/proyectum.pe\/\",\"https:\/\/www.instagram.com\/proyectum.pe\/\",\"https:\/\/www.linkedin.com\/company\/proyectumperu\/\",\"https:\/\/www.youtube.com\/@proyectum2283\/videos\"]},{\"@type\":\"Person\",\"@id\":\"https:\/\/proyectum.com\/pe\/#\/schema\/person\/784b10060c51822d857e3004ea132bb4\",\"name\":\"Proyectum 2024\",\"image\":{\"@type\":\"ImageObject\",\"inLanguage\":\"es\",\"@id\":\"https:\/\/proyectum.com\/pe\/#\/schema\/person\/image\/\",\"url\":\"https:\/\/secure.gravatar.com\/avatar\/df82793fddd8f0a5a84fdb27d958bf73?s=96&d=mm&r=g\",\"contentUrl\":\"https:\/\/secure.gravatar.com\/avatar\/df82793fddd8f0a5a84fdb27d958bf73?s=96&d=mm&r=g\",\"caption\":\"Proyectum 2024\"}}]}<\/script>\n<!-- \/ Yoast SEO plugin. -->","yoast_head_json":{"title":"PMTOUR Un congreso para recordar - Proyectum Per\u00fa","robots":{"index":"index","follow":"follow","max-snippet":"max-snippet:-1","max-image-preview":"max-image-preview:large","max-video-preview":"max-video-preview:-1"},"canonical":"https:\/\/proyectum.com\/pe\/pmtour-un-congreso-para-recordar\/","og_locale":"es_ES","og_type":"article","og_title":"PMTOUR Un congreso para recordar - Proyectum Per\u00fa","og_description":"El segundo congreso internacional PMTOUR M\u00c9XICO 2010, tuvo lugar en las instalaciones de la Universidad Iberoamericana, del 19 al 22 de Junio de 2010. Este evento dirigido a directivos y profesionales de Direcci\u00f3n de Proyectos en todas las industrias, cont\u00f3 con talleres y conferencias sobre formaci\u00f3n en la direcci\u00f3n de proyectos. Fue una convenci\u00f3n que reuni\u00f3 a gran parte de la comunidad involucrada en Project Management en M\u00e9xico; lo cual represento una gran oportunidad dentro de este campo.","og_url":"https:\/\/proyectum.com\/pe\/pmtour-un-congreso-para-recordar\/","og_site_name":"Proyectum Per\u00fa","article_publisher":"https:\/\/www.facebook.com\/proyectum.pe\/","article_published_time":"2010-07-02T01:40:24+00:00","og_image":[{"width":526,"height":546,"url":"https:\/\/proyectum.com\/pe\/wp-content\/uploads\/2017\/03\/team-2.jpg","type":"image\/jpeg"}],"author":"Proyectum 2024","twitter_card":"summary_large_image","twitter_misc":{"Escrito por":"Proyectum 2024","Tiempo de lectura":"3 minutos"},"schema":{"@context":"https:\/\/schema.org","@graph":[{"@type":"Article","@id":"https:\/\/proyectum.com\/pe\/pmtour-un-congreso-para-recordar\/#article","isPartOf":{"@id":"https:\/\/proyectum.com\/pe\/pmtour-un-congreso-para-recordar\/"},"author":{"name":"Proyectum 2024","@id":"https:\/\/proyectum.com\/pe\/#\/schema\/person\/784b10060c51822d857e3004ea132bb4"},"headline":"PMTOUR Un congreso para recordar","datePublished":"2010-07-02T01:40:24+00:00","mainEntityOfPage":{"@id":"https:\/\/proyectum.com\/pe\/pmtour-un-congreso-para-recordar\/"},"wordCount":566,"commentCount":0,"publisher":{"@id":"https:\/\/proyectum.com\/pe\/#organization"},"image":{"@id":"https:\/\/proyectum.com\/pe\/pmtour-un-congreso-para-recordar\/#primaryimage"},"thumbnailUrl":"http:\/\/proyectum.files.wordpress.com\/2010\/07\/pmtour.jpg?w=300","articleSection":["Noticias"],"inLanguage":"es","potentialAction":[{"@type":"CommentAction","name":"Comment","target":["https:\/\/proyectum.com\/pe\/pmtour-un-congreso-para-recordar\/#respond"]}]},{"@type":"WebPage","@id":"https:\/\/proyectum.com\/pe\/pmtour-un-congreso-para-recordar\/","url":"https:\/\/proyectum.com\/pe\/pmtour-un-congreso-para-recordar\/","name":"PMTOUR Un congreso para recordar - Proyectum Per\u00fa","isPartOf":{"@id":"https:\/\/proyectum.com\/pe\/#website"},"primaryImageOfPage":{"@id":"https:\/\/proyectum.com\/pe\/pmtour-un-congreso-para-recordar\/#primaryimage"},"image":{"@id":"https:\/\/proyectum.com\/pe\/pmtour-un-congreso-para-recordar\/#primaryimage"},"thumbnailUrl":"http:\/\/proyectum.files.wordpress.com\/2010\/07\/pmtour.jpg?w=300","datePublished":"2010-07-02T01:40:24+00:00","breadcrumb":{"@id":"https:\/\/proyectum.com\/pe\/pmtour-un-congreso-para-recordar\/#breadcrumb"},"inLanguage":"es","potentialAction":[{"@type":"ReadAction","target":["https:\/\/proyectum.com\/pe\/pmtour-un-congreso-para-recordar\/"]}]},{"@type":"ImageObject","inLanguage":"es","@id":"https:\/\/proyectum.com\/pe\/pmtour-un-congreso-para-recordar\/#primaryimage","url":"http:\/\/proyectum.files.wordpress.com\/2010\/07\/pmtour.jpg?w=300","contentUrl":"http:\/\/proyectum.files.wordpress.com\/2010\/07\/pmtour.jpg?w=300"},{"@type":"BreadcrumbList","@id":"https:\/\/proyectum.com\/pe\/pmtour-un-congreso-para-recordar\/#breadcrumb","itemListElement":[{"@type":"ListItem","position":1,"name":"Home","item":"https:\/\/proyectum.com\/pe\/"},{"@type":"ListItem","position":2,"name":"PMTOUR Un congreso para recordar"}]},{"@type":"WebSite","@id":"https:\/\/proyectum.com\/pe\/#website","url":"https:\/\/proyectum.com\/pe\/","name":"Proyectum Per\u00fa","description":"Direcci\u00f3n de Proyectos y Metodolog\u00edas \u00c1giles","publisher":{"@id":"https:\/\/proyectum.com\/pe\/#organization"},"potentialAction":[{"@type":"SearchAction","target":{"@type":"EntryPoint","urlTemplate":"https:\/\/proyectum.com\/pe\/?s={search_term_string}"},"query-input":{"@type":"PropertyValueSpecification","valueRequired":true,"valueName":"search_term_string"}}],"inLanguage":"es"},{"@type":"Organization","@id":"https:\/\/proyectum.com\/pe\/#organization","name":"Proyectum Per\u00fa","url":"https:\/\/proyectum.com\/pe\/","logo":{"@type":"ImageObject","inLanguage":"es","@id":"https:\/\/proyectum.com\/pe\/#\/schema\/logo\/image\/","url":"https:\/\/proyectum.com\/pe\/wp-content\/uploads\/2020\/04\/proyectum-logo-snippet.png","contentUrl":"https:\/\/proyectum.com\/pe\/wp-content\/uploads\/2020\/04\/proyectum-logo-snippet.png","width":600,"height":315,"caption":"Proyectum Per\u00fa"},"image":{"@id":"https:\/\/proyectum.com\/pe\/#\/schema\/logo\/image\/"},"sameAs":["https:\/\/www.facebook.com\/proyectum.pe\/","https:\/\/www.instagram.com\/proyectum.pe\/","https:\/\/www.linkedin.com\/company\/proyectumperu\/","https:\/\/www.youtube.com\/@proyectum2283\/videos"]},{"@type":"Person","@id":"https:\/\/proyectum.com\/pe\/#\/schema\/person\/784b10060c51822d857e3004ea132bb4","name":"Proyectum 2024","image":{"@type":"ImageObject","inLanguage":"es","@id":"https:\/\/proyectum.com\/pe\/#\/schema\/person\/image\/","url":"https:\/\/secure.gravatar.com\/avatar\/df82793fddd8f0a5a84fdb27d958bf73?s=96&d=mm&r=g","contentUrl":"https:\/\/secure.gravatar.com\/avatar\/df82793fddd8f0a5a84fdb27d958bf73?s=96&d=mm&r=g","caption":"Proyectum 2024"}}]}},"_links":{"self":[{"href":"https:\/\/proyectum.com\/pe\/wp-json\/wp\/v2\/posts\/8371","targetHints":{"allow":["GET"]}}],"collection":[{"href":"https:\/\/proyectum.com\/pe\/wp-json\/wp\/v2\/posts"}],"about":[{"href":"https:\/\/proyectum.com\/pe\/wp-json\/wp\/v2\/types\/post"}],"author":[{"embeddable":true,"href":"https:\/\/proyectum.com\/pe\/wp-json\/wp\/v2\/users\/26"}],"replies":[{"embeddable":true,"href":"https:\/\/proyectum.com\/pe\/wp-json\/wp\/v2\/comments?post=8371"}],"version-history":[{"count":0,"href":"https:\/\/proyectum.com\/pe\/wp-json\/wp\/v2\/posts\/8371\/revisions"}],"wp:attachment":[{"href":"https:\/\/proyectum.com\/pe\/wp-json\/wp\/v2\/media?parent=8371"}],"wp:term":[{"taxonomy":"category","embeddable":true,"href":"https:\/\/proyectum.com\/pe\/wp-json\/wp\/v2\/categories?post=8371"},{"taxonomy":"post_tag","embeddable":true,"href":"https:\/\/proyectum.com\/pe\/wp-json\/wp\/v2\/tags?post=8371"}],"curies":[{"name":"wp","href":"https:\/\/api.w.org\/{rel}","templated":true}]}}