{"id":8408,"date":"2017-06-07T00:56:32","date_gmt":"2017-06-07T05:56:32","guid":{"rendered":"http:\/\/www.proyectum.lat\/?p=3218"},"modified":"2024-12-23T11:29:02","modified_gmt":"2024-12-23T14:29:02","slug":"dos-historias-que-se-vuelven-una-fuente-de-inspiracion","status":"publish","type":"post","link":"https:\/\/proyectum.com\/pe\/dos-historias-que-se-vuelven-una-fuente-de-inspiracion\/","title":{"rendered":"Dos historias que se vuelven una fuente de inspiraci\u00f3n"},"content":{"rendered":"<p>El pasado fin de semana <a href=\"http:\/\/tenstep.mx\/\" target=\"_blank\" rel=\"noopener noreferrer\">TenStep Latinoam\u00e9rica<\/a> fue patrocinador del evento <a href=\"http:\/\/tedxpolanco.com\/\" target=\"_blank\" rel=\"noopener noreferrer\">TEDx Polanco<\/a>. Los eventos <strong>TEDx<\/strong> son una experiencia similar a los eventos TED, la \u201cx\u201d en el nombre se refiere a que es un evento independiente, organizado de forma voluntaria y sin fines de lucro.<\/p>\n<p>Las <strong>conferencias TED<\/strong> son sin duda una de las principales fuentes de inspiraci\u00f3n para muchos de nosotros. Basta con dedicarle unos minutos a las miles de conferencias que se pueden ver en el <a href=\"https:\/\/www.ted.com\/\" target=\"_blank\" rel=\"noopener noreferrer\">sitio de TED<\/a> para conseguir motivaci\u00f3n, generar nuevas ideas y enterarte de cosas sorprendentes.<\/p>\n<p>En el evento <strong>TEDx Polanco<\/strong> realizado el domingo 4 de junio en la Ciudad de M\u00e9xico, a lo largo de todo el d\u00eda los asistentes pudimos vivir la experiencia de escuchar de viva voz las historias de personas extraordinarias. Aunque en general todas las conferencias resultaron muy enriquecedoras, hubo 2 expositores que destacaron con su participaci\u00f3n y que vale la pena compartir la experiencia para que las ideas sigan \u201c<strong>Cultivando Cambio<\/strong>\u201d, que fue el tema de este evento <strong>TEDx<\/strong>.<\/p>\n<h2>El expositor m\u00e1s joven<\/h2>\n<p>Con tan solo 18 a\u00f1os, <strong>Juli\u00e1n R\u00edos Cant\u00fa<\/strong> fue el expositor m\u00e1s joven que se subi\u00f3 al escenario de TEDx y seguro quien no sepa de \u00e9l, o quien no le dedique unos minutos a investigarlo en Google, le parecer\u00e1 incre\u00edble lo que estoy a punto de contarles.<\/p>\n<p>A su corta edad, Juli\u00e1n es un joven emprendedor que <strong>dirige una compa\u00f1\u00eda de biosensores<\/strong> llamada <a href=\"http:\/\/higia.tech\/\" target=\"_blank\" rel=\"noopener noreferrer\">Higia Technologies<\/a>, esta compa\u00f1\u00eda fue el resultado de una serie de investigaciones que el joven comenz\u00f3 a realizar luego de que a su madre le amputaran los dos senos por un mal diagn\u00f3stico de c\u00e1ncer de mama.<\/p>\n<p>En <strong>Higia Technologies<\/strong> han desarrollado un dispositivo llamado <strong>Eva<\/strong>, el cual a trav\u00e9s de un gran n\u00famero de biosensores y al ser colocado en un brasier com\u00fan y corriente, puede hacer lecturas de temperatura de la superficie mamar\u00eda, en caso de que se detecten mayores temperaturas en ciertas \u00e1reas esto puede ayudar a determinar un posible tumor cancer\u00edgeno. Este dispositivo se encuentra actualmente en una prueba piloto.<\/p>\n<p>A finales del mes de abril de este a\u00f1o, despu\u00e9s de haber ganado la competencia nacional, este proyecto lo llev\u00f3 a competir a Alemania al <strong>Premio Global del Estudiante Emprendedor<\/strong> (<strong>GSEA<\/strong>, por sus siglas en ingl\u00e9s) donde result\u00f3 ganador de 20 mil d\u00f3lares.<\/p>\n<p><strong>Juli\u00e1n R\u00edos Cant\u00fa<\/strong>, nos comparti\u00f3 toda esta historia de su emprendimiento y lo hizo de una manera tan extraordinaria que nos mantuvo al p\u00fablico interesado de principio a fin e hizo que nos olvid\u00e1ramos por completo de que, a quien ten\u00edamos enfrente, era un joven de 18 a\u00f1os que aun se encuentra estudiando la preparatoria.<\/p>\n<h2>La receta de un astronauta para cumplir tus sue\u00f1os<\/h2>\n<p><strong>Jos\u00e9 Hern\u00e1ndez<\/strong> fue el otro expositor que nos comparti\u00f3 una historia extraordinaria y una receta que \u00e9l mismo ha utilizado para alcanzar su m\u00e1ximo sue\u00f1o, viajar al espacio.<\/p>\n<p><strong>Jos\u00e9 fue un astronauta de la NASA<\/strong>, naci\u00f3 en el estado de California en Estados Unidos y nos cont\u00f3 que, a pesar de que sus  padres son mexicanos, el motivo por el que no naci\u00f3 en M\u00e9xico se debi\u00f3 principalmente a que su familia trabajaba durante varios meses en las cosechas de los campos de California.<\/p>\n<p>El sue\u00f1o de viajar al espacio le lleg\u00f3 cuando a\u00fan era un ni\u00f1o, y al compartirlo con su padre, lejos de desalentarlo con los m\u00faltiples obst\u00e1culos a los que seguro se enfrentar\u00eda, le dio una receta que, de acuerdo al propio <strong>Jos\u00e9 Hern\u00e1ndez<\/strong>, si se sigue al pie de la letra, cualquier persona puede cumplir su sue\u00f1o m\u00e1s grande.<\/p>\n<p><strong>La receta es la siguiente<\/strong>:<\/p>\n<p><strong>1-\tDefinir el sue\u00f1o o la meta que deseas cumplir.<br \/>\n2-\tReconoce qu\u00e9 tan lejos est\u00e1s.<br \/>\n3-\tCrea un mapa con la ruta que tienes que seguir para alcanzar tu sue\u00f1o.<br \/>\n4-\tEstudia todo lo que tengas que estudiar para poder seguir la ruta que trazaste.<br \/>\n5-\tEsfu\u00e9rzate m\u00e1s que los dem\u00e1s.<br \/>\n6-\tS\u00e9 perseverante.<\/strong><\/p>\n<p><strong>Jos\u00e9 Hern\u00e1ndez cumpli\u00f3 su sue\u00f1o<\/strong> de viajar al espacio y su pl\u00e1tica nos ilustra a la perfecci\u00f3n el significado de perseverancia, pues para lograr ingresar al programa de formaci\u00f3n de astronautas de la NASA fue rechazado no una o dos veces, sino once.<\/p>\n<p>Sobre el autor: <a href=\"http:\/\/about.me\/omargarcia\" target=\"_blank\" rel=\"noopener noreferrer\">Omar Garc\u00eda<\/a>.<\/p>\n","protected":false},"excerpt":{"rendered":"<p>El pasado fin de semana TenStep Latinoam\u00e9rica fue patrocinador del evento TEDx Polanco. Los eventos TEDx son una experiencia similar a los eventos TED, la \u201cx\u201d en el nombre se refiere a que es un evento independiente, organizado de forma voluntaria y sin fines de lucro. Las conferencias TED son sin duda una de las [&hellip;]<\/p>\n","protected":false},"author":26,"featured_media":3219,"comment_status":"open","ping_status":"open","sticky":false,"template":"","format":"standard","meta":{"_acf_changed":false,"footnotes":""},"categories":[519],"tags":[484,485,486,487,488,489,491,493,494,495,497,498,499,500,501,459,502,503],"class_list":["post-8408","post","type-post","status-publish","format-standard","has-post-thumbnail","hentry","category-eventos","tag-conferencias-ted","tag-dirige-una-compania-de-biosensores","tag-evento-tedx","tag-evento-tedx-ciudad-de-mexico","tag-gsea","tag-higia-technologies","tag-higia-technologies-eva","tag-jose-fue-un-astronauta-de-la-nasa","tag-jose-hernandez-cumplio-su-sueno","tag-jose-hernandez-cumplio-su-sueno-astronauta","tag-julian-rios-cantu","tag-julian-rios-cantu-tedx","tag-premio-global-del-estudiante-emprendedor","tag-receta-de-exito-jose-hernandez","tag-receta-jose-hernandez","tag-tedx","tag-tedx-cultivando-cambio","tag-tedx-polanco"],"acf":[],"yoast_head":"<!-- This site is optimized with the Yoast SEO plugin v24.4 - https:\/\/yoast.com\/wordpress\/plugins\/seo\/ -->\n<title>Dos historias que se vuelven una fuente de inspiraci\u00f3n - Proyectum Per\u00fa<\/title>\n<meta name=\"robots\" content=\"index, follow, max-snippet:-1, max-image-preview:large, max-video-preview:-1\" \/>\n<link rel=\"canonical\" href=\"https:\/\/proyectum.com\/pe\/dos-historias-que-se-vuelven-una-fuente-de-inspiracion\/\" \/>\n<meta property=\"og:locale\" content=\"es_ES\" \/>\n<meta property=\"og:type\" content=\"article\" \/>\n<meta property=\"og:title\" content=\"Dos historias que se vuelven una fuente de inspiraci\u00f3n - Proyectum Per\u00fa\" \/>\n<meta property=\"og:description\" content=\"El pasado fin de semana TenStep Latinoam\u00e9rica fue patrocinador del evento TEDx Polanco. Los eventos TEDx son una experiencia similar a los eventos TED, la \u201cx\u201d en el nombre se refiere a que es un evento independiente, organizado de forma voluntaria y sin fines de lucro. Las conferencias TED son sin duda una de las [&hellip;]\" \/>\n<meta property=\"og:url\" content=\"https:\/\/proyectum.com\/pe\/dos-historias-que-se-vuelven-una-fuente-de-inspiracion\/\" \/>\n<meta property=\"og:site_name\" content=\"Proyectum Per\u00fa\" \/>\n<meta property=\"article:publisher\" content=\"https:\/\/www.facebook.com\/proyectum.pe\/\" \/>\n<meta property=\"article:published_time\" content=\"2017-06-07T05:56:32+00:00\" \/>\n<meta property=\"article:modified_time\" content=\"2024-12-23T14:29:02+00:00\" \/>\n<meta property=\"og:image\" content=\"https:\/\/proyectum.com\/pe\/wp-content\/uploads\/2017\/06\/TEDx-Polanco-Proyectum.png\" \/>\n\t<meta property=\"og:image:width\" content=\"1034\" \/>\n\t<meta property=\"og:image:height\" content=\"300\" \/>\n\t<meta property=\"og:image:type\" content=\"image\/png\" \/>\n<meta name=\"author\" content=\"Proyectum 2024\" \/>\n<meta name=\"twitter:card\" content=\"summary_large_image\" \/>\n<meta name=\"twitter:label1\" content=\"Escrito por\" \/>\n\t<meta name=\"twitter:data1\" content=\"Proyectum 2024\" \/>\n\t<meta name=\"twitter:label2\" content=\"Tiempo de lectura\" \/>\n\t<meta name=\"twitter:data2\" content=\"4 minutos\" \/>\n<script type=\"application\/ld+json\" class=\"yoast-schema-graph\">{\"@context\":\"https:\/\/schema.org\",\"@graph\":[{\"@type\":\"Article\",\"@id\":\"https:\/\/proyectum.com\/pe\/dos-historias-que-se-vuelven-una-fuente-de-inspiracion\/#article\",\"isPartOf\":{\"@id\":\"https:\/\/proyectum.com\/pe\/dos-historias-que-se-vuelven-una-fuente-de-inspiracion\/\"},\"author\":{\"name\":\"Proyectum 2024\",\"@id\":\"https:\/\/proyectum.com\/pe\/#\/schema\/person\/784b10060c51822d857e3004ea132bb4\"},\"headline\":\"Dos historias que se vuelven una fuente de inspiraci\u00f3n\",\"datePublished\":\"2017-06-07T05:56:32+00:00\",\"dateModified\":\"2024-12-23T14:29:02+00:00\",\"mainEntityOfPage\":{\"@id\":\"https:\/\/proyectum.com\/pe\/dos-historias-que-se-vuelven-una-fuente-de-inspiracion\/\"},\"wordCount\":765,\"commentCount\":0,\"publisher\":{\"@id\":\"https:\/\/proyectum.com\/pe\/#organization\"},\"image\":{\"@id\":\"https:\/\/proyectum.com\/pe\/dos-historias-que-se-vuelven-una-fuente-de-inspiracion\/#primaryimage\"},\"thumbnailUrl\":\"https:\/\/proyectum.com\/pe\/wp-content\/uploads\/2017\/06\/TEDx-Polanco-Proyectum.png\",\"keywords\":[\"conferencias TED\",\"dirige una compa\u00f1\u00eda de biosensores\",\"evento TEDx\",\"evento tedx ciudad de mexico\",\"GSEA\",\"Higia Technologies\",\"higia technologies Eva\",\"Jos\u00e9 fue un astronauta de la NASA\",\"Jos\u00e9 Hern\u00e1ndez cumpli\u00f3 su sue\u00f1o\",\"Jos\u00e9 Hern\u00e1ndez cumpli\u00f3 su sue\u00f1o astronauta\",\"Juli\u00e1n R\u00edos Cant\u00fa\",\"Juli\u00e1n R\u00edos Cant\u00fa TEDx\",\"Premio Global del Estudiante Emprendedor\",\"receta de \u00e9xito Jos\u00e9 Hern\u00e1ndez\",\"receta Jos\u00e9 Hern\u00e1ndez\",\"TEDx\",\"TEDx Cultivando Cambio\",\"TEDx Polanco\"],\"articleSection\":[\"Eventos\"],\"inLanguage\":\"es\",\"potentialAction\":[{\"@type\":\"CommentAction\",\"name\":\"Comment\",\"target\":[\"https:\/\/proyectum.com\/pe\/dos-historias-que-se-vuelven-una-fuente-de-inspiracion\/#respond\"]}]},{\"@type\":\"WebPage\",\"@id\":\"https:\/\/proyectum.com\/pe\/dos-historias-que-se-vuelven-una-fuente-de-inspiracion\/\",\"url\":\"https:\/\/proyectum.com\/pe\/dos-historias-que-se-vuelven-una-fuente-de-inspiracion\/\",\"name\":\"Dos historias que se vuelven una fuente de inspiraci\u00f3n - Proyectum Per\u00fa\",\"isPartOf\":{\"@id\":\"https:\/\/proyectum.com\/pe\/#website\"},\"primaryImageOfPage\":{\"@id\":\"https:\/\/proyectum.com\/pe\/dos-historias-que-se-vuelven-una-fuente-de-inspiracion\/#primaryimage\"},\"image\":{\"@id\":\"https:\/\/proyectum.com\/pe\/dos-historias-que-se-vuelven-una-fuente-de-inspiracion\/#primaryimage\"},\"thumbnailUrl\":\"https:\/\/proyectum.com\/pe\/wp-content\/uploads\/2017\/06\/TEDx-Polanco-Proyectum.png\",\"datePublished\":\"2017-06-07T05:56:32+00:00\",\"dateModified\":\"2024-12-23T14:29:02+00:00\",\"breadcrumb\":{\"@id\":\"https:\/\/proyectum.com\/pe\/dos-historias-que-se-vuelven-una-fuente-de-inspiracion\/#breadcrumb\"},\"inLanguage\":\"es\",\"potentialAction\":[{\"@type\":\"ReadAction\",\"target\":[\"https:\/\/proyectum.com\/pe\/dos-historias-que-se-vuelven-una-fuente-de-inspiracion\/\"]}]},{\"@type\":\"ImageObject\",\"inLanguage\":\"es\",\"@id\":\"https:\/\/proyectum.com\/pe\/dos-historias-que-se-vuelven-una-fuente-de-inspiracion\/#primaryimage\",\"url\":\"https:\/\/proyectum.com\/pe\/wp-content\/uploads\/2017\/06\/TEDx-Polanco-Proyectum.png\",\"contentUrl\":\"https:\/\/proyectum.com\/pe\/wp-content\/uploads\/2017\/06\/TEDx-Polanco-Proyectum.png\",\"width\":1034,\"height\":300,\"caption\":\"TEDx Polanco Proyectum\"},{\"@type\":\"BreadcrumbList\",\"@id\":\"https:\/\/proyectum.com\/pe\/dos-historias-que-se-vuelven-una-fuente-de-inspiracion\/#breadcrumb\",\"itemListElement\":[{\"@type\":\"ListItem\",\"position\":1,\"name\":\"Home\",\"item\":\"https:\/\/proyectum.com\/pe\/\"},{\"@type\":\"ListItem\",\"position\":2,\"name\":\"Dos historias que se vuelven una fuente de inspiraci\u00f3n\"}]},{\"@type\":\"WebSite\",\"@id\":\"https:\/\/proyectum.com\/pe\/#website\",\"url\":\"https:\/\/proyectum.com\/pe\/\",\"name\":\"Proyectum Per\u00fa\",\"description\":\"Direcci\u00f3n de Proyectos y Metodolog\u00edas \u00c1giles\",\"publisher\":{\"@id\":\"https:\/\/proyectum.com\/pe\/#organization\"},\"potentialAction\":[{\"@type\":\"SearchAction\",\"target\":{\"@type\":\"EntryPoint\",\"urlTemplate\":\"https:\/\/proyectum.com\/pe\/?s={search_term_string}\"},\"query-input\":{\"@type\":\"PropertyValueSpecification\",\"valueRequired\":true,\"valueName\":\"search_term_string\"}}],\"inLanguage\":\"es\"},{\"@type\":\"Organization\",\"@id\":\"https:\/\/proyectum.com\/pe\/#organization\",\"name\":\"Proyectum Per\u00fa\",\"url\":\"https:\/\/proyectum.com\/pe\/\",\"logo\":{\"@type\":\"ImageObject\",\"inLanguage\":\"es\",\"@id\":\"https:\/\/proyectum.com\/pe\/#\/schema\/logo\/image\/\",\"url\":\"https:\/\/proyectum.com\/pe\/wp-content\/uploads\/2020\/04\/proyectum-logo-snippet.png\",\"contentUrl\":\"https:\/\/proyectum.com\/pe\/wp-content\/uploads\/2020\/04\/proyectum-logo-snippet.png\",\"width\":600,\"height\":315,\"caption\":\"Proyectum Per\u00fa\"},\"image\":{\"@id\":\"https:\/\/proyectum.com\/pe\/#\/schema\/logo\/image\/\"},\"sameAs\":[\"https:\/\/www.facebook.com\/proyectum.pe\/\",\"https:\/\/www.instagram.com\/proyectum.pe\/\",\"https:\/\/www.linkedin.com\/company\/proyectumperu\/\",\"https:\/\/www.youtube.com\/@proyectum2283\/videos\"]},{\"@type\":\"Person\",\"@id\":\"https:\/\/proyectum.com\/pe\/#\/schema\/person\/784b10060c51822d857e3004ea132bb4\",\"name\":\"Proyectum 2024\",\"image\":{\"@type\":\"ImageObject\",\"inLanguage\":\"es\",\"@id\":\"https:\/\/proyectum.com\/pe\/#\/schema\/person\/image\/\",\"url\":\"https:\/\/secure.gravatar.com\/avatar\/df82793fddd8f0a5a84fdb27d958bf73?s=96&d=mm&r=g\",\"contentUrl\":\"https:\/\/secure.gravatar.com\/avatar\/df82793fddd8f0a5a84fdb27d958bf73?s=96&d=mm&r=g\",\"caption\":\"Proyectum 2024\"}}]}<\/script>\n<!-- \/ Yoast SEO plugin. -->","yoast_head_json":{"title":"Dos historias que se vuelven una fuente de inspiraci\u00f3n - Proyectum Per\u00fa","robots":{"index":"index","follow":"follow","max-snippet":"max-snippet:-1","max-image-preview":"max-image-preview:large","max-video-preview":"max-video-preview:-1"},"canonical":"https:\/\/proyectum.com\/pe\/dos-historias-que-se-vuelven-una-fuente-de-inspiracion\/","og_locale":"es_ES","og_type":"article","og_title":"Dos historias que se vuelven una fuente de inspiraci\u00f3n - Proyectum Per\u00fa","og_description":"El pasado fin de semana TenStep Latinoam\u00e9rica fue patrocinador del evento TEDx Polanco. Los eventos TEDx son una experiencia similar a los eventos TED, la \u201cx\u201d en el nombre se refiere a que es un evento independiente, organizado de forma voluntaria y sin fines de lucro. Las conferencias TED son sin duda una de las [&hellip;]","og_url":"https:\/\/proyectum.com\/pe\/dos-historias-que-se-vuelven-una-fuente-de-inspiracion\/","og_site_name":"Proyectum Per\u00fa","article_publisher":"https:\/\/www.facebook.com\/proyectum.pe\/","article_published_time":"2017-06-07T05:56:32+00:00","article_modified_time":"2024-12-23T14:29:02+00:00","og_image":[{"width":1034,"height":300,"url":"https:\/\/proyectum.com\/pe\/wp-content\/uploads\/2017\/06\/TEDx-Polanco-Proyectum.png","type":"image\/png"}],"author":"Proyectum 2024","twitter_card":"summary_large_image","twitter_misc":{"Escrito por":"Proyectum 2024","Tiempo de lectura":"4 minutos"},"schema":{"@context":"https:\/\/schema.org","@graph":[{"@type":"Article","@id":"https:\/\/proyectum.com\/pe\/dos-historias-que-se-vuelven-una-fuente-de-inspiracion\/#article","isPartOf":{"@id":"https:\/\/proyectum.com\/pe\/dos-historias-que-se-vuelven-una-fuente-de-inspiracion\/"},"author":{"name":"Proyectum 2024","@id":"https:\/\/proyectum.com\/pe\/#\/schema\/person\/784b10060c51822d857e3004ea132bb4"},"headline":"Dos historias que se vuelven una fuente de inspiraci\u00f3n","datePublished":"2017-06-07T05:56:32+00:00","dateModified":"2024-12-23T14:29:02+00:00","mainEntityOfPage":{"@id":"https:\/\/proyectum.com\/pe\/dos-historias-que-se-vuelven-una-fuente-de-inspiracion\/"},"wordCount":765,"commentCount":0,"publisher":{"@id":"https:\/\/proyectum.com\/pe\/#organization"},"image":{"@id":"https:\/\/proyectum.com\/pe\/dos-historias-que-se-vuelven-una-fuente-de-inspiracion\/#primaryimage"},"thumbnailUrl":"https:\/\/proyectum.com\/pe\/wp-content\/uploads\/2017\/06\/TEDx-Polanco-Proyectum.png","keywords":["conferencias TED","dirige una compa\u00f1\u00eda de biosensores","evento TEDx","evento tedx ciudad de mexico","GSEA","Higia Technologies","higia technologies Eva","Jos\u00e9 fue un astronauta de la NASA","Jos\u00e9 Hern\u00e1ndez cumpli\u00f3 su sue\u00f1o","Jos\u00e9 Hern\u00e1ndez cumpli\u00f3 su sue\u00f1o astronauta","Juli\u00e1n R\u00edos Cant\u00fa","Juli\u00e1n R\u00edos Cant\u00fa TEDx","Premio Global del Estudiante Emprendedor","receta de \u00e9xito Jos\u00e9 Hern\u00e1ndez","receta Jos\u00e9 Hern\u00e1ndez","TEDx","TEDx Cultivando Cambio","TEDx Polanco"],"articleSection":["Eventos"],"inLanguage":"es","potentialAction":[{"@type":"CommentAction","name":"Comment","target":["https:\/\/proyectum.com\/pe\/dos-historias-que-se-vuelven-una-fuente-de-inspiracion\/#respond"]}]},{"@type":"WebPage","@id":"https:\/\/proyectum.com\/pe\/dos-historias-que-se-vuelven-una-fuente-de-inspiracion\/","url":"https:\/\/proyectum.com\/pe\/dos-historias-que-se-vuelven-una-fuente-de-inspiracion\/","name":"Dos historias que se vuelven una fuente de inspiraci\u00f3n - Proyectum Per\u00fa","isPartOf":{"@id":"https:\/\/proyectum.com\/pe\/#website"},"primaryImageOfPage":{"@id":"https:\/\/proyectum.com\/pe\/dos-historias-que-se-vuelven-una-fuente-de-inspiracion\/#primaryimage"},"image":{"@id":"https:\/\/proyectum.com\/pe\/dos-historias-que-se-vuelven-una-fuente-de-inspiracion\/#primaryimage"},"thumbnailUrl":"https:\/\/proyectum.com\/pe\/wp-content\/uploads\/2017\/06\/TEDx-Polanco-Proyectum.png","datePublished":"2017-06-07T05:56:32+00:00","dateModified":"2024-12-23T14:29:02+00:00","breadcrumb":{"@id":"https:\/\/proyectum.com\/pe\/dos-historias-que-se-vuelven-una-fuente-de-inspiracion\/#breadcrumb"},"inLanguage":"es","potentialAction":[{"@type":"ReadAction","target":["https:\/\/proyectum.com\/pe\/dos-historias-que-se-vuelven-una-fuente-de-inspiracion\/"]}]},{"@type":"ImageObject","inLanguage":"es","@id":"https:\/\/proyectum.com\/pe\/dos-historias-que-se-vuelven-una-fuente-de-inspiracion\/#primaryimage","url":"https:\/\/proyectum.com\/pe\/wp-content\/uploads\/2017\/06\/TEDx-Polanco-Proyectum.png","contentUrl":"https:\/\/proyectum.com\/pe\/wp-content\/uploads\/2017\/06\/TEDx-Polanco-Proyectum.png","width":1034,"height":300,"caption":"TEDx Polanco Proyectum"},{"@type":"BreadcrumbList","@id":"https:\/\/proyectum.com\/pe\/dos-historias-que-se-vuelven-una-fuente-de-inspiracion\/#breadcrumb","itemListElement":[{"@type":"ListItem","position":1,"name":"Home","item":"https:\/\/proyectum.com\/pe\/"},{"@type":"ListItem","position":2,"name":"Dos historias que se vuelven una fuente de inspiraci\u00f3n"}]},{"@type":"WebSite","@id":"https:\/\/proyectum.com\/pe\/#website","url":"https:\/\/proyectum.com\/pe\/","name":"Proyectum Per\u00fa","description":"Direcci\u00f3n de Proyectos y Metodolog\u00edas \u00c1giles","publisher":{"@id":"https:\/\/proyectum.com\/pe\/#organization"},"potentialAction":[{"@type":"SearchAction","target":{"@type":"EntryPoint","urlTemplate":"https:\/\/proyectum.com\/pe\/?s={search_term_string}"},"query-input":{"@type":"PropertyValueSpecification","valueRequired":true,"valueName":"search_term_string"}}],"inLanguage":"es"},{"@type":"Organization","@id":"https:\/\/proyectum.com\/pe\/#organization","name":"Proyectum Per\u00fa","url":"https:\/\/proyectum.com\/pe\/","logo":{"@type":"ImageObject","inLanguage":"es","@id":"https:\/\/proyectum.com\/pe\/#\/schema\/logo\/image\/","url":"https:\/\/proyectum.com\/pe\/wp-content\/uploads\/2020\/04\/proyectum-logo-snippet.png","contentUrl":"https:\/\/proyectum.com\/pe\/wp-content\/uploads\/2020\/04\/proyectum-logo-snippet.png","width":600,"height":315,"caption":"Proyectum Per\u00fa"},"image":{"@id":"https:\/\/proyectum.com\/pe\/#\/schema\/logo\/image\/"},"sameAs":["https:\/\/www.facebook.com\/proyectum.pe\/","https:\/\/www.instagram.com\/proyectum.pe\/","https:\/\/www.linkedin.com\/company\/proyectumperu\/","https:\/\/www.youtube.com\/@proyectum2283\/videos"]},{"@type":"Person","@id":"https:\/\/proyectum.com\/pe\/#\/schema\/person\/784b10060c51822d857e3004ea132bb4","name":"Proyectum 2024","image":{"@type":"ImageObject","inLanguage":"es","@id":"https:\/\/proyectum.com\/pe\/#\/schema\/person\/image\/","url":"https:\/\/secure.gravatar.com\/avatar\/df82793fddd8f0a5a84fdb27d958bf73?s=96&d=mm&r=g","contentUrl":"https:\/\/secure.gravatar.com\/avatar\/df82793fddd8f0a5a84fdb27d958bf73?s=96&d=mm&r=g","caption":"Proyectum 2024"}}]}},"_links":{"self":[{"href":"https:\/\/proyectum.com\/pe\/wp-json\/wp\/v2\/posts\/8408","targetHints":{"allow":["GET"]}}],"collection":[{"href":"https:\/\/proyectum.com\/pe\/wp-json\/wp\/v2\/posts"}],"about":[{"href":"https:\/\/proyectum.com\/pe\/wp-json\/wp\/v2\/types\/post"}],"author":[{"embeddable":true,"href":"https:\/\/proyectum.com\/pe\/wp-json\/wp\/v2\/users\/26"}],"replies":[{"embeddable":true,"href":"https:\/\/proyectum.com\/pe\/wp-json\/wp\/v2\/comments?post=8408"}],"version-history":[{"count":0,"href":"https:\/\/proyectum.com\/pe\/wp-json\/wp\/v2\/posts\/8408\/revisions"}],"wp:featuredmedia":[{"embeddable":true,"href":"https:\/\/proyectum.com\/pe\/wp-json\/wp\/v2\/media\/3219"}],"wp:attachment":[{"href":"https:\/\/proyectum.com\/pe\/wp-json\/wp\/v2\/media?parent=8408"}],"wp:term":[{"taxonomy":"category","embeddable":true,"href":"https:\/\/proyectum.com\/pe\/wp-json\/wp\/v2\/categories?post=8408"},{"taxonomy":"post_tag","embeddable":true,"href":"https:\/\/proyectum.com\/pe\/wp-json\/wp\/v2\/tags?post=8408"}],"curies":[{"name":"wp","href":"https:\/\/api.w.org\/{rel}","templated":true}]}}