{"id":8538,"date":"2019-12-04T04:27:28","date_gmt":"2019-12-04T07:27:28","guid":{"rendered":"https:\/\/www.proyectum.com\/sistema\/?p=8538"},"modified":"2019-12-04T04:27:28","modified_gmt":"2019-12-04T07:27:28","slug":"no-dejes-pasar-la-oportunidad-de-hacer-una-retrospectiva-anual","status":"publish","type":"post","link":"https:\/\/proyectum.com\/pe\/no-dejes-pasar-la-oportunidad-de-hacer-una-retrospectiva-anual\/","title":{"rendered":"No dejes pasar la oportunidad de hacer una retrospectiva anual"},"content":{"rendered":"<p>Por: <strong>Omar Garc\u00eda<\/strong>.<\/p>\n<p>Estamos a unos d\u00edas de terminar nuevamente un a\u00f1o y me parece un momento oportuno para que los <strong>equipos de trabajo<\/strong>, <strong>\u00e1giles y no \u00e1giles<\/strong>, se den un tiempo para poner una pausa en la acelerada operaci\u00f3n en la que est\u00e1n inmersos d\u00eda a d\u00eda, para <strong>hacer una retrospectiva que los encamine a mejorar de cara al siguiente a\u00f1o<\/strong>.<\/p>\n<p>En la filosof\u00eda \u00c1gil las retrospectivas son las reuniones que se llevan a cabo al terminar un <strong>sprint<\/strong>, <strong>iteraci\u00f3n<\/strong> o <strong>liberaci\u00f3n<\/strong>. La siguiente definici\u00f3n de Diana Larsen nos permite comprender mejor estas reuniones: \u201c<em>Es una reuni\u00f3n especial en la <strong>cual un equipo decide hacer una pausa para reflexionar<\/strong> sobre el trabajo realizado, ver qu\u00e9 lecciones pueden capitalizar y decidir c\u00f3mo aplicar lo que aprendieron en su futuro cercano.\u201d.<\/em><\/p>\n<p><strong>\u00bfQu\u00e9 no es una retrospectiva?<\/strong><\/p>\n<p>En primer lugar, una retrospectiva <strong>no es una b\u00fasqueda de culpables<\/strong>. En un ambiente de trabajo sano, el personal <strong>no percibir\u00e1 las sesiones de retrospectiva como algo negativo<\/strong>, donde tiene que defenderse y repartir culpas. Todo lo contrario. <strong>Las retrospectivas deben ser percibidas como una oportunidad para mejorar<\/strong>.<\/p>\n<p>En los proyectos m\u00e1s tradicionales, las retrospectivas se llegan a dar, en el mejor de los casos, al finalizar el proyecto, en las llamadas <strong>sesiones de lecciones aprendidas<\/strong>, aunque este tipo de sesiones igual nos permiten recabar informaci\u00f3n \u00fatil para pr\u00f3ximos proyectos, la oportunidad de mejorar en un futuro cercano es m\u00e1s complicado.<\/p>\n<p><strong>Recomendaciones generales para sacar provecho de las retrospectivas<\/strong><\/p>\n<p>Una retrospectiva exitosa toma en cuenta que <strong>la conversaci\u00f3n es la mayor parte del valor<\/strong>, por lo que es de vital importancia contar con un facilitador experimentado que sepa <strong>guiar la discusi\u00f3n para que el equipo genere ideas sobre c\u00f3mo mejorar<\/strong> y reorientar la conversaci\u00f3n cuando los participantes comiencen a divagar.<\/p>\n<p>Estas son algunas preguntas b\u00e1sicas que de forma individual <strong>los participantes de la sesi\u00f3n retrospectiva<\/strong> deben reflexionar y contestar:<\/p>\n<ul>\n<li>\u00bfQu\u00e9 sali\u00f3 bien este a\u00f1o?<\/li>\n<li>\u00bfQu\u00e9 logros conseguimos?<\/li>\n<li>\u00bfEn qu\u00e9 queremos mejorar?<\/li>\n<li>\u00bfQu\u00e9 deje de hacer y quiero realizar el siguiente a\u00f1o?<\/li>\n<\/ul>\n<p>Al finalizar la sesi\u00f3n, el grupo debe llegar a <strong>elementos de acci\u00f3n concretos<\/strong>, con sus respectivos responsables asignados para darles seguimiento. De lo contrario, corres el riesgo de que sea percibida como una p\u00e9rdida de tiempo, una reuni\u00f3n m\u00e1s en la cual se habl\u00f3 mucho pero no gener\u00f3 ning\u00fan beneficio.<\/p>\n<p><strong>Conclusiones<\/strong><\/p>\n<p>Los l\u00edderes ven en <strong>las retrospectivas una herramienta de aprendizaje<\/strong> que gu\u00eda a los equipos a trav\u00e9s de una reflexi\u00f3n en la que primero se recaba informaci\u00f3n, despu\u00e9s se generan ideas para mejorar y luego se desarrollan planes de acci\u00f3n concretos para implementar las mejoras.<\/p>\n<p>Lo bueno de todo esto es que no necesitas forzosamente estar trabajando con un <strong>equipo \u00e1gil<\/strong>, en iteraciones o sprints, para <strong>reflexionar retrospectivamente<\/strong>. Puedes aprovechar los beneficios de las <strong>sesiones de retrospectiva este fin de a\u00f1o<\/strong> o en cualquier momento, cuando sientas que tu equipo est\u00e1 estancado y el trabajo no fluye, cuando el equipo consigue alcanzar un hito importante o a intervalos regulares para <strong>darle la oportunidad a tu equipo de mejorar<\/strong>.<\/p>\n<p>En un <a href=\"https:\/\/www.proyectum.com\/sistema\/blog\/5-recomendaciones-para-realizar-tu-retrospectiva-anual-o-cualquier-retrospectiva\/\" target=\"_blank\" rel=\"noopener noreferrer\">siguiente art\u00edculo te brindar\u00e9 algunas recomendaciones<\/a> m\u00e1s concretas para llevar a cabo tus sesiones retrospectivas.<\/p>\n","protected":false},"excerpt":{"rendered":"<p>Por: Omar Garc\u00eda. Estamos a unos d\u00edas de terminar nuevamente un a\u00f1o y me parece un momento oportuno para que los equipos de trabajo, \u00e1giles y no \u00e1giles, se den un tiempo para poner una pausa en la acelerada operaci\u00f3n en la que est\u00e1n inmersos d\u00eda a d\u00eda, para hacer una retrospectiva que los encamine [&hellip;]<\/p>\n","protected":false},"author":26,"featured_media":8540,"comment_status":"closed","ping_status":"closed","sticky":false,"template":"","format":"standard","meta":{"_acf_changed":false,"footnotes":""},"categories":[329,254,370,917],"tags":[1423,1424,1425,1426,1427,1428,423,1429,1430,1431,1432,1433,1434,1435,1436,1437,1438,1439,1440,1441,1442,1443,1444,1445],"class_list":["post-8538","post","type-post","status-publish","format-standard","has-post-thumbnail","hentry","category-agil","category-comunicacion","category-liderazgo","category-scrum","tag-agiles-y-no-agiles","tag-darle-la-oportunidad-a-tu-equipo-de-mejorar","tag-elementos-de-accion-concretos-2","tag-elementos-de-accion-concretos","tag-equipo-agil","tag-equipo-decide-hacer-una-pausa-para-reflexionar","tag-equipos-de-trabajo","tag-equipos-de-trabajo-agiles","tag-equipos-de-trabajo-no-agiles","tag-guiar-la-discusion-para-que-el-equipo-genere-ideas-sobre-como-mejorar","tag-hacer-una-retrospectiva-que-los-encamine-a-mejorar-de-cara-al-siguiente-ano","tag-iteracion","tag-iteracion-actual","tag-las-retrospectivas-deben-ser-percibidas-como-una-oportunidad-para-mejorar","tag-las-retrospectivas-una-herramienta-de-aprendizaje","tag-liberacion","tag-los-participantes-de-la-sesion-retrospectiva","tag-no-percibira-las-sesiones-de-retrospectiva-como-algo-negativo","tag-que-no-es-una-retrospectiva","tag-recomendaciones-generales-para-sacar-provecho-de-las-retrospectivas","tag-reflexionar-retrospectivamente","tag-sesiones-de-lecciones-aprendidas","tag-sesiones-de-retrospectiva-este-fin-de-ano","tag-sprint"],"acf":[],"yoast_head":"<!-- This site is optimized with the Yoast SEO plugin v24.4 - https:\/\/yoast.com\/wordpress\/plugins\/seo\/ -->\n<title>No dejes pasar la oportunidad de hacer una retrospectiva anual - Proyectum Per\u00fa<\/title>\n<meta name=\"robots\" content=\"index, follow, max-snippet:-1, max-image-preview:large, max-video-preview:-1\" \/>\n<link rel=\"canonical\" href=\"https:\/\/proyectum.com\/pe\/no-dejes-pasar-la-oportunidad-de-hacer-una-retrospectiva-anual\/\" \/>\n<meta property=\"og:locale\" content=\"es_ES\" \/>\n<meta property=\"og:type\" content=\"article\" \/>\n<meta property=\"og:title\" content=\"No dejes pasar la oportunidad de hacer una retrospectiva anual - Proyectum Per\u00fa\" \/>\n<meta property=\"og:description\" content=\"Por: Omar Garc\u00eda. Estamos a unos d\u00edas de terminar nuevamente un a\u00f1o y me parece un momento oportuno para que los equipos de trabajo, \u00e1giles y no \u00e1giles, se den un tiempo para poner una pausa en la acelerada operaci\u00f3n en la que est\u00e1n inmersos d\u00eda a d\u00eda, para hacer una retrospectiva que los encamine [&hellip;]\" \/>\n<meta property=\"og:url\" content=\"https:\/\/proyectum.com\/pe\/no-dejes-pasar-la-oportunidad-de-hacer-una-retrospectiva-anual\/\" \/>\n<meta property=\"og:site_name\" content=\"Proyectum Per\u00fa\" \/>\n<meta property=\"article:publisher\" content=\"https:\/\/www.facebook.com\/proyectum.pe\/\" \/>\n<meta property=\"article:published_time\" content=\"2019-12-04T07:27:28+00:00\" \/>\n<meta property=\"og:image\" content=\"https:\/\/proyectum.com\/pe\/wp-content\/uploads\/2019\/12\/Retrospectiva-de-cierre-de-ano.jpg\" \/>\n\t<meta property=\"og:image:width\" content=\"1263\" \/>\n\t<meta property=\"og:image:height\" content=\"884\" \/>\n\t<meta property=\"og:image:type\" content=\"image\/jpeg\" \/>\n<meta name=\"author\" content=\"Proyectum 2024\" \/>\n<meta name=\"twitter:card\" content=\"summary_large_image\" \/>\n<meta name=\"twitter:label1\" content=\"Escrito por\" \/>\n\t<meta name=\"twitter:data1\" content=\"Proyectum 2024\" \/>\n\t<meta name=\"twitter:label2\" content=\"Tiempo de lectura\" \/>\n\t<meta name=\"twitter:data2\" content=\"3 minutos\" \/>\n<script type=\"application\/ld+json\" class=\"yoast-schema-graph\">{\"@context\":\"https:\/\/schema.org\",\"@graph\":[{\"@type\":\"Article\",\"@id\":\"https:\/\/proyectum.com\/pe\/no-dejes-pasar-la-oportunidad-de-hacer-una-retrospectiva-anual\/#article\",\"isPartOf\":{\"@id\":\"https:\/\/proyectum.com\/pe\/no-dejes-pasar-la-oportunidad-de-hacer-una-retrospectiva-anual\/\"},\"author\":{\"name\":\"Proyectum 2024\",\"@id\":\"https:\/\/proyectum.com\/pe\/#\/schema\/person\/784b10060c51822d857e3004ea132bb4\"},\"headline\":\"No dejes pasar la oportunidad de hacer una retrospectiva anual\",\"datePublished\":\"2019-12-04T07:27:28+00:00\",\"mainEntityOfPage\":{\"@id\":\"https:\/\/proyectum.com\/pe\/no-dejes-pasar-la-oportunidad-de-hacer-una-retrospectiva-anual\/\"},\"wordCount\":575,\"publisher\":{\"@id\":\"https:\/\/proyectum.com\/pe\/#organization\"},\"image\":{\"@id\":\"https:\/\/proyectum.com\/pe\/no-dejes-pasar-la-oportunidad-de-hacer-una-retrospectiva-anual\/#primaryimage\"},\"thumbnailUrl\":\"https:\/\/proyectum.com\/pe\/wp-content\/uploads\/2019\/12\/Retrospectiva-de-cierre-de-ano.jpg\",\"keywords\":[\"\u00e1giles y no \u00e1giles\",\"darle la oportunidad a tu equipo de mejorar\",\"elementos de acci\u00f3n concretos\",\"elementos de acci\u00f3n concretos\",\"equipo \u00e1gil\",\"equipo decide hacer una pausa para reflexionar\",\"equipos de trabajo\",\"equipos de trabajo \u00e1giles\",\"equipos de trabajo no \u00e1giles\",\"guiar la discusi\u00f3n para que el equipo genere ideas sobre c\u00f3mo mejorar\",\"hacer una retrospectiva que los encamine a mejorar de cara al siguiente a\u00f1o\",\"iteraci\u00f3n\",\"iteraci\u00f3n actual\",\"Las retrospectivas deben ser percibidas como una oportunidad para mejorar\",\"las retrospectivas una herramienta de aprendizaje\",\"liberaci\u00f3n\",\"los participantes de la sesi\u00f3n retrospectiva\",\"no percibir\u00e1 las sesiones de retrospectiva como algo negativo\",\"Qu\u00e9 no es una retrospectiva\",\"Recomendaciones generales para sacar provecho de las retrospectivas\",\"reflexionar retrospectivamente\",\"sesiones de lecciones aprendidas\",\"sesiones de retrospectiva este fin de a\u00f1o\",\"sprint\"],\"articleSection\":[\"\u00c1gil\",\"Comunicaci\u00f3n\",\"Liderazgo\",\"Scrum\"],\"inLanguage\":\"es\"},{\"@type\":\"WebPage\",\"@id\":\"https:\/\/proyectum.com\/pe\/no-dejes-pasar-la-oportunidad-de-hacer-una-retrospectiva-anual\/\",\"url\":\"https:\/\/proyectum.com\/pe\/no-dejes-pasar-la-oportunidad-de-hacer-una-retrospectiva-anual\/\",\"name\":\"No dejes pasar la oportunidad de hacer una retrospectiva anual - Proyectum Per\u00fa\",\"isPartOf\":{\"@id\":\"https:\/\/proyectum.com\/pe\/#website\"},\"primaryImageOfPage\":{\"@id\":\"https:\/\/proyectum.com\/pe\/no-dejes-pasar-la-oportunidad-de-hacer-una-retrospectiva-anual\/#primaryimage\"},\"image\":{\"@id\":\"https:\/\/proyectum.com\/pe\/no-dejes-pasar-la-oportunidad-de-hacer-una-retrospectiva-anual\/#primaryimage\"},\"thumbnailUrl\":\"https:\/\/proyectum.com\/pe\/wp-content\/uploads\/2019\/12\/Retrospectiva-de-cierre-de-ano.jpg\",\"datePublished\":\"2019-12-04T07:27:28+00:00\",\"breadcrumb\":{\"@id\":\"https:\/\/proyectum.com\/pe\/no-dejes-pasar-la-oportunidad-de-hacer-una-retrospectiva-anual\/#breadcrumb\"},\"inLanguage\":\"es\",\"potentialAction\":[{\"@type\":\"ReadAction\",\"target\":[\"https:\/\/proyectum.com\/pe\/no-dejes-pasar-la-oportunidad-de-hacer-una-retrospectiva-anual\/\"]}]},{\"@type\":\"ImageObject\",\"inLanguage\":\"es\",\"@id\":\"https:\/\/proyectum.com\/pe\/no-dejes-pasar-la-oportunidad-de-hacer-una-retrospectiva-anual\/#primaryimage\",\"url\":\"https:\/\/proyectum.com\/pe\/wp-content\/uploads\/2019\/12\/Retrospectiva-de-cierre-de-ano.jpg\",\"contentUrl\":\"https:\/\/proyectum.com\/pe\/wp-content\/uploads\/2019\/12\/Retrospectiva-de-cierre-de-ano.jpg\",\"width\":1263,\"height\":884,\"caption\":\"Retrospectiva de cierre de a\u00f1o\"},{\"@type\":\"BreadcrumbList\",\"@id\":\"https:\/\/proyectum.com\/pe\/no-dejes-pasar-la-oportunidad-de-hacer-una-retrospectiva-anual\/#breadcrumb\",\"itemListElement\":[{\"@type\":\"ListItem\",\"position\":1,\"name\":\"Home\",\"item\":\"https:\/\/proyectum.com\/pe\/\"},{\"@type\":\"ListItem\",\"position\":2,\"name\":\"No dejes pasar la oportunidad de hacer una retrospectiva anual\"}]},{\"@type\":\"WebSite\",\"@id\":\"https:\/\/proyectum.com\/pe\/#website\",\"url\":\"https:\/\/proyectum.com\/pe\/\",\"name\":\"Proyectum Per\u00fa\",\"description\":\"Direcci\u00f3n de Proyectos y Metodolog\u00edas \u00c1giles\",\"publisher\":{\"@id\":\"https:\/\/proyectum.com\/pe\/#organization\"},\"potentialAction\":[{\"@type\":\"SearchAction\",\"target\":{\"@type\":\"EntryPoint\",\"urlTemplate\":\"https:\/\/proyectum.com\/pe\/?s={search_term_string}\"},\"query-input\":{\"@type\":\"PropertyValueSpecification\",\"valueRequired\":true,\"valueName\":\"search_term_string\"}}],\"inLanguage\":\"es\"},{\"@type\":\"Organization\",\"@id\":\"https:\/\/proyectum.com\/pe\/#organization\",\"name\":\"Proyectum Per\u00fa\",\"url\":\"https:\/\/proyectum.com\/pe\/\",\"logo\":{\"@type\":\"ImageObject\",\"inLanguage\":\"es\",\"@id\":\"https:\/\/proyectum.com\/pe\/#\/schema\/logo\/image\/\",\"url\":\"https:\/\/proyectum.com\/pe\/wp-content\/uploads\/2020\/04\/proyectum-logo-snippet.png\",\"contentUrl\":\"https:\/\/proyectum.com\/pe\/wp-content\/uploads\/2020\/04\/proyectum-logo-snippet.png\",\"width\":600,\"height\":315,\"caption\":\"Proyectum Per\u00fa\"},\"image\":{\"@id\":\"https:\/\/proyectum.com\/pe\/#\/schema\/logo\/image\/\"},\"sameAs\":[\"https:\/\/www.facebook.com\/proyectum.pe\/\",\"https:\/\/www.instagram.com\/proyectum.pe\/\",\"https:\/\/www.linkedin.com\/company\/proyectumperu\/\",\"https:\/\/www.youtube.com\/@proyectum2283\/videos\"]},{\"@type\":\"Person\",\"@id\":\"https:\/\/proyectum.com\/pe\/#\/schema\/person\/784b10060c51822d857e3004ea132bb4\",\"name\":\"Proyectum 2024\",\"image\":{\"@type\":\"ImageObject\",\"inLanguage\":\"es\",\"@id\":\"https:\/\/proyectum.com\/pe\/#\/schema\/person\/image\/\",\"url\":\"https:\/\/secure.gravatar.com\/avatar\/df82793fddd8f0a5a84fdb27d958bf73?s=96&d=mm&r=g\",\"contentUrl\":\"https:\/\/secure.gravatar.com\/avatar\/df82793fddd8f0a5a84fdb27d958bf73?s=96&d=mm&r=g\",\"caption\":\"Proyectum 2024\"}}]}<\/script>\n<!-- \/ Yoast SEO plugin. -->","yoast_head_json":{"title":"No dejes pasar la oportunidad de hacer una retrospectiva anual - Proyectum Per\u00fa","robots":{"index":"index","follow":"follow","max-snippet":"max-snippet:-1","max-image-preview":"max-image-preview:large","max-video-preview":"max-video-preview:-1"},"canonical":"https:\/\/proyectum.com\/pe\/no-dejes-pasar-la-oportunidad-de-hacer-una-retrospectiva-anual\/","og_locale":"es_ES","og_type":"article","og_title":"No dejes pasar la oportunidad de hacer una retrospectiva anual - Proyectum Per\u00fa","og_description":"Por: Omar Garc\u00eda. Estamos a unos d\u00edas de terminar nuevamente un a\u00f1o y me parece un momento oportuno para que los equipos de trabajo, \u00e1giles y no \u00e1giles, se den un tiempo para poner una pausa en la acelerada operaci\u00f3n en la que est\u00e1n inmersos d\u00eda a d\u00eda, para hacer una retrospectiva que los encamine [&hellip;]","og_url":"https:\/\/proyectum.com\/pe\/no-dejes-pasar-la-oportunidad-de-hacer-una-retrospectiva-anual\/","og_site_name":"Proyectum Per\u00fa","article_publisher":"https:\/\/www.facebook.com\/proyectum.pe\/","article_published_time":"2019-12-04T07:27:28+00:00","og_image":[{"width":1263,"height":884,"url":"https:\/\/proyectum.com\/pe\/wp-content\/uploads\/2019\/12\/Retrospectiva-de-cierre-de-ano.jpg","type":"image\/jpeg"}],"author":"Proyectum 2024","twitter_card":"summary_large_image","twitter_misc":{"Escrito por":"Proyectum 2024","Tiempo de lectura":"3 minutos"},"schema":{"@context":"https:\/\/schema.org","@graph":[{"@type":"Article","@id":"https:\/\/proyectum.com\/pe\/no-dejes-pasar-la-oportunidad-de-hacer-una-retrospectiva-anual\/#article","isPartOf":{"@id":"https:\/\/proyectum.com\/pe\/no-dejes-pasar-la-oportunidad-de-hacer-una-retrospectiva-anual\/"},"author":{"name":"Proyectum 2024","@id":"https:\/\/proyectum.com\/pe\/#\/schema\/person\/784b10060c51822d857e3004ea132bb4"},"headline":"No dejes pasar la oportunidad de hacer una retrospectiva anual","datePublished":"2019-12-04T07:27:28+00:00","mainEntityOfPage":{"@id":"https:\/\/proyectum.com\/pe\/no-dejes-pasar-la-oportunidad-de-hacer-una-retrospectiva-anual\/"},"wordCount":575,"publisher":{"@id":"https:\/\/proyectum.com\/pe\/#organization"},"image":{"@id":"https:\/\/proyectum.com\/pe\/no-dejes-pasar-la-oportunidad-de-hacer-una-retrospectiva-anual\/#primaryimage"},"thumbnailUrl":"https:\/\/proyectum.com\/pe\/wp-content\/uploads\/2019\/12\/Retrospectiva-de-cierre-de-ano.jpg","keywords":["\u00e1giles y no \u00e1giles","darle la oportunidad a tu equipo de mejorar","elementos de acci\u00f3n concretos","elementos de acci\u00f3n concretos","equipo \u00e1gil","equipo decide hacer una pausa para reflexionar","equipos de trabajo","equipos de trabajo \u00e1giles","equipos de trabajo no \u00e1giles","guiar la discusi\u00f3n para que el equipo genere ideas sobre c\u00f3mo mejorar","hacer una retrospectiva que los encamine a mejorar de cara al siguiente a\u00f1o","iteraci\u00f3n","iteraci\u00f3n actual","Las retrospectivas deben ser percibidas como una oportunidad para mejorar","las retrospectivas una herramienta de aprendizaje","liberaci\u00f3n","los participantes de la sesi\u00f3n retrospectiva","no percibir\u00e1 las sesiones de retrospectiva como algo negativo","Qu\u00e9 no es una retrospectiva","Recomendaciones generales para sacar provecho de las retrospectivas","reflexionar retrospectivamente","sesiones de lecciones aprendidas","sesiones de retrospectiva este fin de a\u00f1o","sprint"],"articleSection":["\u00c1gil","Comunicaci\u00f3n","Liderazgo","Scrum"],"inLanguage":"es"},{"@type":"WebPage","@id":"https:\/\/proyectum.com\/pe\/no-dejes-pasar-la-oportunidad-de-hacer-una-retrospectiva-anual\/","url":"https:\/\/proyectum.com\/pe\/no-dejes-pasar-la-oportunidad-de-hacer-una-retrospectiva-anual\/","name":"No dejes pasar la oportunidad de hacer una retrospectiva anual - Proyectum Per\u00fa","isPartOf":{"@id":"https:\/\/proyectum.com\/pe\/#website"},"primaryImageOfPage":{"@id":"https:\/\/proyectum.com\/pe\/no-dejes-pasar-la-oportunidad-de-hacer-una-retrospectiva-anual\/#primaryimage"},"image":{"@id":"https:\/\/proyectum.com\/pe\/no-dejes-pasar-la-oportunidad-de-hacer-una-retrospectiva-anual\/#primaryimage"},"thumbnailUrl":"https:\/\/proyectum.com\/pe\/wp-content\/uploads\/2019\/12\/Retrospectiva-de-cierre-de-ano.jpg","datePublished":"2019-12-04T07:27:28+00:00","breadcrumb":{"@id":"https:\/\/proyectum.com\/pe\/no-dejes-pasar-la-oportunidad-de-hacer-una-retrospectiva-anual\/#breadcrumb"},"inLanguage":"es","potentialAction":[{"@type":"ReadAction","target":["https:\/\/proyectum.com\/pe\/no-dejes-pasar-la-oportunidad-de-hacer-una-retrospectiva-anual\/"]}]},{"@type":"ImageObject","inLanguage":"es","@id":"https:\/\/proyectum.com\/pe\/no-dejes-pasar-la-oportunidad-de-hacer-una-retrospectiva-anual\/#primaryimage","url":"https:\/\/proyectum.com\/pe\/wp-content\/uploads\/2019\/12\/Retrospectiva-de-cierre-de-ano.jpg","contentUrl":"https:\/\/proyectum.com\/pe\/wp-content\/uploads\/2019\/12\/Retrospectiva-de-cierre-de-ano.jpg","width":1263,"height":884,"caption":"Retrospectiva de cierre de a\u00f1o"},{"@type":"BreadcrumbList","@id":"https:\/\/proyectum.com\/pe\/no-dejes-pasar-la-oportunidad-de-hacer-una-retrospectiva-anual\/#breadcrumb","itemListElement":[{"@type":"ListItem","position":1,"name":"Home","item":"https:\/\/proyectum.com\/pe\/"},{"@type":"ListItem","position":2,"name":"No dejes pasar la oportunidad de hacer una retrospectiva anual"}]},{"@type":"WebSite","@id":"https:\/\/proyectum.com\/pe\/#website","url":"https:\/\/proyectum.com\/pe\/","name":"Proyectum Per\u00fa","description":"Direcci\u00f3n de Proyectos y Metodolog\u00edas \u00c1giles","publisher":{"@id":"https:\/\/proyectum.com\/pe\/#organization"},"potentialAction":[{"@type":"SearchAction","target":{"@type":"EntryPoint","urlTemplate":"https:\/\/proyectum.com\/pe\/?s={search_term_string}"},"query-input":{"@type":"PropertyValueSpecification","valueRequired":true,"valueName":"search_term_string"}}],"inLanguage":"es"},{"@type":"Organization","@id":"https:\/\/proyectum.com\/pe\/#organization","name":"Proyectum Per\u00fa","url":"https:\/\/proyectum.com\/pe\/","logo":{"@type":"ImageObject","inLanguage":"es","@id":"https:\/\/proyectum.com\/pe\/#\/schema\/logo\/image\/","url":"https:\/\/proyectum.com\/pe\/wp-content\/uploads\/2020\/04\/proyectum-logo-snippet.png","contentUrl":"https:\/\/proyectum.com\/pe\/wp-content\/uploads\/2020\/04\/proyectum-logo-snippet.png","width":600,"height":315,"caption":"Proyectum Per\u00fa"},"image":{"@id":"https:\/\/proyectum.com\/pe\/#\/schema\/logo\/image\/"},"sameAs":["https:\/\/www.facebook.com\/proyectum.pe\/","https:\/\/www.instagram.com\/proyectum.pe\/","https:\/\/www.linkedin.com\/company\/proyectumperu\/","https:\/\/www.youtube.com\/@proyectum2283\/videos"]},{"@type":"Person","@id":"https:\/\/proyectum.com\/pe\/#\/schema\/person\/784b10060c51822d857e3004ea132bb4","name":"Proyectum 2024","image":{"@type":"ImageObject","inLanguage":"es","@id":"https:\/\/proyectum.com\/pe\/#\/schema\/person\/image\/","url":"https:\/\/secure.gravatar.com\/avatar\/df82793fddd8f0a5a84fdb27d958bf73?s=96&d=mm&r=g","contentUrl":"https:\/\/secure.gravatar.com\/avatar\/df82793fddd8f0a5a84fdb27d958bf73?s=96&d=mm&r=g","caption":"Proyectum 2024"}}]}},"_links":{"self":[{"href":"https:\/\/proyectum.com\/pe\/wp-json\/wp\/v2\/posts\/8538","targetHints":{"allow":["GET"]}}],"collection":[{"href":"https:\/\/proyectum.com\/pe\/wp-json\/wp\/v2\/posts"}],"about":[{"href":"https:\/\/proyectum.com\/pe\/wp-json\/wp\/v2\/types\/post"}],"author":[{"embeddable":true,"href":"https:\/\/proyectum.com\/pe\/wp-json\/wp\/v2\/users\/26"}],"replies":[{"embeddable":true,"href":"https:\/\/proyectum.com\/pe\/wp-json\/wp\/v2\/comments?post=8538"}],"version-history":[{"count":0,"href":"https:\/\/proyectum.com\/pe\/wp-json\/wp\/v2\/posts\/8538\/revisions"}],"wp:featuredmedia":[{"embeddable":true,"href":"https:\/\/proyectum.com\/pe\/wp-json\/wp\/v2\/media\/8540"}],"wp:attachment":[{"href":"https:\/\/proyectum.com\/pe\/wp-json\/wp\/v2\/media?parent=8538"}],"wp:term":[{"taxonomy":"category","embeddable":true,"href":"https:\/\/proyectum.com\/pe\/wp-json\/wp\/v2\/categories?post=8538"},{"taxonomy":"post_tag","embeddable":true,"href":"https:\/\/proyectum.com\/pe\/wp-json\/wp\/v2\/tags?post=8538"}],"curies":[{"name":"wp","href":"https:\/\/api.w.org\/{rel}","templated":true}]}}