{"id":8559,"date":"2020-01-15T15:25:54","date_gmt":"2020-01-15T18:25:54","guid":{"rendered":"https:\/\/www.proyectum.com\/sistema\/?p=8559"},"modified":"2020-01-15T15:25:54","modified_gmt":"2020-01-15T18:25:54","slug":"es-necesario-usar-escalabilidad-si-tengo-varios-equipos-agiles-que-modelo-elegir","status":"publish","type":"post","link":"https:\/\/proyectum.com\/pe\/es-necesario-usar-escalabilidad-si-tengo-varios-equipos-agiles-que-modelo-elegir\/","title":{"rendered":"\u00bfEs necesario usar escalabilidad si tengo varios equipos \u00e1giles? \u00bfQu\u00e9 modelo elegir?"},"content":{"rendered":"<p>Por: <strong>Javier Gonz\u00e1lez Fulle<\/strong>.<\/p>\n<p>La necesidad de utilizar <strong>enfoques flexibles y adaptables<\/strong> para el desarrollo de productos, sumada a la b\u00fasqueda de generar equipos de trabajo empoderados, auto gestionados y de alto rendimiento lleva cada vez m\u00e1s a las organizaciones a <strong>adoptar la Agilidad<\/strong>.<\/p>\n<p>Como primer paso, muchas empresas seleccionan unas pocas iniciativas y aplican alguno de los <strong>frameworks de agilidad<\/strong> m\u00e1s populares como <strong>Scrum<\/strong> o <strong>Kanban<\/strong>.<\/p>\n<p>Una vez que estas experiencias son exitosas entonces surge la pregunta: \u00bf<strong>C\u00f3mo llevar la Agilidad a una escala de tipo organizacional<\/strong>? En mi opini\u00f3n, es muy recomendable que <strong>este proceso de adopci\u00f3n de agilidad<\/strong> sea visto como un proceso de transformaci\u00f3n y con un enfoque \u00e1gil, en el cual haya <strong>un equipo responsable de la Transformaci\u00f3n \u00c1gil<\/strong>, la cual tendr\u00e1 su mayor complejidad en el componente humano del cambio, lo que habitualmente se denomina <strong>Gesti\u00f3n del Cambio<\/strong>.<\/p>\n<p>En este punto es muy probable que nos encontremos con varias voces (internas y externas a la organizaci\u00f3n) que nos digan que debemos ir a la <strong>escalabilidad<\/strong> y nos hablen de modelos como <strong>Less, Nexus, SAFe, Spotify, Flex<\/strong> y otros. Algunos de ellos son bastante simples de entender, y hasta est\u00e1n documentados en v\u00eddeos muy ilustrativos como el caso de <a href=\"https:\/\/vimeo.com\/85490944\">Spotify<\/a>, que curiosamente no es un modelo de escalabilidad sino una difusi\u00f3n del <strong>modelo utilizado por Spotify<\/strong>, que <strong>surgi\u00f3 como resultado de su propia experiencia y no tratando de definir un framework de validez global<\/strong>. Otros, como <strong>SAFe<\/strong> y Flex, son bastante completos y, por lo tanto, requieren mucho tiempo para comprenderlos y mucho m\u00e1s para aplicarlos.<\/p>\n<p>En mi particular opini\u00f3n, <strong>antes de explorar los modelos de escalabilidad hay que llegar al punto en que tengamos un problema que amerite aplicarlos<\/strong>. La aplicaci\u00f3n de agilidad es principalmente la aplicaci\u00f3n de los Valores y Principios \u00c1giles, cuya fuente original es el <a href=\"https:\/\/agilemanifesto.org\/\">Manifiesto \u00c1gil<\/a>. Lo importante es ser fiel a estos y no adherirse a un determinado proceso. De lo contrario, estar\u00edamos contradiciendo justamente la primera declaraci\u00f3n del manifiesto \u00e1gil: \u201c<em>Individuos e Interacciones sobre Procesos y Herramientas<\/em>\u201d. Los frameworks, tanto los de nivel de equipo como Scrum y Kanban, como los de escalabilidad, representan un modelo que ha sido \u00fatil para muchas organizaciones, y son un buen punto de partida, entendiendo que todo proceso de <strong>adopci\u00f3n de agilidad es un proceso de mejora continua<\/strong>, por lo que a trav\u00e9s de las <a href=\"https:\/\/www.proyectum.com\/sistema\/5-recomendaciones-para-realizar-retrospectiva\/\" target=\"_blank\" rel=\"noopener noreferrer\">retrospectivas<\/a> va adecuando el framework inicial a las caracter\u00edsticas propias de la organizaci\u00f3n o equipo.<\/p>\n<p>Lo anterior no obsta para que, en la medida que avancemos en la <strong>adopci\u00f3n de agilidad<\/strong>, estudiemos algunos modelos y extraigamos de ellos informaci\u00f3n que nos sea \u00fatil, por ejemplo, SAFe es una muy completa base de conocimientos gratuita (El modelo de negocios de SAFe es ganar dinero con cursos, certificaciones y consultor\u00eda).<\/p>\n<p>El punto en el cual creo que es importante comenzar a pensar en la posibilidad de adoptar alguno de estos frameworks es, cuando empezamos a tener dificultades para manejar las dependencias entre los distintos equipos, por ejemplo, cuando hay varios equipos trabajando sobre el mismo producto. Los frameworks de nivel de equipo suponen que cada equipo es autosuficiente y puede priorizar el trabajo por si mismo. Cuando este supuesto no es v\u00e1lido, <strong>es el momento de pensar en escalabilidad<\/strong>. A lo mejor podemos lograrlo por nosotros mismos, <strong>como lo hizo Spotify<\/strong>. Pero lo m\u00e1s probable es que conocer lo que otros ya han experimentado y documentado puede significarnos ahorrar mucho tiempo y dinero.<\/p>\n<p>En nuestro <a href=\"https:\/\/zoomference.zoom.us\/webinar\/register\/WN_j0zgJSRgS1G0Y-kCBCH8EQ\" target=\"_blank\" rel=\"noopener noreferrer\">Webinar<\/a> del 22 de enero les compartir\u00e9 una presentaci\u00f3n describiendo los modelos de escalabilidad ya nombrados, para que tengan alguna referencia de por cu\u00e1l podr\u00edan empezar.<\/p>\n<p><a href=\"https:\/\/zoomference.zoom.us\/webinar\/register\/WN_j0zgJSRgS1G0Y-kCBCH8EQ\" target=\"_blank\" rel=\"noopener noreferrer\">Registro al webinar gratuito aqu\u00ed.<\/a><\/p>\n<p><strong>Por otra parte, les invito a que compartan sus opiniones y experiencias<\/strong> en el blog. <strong>Ninguno de nosotros es poseedor de la verdad absoluta<\/strong>, por lo que compartir opiniones y experiencias nos ayudar\u00e1 a todos.<\/p>\n<p><strong><u>Referencias<\/u><\/strong><\/p>\n<ol>\n<li>Craig Larman y Bas Vodde, \u201c<em>Large-Scale Scrum: More with LeSS\u201d (2016)<\/em><\/li>\n<li>Kurt Bittner, Patricia Kong y Dave West, \u201c<em>The Nexus Framework for Scaling Scrum: Continuously Delivering an Integrated Product with Multiple Scrum Teams\u201d (2018)<\/em><\/li>\n<li>Dean Leffingwell, \u201c<em>Scaling Software Agility<\/em>\u201d (2007)<\/li>\n<li><a href=\"http:\/\/www.scaledagileframework.com\">http:\/\/www.scaledagileframework.com<\/a><\/li>\n<li><a href=\"https:\/\/portal.netobjectives.com\/pages\/flex\/\">https:\/\/portal.netobjectives.com\/pages\/flex\/<\/a><\/li>\n<\/ol>\n","protected":false},"excerpt":{"rendered":"<p>Por: Javier Gonz\u00e1lez Fulle. La necesidad de utilizar enfoques flexibles y adaptables para el desarrollo de productos, sumada a la b\u00fasqueda de generar equipos de trabajo empoderados, auto gestionados y de alto rendimiento lleva cada vez m\u00e1s a las organizaciones a adoptar la Agilidad. Como primer paso, muchas empresas seleccionan unas pocas iniciativas y aplican [&hellip;]<\/p>\n","protected":false},"author":26,"featured_media":8560,"comment_status":"closed","ping_status":"closed","sticky":false,"template":"","format":"standard","meta":{"_acf_changed":false,"footnotes":""},"categories":[329,218,917],"tags":[1459,1460,1461,1462,1463,1464,1465,1466,594,867,1467,874,287,1468],"class_list":["post-8559","post","type-post","status-publish","format-standard","has-post-thumbnail","hentry","category-agil","category-innovacion","category-scrum","tag-adopcion-de-agilidad","tag-adopcion-de-agilidad-es-un-proceso-de-mejora-continua","tag-adoptar-la-agilidad","tag-enfoques-flexibles-y-adaptables","tag-equipos-de-trabajo-empoderados","tag-escalabilidad","tag-este-proceso-de-adopcion-de-agilidad","tag-frameworks-de-agilidad","tag-gestion-del-cambio","tag-kanban","tag-modelo-agil-utilizado-por-spotify","tag-safe","tag-scrum","tag-un-equipo-responsable-de-la-transformacion-agil"],"acf":[],"yoast_head":"<!-- This site is optimized with the Yoast SEO plugin v24.4 - https:\/\/yoast.com\/wordpress\/plugins\/seo\/ -->\n<title>\u00bfEs necesario usar escalabilidad si tengo varios equipos \u00e1giles? \u00bfQu\u00e9 modelo elegir? - Proyectum Per\u00fa<\/title>\n<meta name=\"robots\" content=\"index, follow, max-snippet:-1, max-image-preview:large, max-video-preview:-1\" \/>\n<link rel=\"canonical\" href=\"https:\/\/proyectum.com\/pe\/es-necesario-usar-escalabilidad-si-tengo-varios-equipos-agiles-que-modelo-elegir\/\" \/>\n<meta property=\"og:locale\" content=\"es_ES\" \/>\n<meta property=\"og:type\" content=\"article\" \/>\n<meta property=\"og:title\" content=\"\u00bfEs necesario usar escalabilidad si tengo varios equipos \u00e1giles? \u00bfQu\u00e9 modelo elegir? - Proyectum Per\u00fa\" \/>\n<meta property=\"og:description\" content=\"Por: Javier Gonz\u00e1lez Fulle. La necesidad de utilizar enfoques flexibles y adaptables para el desarrollo de productos, sumada a la b\u00fasqueda de generar equipos de trabajo empoderados, auto gestionados y de alto rendimiento lleva cada vez m\u00e1s a las organizaciones a adoptar la Agilidad. Como primer paso, muchas empresas seleccionan unas pocas iniciativas y aplican [&hellip;]\" \/>\n<meta property=\"og:url\" content=\"https:\/\/proyectum.com\/pe\/es-necesario-usar-escalabilidad-si-tengo-varios-equipos-agiles-que-modelo-elegir\/\" \/>\n<meta property=\"og:site_name\" content=\"Proyectum Per\u00fa\" \/>\n<meta property=\"article:publisher\" content=\"https:\/\/www.facebook.com\/proyectum.pe\/\" \/>\n<meta property=\"article:published_time\" content=\"2020-01-15T18:25:54+00:00\" \/>\n<meta name=\"author\" content=\"Proyectum 2024\" \/>\n<meta name=\"twitter:card\" content=\"summary_large_image\" \/>\n<meta name=\"twitter:label1\" content=\"Escrito por\" \/>\n\t<meta name=\"twitter:data1\" content=\"Proyectum 2024\" \/>\n\t<meta name=\"twitter:label2\" content=\"Tiempo de lectura\" \/>\n\t<meta name=\"twitter:data2\" content=\"4 minutos\" \/>\n<script type=\"application\/ld+json\" class=\"yoast-schema-graph\">{\"@context\":\"https:\/\/schema.org\",\"@graph\":[{\"@type\":\"Article\",\"@id\":\"https:\/\/proyectum.com\/pe\/es-necesario-usar-escalabilidad-si-tengo-varios-equipos-agiles-que-modelo-elegir\/#article\",\"isPartOf\":{\"@id\":\"https:\/\/proyectum.com\/pe\/es-necesario-usar-escalabilidad-si-tengo-varios-equipos-agiles-que-modelo-elegir\/\"},\"author\":{\"name\":\"Proyectum 2024\",\"@id\":\"https:\/\/proyectum.com\/pe\/#\/schema\/person\/784b10060c51822d857e3004ea132bb4\"},\"headline\":\"\u00bfEs necesario usar escalabilidad si tengo varios equipos \u00e1giles? \u00bfQu\u00e9 modelo elegir?\",\"datePublished\":\"2020-01-15T18:25:54+00:00\",\"mainEntityOfPage\":{\"@id\":\"https:\/\/proyectum.com\/pe\/es-necesario-usar-escalabilidad-si-tengo-varios-equipos-agiles-que-modelo-elegir\/\"},\"wordCount\":733,\"publisher\":{\"@id\":\"https:\/\/proyectum.com\/pe\/#organization\"},\"image\":{\"@id\":\"https:\/\/proyectum.com\/pe\/es-necesario-usar-escalabilidad-si-tengo-varios-equipos-agiles-que-modelo-elegir\/#primaryimage\"},\"thumbnailUrl\":\"https:\/\/proyectum.com\/pe\/wp-content\/uploads\/2020\/01\/Adaptacion-Agil.jpg\",\"keywords\":[\"adopci\u00f3n de agilidad\",\"adopci\u00f3n de agilidad es un proceso de mejora continua\",\"adoptar la Agilidad\",\"enfoques flexibles y adaptables\",\"equipos de trabajo empoderados\",\"escalabilidad\",\"este proceso de adopci\u00f3n de agilidad\",\"frameworks de agilidad\",\"Gesti\u00f3n del cambio\",\"Kanban\",\"modelo agil utilizado por Spotify\",\"SAFe\",\"SCRUM\",\"un equipo responsable de la Transformaci\u00f3n \u00c1gil\"],\"articleSection\":[\"\u00c1gil\",\"Innovaci\u00f3n\",\"Scrum\"],\"inLanguage\":\"es\"},{\"@type\":\"WebPage\",\"@id\":\"https:\/\/proyectum.com\/pe\/es-necesario-usar-escalabilidad-si-tengo-varios-equipos-agiles-que-modelo-elegir\/\",\"url\":\"https:\/\/proyectum.com\/pe\/es-necesario-usar-escalabilidad-si-tengo-varios-equipos-agiles-que-modelo-elegir\/\",\"name\":\"\u00bfEs necesario usar escalabilidad si tengo varios equipos \u00e1giles? \u00bfQu\u00e9 modelo elegir? - Proyectum Per\u00fa\",\"isPartOf\":{\"@id\":\"https:\/\/proyectum.com\/pe\/#website\"},\"primaryImageOfPage\":{\"@id\":\"https:\/\/proyectum.com\/pe\/es-necesario-usar-escalabilidad-si-tengo-varios-equipos-agiles-que-modelo-elegir\/#primaryimage\"},\"image\":{\"@id\":\"https:\/\/proyectum.com\/pe\/es-necesario-usar-escalabilidad-si-tengo-varios-equipos-agiles-que-modelo-elegir\/#primaryimage\"},\"thumbnailUrl\":\"https:\/\/proyectum.com\/pe\/wp-content\/uploads\/2020\/01\/Adaptacion-Agil.jpg\",\"datePublished\":\"2020-01-15T18:25:54+00:00\",\"breadcrumb\":{\"@id\":\"https:\/\/proyectum.com\/pe\/es-necesario-usar-escalabilidad-si-tengo-varios-equipos-agiles-que-modelo-elegir\/#breadcrumb\"},\"inLanguage\":\"es\",\"potentialAction\":[{\"@type\":\"ReadAction\",\"target\":[\"https:\/\/proyectum.com\/pe\/es-necesario-usar-escalabilidad-si-tengo-varios-equipos-agiles-que-modelo-elegir\/\"]}]},{\"@type\":\"ImageObject\",\"inLanguage\":\"es\",\"@id\":\"https:\/\/proyectum.com\/pe\/es-necesario-usar-escalabilidad-si-tengo-varios-equipos-agiles-que-modelo-elegir\/#primaryimage\",\"url\":\"https:\/\/proyectum.com\/pe\/wp-content\/uploads\/2020\/01\/Adaptacion-Agil.jpg\",\"contentUrl\":\"https:\/\/proyectum.com\/pe\/wp-content\/uploads\/2020\/01\/Adaptacion-Agil.jpg\",\"width\":1800,\"height\":1201,\"caption\":\"Adaptaci\u00f3n \u00c1gil\"},{\"@type\":\"BreadcrumbList\",\"@id\":\"https:\/\/proyectum.com\/pe\/es-necesario-usar-escalabilidad-si-tengo-varios-equipos-agiles-que-modelo-elegir\/#breadcrumb\",\"itemListElement\":[{\"@type\":\"ListItem\",\"position\":1,\"name\":\"Home\",\"item\":\"https:\/\/proyectum.com\/pe\/\"},{\"@type\":\"ListItem\",\"position\":2,\"name\":\"\u00bfEs necesario usar escalabilidad si tengo varios equipos \u00e1giles? \u00bfQu\u00e9 modelo elegir?\"}]},{\"@type\":\"WebSite\",\"@id\":\"https:\/\/proyectum.com\/pe\/#website\",\"url\":\"https:\/\/proyectum.com\/pe\/\",\"name\":\"Proyectum Per\u00fa\",\"description\":\"Direcci\u00f3n de Proyectos y Metodolog\u00edas \u00c1giles\",\"publisher\":{\"@id\":\"https:\/\/proyectum.com\/pe\/#organization\"},\"potentialAction\":[{\"@type\":\"SearchAction\",\"target\":{\"@type\":\"EntryPoint\",\"urlTemplate\":\"https:\/\/proyectum.com\/pe\/?s={search_term_string}\"},\"query-input\":{\"@type\":\"PropertyValueSpecification\",\"valueRequired\":true,\"valueName\":\"search_term_string\"}}],\"inLanguage\":\"es\"},{\"@type\":\"Organization\",\"@id\":\"https:\/\/proyectum.com\/pe\/#organization\",\"name\":\"Proyectum Per\u00fa\",\"url\":\"https:\/\/proyectum.com\/pe\/\",\"logo\":{\"@type\":\"ImageObject\",\"inLanguage\":\"es\",\"@id\":\"https:\/\/proyectum.com\/pe\/#\/schema\/logo\/image\/\",\"url\":\"https:\/\/proyectum.com\/pe\/wp-content\/uploads\/2020\/04\/proyectum-logo-snippet.png\",\"contentUrl\":\"https:\/\/proyectum.com\/pe\/wp-content\/uploads\/2020\/04\/proyectum-logo-snippet.png\",\"width\":600,\"height\":315,\"caption\":\"Proyectum Per\u00fa\"},\"image\":{\"@id\":\"https:\/\/proyectum.com\/pe\/#\/schema\/logo\/image\/\"},\"sameAs\":[\"https:\/\/www.facebook.com\/proyectum.pe\/\",\"https:\/\/www.instagram.com\/proyectum.pe\/\",\"https:\/\/www.linkedin.com\/company\/proyectumperu\/\",\"https:\/\/www.youtube.com\/@proyectum2283\/videos\"]},{\"@type\":\"Person\",\"@id\":\"https:\/\/proyectum.com\/pe\/#\/schema\/person\/784b10060c51822d857e3004ea132bb4\",\"name\":\"Proyectum 2024\",\"image\":{\"@type\":\"ImageObject\",\"inLanguage\":\"es\",\"@id\":\"https:\/\/proyectum.com\/pe\/#\/schema\/person\/image\/\",\"url\":\"https:\/\/secure.gravatar.com\/avatar\/df82793fddd8f0a5a84fdb27d958bf73?s=96&d=mm&r=g\",\"contentUrl\":\"https:\/\/secure.gravatar.com\/avatar\/df82793fddd8f0a5a84fdb27d958bf73?s=96&d=mm&r=g\",\"caption\":\"Proyectum 2024\"}}]}<\/script>\n<!-- \/ Yoast SEO plugin. -->","yoast_head_json":{"title":"\u00bfEs necesario usar escalabilidad si tengo varios equipos \u00e1giles? \u00bfQu\u00e9 modelo elegir? - Proyectum Per\u00fa","robots":{"index":"index","follow":"follow","max-snippet":"max-snippet:-1","max-image-preview":"max-image-preview:large","max-video-preview":"max-video-preview:-1"},"canonical":"https:\/\/proyectum.com\/pe\/es-necesario-usar-escalabilidad-si-tengo-varios-equipos-agiles-que-modelo-elegir\/","og_locale":"es_ES","og_type":"article","og_title":"\u00bfEs necesario usar escalabilidad si tengo varios equipos \u00e1giles? \u00bfQu\u00e9 modelo elegir? - Proyectum Per\u00fa","og_description":"Por: Javier Gonz\u00e1lez Fulle. La necesidad de utilizar enfoques flexibles y adaptables para el desarrollo de productos, sumada a la b\u00fasqueda de generar equipos de trabajo empoderados, auto gestionados y de alto rendimiento lleva cada vez m\u00e1s a las organizaciones a adoptar la Agilidad. Como primer paso, muchas empresas seleccionan unas pocas iniciativas y aplican [&hellip;]","og_url":"https:\/\/proyectum.com\/pe\/es-necesario-usar-escalabilidad-si-tengo-varios-equipos-agiles-que-modelo-elegir\/","og_site_name":"Proyectum Per\u00fa","article_publisher":"https:\/\/www.facebook.com\/proyectum.pe\/","article_published_time":"2020-01-15T18:25:54+00:00","author":"Proyectum 2024","twitter_card":"summary_large_image","twitter_misc":{"Escrito por":"Proyectum 2024","Tiempo de lectura":"4 minutos"},"schema":{"@context":"https:\/\/schema.org","@graph":[{"@type":"Article","@id":"https:\/\/proyectum.com\/pe\/es-necesario-usar-escalabilidad-si-tengo-varios-equipos-agiles-que-modelo-elegir\/#article","isPartOf":{"@id":"https:\/\/proyectum.com\/pe\/es-necesario-usar-escalabilidad-si-tengo-varios-equipos-agiles-que-modelo-elegir\/"},"author":{"name":"Proyectum 2024","@id":"https:\/\/proyectum.com\/pe\/#\/schema\/person\/784b10060c51822d857e3004ea132bb4"},"headline":"\u00bfEs necesario usar escalabilidad si tengo varios equipos \u00e1giles? \u00bfQu\u00e9 modelo elegir?","datePublished":"2020-01-15T18:25:54+00:00","mainEntityOfPage":{"@id":"https:\/\/proyectum.com\/pe\/es-necesario-usar-escalabilidad-si-tengo-varios-equipos-agiles-que-modelo-elegir\/"},"wordCount":733,"publisher":{"@id":"https:\/\/proyectum.com\/pe\/#organization"},"image":{"@id":"https:\/\/proyectum.com\/pe\/es-necesario-usar-escalabilidad-si-tengo-varios-equipos-agiles-que-modelo-elegir\/#primaryimage"},"thumbnailUrl":"https:\/\/proyectum.com\/pe\/wp-content\/uploads\/2020\/01\/Adaptacion-Agil.jpg","keywords":["adopci\u00f3n de agilidad","adopci\u00f3n de agilidad es un proceso de mejora continua","adoptar la Agilidad","enfoques flexibles y adaptables","equipos de trabajo empoderados","escalabilidad","este proceso de adopci\u00f3n de agilidad","frameworks de agilidad","Gesti\u00f3n del cambio","Kanban","modelo agil utilizado por Spotify","SAFe","SCRUM","un equipo responsable de la Transformaci\u00f3n \u00c1gil"],"articleSection":["\u00c1gil","Innovaci\u00f3n","Scrum"],"inLanguage":"es"},{"@type":"WebPage","@id":"https:\/\/proyectum.com\/pe\/es-necesario-usar-escalabilidad-si-tengo-varios-equipos-agiles-que-modelo-elegir\/","url":"https:\/\/proyectum.com\/pe\/es-necesario-usar-escalabilidad-si-tengo-varios-equipos-agiles-que-modelo-elegir\/","name":"\u00bfEs necesario usar escalabilidad si tengo varios equipos \u00e1giles? \u00bfQu\u00e9 modelo elegir? - Proyectum Per\u00fa","isPartOf":{"@id":"https:\/\/proyectum.com\/pe\/#website"},"primaryImageOfPage":{"@id":"https:\/\/proyectum.com\/pe\/es-necesario-usar-escalabilidad-si-tengo-varios-equipos-agiles-que-modelo-elegir\/#primaryimage"},"image":{"@id":"https:\/\/proyectum.com\/pe\/es-necesario-usar-escalabilidad-si-tengo-varios-equipos-agiles-que-modelo-elegir\/#primaryimage"},"thumbnailUrl":"https:\/\/proyectum.com\/pe\/wp-content\/uploads\/2020\/01\/Adaptacion-Agil.jpg","datePublished":"2020-01-15T18:25:54+00:00","breadcrumb":{"@id":"https:\/\/proyectum.com\/pe\/es-necesario-usar-escalabilidad-si-tengo-varios-equipos-agiles-que-modelo-elegir\/#breadcrumb"},"inLanguage":"es","potentialAction":[{"@type":"ReadAction","target":["https:\/\/proyectum.com\/pe\/es-necesario-usar-escalabilidad-si-tengo-varios-equipos-agiles-que-modelo-elegir\/"]}]},{"@type":"ImageObject","inLanguage":"es","@id":"https:\/\/proyectum.com\/pe\/es-necesario-usar-escalabilidad-si-tengo-varios-equipos-agiles-que-modelo-elegir\/#primaryimage","url":"https:\/\/proyectum.com\/pe\/wp-content\/uploads\/2020\/01\/Adaptacion-Agil.jpg","contentUrl":"https:\/\/proyectum.com\/pe\/wp-content\/uploads\/2020\/01\/Adaptacion-Agil.jpg","width":1800,"height":1201,"caption":"Adaptaci\u00f3n \u00c1gil"},{"@type":"BreadcrumbList","@id":"https:\/\/proyectum.com\/pe\/es-necesario-usar-escalabilidad-si-tengo-varios-equipos-agiles-que-modelo-elegir\/#breadcrumb","itemListElement":[{"@type":"ListItem","position":1,"name":"Home","item":"https:\/\/proyectum.com\/pe\/"},{"@type":"ListItem","position":2,"name":"\u00bfEs necesario usar escalabilidad si tengo varios equipos \u00e1giles? \u00bfQu\u00e9 modelo elegir?"}]},{"@type":"WebSite","@id":"https:\/\/proyectum.com\/pe\/#website","url":"https:\/\/proyectum.com\/pe\/","name":"Proyectum Per\u00fa","description":"Direcci\u00f3n de Proyectos y Metodolog\u00edas \u00c1giles","publisher":{"@id":"https:\/\/proyectum.com\/pe\/#organization"},"potentialAction":[{"@type":"SearchAction","target":{"@type":"EntryPoint","urlTemplate":"https:\/\/proyectum.com\/pe\/?s={search_term_string}"},"query-input":{"@type":"PropertyValueSpecification","valueRequired":true,"valueName":"search_term_string"}}],"inLanguage":"es"},{"@type":"Organization","@id":"https:\/\/proyectum.com\/pe\/#organization","name":"Proyectum Per\u00fa","url":"https:\/\/proyectum.com\/pe\/","logo":{"@type":"ImageObject","inLanguage":"es","@id":"https:\/\/proyectum.com\/pe\/#\/schema\/logo\/image\/","url":"https:\/\/proyectum.com\/pe\/wp-content\/uploads\/2020\/04\/proyectum-logo-snippet.png","contentUrl":"https:\/\/proyectum.com\/pe\/wp-content\/uploads\/2020\/04\/proyectum-logo-snippet.png","width":600,"height":315,"caption":"Proyectum Per\u00fa"},"image":{"@id":"https:\/\/proyectum.com\/pe\/#\/schema\/logo\/image\/"},"sameAs":["https:\/\/www.facebook.com\/proyectum.pe\/","https:\/\/www.instagram.com\/proyectum.pe\/","https:\/\/www.linkedin.com\/company\/proyectumperu\/","https:\/\/www.youtube.com\/@proyectum2283\/videos"]},{"@type":"Person","@id":"https:\/\/proyectum.com\/pe\/#\/schema\/person\/784b10060c51822d857e3004ea132bb4","name":"Proyectum 2024","image":{"@type":"ImageObject","inLanguage":"es","@id":"https:\/\/proyectum.com\/pe\/#\/schema\/person\/image\/","url":"https:\/\/secure.gravatar.com\/avatar\/df82793fddd8f0a5a84fdb27d958bf73?s=96&d=mm&r=g","contentUrl":"https:\/\/secure.gravatar.com\/avatar\/df82793fddd8f0a5a84fdb27d958bf73?s=96&d=mm&r=g","caption":"Proyectum 2024"}}]}},"_links":{"self":[{"href":"https:\/\/proyectum.com\/pe\/wp-json\/wp\/v2\/posts\/8559","targetHints":{"allow":["GET"]}}],"collection":[{"href":"https:\/\/proyectum.com\/pe\/wp-json\/wp\/v2\/posts"}],"about":[{"href":"https:\/\/proyectum.com\/pe\/wp-json\/wp\/v2\/types\/post"}],"author":[{"embeddable":true,"href":"https:\/\/proyectum.com\/pe\/wp-json\/wp\/v2\/users\/26"}],"replies":[{"embeddable":true,"href":"https:\/\/proyectum.com\/pe\/wp-json\/wp\/v2\/comments?post=8559"}],"version-history":[{"count":0,"href":"https:\/\/proyectum.com\/pe\/wp-json\/wp\/v2\/posts\/8559\/revisions"}],"wp:featuredmedia":[{"embeddable":true,"href":"https:\/\/proyectum.com\/pe\/wp-json\/wp\/v2\/media\/8560"}],"wp:attachment":[{"href":"https:\/\/proyectum.com\/pe\/wp-json\/wp\/v2\/media?parent=8559"}],"wp:term":[{"taxonomy":"category","embeddable":true,"href":"https:\/\/proyectum.com\/pe\/wp-json\/wp\/v2\/categories?post=8559"},{"taxonomy":"post_tag","embeddable":true,"href":"https:\/\/proyectum.com\/pe\/wp-json\/wp\/v2\/tags?post=8559"}],"curies":[{"name":"wp","href":"https:\/\/api.w.org\/{rel}","templated":true}]}}