{"id":8797,"date":"2020-07-06T07:37:55","date_gmt":"2020-07-06T10:37:55","guid":{"rendered":"https:\/\/www.proyectum.com\/sistema\/?p=8797"},"modified":"2020-07-06T07:37:55","modified_gmt":"2020-07-06T10:37:55","slug":"una-caja-de-herramientas-para-que-las-personas-esten-primero-3-3","status":"publish","type":"post","link":"https:\/\/proyectum.com\/pe\/una-caja-de-herramientas-para-que-las-personas-esten-primero-3-3\/","title":{"rendered":"Una caja de herramientas para que las personas est\u00e9n primero 3\/3"},"content":{"rendered":"<p><strong>Organizaciones<\/strong><\/p>\n<p>Las organizaciones son <strong>sistemas adaptativos complejos<\/strong> (CAS por sus siglas en ingl\u00e9s).\u00a0 Son complejos porque son una red de trabajo din\u00e1mica de equipos que interact\u00faan y en donde el todo es m\u00e1s que la suma de sus partes (por lo menos, esto es verdad en organizaciones efectivas).\u00a0 Son adaptativas porque <strong>los equipos son autoorganizados<\/strong>, aprenden y evolucionan (de acuerdo a las recomendaciones de la agilidad), y m\u00e1s importante a\u00fan, los cambios en un equipo determinado afectan a los cambios en otros equipos con los que interact\u00faan.<\/p>\n<p>En un sistema adaptativo complejo los equipos son similares entre s\u00ed, pueden compartir aspectos culturales y metas, aunque los equipos y la organizaci\u00f3n como un todo evolucionen con el tiempo como respuesta a los cambios en su ambiente.\u00a0 El diagrama abajo muestra el flujo de trabajo de alto nivel de un departamento de <strong>IT de Disciplined Agile<\/strong>.<\/p>\n<p><img fetchpriority=\"high\" decoding=\"async\" class=\"aligncenter size-full wp-image-8798\" src=\"https:\/\/proyectum.com\/pe\/wp-content\/uploads\/2020\/07\/IT-de-Disciplined-Agile.png\" alt=\"IT de Disciplined Agile\" width=\"425\" height=\"265\" srcset=\"https:\/\/proyectum.com\/pe\/wp-content\/uploads\/2020\/07\/IT-de-Disciplined-Agile.png 425w, https:\/\/proyectum.com\/pe\/wp-content\/uploads\/2020\/07\/IT-de-Disciplined-Agile-300x187.png 300w, https:\/\/proyectum.com\/pe\/wp-content\/uploads\/2020\/07\/IT-de-Disciplined-Agile-64x40.png 64w\" sizes=\"(max-width: 425px) 100vw, 425px\" \/>Aunque el foco del diagrama est\u00e1 en el proceso, implica una <strong>estructura organizacional potencial<\/strong>.\u00a0 Una organizaci\u00f3n de tama\u00f1o mediano a grande tendr\u00e1 muchos equipos de desarrollo.\u00a0 Pueden tener un equipo enfocado en gesti\u00f3n\/coordinaci\u00f3n de liberaciones, un equipo de operaciones, un equipo de datos, un equipo de arquitectura, etc.\u00a0 Algunas veces, la relaci\u00f3n entre procesos y estructura de la organizaci\u00f3n no es uno a uno.\u00a0 Por ejemplo, es com\u00fan ver el mismo equipo responsable de la Arquitectura de la Empresa e Ingenier\u00eda de Reuso, o un solo equipo manejando Gesti\u00f3n de las Liberaciones, Operaciones y Soporte.<\/p>\n<p>Por el bien de la simplicidad, asumamos que tu departamento de IT tiene m\u00faltiples equipos de entrega (las burbujas m\u00e1s verdes) y un equipo para cada una de las otras actividades (las burbujas amarillas y grises).\u00a0 Este departamento es un sistema adaptativo complejo en el que, los aprendizajes de un equipo de entrega que motiva los cambios de la manera en que trabajan, potencialmente podr\u00eda afectar c\u00f3mo interact\u00faa el Propietario de la Arquitectura de ese equipo con el equipo de Gerencia del Producto, c\u00f3mo los miembros del equipo interact\u00faan con el equipo de Ingenier\u00eda de Reuso y muchas otras posibilidades.<\/p>\n<p>Estos cambios a su vez pueden motivar <strong>cambios en comportamiento dentro del equipo de Arquitectura de la Empresa<\/strong>, el equipo de Gerencia del Producto, etc.\u00a0 De manera similar, los cambios dentro del equipo de Arquitectura de la Empresa pueden alcanzar al equipo de Ingenier\u00eda de Reuso, los equipo de entrega, etc.\u00a0 Para incrementar la velocidad del aprendizaje adaptativo, el <strong>Marco de Disciplined Agile<\/strong> incluye el \u00ab<strong>process blade<\/strong>\u00bb de Mejoramiento Continuo para, de manera expl\u00edcita, <strong>compartir el aprendizaje a lo largo de la organizaci\u00f3n<\/strong>.<\/p>\n<p>Para conocer m\u00e1s acerca de <a href=\"https:\/\/www.proyectum.com\/sistema\/cursos\/disciplined-agile-lean-scrum-master-dalsm-2\/\" target=\"_blank\" rel=\"noopener noreferrer\">Disciplined Agile<\/a> y los beneficios que trae para las organizaci\u00f3n y los equipos de trabajo, te invito a conocer la nueva nueva capacitaci\u00f3n y certificaci\u00f3n del <strong>PMI\u00ae \u2013 Disciplined Agile Lean Scrum Master \u2013 DALSM. <\/strong>M\u00e1s informaci\u00f3n <a href=\"https:\/\/www.proyectum.com\/sistema\/cursos\/disciplined-agile-lean-scrum-master-dalsm-2\/\" target=\"_blank\" rel=\"noopener noreferrer\">haciendo clic aqu\u00ed<\/a>.<\/p>\n<p><a href=\"https:\/\/www.proyectum.com\/sistema\/blog\/una-caja-de-herramientas-para-que-las-personas-esten-primero-1-3\/\" target=\"_blank\" rel=\"noopener noreferrer\">Una caja de herramientas para que las personas est\u00e9n primero 1\/3<\/a><\/p>\n<p><a href=\"https:\/\/www.proyectum.com\/sistema\/blog\/una-caja-de-herramientas-para-que-las-personas-esten-primero-2-3\/\" target=\"_blank\" rel=\"noopener noreferrer\">Una caja de herramientas para que las personas est\u00e9n primero 2\/3<\/a><\/p>\n<p>Autor:Disciplined Agile Consortium. \u00a92013-2019 Project Management Institute, Inc.<\/p>\n<p>Traducci\u00f3n: Adela Vega, TSPM, SMC, SDC<\/p>\n<p>Adaptaci\u00f3n: Enrique Ledesma M.Sc., CDAI\/DALSM, PMP, STC, SPOC, SMC, SDC<\/p>\n","protected":false},"excerpt":{"rendered":"<p>Organizaciones Las organizaciones son sistemas adaptativos complejos (CAS por sus siglas en ingl\u00e9s).\u00a0 Son complejos porque son una red de trabajo din\u00e1mica de equipos que interact\u00faan y en donde el todo es m\u00e1s que la suma de sus partes (por lo menos, esto es verdad en organizaciones efectivas).\u00a0 Son adaptativas porque los equipos son autoorganizados, [&hellip;]<\/p>\n","protected":false},"author":26,"featured_media":8800,"comment_status":"closed","ping_status":"closed","sticky":false,"template":"","format":"standard","meta":{"_acf_changed":false,"footnotes":""},"categories":[329,811],"tags":[997,998,999,1000,1001,1002,1003,561],"class_list":["post-8797","post","type-post","status-publish","format-standard","has-post-thumbnail","hentry","category-agil","category-disciplined-agile","tag-compartir-el-aprendizaje-a-lo-largo-de-la-organizacion","tag-disciplined-agile-lean-scrum-master","tag-estructura-organizacional-potencial","tag-it-de-disciplined-agile","tag-los-equipos-son-autoorganizados","tag-marco-de-disciplined-agile","tag-process-blade","tag-sistemas-adaptativos-complejos"],"acf":[],"yoast_head":"<!-- This site is optimized with the Yoast SEO plugin v24.4 - https:\/\/yoast.com\/wordpress\/plugins\/seo\/ -->\n<title>Una caja de herramientas para que las personas est\u00e9n primero 3\/3 - Proyectum Per\u00fa<\/title>\n<meta name=\"robots\" content=\"index, follow, max-snippet:-1, max-image-preview:large, max-video-preview:-1\" \/>\n<link rel=\"canonical\" href=\"https:\/\/proyectum.com\/pe\/una-caja-de-herramientas-para-que-las-personas-esten-primero-3-3\/\" \/>\n<meta property=\"og:locale\" content=\"es_ES\" \/>\n<meta property=\"og:type\" content=\"article\" \/>\n<meta property=\"og:title\" content=\"Una caja de herramientas para que las personas est\u00e9n primero 3\/3 - Proyectum Per\u00fa\" \/>\n<meta property=\"og:description\" content=\"Organizaciones Las organizaciones son sistemas adaptativos complejos (CAS por sus siglas en ingl\u00e9s).\u00a0 Son complejos porque son una red de trabajo din\u00e1mica de equipos que interact\u00faan y en donde el todo es m\u00e1s que la suma de sus partes (por lo menos, esto es verdad en organizaciones efectivas).\u00a0 Son adaptativas porque los equipos son autoorganizados, [&hellip;]\" \/>\n<meta property=\"og:url\" content=\"https:\/\/proyectum.com\/pe\/una-caja-de-herramientas-para-que-las-personas-esten-primero-3-3\/\" \/>\n<meta property=\"og:site_name\" content=\"Proyectum Per\u00fa\" \/>\n<meta property=\"article:publisher\" content=\"https:\/\/www.facebook.com\/proyectum.pe\/\" \/>\n<meta property=\"article:published_time\" content=\"2020-07-06T10:37:55+00:00\" \/>\n<meta property=\"og:image\" content=\"https:\/\/proyectum.com\/pe\/wp-content\/uploads\/2020\/07\/Organizaciones-Disciplined-Agile.jpg\" \/>\n\t<meta property=\"og:image:width\" content=\"1700\" \/>\n\t<meta property=\"og:image:height\" content=\"1133\" \/>\n\t<meta property=\"og:image:type\" content=\"image\/jpeg\" \/>\n<meta name=\"author\" content=\"Proyectum 2024\" \/>\n<meta name=\"twitter:card\" content=\"summary_large_image\" \/>\n<meta name=\"twitter:label1\" content=\"Escrito por\" \/>\n\t<meta name=\"twitter:data1\" content=\"Proyectum 2024\" \/>\n\t<meta name=\"twitter:label2\" content=\"Tiempo de lectura\" \/>\n\t<meta name=\"twitter:data2\" content=\"3 minutos\" \/>\n<script type=\"application\/ld+json\" class=\"yoast-schema-graph\">{\"@context\":\"https:\/\/schema.org\",\"@graph\":[{\"@type\":\"Article\",\"@id\":\"https:\/\/proyectum.com\/pe\/una-caja-de-herramientas-para-que-las-personas-esten-primero-3-3\/#article\",\"isPartOf\":{\"@id\":\"https:\/\/proyectum.com\/pe\/una-caja-de-herramientas-para-que-las-personas-esten-primero-3-3\/\"},\"author\":{\"name\":\"Proyectum 2024\",\"@id\":\"https:\/\/proyectum.com\/pe\/#\/schema\/person\/784b10060c51822d857e3004ea132bb4\"},\"headline\":\"Una caja de herramientas para que las personas est\u00e9n primero 3\/3\",\"datePublished\":\"2020-07-06T10:37:55+00:00\",\"mainEntityOfPage\":{\"@id\":\"https:\/\/proyectum.com\/pe\/una-caja-de-herramientas-para-que-las-personas-esten-primero-3-3\/\"},\"wordCount\":562,\"publisher\":{\"@id\":\"https:\/\/proyectum.com\/pe\/#organization\"},\"image\":{\"@id\":\"https:\/\/proyectum.com\/pe\/una-caja-de-herramientas-para-que-las-personas-esten-primero-3-3\/#primaryimage\"},\"thumbnailUrl\":\"https:\/\/proyectum.com\/pe\/wp-content\/uploads\/2020\/07\/Organizaciones-Disciplined-Agile.jpg\",\"keywords\":[\"compartir el aprendizaje a lo largo de la organizaci\u00f3n\",\"Disciplined Agile Lean Scrum Master\",\"estructura organizacional potencial\",\"IT de Disciplined Agile\",\"los equipos son autoorganizados\",\"Marco de Disciplined Agile\",\"process blade\",\"sistemas adaptativos complejos\"],\"articleSection\":[\"\u00c1gil\",\"Disciplined Agile\"],\"inLanguage\":\"es\"},{\"@type\":\"WebPage\",\"@id\":\"https:\/\/proyectum.com\/pe\/una-caja-de-herramientas-para-que-las-personas-esten-primero-3-3\/\",\"url\":\"https:\/\/proyectum.com\/pe\/una-caja-de-herramientas-para-que-las-personas-esten-primero-3-3\/\",\"name\":\"Una caja de herramientas para que las personas est\u00e9n primero 3\/3 - Proyectum Per\u00fa\",\"isPartOf\":{\"@id\":\"https:\/\/proyectum.com\/pe\/#website\"},\"primaryImageOfPage\":{\"@id\":\"https:\/\/proyectum.com\/pe\/una-caja-de-herramientas-para-que-las-personas-esten-primero-3-3\/#primaryimage\"},\"image\":{\"@id\":\"https:\/\/proyectum.com\/pe\/una-caja-de-herramientas-para-que-las-personas-esten-primero-3-3\/#primaryimage\"},\"thumbnailUrl\":\"https:\/\/proyectum.com\/pe\/wp-content\/uploads\/2020\/07\/Organizaciones-Disciplined-Agile.jpg\",\"datePublished\":\"2020-07-06T10:37:55+00:00\",\"breadcrumb\":{\"@id\":\"https:\/\/proyectum.com\/pe\/una-caja-de-herramientas-para-que-las-personas-esten-primero-3-3\/#breadcrumb\"},\"inLanguage\":\"es\",\"potentialAction\":[{\"@type\":\"ReadAction\",\"target\":[\"https:\/\/proyectum.com\/pe\/una-caja-de-herramientas-para-que-las-personas-esten-primero-3-3\/\"]}]},{\"@type\":\"ImageObject\",\"inLanguage\":\"es\",\"@id\":\"https:\/\/proyectum.com\/pe\/una-caja-de-herramientas-para-que-las-personas-esten-primero-3-3\/#primaryimage\",\"url\":\"https:\/\/proyectum.com\/pe\/wp-content\/uploads\/2020\/07\/Organizaciones-Disciplined-Agile.jpg\",\"contentUrl\":\"https:\/\/proyectum.com\/pe\/wp-content\/uploads\/2020\/07\/Organizaciones-Disciplined-Agile.jpg\",\"width\":1700,\"height\":1133,\"caption\":\"Organizaciones Disciplined Agile\"},{\"@type\":\"BreadcrumbList\",\"@id\":\"https:\/\/proyectum.com\/pe\/una-caja-de-herramientas-para-que-las-personas-esten-primero-3-3\/#breadcrumb\",\"itemListElement\":[{\"@type\":\"ListItem\",\"position\":1,\"name\":\"Home\",\"item\":\"https:\/\/proyectum.com\/pe\/\"},{\"@type\":\"ListItem\",\"position\":2,\"name\":\"Una caja de herramientas para que las personas est\u00e9n primero 3\/3\"}]},{\"@type\":\"WebSite\",\"@id\":\"https:\/\/proyectum.com\/pe\/#website\",\"url\":\"https:\/\/proyectum.com\/pe\/\",\"name\":\"Proyectum Per\u00fa\",\"description\":\"Direcci\u00f3n de Proyectos y Metodolog\u00edas \u00c1giles\",\"publisher\":{\"@id\":\"https:\/\/proyectum.com\/pe\/#organization\"},\"potentialAction\":[{\"@type\":\"SearchAction\",\"target\":{\"@type\":\"EntryPoint\",\"urlTemplate\":\"https:\/\/proyectum.com\/pe\/?s={search_term_string}\"},\"query-input\":{\"@type\":\"PropertyValueSpecification\",\"valueRequired\":true,\"valueName\":\"search_term_string\"}}],\"inLanguage\":\"es\"},{\"@type\":\"Organization\",\"@id\":\"https:\/\/proyectum.com\/pe\/#organization\",\"name\":\"Proyectum Per\u00fa\",\"url\":\"https:\/\/proyectum.com\/pe\/\",\"logo\":{\"@type\":\"ImageObject\",\"inLanguage\":\"es\",\"@id\":\"https:\/\/proyectum.com\/pe\/#\/schema\/logo\/image\/\",\"url\":\"https:\/\/proyectum.com\/pe\/wp-content\/uploads\/2020\/04\/proyectum-logo-snippet.png\",\"contentUrl\":\"https:\/\/proyectum.com\/pe\/wp-content\/uploads\/2020\/04\/proyectum-logo-snippet.png\",\"width\":600,\"height\":315,\"caption\":\"Proyectum Per\u00fa\"},\"image\":{\"@id\":\"https:\/\/proyectum.com\/pe\/#\/schema\/logo\/image\/\"},\"sameAs\":[\"https:\/\/www.facebook.com\/proyectum.pe\/\",\"https:\/\/www.instagram.com\/proyectum.pe\/\",\"https:\/\/www.linkedin.com\/company\/proyectumperu\/\",\"https:\/\/www.youtube.com\/@proyectum2283\/videos\"]},{\"@type\":\"Person\",\"@id\":\"https:\/\/proyectum.com\/pe\/#\/schema\/person\/784b10060c51822d857e3004ea132bb4\",\"name\":\"Proyectum 2024\",\"image\":{\"@type\":\"ImageObject\",\"inLanguage\":\"es\",\"@id\":\"https:\/\/proyectum.com\/pe\/#\/schema\/person\/image\/\",\"url\":\"https:\/\/secure.gravatar.com\/avatar\/df82793fddd8f0a5a84fdb27d958bf73?s=96&d=mm&r=g\",\"contentUrl\":\"https:\/\/secure.gravatar.com\/avatar\/df82793fddd8f0a5a84fdb27d958bf73?s=96&d=mm&r=g\",\"caption\":\"Proyectum 2024\"}}]}<\/script>\n<!-- \/ Yoast SEO plugin. -->","yoast_head_json":{"title":"Una caja de herramientas para que las personas est\u00e9n primero 3\/3 - Proyectum Per\u00fa","robots":{"index":"index","follow":"follow","max-snippet":"max-snippet:-1","max-image-preview":"max-image-preview:large","max-video-preview":"max-video-preview:-1"},"canonical":"https:\/\/proyectum.com\/pe\/una-caja-de-herramientas-para-que-las-personas-esten-primero-3-3\/","og_locale":"es_ES","og_type":"article","og_title":"Una caja de herramientas para que las personas est\u00e9n primero 3\/3 - Proyectum Per\u00fa","og_description":"Organizaciones Las organizaciones son sistemas adaptativos complejos (CAS por sus siglas en ingl\u00e9s).\u00a0 Son complejos porque son una red de trabajo din\u00e1mica de equipos que interact\u00faan y en donde el todo es m\u00e1s que la suma de sus partes (por lo menos, esto es verdad en organizaciones efectivas).\u00a0 Son adaptativas porque los equipos son autoorganizados, [&hellip;]","og_url":"https:\/\/proyectum.com\/pe\/una-caja-de-herramientas-para-que-las-personas-esten-primero-3-3\/","og_site_name":"Proyectum Per\u00fa","article_publisher":"https:\/\/www.facebook.com\/proyectum.pe\/","article_published_time":"2020-07-06T10:37:55+00:00","og_image":[{"width":1700,"height":1133,"url":"https:\/\/proyectum.com\/pe\/wp-content\/uploads\/2020\/07\/Organizaciones-Disciplined-Agile.jpg","type":"image\/jpeg"}],"author":"Proyectum 2024","twitter_card":"summary_large_image","twitter_misc":{"Escrito por":"Proyectum 2024","Tiempo de lectura":"3 minutos"},"schema":{"@context":"https:\/\/schema.org","@graph":[{"@type":"Article","@id":"https:\/\/proyectum.com\/pe\/una-caja-de-herramientas-para-que-las-personas-esten-primero-3-3\/#article","isPartOf":{"@id":"https:\/\/proyectum.com\/pe\/una-caja-de-herramientas-para-que-las-personas-esten-primero-3-3\/"},"author":{"name":"Proyectum 2024","@id":"https:\/\/proyectum.com\/pe\/#\/schema\/person\/784b10060c51822d857e3004ea132bb4"},"headline":"Una caja de herramientas para que las personas est\u00e9n primero 3\/3","datePublished":"2020-07-06T10:37:55+00:00","mainEntityOfPage":{"@id":"https:\/\/proyectum.com\/pe\/una-caja-de-herramientas-para-que-las-personas-esten-primero-3-3\/"},"wordCount":562,"publisher":{"@id":"https:\/\/proyectum.com\/pe\/#organization"},"image":{"@id":"https:\/\/proyectum.com\/pe\/una-caja-de-herramientas-para-que-las-personas-esten-primero-3-3\/#primaryimage"},"thumbnailUrl":"https:\/\/proyectum.com\/pe\/wp-content\/uploads\/2020\/07\/Organizaciones-Disciplined-Agile.jpg","keywords":["compartir el aprendizaje a lo largo de la organizaci\u00f3n","Disciplined Agile Lean Scrum Master","estructura organizacional potencial","IT de Disciplined Agile","los equipos son autoorganizados","Marco de Disciplined Agile","process blade","sistemas adaptativos complejos"],"articleSection":["\u00c1gil","Disciplined Agile"],"inLanguage":"es"},{"@type":"WebPage","@id":"https:\/\/proyectum.com\/pe\/una-caja-de-herramientas-para-que-las-personas-esten-primero-3-3\/","url":"https:\/\/proyectum.com\/pe\/una-caja-de-herramientas-para-que-las-personas-esten-primero-3-3\/","name":"Una caja de herramientas para que las personas est\u00e9n primero 3\/3 - Proyectum Per\u00fa","isPartOf":{"@id":"https:\/\/proyectum.com\/pe\/#website"},"primaryImageOfPage":{"@id":"https:\/\/proyectum.com\/pe\/una-caja-de-herramientas-para-que-las-personas-esten-primero-3-3\/#primaryimage"},"image":{"@id":"https:\/\/proyectum.com\/pe\/una-caja-de-herramientas-para-que-las-personas-esten-primero-3-3\/#primaryimage"},"thumbnailUrl":"https:\/\/proyectum.com\/pe\/wp-content\/uploads\/2020\/07\/Organizaciones-Disciplined-Agile.jpg","datePublished":"2020-07-06T10:37:55+00:00","breadcrumb":{"@id":"https:\/\/proyectum.com\/pe\/una-caja-de-herramientas-para-que-las-personas-esten-primero-3-3\/#breadcrumb"},"inLanguage":"es","potentialAction":[{"@type":"ReadAction","target":["https:\/\/proyectum.com\/pe\/una-caja-de-herramientas-para-que-las-personas-esten-primero-3-3\/"]}]},{"@type":"ImageObject","inLanguage":"es","@id":"https:\/\/proyectum.com\/pe\/una-caja-de-herramientas-para-que-las-personas-esten-primero-3-3\/#primaryimage","url":"https:\/\/proyectum.com\/pe\/wp-content\/uploads\/2020\/07\/Organizaciones-Disciplined-Agile.jpg","contentUrl":"https:\/\/proyectum.com\/pe\/wp-content\/uploads\/2020\/07\/Organizaciones-Disciplined-Agile.jpg","width":1700,"height":1133,"caption":"Organizaciones Disciplined Agile"},{"@type":"BreadcrumbList","@id":"https:\/\/proyectum.com\/pe\/una-caja-de-herramientas-para-que-las-personas-esten-primero-3-3\/#breadcrumb","itemListElement":[{"@type":"ListItem","position":1,"name":"Home","item":"https:\/\/proyectum.com\/pe\/"},{"@type":"ListItem","position":2,"name":"Una caja de herramientas para que las personas est\u00e9n primero 3\/3"}]},{"@type":"WebSite","@id":"https:\/\/proyectum.com\/pe\/#website","url":"https:\/\/proyectum.com\/pe\/","name":"Proyectum Per\u00fa","description":"Direcci\u00f3n de Proyectos y Metodolog\u00edas \u00c1giles","publisher":{"@id":"https:\/\/proyectum.com\/pe\/#organization"},"potentialAction":[{"@type":"SearchAction","target":{"@type":"EntryPoint","urlTemplate":"https:\/\/proyectum.com\/pe\/?s={search_term_string}"},"query-input":{"@type":"PropertyValueSpecification","valueRequired":true,"valueName":"search_term_string"}}],"inLanguage":"es"},{"@type":"Organization","@id":"https:\/\/proyectum.com\/pe\/#organization","name":"Proyectum Per\u00fa","url":"https:\/\/proyectum.com\/pe\/","logo":{"@type":"ImageObject","inLanguage":"es","@id":"https:\/\/proyectum.com\/pe\/#\/schema\/logo\/image\/","url":"https:\/\/proyectum.com\/pe\/wp-content\/uploads\/2020\/04\/proyectum-logo-snippet.png","contentUrl":"https:\/\/proyectum.com\/pe\/wp-content\/uploads\/2020\/04\/proyectum-logo-snippet.png","width":600,"height":315,"caption":"Proyectum Per\u00fa"},"image":{"@id":"https:\/\/proyectum.com\/pe\/#\/schema\/logo\/image\/"},"sameAs":["https:\/\/www.facebook.com\/proyectum.pe\/","https:\/\/www.instagram.com\/proyectum.pe\/","https:\/\/www.linkedin.com\/company\/proyectumperu\/","https:\/\/www.youtube.com\/@proyectum2283\/videos"]},{"@type":"Person","@id":"https:\/\/proyectum.com\/pe\/#\/schema\/person\/784b10060c51822d857e3004ea132bb4","name":"Proyectum 2024","image":{"@type":"ImageObject","inLanguage":"es","@id":"https:\/\/proyectum.com\/pe\/#\/schema\/person\/image\/","url":"https:\/\/secure.gravatar.com\/avatar\/df82793fddd8f0a5a84fdb27d958bf73?s=96&d=mm&r=g","contentUrl":"https:\/\/secure.gravatar.com\/avatar\/df82793fddd8f0a5a84fdb27d958bf73?s=96&d=mm&r=g","caption":"Proyectum 2024"}}]}},"_links":{"self":[{"href":"https:\/\/proyectum.com\/pe\/wp-json\/wp\/v2\/posts\/8797","targetHints":{"allow":["GET"]}}],"collection":[{"href":"https:\/\/proyectum.com\/pe\/wp-json\/wp\/v2\/posts"}],"about":[{"href":"https:\/\/proyectum.com\/pe\/wp-json\/wp\/v2\/types\/post"}],"author":[{"embeddable":true,"href":"https:\/\/proyectum.com\/pe\/wp-json\/wp\/v2\/users\/26"}],"replies":[{"embeddable":true,"href":"https:\/\/proyectum.com\/pe\/wp-json\/wp\/v2\/comments?post=8797"}],"version-history":[{"count":0,"href":"https:\/\/proyectum.com\/pe\/wp-json\/wp\/v2\/posts\/8797\/revisions"}],"wp:featuredmedia":[{"embeddable":true,"href":"https:\/\/proyectum.com\/pe\/wp-json\/wp\/v2\/media\/8800"}],"wp:attachment":[{"href":"https:\/\/proyectum.com\/pe\/wp-json\/wp\/v2\/media?parent=8797"}],"wp:term":[{"taxonomy":"category","embeddable":true,"href":"https:\/\/proyectum.com\/pe\/wp-json\/wp\/v2\/categories?post=8797"},{"taxonomy":"post_tag","embeddable":true,"href":"https:\/\/proyectum.com\/pe\/wp-json\/wp\/v2\/tags?post=8797"}],"curies":[{"name":"wp","href":"https:\/\/api.w.org\/{rel}","templated":true}]}}