{"id":8988,"date":"2020-10-21T16:38:39","date_gmt":"2020-10-21T19:38:39","guid":{"rendered":"https:\/\/www.proyectum.com\/sistema\/?p=8988"},"modified":"2020-10-21T16:38:39","modified_gmt":"2020-10-21T19:38:39","slug":"los-equipos-dad-son-conscientes-de-la-empresa","status":"publish","type":"post","link":"https:\/\/proyectum.com\/pe\/los-equipos-dad-son-conscientes-de-la-empresa\/","title":{"rendered":"Los equipos DAD son Conscientes de la Empresa"},"content":{"rendered":"<p>Conciencia de la Empresa es uno de los <a href=\"https:\/\/www.proyectum.com\/sistema\/blog\/los-principios-detras-de-disciplined-agile\/\" target=\"_blank\" rel=\"noopener noreferrer\">principios<\/a> del <strong>ToolKit de Disciplined Agile (DA)<\/strong>.<\/p>\n<p>La observaci\u00f3n es que los equipos DAD trabajan dentro del ecosistema de tu organizaci\u00f3n, as\u00ed como lo hacen los otros equipos.\u00a0 Regularmente existen sistemas en producci\u00f3n y de cierta manera tu soluci\u00f3n no deber\u00eda impactarlos.\u00a0 Mejor a\u00fan, se esperar\u00eda que tu soluci\u00f3n aproveche la funcionalidad existente y los datos disponibles en producci\u00f3n.\u00a0 A menudo tendr\u00e1s otros equipos trabajando en paralelo con tu equipo, y querr\u00e1s tomar ventaja de la parte que ellos est\u00e1n haciendo, y viceversa.\u00a0 <strong>Tu organizaci\u00f3n puede estar trabajando hacia una visi\u00f3n de negocio o t\u00e9cnica<\/strong>, con la cual tu equipo debe contribuir.\u00a0 Existe una estrategia de gobernanza que con suerte mejorar\u00e1 lo que tu equipo est\u00e1 haciendo.<\/p>\n<p>La <strong>conciencia empresarial<\/strong> es un aspecto importante de la autodisciplina porque como profesional debes luchar para hacer lo que es correcto para tu organizaci\u00f3n y no solo lo que es interesante para ti.\u00a0 Los equipos que se desarrollan de manera aislada pueden escoger construir cosas desde cero, usar diferentes herramientas de desarrollo, o crear diferentes fuentes de datos, cuando dentro de la organizaci\u00f3n existe todo esto que ya ha sido instalado exitosamente, probado, configurado, y perfectamente afinado.<\/p>\n<h3>Los profesionales de Disciplined Agile<\/h3>\n<ul>\n<li>Trabajan de cerca con los profesionales de la organizaci\u00f3n tales como arquitectos del negocio y directores del portafolio.<\/li>\n<li>Adoptan y siguen la gu\u00eda de la empresa.<\/li>\n<li>Aprovecha los activos empresariales, incluyendo sistemas existentes y fuentes de datos.<\/li>\n<li>Mejoran su ecosistema organizacional a trav\u00e9s de aplicar \u201crefactoring\u201d a los activos empresariales.<\/li>\n<li>Adoptan una cultura <a href=\"https:\/\/www.proyectum.com\/sistema\/blog\/madurando-la-agilidad-con-devops\/\" target=\"_blank\" rel=\"noopener noreferrer\">DevOps<\/a>.<\/li>\n<li>Comparte aprendizajes con otros equipos.<\/li>\n<li>Adopta estrategias apropiadas de gobernanza, tales c\u00f3mo las descritas aqu\u00ed, incluyendo monitoreo abierto y honesto.<\/li>\n<\/ul>\n<h3>La consciencia empresarial es importante por varias razones<\/h3>\n<ul>\n<li><strong>Puedes reducir el tiempo total de entrega y costo al aprovechar los recursos existentes<\/strong>. En otras palabras, los equipos DAD pueden invertir <strong>menos tiempo re-inventando la rueda y m\u00e1s tiempo produciendo valor real<\/strong> para sus interesados.<\/li>\n<li>Al trabajar de cerca con los profesionales de la empresa, los equipos DAD pueden mantenerse en el camino correcto f\u00e1cilmente.<\/li>\n<li>Incrementa la posibilidad de que tu equipo de entrega ayude a optimizar toda la organizaci\u00f3n, y no solamente la \u201cparte a solucionar\u201d en la que debe trabajar. Tal como acertadamente muestra el movimiento de <strong>desarrollo de software Lean<\/strong>, aumenta la eficacia del equipo al reducir el tiempo de comercializaci\u00f3n.<\/li>\n<\/ul>\n<p>Para conocer m\u00e1s de\u00a0<a href=\"https:\/\/www.proyectum.com\/sistema\/cursos\/disciplined-agile-senior-scrum-master-dassm\/\" target=\"_blank\" rel=\"noopener noreferrer\">Disciplined Agile<\/a>\u00a0y c\u00f3mo puede ayudarte en tu organizaci\u00f3n y equipos de trabajo, te invito a que conozcas\u00a0<strong>Disciplined Agile Lean Scrum Master, la nueva certificaci\u00f3n del PMI\u00ae<\/strong>. M\u00e1s informaci\u00f3n haciendo\u00a0<a href=\"https:\/\/www.proyectum.com\/sistema\/cursos\/disciplined-agile-senior-scrum-master-dassm\/\" target=\"_blank\" rel=\"noopener noreferrer\">clic aqu\u00ed<\/a>.<\/p>\n<p>Autor: Disciplined Agile Consortium. \u00a92013-2020 Project Management Institute, Inc.<\/p>\n<p>Traducci\u00f3n: Adela Vega, SMC, SDC<\/p>\n<p>Adaptaci\u00f3n: Enrique Ledesma M.Sc., DALSM\/CDAI, PMP, STC, SPOC, SMC, SDC<\/p>\n<p>&nbsp;<\/p>\n<p>&nbsp;<\/p>\n","protected":false},"excerpt":{"rendered":"<p>Conciencia de la Empresa es uno de los principios del ToolKit de Disciplined Agile (DA). La observaci\u00f3n es que los equipos DAD trabajan dentro del ecosistema de tu organizaci\u00f3n, as\u00ed como lo hacen los otros equipos.\u00a0 Regularmente existen sistemas en producci\u00f3n y de cierta manera tu soluci\u00f3n no deber\u00eda impactarlos.\u00a0 Mejor a\u00fan, se esperar\u00eda que [&hellip;]<\/p>\n","protected":false},"author":26,"featured_media":8989,"comment_status":"closed","ping_status":"closed","sticky":false,"template":"","format":"standard","meta":{"_acf_changed":false,"footnotes":""},"categories":[329,811,370],"tags":[1137,1098,841,1023,336,835,1138],"class_list":["post-8988","post","type-post","status-publish","format-standard","has-post-thumbnail","hentry","category-agil","category-disciplined-agile","category-liderazgo","tag-caja-de-herramientas-disciplined-agile","tag-caja-de-herramientas-disciplined-agile-da","tag-conciencia-empresarial","tag-devops","tag-disciplined-agile","tag-principios-de-disciplined-agile","tag-toolkit-de-disciplined-agile-da"],"acf":[],"yoast_head":"<!-- This site is optimized with the Yoast SEO plugin v24.4 - https:\/\/yoast.com\/wordpress\/plugins\/seo\/ -->\n<title>Los equipos DAD son Conscientes de la Empresa - Proyectum Per\u00fa<\/title>\n<meta name=\"robots\" content=\"index, follow, max-snippet:-1, max-image-preview:large, max-video-preview:-1\" \/>\n<link rel=\"canonical\" href=\"https:\/\/proyectum.com\/pe\/los-equipos-dad-son-conscientes-de-la-empresa\/\" \/>\n<meta property=\"og:locale\" content=\"es_ES\" \/>\n<meta property=\"og:type\" content=\"article\" \/>\n<meta property=\"og:title\" content=\"Los equipos DAD son Conscientes de la Empresa - Proyectum Per\u00fa\" \/>\n<meta property=\"og:description\" content=\"Conciencia de la Empresa es uno de los principios del ToolKit de Disciplined Agile (DA). La observaci\u00f3n es que los equipos DAD trabajan dentro del ecosistema de tu organizaci\u00f3n, as\u00ed como lo hacen los otros equipos.\u00a0 Regularmente existen sistemas en producci\u00f3n y de cierta manera tu soluci\u00f3n no deber\u00eda impactarlos.\u00a0 Mejor a\u00fan, se esperar\u00eda que [&hellip;]\" \/>\n<meta property=\"og:url\" content=\"https:\/\/proyectum.com\/pe\/los-equipos-dad-son-conscientes-de-la-empresa\/\" \/>\n<meta property=\"og:site_name\" content=\"Proyectum Per\u00fa\" \/>\n<meta property=\"article:publisher\" content=\"https:\/\/www.facebook.com\/proyectum.pe\/\" \/>\n<meta property=\"article:published_time\" content=\"2020-10-21T19:38:39+00:00\" \/>\n<meta property=\"og:image\" content=\"https:\/\/proyectum.com\/pe\/wp-content\/uploads\/2020\/10\/Conciencia-Empresarial.jpg\" \/>\n\t<meta property=\"og:image:width\" content=\"1700\" \/>\n\t<meta property=\"og:image:height\" content=\"1275\" \/>\n\t<meta property=\"og:image:type\" content=\"image\/jpeg\" \/>\n<meta name=\"author\" content=\"Proyectum 2024\" \/>\n<meta name=\"twitter:card\" content=\"summary_large_image\" \/>\n<meta name=\"twitter:label1\" content=\"Escrito por\" \/>\n\t<meta name=\"twitter:data1\" content=\"Proyectum 2024\" \/>\n\t<meta name=\"twitter:label2\" content=\"Tiempo de lectura\" \/>\n\t<meta name=\"twitter:data2\" content=\"2 minutos\" \/>\n<script type=\"application\/ld+json\" class=\"yoast-schema-graph\">{\"@context\":\"https:\/\/schema.org\",\"@graph\":[{\"@type\":\"Article\",\"@id\":\"https:\/\/proyectum.com\/pe\/los-equipos-dad-son-conscientes-de-la-empresa\/#article\",\"isPartOf\":{\"@id\":\"https:\/\/proyectum.com\/pe\/los-equipos-dad-son-conscientes-de-la-empresa\/\"},\"author\":{\"name\":\"Proyectum 2024\",\"@id\":\"https:\/\/proyectum.com\/pe\/#\/schema\/person\/784b10060c51822d857e3004ea132bb4\"},\"headline\":\"Los equipos DAD son Conscientes de la Empresa\",\"datePublished\":\"2020-10-21T19:38:39+00:00\",\"mainEntityOfPage\":{\"@id\":\"https:\/\/proyectum.com\/pe\/los-equipos-dad-son-conscientes-de-la-empresa\/\"},\"wordCount\":500,\"publisher\":{\"@id\":\"https:\/\/proyectum.com\/pe\/#organization\"},\"image\":{\"@id\":\"https:\/\/proyectum.com\/pe\/los-equipos-dad-son-conscientes-de-la-empresa\/#primaryimage\"},\"thumbnailUrl\":\"https:\/\/proyectum.com\/pe\/wp-content\/uploads\/2020\/10\/Conciencia-Empresarial.jpg\",\"keywords\":[\"caja de herramientas disciplined agile\",\"caja de herramientas Disciplined Agile (DA)\",\"conciencia empresarial\",\"DevOps\",\"Disciplined Agile\",\"principios de Disciplined Agile\",\"ToolKit de Disciplined Agile (DA)\"],\"articleSection\":[\"\u00c1gil\",\"Disciplined Agile\",\"Liderazgo\"],\"inLanguage\":\"es\"},{\"@type\":\"WebPage\",\"@id\":\"https:\/\/proyectum.com\/pe\/los-equipos-dad-son-conscientes-de-la-empresa\/\",\"url\":\"https:\/\/proyectum.com\/pe\/los-equipos-dad-son-conscientes-de-la-empresa\/\",\"name\":\"Los equipos DAD son Conscientes de la Empresa - Proyectum Per\u00fa\",\"isPartOf\":{\"@id\":\"https:\/\/proyectum.com\/pe\/#website\"},\"primaryImageOfPage\":{\"@id\":\"https:\/\/proyectum.com\/pe\/los-equipos-dad-son-conscientes-de-la-empresa\/#primaryimage\"},\"image\":{\"@id\":\"https:\/\/proyectum.com\/pe\/los-equipos-dad-son-conscientes-de-la-empresa\/#primaryimage\"},\"thumbnailUrl\":\"https:\/\/proyectum.com\/pe\/wp-content\/uploads\/2020\/10\/Conciencia-Empresarial.jpg\",\"datePublished\":\"2020-10-21T19:38:39+00:00\",\"breadcrumb\":{\"@id\":\"https:\/\/proyectum.com\/pe\/los-equipos-dad-son-conscientes-de-la-empresa\/#breadcrumb\"},\"inLanguage\":\"es\",\"potentialAction\":[{\"@type\":\"ReadAction\",\"target\":[\"https:\/\/proyectum.com\/pe\/los-equipos-dad-son-conscientes-de-la-empresa\/\"]}]},{\"@type\":\"ImageObject\",\"inLanguage\":\"es\",\"@id\":\"https:\/\/proyectum.com\/pe\/los-equipos-dad-son-conscientes-de-la-empresa\/#primaryimage\",\"url\":\"https:\/\/proyectum.com\/pe\/wp-content\/uploads\/2020\/10\/Conciencia-Empresarial.jpg\",\"contentUrl\":\"https:\/\/proyectum.com\/pe\/wp-content\/uploads\/2020\/10\/Conciencia-Empresarial.jpg\",\"width\":1700,\"height\":1275,\"caption\":\"Conciencia Empresarial\"},{\"@type\":\"BreadcrumbList\",\"@id\":\"https:\/\/proyectum.com\/pe\/los-equipos-dad-son-conscientes-de-la-empresa\/#breadcrumb\",\"itemListElement\":[{\"@type\":\"ListItem\",\"position\":1,\"name\":\"Home\",\"item\":\"https:\/\/proyectum.com\/pe\/\"},{\"@type\":\"ListItem\",\"position\":2,\"name\":\"Los equipos DAD son Conscientes de la Empresa\"}]},{\"@type\":\"WebSite\",\"@id\":\"https:\/\/proyectum.com\/pe\/#website\",\"url\":\"https:\/\/proyectum.com\/pe\/\",\"name\":\"Proyectum Per\u00fa\",\"description\":\"Direcci\u00f3n de Proyectos y Metodolog\u00edas \u00c1giles\",\"publisher\":{\"@id\":\"https:\/\/proyectum.com\/pe\/#organization\"},\"potentialAction\":[{\"@type\":\"SearchAction\",\"target\":{\"@type\":\"EntryPoint\",\"urlTemplate\":\"https:\/\/proyectum.com\/pe\/?s={search_term_string}\"},\"query-input\":{\"@type\":\"PropertyValueSpecification\",\"valueRequired\":true,\"valueName\":\"search_term_string\"}}],\"inLanguage\":\"es\"},{\"@type\":\"Organization\",\"@id\":\"https:\/\/proyectum.com\/pe\/#organization\",\"name\":\"Proyectum Per\u00fa\",\"url\":\"https:\/\/proyectum.com\/pe\/\",\"logo\":{\"@type\":\"ImageObject\",\"inLanguage\":\"es\",\"@id\":\"https:\/\/proyectum.com\/pe\/#\/schema\/logo\/image\/\",\"url\":\"https:\/\/proyectum.com\/pe\/wp-content\/uploads\/2020\/04\/proyectum-logo-snippet.png\",\"contentUrl\":\"https:\/\/proyectum.com\/pe\/wp-content\/uploads\/2020\/04\/proyectum-logo-snippet.png\",\"width\":600,\"height\":315,\"caption\":\"Proyectum Per\u00fa\"},\"image\":{\"@id\":\"https:\/\/proyectum.com\/pe\/#\/schema\/logo\/image\/\"},\"sameAs\":[\"https:\/\/www.facebook.com\/proyectum.pe\/\",\"https:\/\/www.instagram.com\/proyectum.pe\/\",\"https:\/\/www.linkedin.com\/company\/proyectumperu\/\",\"https:\/\/www.youtube.com\/@proyectum2283\/videos\"]},{\"@type\":\"Person\",\"@id\":\"https:\/\/proyectum.com\/pe\/#\/schema\/person\/784b10060c51822d857e3004ea132bb4\",\"name\":\"Proyectum 2024\",\"image\":{\"@type\":\"ImageObject\",\"inLanguage\":\"es\",\"@id\":\"https:\/\/proyectum.com\/pe\/#\/schema\/person\/image\/\",\"url\":\"https:\/\/secure.gravatar.com\/avatar\/df82793fddd8f0a5a84fdb27d958bf73?s=96&d=mm&r=g\",\"contentUrl\":\"https:\/\/secure.gravatar.com\/avatar\/df82793fddd8f0a5a84fdb27d958bf73?s=96&d=mm&r=g\",\"caption\":\"Proyectum 2024\"}}]}<\/script>\n<!-- \/ Yoast SEO plugin. -->","yoast_head_json":{"title":"Los equipos DAD son Conscientes de la Empresa - Proyectum Per\u00fa","robots":{"index":"index","follow":"follow","max-snippet":"max-snippet:-1","max-image-preview":"max-image-preview:large","max-video-preview":"max-video-preview:-1"},"canonical":"https:\/\/proyectum.com\/pe\/los-equipos-dad-son-conscientes-de-la-empresa\/","og_locale":"es_ES","og_type":"article","og_title":"Los equipos DAD son Conscientes de la Empresa - Proyectum Per\u00fa","og_description":"Conciencia de la Empresa es uno de los principios del ToolKit de Disciplined Agile (DA). La observaci\u00f3n es que los equipos DAD trabajan dentro del ecosistema de tu organizaci\u00f3n, as\u00ed como lo hacen los otros equipos.\u00a0 Regularmente existen sistemas en producci\u00f3n y de cierta manera tu soluci\u00f3n no deber\u00eda impactarlos.\u00a0 Mejor a\u00fan, se esperar\u00eda que [&hellip;]","og_url":"https:\/\/proyectum.com\/pe\/los-equipos-dad-son-conscientes-de-la-empresa\/","og_site_name":"Proyectum Per\u00fa","article_publisher":"https:\/\/www.facebook.com\/proyectum.pe\/","article_published_time":"2020-10-21T19:38:39+00:00","og_image":[{"width":1700,"height":1275,"url":"https:\/\/proyectum.com\/pe\/wp-content\/uploads\/2020\/10\/Conciencia-Empresarial.jpg","type":"image\/jpeg"}],"author":"Proyectum 2024","twitter_card":"summary_large_image","twitter_misc":{"Escrito por":"Proyectum 2024","Tiempo de lectura":"2 minutos"},"schema":{"@context":"https:\/\/schema.org","@graph":[{"@type":"Article","@id":"https:\/\/proyectum.com\/pe\/los-equipos-dad-son-conscientes-de-la-empresa\/#article","isPartOf":{"@id":"https:\/\/proyectum.com\/pe\/los-equipos-dad-son-conscientes-de-la-empresa\/"},"author":{"name":"Proyectum 2024","@id":"https:\/\/proyectum.com\/pe\/#\/schema\/person\/784b10060c51822d857e3004ea132bb4"},"headline":"Los equipos DAD son Conscientes de la Empresa","datePublished":"2020-10-21T19:38:39+00:00","mainEntityOfPage":{"@id":"https:\/\/proyectum.com\/pe\/los-equipos-dad-son-conscientes-de-la-empresa\/"},"wordCount":500,"publisher":{"@id":"https:\/\/proyectum.com\/pe\/#organization"},"image":{"@id":"https:\/\/proyectum.com\/pe\/los-equipos-dad-son-conscientes-de-la-empresa\/#primaryimage"},"thumbnailUrl":"https:\/\/proyectum.com\/pe\/wp-content\/uploads\/2020\/10\/Conciencia-Empresarial.jpg","keywords":["caja de herramientas disciplined agile","caja de herramientas Disciplined Agile (DA)","conciencia empresarial","DevOps","Disciplined Agile","principios de Disciplined Agile","ToolKit de Disciplined Agile (DA)"],"articleSection":["\u00c1gil","Disciplined Agile","Liderazgo"],"inLanguage":"es"},{"@type":"WebPage","@id":"https:\/\/proyectum.com\/pe\/los-equipos-dad-son-conscientes-de-la-empresa\/","url":"https:\/\/proyectum.com\/pe\/los-equipos-dad-son-conscientes-de-la-empresa\/","name":"Los equipos DAD son Conscientes de la Empresa - Proyectum Per\u00fa","isPartOf":{"@id":"https:\/\/proyectum.com\/pe\/#website"},"primaryImageOfPage":{"@id":"https:\/\/proyectum.com\/pe\/los-equipos-dad-son-conscientes-de-la-empresa\/#primaryimage"},"image":{"@id":"https:\/\/proyectum.com\/pe\/los-equipos-dad-son-conscientes-de-la-empresa\/#primaryimage"},"thumbnailUrl":"https:\/\/proyectum.com\/pe\/wp-content\/uploads\/2020\/10\/Conciencia-Empresarial.jpg","datePublished":"2020-10-21T19:38:39+00:00","breadcrumb":{"@id":"https:\/\/proyectum.com\/pe\/los-equipos-dad-son-conscientes-de-la-empresa\/#breadcrumb"},"inLanguage":"es","potentialAction":[{"@type":"ReadAction","target":["https:\/\/proyectum.com\/pe\/los-equipos-dad-son-conscientes-de-la-empresa\/"]}]},{"@type":"ImageObject","inLanguage":"es","@id":"https:\/\/proyectum.com\/pe\/los-equipos-dad-son-conscientes-de-la-empresa\/#primaryimage","url":"https:\/\/proyectum.com\/pe\/wp-content\/uploads\/2020\/10\/Conciencia-Empresarial.jpg","contentUrl":"https:\/\/proyectum.com\/pe\/wp-content\/uploads\/2020\/10\/Conciencia-Empresarial.jpg","width":1700,"height":1275,"caption":"Conciencia Empresarial"},{"@type":"BreadcrumbList","@id":"https:\/\/proyectum.com\/pe\/los-equipos-dad-son-conscientes-de-la-empresa\/#breadcrumb","itemListElement":[{"@type":"ListItem","position":1,"name":"Home","item":"https:\/\/proyectum.com\/pe\/"},{"@type":"ListItem","position":2,"name":"Los equipos DAD son Conscientes de la Empresa"}]},{"@type":"WebSite","@id":"https:\/\/proyectum.com\/pe\/#website","url":"https:\/\/proyectum.com\/pe\/","name":"Proyectum Per\u00fa","description":"Direcci\u00f3n de Proyectos y Metodolog\u00edas \u00c1giles","publisher":{"@id":"https:\/\/proyectum.com\/pe\/#organization"},"potentialAction":[{"@type":"SearchAction","target":{"@type":"EntryPoint","urlTemplate":"https:\/\/proyectum.com\/pe\/?s={search_term_string}"},"query-input":{"@type":"PropertyValueSpecification","valueRequired":true,"valueName":"search_term_string"}}],"inLanguage":"es"},{"@type":"Organization","@id":"https:\/\/proyectum.com\/pe\/#organization","name":"Proyectum Per\u00fa","url":"https:\/\/proyectum.com\/pe\/","logo":{"@type":"ImageObject","inLanguage":"es","@id":"https:\/\/proyectum.com\/pe\/#\/schema\/logo\/image\/","url":"https:\/\/proyectum.com\/pe\/wp-content\/uploads\/2020\/04\/proyectum-logo-snippet.png","contentUrl":"https:\/\/proyectum.com\/pe\/wp-content\/uploads\/2020\/04\/proyectum-logo-snippet.png","width":600,"height":315,"caption":"Proyectum Per\u00fa"},"image":{"@id":"https:\/\/proyectum.com\/pe\/#\/schema\/logo\/image\/"},"sameAs":["https:\/\/www.facebook.com\/proyectum.pe\/","https:\/\/www.instagram.com\/proyectum.pe\/","https:\/\/www.linkedin.com\/company\/proyectumperu\/","https:\/\/www.youtube.com\/@proyectum2283\/videos"]},{"@type":"Person","@id":"https:\/\/proyectum.com\/pe\/#\/schema\/person\/784b10060c51822d857e3004ea132bb4","name":"Proyectum 2024","image":{"@type":"ImageObject","inLanguage":"es","@id":"https:\/\/proyectum.com\/pe\/#\/schema\/person\/image\/","url":"https:\/\/secure.gravatar.com\/avatar\/df82793fddd8f0a5a84fdb27d958bf73?s=96&d=mm&r=g","contentUrl":"https:\/\/secure.gravatar.com\/avatar\/df82793fddd8f0a5a84fdb27d958bf73?s=96&d=mm&r=g","caption":"Proyectum 2024"}}]}},"_links":{"self":[{"href":"https:\/\/proyectum.com\/pe\/wp-json\/wp\/v2\/posts\/8988","targetHints":{"allow":["GET"]}}],"collection":[{"href":"https:\/\/proyectum.com\/pe\/wp-json\/wp\/v2\/posts"}],"about":[{"href":"https:\/\/proyectum.com\/pe\/wp-json\/wp\/v2\/types\/post"}],"author":[{"embeddable":true,"href":"https:\/\/proyectum.com\/pe\/wp-json\/wp\/v2\/users\/26"}],"replies":[{"embeddable":true,"href":"https:\/\/proyectum.com\/pe\/wp-json\/wp\/v2\/comments?post=8988"}],"version-history":[{"count":0,"href":"https:\/\/proyectum.com\/pe\/wp-json\/wp\/v2\/posts\/8988\/revisions"}],"wp:featuredmedia":[{"embeddable":true,"href":"https:\/\/proyectum.com\/pe\/wp-json\/wp\/v2\/media\/8989"}],"wp:attachment":[{"href":"https:\/\/proyectum.com\/pe\/wp-json\/wp\/v2\/media?parent=8988"}],"wp:term":[{"taxonomy":"category","embeddable":true,"href":"https:\/\/proyectum.com\/pe\/wp-json\/wp\/v2\/categories?post=8988"},{"taxonomy":"post_tag","embeddable":true,"href":"https:\/\/proyectum.com\/pe\/wp-json\/wp\/v2\/tags?post=8988"}],"curies":[{"name":"wp","href":"https:\/\/api.w.org\/{rel}","templated":true}]}}