{"id":9128,"date":"2020-12-14T13:42:43","date_gmt":"2020-12-14T16:42:43","guid":{"rendered":"https:\/\/www.proyectum.com\/sistema\/?p=9128"},"modified":"2020-12-14T13:42:43","modified_gmt":"2020-12-14T16:42:43","slug":"como-cambia-la-gente-de-opinion","status":"publish","type":"post","link":"https:\/\/proyectum.com\/pe\/como-cambia-la-gente-de-opinion\/","title":{"rendered":"\u00bfC\u00f3mo cambia la gente de opini\u00f3n?"},"content":{"rendered":"<p style=\"text-align: right;\">By Leandro Herrero, PhD<\/p>\n<p style=\"text-align: right;\">Traducido y adaptado por Jorge Vald\u00e9s Garciatorres<\/p>\n<p><strong>\u00bfC\u00f3mo cambia la gente de opini\u00f3n?<\/strong> \u00bfC\u00f3mo podemos influir en la gente para que cambie de opini\u00f3n? Bueno, cualquiera de nosotros aportar\u00e1 ideas como la persuasi\u00f3n, la manipulaci\u00f3n, el convencimiento racional, el atractivo emocional, y casi cualquier otro mecanismo descrito en la <strong>teor\u00eda de la influencia<\/strong>. En ausencia de una bala de plata, es leg\u00edtimo intentar cualquier cosa. Ah\u00ed est\u00e1s, tu mismo y tu \u00e9tica. Para algunas personas no hay l\u00edmites; otras, est\u00e1n en el otro extremo y pueden ser demasiado t\u00edmidas para empujar, incluso para una buena causa. La econom\u00eda del comportamiento te \u00abdar\u00e1 un codazo\u00bb para cambiar tu comportamiento.\u00a0 Y as\u00ed sucesivamente.<\/p>\n<p>Me sorprendieron los datos de hace una d\u00e9cada del movimiento pro-vida en los EE.UU., que encontraron que hasta el 47% de los activistas en \u00a0primera l\u00ednea del movimiento pro-vida, hab\u00edan sido antes pro-elecci\u00f3n o indiferentes a las cuestiones del aborto cuando se unieron.<\/p>\n<p>Seg\u00fan el autor Ziad W. Munson, <strong>sus experiencias en la comunidad y el trabajo diario con otros activistas, transformaron sus puntos de vista<\/strong>. Curiosamente, no fue s\u00f3lo una transformaci\u00f3n \u00abdel punto de vista\u00bb, sino que incluy\u00f3 un fuerte sentido del deber y el activismo. En otras palabras, se volvieron \u00abm\u00e1s papistas que el Papa\u201d.<\/p>\n<p>Algunos economistas del comportamiento, como el prol\u00edfico <a href=\"https:\/\/en.wikipedia.org\/wiki\/Cass_Sunstein\" target=\"_blank\" rel=\"noopener noreferrer\">Cass Sunstein<\/a>, han argumentado que la gente que est\u00e1 polarizada, cuando discute en una situaci\u00f3n de grupo termina estando a\u00fan m\u00e1s polarizada. Esos estudios sociales experimentales no se sintonizan demasiado bien con la realidad, un hecho muy com\u00fan en las ciencias sociales, por desgracia. La realidad es que la gente puede cambiar de opini\u00f3n incluso si est\u00e1n polarizados hacia un lado del argumento. El estudio pro-vida que mencion\u00e9 anteriormente es un buen recordatorio de nuestra <strong>flexibilidad humana<\/strong> (o el poder de los <a href=\"https:\/\/amzn.to\/32g14H7\" target=\"_blank\" rel=\"noopener noreferrer\">homo imitants<\/a> como he descrito en mi libro).<\/p>\n<p>Tal vez la vieja sabidur\u00eda com\u00fan sigue siendo buena: v\u00e9lo tu mismo, experim\u00e9ntalo tu mismo, no me escuches, ve lo que hago, no lo que digo, ve al campo, lev\u00e1ntate de tu escritorio y experimenta las realidades de las calles, del campo, de los lugares de trabajo, de los barrios, de las tiendas, de los mercados, de las oficinas, etc., en todos los lugares donde vives cada d\u00eda, \u00ablo real\u00bb.<\/p>\n<p>Hay gente que cambiar\u00e1 de opini\u00f3n leyendo un libro sobre el tema, o escuchando a una persona carism\u00e1tica. Pero <strong>si quieres alg\u00fan tipo de cambio cultural<\/strong>, que es un cambio a escala, no tendr\u00e1s gente (a escala) que cambie de opini\u00f3n leyendo muchos libros.<\/p>\n<p><a href=\"https:\/\/en.wikipedia.org\/wiki\/John_le_Carr%C3%A9\" target=\"_blank\" rel=\"noopener noreferrer\">John le Carr\u00e9<\/a> dijo que \u00ab<em>un escritorio es un lugar peligroso desde donde ver el mundo<\/em>\u00ab. Probablemente podr\u00edamos decir que un escritorio es un lugar peligroso desde el que esperar que la gente cambie de opini\u00f3n o algo as\u00ed.<\/p>\n<p><strong>Si quieres cambiar la mente de la gente, dales \u00abexperiencia\u00bb y \u00ablugar\u00bb<\/strong>, no s\u00f3lo un argumento convincente y l\u00f3gica. Si quieres continuidad, y escala, eso es.<\/p>\n<p>La liga al art\u00edculo original la puedes encontrar en la siguiente <a href=\"https:\/\/leandroherrero.com\/how-do-people-change-their-mind\/\" target=\"_blank\" rel=\"noopener noreferrer\">liga.<\/a><\/p>\n<p>Este art\u00edculo fue traducido con autorizaci\u00f3n de The Chalfont Project y es parte de la <a href=\"https:\/\/www.proyectum.com\/sistema\/blog\/categoria\/transformacion-y-cambio\/\" target=\"_blank\" rel=\"noopener noreferrer\">categor\u00eda<\/a> reflexiones sobre cambio y transformaci\u00f3n.<\/p>\n<p>__________________________<\/p>\n<p>\u00a9 The Chalfont Project Limited 2020. All rights reserved<\/p>\n<p>All articles supplied by [The Chalfont Project Limited] whether by access to digital resources or directly to any individual or company (collectively \u201cthe Content\u201d) are copyright The Chalfont Project Limited. Copying, reproducing, distributing, modifying, or transmitting the Content or any part of the Content is prohibited. Other than as expressly granted to any person or organization, no rights over the Content are granted or implied. \u201cViral Change\u2122\u201d is a registered trademark of The Chalfont Project Limited\u00a0(TCP<strong>).<\/strong> The Chalfont Project has granted permission for Proyectum to publish material in Spanish on their company Blog. Material must be represented in its original form and clearly marked\u00a0as copyrighted material. No other licenses or permission for use or publication is allowed or implied\u00a0by this agreement.<\/p>\n","protected":false},"excerpt":{"rendered":"<p>By Leandro Herrero, PhD Traducido y adaptado por Jorge Vald\u00e9s Garciatorres \u00bfC\u00f3mo cambia la gente de opini\u00f3n? \u00bfC\u00f3mo podemos influir en la gente para que cambie de opini\u00f3n? Bueno, cualquiera de nosotros aportar\u00e1 ideas como la persuasi\u00f3n, la manipulaci\u00f3n, el convencimiento racional, el atractivo emocional, y casi cualquier otro mecanismo descrito en la teor\u00eda de [&hellip;]<\/p>\n","protected":false},"author":26,"featured_media":9130,"comment_status":"closed","ping_status":"closed","sticky":false,"template":"","format":"standard","meta":{"_acf_changed":false,"footnotes":""},"categories":[572],"tags":[583,584,585,586,587],"class_list":["post-9128","post","type-post","status-publish","format-standard","has-post-thumbnail","hentry","category-transformacion-y-cambio","tag-como-cambia-la-gente-de-opinion","tag-cambio-cultural","tag-flexibilidad-humana","tag-si-quieres-algun-tipo-de-cambio-cultural","tag-teoria-de-la-influencia"],"acf":[],"yoast_head":"<!-- This site is optimized with the Yoast SEO plugin v24.4 - https:\/\/yoast.com\/wordpress\/plugins\/seo\/ -->\n<title>\u00bfC\u00f3mo cambia la gente de opini\u00f3n? - Proyectum Per\u00fa<\/title>\n<meta name=\"robots\" content=\"index, follow, max-snippet:-1, max-image-preview:large, max-video-preview:-1\" \/>\n<link rel=\"canonical\" href=\"https:\/\/proyectum.com\/pe\/como-cambia-la-gente-de-opinion\/\" \/>\n<meta property=\"og:locale\" content=\"es_ES\" \/>\n<meta property=\"og:type\" content=\"article\" \/>\n<meta property=\"og:title\" content=\"\u00bfC\u00f3mo cambia la gente de opini\u00f3n? - Proyectum Per\u00fa\" \/>\n<meta property=\"og:description\" content=\"By Leandro Herrero, PhD Traducido y adaptado por Jorge Vald\u00e9s Garciatorres \u00bfC\u00f3mo cambia la gente de opini\u00f3n? \u00bfC\u00f3mo podemos influir en la gente para que cambie de opini\u00f3n? Bueno, cualquiera de nosotros aportar\u00e1 ideas como la persuasi\u00f3n, la manipulaci\u00f3n, el convencimiento racional, el atractivo emocional, y casi cualquier otro mecanismo descrito en la teor\u00eda de [&hellip;]\" \/>\n<meta property=\"og:url\" content=\"https:\/\/proyectum.com\/pe\/como-cambia-la-gente-de-opinion\/\" \/>\n<meta property=\"og:site_name\" content=\"Proyectum Per\u00fa\" \/>\n<meta property=\"article:publisher\" content=\"https:\/\/www.facebook.com\/proyectum.pe\/\" \/>\n<meta property=\"article:published_time\" content=\"2020-12-14T16:42:43+00:00\" \/>\n<meta property=\"og:image\" content=\"https:\/\/proyectum.com\/pe\/wp-content\/uploads\/2020\/12\/Cambio-de-Opinion.jpg\" \/>\n\t<meta property=\"og:image:width\" content=\"1700\" \/>\n\t<meta property=\"og:image:height\" content=\"1133\" \/>\n\t<meta property=\"og:image:type\" content=\"image\/jpeg\" \/>\n<meta name=\"author\" content=\"Proyectum 2024\" \/>\n<meta name=\"twitter:card\" content=\"summary_large_image\" \/>\n<meta name=\"twitter:label1\" content=\"Escrito por\" \/>\n\t<meta name=\"twitter:data1\" content=\"Proyectum 2024\" \/>\n\t<meta name=\"twitter:label2\" content=\"Tiempo de lectura\" \/>\n\t<meta name=\"twitter:data2\" content=\"4 minutos\" \/>\n<script type=\"application\/ld+json\" class=\"yoast-schema-graph\">{\"@context\":\"https:\/\/schema.org\",\"@graph\":[{\"@type\":\"Article\",\"@id\":\"https:\/\/proyectum.com\/pe\/como-cambia-la-gente-de-opinion\/#article\",\"isPartOf\":{\"@id\":\"https:\/\/proyectum.com\/pe\/como-cambia-la-gente-de-opinion\/\"},\"author\":{\"name\":\"Proyectum 2024\",\"@id\":\"https:\/\/proyectum.com\/pe\/#\/schema\/person\/784b10060c51822d857e3004ea132bb4\"},\"headline\":\"\u00bfC\u00f3mo cambia la gente de opini\u00f3n?\",\"datePublished\":\"2020-12-14T16:42:43+00:00\",\"mainEntityOfPage\":{\"@id\":\"https:\/\/proyectum.com\/pe\/como-cambia-la-gente-de-opinion\/\"},\"wordCount\":709,\"publisher\":{\"@id\":\"https:\/\/proyectum.com\/pe\/#organization\"},\"image\":{\"@id\":\"https:\/\/proyectum.com\/pe\/como-cambia-la-gente-de-opinion\/#primaryimage\"},\"thumbnailUrl\":\"https:\/\/proyectum.com\/pe\/wp-content\/uploads\/2020\/12\/Cambio-de-Opinion.jpg\",\"keywords\":[\"\u00bfC\u00f3mo cambia la gente de opini\u00f3n?\",\"cambio cultural\",\"flexibilidad humana\",\"si quieres alg\u00fan tipo de cambio cultural\",\"teor\u00eda de la influencia\"],\"articleSection\":[\"Transformaci\u00f3n y cambio\"],\"inLanguage\":\"es\"},{\"@type\":\"WebPage\",\"@id\":\"https:\/\/proyectum.com\/pe\/como-cambia-la-gente-de-opinion\/\",\"url\":\"https:\/\/proyectum.com\/pe\/como-cambia-la-gente-de-opinion\/\",\"name\":\"\u00bfC\u00f3mo cambia la gente de opini\u00f3n? - Proyectum Per\u00fa\",\"isPartOf\":{\"@id\":\"https:\/\/proyectum.com\/pe\/#website\"},\"primaryImageOfPage\":{\"@id\":\"https:\/\/proyectum.com\/pe\/como-cambia-la-gente-de-opinion\/#primaryimage\"},\"image\":{\"@id\":\"https:\/\/proyectum.com\/pe\/como-cambia-la-gente-de-opinion\/#primaryimage\"},\"thumbnailUrl\":\"https:\/\/proyectum.com\/pe\/wp-content\/uploads\/2020\/12\/Cambio-de-Opinion.jpg\",\"datePublished\":\"2020-12-14T16:42:43+00:00\",\"breadcrumb\":{\"@id\":\"https:\/\/proyectum.com\/pe\/como-cambia-la-gente-de-opinion\/#breadcrumb\"},\"inLanguage\":\"es\",\"potentialAction\":[{\"@type\":\"ReadAction\",\"target\":[\"https:\/\/proyectum.com\/pe\/como-cambia-la-gente-de-opinion\/\"]}]},{\"@type\":\"ImageObject\",\"inLanguage\":\"es\",\"@id\":\"https:\/\/proyectum.com\/pe\/como-cambia-la-gente-de-opinion\/#primaryimage\",\"url\":\"https:\/\/proyectum.com\/pe\/wp-content\/uploads\/2020\/12\/Cambio-de-Opinion.jpg\",\"contentUrl\":\"https:\/\/proyectum.com\/pe\/wp-content\/uploads\/2020\/12\/Cambio-de-Opinion.jpg\",\"width\":1700,\"height\":1133,\"caption\":\"Cambio de Opinio\u0301n\"},{\"@type\":\"BreadcrumbList\",\"@id\":\"https:\/\/proyectum.com\/pe\/como-cambia-la-gente-de-opinion\/#breadcrumb\",\"itemListElement\":[{\"@type\":\"ListItem\",\"position\":1,\"name\":\"Home\",\"item\":\"https:\/\/proyectum.com\/pe\/\"},{\"@type\":\"ListItem\",\"position\":2,\"name\":\"\u00bfC\u00f3mo cambia la gente de opini\u00f3n?\"}]},{\"@type\":\"WebSite\",\"@id\":\"https:\/\/proyectum.com\/pe\/#website\",\"url\":\"https:\/\/proyectum.com\/pe\/\",\"name\":\"Proyectum Per\u00fa\",\"description\":\"Direcci\u00f3n de Proyectos y Metodolog\u00edas \u00c1giles\",\"publisher\":{\"@id\":\"https:\/\/proyectum.com\/pe\/#organization\"},\"potentialAction\":[{\"@type\":\"SearchAction\",\"target\":{\"@type\":\"EntryPoint\",\"urlTemplate\":\"https:\/\/proyectum.com\/pe\/?s={search_term_string}\"},\"query-input\":{\"@type\":\"PropertyValueSpecification\",\"valueRequired\":true,\"valueName\":\"search_term_string\"}}],\"inLanguage\":\"es\"},{\"@type\":\"Organization\",\"@id\":\"https:\/\/proyectum.com\/pe\/#organization\",\"name\":\"Proyectum Per\u00fa\",\"url\":\"https:\/\/proyectum.com\/pe\/\",\"logo\":{\"@type\":\"ImageObject\",\"inLanguage\":\"es\",\"@id\":\"https:\/\/proyectum.com\/pe\/#\/schema\/logo\/image\/\",\"url\":\"https:\/\/proyectum.com\/pe\/wp-content\/uploads\/2020\/04\/proyectum-logo-snippet.png\",\"contentUrl\":\"https:\/\/proyectum.com\/pe\/wp-content\/uploads\/2020\/04\/proyectum-logo-snippet.png\",\"width\":600,\"height\":315,\"caption\":\"Proyectum Per\u00fa\"},\"image\":{\"@id\":\"https:\/\/proyectum.com\/pe\/#\/schema\/logo\/image\/\"},\"sameAs\":[\"https:\/\/www.facebook.com\/proyectum.pe\/\",\"https:\/\/www.instagram.com\/proyectum.pe\/\",\"https:\/\/www.linkedin.com\/company\/proyectumperu\/\",\"https:\/\/www.youtube.com\/@proyectum2283\/videos\"]},{\"@type\":\"Person\",\"@id\":\"https:\/\/proyectum.com\/pe\/#\/schema\/person\/784b10060c51822d857e3004ea132bb4\",\"name\":\"Proyectum 2024\",\"image\":{\"@type\":\"ImageObject\",\"inLanguage\":\"es\",\"@id\":\"https:\/\/proyectum.com\/pe\/#\/schema\/person\/image\/\",\"url\":\"https:\/\/secure.gravatar.com\/avatar\/df82793fddd8f0a5a84fdb27d958bf73?s=96&d=mm&r=g\",\"contentUrl\":\"https:\/\/secure.gravatar.com\/avatar\/df82793fddd8f0a5a84fdb27d958bf73?s=96&d=mm&r=g\",\"caption\":\"Proyectum 2024\"}}]}<\/script>\n<!-- \/ Yoast SEO plugin. -->","yoast_head_json":{"title":"\u00bfC\u00f3mo cambia la gente de opini\u00f3n? - Proyectum Per\u00fa","robots":{"index":"index","follow":"follow","max-snippet":"max-snippet:-1","max-image-preview":"max-image-preview:large","max-video-preview":"max-video-preview:-1"},"canonical":"https:\/\/proyectum.com\/pe\/como-cambia-la-gente-de-opinion\/","og_locale":"es_ES","og_type":"article","og_title":"\u00bfC\u00f3mo cambia la gente de opini\u00f3n? - Proyectum Per\u00fa","og_description":"By Leandro Herrero, PhD Traducido y adaptado por Jorge Vald\u00e9s Garciatorres \u00bfC\u00f3mo cambia la gente de opini\u00f3n? \u00bfC\u00f3mo podemos influir en la gente para que cambie de opini\u00f3n? Bueno, cualquiera de nosotros aportar\u00e1 ideas como la persuasi\u00f3n, la manipulaci\u00f3n, el convencimiento racional, el atractivo emocional, y casi cualquier otro mecanismo descrito en la teor\u00eda de [&hellip;]","og_url":"https:\/\/proyectum.com\/pe\/como-cambia-la-gente-de-opinion\/","og_site_name":"Proyectum Per\u00fa","article_publisher":"https:\/\/www.facebook.com\/proyectum.pe\/","article_published_time":"2020-12-14T16:42:43+00:00","og_image":[{"width":1700,"height":1133,"url":"https:\/\/proyectum.com\/pe\/wp-content\/uploads\/2020\/12\/Cambio-de-Opinion.jpg","type":"image\/jpeg"}],"author":"Proyectum 2024","twitter_card":"summary_large_image","twitter_misc":{"Escrito por":"Proyectum 2024","Tiempo de lectura":"4 minutos"},"schema":{"@context":"https:\/\/schema.org","@graph":[{"@type":"Article","@id":"https:\/\/proyectum.com\/pe\/como-cambia-la-gente-de-opinion\/#article","isPartOf":{"@id":"https:\/\/proyectum.com\/pe\/como-cambia-la-gente-de-opinion\/"},"author":{"name":"Proyectum 2024","@id":"https:\/\/proyectum.com\/pe\/#\/schema\/person\/784b10060c51822d857e3004ea132bb4"},"headline":"\u00bfC\u00f3mo cambia la gente de opini\u00f3n?","datePublished":"2020-12-14T16:42:43+00:00","mainEntityOfPage":{"@id":"https:\/\/proyectum.com\/pe\/como-cambia-la-gente-de-opinion\/"},"wordCount":709,"publisher":{"@id":"https:\/\/proyectum.com\/pe\/#organization"},"image":{"@id":"https:\/\/proyectum.com\/pe\/como-cambia-la-gente-de-opinion\/#primaryimage"},"thumbnailUrl":"https:\/\/proyectum.com\/pe\/wp-content\/uploads\/2020\/12\/Cambio-de-Opinion.jpg","keywords":["\u00bfC\u00f3mo cambia la gente de opini\u00f3n?","cambio cultural","flexibilidad humana","si quieres alg\u00fan tipo de cambio cultural","teor\u00eda de la influencia"],"articleSection":["Transformaci\u00f3n y cambio"],"inLanguage":"es"},{"@type":"WebPage","@id":"https:\/\/proyectum.com\/pe\/como-cambia-la-gente-de-opinion\/","url":"https:\/\/proyectum.com\/pe\/como-cambia-la-gente-de-opinion\/","name":"\u00bfC\u00f3mo cambia la gente de opini\u00f3n? - Proyectum Per\u00fa","isPartOf":{"@id":"https:\/\/proyectum.com\/pe\/#website"},"primaryImageOfPage":{"@id":"https:\/\/proyectum.com\/pe\/como-cambia-la-gente-de-opinion\/#primaryimage"},"image":{"@id":"https:\/\/proyectum.com\/pe\/como-cambia-la-gente-de-opinion\/#primaryimage"},"thumbnailUrl":"https:\/\/proyectum.com\/pe\/wp-content\/uploads\/2020\/12\/Cambio-de-Opinion.jpg","datePublished":"2020-12-14T16:42:43+00:00","breadcrumb":{"@id":"https:\/\/proyectum.com\/pe\/como-cambia-la-gente-de-opinion\/#breadcrumb"},"inLanguage":"es","potentialAction":[{"@type":"ReadAction","target":["https:\/\/proyectum.com\/pe\/como-cambia-la-gente-de-opinion\/"]}]},{"@type":"ImageObject","inLanguage":"es","@id":"https:\/\/proyectum.com\/pe\/como-cambia-la-gente-de-opinion\/#primaryimage","url":"https:\/\/proyectum.com\/pe\/wp-content\/uploads\/2020\/12\/Cambio-de-Opinion.jpg","contentUrl":"https:\/\/proyectum.com\/pe\/wp-content\/uploads\/2020\/12\/Cambio-de-Opinion.jpg","width":1700,"height":1133,"caption":"Cambio de Opinio\u0301n"},{"@type":"BreadcrumbList","@id":"https:\/\/proyectum.com\/pe\/como-cambia-la-gente-de-opinion\/#breadcrumb","itemListElement":[{"@type":"ListItem","position":1,"name":"Home","item":"https:\/\/proyectum.com\/pe\/"},{"@type":"ListItem","position":2,"name":"\u00bfC\u00f3mo cambia la gente de opini\u00f3n?"}]},{"@type":"WebSite","@id":"https:\/\/proyectum.com\/pe\/#website","url":"https:\/\/proyectum.com\/pe\/","name":"Proyectum Per\u00fa","description":"Direcci\u00f3n de Proyectos y Metodolog\u00edas \u00c1giles","publisher":{"@id":"https:\/\/proyectum.com\/pe\/#organization"},"potentialAction":[{"@type":"SearchAction","target":{"@type":"EntryPoint","urlTemplate":"https:\/\/proyectum.com\/pe\/?s={search_term_string}"},"query-input":{"@type":"PropertyValueSpecification","valueRequired":true,"valueName":"search_term_string"}}],"inLanguage":"es"},{"@type":"Organization","@id":"https:\/\/proyectum.com\/pe\/#organization","name":"Proyectum Per\u00fa","url":"https:\/\/proyectum.com\/pe\/","logo":{"@type":"ImageObject","inLanguage":"es","@id":"https:\/\/proyectum.com\/pe\/#\/schema\/logo\/image\/","url":"https:\/\/proyectum.com\/pe\/wp-content\/uploads\/2020\/04\/proyectum-logo-snippet.png","contentUrl":"https:\/\/proyectum.com\/pe\/wp-content\/uploads\/2020\/04\/proyectum-logo-snippet.png","width":600,"height":315,"caption":"Proyectum Per\u00fa"},"image":{"@id":"https:\/\/proyectum.com\/pe\/#\/schema\/logo\/image\/"},"sameAs":["https:\/\/www.facebook.com\/proyectum.pe\/","https:\/\/www.instagram.com\/proyectum.pe\/","https:\/\/www.linkedin.com\/company\/proyectumperu\/","https:\/\/www.youtube.com\/@proyectum2283\/videos"]},{"@type":"Person","@id":"https:\/\/proyectum.com\/pe\/#\/schema\/person\/784b10060c51822d857e3004ea132bb4","name":"Proyectum 2024","image":{"@type":"ImageObject","inLanguage":"es","@id":"https:\/\/proyectum.com\/pe\/#\/schema\/person\/image\/","url":"https:\/\/secure.gravatar.com\/avatar\/df82793fddd8f0a5a84fdb27d958bf73?s=96&d=mm&r=g","contentUrl":"https:\/\/secure.gravatar.com\/avatar\/df82793fddd8f0a5a84fdb27d958bf73?s=96&d=mm&r=g","caption":"Proyectum 2024"}}]}},"_links":{"self":[{"href":"https:\/\/proyectum.com\/pe\/wp-json\/wp\/v2\/posts\/9128","targetHints":{"allow":["GET"]}}],"collection":[{"href":"https:\/\/proyectum.com\/pe\/wp-json\/wp\/v2\/posts"}],"about":[{"href":"https:\/\/proyectum.com\/pe\/wp-json\/wp\/v2\/types\/post"}],"author":[{"embeddable":true,"href":"https:\/\/proyectum.com\/pe\/wp-json\/wp\/v2\/users\/26"}],"replies":[{"embeddable":true,"href":"https:\/\/proyectum.com\/pe\/wp-json\/wp\/v2\/comments?post=9128"}],"version-history":[{"count":0,"href":"https:\/\/proyectum.com\/pe\/wp-json\/wp\/v2\/posts\/9128\/revisions"}],"wp:featuredmedia":[{"embeddable":true,"href":"https:\/\/proyectum.com\/pe\/wp-json\/wp\/v2\/media\/9130"}],"wp:attachment":[{"href":"https:\/\/proyectum.com\/pe\/wp-json\/wp\/v2\/media?parent=9128"}],"wp:term":[{"taxonomy":"category","embeddable":true,"href":"https:\/\/proyectum.com\/pe\/wp-json\/wp\/v2\/categories?post=9128"},{"taxonomy":"post_tag","embeddable":true,"href":"https:\/\/proyectum.com\/pe\/wp-json\/wp\/v2\/tags?post=9128"}],"curies":[{"name":"wp","href":"https:\/\/api.w.org\/{rel}","templated":true}]}}