{"id":9264,"date":"2021-01-25T14:32:10","date_gmt":"2021-01-25T17:32:10","guid":{"rendered":"https:\/\/www.proyectum.com\/sistema\/?p=9264"},"modified":"2021-01-25T14:32:10","modified_gmt":"2021-01-25T17:32:10","slug":"las-teorias-de-gestion-del-cambio-solo-han-interpretado-el-mundo-de-la-organizacion-el-punto-sin-embargo-es-cambiar-realmente","status":"publish","type":"post","link":"https:\/\/proyectum.com\/pe\/las-teorias-de-gestion-del-cambio-solo-han-interpretado-el-mundo-de-la-organizacion-el-punto-sin-embargo-es-cambiar-realmente\/","title":{"rendered":"Las teor\u00edas de gesti\u00f3n del cambio s\u00f3lo han interpretado el mundo de la organizaci\u00f3n. El punto, sin embargo, es cambiar realmente"},"content":{"rendered":"<p style=\"text-align: right;\">Por: Leandro Herrero, MD<\/p>\n<p style=\"text-align: right;\">Traducido y adaptado por: Jorge Vald\u00e9s, MDO, PMP<\/p>\n<p>Dado que a todos nos gustan los marcos conceptuales, no es sorprendente que en el <strong>\u00e1rea de la \u00abgesti\u00f3n del cambio\u00bb<\/strong> haya algunos de ellos compitiendo entre s\u00ed. El m\u00e9todo A versus el m\u00e9todo B compiten en l\u00f3gica pero tambi\u00e9n en costo, en popularidad y en resultados.<\/p>\n<p>La mayor\u00eda de esos marcos conceptuales se concibieron en un momento en que el mundo parec\u00eda y era m\u00e1s predecible y lineal. En ese mundo, <strong>tener \u00abpasos\u00bb ten\u00eda sentido<\/strong>. Primero haces esto, luego haces aquello, luego etc. Dif\u00edcilmente en nuestro mundo actual donde <strong>todo es no lineal, no predecible, muy complejo y ambiguo<\/strong>.<\/p>\n<p>Cuando incluso los gur\u00fas de la estrategia declaran \u00ab<strong>la muerte de la planificaci\u00f3n estrat\u00e9gica<\/strong>\u00bb en el sentido de una planificaci\u00f3n similar y lineal a largo plazo, no tiene sentido tener \u00ab<strong>m\u00e9todos de gesti\u00f3n del cambio<\/strong>\u00bb que utilicen una l\u00f3gica de linealidad y de alguna manera de previsibilidad.<\/p>\n<p>De hecho, <strong>el \u00abm\u00e9todo de gesti\u00f3n del cambio\u00bb est\u00e1 <a href=\"https:\/\/www.proyectum.com\/sistema\/blog\/que-la-gestion-del-cambio-tenga-un-gran-funeral\/\" target=\"_blank\" rel=\"noopener\">muerto<\/a><\/strong>. Necesitamos plataformas (movilizadoras) que \u00abcuando se instalen\u00bb creen las condiciones para cualquier cambio y la ejecuci\u00f3n de cualquier estrategia. Lo que importa es la capacidad de cambio, un estado permanente de preparaci\u00f3n. Viral Change\u2122, por supuesto, hace precisamente eso.<\/p>\n<p>A menudo, cuando se expresa de esta manera, algunas personas piensan que s\u00f3lo estamos cambiando el nombre, pero esto est\u00e1 lejos de la realidad. La plataforma, como \u00absistema operativo\u00bb <strong>es mucho m\u00e1s que un m\u00e9todo para ir de la A a la Z<\/strong>. Tiene un conjunto de reglas y principios, una l\u00f3gica de acci\u00f3n, nuevos y diferentes actores, y, en Viral Change\u2122, el dominio de la organizaci\u00f3n informal y una forma particular de liderazgo que llamamos Backstage Leadership\u2122.<\/p>\n<p>El \u00e9nfasis de la plataforma es una praxis, una aplicaci\u00f3n pr\u00e1ctica.<\/p>\n<p>Si tuvi\u00e9ramos que usar una analog\u00eda filos\u00f3fica, ser\u00eda la famosa cita de Marx de la Und\u00e9cima Tesis sobre Feuerback: \u00ab<strong>Los fil\u00f3sofos s\u00f3lo han interpretado el mundo, de varias maneras. El punto, sin embargo, es cambiarlo<\/strong>\u00ab.<\/p>\n<p>Para ver el articulo original por favor da clic en esta <a href=\"https:\/\/leandroherrero.com\/change-management-theories-have-only-interpreted-the-organizational-world-the-point-however-is-to-actually-change-it-2\/\" target=\"_blank\" rel=\"noopener\">liga<\/a><\/p>\n<p>\u00a9 The Chalfont Project Limited 2020. All rights reserved<\/p>\n<p>All articles supplied by [The Chalfont Project Limited] whether by access to digital resources or directly to any individual or company (collectively \u201cthe Content\u201d) are copyright The Chalfont Project Limited. Copying, reproducing, distributing, modifying, or transmitting the Content or any part of the Content is prohibited. Other than as expressly granted to any person or organization, no rights over the Content are granted or implied. \u201cViral Change\u2122\u201d is a registered trademark of The Chalfont Project Limited\u00a0(TCP). The Chalfont Project has granted permission for Proyectum to publish material in Spanish on their company Blog. Material must be represented in its original form and clearly marked\u00a0as copyrighted material. No other licenses or permission for use or publication is allowed or implied\u00a0by this agreement.<\/p>\n","protected":false},"excerpt":{"rendered":"<p>Por: Leandro Herrero, MD Traducido y adaptado por: Jorge Vald\u00e9s, MDO, PMP Dado que a todos nos gustan los marcos conceptuales, no es sorprendente que en el \u00e1rea de la \u00abgesti\u00f3n del cambio\u00bb haya algunos de ellos compitiendo entre s\u00ed. El m\u00e9todo A versus el m\u00e9todo B compiten en l\u00f3gica pero tambi\u00e9n en costo, en [&hellip;]<\/p>\n","protected":false},"author":26,"featured_media":9266,"comment_status":"closed","ping_status":"closed","sticky":false,"template":"","format":"standard","meta":{"_acf_changed":false,"footnotes":""},"categories":[572],"tags":[609,610,611,612,613,614],"class_list":["post-9264","post","type-post","status-publish","format-standard","has-post-thumbnail","hentry","category-transformacion-y-cambio","tag-area-de-gestion-del-cambio","tag-area-de-la-gestion-del-cambio","tag-el-metodo-de-gestion-del-cambio-esta-muerto","tag-la-muerte-de-la-planificacion-estrategica","tag-metodos-de-gestion-del-cambio","tag-muy-complejo-y-ambiguo"],"acf":[],"yoast_head":"<!-- This site is optimized with the Yoast SEO plugin v24.4 - https:\/\/yoast.com\/wordpress\/plugins\/seo\/ -->\n<title>Las teor\u00edas de gesti\u00f3n del cambio s\u00f3lo han interpretado el mundo de la organizaci\u00f3n. El punto, sin embargo, es cambiar realmente - Proyectum Per\u00fa<\/title>\n<meta name=\"robots\" content=\"index, follow, max-snippet:-1, max-image-preview:large, max-video-preview:-1\" \/>\n<link rel=\"canonical\" href=\"https:\/\/proyectum.com\/pe\/las-teorias-de-gestion-del-cambio-solo-han-interpretado-el-mundo-de-la-organizacion-el-punto-sin-embargo-es-cambiar-realmente\/\" \/>\n<meta property=\"og:locale\" content=\"es_ES\" \/>\n<meta property=\"og:type\" content=\"article\" \/>\n<meta property=\"og:title\" content=\"Las teor\u00edas de gesti\u00f3n del cambio s\u00f3lo han interpretado el mundo de la organizaci\u00f3n. El punto, sin embargo, es cambiar realmente - Proyectum Per\u00fa\" \/>\n<meta property=\"og:description\" content=\"Por: Leandro Herrero, MD Traducido y adaptado por: Jorge Vald\u00e9s, MDO, PMP Dado que a todos nos gustan los marcos conceptuales, no es sorprendente que en el \u00e1rea de la \u00abgesti\u00f3n del cambio\u00bb haya algunos de ellos compitiendo entre s\u00ed. El m\u00e9todo A versus el m\u00e9todo B compiten en l\u00f3gica pero tambi\u00e9n en costo, en [&hellip;]\" \/>\n<meta property=\"og:url\" content=\"https:\/\/proyectum.com\/pe\/las-teorias-de-gestion-del-cambio-solo-han-interpretado-el-mundo-de-la-organizacion-el-punto-sin-embargo-es-cambiar-realmente\/\" \/>\n<meta property=\"og:site_name\" content=\"Proyectum Per\u00fa\" \/>\n<meta property=\"article:publisher\" content=\"https:\/\/www.facebook.com\/proyectum.pe\/\" \/>\n<meta property=\"article:published_time\" content=\"2021-01-25T17:32:10+00:00\" \/>\n<meta property=\"og:image\" content=\"https:\/\/proyectum.com\/pe\/wp-content\/uploads\/2021\/01\/Teorias-Gestion-Cambio.jpg\" \/>\n\t<meta property=\"og:image:width\" content=\"1700\" \/>\n\t<meta property=\"og:image:height\" content=\"1134\" \/>\n\t<meta property=\"og:image:type\" content=\"image\/jpeg\" \/>\n<meta name=\"author\" content=\"Proyectum 2024\" \/>\n<meta name=\"twitter:card\" content=\"summary_large_image\" \/>\n<meta name=\"twitter:label1\" content=\"Escrito por\" \/>\n\t<meta name=\"twitter:data1\" content=\"Proyectum 2024\" \/>\n\t<meta name=\"twitter:label2\" content=\"Tiempo de lectura\" \/>\n\t<meta name=\"twitter:data2\" content=\"3 minutos\" \/>\n<script type=\"application\/ld+json\" class=\"yoast-schema-graph\">{\"@context\":\"https:\/\/schema.org\",\"@graph\":[{\"@type\":\"Article\",\"@id\":\"https:\/\/proyectum.com\/pe\/las-teorias-de-gestion-del-cambio-solo-han-interpretado-el-mundo-de-la-organizacion-el-punto-sin-embargo-es-cambiar-realmente\/#article\",\"isPartOf\":{\"@id\":\"https:\/\/proyectum.com\/pe\/las-teorias-de-gestion-del-cambio-solo-han-interpretado-el-mundo-de-la-organizacion-el-punto-sin-embargo-es-cambiar-realmente\/\"},\"author\":{\"name\":\"Proyectum 2024\",\"@id\":\"https:\/\/proyectum.com\/pe\/#\/schema\/person\/784b10060c51822d857e3004ea132bb4\"},\"headline\":\"Las teor\u00edas de gesti\u00f3n del cambio s\u00f3lo han interpretado el mundo de la organizaci\u00f3n. El punto, sin embargo, es cambiar realmente\",\"datePublished\":\"2021-01-25T17:32:10+00:00\",\"mainEntityOfPage\":{\"@id\":\"https:\/\/proyectum.com\/pe\/las-teorias-de-gestion-del-cambio-solo-han-interpretado-el-mundo-de-la-organizacion-el-punto-sin-embargo-es-cambiar-realmente\/\"},\"wordCount\":537,\"publisher\":{\"@id\":\"https:\/\/proyectum.com\/pe\/#organization\"},\"image\":{\"@id\":\"https:\/\/proyectum.com\/pe\/las-teorias-de-gestion-del-cambio-solo-han-interpretado-el-mundo-de-la-organizacion-el-punto-sin-embargo-es-cambiar-realmente\/#primaryimage\"},\"thumbnailUrl\":\"https:\/\/proyectum.com\/pe\/wp-content\/uploads\/2021\/01\/Teorias-Gestion-Cambio.jpg\",\"keywords\":[\"area de gestion del cambio\",\"\u00e1rea de la \\\"gesti\u00f3n del cambio\\\"\",\"el \\\"m\u00e9todo de gesti\u00f3n del cambio\\\" est\u00e1 muerto\",\"la muerte de la planificaci\u00f3n estrat\u00e9gica\",\"m\u00e9todos de gesti\u00f3n del cambio\",\"muy complejo y ambiguo\"],\"articleSection\":[\"Transformaci\u00f3n y cambio\"],\"inLanguage\":\"es\"},{\"@type\":\"WebPage\",\"@id\":\"https:\/\/proyectum.com\/pe\/las-teorias-de-gestion-del-cambio-solo-han-interpretado-el-mundo-de-la-organizacion-el-punto-sin-embargo-es-cambiar-realmente\/\",\"url\":\"https:\/\/proyectum.com\/pe\/las-teorias-de-gestion-del-cambio-solo-han-interpretado-el-mundo-de-la-organizacion-el-punto-sin-embargo-es-cambiar-realmente\/\",\"name\":\"Las teor\u00edas de gesti\u00f3n del cambio s\u00f3lo han interpretado el mundo de la organizaci\u00f3n. El punto, sin embargo, es cambiar realmente - Proyectum Per\u00fa\",\"isPartOf\":{\"@id\":\"https:\/\/proyectum.com\/pe\/#website\"},\"primaryImageOfPage\":{\"@id\":\"https:\/\/proyectum.com\/pe\/las-teorias-de-gestion-del-cambio-solo-han-interpretado-el-mundo-de-la-organizacion-el-punto-sin-embargo-es-cambiar-realmente\/#primaryimage\"},\"image\":{\"@id\":\"https:\/\/proyectum.com\/pe\/las-teorias-de-gestion-del-cambio-solo-han-interpretado-el-mundo-de-la-organizacion-el-punto-sin-embargo-es-cambiar-realmente\/#primaryimage\"},\"thumbnailUrl\":\"https:\/\/proyectum.com\/pe\/wp-content\/uploads\/2021\/01\/Teorias-Gestion-Cambio.jpg\",\"datePublished\":\"2021-01-25T17:32:10+00:00\",\"breadcrumb\":{\"@id\":\"https:\/\/proyectum.com\/pe\/las-teorias-de-gestion-del-cambio-solo-han-interpretado-el-mundo-de-la-organizacion-el-punto-sin-embargo-es-cambiar-realmente\/#breadcrumb\"},\"inLanguage\":\"es\",\"potentialAction\":[{\"@type\":\"ReadAction\",\"target\":[\"https:\/\/proyectum.com\/pe\/las-teorias-de-gestion-del-cambio-solo-han-interpretado-el-mundo-de-la-organizacion-el-punto-sin-embargo-es-cambiar-realmente\/\"]}]},{\"@type\":\"ImageObject\",\"inLanguage\":\"es\",\"@id\":\"https:\/\/proyectum.com\/pe\/las-teorias-de-gestion-del-cambio-solo-han-interpretado-el-mundo-de-la-organizacion-el-punto-sin-embargo-es-cambiar-realmente\/#primaryimage\",\"url\":\"https:\/\/proyectum.com\/pe\/wp-content\/uploads\/2021\/01\/Teorias-Gestion-Cambio.jpg\",\"contentUrl\":\"https:\/\/proyectum.com\/pe\/wp-content\/uploads\/2021\/01\/Teorias-Gestion-Cambio.jpg\",\"width\":1700,\"height\":1134,\"caption\":\"Teorias Gestion Cambio\"},{\"@type\":\"BreadcrumbList\",\"@id\":\"https:\/\/proyectum.com\/pe\/las-teorias-de-gestion-del-cambio-solo-han-interpretado-el-mundo-de-la-organizacion-el-punto-sin-embargo-es-cambiar-realmente\/#breadcrumb\",\"itemListElement\":[{\"@type\":\"ListItem\",\"position\":1,\"name\":\"Home\",\"item\":\"https:\/\/proyectum.com\/pe\/\"},{\"@type\":\"ListItem\",\"position\":2,\"name\":\"Las teor\u00edas de gesti\u00f3n del cambio s\u00f3lo han interpretado el mundo de la organizaci\u00f3n. El punto, sin embargo, es cambiar realmente\"}]},{\"@type\":\"WebSite\",\"@id\":\"https:\/\/proyectum.com\/pe\/#website\",\"url\":\"https:\/\/proyectum.com\/pe\/\",\"name\":\"Proyectum Per\u00fa\",\"description\":\"Direcci\u00f3n de Proyectos y Metodolog\u00edas \u00c1giles\",\"publisher\":{\"@id\":\"https:\/\/proyectum.com\/pe\/#organization\"},\"potentialAction\":[{\"@type\":\"SearchAction\",\"target\":{\"@type\":\"EntryPoint\",\"urlTemplate\":\"https:\/\/proyectum.com\/pe\/?s={search_term_string}\"},\"query-input\":{\"@type\":\"PropertyValueSpecification\",\"valueRequired\":true,\"valueName\":\"search_term_string\"}}],\"inLanguage\":\"es\"},{\"@type\":\"Organization\",\"@id\":\"https:\/\/proyectum.com\/pe\/#organization\",\"name\":\"Proyectum Per\u00fa\",\"url\":\"https:\/\/proyectum.com\/pe\/\",\"logo\":{\"@type\":\"ImageObject\",\"inLanguage\":\"es\",\"@id\":\"https:\/\/proyectum.com\/pe\/#\/schema\/logo\/image\/\",\"url\":\"https:\/\/proyectum.com\/pe\/wp-content\/uploads\/2020\/04\/proyectum-logo-snippet.png\",\"contentUrl\":\"https:\/\/proyectum.com\/pe\/wp-content\/uploads\/2020\/04\/proyectum-logo-snippet.png\",\"width\":600,\"height\":315,\"caption\":\"Proyectum Per\u00fa\"},\"image\":{\"@id\":\"https:\/\/proyectum.com\/pe\/#\/schema\/logo\/image\/\"},\"sameAs\":[\"https:\/\/www.facebook.com\/proyectum.pe\/\",\"https:\/\/www.instagram.com\/proyectum.pe\/\",\"https:\/\/www.linkedin.com\/company\/proyectumperu\/\",\"https:\/\/www.youtube.com\/@proyectum2283\/videos\"]},{\"@type\":\"Person\",\"@id\":\"https:\/\/proyectum.com\/pe\/#\/schema\/person\/784b10060c51822d857e3004ea132bb4\",\"name\":\"Proyectum 2024\",\"image\":{\"@type\":\"ImageObject\",\"inLanguage\":\"es\",\"@id\":\"https:\/\/proyectum.com\/pe\/#\/schema\/person\/image\/\",\"url\":\"https:\/\/secure.gravatar.com\/avatar\/df82793fddd8f0a5a84fdb27d958bf73?s=96&d=mm&r=g\",\"contentUrl\":\"https:\/\/secure.gravatar.com\/avatar\/df82793fddd8f0a5a84fdb27d958bf73?s=96&d=mm&r=g\",\"caption\":\"Proyectum 2024\"}}]}<\/script>\n<!-- \/ Yoast SEO plugin. -->","yoast_head_json":{"title":"Las teor\u00edas de gesti\u00f3n del cambio s\u00f3lo han interpretado el mundo de la organizaci\u00f3n. El punto, sin embargo, es cambiar realmente - Proyectum Per\u00fa","robots":{"index":"index","follow":"follow","max-snippet":"max-snippet:-1","max-image-preview":"max-image-preview:large","max-video-preview":"max-video-preview:-1"},"canonical":"https:\/\/proyectum.com\/pe\/las-teorias-de-gestion-del-cambio-solo-han-interpretado-el-mundo-de-la-organizacion-el-punto-sin-embargo-es-cambiar-realmente\/","og_locale":"es_ES","og_type":"article","og_title":"Las teor\u00edas de gesti\u00f3n del cambio s\u00f3lo han interpretado el mundo de la organizaci\u00f3n. El punto, sin embargo, es cambiar realmente - Proyectum Per\u00fa","og_description":"Por: Leandro Herrero, MD Traducido y adaptado por: Jorge Vald\u00e9s, MDO, PMP Dado que a todos nos gustan los marcos conceptuales, no es sorprendente que en el \u00e1rea de la \u00abgesti\u00f3n del cambio\u00bb haya algunos de ellos compitiendo entre s\u00ed. El m\u00e9todo A versus el m\u00e9todo B compiten en l\u00f3gica pero tambi\u00e9n en costo, en [&hellip;]","og_url":"https:\/\/proyectum.com\/pe\/las-teorias-de-gestion-del-cambio-solo-han-interpretado-el-mundo-de-la-organizacion-el-punto-sin-embargo-es-cambiar-realmente\/","og_site_name":"Proyectum Per\u00fa","article_publisher":"https:\/\/www.facebook.com\/proyectum.pe\/","article_published_time":"2021-01-25T17:32:10+00:00","og_image":[{"width":1700,"height":1134,"url":"https:\/\/proyectum.com\/pe\/wp-content\/uploads\/2021\/01\/Teorias-Gestion-Cambio.jpg","type":"image\/jpeg"}],"author":"Proyectum 2024","twitter_card":"summary_large_image","twitter_misc":{"Escrito por":"Proyectum 2024","Tiempo de lectura":"3 minutos"},"schema":{"@context":"https:\/\/schema.org","@graph":[{"@type":"Article","@id":"https:\/\/proyectum.com\/pe\/las-teorias-de-gestion-del-cambio-solo-han-interpretado-el-mundo-de-la-organizacion-el-punto-sin-embargo-es-cambiar-realmente\/#article","isPartOf":{"@id":"https:\/\/proyectum.com\/pe\/las-teorias-de-gestion-del-cambio-solo-han-interpretado-el-mundo-de-la-organizacion-el-punto-sin-embargo-es-cambiar-realmente\/"},"author":{"name":"Proyectum 2024","@id":"https:\/\/proyectum.com\/pe\/#\/schema\/person\/784b10060c51822d857e3004ea132bb4"},"headline":"Las teor\u00edas de gesti\u00f3n del cambio s\u00f3lo han interpretado el mundo de la organizaci\u00f3n. El punto, sin embargo, es cambiar realmente","datePublished":"2021-01-25T17:32:10+00:00","mainEntityOfPage":{"@id":"https:\/\/proyectum.com\/pe\/las-teorias-de-gestion-del-cambio-solo-han-interpretado-el-mundo-de-la-organizacion-el-punto-sin-embargo-es-cambiar-realmente\/"},"wordCount":537,"publisher":{"@id":"https:\/\/proyectum.com\/pe\/#organization"},"image":{"@id":"https:\/\/proyectum.com\/pe\/las-teorias-de-gestion-del-cambio-solo-han-interpretado-el-mundo-de-la-organizacion-el-punto-sin-embargo-es-cambiar-realmente\/#primaryimage"},"thumbnailUrl":"https:\/\/proyectum.com\/pe\/wp-content\/uploads\/2021\/01\/Teorias-Gestion-Cambio.jpg","keywords":["area de gestion del cambio","\u00e1rea de la \"gesti\u00f3n del cambio\"","el \"m\u00e9todo de gesti\u00f3n del cambio\" est\u00e1 muerto","la muerte de la planificaci\u00f3n estrat\u00e9gica","m\u00e9todos de gesti\u00f3n del cambio","muy complejo y ambiguo"],"articleSection":["Transformaci\u00f3n y cambio"],"inLanguage":"es"},{"@type":"WebPage","@id":"https:\/\/proyectum.com\/pe\/las-teorias-de-gestion-del-cambio-solo-han-interpretado-el-mundo-de-la-organizacion-el-punto-sin-embargo-es-cambiar-realmente\/","url":"https:\/\/proyectum.com\/pe\/las-teorias-de-gestion-del-cambio-solo-han-interpretado-el-mundo-de-la-organizacion-el-punto-sin-embargo-es-cambiar-realmente\/","name":"Las teor\u00edas de gesti\u00f3n del cambio s\u00f3lo han interpretado el mundo de la organizaci\u00f3n. El punto, sin embargo, es cambiar realmente - Proyectum Per\u00fa","isPartOf":{"@id":"https:\/\/proyectum.com\/pe\/#website"},"primaryImageOfPage":{"@id":"https:\/\/proyectum.com\/pe\/las-teorias-de-gestion-del-cambio-solo-han-interpretado-el-mundo-de-la-organizacion-el-punto-sin-embargo-es-cambiar-realmente\/#primaryimage"},"image":{"@id":"https:\/\/proyectum.com\/pe\/las-teorias-de-gestion-del-cambio-solo-han-interpretado-el-mundo-de-la-organizacion-el-punto-sin-embargo-es-cambiar-realmente\/#primaryimage"},"thumbnailUrl":"https:\/\/proyectum.com\/pe\/wp-content\/uploads\/2021\/01\/Teorias-Gestion-Cambio.jpg","datePublished":"2021-01-25T17:32:10+00:00","breadcrumb":{"@id":"https:\/\/proyectum.com\/pe\/las-teorias-de-gestion-del-cambio-solo-han-interpretado-el-mundo-de-la-organizacion-el-punto-sin-embargo-es-cambiar-realmente\/#breadcrumb"},"inLanguage":"es","potentialAction":[{"@type":"ReadAction","target":["https:\/\/proyectum.com\/pe\/las-teorias-de-gestion-del-cambio-solo-han-interpretado-el-mundo-de-la-organizacion-el-punto-sin-embargo-es-cambiar-realmente\/"]}]},{"@type":"ImageObject","inLanguage":"es","@id":"https:\/\/proyectum.com\/pe\/las-teorias-de-gestion-del-cambio-solo-han-interpretado-el-mundo-de-la-organizacion-el-punto-sin-embargo-es-cambiar-realmente\/#primaryimage","url":"https:\/\/proyectum.com\/pe\/wp-content\/uploads\/2021\/01\/Teorias-Gestion-Cambio.jpg","contentUrl":"https:\/\/proyectum.com\/pe\/wp-content\/uploads\/2021\/01\/Teorias-Gestion-Cambio.jpg","width":1700,"height":1134,"caption":"Teorias Gestion Cambio"},{"@type":"BreadcrumbList","@id":"https:\/\/proyectum.com\/pe\/las-teorias-de-gestion-del-cambio-solo-han-interpretado-el-mundo-de-la-organizacion-el-punto-sin-embargo-es-cambiar-realmente\/#breadcrumb","itemListElement":[{"@type":"ListItem","position":1,"name":"Home","item":"https:\/\/proyectum.com\/pe\/"},{"@type":"ListItem","position":2,"name":"Las teor\u00edas de gesti\u00f3n del cambio s\u00f3lo han interpretado el mundo de la organizaci\u00f3n. El punto, sin embargo, es cambiar realmente"}]},{"@type":"WebSite","@id":"https:\/\/proyectum.com\/pe\/#website","url":"https:\/\/proyectum.com\/pe\/","name":"Proyectum Per\u00fa","description":"Direcci\u00f3n de Proyectos y Metodolog\u00edas \u00c1giles","publisher":{"@id":"https:\/\/proyectum.com\/pe\/#organization"},"potentialAction":[{"@type":"SearchAction","target":{"@type":"EntryPoint","urlTemplate":"https:\/\/proyectum.com\/pe\/?s={search_term_string}"},"query-input":{"@type":"PropertyValueSpecification","valueRequired":true,"valueName":"search_term_string"}}],"inLanguage":"es"},{"@type":"Organization","@id":"https:\/\/proyectum.com\/pe\/#organization","name":"Proyectum Per\u00fa","url":"https:\/\/proyectum.com\/pe\/","logo":{"@type":"ImageObject","inLanguage":"es","@id":"https:\/\/proyectum.com\/pe\/#\/schema\/logo\/image\/","url":"https:\/\/proyectum.com\/pe\/wp-content\/uploads\/2020\/04\/proyectum-logo-snippet.png","contentUrl":"https:\/\/proyectum.com\/pe\/wp-content\/uploads\/2020\/04\/proyectum-logo-snippet.png","width":600,"height":315,"caption":"Proyectum Per\u00fa"},"image":{"@id":"https:\/\/proyectum.com\/pe\/#\/schema\/logo\/image\/"},"sameAs":["https:\/\/www.facebook.com\/proyectum.pe\/","https:\/\/www.instagram.com\/proyectum.pe\/","https:\/\/www.linkedin.com\/company\/proyectumperu\/","https:\/\/www.youtube.com\/@proyectum2283\/videos"]},{"@type":"Person","@id":"https:\/\/proyectum.com\/pe\/#\/schema\/person\/784b10060c51822d857e3004ea132bb4","name":"Proyectum 2024","image":{"@type":"ImageObject","inLanguage":"es","@id":"https:\/\/proyectum.com\/pe\/#\/schema\/person\/image\/","url":"https:\/\/secure.gravatar.com\/avatar\/df82793fddd8f0a5a84fdb27d958bf73?s=96&d=mm&r=g","contentUrl":"https:\/\/secure.gravatar.com\/avatar\/df82793fddd8f0a5a84fdb27d958bf73?s=96&d=mm&r=g","caption":"Proyectum 2024"}}]}},"_links":{"self":[{"href":"https:\/\/proyectum.com\/pe\/wp-json\/wp\/v2\/posts\/9264","targetHints":{"allow":["GET"]}}],"collection":[{"href":"https:\/\/proyectum.com\/pe\/wp-json\/wp\/v2\/posts"}],"about":[{"href":"https:\/\/proyectum.com\/pe\/wp-json\/wp\/v2\/types\/post"}],"author":[{"embeddable":true,"href":"https:\/\/proyectum.com\/pe\/wp-json\/wp\/v2\/users\/26"}],"replies":[{"embeddable":true,"href":"https:\/\/proyectum.com\/pe\/wp-json\/wp\/v2\/comments?post=9264"}],"version-history":[{"count":0,"href":"https:\/\/proyectum.com\/pe\/wp-json\/wp\/v2\/posts\/9264\/revisions"}],"wp:featuredmedia":[{"embeddable":true,"href":"https:\/\/proyectum.com\/pe\/wp-json\/wp\/v2\/media\/9266"}],"wp:attachment":[{"href":"https:\/\/proyectum.com\/pe\/wp-json\/wp\/v2\/media?parent=9264"}],"wp:term":[{"taxonomy":"category","embeddable":true,"href":"https:\/\/proyectum.com\/pe\/wp-json\/wp\/v2\/categories?post=9264"},{"taxonomy":"post_tag","embeddable":true,"href":"https:\/\/proyectum.com\/pe\/wp-json\/wp\/v2\/tags?post=9264"}],"curies":[{"name":"wp","href":"https:\/\/api.w.org\/{rel}","templated":true}]}}