{"id":9356,"date":"2021-03-08T15:20:59","date_gmt":"2021-03-08T18:20:59","guid":{"rendered":"https:\/\/www.proyectum.com\/sistema\/?p=9356"},"modified":"2021-03-08T15:20:59","modified_gmt":"2021-03-08T18:20:59","slug":"la-gramatica-empresarial-podria-aprender-de-las-directrices-ortograficas-de-obama","status":"publish","type":"post","link":"https:\/\/proyectum.com\/pe\/la-gramatica-empresarial-podria-aprender-de-las-directrices-ortograficas-de-obama\/","title":{"rendered":"La gram\u00e1tica empresarial podr\u00eda aprender de las directrices ortogr\u00e1ficas de Obama"},"content":{"rendered":"<p style=\"text-align: right;\">Por: Leandro Herrero, MD<\/p>\n<p style=\"text-align: right;\">Traducido y adaptado por: Jorge Vald\u00e9s Garciatorres, MDO, PMP<\/p>\n<p>\u201c<em>Esto no es un punto, es una coma, en la historia continua que es Am\u00e9rica<\/em>\u201d, dijo Obama al dejar el cargo.<\/p>\n<p>Pues bien, muy a menudo <strong>no acertamos con la puntuaci\u00f3n de nuestra organizaci\u00f3n<\/strong>. <strong>Los nuevos directores generales llegan y declaran un punto y aparte, un nuevo p\u00e1rrafo<\/strong>. Pero la gente puede esperar una coma, a la manera de Obama. Otras personas anhelan un punto y coma: por favor, expliquen qu\u00e9 significa tal o cual cosa.<\/p>\n<p>Contratamos a grandes grupos de consultor\u00eda cuya experiencia gramatical es el par\u00e9ntesis, un gran par\u00e9ntesis en el que todo se detiene. La comunicaci\u00f3n corporativa suele poner los signos de exclamaci\u00f3n y RRHH el corrector ortogr\u00e1fico. <strong>\u00bfY los signos de interrogaci\u00f3n? \u00bfLos queremos? \u00bfLos permitimos? \u00bfLos buscamos?<\/strong><\/p>\n<p>En la vida corporativa, se aplica la cita atribuida a Neil Postman [1931-2003]: \u00ab<em>Los ni\u00f1os entran en la escuela como signos de interrogaci\u00f3n y salen como puntos<\/em>\u00ab. Pero ni siquiera tenemos que salir de la empresa para domesticarnos con la producci\u00f3n de puntos suspensivos. La gente con muchos signos de interrogaci\u00f3n puede ser enormemente irritante.<\/p>\n<p>Supongo que <strong>acertar con la gram\u00e1tica corporativa es una gran habilidad de liderazgo<\/strong>. Los l\u00edderes que ponen puntos suspensivos cuando se debe poner una coma o una coma cuando es el punto final, o signos de exclamaci\u00f3n en forma de informes corporativos cuando todo debe terminar como un signo de interrogaci\u00f3n, etc., son faltas de ortograf\u00eda andantes. <strong>La confusi\u00f3n es entonces inevitable<\/strong>. \u00a1S\u00f3lo hay que recordar que un peque\u00f1o trozo de gram\u00e1tica (filioque) en forma de una sola palabra caus\u00f3 el cisma entre las iglesias ortodoxas orientales y occidentales en el cristianismo! No es broma. Hagamos bien nuestra puntuaci\u00f3n organizativa.<\/p>\n<p>Les prometo que estas reflexiones semanales pertenecen a la tribu de la coma.<\/p>\n<p>_______________<\/p>\n<p>Para ver el articulo original por favor da clic en esta <a href=\"https:\/\/leandroherrero.com\/corporate-grammar-could-learn-from-obamas-spelling-guidelines\/\" target=\"_blank\" rel=\"noopener\">liga<\/a><\/p>\n<p>\u00a9 The Chalfont Project Limited 2021. All rights reserved<\/p>\n<p>All articles supplied by [The Chalfont Project Limited] whether by access to digital resources or directly to any individual or company (collectively \u201cthe Content\u201d) are copyright The Chalfont Project Limited. Copying, reproducing, distributing, modifying, or transmitting the Content or any part of the Content is prohibited. Other than as expressly granted to any person or organization, no rights over the Content are granted or implied. \u201cViral Change\u2122\u201d is a registered trademark of The Chalfont Project Limited\u00a0(TCP). The Chalfont Project has granted permission for Proyectum to publish material in Spanish on their company Blog. Material must be represented in its original form and clearly marked\u00a0as copyrighted material. No other licenses or permission for use or publication is allowed or implied\u00a0by this agreement.<\/p>\n","protected":false},"excerpt":{"rendered":"<p>Por: Leandro Herrero, MD Traducido y adaptado por: Jorge Vald\u00e9s Garciatorres, MDO, PMP \u201cEsto no es un punto, es una coma, en la historia continua que es Am\u00e9rica\u201d, dijo Obama al dejar el cargo. Pues bien, muy a menudo no acertamos con la puntuaci\u00f3n de nuestra organizaci\u00f3n. Los nuevos directores generales llegan y declaran un [&hellip;]<\/p>\n","protected":false},"author":26,"featured_media":9358,"comment_status":"closed","ping_status":"closed","sticky":false,"template":"","format":"standard","meta":{"_acf_changed":false,"footnotes":""},"categories":[572],"tags":[619,620,621,622,623],"class_list":["post-9356","post","type-post","status-publish","format-standard","has-post-thumbnail","hentry","category-transformacion-y-cambio","tag-acertar-con-la-gramatica-corporativa-es-una-gran-habilidad-de-liderazgo","tag-gramatica-empresarial","tag-gramatica-empresarial-obama","tag-leandro-herrero","tag-puntuacion-organizativa"],"acf":[],"yoast_head":"<!-- This site is optimized with the Yoast SEO plugin v24.4 - https:\/\/yoast.com\/wordpress\/plugins\/seo\/ -->\n<title>La gram\u00e1tica empresarial podr\u00eda aprender de las directrices ortogr\u00e1ficas de Obama - Proyectum Per\u00fa<\/title>\n<meta name=\"robots\" content=\"index, follow, max-snippet:-1, max-image-preview:large, max-video-preview:-1\" \/>\n<link rel=\"canonical\" href=\"https:\/\/proyectum.com\/pe\/la-gramatica-empresarial-podria-aprender-de-las-directrices-ortograficas-de-obama\/\" \/>\n<meta property=\"og:locale\" content=\"es_ES\" \/>\n<meta property=\"og:type\" content=\"article\" \/>\n<meta property=\"og:title\" content=\"La gram\u00e1tica empresarial podr\u00eda aprender de las directrices ortogr\u00e1ficas de Obama - Proyectum Per\u00fa\" \/>\n<meta property=\"og:description\" content=\"Por: Leandro Herrero, MD Traducido y adaptado por: Jorge Vald\u00e9s Garciatorres, MDO, PMP \u201cEsto no es un punto, es una coma, en la historia continua que es Am\u00e9rica\u201d, dijo Obama al dejar el cargo. Pues bien, muy a menudo no acertamos con la puntuaci\u00f3n de nuestra organizaci\u00f3n. Los nuevos directores generales llegan y declaran un [&hellip;]\" \/>\n<meta property=\"og:url\" content=\"https:\/\/proyectum.com\/pe\/la-gramatica-empresarial-podria-aprender-de-las-directrices-ortograficas-de-obama\/\" \/>\n<meta property=\"og:site_name\" content=\"Proyectum Per\u00fa\" \/>\n<meta property=\"article:publisher\" content=\"https:\/\/www.facebook.com\/proyectum.pe\/\" \/>\n<meta property=\"article:published_time\" content=\"2021-03-08T18:20:59+00:00\" \/>\n<meta property=\"og:image\" content=\"https:\/\/proyectum.com\/pe\/wp-content\/uploads\/2021\/03\/Gramatica-empresarial.jpg\" \/>\n\t<meta property=\"og:image:width\" content=\"1700\" \/>\n\t<meta property=\"og:image:height\" content=\"1005\" \/>\n\t<meta property=\"og:image:type\" content=\"image\/jpeg\" \/>\n<meta name=\"author\" content=\"Proyectum 2024\" \/>\n<meta name=\"twitter:card\" content=\"summary_large_image\" \/>\n<meta name=\"twitter:label1\" content=\"Escrito por\" \/>\n\t<meta name=\"twitter:data1\" content=\"Proyectum 2024\" \/>\n\t<meta name=\"twitter:label2\" content=\"Tiempo de lectura\" \/>\n\t<meta name=\"twitter:data2\" content=\"2 minutos\" \/>\n<script type=\"application\/ld+json\" class=\"yoast-schema-graph\">{\"@context\":\"https:\/\/schema.org\",\"@graph\":[{\"@type\":\"Article\",\"@id\":\"https:\/\/proyectum.com\/pe\/la-gramatica-empresarial-podria-aprender-de-las-directrices-ortograficas-de-obama\/#article\",\"isPartOf\":{\"@id\":\"https:\/\/proyectum.com\/pe\/la-gramatica-empresarial-podria-aprender-de-las-directrices-ortograficas-de-obama\/\"},\"author\":{\"name\":\"Proyectum 2024\",\"@id\":\"https:\/\/proyectum.com\/pe\/#\/schema\/person\/784b10060c51822d857e3004ea132bb4\"},\"headline\":\"La gram\u00e1tica empresarial podr\u00eda aprender de las directrices ortogr\u00e1ficas de Obama\",\"datePublished\":\"2021-03-08T18:20:59+00:00\",\"mainEntityOfPage\":{\"@id\":\"https:\/\/proyectum.com\/pe\/la-gramatica-empresarial-podria-aprender-de-las-directrices-ortograficas-de-obama\/\"},\"wordCount\":486,\"publisher\":{\"@id\":\"https:\/\/proyectum.com\/pe\/#organization\"},\"image\":{\"@id\":\"https:\/\/proyectum.com\/pe\/la-gramatica-empresarial-podria-aprender-de-las-directrices-ortograficas-de-obama\/#primaryimage\"},\"thumbnailUrl\":\"https:\/\/proyectum.com\/pe\/wp-content\/uploads\/2021\/03\/Gramatica-empresarial.jpg\",\"keywords\":[\"acertar con la gram\u00e1tica corporativa es una gran habilidad de liderazgo\",\"gram\u00e1tica empresarial\",\"gram\u00e1tica empresarial Obama\",\"Leandro Herrero\",\"puntuaci\u00f3n organizativa\"],\"articleSection\":[\"Transformaci\u00f3n y cambio\"],\"inLanguage\":\"es\"},{\"@type\":\"WebPage\",\"@id\":\"https:\/\/proyectum.com\/pe\/la-gramatica-empresarial-podria-aprender-de-las-directrices-ortograficas-de-obama\/\",\"url\":\"https:\/\/proyectum.com\/pe\/la-gramatica-empresarial-podria-aprender-de-las-directrices-ortograficas-de-obama\/\",\"name\":\"La gram\u00e1tica empresarial podr\u00eda aprender de las directrices ortogr\u00e1ficas de Obama - Proyectum Per\u00fa\",\"isPartOf\":{\"@id\":\"https:\/\/proyectum.com\/pe\/#website\"},\"primaryImageOfPage\":{\"@id\":\"https:\/\/proyectum.com\/pe\/la-gramatica-empresarial-podria-aprender-de-las-directrices-ortograficas-de-obama\/#primaryimage\"},\"image\":{\"@id\":\"https:\/\/proyectum.com\/pe\/la-gramatica-empresarial-podria-aprender-de-las-directrices-ortograficas-de-obama\/#primaryimage\"},\"thumbnailUrl\":\"https:\/\/proyectum.com\/pe\/wp-content\/uploads\/2021\/03\/Gramatica-empresarial.jpg\",\"datePublished\":\"2021-03-08T18:20:59+00:00\",\"breadcrumb\":{\"@id\":\"https:\/\/proyectum.com\/pe\/la-gramatica-empresarial-podria-aprender-de-las-directrices-ortograficas-de-obama\/#breadcrumb\"},\"inLanguage\":\"es\",\"potentialAction\":[{\"@type\":\"ReadAction\",\"target\":[\"https:\/\/proyectum.com\/pe\/la-gramatica-empresarial-podria-aprender-de-las-directrices-ortograficas-de-obama\/\"]}]},{\"@type\":\"ImageObject\",\"inLanguage\":\"es\",\"@id\":\"https:\/\/proyectum.com\/pe\/la-gramatica-empresarial-podria-aprender-de-las-directrices-ortograficas-de-obama\/#primaryimage\",\"url\":\"https:\/\/proyectum.com\/pe\/wp-content\/uploads\/2021\/03\/Gramatica-empresarial.jpg\",\"contentUrl\":\"https:\/\/proyectum.com\/pe\/wp-content\/uploads\/2021\/03\/Gramatica-empresarial.jpg\",\"width\":1700,\"height\":1005,\"caption\":\"Grama\u0301tica empresarial\"},{\"@type\":\"BreadcrumbList\",\"@id\":\"https:\/\/proyectum.com\/pe\/la-gramatica-empresarial-podria-aprender-de-las-directrices-ortograficas-de-obama\/#breadcrumb\",\"itemListElement\":[{\"@type\":\"ListItem\",\"position\":1,\"name\":\"Home\",\"item\":\"https:\/\/proyectum.com\/pe\/\"},{\"@type\":\"ListItem\",\"position\":2,\"name\":\"La gram\u00e1tica empresarial podr\u00eda aprender de las directrices ortogr\u00e1ficas de Obama\"}]},{\"@type\":\"WebSite\",\"@id\":\"https:\/\/proyectum.com\/pe\/#website\",\"url\":\"https:\/\/proyectum.com\/pe\/\",\"name\":\"Proyectum Per\u00fa\",\"description\":\"Direcci\u00f3n de Proyectos y Metodolog\u00edas \u00c1giles\",\"publisher\":{\"@id\":\"https:\/\/proyectum.com\/pe\/#organization\"},\"potentialAction\":[{\"@type\":\"SearchAction\",\"target\":{\"@type\":\"EntryPoint\",\"urlTemplate\":\"https:\/\/proyectum.com\/pe\/?s={search_term_string}\"},\"query-input\":{\"@type\":\"PropertyValueSpecification\",\"valueRequired\":true,\"valueName\":\"search_term_string\"}}],\"inLanguage\":\"es\"},{\"@type\":\"Organization\",\"@id\":\"https:\/\/proyectum.com\/pe\/#organization\",\"name\":\"Proyectum Per\u00fa\",\"url\":\"https:\/\/proyectum.com\/pe\/\",\"logo\":{\"@type\":\"ImageObject\",\"inLanguage\":\"es\",\"@id\":\"https:\/\/proyectum.com\/pe\/#\/schema\/logo\/image\/\",\"url\":\"https:\/\/proyectum.com\/pe\/wp-content\/uploads\/2020\/04\/proyectum-logo-snippet.png\",\"contentUrl\":\"https:\/\/proyectum.com\/pe\/wp-content\/uploads\/2020\/04\/proyectum-logo-snippet.png\",\"width\":600,\"height\":315,\"caption\":\"Proyectum Per\u00fa\"},\"image\":{\"@id\":\"https:\/\/proyectum.com\/pe\/#\/schema\/logo\/image\/\"},\"sameAs\":[\"https:\/\/www.facebook.com\/proyectum.pe\/\",\"https:\/\/www.instagram.com\/proyectum.pe\/\",\"https:\/\/www.linkedin.com\/company\/proyectumperu\/\",\"https:\/\/www.youtube.com\/@proyectum2283\/videos\"]},{\"@type\":\"Person\",\"@id\":\"https:\/\/proyectum.com\/pe\/#\/schema\/person\/784b10060c51822d857e3004ea132bb4\",\"name\":\"Proyectum 2024\",\"image\":{\"@type\":\"ImageObject\",\"inLanguage\":\"es\",\"@id\":\"https:\/\/proyectum.com\/pe\/#\/schema\/person\/image\/\",\"url\":\"https:\/\/secure.gravatar.com\/avatar\/df82793fddd8f0a5a84fdb27d958bf73?s=96&d=mm&r=g\",\"contentUrl\":\"https:\/\/secure.gravatar.com\/avatar\/df82793fddd8f0a5a84fdb27d958bf73?s=96&d=mm&r=g\",\"caption\":\"Proyectum 2024\"}}]}<\/script>\n<!-- \/ Yoast SEO plugin. -->","yoast_head_json":{"title":"La gram\u00e1tica empresarial podr\u00eda aprender de las directrices ortogr\u00e1ficas de Obama - Proyectum Per\u00fa","robots":{"index":"index","follow":"follow","max-snippet":"max-snippet:-1","max-image-preview":"max-image-preview:large","max-video-preview":"max-video-preview:-1"},"canonical":"https:\/\/proyectum.com\/pe\/la-gramatica-empresarial-podria-aprender-de-las-directrices-ortograficas-de-obama\/","og_locale":"es_ES","og_type":"article","og_title":"La gram\u00e1tica empresarial podr\u00eda aprender de las directrices ortogr\u00e1ficas de Obama - Proyectum Per\u00fa","og_description":"Por: Leandro Herrero, MD Traducido y adaptado por: Jorge Vald\u00e9s Garciatorres, MDO, PMP \u201cEsto no es un punto, es una coma, en la historia continua que es Am\u00e9rica\u201d, dijo Obama al dejar el cargo. Pues bien, muy a menudo no acertamos con la puntuaci\u00f3n de nuestra organizaci\u00f3n. Los nuevos directores generales llegan y declaran un [&hellip;]","og_url":"https:\/\/proyectum.com\/pe\/la-gramatica-empresarial-podria-aprender-de-las-directrices-ortograficas-de-obama\/","og_site_name":"Proyectum Per\u00fa","article_publisher":"https:\/\/www.facebook.com\/proyectum.pe\/","article_published_time":"2021-03-08T18:20:59+00:00","og_image":[{"width":1700,"height":1005,"url":"https:\/\/proyectum.com\/pe\/wp-content\/uploads\/2021\/03\/Gramatica-empresarial.jpg","type":"image\/jpeg"}],"author":"Proyectum 2024","twitter_card":"summary_large_image","twitter_misc":{"Escrito por":"Proyectum 2024","Tiempo de lectura":"2 minutos"},"schema":{"@context":"https:\/\/schema.org","@graph":[{"@type":"Article","@id":"https:\/\/proyectum.com\/pe\/la-gramatica-empresarial-podria-aprender-de-las-directrices-ortograficas-de-obama\/#article","isPartOf":{"@id":"https:\/\/proyectum.com\/pe\/la-gramatica-empresarial-podria-aprender-de-las-directrices-ortograficas-de-obama\/"},"author":{"name":"Proyectum 2024","@id":"https:\/\/proyectum.com\/pe\/#\/schema\/person\/784b10060c51822d857e3004ea132bb4"},"headline":"La gram\u00e1tica empresarial podr\u00eda aprender de las directrices ortogr\u00e1ficas de Obama","datePublished":"2021-03-08T18:20:59+00:00","mainEntityOfPage":{"@id":"https:\/\/proyectum.com\/pe\/la-gramatica-empresarial-podria-aprender-de-las-directrices-ortograficas-de-obama\/"},"wordCount":486,"publisher":{"@id":"https:\/\/proyectum.com\/pe\/#organization"},"image":{"@id":"https:\/\/proyectum.com\/pe\/la-gramatica-empresarial-podria-aprender-de-las-directrices-ortograficas-de-obama\/#primaryimage"},"thumbnailUrl":"https:\/\/proyectum.com\/pe\/wp-content\/uploads\/2021\/03\/Gramatica-empresarial.jpg","keywords":["acertar con la gram\u00e1tica corporativa es una gran habilidad de liderazgo","gram\u00e1tica empresarial","gram\u00e1tica empresarial Obama","Leandro Herrero","puntuaci\u00f3n organizativa"],"articleSection":["Transformaci\u00f3n y cambio"],"inLanguage":"es"},{"@type":"WebPage","@id":"https:\/\/proyectum.com\/pe\/la-gramatica-empresarial-podria-aprender-de-las-directrices-ortograficas-de-obama\/","url":"https:\/\/proyectum.com\/pe\/la-gramatica-empresarial-podria-aprender-de-las-directrices-ortograficas-de-obama\/","name":"La gram\u00e1tica empresarial podr\u00eda aprender de las directrices ortogr\u00e1ficas de Obama - Proyectum Per\u00fa","isPartOf":{"@id":"https:\/\/proyectum.com\/pe\/#website"},"primaryImageOfPage":{"@id":"https:\/\/proyectum.com\/pe\/la-gramatica-empresarial-podria-aprender-de-las-directrices-ortograficas-de-obama\/#primaryimage"},"image":{"@id":"https:\/\/proyectum.com\/pe\/la-gramatica-empresarial-podria-aprender-de-las-directrices-ortograficas-de-obama\/#primaryimage"},"thumbnailUrl":"https:\/\/proyectum.com\/pe\/wp-content\/uploads\/2021\/03\/Gramatica-empresarial.jpg","datePublished":"2021-03-08T18:20:59+00:00","breadcrumb":{"@id":"https:\/\/proyectum.com\/pe\/la-gramatica-empresarial-podria-aprender-de-las-directrices-ortograficas-de-obama\/#breadcrumb"},"inLanguage":"es","potentialAction":[{"@type":"ReadAction","target":["https:\/\/proyectum.com\/pe\/la-gramatica-empresarial-podria-aprender-de-las-directrices-ortograficas-de-obama\/"]}]},{"@type":"ImageObject","inLanguage":"es","@id":"https:\/\/proyectum.com\/pe\/la-gramatica-empresarial-podria-aprender-de-las-directrices-ortograficas-de-obama\/#primaryimage","url":"https:\/\/proyectum.com\/pe\/wp-content\/uploads\/2021\/03\/Gramatica-empresarial.jpg","contentUrl":"https:\/\/proyectum.com\/pe\/wp-content\/uploads\/2021\/03\/Gramatica-empresarial.jpg","width":1700,"height":1005,"caption":"Grama\u0301tica empresarial"},{"@type":"BreadcrumbList","@id":"https:\/\/proyectum.com\/pe\/la-gramatica-empresarial-podria-aprender-de-las-directrices-ortograficas-de-obama\/#breadcrumb","itemListElement":[{"@type":"ListItem","position":1,"name":"Home","item":"https:\/\/proyectum.com\/pe\/"},{"@type":"ListItem","position":2,"name":"La gram\u00e1tica empresarial podr\u00eda aprender de las directrices ortogr\u00e1ficas de Obama"}]},{"@type":"WebSite","@id":"https:\/\/proyectum.com\/pe\/#website","url":"https:\/\/proyectum.com\/pe\/","name":"Proyectum Per\u00fa","description":"Direcci\u00f3n de Proyectos y Metodolog\u00edas \u00c1giles","publisher":{"@id":"https:\/\/proyectum.com\/pe\/#organization"},"potentialAction":[{"@type":"SearchAction","target":{"@type":"EntryPoint","urlTemplate":"https:\/\/proyectum.com\/pe\/?s={search_term_string}"},"query-input":{"@type":"PropertyValueSpecification","valueRequired":true,"valueName":"search_term_string"}}],"inLanguage":"es"},{"@type":"Organization","@id":"https:\/\/proyectum.com\/pe\/#organization","name":"Proyectum Per\u00fa","url":"https:\/\/proyectum.com\/pe\/","logo":{"@type":"ImageObject","inLanguage":"es","@id":"https:\/\/proyectum.com\/pe\/#\/schema\/logo\/image\/","url":"https:\/\/proyectum.com\/pe\/wp-content\/uploads\/2020\/04\/proyectum-logo-snippet.png","contentUrl":"https:\/\/proyectum.com\/pe\/wp-content\/uploads\/2020\/04\/proyectum-logo-snippet.png","width":600,"height":315,"caption":"Proyectum Per\u00fa"},"image":{"@id":"https:\/\/proyectum.com\/pe\/#\/schema\/logo\/image\/"},"sameAs":["https:\/\/www.facebook.com\/proyectum.pe\/","https:\/\/www.instagram.com\/proyectum.pe\/","https:\/\/www.linkedin.com\/company\/proyectumperu\/","https:\/\/www.youtube.com\/@proyectum2283\/videos"]},{"@type":"Person","@id":"https:\/\/proyectum.com\/pe\/#\/schema\/person\/784b10060c51822d857e3004ea132bb4","name":"Proyectum 2024","image":{"@type":"ImageObject","inLanguage":"es","@id":"https:\/\/proyectum.com\/pe\/#\/schema\/person\/image\/","url":"https:\/\/secure.gravatar.com\/avatar\/df82793fddd8f0a5a84fdb27d958bf73?s=96&d=mm&r=g","contentUrl":"https:\/\/secure.gravatar.com\/avatar\/df82793fddd8f0a5a84fdb27d958bf73?s=96&d=mm&r=g","caption":"Proyectum 2024"}}]}},"_links":{"self":[{"href":"https:\/\/proyectum.com\/pe\/wp-json\/wp\/v2\/posts\/9356","targetHints":{"allow":["GET"]}}],"collection":[{"href":"https:\/\/proyectum.com\/pe\/wp-json\/wp\/v2\/posts"}],"about":[{"href":"https:\/\/proyectum.com\/pe\/wp-json\/wp\/v2\/types\/post"}],"author":[{"embeddable":true,"href":"https:\/\/proyectum.com\/pe\/wp-json\/wp\/v2\/users\/26"}],"replies":[{"embeddable":true,"href":"https:\/\/proyectum.com\/pe\/wp-json\/wp\/v2\/comments?post=9356"}],"version-history":[{"count":0,"href":"https:\/\/proyectum.com\/pe\/wp-json\/wp\/v2\/posts\/9356\/revisions"}],"wp:featuredmedia":[{"embeddable":true,"href":"https:\/\/proyectum.com\/pe\/wp-json\/wp\/v2\/media\/9358"}],"wp:attachment":[{"href":"https:\/\/proyectum.com\/pe\/wp-json\/wp\/v2\/media?parent=9356"}],"wp:term":[{"taxonomy":"category","embeddable":true,"href":"https:\/\/proyectum.com\/pe\/wp-json\/wp\/v2\/categories?post=9356"},{"taxonomy":"post_tag","embeddable":true,"href":"https:\/\/proyectum.com\/pe\/wp-json\/wp\/v2\/tags?post=9356"}],"curies":[{"name":"wp","href":"https:\/\/api.w.org\/{rel}","templated":true}]}}