{"id":9375,"date":"2021-03-17T12:10:19","date_gmt":"2021-03-17T15:10:19","guid":{"rendered":"https:\/\/www.proyectum.com\/sistema\/?p=9375"},"modified":"2021-03-17T12:10:19","modified_gmt":"2021-03-17T15:10:19","slug":"tu-marco-de-referencia-mental-definido-por-las-palabras-dictara-tus-acciones-incluso-tus-valores-las-palabras-son-dictadoras","status":"publish","type":"post","link":"https:\/\/proyectum.com\/pe\/tu-marco-de-referencia-mental-definido-por-las-palabras-dictara-tus-acciones-incluso-tus-valores-las-palabras-son-dictadoras\/","title":{"rendered":"Tu marco de referencia mental, definido por las palabras, dictar\u00e1 tus acciones. Incluso tus valores. Las palabras son dictadoras"},"content":{"rendered":"<p style=\"text-align: right;\">Por: Leandro Herrero, MD<\/p>\n<p style=\"text-align: right;\">Traducido y adaptado por: Jorge Vald\u00e9s Garciatorres, MDP, PMP<\/p>\n<p><strong>El prop\u00f3sito de la organizaci\u00f3n es&#8230; Los objetivos de la estrategia son&#8230; La raz\u00f3n por la que nos hemos reestructurado es&#8230;<\/strong><\/p>\n<p>A partir de ah\u00ed, cualquier palabra que se utilice <strong>dictar\u00e1 m\u00e1s que unas pocas acciones<\/strong>. Lo que viene despu\u00e9s es el marco de referencia, que es lo mismo que decir la caja, las fronteras, <strong>el esp\u00edritu que hay detr\u00e1s<\/strong>. As\u00ed, por ejemplo, he aqu\u00ed algunos marcos: arreglar, construir, crear, proteger, resolver, defender y ganar. <strong>Cada palabra decide un conjunto de valores, un curso de acci\u00f3n.<\/strong><\/p>\n<p>No es lo mismo solucionar un mal sistema de relaci\u00f3n con el cliente que <strong>construir una cultura centrada en el cliente<\/strong>.<\/p>\n<p>Defender la marca no es lo mismo que <strong>crear una comunidad de fans de la marca<\/strong>.<\/p>\n<p>Ganar una posici\u00f3n en el mercado no es lo mismo que <strong>crear un mercado<\/strong>.<\/p>\n<h3><strong>El marco de referencia dicta.<\/strong><\/h3>\n<p>Oigo decir que es al rev\u00e9s, que primero est\u00e1 la intenci\u00f3n, luego la estrategia y despu\u00e9s las palabras. Pero veo d\u00eda tras d\u00eda el uso de palabras que nadie sabe exactamente por qu\u00e9 se usan y que parecen estar (\u00bfvagamente?) relacionadas con el prop\u00f3sito. En muchos casos que conozco, <strong>las palabras han tomado el control<\/strong>. Quiz\u00e1 de forma irreversible. En ese caso, las palabras dictan, no son dictadas.<\/p>\n<h3>Las palabras son baratas, sus consecuencias no.<\/h3>\n<p>Reestructurar para alinear mejor los procesos y sistemas, para concentrar el liderazgo y\/o servir a un sector de clientes de una manera mejor, m\u00e1s l\u00f3gica y eficaz, puede hacerse con todos esos fines, pero escucharse simplemente como recorte de costos y salida de personas. Esto \u00faltimo puede ser as\u00ed, pero en realidad, nace una nueva estructura (no estoy haciendo un juicio sobre si es buena o mala, sensata o no). Tomar esto bajo el modo de construcci\u00f3n, por ejemplo, puede crear un futuro completamente diferente. La construcci\u00f3n, como marco olvidado, es una oportunidad perdida para alinear a las personas en un viaje nuevo y emocionante.<\/p>\n<p>Est\u00e1 lejos de los juegos sem\u00e1nticos. <strong>Las palabras nos dictan, no al rev\u00e9s<\/strong>. Las palabras producen emociones, desde la excitaci\u00f3n hasta el aburrimiento, desde el compromiso emocional hasta el cinismo, desde las posibilidades ganadas hasta el para\u00edso perdido.<\/p>\n<p>El encuadre es una habilidad clave para los l\u00edderes. Los malos l\u00edderes lo tomar\u00e1n como un juego de palabras que una agencia de publicidad o de consultor\u00eda elaborar\u00e1 para ellos. <strong>Los buenos l\u00edderes empezar\u00e1n por pedir a los dem\u00e1s que elijan un marco de referencia, que exploren las consecuencias, decidan y se atengan a \u00e9l.<\/strong><\/p>\n<p>_______________<\/p>\n<p>Para ver el articulo original por favor da clic en esta <a href=\"https:\/\/leandroherrero.com\/your-mental-frame-as-defined-by-words-will-dictate-your-actions-even-your-values-words-are-dictators\/\" target=\"_blank\" rel=\"noopener\">liga<\/a><\/p>\n<p>\u00a9 The Chalfont Project Limited 2021. All rights reserved<\/p>\n<p>All articles supplied by [The Chalfont Project Limited] whether by access to digital resources or directly to any individual or company (collectively \u201cthe Content\u201d) are copyright The Chalfont Project Limited. Copying, reproducing, distributing, modifying, or transmitting the Content or any part of the Content is prohibited. Other than as expressly granted to any person or organization, no rights over the Content are granted or implied. \u201cViral Change\u2122\u201d is a registered trademark of The Chalfont Project Limited\u00a0(TCP). The Chalfont Project has granted permission for Proyectum to publish material in Spanish on their company Blog. Material must be represented in its original form and clearly marked\u00a0as copyrighted material. No other licenses or permission for use or publication is allowed or implied\u00a0by this agreement.<\/p>\n","protected":false},"excerpt":{"rendered":"<p>Por: Leandro Herrero, MD Traducido y adaptado por: Jorge Vald\u00e9s Garciatorres, MDP, PMP El prop\u00f3sito de la organizaci\u00f3n es&#8230; Los objetivos de la estrategia son&#8230; La raz\u00f3n por la que nos hemos reestructurado es&#8230; A partir de ah\u00ed, cualquier palabra que se utilice dictar\u00e1 m\u00e1s que unas pocas acciones. Lo que viene despu\u00e9s es el [&hellip;]<\/p>\n","protected":false},"author":26,"featured_media":9377,"comment_status":"closed","ping_status":"closed","sticky":false,"template":"","format":"standard","meta":{"_acf_changed":false,"footnotes":""},"categories":[370,222,572],"tags":[624,625,626,627,628,629],"class_list":["post-9375","post","type-post","status-publish","format-standard","has-post-thumbnail","hentry","category-liderazgo","category-reflexiones","category-transformacion-y-cambio","tag-construir-una-cultura-centrada-en-el-cliente","tag-crear-un-mercado","tag-crear-una-comunidad-de-fans-de-la-marca","tag-el-espiritu-que-hay-detras","tag-el-marco-de-referencia-dicta","tag-las-palabras-han-tomado-el-control"],"acf":[],"yoast_head":"<!-- This site is optimized with the Yoast SEO plugin v24.4 - https:\/\/yoast.com\/wordpress\/plugins\/seo\/ -->\n<title>Tu marco de referencia mental, definido por las palabras, dictar\u00e1 tus acciones. Incluso tus valores. Las palabras son dictadoras - Proyectum Per\u00fa<\/title>\n<meta name=\"robots\" content=\"index, follow, max-snippet:-1, max-image-preview:large, max-video-preview:-1\" \/>\n<link rel=\"canonical\" href=\"https:\/\/proyectum.com\/pe\/tu-marco-de-referencia-mental-definido-por-las-palabras-dictara-tus-acciones-incluso-tus-valores-las-palabras-son-dictadoras\/\" \/>\n<meta property=\"og:locale\" content=\"es_ES\" \/>\n<meta property=\"og:type\" content=\"article\" \/>\n<meta property=\"og:title\" content=\"Tu marco de referencia mental, definido por las palabras, dictar\u00e1 tus acciones. Incluso tus valores. Las palabras son dictadoras - Proyectum Per\u00fa\" \/>\n<meta property=\"og:description\" content=\"Por: Leandro Herrero, MD Traducido y adaptado por: Jorge Vald\u00e9s Garciatorres, MDP, PMP El prop\u00f3sito de la organizaci\u00f3n es&#8230; Los objetivos de la estrategia son&#8230; La raz\u00f3n por la que nos hemos reestructurado es&#8230; A partir de ah\u00ed, cualquier palabra que se utilice dictar\u00e1 m\u00e1s que unas pocas acciones. Lo que viene despu\u00e9s es el [&hellip;]\" \/>\n<meta property=\"og:url\" content=\"https:\/\/proyectum.com\/pe\/tu-marco-de-referencia-mental-definido-por-las-palabras-dictara-tus-acciones-incluso-tus-valores-las-palabras-son-dictadoras\/\" \/>\n<meta property=\"og:site_name\" content=\"Proyectum Per\u00fa\" \/>\n<meta property=\"article:publisher\" content=\"https:\/\/www.facebook.com\/proyectum.pe\/\" \/>\n<meta property=\"article:published_time\" content=\"2021-03-17T15:10:19+00:00\" \/>\n<meta property=\"og:image\" content=\"https:\/\/proyectum.com\/pe\/wp-content\/uploads\/2021\/03\/Palabras-dictan.jpg\" \/>\n\t<meta property=\"og:image:width\" content=\"1700\" \/>\n\t<meta property=\"og:image:height\" content=\"1133\" \/>\n\t<meta property=\"og:image:type\" content=\"image\/jpeg\" \/>\n<meta name=\"author\" content=\"Proyectum 2024\" \/>\n<meta name=\"twitter:card\" content=\"summary_large_image\" \/>\n<meta name=\"twitter:label1\" content=\"Escrito por\" \/>\n\t<meta name=\"twitter:data1\" content=\"Proyectum 2024\" \/>\n\t<meta name=\"twitter:label2\" content=\"Tiempo de lectura\" \/>\n\t<meta name=\"twitter:data2\" content=\"3 minutos\" \/>\n<script type=\"application\/ld+json\" class=\"yoast-schema-graph\">{\"@context\":\"https:\/\/schema.org\",\"@graph\":[{\"@type\":\"Article\",\"@id\":\"https:\/\/proyectum.com\/pe\/tu-marco-de-referencia-mental-definido-por-las-palabras-dictara-tus-acciones-incluso-tus-valores-las-palabras-son-dictadoras\/#article\",\"isPartOf\":{\"@id\":\"https:\/\/proyectum.com\/pe\/tu-marco-de-referencia-mental-definido-por-las-palabras-dictara-tus-acciones-incluso-tus-valores-las-palabras-son-dictadoras\/\"},\"author\":{\"name\":\"Proyectum 2024\",\"@id\":\"https:\/\/proyectum.com\/pe\/#\/schema\/person\/784b10060c51822d857e3004ea132bb4\"},\"headline\":\"Tu marco de referencia mental, definido por las palabras, dictar\u00e1 tus acciones. Incluso tus valores. Las palabras son dictadoras\",\"datePublished\":\"2021-03-17T15:10:19+00:00\",\"mainEntityOfPage\":{\"@id\":\"https:\/\/proyectum.com\/pe\/tu-marco-de-referencia-mental-definido-por-las-palabras-dictara-tus-acciones-incluso-tus-valores-las-palabras-son-dictadoras\/\"},\"wordCount\":623,\"publisher\":{\"@id\":\"https:\/\/proyectum.com\/pe\/#organization\"},\"image\":{\"@id\":\"https:\/\/proyectum.com\/pe\/tu-marco-de-referencia-mental-definido-por-las-palabras-dictara-tus-acciones-incluso-tus-valores-las-palabras-son-dictadoras\/#primaryimage\"},\"thumbnailUrl\":\"https:\/\/proyectum.com\/pe\/wp-content\/uploads\/2021\/03\/Palabras-dictan.jpg\",\"keywords\":[\"construir una cultura centrada en el cliente\",\"crear un mercado\",\"crear una comunidad de fans de la marca\",\"el esp\u00edritu que hay detr\u00e1s\",\"El marco de referencia dicta\",\"las palabras han tomado el control\"],\"articleSection\":[\"Liderazgo\",\"Reflexiones\",\"Transformaci\u00f3n y cambio\"],\"inLanguage\":\"es\"},{\"@type\":\"WebPage\",\"@id\":\"https:\/\/proyectum.com\/pe\/tu-marco-de-referencia-mental-definido-por-las-palabras-dictara-tus-acciones-incluso-tus-valores-las-palabras-son-dictadoras\/\",\"url\":\"https:\/\/proyectum.com\/pe\/tu-marco-de-referencia-mental-definido-por-las-palabras-dictara-tus-acciones-incluso-tus-valores-las-palabras-son-dictadoras\/\",\"name\":\"Tu marco de referencia mental, definido por las palabras, dictar\u00e1 tus acciones. Incluso tus valores. Las palabras son dictadoras - Proyectum Per\u00fa\",\"isPartOf\":{\"@id\":\"https:\/\/proyectum.com\/pe\/#website\"},\"primaryImageOfPage\":{\"@id\":\"https:\/\/proyectum.com\/pe\/tu-marco-de-referencia-mental-definido-por-las-palabras-dictara-tus-acciones-incluso-tus-valores-las-palabras-son-dictadoras\/#primaryimage\"},\"image\":{\"@id\":\"https:\/\/proyectum.com\/pe\/tu-marco-de-referencia-mental-definido-por-las-palabras-dictara-tus-acciones-incluso-tus-valores-las-palabras-son-dictadoras\/#primaryimage\"},\"thumbnailUrl\":\"https:\/\/proyectum.com\/pe\/wp-content\/uploads\/2021\/03\/Palabras-dictan.jpg\",\"datePublished\":\"2021-03-17T15:10:19+00:00\",\"breadcrumb\":{\"@id\":\"https:\/\/proyectum.com\/pe\/tu-marco-de-referencia-mental-definido-por-las-palabras-dictara-tus-acciones-incluso-tus-valores-las-palabras-son-dictadoras\/#breadcrumb\"},\"inLanguage\":\"es\",\"potentialAction\":[{\"@type\":\"ReadAction\",\"target\":[\"https:\/\/proyectum.com\/pe\/tu-marco-de-referencia-mental-definido-por-las-palabras-dictara-tus-acciones-incluso-tus-valores-las-palabras-son-dictadoras\/\"]}]},{\"@type\":\"ImageObject\",\"inLanguage\":\"es\",\"@id\":\"https:\/\/proyectum.com\/pe\/tu-marco-de-referencia-mental-definido-por-las-palabras-dictara-tus-acciones-incluso-tus-valores-las-palabras-son-dictadoras\/#primaryimage\",\"url\":\"https:\/\/proyectum.com\/pe\/wp-content\/uploads\/2021\/03\/Palabras-dictan.jpg\",\"contentUrl\":\"https:\/\/proyectum.com\/pe\/wp-content\/uploads\/2021\/03\/Palabras-dictan.jpg\",\"width\":1700,\"height\":1133,\"caption\":\"Palabras dictan\"},{\"@type\":\"BreadcrumbList\",\"@id\":\"https:\/\/proyectum.com\/pe\/tu-marco-de-referencia-mental-definido-por-las-palabras-dictara-tus-acciones-incluso-tus-valores-las-palabras-son-dictadoras\/#breadcrumb\",\"itemListElement\":[{\"@type\":\"ListItem\",\"position\":1,\"name\":\"Home\",\"item\":\"https:\/\/proyectum.com\/pe\/\"},{\"@type\":\"ListItem\",\"position\":2,\"name\":\"Tu marco de referencia mental, definido por las palabras, dictar\u00e1 tus acciones. Incluso tus valores. Las palabras son dictadoras\"}]},{\"@type\":\"WebSite\",\"@id\":\"https:\/\/proyectum.com\/pe\/#website\",\"url\":\"https:\/\/proyectum.com\/pe\/\",\"name\":\"Proyectum Per\u00fa\",\"description\":\"Direcci\u00f3n de Proyectos y Metodolog\u00edas \u00c1giles\",\"publisher\":{\"@id\":\"https:\/\/proyectum.com\/pe\/#organization\"},\"potentialAction\":[{\"@type\":\"SearchAction\",\"target\":{\"@type\":\"EntryPoint\",\"urlTemplate\":\"https:\/\/proyectum.com\/pe\/?s={search_term_string}\"},\"query-input\":{\"@type\":\"PropertyValueSpecification\",\"valueRequired\":true,\"valueName\":\"search_term_string\"}}],\"inLanguage\":\"es\"},{\"@type\":\"Organization\",\"@id\":\"https:\/\/proyectum.com\/pe\/#organization\",\"name\":\"Proyectum Per\u00fa\",\"url\":\"https:\/\/proyectum.com\/pe\/\",\"logo\":{\"@type\":\"ImageObject\",\"inLanguage\":\"es\",\"@id\":\"https:\/\/proyectum.com\/pe\/#\/schema\/logo\/image\/\",\"url\":\"https:\/\/proyectum.com\/pe\/wp-content\/uploads\/2020\/04\/proyectum-logo-snippet.png\",\"contentUrl\":\"https:\/\/proyectum.com\/pe\/wp-content\/uploads\/2020\/04\/proyectum-logo-snippet.png\",\"width\":600,\"height\":315,\"caption\":\"Proyectum Per\u00fa\"},\"image\":{\"@id\":\"https:\/\/proyectum.com\/pe\/#\/schema\/logo\/image\/\"},\"sameAs\":[\"https:\/\/www.facebook.com\/proyectum.pe\/\",\"https:\/\/www.instagram.com\/proyectum.pe\/\",\"https:\/\/www.linkedin.com\/company\/proyectumperu\/\",\"https:\/\/www.youtube.com\/@proyectum2283\/videos\"]},{\"@type\":\"Person\",\"@id\":\"https:\/\/proyectum.com\/pe\/#\/schema\/person\/784b10060c51822d857e3004ea132bb4\",\"name\":\"Proyectum 2024\",\"image\":{\"@type\":\"ImageObject\",\"inLanguage\":\"es\",\"@id\":\"https:\/\/proyectum.com\/pe\/#\/schema\/person\/image\/\",\"url\":\"https:\/\/secure.gravatar.com\/avatar\/df82793fddd8f0a5a84fdb27d958bf73?s=96&d=mm&r=g\",\"contentUrl\":\"https:\/\/secure.gravatar.com\/avatar\/df82793fddd8f0a5a84fdb27d958bf73?s=96&d=mm&r=g\",\"caption\":\"Proyectum 2024\"}}]}<\/script>\n<!-- \/ Yoast SEO plugin. -->","yoast_head_json":{"title":"Tu marco de referencia mental, definido por las palabras, dictar\u00e1 tus acciones. Incluso tus valores. Las palabras son dictadoras - Proyectum Per\u00fa","robots":{"index":"index","follow":"follow","max-snippet":"max-snippet:-1","max-image-preview":"max-image-preview:large","max-video-preview":"max-video-preview:-1"},"canonical":"https:\/\/proyectum.com\/pe\/tu-marco-de-referencia-mental-definido-por-las-palabras-dictara-tus-acciones-incluso-tus-valores-las-palabras-son-dictadoras\/","og_locale":"es_ES","og_type":"article","og_title":"Tu marco de referencia mental, definido por las palabras, dictar\u00e1 tus acciones. Incluso tus valores. Las palabras son dictadoras - Proyectum Per\u00fa","og_description":"Por: Leandro Herrero, MD Traducido y adaptado por: Jorge Vald\u00e9s Garciatorres, MDP, PMP El prop\u00f3sito de la organizaci\u00f3n es&#8230; Los objetivos de la estrategia son&#8230; La raz\u00f3n por la que nos hemos reestructurado es&#8230; A partir de ah\u00ed, cualquier palabra que se utilice dictar\u00e1 m\u00e1s que unas pocas acciones. Lo que viene despu\u00e9s es el [&hellip;]","og_url":"https:\/\/proyectum.com\/pe\/tu-marco-de-referencia-mental-definido-por-las-palabras-dictara-tus-acciones-incluso-tus-valores-las-palabras-son-dictadoras\/","og_site_name":"Proyectum Per\u00fa","article_publisher":"https:\/\/www.facebook.com\/proyectum.pe\/","article_published_time":"2021-03-17T15:10:19+00:00","og_image":[{"width":1700,"height":1133,"url":"https:\/\/proyectum.com\/pe\/wp-content\/uploads\/2021\/03\/Palabras-dictan.jpg","type":"image\/jpeg"}],"author":"Proyectum 2024","twitter_card":"summary_large_image","twitter_misc":{"Escrito por":"Proyectum 2024","Tiempo de lectura":"3 minutos"},"schema":{"@context":"https:\/\/schema.org","@graph":[{"@type":"Article","@id":"https:\/\/proyectum.com\/pe\/tu-marco-de-referencia-mental-definido-por-las-palabras-dictara-tus-acciones-incluso-tus-valores-las-palabras-son-dictadoras\/#article","isPartOf":{"@id":"https:\/\/proyectum.com\/pe\/tu-marco-de-referencia-mental-definido-por-las-palabras-dictara-tus-acciones-incluso-tus-valores-las-palabras-son-dictadoras\/"},"author":{"name":"Proyectum 2024","@id":"https:\/\/proyectum.com\/pe\/#\/schema\/person\/784b10060c51822d857e3004ea132bb4"},"headline":"Tu marco de referencia mental, definido por las palabras, dictar\u00e1 tus acciones. Incluso tus valores. Las palabras son dictadoras","datePublished":"2021-03-17T15:10:19+00:00","mainEntityOfPage":{"@id":"https:\/\/proyectum.com\/pe\/tu-marco-de-referencia-mental-definido-por-las-palabras-dictara-tus-acciones-incluso-tus-valores-las-palabras-son-dictadoras\/"},"wordCount":623,"publisher":{"@id":"https:\/\/proyectum.com\/pe\/#organization"},"image":{"@id":"https:\/\/proyectum.com\/pe\/tu-marco-de-referencia-mental-definido-por-las-palabras-dictara-tus-acciones-incluso-tus-valores-las-palabras-son-dictadoras\/#primaryimage"},"thumbnailUrl":"https:\/\/proyectum.com\/pe\/wp-content\/uploads\/2021\/03\/Palabras-dictan.jpg","keywords":["construir una cultura centrada en el cliente","crear un mercado","crear una comunidad de fans de la marca","el esp\u00edritu que hay detr\u00e1s","El marco de referencia dicta","las palabras han tomado el control"],"articleSection":["Liderazgo","Reflexiones","Transformaci\u00f3n y cambio"],"inLanguage":"es"},{"@type":"WebPage","@id":"https:\/\/proyectum.com\/pe\/tu-marco-de-referencia-mental-definido-por-las-palabras-dictara-tus-acciones-incluso-tus-valores-las-palabras-son-dictadoras\/","url":"https:\/\/proyectum.com\/pe\/tu-marco-de-referencia-mental-definido-por-las-palabras-dictara-tus-acciones-incluso-tus-valores-las-palabras-son-dictadoras\/","name":"Tu marco de referencia mental, definido por las palabras, dictar\u00e1 tus acciones. Incluso tus valores. Las palabras son dictadoras - Proyectum Per\u00fa","isPartOf":{"@id":"https:\/\/proyectum.com\/pe\/#website"},"primaryImageOfPage":{"@id":"https:\/\/proyectum.com\/pe\/tu-marco-de-referencia-mental-definido-por-las-palabras-dictara-tus-acciones-incluso-tus-valores-las-palabras-son-dictadoras\/#primaryimage"},"image":{"@id":"https:\/\/proyectum.com\/pe\/tu-marco-de-referencia-mental-definido-por-las-palabras-dictara-tus-acciones-incluso-tus-valores-las-palabras-son-dictadoras\/#primaryimage"},"thumbnailUrl":"https:\/\/proyectum.com\/pe\/wp-content\/uploads\/2021\/03\/Palabras-dictan.jpg","datePublished":"2021-03-17T15:10:19+00:00","breadcrumb":{"@id":"https:\/\/proyectum.com\/pe\/tu-marco-de-referencia-mental-definido-por-las-palabras-dictara-tus-acciones-incluso-tus-valores-las-palabras-son-dictadoras\/#breadcrumb"},"inLanguage":"es","potentialAction":[{"@type":"ReadAction","target":["https:\/\/proyectum.com\/pe\/tu-marco-de-referencia-mental-definido-por-las-palabras-dictara-tus-acciones-incluso-tus-valores-las-palabras-son-dictadoras\/"]}]},{"@type":"ImageObject","inLanguage":"es","@id":"https:\/\/proyectum.com\/pe\/tu-marco-de-referencia-mental-definido-por-las-palabras-dictara-tus-acciones-incluso-tus-valores-las-palabras-son-dictadoras\/#primaryimage","url":"https:\/\/proyectum.com\/pe\/wp-content\/uploads\/2021\/03\/Palabras-dictan.jpg","contentUrl":"https:\/\/proyectum.com\/pe\/wp-content\/uploads\/2021\/03\/Palabras-dictan.jpg","width":1700,"height":1133,"caption":"Palabras dictan"},{"@type":"BreadcrumbList","@id":"https:\/\/proyectum.com\/pe\/tu-marco-de-referencia-mental-definido-por-las-palabras-dictara-tus-acciones-incluso-tus-valores-las-palabras-son-dictadoras\/#breadcrumb","itemListElement":[{"@type":"ListItem","position":1,"name":"Home","item":"https:\/\/proyectum.com\/pe\/"},{"@type":"ListItem","position":2,"name":"Tu marco de referencia mental, definido por las palabras, dictar\u00e1 tus acciones. Incluso tus valores. Las palabras son dictadoras"}]},{"@type":"WebSite","@id":"https:\/\/proyectum.com\/pe\/#website","url":"https:\/\/proyectum.com\/pe\/","name":"Proyectum Per\u00fa","description":"Direcci\u00f3n de Proyectos y Metodolog\u00edas \u00c1giles","publisher":{"@id":"https:\/\/proyectum.com\/pe\/#organization"},"potentialAction":[{"@type":"SearchAction","target":{"@type":"EntryPoint","urlTemplate":"https:\/\/proyectum.com\/pe\/?s={search_term_string}"},"query-input":{"@type":"PropertyValueSpecification","valueRequired":true,"valueName":"search_term_string"}}],"inLanguage":"es"},{"@type":"Organization","@id":"https:\/\/proyectum.com\/pe\/#organization","name":"Proyectum Per\u00fa","url":"https:\/\/proyectum.com\/pe\/","logo":{"@type":"ImageObject","inLanguage":"es","@id":"https:\/\/proyectum.com\/pe\/#\/schema\/logo\/image\/","url":"https:\/\/proyectum.com\/pe\/wp-content\/uploads\/2020\/04\/proyectum-logo-snippet.png","contentUrl":"https:\/\/proyectum.com\/pe\/wp-content\/uploads\/2020\/04\/proyectum-logo-snippet.png","width":600,"height":315,"caption":"Proyectum Per\u00fa"},"image":{"@id":"https:\/\/proyectum.com\/pe\/#\/schema\/logo\/image\/"},"sameAs":["https:\/\/www.facebook.com\/proyectum.pe\/","https:\/\/www.instagram.com\/proyectum.pe\/","https:\/\/www.linkedin.com\/company\/proyectumperu\/","https:\/\/www.youtube.com\/@proyectum2283\/videos"]},{"@type":"Person","@id":"https:\/\/proyectum.com\/pe\/#\/schema\/person\/784b10060c51822d857e3004ea132bb4","name":"Proyectum 2024","image":{"@type":"ImageObject","inLanguage":"es","@id":"https:\/\/proyectum.com\/pe\/#\/schema\/person\/image\/","url":"https:\/\/secure.gravatar.com\/avatar\/df82793fddd8f0a5a84fdb27d958bf73?s=96&d=mm&r=g","contentUrl":"https:\/\/secure.gravatar.com\/avatar\/df82793fddd8f0a5a84fdb27d958bf73?s=96&d=mm&r=g","caption":"Proyectum 2024"}}]}},"_links":{"self":[{"href":"https:\/\/proyectum.com\/pe\/wp-json\/wp\/v2\/posts\/9375","targetHints":{"allow":["GET"]}}],"collection":[{"href":"https:\/\/proyectum.com\/pe\/wp-json\/wp\/v2\/posts"}],"about":[{"href":"https:\/\/proyectum.com\/pe\/wp-json\/wp\/v2\/types\/post"}],"author":[{"embeddable":true,"href":"https:\/\/proyectum.com\/pe\/wp-json\/wp\/v2\/users\/26"}],"replies":[{"embeddable":true,"href":"https:\/\/proyectum.com\/pe\/wp-json\/wp\/v2\/comments?post=9375"}],"version-history":[{"count":0,"href":"https:\/\/proyectum.com\/pe\/wp-json\/wp\/v2\/posts\/9375\/revisions"}],"wp:featuredmedia":[{"embeddable":true,"href":"https:\/\/proyectum.com\/pe\/wp-json\/wp\/v2\/media\/9377"}],"wp:attachment":[{"href":"https:\/\/proyectum.com\/pe\/wp-json\/wp\/v2\/media?parent=9375"}],"wp:term":[{"taxonomy":"category","embeddable":true,"href":"https:\/\/proyectum.com\/pe\/wp-json\/wp\/v2\/categories?post=9375"},{"taxonomy":"post_tag","embeddable":true,"href":"https:\/\/proyectum.com\/pe\/wp-json\/wp\/v2\/tags?post=9375"}],"curies":[{"name":"wp","href":"https:\/\/api.w.org\/{rel}","templated":true}]}}