{"id":9380,"date":"2021-03-22T17:41:02","date_gmt":"2021-03-22T20:41:02","guid":{"rendered":"https:\/\/www.proyectum.com\/sistema\/?p=9380"},"modified":"2021-03-22T17:41:02","modified_gmt":"2021-03-22T20:41:02","slug":"la-tragedia-de-lo-obvio","status":"publish","type":"post","link":"https:\/\/proyectum.com\/pe\/la-tragedia-de-lo-obvio\/","title":{"rendered":"La tragedia de lo obvio"},"content":{"rendered":"<p style=\"text-align: right;\">Por: Leandro Herrero, MD<\/p>\n<p style=\"text-align: right;\">Traducido y adaptado por: Jorge Vald\u00e9s Garciatorres, MDO, PMP<\/p>\n<blockquote><p>\u201cUn hombre dirig\u00eda una caravana de burros y cruzaba la frontera casi todos los d\u00edas, volviendo con aparentemente la misma caravana. <strong>Cada burro llevaba dos sacos de arena<\/strong>, uno a cada lado.<\/p>\n<p>El guardia fronterizo se sinti\u00f3 cada vez m\u00e1s intrigado y sospech\u00f3 que el hombre llevaba algo de contrabando, escondido en esos sacos. Muy a menudo deten\u00eda al hombre con la caravana y registraba los sacos, para encontrar arena y m\u00e1s arena.<\/p>\n<p>A lo largo de los a\u00f1os, esta pr\u00e1ctica continu\u00f3 y el guardia fronteriza nunca pudo encontrar nada en esas bolsas.<\/p>\n<p>Un d\u00eda, el guardia fronterizo se retir\u00f3. Una vez retirado, volvi\u00f3 a la frontera y vio al hombre con la misma caravana.<\/p>\n<p>\u00abMira, ya no estoy en una posici\u00f3n de autoridad. Os he estado vigilando, parando y registrando vuestras bolsas. No he encontrado nada. Pero todav\u00eda <strong>estoy convencido de que est\u00e1s contrabandeando algo<\/strong>. \u00bfQuieres dec\u00edrmelo ahora? \u00bfQu\u00e9 est\u00e1s contrabandeando?\u00bb<\/p>\n<p>A lo que el hombre respondi\u00f3: burros.\u201d<\/p><\/blockquote>\n<p>(El l\u00edder de las siete caras, 2006).<\/p>\n<p><strong>Lo evidente<\/strong> (obvio, del lat\u00edn ob viam o &#8216;en el camino&#8217;) <strong>a veces no se ve<\/strong>. Esa piedra bastante embarazosa en el camino que no viste. \u00a1Ouch! Ese amigo de la calle que no has reconocido. Vale, podr\u00eda ser peor. Adem\u00e1s, <strong>lo obvio es un t\u00e9rmino bastante problem\u00e1tico en la vida organizativa<\/strong>. &#8216;Es obvio&#8217; a menudo implica, no tengo que pensar demasiado en ello, est\u00e1 claro. L\u00e9ase, <strong>una receta para el pensamiento acr\u00edtico<\/strong>.<\/p>\n<p>Pero podr\u00eda extenderme durante horas, s\u00f3lo para socavar el poder del cuento del burro. Lo dejar\u00e9 a su memoria. <strong>S\u00f3lo vea esos burros frente a usted, \u00bflo har\u00e1?<\/strong><\/p>\n<p>_______________<\/p>\n<p>Para ver el articulo original por favor da clic en esta <a href=\"https:\/\/leandroherrero.com\/the-tragedy-of-the-obvious-2\/\" target=\"_blank\" rel=\"noopener\">liga<\/a><\/p>\n<p>\u00a9 The Chalfont Project Limited 2021. All rights reserved<\/p>\n<p>All articles supplied by [The Chalfont Project Limited] whether by access to digital resources or directly to any individual or company (collectively \u201cthe Content\u201d) are copyright The Chalfont Project Limited. Copying, reproducing, distributing, modifying, or transmitting the Content or any part of the Content is prohibited. Other than as expressly granted to any person or organization, no rights over the Content are granted or implied. \u201cViral Change\u2122\u201d is a registered trademark of The Chalfont Project Limited\u00a0(TCP). The Chalfont Project has granted permission for Proyectum to publish material in Spanish on their company Blog. Material must be represented in its original form and clearly marked\u00a0as copyrighted material. No other licenses or permission for use or publication is allowed or implied\u00a0by this agreement.<\/p>\n","protected":false},"excerpt":{"rendered":"<p>Por: Leandro Herrero, MD Traducido y adaptado por: Jorge Vald\u00e9s Garciatorres, MDO, PMP \u201cUn hombre dirig\u00eda una caravana de burros y cruzaba la frontera casi todos los d\u00edas, volviendo con aparentemente la misma caravana. Cada burro llevaba dos sacos de arena, uno a cada lado. El guardia fronterizo se sinti\u00f3 cada vez m\u00e1s intrigado y [&hellip;]<\/p>\n","protected":false},"author":26,"featured_media":9381,"comment_status":"closed","ping_status":"closed","sticky":false,"template":"","format":"standard","meta":{"_acf_changed":false,"footnotes":""},"categories":[572],"tags":[630,622,631,632],"class_list":["post-9380","post","type-post","status-publish","format-standard","has-post-thumbnail","hentry","category-transformacion-y-cambio","tag-la-tragedia-de-lo-obvio","tag-leandro-herrero","tag-lo-evidente-a-veces-no-se-ve","tag-lo-obvio-es-un-termino-bastante-problematico-en-la-vida-organizativa"],"acf":[],"yoast_head":"<!-- This site is optimized with the Yoast SEO plugin v24.4 - https:\/\/yoast.com\/wordpress\/plugins\/seo\/ -->\n<title>La tragedia de lo obvio - Proyectum Per\u00fa<\/title>\n<meta name=\"robots\" content=\"index, follow, max-snippet:-1, max-image-preview:large, max-video-preview:-1\" \/>\n<link rel=\"canonical\" href=\"https:\/\/proyectum.com\/pe\/la-tragedia-de-lo-obvio\/\" \/>\n<meta property=\"og:locale\" content=\"es_ES\" \/>\n<meta property=\"og:type\" content=\"article\" \/>\n<meta property=\"og:title\" content=\"La tragedia de lo obvio - Proyectum Per\u00fa\" \/>\n<meta property=\"og:description\" content=\"Por: Leandro Herrero, MD Traducido y adaptado por: Jorge Vald\u00e9s Garciatorres, MDO, PMP \u201cUn hombre dirig\u00eda una caravana de burros y cruzaba la frontera casi todos los d\u00edas, volviendo con aparentemente la misma caravana. Cada burro llevaba dos sacos de arena, uno a cada lado. El guardia fronterizo se sinti\u00f3 cada vez m\u00e1s intrigado y [&hellip;]\" \/>\n<meta property=\"og:url\" content=\"https:\/\/proyectum.com\/pe\/la-tragedia-de-lo-obvio\/\" \/>\n<meta property=\"og:site_name\" content=\"Proyectum Per\u00fa\" \/>\n<meta property=\"article:publisher\" content=\"https:\/\/www.facebook.com\/proyectum.pe\/\" \/>\n<meta property=\"article:published_time\" content=\"2021-03-22T20:41:02+00:00\" \/>\n<meta property=\"og:image\" content=\"https:\/\/proyectum.com\/pe\/wp-content\/uploads\/2021\/03\/Burros-Obvio.jpg\" \/>\n\t<meta property=\"og:image:width\" content=\"1700\" \/>\n\t<meta property=\"og:image:height\" content=\"1214\" \/>\n\t<meta property=\"og:image:type\" content=\"image\/jpeg\" \/>\n<meta name=\"author\" content=\"Proyectum 2024\" \/>\n<meta name=\"twitter:card\" content=\"summary_large_image\" \/>\n<meta name=\"twitter:label1\" content=\"Escrito por\" \/>\n\t<meta name=\"twitter:data1\" content=\"Proyectum 2024\" \/>\n\t<meta name=\"twitter:label2\" content=\"Tiempo de lectura\" \/>\n\t<meta name=\"twitter:data2\" content=\"2 minutos\" \/>\n<script type=\"application\/ld+json\" class=\"yoast-schema-graph\">{\"@context\":\"https:\/\/schema.org\",\"@graph\":[{\"@type\":\"Article\",\"@id\":\"https:\/\/proyectum.com\/pe\/la-tragedia-de-lo-obvio\/#article\",\"isPartOf\":{\"@id\":\"https:\/\/proyectum.com\/pe\/la-tragedia-de-lo-obvio\/\"},\"author\":{\"name\":\"Proyectum 2024\",\"@id\":\"https:\/\/proyectum.com\/pe\/#\/schema\/person\/784b10060c51822d857e3004ea132bb4\"},\"headline\":\"La tragedia de lo obvio\",\"datePublished\":\"2021-03-22T20:41:02+00:00\",\"mainEntityOfPage\":{\"@id\":\"https:\/\/proyectum.com\/pe\/la-tragedia-de-lo-obvio\/\"},\"wordCount\":452,\"publisher\":{\"@id\":\"https:\/\/proyectum.com\/pe\/#organization\"},\"image\":{\"@id\":\"https:\/\/proyectum.com\/pe\/la-tragedia-de-lo-obvio\/#primaryimage\"},\"thumbnailUrl\":\"https:\/\/proyectum.com\/pe\/wp-content\/uploads\/2021\/03\/Burros-Obvio.jpg\",\"keywords\":[\"La tragedia de lo obvio\",\"Leandro Herrero\",\"lo evidente a veces no se ve\",\"lo obvio es un t\u00e9rmino bastante problem\u00e1tico en la vida organizativa\"],\"articleSection\":[\"Transformaci\u00f3n y cambio\"],\"inLanguage\":\"es\"},{\"@type\":\"WebPage\",\"@id\":\"https:\/\/proyectum.com\/pe\/la-tragedia-de-lo-obvio\/\",\"url\":\"https:\/\/proyectum.com\/pe\/la-tragedia-de-lo-obvio\/\",\"name\":\"La tragedia de lo obvio - Proyectum Per\u00fa\",\"isPartOf\":{\"@id\":\"https:\/\/proyectum.com\/pe\/#website\"},\"primaryImageOfPage\":{\"@id\":\"https:\/\/proyectum.com\/pe\/la-tragedia-de-lo-obvio\/#primaryimage\"},\"image\":{\"@id\":\"https:\/\/proyectum.com\/pe\/la-tragedia-de-lo-obvio\/#primaryimage\"},\"thumbnailUrl\":\"https:\/\/proyectum.com\/pe\/wp-content\/uploads\/2021\/03\/Burros-Obvio.jpg\",\"datePublished\":\"2021-03-22T20:41:02+00:00\",\"breadcrumb\":{\"@id\":\"https:\/\/proyectum.com\/pe\/la-tragedia-de-lo-obvio\/#breadcrumb\"},\"inLanguage\":\"es\",\"potentialAction\":[{\"@type\":\"ReadAction\",\"target\":[\"https:\/\/proyectum.com\/pe\/la-tragedia-de-lo-obvio\/\"]}]},{\"@type\":\"ImageObject\",\"inLanguage\":\"es\",\"@id\":\"https:\/\/proyectum.com\/pe\/la-tragedia-de-lo-obvio\/#primaryimage\",\"url\":\"https:\/\/proyectum.com\/pe\/wp-content\/uploads\/2021\/03\/Burros-Obvio.jpg\",\"contentUrl\":\"https:\/\/proyectum.com\/pe\/wp-content\/uploads\/2021\/03\/Burros-Obvio.jpg\",\"width\":1700,\"height\":1214,\"caption\":\"Burros Obvio\"},{\"@type\":\"BreadcrumbList\",\"@id\":\"https:\/\/proyectum.com\/pe\/la-tragedia-de-lo-obvio\/#breadcrumb\",\"itemListElement\":[{\"@type\":\"ListItem\",\"position\":1,\"name\":\"Home\",\"item\":\"https:\/\/proyectum.com\/pe\/\"},{\"@type\":\"ListItem\",\"position\":2,\"name\":\"La tragedia de lo obvio\"}]},{\"@type\":\"WebSite\",\"@id\":\"https:\/\/proyectum.com\/pe\/#website\",\"url\":\"https:\/\/proyectum.com\/pe\/\",\"name\":\"Proyectum Per\u00fa\",\"description\":\"Direcci\u00f3n de Proyectos y Metodolog\u00edas \u00c1giles\",\"publisher\":{\"@id\":\"https:\/\/proyectum.com\/pe\/#organization\"},\"potentialAction\":[{\"@type\":\"SearchAction\",\"target\":{\"@type\":\"EntryPoint\",\"urlTemplate\":\"https:\/\/proyectum.com\/pe\/?s={search_term_string}\"},\"query-input\":{\"@type\":\"PropertyValueSpecification\",\"valueRequired\":true,\"valueName\":\"search_term_string\"}}],\"inLanguage\":\"es\"},{\"@type\":\"Organization\",\"@id\":\"https:\/\/proyectum.com\/pe\/#organization\",\"name\":\"Proyectum Per\u00fa\",\"url\":\"https:\/\/proyectum.com\/pe\/\",\"logo\":{\"@type\":\"ImageObject\",\"inLanguage\":\"es\",\"@id\":\"https:\/\/proyectum.com\/pe\/#\/schema\/logo\/image\/\",\"url\":\"https:\/\/proyectum.com\/pe\/wp-content\/uploads\/2020\/04\/proyectum-logo-snippet.png\",\"contentUrl\":\"https:\/\/proyectum.com\/pe\/wp-content\/uploads\/2020\/04\/proyectum-logo-snippet.png\",\"width\":600,\"height\":315,\"caption\":\"Proyectum Per\u00fa\"},\"image\":{\"@id\":\"https:\/\/proyectum.com\/pe\/#\/schema\/logo\/image\/\"},\"sameAs\":[\"https:\/\/www.facebook.com\/proyectum.pe\/\",\"https:\/\/www.instagram.com\/proyectum.pe\/\",\"https:\/\/www.linkedin.com\/company\/proyectumperu\/\",\"https:\/\/www.youtube.com\/@proyectum2283\/videos\"]},{\"@type\":\"Person\",\"@id\":\"https:\/\/proyectum.com\/pe\/#\/schema\/person\/784b10060c51822d857e3004ea132bb4\",\"name\":\"Proyectum 2024\",\"image\":{\"@type\":\"ImageObject\",\"inLanguage\":\"es\",\"@id\":\"https:\/\/proyectum.com\/pe\/#\/schema\/person\/image\/\",\"url\":\"https:\/\/secure.gravatar.com\/avatar\/df82793fddd8f0a5a84fdb27d958bf73?s=96&d=mm&r=g\",\"contentUrl\":\"https:\/\/secure.gravatar.com\/avatar\/df82793fddd8f0a5a84fdb27d958bf73?s=96&d=mm&r=g\",\"caption\":\"Proyectum 2024\"}}]}<\/script>\n<!-- \/ Yoast SEO plugin. -->","yoast_head_json":{"title":"La tragedia de lo obvio - Proyectum Per\u00fa","robots":{"index":"index","follow":"follow","max-snippet":"max-snippet:-1","max-image-preview":"max-image-preview:large","max-video-preview":"max-video-preview:-1"},"canonical":"https:\/\/proyectum.com\/pe\/la-tragedia-de-lo-obvio\/","og_locale":"es_ES","og_type":"article","og_title":"La tragedia de lo obvio - Proyectum Per\u00fa","og_description":"Por: Leandro Herrero, MD Traducido y adaptado por: Jorge Vald\u00e9s Garciatorres, MDO, PMP \u201cUn hombre dirig\u00eda una caravana de burros y cruzaba la frontera casi todos los d\u00edas, volviendo con aparentemente la misma caravana. Cada burro llevaba dos sacos de arena, uno a cada lado. El guardia fronterizo se sinti\u00f3 cada vez m\u00e1s intrigado y [&hellip;]","og_url":"https:\/\/proyectum.com\/pe\/la-tragedia-de-lo-obvio\/","og_site_name":"Proyectum Per\u00fa","article_publisher":"https:\/\/www.facebook.com\/proyectum.pe\/","article_published_time":"2021-03-22T20:41:02+00:00","og_image":[{"width":1700,"height":1214,"url":"https:\/\/proyectum.com\/pe\/wp-content\/uploads\/2021\/03\/Burros-Obvio.jpg","type":"image\/jpeg"}],"author":"Proyectum 2024","twitter_card":"summary_large_image","twitter_misc":{"Escrito por":"Proyectum 2024","Tiempo de lectura":"2 minutos"},"schema":{"@context":"https:\/\/schema.org","@graph":[{"@type":"Article","@id":"https:\/\/proyectum.com\/pe\/la-tragedia-de-lo-obvio\/#article","isPartOf":{"@id":"https:\/\/proyectum.com\/pe\/la-tragedia-de-lo-obvio\/"},"author":{"name":"Proyectum 2024","@id":"https:\/\/proyectum.com\/pe\/#\/schema\/person\/784b10060c51822d857e3004ea132bb4"},"headline":"La tragedia de lo obvio","datePublished":"2021-03-22T20:41:02+00:00","mainEntityOfPage":{"@id":"https:\/\/proyectum.com\/pe\/la-tragedia-de-lo-obvio\/"},"wordCount":452,"publisher":{"@id":"https:\/\/proyectum.com\/pe\/#organization"},"image":{"@id":"https:\/\/proyectum.com\/pe\/la-tragedia-de-lo-obvio\/#primaryimage"},"thumbnailUrl":"https:\/\/proyectum.com\/pe\/wp-content\/uploads\/2021\/03\/Burros-Obvio.jpg","keywords":["La tragedia de lo obvio","Leandro Herrero","lo evidente a veces no se ve","lo obvio es un t\u00e9rmino bastante problem\u00e1tico en la vida organizativa"],"articleSection":["Transformaci\u00f3n y cambio"],"inLanguage":"es"},{"@type":"WebPage","@id":"https:\/\/proyectum.com\/pe\/la-tragedia-de-lo-obvio\/","url":"https:\/\/proyectum.com\/pe\/la-tragedia-de-lo-obvio\/","name":"La tragedia de lo obvio - Proyectum Per\u00fa","isPartOf":{"@id":"https:\/\/proyectum.com\/pe\/#website"},"primaryImageOfPage":{"@id":"https:\/\/proyectum.com\/pe\/la-tragedia-de-lo-obvio\/#primaryimage"},"image":{"@id":"https:\/\/proyectum.com\/pe\/la-tragedia-de-lo-obvio\/#primaryimage"},"thumbnailUrl":"https:\/\/proyectum.com\/pe\/wp-content\/uploads\/2021\/03\/Burros-Obvio.jpg","datePublished":"2021-03-22T20:41:02+00:00","breadcrumb":{"@id":"https:\/\/proyectum.com\/pe\/la-tragedia-de-lo-obvio\/#breadcrumb"},"inLanguage":"es","potentialAction":[{"@type":"ReadAction","target":["https:\/\/proyectum.com\/pe\/la-tragedia-de-lo-obvio\/"]}]},{"@type":"ImageObject","inLanguage":"es","@id":"https:\/\/proyectum.com\/pe\/la-tragedia-de-lo-obvio\/#primaryimage","url":"https:\/\/proyectum.com\/pe\/wp-content\/uploads\/2021\/03\/Burros-Obvio.jpg","contentUrl":"https:\/\/proyectum.com\/pe\/wp-content\/uploads\/2021\/03\/Burros-Obvio.jpg","width":1700,"height":1214,"caption":"Burros Obvio"},{"@type":"BreadcrumbList","@id":"https:\/\/proyectum.com\/pe\/la-tragedia-de-lo-obvio\/#breadcrumb","itemListElement":[{"@type":"ListItem","position":1,"name":"Home","item":"https:\/\/proyectum.com\/pe\/"},{"@type":"ListItem","position":2,"name":"La tragedia de lo obvio"}]},{"@type":"WebSite","@id":"https:\/\/proyectum.com\/pe\/#website","url":"https:\/\/proyectum.com\/pe\/","name":"Proyectum Per\u00fa","description":"Direcci\u00f3n de Proyectos y Metodolog\u00edas \u00c1giles","publisher":{"@id":"https:\/\/proyectum.com\/pe\/#organization"},"potentialAction":[{"@type":"SearchAction","target":{"@type":"EntryPoint","urlTemplate":"https:\/\/proyectum.com\/pe\/?s={search_term_string}"},"query-input":{"@type":"PropertyValueSpecification","valueRequired":true,"valueName":"search_term_string"}}],"inLanguage":"es"},{"@type":"Organization","@id":"https:\/\/proyectum.com\/pe\/#organization","name":"Proyectum Per\u00fa","url":"https:\/\/proyectum.com\/pe\/","logo":{"@type":"ImageObject","inLanguage":"es","@id":"https:\/\/proyectum.com\/pe\/#\/schema\/logo\/image\/","url":"https:\/\/proyectum.com\/pe\/wp-content\/uploads\/2020\/04\/proyectum-logo-snippet.png","contentUrl":"https:\/\/proyectum.com\/pe\/wp-content\/uploads\/2020\/04\/proyectum-logo-snippet.png","width":600,"height":315,"caption":"Proyectum Per\u00fa"},"image":{"@id":"https:\/\/proyectum.com\/pe\/#\/schema\/logo\/image\/"},"sameAs":["https:\/\/www.facebook.com\/proyectum.pe\/","https:\/\/www.instagram.com\/proyectum.pe\/","https:\/\/www.linkedin.com\/company\/proyectumperu\/","https:\/\/www.youtube.com\/@proyectum2283\/videos"]},{"@type":"Person","@id":"https:\/\/proyectum.com\/pe\/#\/schema\/person\/784b10060c51822d857e3004ea132bb4","name":"Proyectum 2024","image":{"@type":"ImageObject","inLanguage":"es","@id":"https:\/\/proyectum.com\/pe\/#\/schema\/person\/image\/","url":"https:\/\/secure.gravatar.com\/avatar\/df82793fddd8f0a5a84fdb27d958bf73?s=96&d=mm&r=g","contentUrl":"https:\/\/secure.gravatar.com\/avatar\/df82793fddd8f0a5a84fdb27d958bf73?s=96&d=mm&r=g","caption":"Proyectum 2024"}}]}},"_links":{"self":[{"href":"https:\/\/proyectum.com\/pe\/wp-json\/wp\/v2\/posts\/9380","targetHints":{"allow":["GET"]}}],"collection":[{"href":"https:\/\/proyectum.com\/pe\/wp-json\/wp\/v2\/posts"}],"about":[{"href":"https:\/\/proyectum.com\/pe\/wp-json\/wp\/v2\/types\/post"}],"author":[{"embeddable":true,"href":"https:\/\/proyectum.com\/pe\/wp-json\/wp\/v2\/users\/26"}],"replies":[{"embeddable":true,"href":"https:\/\/proyectum.com\/pe\/wp-json\/wp\/v2\/comments?post=9380"}],"version-history":[{"count":0,"href":"https:\/\/proyectum.com\/pe\/wp-json\/wp\/v2\/posts\/9380\/revisions"}],"wp:featuredmedia":[{"embeddable":true,"href":"https:\/\/proyectum.com\/pe\/wp-json\/wp\/v2\/media\/9381"}],"wp:attachment":[{"href":"https:\/\/proyectum.com\/pe\/wp-json\/wp\/v2\/media?parent=9380"}],"wp:term":[{"taxonomy":"category","embeddable":true,"href":"https:\/\/proyectum.com\/pe\/wp-json\/wp\/v2\/categories?post=9380"},{"taxonomy":"post_tag","embeddable":true,"href":"https:\/\/proyectum.com\/pe\/wp-json\/wp\/v2\/tags?post=9380"}],"curies":[{"name":"wp","href":"https:\/\/api.w.org\/{rel}","templated":true}]}}