{"id":9422,"date":"2021-04-13T11:59:17","date_gmt":"2021-04-13T14:59:17","guid":{"rendered":"https:\/\/www.proyectum.com\/sistema\/?p=9422"},"modified":"2021-04-13T11:59:17","modified_gmt":"2021-04-13T14:59:17","slug":"el-andamiaje-del-liderazgo-probemos-este-modelo-mental","status":"publish","type":"post","link":"https:\/\/proyectum.com\/pe\/el-andamiaje-del-liderazgo-probemos-este-modelo-mental\/","title":{"rendered":"El andamiaje del liderazgo: Probemos este modelo mental"},"content":{"rendered":"<p style=\"text-align: right;\">Por: Leandro Herrero, MD<\/p>\n<p style=\"text-align: right;\">Traducido y adaptado por: Jorge Vald\u00e9s Garciatorres, MDO, PMP<\/p>\n<p><strong>El liderazgo se puede ense\u00f1ar, por supuesto<\/strong>, pero no de la misma manera que se ense\u00f1a a conducir un coche o a cocinar un risotto.<\/p>\n<p>Me gusta el t\u00e9rmino <strong>andamiaje del liderazgo<\/strong>. Significa que se proporcionan las herramientas y los modelos para practicar el liderazgo, y para mejorar en \u00e9l, con alg\u00fan tipo de sistema de apoyo y red de seguridad.<\/p>\n<p>La gente no puede hacerlo por ti. <strong>El liderazgo es una pr\u00e1ctica<\/strong>. <strong>El desarrollo del liderazgo no necesita ni m\u00e1s ni menos que un andamiaje de liderazgo<\/strong>.<\/p>\n<p>La ense\u00f1anza, la lectura, la observaci\u00f3n de modelos de conducta, la retroalimentaci\u00f3n de 360 grados exagerada, la evaluaci\u00f3n, los ejercicios de simulaci\u00f3n, la creaci\u00f3n de equipos asociados y el discurso motivacional, forman parte de ese andamiaje. Pero s\u00f3lo t\u00fa est\u00e1s arriba del andamio movi\u00e9ndote.<\/p>\n<p><strong>El andamiaje del liderazgo es dif\u00edcil porque no es universal<\/strong>. Tiene que adaptarse al individuo, o al grupo en el caso del liderazgo colectivo. Cuando se trata de liderazgo, algunas personas reaccionan bien a las analog\u00edas deportivas, otras las odian. Algunos absorber\u00e1n la lectura inspiradora, otros la desechar\u00e1n. Algunos necesitar\u00e1n y acoger\u00e1n con agrado conjuntos de herramientas espec\u00edficas y de instrucciones, mientras que a otros no les gustar\u00e1n los modelos est\u00e1ndar. Y, sin embargo, todas estas piezas tienen un papel.<\/p>\n<p>Mi posici\u00f3n personal es que el liderazgo (desarrollo, mejora, andamiaje) debe ser adaptado desde cero todo el tiempo. En los \u00faltimos meses, he elaborado un plan completo para uno de mis mejores clientes. Me encontr\u00e9 escudri\u00f1ando todo lo que sab\u00eda sobre el cliente y sus necesidades a mediano plazo para impulsar el siguiente nivel de posibilidades. Tambi\u00e9n me encontr\u00e9 descartando muchos temas muy razonables en favor de lo que ser\u00eda \u00fanico para el cliente. Cuando termin\u00e9 mis rondas de investigaci\u00f3n, reflexi\u00f3n y pensamiento, hab\u00eda construido un plan que, sobre el papel, s\u00f3lo ese cliente pod\u00eda entender.<\/p>\n<p>Hab\u00eda algo puro en la intransferibilidad del plan. Al fin y al cabo, <strong>el andamiaje estaba hecho a la medida<\/strong> de su edificio \u00fanico. Fuera de ese contexto, no significaba nada. Por cierto, lo disfrut\u00e9 enormemente, pero tambi\u00e9n fue bastante m\u00e1s cansado de lo que pensaba, aunque sobre el papel pareciera poco pretencioso.<\/p>\n<p>Supongo que se puede decir lo mismo del coaching. <strong>El coaching tambi\u00e9n es una forma de andamiaje humano<\/strong>. Por cierto, algo que no hago, a pesar de que todo el mundo supone lo contrario dada mi formaci\u00f3n psiqui\u00e1trica.<\/p>\n<p><strong>Te sugiero que la pr\u00f3xima vez que pienses en el desarrollo de tu equipo, pienses en \u00abandamiarlo\u00bb<\/strong>. Es posible que este marco en s\u00ed mismo pueda desencadenar un mont\u00f3n de nuevas ideas.<\/p>\n<p>_______________<\/p>\n<p>Para ver el articulo original por favor da clic en esta <a href=\"https:\/\/leandroherrero.com\/leadership-scaffolding-lets-try-this-mental-model-2\/\" target=\"_blank\" rel=\"noopener\">liga<\/a><\/p>\n<p>\u00a9 The Chalfont Project Limited 2021. All rights reserved<\/p>\n<p>All articles supplied by [The Chalfont Project Limited] whether by access to digital resources or directly to any individual or company (collectively \u201cthe Content\u201d) are copyright The Chalfont Project Limited. Copying, reproducing, distributing, modifying, or transmitting the Content or any part of the Content is prohibited. Other than as expressly granted to any person or organization, no rights over the Content are granted or implied. \u201cViral Change\u2122\u201d is a registered trademark of The Chalfont Project Limited\u00a0(TCP). The Chalfont Project has granted permission for Proyectum to publish material in Spanish on their company Blog. Material must be represented in its original form and clearly marked\u00a0as copyrighted material. No other licenses or permission for use or publication is allowed or implied\u00a0by this agreement.<\/p>\n","protected":false},"excerpt":{"rendered":"<p>Por: Leandro Herrero, MD Traducido y adaptado por: Jorge Vald\u00e9s Garciatorres, MDO, PMP El liderazgo se puede ense\u00f1ar, por supuesto, pero no de la misma manera que se ense\u00f1a a conducir un coche o a cocinar un risotto. Me gusta el t\u00e9rmino andamiaje del liderazgo. Significa que se proporcionan las herramientas y los modelos para [&hellip;]<\/p>\n","protected":false},"author":26,"featured_media":9424,"comment_status":"closed","ping_status":"closed","sticky":false,"template":"","format":"standard","meta":{"_acf_changed":false,"footnotes":""},"categories":[370,572],"tags":[638,639,640,641,642],"class_list":["post-9422","post","type-post","status-publish","format-standard","has-post-thumbnail","hentry","category-liderazgo","category-transformacion-y-cambio","tag-andamiaje-del-liderazgo","tag-el-andamiaje-del-liderazgo-es-dificil-porque-no-es-universal","tag-el-liderazgo-es-una-practica","tag-el-liderazgo-se-puede-ensenar","tag-necesita-un-andamiaje-de-liderazgo"],"acf":[],"yoast_head":"<!-- This site is optimized with the Yoast SEO plugin v24.4 - https:\/\/yoast.com\/wordpress\/plugins\/seo\/ -->\n<title>El andamiaje del liderazgo: Probemos este modelo mental - Proyectum Per\u00fa<\/title>\n<meta name=\"robots\" content=\"index, follow, max-snippet:-1, max-image-preview:large, max-video-preview:-1\" \/>\n<link rel=\"canonical\" href=\"https:\/\/proyectum.com\/pe\/el-andamiaje-del-liderazgo-probemos-este-modelo-mental\/\" \/>\n<meta property=\"og:locale\" content=\"es_ES\" \/>\n<meta property=\"og:type\" content=\"article\" \/>\n<meta property=\"og:title\" content=\"El andamiaje del liderazgo: Probemos este modelo mental - Proyectum Per\u00fa\" \/>\n<meta property=\"og:description\" content=\"Por: Leandro Herrero, MD Traducido y adaptado por: Jorge Vald\u00e9s Garciatorres, MDO, PMP El liderazgo se puede ense\u00f1ar, por supuesto, pero no de la misma manera que se ense\u00f1a a conducir un coche o a cocinar un risotto. Me gusta el t\u00e9rmino andamiaje del liderazgo. Significa que se proporcionan las herramientas y los modelos para [&hellip;]\" \/>\n<meta property=\"og:url\" content=\"https:\/\/proyectum.com\/pe\/el-andamiaje-del-liderazgo-probemos-este-modelo-mental\/\" \/>\n<meta property=\"og:site_name\" content=\"Proyectum Per\u00fa\" \/>\n<meta property=\"article:publisher\" content=\"https:\/\/www.facebook.com\/proyectum.pe\/\" \/>\n<meta property=\"article:published_time\" content=\"2021-04-13T14:59:17+00:00\" \/>\n<meta property=\"og:image\" content=\"https:\/\/proyectum.com\/pe\/wp-content\/uploads\/2021\/04\/Lider-andamiaje.jpg\" \/>\n\t<meta property=\"og:image:width\" content=\"1700\" \/>\n\t<meta property=\"og:image:height\" content=\"1133\" \/>\n\t<meta property=\"og:image:type\" content=\"image\/jpeg\" \/>\n<meta name=\"author\" content=\"Proyectum 2024\" \/>\n<meta name=\"twitter:card\" content=\"summary_large_image\" \/>\n<meta name=\"twitter:label1\" content=\"Escrito por\" \/>\n\t<meta name=\"twitter:data1\" content=\"Proyectum 2024\" \/>\n\t<meta name=\"twitter:label2\" content=\"Tiempo de lectura\" \/>\n\t<meta name=\"twitter:data2\" content=\"3 minutos\" \/>\n<script type=\"application\/ld+json\" class=\"yoast-schema-graph\">{\"@context\":\"https:\/\/schema.org\",\"@graph\":[{\"@type\":\"Article\",\"@id\":\"https:\/\/proyectum.com\/pe\/el-andamiaje-del-liderazgo-probemos-este-modelo-mental\/#article\",\"isPartOf\":{\"@id\":\"https:\/\/proyectum.com\/pe\/el-andamiaje-del-liderazgo-probemos-este-modelo-mental\/\"},\"author\":{\"name\":\"Proyectum 2024\",\"@id\":\"https:\/\/proyectum.com\/pe\/#\/schema\/person\/784b10060c51822d857e3004ea132bb4\"},\"headline\":\"El andamiaje del liderazgo: Probemos este modelo mental\",\"datePublished\":\"2021-04-13T14:59:17+00:00\",\"mainEntityOfPage\":{\"@id\":\"https:\/\/proyectum.com\/pe\/el-andamiaje-del-liderazgo-probemos-este-modelo-mental\/\"},\"wordCount\":637,\"publisher\":{\"@id\":\"https:\/\/proyectum.com\/pe\/#organization\"},\"image\":{\"@id\":\"https:\/\/proyectum.com\/pe\/el-andamiaje-del-liderazgo-probemos-este-modelo-mental\/#primaryimage\"},\"thumbnailUrl\":\"https:\/\/proyectum.com\/pe\/wp-content\/uploads\/2021\/04\/Lider-andamiaje.jpg\",\"keywords\":[\"andamiaje del liderazgo\",\"El andamiaje del liderazgo es dif\u00edcil porque no es universal\",\"El liderazgo es una pr\u00e1ctica\",\"El liderazgo se puede ense\u00f1ar\",\"necesita un andamiaje de liderazgo\"],\"articleSection\":[\"Liderazgo\",\"Transformaci\u00f3n y cambio\"],\"inLanguage\":\"es\"},{\"@type\":\"WebPage\",\"@id\":\"https:\/\/proyectum.com\/pe\/el-andamiaje-del-liderazgo-probemos-este-modelo-mental\/\",\"url\":\"https:\/\/proyectum.com\/pe\/el-andamiaje-del-liderazgo-probemos-este-modelo-mental\/\",\"name\":\"El andamiaje del liderazgo: Probemos este modelo mental - Proyectum Per\u00fa\",\"isPartOf\":{\"@id\":\"https:\/\/proyectum.com\/pe\/#website\"},\"primaryImageOfPage\":{\"@id\":\"https:\/\/proyectum.com\/pe\/el-andamiaje-del-liderazgo-probemos-este-modelo-mental\/#primaryimage\"},\"image\":{\"@id\":\"https:\/\/proyectum.com\/pe\/el-andamiaje-del-liderazgo-probemos-este-modelo-mental\/#primaryimage\"},\"thumbnailUrl\":\"https:\/\/proyectum.com\/pe\/wp-content\/uploads\/2021\/04\/Lider-andamiaje.jpg\",\"datePublished\":\"2021-04-13T14:59:17+00:00\",\"breadcrumb\":{\"@id\":\"https:\/\/proyectum.com\/pe\/el-andamiaje-del-liderazgo-probemos-este-modelo-mental\/#breadcrumb\"},\"inLanguage\":\"es\",\"potentialAction\":[{\"@type\":\"ReadAction\",\"target\":[\"https:\/\/proyectum.com\/pe\/el-andamiaje-del-liderazgo-probemos-este-modelo-mental\/\"]}]},{\"@type\":\"ImageObject\",\"inLanguage\":\"es\",\"@id\":\"https:\/\/proyectum.com\/pe\/el-andamiaje-del-liderazgo-probemos-este-modelo-mental\/#primaryimage\",\"url\":\"https:\/\/proyectum.com\/pe\/wp-content\/uploads\/2021\/04\/Lider-andamiaje.jpg\",\"contentUrl\":\"https:\/\/proyectum.com\/pe\/wp-content\/uploads\/2021\/04\/Lider-andamiaje.jpg\",\"width\":1700,\"height\":1133,\"caption\":\"Lider andamiaje\"},{\"@type\":\"BreadcrumbList\",\"@id\":\"https:\/\/proyectum.com\/pe\/el-andamiaje-del-liderazgo-probemos-este-modelo-mental\/#breadcrumb\",\"itemListElement\":[{\"@type\":\"ListItem\",\"position\":1,\"name\":\"Home\",\"item\":\"https:\/\/proyectum.com\/pe\/\"},{\"@type\":\"ListItem\",\"position\":2,\"name\":\"El andamiaje del liderazgo: Probemos este modelo mental\"}]},{\"@type\":\"WebSite\",\"@id\":\"https:\/\/proyectum.com\/pe\/#website\",\"url\":\"https:\/\/proyectum.com\/pe\/\",\"name\":\"Proyectum Per\u00fa\",\"description\":\"Direcci\u00f3n de Proyectos y Metodolog\u00edas \u00c1giles\",\"publisher\":{\"@id\":\"https:\/\/proyectum.com\/pe\/#organization\"},\"potentialAction\":[{\"@type\":\"SearchAction\",\"target\":{\"@type\":\"EntryPoint\",\"urlTemplate\":\"https:\/\/proyectum.com\/pe\/?s={search_term_string}\"},\"query-input\":{\"@type\":\"PropertyValueSpecification\",\"valueRequired\":true,\"valueName\":\"search_term_string\"}}],\"inLanguage\":\"es\"},{\"@type\":\"Organization\",\"@id\":\"https:\/\/proyectum.com\/pe\/#organization\",\"name\":\"Proyectum Per\u00fa\",\"url\":\"https:\/\/proyectum.com\/pe\/\",\"logo\":{\"@type\":\"ImageObject\",\"inLanguage\":\"es\",\"@id\":\"https:\/\/proyectum.com\/pe\/#\/schema\/logo\/image\/\",\"url\":\"https:\/\/proyectum.com\/pe\/wp-content\/uploads\/2020\/04\/proyectum-logo-snippet.png\",\"contentUrl\":\"https:\/\/proyectum.com\/pe\/wp-content\/uploads\/2020\/04\/proyectum-logo-snippet.png\",\"width\":600,\"height\":315,\"caption\":\"Proyectum Per\u00fa\"},\"image\":{\"@id\":\"https:\/\/proyectum.com\/pe\/#\/schema\/logo\/image\/\"},\"sameAs\":[\"https:\/\/www.facebook.com\/proyectum.pe\/\",\"https:\/\/www.instagram.com\/proyectum.pe\/\",\"https:\/\/www.linkedin.com\/company\/proyectumperu\/\",\"https:\/\/www.youtube.com\/@proyectum2283\/videos\"]},{\"@type\":\"Person\",\"@id\":\"https:\/\/proyectum.com\/pe\/#\/schema\/person\/784b10060c51822d857e3004ea132bb4\",\"name\":\"Proyectum 2024\",\"image\":{\"@type\":\"ImageObject\",\"inLanguage\":\"es\",\"@id\":\"https:\/\/proyectum.com\/pe\/#\/schema\/person\/image\/\",\"url\":\"https:\/\/secure.gravatar.com\/avatar\/df82793fddd8f0a5a84fdb27d958bf73?s=96&d=mm&r=g\",\"contentUrl\":\"https:\/\/secure.gravatar.com\/avatar\/df82793fddd8f0a5a84fdb27d958bf73?s=96&d=mm&r=g\",\"caption\":\"Proyectum 2024\"}}]}<\/script>\n<!-- \/ Yoast SEO plugin. -->","yoast_head_json":{"title":"El andamiaje del liderazgo: Probemos este modelo mental - Proyectum Per\u00fa","robots":{"index":"index","follow":"follow","max-snippet":"max-snippet:-1","max-image-preview":"max-image-preview:large","max-video-preview":"max-video-preview:-1"},"canonical":"https:\/\/proyectum.com\/pe\/el-andamiaje-del-liderazgo-probemos-este-modelo-mental\/","og_locale":"es_ES","og_type":"article","og_title":"El andamiaje del liderazgo: Probemos este modelo mental - Proyectum Per\u00fa","og_description":"Por: Leandro Herrero, MD Traducido y adaptado por: Jorge Vald\u00e9s Garciatorres, MDO, PMP El liderazgo se puede ense\u00f1ar, por supuesto, pero no de la misma manera que se ense\u00f1a a conducir un coche o a cocinar un risotto. Me gusta el t\u00e9rmino andamiaje del liderazgo. Significa que se proporcionan las herramientas y los modelos para [&hellip;]","og_url":"https:\/\/proyectum.com\/pe\/el-andamiaje-del-liderazgo-probemos-este-modelo-mental\/","og_site_name":"Proyectum Per\u00fa","article_publisher":"https:\/\/www.facebook.com\/proyectum.pe\/","article_published_time":"2021-04-13T14:59:17+00:00","og_image":[{"width":1700,"height":1133,"url":"https:\/\/proyectum.com\/pe\/wp-content\/uploads\/2021\/04\/Lider-andamiaje.jpg","type":"image\/jpeg"}],"author":"Proyectum 2024","twitter_card":"summary_large_image","twitter_misc":{"Escrito por":"Proyectum 2024","Tiempo de lectura":"3 minutos"},"schema":{"@context":"https:\/\/schema.org","@graph":[{"@type":"Article","@id":"https:\/\/proyectum.com\/pe\/el-andamiaje-del-liderazgo-probemos-este-modelo-mental\/#article","isPartOf":{"@id":"https:\/\/proyectum.com\/pe\/el-andamiaje-del-liderazgo-probemos-este-modelo-mental\/"},"author":{"name":"Proyectum 2024","@id":"https:\/\/proyectum.com\/pe\/#\/schema\/person\/784b10060c51822d857e3004ea132bb4"},"headline":"El andamiaje del liderazgo: Probemos este modelo mental","datePublished":"2021-04-13T14:59:17+00:00","mainEntityOfPage":{"@id":"https:\/\/proyectum.com\/pe\/el-andamiaje-del-liderazgo-probemos-este-modelo-mental\/"},"wordCount":637,"publisher":{"@id":"https:\/\/proyectum.com\/pe\/#organization"},"image":{"@id":"https:\/\/proyectum.com\/pe\/el-andamiaje-del-liderazgo-probemos-este-modelo-mental\/#primaryimage"},"thumbnailUrl":"https:\/\/proyectum.com\/pe\/wp-content\/uploads\/2021\/04\/Lider-andamiaje.jpg","keywords":["andamiaje del liderazgo","El andamiaje del liderazgo es dif\u00edcil porque no es universal","El liderazgo es una pr\u00e1ctica","El liderazgo se puede ense\u00f1ar","necesita un andamiaje de liderazgo"],"articleSection":["Liderazgo","Transformaci\u00f3n y cambio"],"inLanguage":"es"},{"@type":"WebPage","@id":"https:\/\/proyectum.com\/pe\/el-andamiaje-del-liderazgo-probemos-este-modelo-mental\/","url":"https:\/\/proyectum.com\/pe\/el-andamiaje-del-liderazgo-probemos-este-modelo-mental\/","name":"El andamiaje del liderazgo: Probemos este modelo mental - Proyectum Per\u00fa","isPartOf":{"@id":"https:\/\/proyectum.com\/pe\/#website"},"primaryImageOfPage":{"@id":"https:\/\/proyectum.com\/pe\/el-andamiaje-del-liderazgo-probemos-este-modelo-mental\/#primaryimage"},"image":{"@id":"https:\/\/proyectum.com\/pe\/el-andamiaje-del-liderazgo-probemos-este-modelo-mental\/#primaryimage"},"thumbnailUrl":"https:\/\/proyectum.com\/pe\/wp-content\/uploads\/2021\/04\/Lider-andamiaje.jpg","datePublished":"2021-04-13T14:59:17+00:00","breadcrumb":{"@id":"https:\/\/proyectum.com\/pe\/el-andamiaje-del-liderazgo-probemos-este-modelo-mental\/#breadcrumb"},"inLanguage":"es","potentialAction":[{"@type":"ReadAction","target":["https:\/\/proyectum.com\/pe\/el-andamiaje-del-liderazgo-probemos-este-modelo-mental\/"]}]},{"@type":"ImageObject","inLanguage":"es","@id":"https:\/\/proyectum.com\/pe\/el-andamiaje-del-liderazgo-probemos-este-modelo-mental\/#primaryimage","url":"https:\/\/proyectum.com\/pe\/wp-content\/uploads\/2021\/04\/Lider-andamiaje.jpg","contentUrl":"https:\/\/proyectum.com\/pe\/wp-content\/uploads\/2021\/04\/Lider-andamiaje.jpg","width":1700,"height":1133,"caption":"Lider andamiaje"},{"@type":"BreadcrumbList","@id":"https:\/\/proyectum.com\/pe\/el-andamiaje-del-liderazgo-probemos-este-modelo-mental\/#breadcrumb","itemListElement":[{"@type":"ListItem","position":1,"name":"Home","item":"https:\/\/proyectum.com\/pe\/"},{"@type":"ListItem","position":2,"name":"El andamiaje del liderazgo: Probemos este modelo mental"}]},{"@type":"WebSite","@id":"https:\/\/proyectum.com\/pe\/#website","url":"https:\/\/proyectum.com\/pe\/","name":"Proyectum Per\u00fa","description":"Direcci\u00f3n de Proyectos y Metodolog\u00edas \u00c1giles","publisher":{"@id":"https:\/\/proyectum.com\/pe\/#organization"},"potentialAction":[{"@type":"SearchAction","target":{"@type":"EntryPoint","urlTemplate":"https:\/\/proyectum.com\/pe\/?s={search_term_string}"},"query-input":{"@type":"PropertyValueSpecification","valueRequired":true,"valueName":"search_term_string"}}],"inLanguage":"es"},{"@type":"Organization","@id":"https:\/\/proyectum.com\/pe\/#organization","name":"Proyectum Per\u00fa","url":"https:\/\/proyectum.com\/pe\/","logo":{"@type":"ImageObject","inLanguage":"es","@id":"https:\/\/proyectum.com\/pe\/#\/schema\/logo\/image\/","url":"https:\/\/proyectum.com\/pe\/wp-content\/uploads\/2020\/04\/proyectum-logo-snippet.png","contentUrl":"https:\/\/proyectum.com\/pe\/wp-content\/uploads\/2020\/04\/proyectum-logo-snippet.png","width":600,"height":315,"caption":"Proyectum Per\u00fa"},"image":{"@id":"https:\/\/proyectum.com\/pe\/#\/schema\/logo\/image\/"},"sameAs":["https:\/\/www.facebook.com\/proyectum.pe\/","https:\/\/www.instagram.com\/proyectum.pe\/","https:\/\/www.linkedin.com\/company\/proyectumperu\/","https:\/\/www.youtube.com\/@proyectum2283\/videos"]},{"@type":"Person","@id":"https:\/\/proyectum.com\/pe\/#\/schema\/person\/784b10060c51822d857e3004ea132bb4","name":"Proyectum 2024","image":{"@type":"ImageObject","inLanguage":"es","@id":"https:\/\/proyectum.com\/pe\/#\/schema\/person\/image\/","url":"https:\/\/secure.gravatar.com\/avatar\/df82793fddd8f0a5a84fdb27d958bf73?s=96&d=mm&r=g","contentUrl":"https:\/\/secure.gravatar.com\/avatar\/df82793fddd8f0a5a84fdb27d958bf73?s=96&d=mm&r=g","caption":"Proyectum 2024"}}]}},"_links":{"self":[{"href":"https:\/\/proyectum.com\/pe\/wp-json\/wp\/v2\/posts\/9422","targetHints":{"allow":["GET"]}}],"collection":[{"href":"https:\/\/proyectum.com\/pe\/wp-json\/wp\/v2\/posts"}],"about":[{"href":"https:\/\/proyectum.com\/pe\/wp-json\/wp\/v2\/types\/post"}],"author":[{"embeddable":true,"href":"https:\/\/proyectum.com\/pe\/wp-json\/wp\/v2\/users\/26"}],"replies":[{"embeddable":true,"href":"https:\/\/proyectum.com\/pe\/wp-json\/wp\/v2\/comments?post=9422"}],"version-history":[{"count":0,"href":"https:\/\/proyectum.com\/pe\/wp-json\/wp\/v2\/posts\/9422\/revisions"}],"wp:featuredmedia":[{"embeddable":true,"href":"https:\/\/proyectum.com\/pe\/wp-json\/wp\/v2\/media\/9424"}],"wp:attachment":[{"href":"https:\/\/proyectum.com\/pe\/wp-json\/wp\/v2\/media?parent=9422"}],"wp:term":[{"taxonomy":"category","embeddable":true,"href":"https:\/\/proyectum.com\/pe\/wp-json\/wp\/v2\/categories?post=9422"},{"taxonomy":"post_tag","embeddable":true,"href":"https:\/\/proyectum.com\/pe\/wp-json\/wp\/v2\/tags?post=9422"}],"curies":[{"name":"wp","href":"https:\/\/api.w.org\/{rel}","templated":true}]}}