{"id":9434,"date":"2021-04-19T08:38:39","date_gmt":"2021-04-19T11:38:39","guid":{"rendered":"https:\/\/www.proyectum.com\/sistema\/?p=9434"},"modified":"2021-04-19T08:38:39","modified_gmt":"2021-04-19T11:38:39","slug":"tres-preguntas-magicas-para-los-lideres","status":"publish","type":"post","link":"https:\/\/proyectum.com\/pe\/tres-preguntas-magicas-para-los-lideres\/","title":{"rendered":"Tres preguntas m\u00e1gicas para los l\u00edderes"},"content":{"rendered":"<p style=\"text-align: right;\">Por: Leandro Herrero, MD<\/p>\n<p style=\"text-align: right;\">Traducido y adaptado por: Jorge Vald\u00e9s Garciatorres, MDO, PMP<\/p>\n<p>&nbsp;<\/p>\n<h3><strong>1- \u00bfMe arrepentir\u00e9 de no haber hecho esto?<\/strong><\/h3>\n<p>Bezos, CEO de Amazon. Aqu\u00ed, de un art\u00edculo publicado hace unos a\u00f1os: &#8216;Cuando se enfrentan decisiones importantes y dif\u00edciles, Bezos es conocido por pregonar este marco como una forma de <strong>ayudar a su toma de decisiones<\/strong>. Cuando se le presenta una gran decisi\u00f3n o idea, piensa en el futuro, cuando tenga 80 a\u00f1os.\u00a0 Se pregunta: \u00ab<strong>\u00bfMe arrepentir\u00e9 de no haberlo hecho?<\/strong>\u00ab.\u00a0 Su objetivo en la vida es <strong>minimizar el n\u00famero de arrepentimientos<\/strong>, as\u00ed que sus decisiones se gu\u00edan por ese principio.\u00a0 Si Bezos de 80 a\u00f1os se arrepiente de no haberlo hecho, entonces <strong>seguir\u00e1 adelante con la idea<\/strong>.\u00a0 Prefiere mucho m\u00e1s intentar algo, aunque vaya a fracasar, que no intentarlo y arrepentirse despu\u00e9s&#8217;.<\/p>\n<h3>2. Si no es ahora, \u00bfcu\u00e1ndo?<\/h3>\n<p>Hillel el Viejo, rabino, muri\u00f3 en el a\u00f1o 10 DC. En realidad, aqu\u00ed tienes tres preguntas por el precio de una. Personalmente, debo confesar que han influido en m\u00ed m\u00e1s de lo que quiz\u00e1s me haya importado reconocer (aunque aparecen en muchos de mis libros y escritos).<\/p>\n<p>\u00abSi no soy para m\u00ed, \u00bfqui\u00e9n ser\u00e1 para m\u00ed?<br \/>\nPero si s\u00f3lo soy para m\u00ed, \u00bfqui\u00e9n soy?<br \/>\nSi no es ahora, \u00bfcu\u00e1ndo?\u00bb<\/p>\n<p>(\u00c9tica de los Padres, 1:14)<\/p>\n<h3>3. \u00bfQu\u00e9 les dir\u00e9 a los ni\u00f1os?<\/h3>\n<p>Si no podemos responder a esto satisfactoriamente, creo que debemos estar muy inquietos. Para m\u00ed, no es lo que le dir\u00e9 a mis socios comerciales, a mis clientes, a mi director de banco, a mis amigos, a mi grupo social, a mi partido pol\u00edtico (no tengo ninguno) a mi tribu, a mis lectores, a mis seguidores.<\/p>\n<p>#esloshijosest\u00fapidos. Mis hijos. Sus hijos. Nuestros hijos. Las siguientes y siguientes y siguientes generaciones. Es el legado. Pero no tiene que ser con una gran L. S\u00f3lo tiene que pasar la prueba: \u00bftendr\u00e9 la cara roja? \u00bfCara sonriente? \u00bfQu\u00e9 cara tendr\u00e9?<\/p>\n<p>Tres preguntas. Eso es todo.<\/p>\n<p>_______________<\/p>\n<p>Para ver el articulo original por favor da clic en esta <a href=\"https:\/\/leandroherrero.com\/three-magic-questions-for-leaders-2\/\" target=\"_blank\" rel=\"noopener\">liga<\/a><\/p>\n<p>\u00a9 The Chalfont Project Limited 2021. All rights reserved<\/p>\n<p>All articles supplied by [The Chalfont Project Limited] whether by access to digital resources or directly to any individual or company (collectively \u201cthe Content\u201d) are copyright The Chalfont Project Limited. Copying, reproducing, distributing, modifying, or transmitting the Content or any part of the Content is prohibited. Other than as expressly granted to any person or organization, no rights over the Content are granted or implied. \u201cViral Change\u2122\u201d is a registered trademark of The Chalfont Project Limited\u00a0(TCP). The Chalfont Project has granted permission for Proyectum to publish material in Spanish on their company Blog. Material must be represented in its original form and clearly marked\u00a0as copyrighted material. No other licenses or permission for use or publication is allowed or implied\u00a0by this agreement.<\/p>\n","protected":false},"excerpt":{"rendered":"<p>Por: Leandro Herrero, MD Traducido y adaptado por: Jorge Vald\u00e9s Garciatorres, MDO, PMP &nbsp; 1- \u00bfMe arrepentir\u00e9 de no haber hecho esto? Bezos, CEO de Amazon. Aqu\u00ed, de un art\u00edculo publicado hace unos a\u00f1os: &#8216;Cuando se enfrentan decisiones importantes y dif\u00edciles, Bezos es conocido por pregonar este marco como una forma de ayudar a su [&hellip;]<\/p>\n","protected":false},"author":26,"featured_media":9436,"comment_status":"closed","ping_status":"closed","sticky":false,"template":"","format":"standard","meta":{"_acf_changed":false,"footnotes":""},"categories":[572],"tags":[643,644,645],"class_list":["post-9434","post","type-post","status-publish","format-standard","has-post-thumbnail","hentry","category-transformacion-y-cambio","tag-me-arrepentire-de-no-haberlo-hecho","tag-ayudar-a-su-toma-de-decisiones","tag-bezos-amazon"],"acf":[],"yoast_head":"<!-- This site is optimized with the Yoast SEO plugin v24.4 - https:\/\/yoast.com\/wordpress\/plugins\/seo\/ -->\n<title>Tres preguntas m\u00e1gicas para los l\u00edderes - Proyectum Per\u00fa<\/title>\n<meta name=\"robots\" content=\"index, follow, max-snippet:-1, max-image-preview:large, max-video-preview:-1\" \/>\n<link rel=\"canonical\" href=\"https:\/\/proyectum.com\/pe\/tres-preguntas-magicas-para-los-lideres\/\" \/>\n<meta property=\"og:locale\" content=\"es_ES\" \/>\n<meta property=\"og:type\" content=\"article\" \/>\n<meta property=\"og:title\" content=\"Tres preguntas m\u00e1gicas para los l\u00edderes - Proyectum Per\u00fa\" \/>\n<meta property=\"og:description\" content=\"Por: Leandro Herrero, MD Traducido y adaptado por: Jorge Vald\u00e9s Garciatorres, MDO, PMP &nbsp; 1- \u00bfMe arrepentir\u00e9 de no haber hecho esto? Bezos, CEO de Amazon. Aqu\u00ed, de un art\u00edculo publicado hace unos a\u00f1os: &#8216;Cuando se enfrentan decisiones importantes y dif\u00edciles, Bezos es conocido por pregonar este marco como una forma de ayudar a su [&hellip;]\" \/>\n<meta property=\"og:url\" content=\"https:\/\/proyectum.com\/pe\/tres-preguntas-magicas-para-los-lideres\/\" \/>\n<meta property=\"og:site_name\" content=\"Proyectum Per\u00fa\" \/>\n<meta property=\"article:publisher\" content=\"https:\/\/www.facebook.com\/proyectum.pe\/\" \/>\n<meta property=\"article:published_time\" content=\"2021-04-19T11:38:39+00:00\" \/>\n<meta property=\"og:image\" content=\"https:\/\/proyectum.com\/pe\/wp-content\/uploads\/2021\/04\/3-preguntas-lider.jpg\" \/>\n\t<meta property=\"og:image:width\" content=\"1700\" \/>\n\t<meta property=\"og:image:height\" content=\"1133\" \/>\n\t<meta property=\"og:image:type\" content=\"image\/jpeg\" \/>\n<meta name=\"author\" content=\"Proyectum 2024\" \/>\n<meta name=\"twitter:card\" content=\"summary_large_image\" \/>\n<meta name=\"twitter:label1\" content=\"Escrito por\" \/>\n\t<meta name=\"twitter:data1\" content=\"Proyectum 2024\" \/>\n\t<meta name=\"twitter:label2\" content=\"Tiempo de lectura\" \/>\n\t<meta name=\"twitter:data2\" content=\"3 minutos\" \/>\n<script type=\"application\/ld+json\" class=\"yoast-schema-graph\">{\"@context\":\"https:\/\/schema.org\",\"@graph\":[{\"@type\":\"Article\",\"@id\":\"https:\/\/proyectum.com\/pe\/tres-preguntas-magicas-para-los-lideres\/#article\",\"isPartOf\":{\"@id\":\"https:\/\/proyectum.com\/pe\/tres-preguntas-magicas-para-los-lideres\/\"},\"author\":{\"name\":\"Proyectum 2024\",\"@id\":\"https:\/\/proyectum.com\/pe\/#\/schema\/person\/784b10060c51822d857e3004ea132bb4\"},\"headline\":\"Tres preguntas m\u00e1gicas para los l\u00edderes\",\"datePublished\":\"2021-04-19T11:38:39+00:00\",\"mainEntityOfPage\":{\"@id\":\"https:\/\/proyectum.com\/pe\/tres-preguntas-magicas-para-los-lideres\/\"},\"wordCount\":492,\"publisher\":{\"@id\":\"https:\/\/proyectum.com\/pe\/#organization\"},\"image\":{\"@id\":\"https:\/\/proyectum.com\/pe\/tres-preguntas-magicas-para-los-lideres\/#primaryimage\"},\"thumbnailUrl\":\"https:\/\/proyectum.com\/pe\/wp-content\/uploads\/2021\/04\/3-preguntas-lider.jpg\",\"keywords\":[\"\u00bfMe arrepentir\u00e9 de no haberlo hecho?\",\"ayudar a su toma de decisiones\",\"bezos amazon\"],\"articleSection\":[\"Transformaci\u00f3n y cambio\"],\"inLanguage\":\"es\"},{\"@type\":\"WebPage\",\"@id\":\"https:\/\/proyectum.com\/pe\/tres-preguntas-magicas-para-los-lideres\/\",\"url\":\"https:\/\/proyectum.com\/pe\/tres-preguntas-magicas-para-los-lideres\/\",\"name\":\"Tres preguntas m\u00e1gicas para los l\u00edderes - Proyectum Per\u00fa\",\"isPartOf\":{\"@id\":\"https:\/\/proyectum.com\/pe\/#website\"},\"primaryImageOfPage\":{\"@id\":\"https:\/\/proyectum.com\/pe\/tres-preguntas-magicas-para-los-lideres\/#primaryimage\"},\"image\":{\"@id\":\"https:\/\/proyectum.com\/pe\/tres-preguntas-magicas-para-los-lideres\/#primaryimage\"},\"thumbnailUrl\":\"https:\/\/proyectum.com\/pe\/wp-content\/uploads\/2021\/04\/3-preguntas-lider.jpg\",\"datePublished\":\"2021-04-19T11:38:39+00:00\",\"breadcrumb\":{\"@id\":\"https:\/\/proyectum.com\/pe\/tres-preguntas-magicas-para-los-lideres\/#breadcrumb\"},\"inLanguage\":\"es\",\"potentialAction\":[{\"@type\":\"ReadAction\",\"target\":[\"https:\/\/proyectum.com\/pe\/tres-preguntas-magicas-para-los-lideres\/\"]}]},{\"@type\":\"ImageObject\",\"inLanguage\":\"es\",\"@id\":\"https:\/\/proyectum.com\/pe\/tres-preguntas-magicas-para-los-lideres\/#primaryimage\",\"url\":\"https:\/\/proyectum.com\/pe\/wp-content\/uploads\/2021\/04\/3-preguntas-lider.jpg\",\"contentUrl\":\"https:\/\/proyectum.com\/pe\/wp-content\/uploads\/2021\/04\/3-preguntas-lider.jpg\",\"width\":1700,\"height\":1133,\"caption\":\"3 preguntas lider\"},{\"@type\":\"BreadcrumbList\",\"@id\":\"https:\/\/proyectum.com\/pe\/tres-preguntas-magicas-para-los-lideres\/#breadcrumb\",\"itemListElement\":[{\"@type\":\"ListItem\",\"position\":1,\"name\":\"Home\",\"item\":\"https:\/\/proyectum.com\/pe\/\"},{\"@type\":\"ListItem\",\"position\":2,\"name\":\"Tres preguntas m\u00e1gicas para los l\u00edderes\"}]},{\"@type\":\"WebSite\",\"@id\":\"https:\/\/proyectum.com\/pe\/#website\",\"url\":\"https:\/\/proyectum.com\/pe\/\",\"name\":\"Proyectum Per\u00fa\",\"description\":\"Direcci\u00f3n de Proyectos y Metodolog\u00edas \u00c1giles\",\"publisher\":{\"@id\":\"https:\/\/proyectum.com\/pe\/#organization\"},\"potentialAction\":[{\"@type\":\"SearchAction\",\"target\":{\"@type\":\"EntryPoint\",\"urlTemplate\":\"https:\/\/proyectum.com\/pe\/?s={search_term_string}\"},\"query-input\":{\"@type\":\"PropertyValueSpecification\",\"valueRequired\":true,\"valueName\":\"search_term_string\"}}],\"inLanguage\":\"es\"},{\"@type\":\"Organization\",\"@id\":\"https:\/\/proyectum.com\/pe\/#organization\",\"name\":\"Proyectum Per\u00fa\",\"url\":\"https:\/\/proyectum.com\/pe\/\",\"logo\":{\"@type\":\"ImageObject\",\"inLanguage\":\"es\",\"@id\":\"https:\/\/proyectum.com\/pe\/#\/schema\/logo\/image\/\",\"url\":\"https:\/\/proyectum.com\/pe\/wp-content\/uploads\/2020\/04\/proyectum-logo-snippet.png\",\"contentUrl\":\"https:\/\/proyectum.com\/pe\/wp-content\/uploads\/2020\/04\/proyectum-logo-snippet.png\",\"width\":600,\"height\":315,\"caption\":\"Proyectum Per\u00fa\"},\"image\":{\"@id\":\"https:\/\/proyectum.com\/pe\/#\/schema\/logo\/image\/\"},\"sameAs\":[\"https:\/\/www.facebook.com\/proyectum.pe\/\",\"https:\/\/www.instagram.com\/proyectum.pe\/\",\"https:\/\/www.linkedin.com\/company\/proyectumperu\/\",\"https:\/\/www.youtube.com\/@proyectum2283\/videos\"]},{\"@type\":\"Person\",\"@id\":\"https:\/\/proyectum.com\/pe\/#\/schema\/person\/784b10060c51822d857e3004ea132bb4\",\"name\":\"Proyectum 2024\",\"image\":{\"@type\":\"ImageObject\",\"inLanguage\":\"es\",\"@id\":\"https:\/\/proyectum.com\/pe\/#\/schema\/person\/image\/\",\"url\":\"https:\/\/secure.gravatar.com\/avatar\/df82793fddd8f0a5a84fdb27d958bf73?s=96&d=mm&r=g\",\"contentUrl\":\"https:\/\/secure.gravatar.com\/avatar\/df82793fddd8f0a5a84fdb27d958bf73?s=96&d=mm&r=g\",\"caption\":\"Proyectum 2024\"}}]}<\/script>\n<!-- \/ Yoast SEO plugin. -->","yoast_head_json":{"title":"Tres preguntas m\u00e1gicas para los l\u00edderes - Proyectum Per\u00fa","robots":{"index":"index","follow":"follow","max-snippet":"max-snippet:-1","max-image-preview":"max-image-preview:large","max-video-preview":"max-video-preview:-1"},"canonical":"https:\/\/proyectum.com\/pe\/tres-preguntas-magicas-para-los-lideres\/","og_locale":"es_ES","og_type":"article","og_title":"Tres preguntas m\u00e1gicas para los l\u00edderes - Proyectum Per\u00fa","og_description":"Por: Leandro Herrero, MD Traducido y adaptado por: Jorge Vald\u00e9s Garciatorres, MDO, PMP &nbsp; 1- \u00bfMe arrepentir\u00e9 de no haber hecho esto? Bezos, CEO de Amazon. Aqu\u00ed, de un art\u00edculo publicado hace unos a\u00f1os: &#8216;Cuando se enfrentan decisiones importantes y dif\u00edciles, Bezos es conocido por pregonar este marco como una forma de ayudar a su [&hellip;]","og_url":"https:\/\/proyectum.com\/pe\/tres-preguntas-magicas-para-los-lideres\/","og_site_name":"Proyectum Per\u00fa","article_publisher":"https:\/\/www.facebook.com\/proyectum.pe\/","article_published_time":"2021-04-19T11:38:39+00:00","og_image":[{"width":1700,"height":1133,"url":"https:\/\/proyectum.com\/pe\/wp-content\/uploads\/2021\/04\/3-preguntas-lider.jpg","type":"image\/jpeg"}],"author":"Proyectum 2024","twitter_card":"summary_large_image","twitter_misc":{"Escrito por":"Proyectum 2024","Tiempo de lectura":"3 minutos"},"schema":{"@context":"https:\/\/schema.org","@graph":[{"@type":"Article","@id":"https:\/\/proyectum.com\/pe\/tres-preguntas-magicas-para-los-lideres\/#article","isPartOf":{"@id":"https:\/\/proyectum.com\/pe\/tres-preguntas-magicas-para-los-lideres\/"},"author":{"name":"Proyectum 2024","@id":"https:\/\/proyectum.com\/pe\/#\/schema\/person\/784b10060c51822d857e3004ea132bb4"},"headline":"Tres preguntas m\u00e1gicas para los l\u00edderes","datePublished":"2021-04-19T11:38:39+00:00","mainEntityOfPage":{"@id":"https:\/\/proyectum.com\/pe\/tres-preguntas-magicas-para-los-lideres\/"},"wordCount":492,"publisher":{"@id":"https:\/\/proyectum.com\/pe\/#organization"},"image":{"@id":"https:\/\/proyectum.com\/pe\/tres-preguntas-magicas-para-los-lideres\/#primaryimage"},"thumbnailUrl":"https:\/\/proyectum.com\/pe\/wp-content\/uploads\/2021\/04\/3-preguntas-lider.jpg","keywords":["\u00bfMe arrepentir\u00e9 de no haberlo hecho?","ayudar a su toma de decisiones","bezos amazon"],"articleSection":["Transformaci\u00f3n y cambio"],"inLanguage":"es"},{"@type":"WebPage","@id":"https:\/\/proyectum.com\/pe\/tres-preguntas-magicas-para-los-lideres\/","url":"https:\/\/proyectum.com\/pe\/tres-preguntas-magicas-para-los-lideres\/","name":"Tres preguntas m\u00e1gicas para los l\u00edderes - Proyectum Per\u00fa","isPartOf":{"@id":"https:\/\/proyectum.com\/pe\/#website"},"primaryImageOfPage":{"@id":"https:\/\/proyectum.com\/pe\/tres-preguntas-magicas-para-los-lideres\/#primaryimage"},"image":{"@id":"https:\/\/proyectum.com\/pe\/tres-preguntas-magicas-para-los-lideres\/#primaryimage"},"thumbnailUrl":"https:\/\/proyectum.com\/pe\/wp-content\/uploads\/2021\/04\/3-preguntas-lider.jpg","datePublished":"2021-04-19T11:38:39+00:00","breadcrumb":{"@id":"https:\/\/proyectum.com\/pe\/tres-preguntas-magicas-para-los-lideres\/#breadcrumb"},"inLanguage":"es","potentialAction":[{"@type":"ReadAction","target":["https:\/\/proyectum.com\/pe\/tres-preguntas-magicas-para-los-lideres\/"]}]},{"@type":"ImageObject","inLanguage":"es","@id":"https:\/\/proyectum.com\/pe\/tres-preguntas-magicas-para-los-lideres\/#primaryimage","url":"https:\/\/proyectum.com\/pe\/wp-content\/uploads\/2021\/04\/3-preguntas-lider.jpg","contentUrl":"https:\/\/proyectum.com\/pe\/wp-content\/uploads\/2021\/04\/3-preguntas-lider.jpg","width":1700,"height":1133,"caption":"3 preguntas lider"},{"@type":"BreadcrumbList","@id":"https:\/\/proyectum.com\/pe\/tres-preguntas-magicas-para-los-lideres\/#breadcrumb","itemListElement":[{"@type":"ListItem","position":1,"name":"Home","item":"https:\/\/proyectum.com\/pe\/"},{"@type":"ListItem","position":2,"name":"Tres preguntas m\u00e1gicas para los l\u00edderes"}]},{"@type":"WebSite","@id":"https:\/\/proyectum.com\/pe\/#website","url":"https:\/\/proyectum.com\/pe\/","name":"Proyectum Per\u00fa","description":"Direcci\u00f3n de Proyectos y Metodolog\u00edas \u00c1giles","publisher":{"@id":"https:\/\/proyectum.com\/pe\/#organization"},"potentialAction":[{"@type":"SearchAction","target":{"@type":"EntryPoint","urlTemplate":"https:\/\/proyectum.com\/pe\/?s={search_term_string}"},"query-input":{"@type":"PropertyValueSpecification","valueRequired":true,"valueName":"search_term_string"}}],"inLanguage":"es"},{"@type":"Organization","@id":"https:\/\/proyectum.com\/pe\/#organization","name":"Proyectum Per\u00fa","url":"https:\/\/proyectum.com\/pe\/","logo":{"@type":"ImageObject","inLanguage":"es","@id":"https:\/\/proyectum.com\/pe\/#\/schema\/logo\/image\/","url":"https:\/\/proyectum.com\/pe\/wp-content\/uploads\/2020\/04\/proyectum-logo-snippet.png","contentUrl":"https:\/\/proyectum.com\/pe\/wp-content\/uploads\/2020\/04\/proyectum-logo-snippet.png","width":600,"height":315,"caption":"Proyectum Per\u00fa"},"image":{"@id":"https:\/\/proyectum.com\/pe\/#\/schema\/logo\/image\/"},"sameAs":["https:\/\/www.facebook.com\/proyectum.pe\/","https:\/\/www.instagram.com\/proyectum.pe\/","https:\/\/www.linkedin.com\/company\/proyectumperu\/","https:\/\/www.youtube.com\/@proyectum2283\/videos"]},{"@type":"Person","@id":"https:\/\/proyectum.com\/pe\/#\/schema\/person\/784b10060c51822d857e3004ea132bb4","name":"Proyectum 2024","image":{"@type":"ImageObject","inLanguage":"es","@id":"https:\/\/proyectum.com\/pe\/#\/schema\/person\/image\/","url":"https:\/\/secure.gravatar.com\/avatar\/df82793fddd8f0a5a84fdb27d958bf73?s=96&d=mm&r=g","contentUrl":"https:\/\/secure.gravatar.com\/avatar\/df82793fddd8f0a5a84fdb27d958bf73?s=96&d=mm&r=g","caption":"Proyectum 2024"}}]}},"_links":{"self":[{"href":"https:\/\/proyectum.com\/pe\/wp-json\/wp\/v2\/posts\/9434","targetHints":{"allow":["GET"]}}],"collection":[{"href":"https:\/\/proyectum.com\/pe\/wp-json\/wp\/v2\/posts"}],"about":[{"href":"https:\/\/proyectum.com\/pe\/wp-json\/wp\/v2\/types\/post"}],"author":[{"embeddable":true,"href":"https:\/\/proyectum.com\/pe\/wp-json\/wp\/v2\/users\/26"}],"replies":[{"embeddable":true,"href":"https:\/\/proyectum.com\/pe\/wp-json\/wp\/v2\/comments?post=9434"}],"version-history":[{"count":0,"href":"https:\/\/proyectum.com\/pe\/wp-json\/wp\/v2\/posts\/9434\/revisions"}],"wp:featuredmedia":[{"embeddable":true,"href":"https:\/\/proyectum.com\/pe\/wp-json\/wp\/v2\/media\/9436"}],"wp:attachment":[{"href":"https:\/\/proyectum.com\/pe\/wp-json\/wp\/v2\/media?parent=9434"}],"wp:term":[{"taxonomy":"category","embeddable":true,"href":"https:\/\/proyectum.com\/pe\/wp-json\/wp\/v2\/categories?post=9434"},{"taxonomy":"post_tag","embeddable":true,"href":"https:\/\/proyectum.com\/pe\/wp-json\/wp\/v2\/tags?post=9434"}],"curies":[{"name":"wp","href":"https:\/\/api.w.org\/{rel}","templated":true}]}}