{"id":9474,"date":"2021-05-03T18:45:59","date_gmt":"2021-05-03T21:45:59","guid":{"rendered":"https:\/\/www.proyectum.com\/sistema\/?p=9474"},"modified":"2021-05-03T18:45:59","modified_gmt":"2021-05-03T21:45:59","slug":"principio-disciplined-agile-conciencia-empresarial-que-significa","status":"publish","type":"post","link":"https:\/\/proyectum.com\/pe\/principio-disciplined-agile-conciencia-empresarial-que-significa\/","title":{"rendered":"Principio Disciplined Agile: Conciencia Empresarial \u00bfQu\u00e9 significa?"},"content":{"rendered":"<p>Los <strong>equipos Disciplined Agile<\/strong> trabajan dentro del ecosistema empresarial de las organizaciones, al igual que todos los dem\u00e1s equipos. Estos otros equipos podr\u00edan o no ser equipos \u00e1giles y estar en diferentes niveles de la organizaci\u00f3n. Cada equipo deber\u00e1 estar trabajando en diferentes proyectos para lograr algo en com\u00fan, <strong>el objetivo estrat\u00e9gico de la organizaci\u00f3n<\/strong>.<\/p>\n<p>Entender esto es fundamental y nos da una <strong>perspectiva hol\u00edstica de la organizaci\u00f3n<\/strong>. Esta perspectiva hol\u00edstica es a la que se refiere el <strong>principio de Conciencia Empresarial<\/strong>.<\/p>\n<p>El <strong>principio Disciplined Agile\u00a0 de Conciencia Empresarial<\/strong> significa que los <strong>equipos agilistas disciplinados<\/strong> deben lograr <strong>ver m\u00e1s all\u00e1 de las necesidades de su equipo para tener en cuenta las necesidades de su organizaci\u00f3n<\/strong>. Por ejemplo, aprovechan, y en ocasiones mejoran, los activos organizativos existentes.<\/p>\n<p>Resumiendo, <strong>los equipos Disciplined Agile que son consciente del principio de Conciencia Empresarial, hacen lo que es mejor para la organizaci\u00f3n y no solo que les conviene<\/strong>.<\/p>\n<h3><strong>\u00bfPor qu\u00e9 es importante la Conciencia Empresarial?<\/strong><\/h3>\n<p>La <a href=\"https:\/\/www.proyectum.com\/sistema\/blog\/4-objetivos-fundamentales-que-comparten-agil-y-lean\/\" target=\"_blank\" rel=\"noopener\">Filosof\u00eda \u00c1gil<\/a> ha hecho un gran trabajo ayudando, sobre todo a los profesionales de TI, a reorientarse de la conciencia individual a la del equipo. Pero si queremos ser eficaces como profesionales <strong>y que la agilidad no solamente se quede en los departamentos de TI, sino se expanda a toda la organizaci\u00f3n<\/strong>, requerimos al menos <strong>promover la filosof\u00eda de conciencia empresarial<\/strong>, de modo que estemos optimizando el trabajo que hacemos para nuestra organizaci\u00f3n.<\/p>\n<p>Al trabajar de manera consciente de la empresa, <strong>los equipos de Disciplined Agile disfrutan de<\/strong>:<\/p>\n<ul>\n<li>Mayores niveles de productividad porque es menos probable que reinventen la rueda<\/li>\n<li>Tiempos de implementaci\u00f3n \/ comercializaci\u00f3n m\u00e1s r\u00e1pidos porque tienen menos trabajo que hacer<\/li>\n<li>Mayor retorno de la inversi\u00f3n (ROI) porque tienen menos trabajo que hacer<\/li>\n<li>Mayores niveles de calidad mediante el seguimiento de convenciones comunes y la reutilizaci\u00f3n.<\/li>\n<\/ul>\n<h3><strong>Los 5 niveles de la conciencia empresarial<\/strong><\/h3>\n<p>Estos son los 5 niveles de la conciencia empresarial que debemos tener en cuenta:<\/p>\n<p><strong>1- Conciencia individual.<\/strong><\/p>\n<p>Desde este punto de vista, <strong>se trata de c\u00f3mo alguien puede cambiarse a s\u00ed mismo adquiriendo nuevas habilidades, conocimientos, experiencias<\/strong>. De tal forma, que cambie su serie de valores y creencias hacia una conciencia \u00e1gil y se vuelva parte inherente de su actuar como individuo dentro de la organizaci\u00f3n. En este nivel debemos hacernos la pregunta <strong>\u00bfQu\u00e9 puedo hacer para ser la mejor versi\u00f3n de mi mismo?<\/strong><\/p>\n<p><strong>2- Conciencia de equipo<\/strong>.<\/p>\n<p>Aqu\u00ed la <strong>atenci\u00f3n se centra en que el equipo pueda aprender y mejorar juntos<\/strong>. Esta ha sido una idea principal de la comunidad \u00e1gil desde sus inicios.<\/p>\n<p>Los entregables son creados y desarrollados por los equipos de trabajo, por lo tanto, el enfoque en los equipos puede mejorar significativamente la productividad general de la organizaci\u00f3n<\/p>\n<p><strong>Pero, si los esfuerzos de ese equipo no est\u00e1n bien alineados con los objetivos generales de la organizaci\u00f3n, se producir\u00e1n disfunciones<\/strong>. En este nivel debemos preguntarnos: <strong>\u00bfC\u00f3mo puedo ayudar a mi equipo de trabajo?<\/strong><\/p>\n<p><strong>3- Conciencia departamental.<\/strong><\/p>\n<p>En este nivel las <strong>personas consideran las necesidades de su departamento, no solo de su equipo<\/strong>. En este caso, el equipo trabaja en pos de mejorar los procesos del ciclo de vida de trabajo general del departamento o \u00e1rea, en este nivel se puede adoptar una mentalidad de <a href=\"https:\/\/www.proyectum.com\/sistema\/cursos\/devops\/\" target=\"_blank\" rel=\"noopener\"><em>DevOps<\/em><\/a>. Aqu\u00ed la pregunta es: <strong>\u00bfC\u00f3mo puedo ayudar a mi \u00e1rea o departamento?<\/strong><\/p>\n<p><strong>4- Conciencia empresarial.<\/strong><\/p>\n<p>En este nivel las <strong>personas est\u00e1n interesadas y motivadas para considerar las necesidades generales de su organizaci\u00f3n<\/strong>, para asegurarse de que lo que est\u00e1n haciendo contribuya positivamente a las metas de la organizaci\u00f3n y no solo a las metas de su equipo. Lo importante en este caso es hacernos la pregunta: <strong>\u00bfC\u00f3mo puedo ayudar a mi organizaci\u00f3n?<\/strong><\/p>\n<p><strong>5- Conciencia comunitaria.<\/strong><\/p>\n<p>Por \u00faltimo en este nivel las personas <strong>consideran las necesidades de su comunidad,<\/strong> hacen lo que pueden para retribuir compartiendo conocimientos, esforz\u00e1ndose por aprender por s\u00ed mismos y esforz\u00e1ndose por ayudar a otros que no necesariamente est\u00e1n en su organizaci\u00f3n o que no conocen. Aqu\u00ed la pregunta ser\u00eda: <strong>\u00bfC\u00f3mo puedo retribuir algo a mi comunidad?<\/strong><\/p>\n<p><strong>Conclusiones<\/strong><\/p>\n<p>Es importante entender que cada individuo dentro de la organizaci\u00f3n operar\u00e1 en varios de estos niveles a la vez y conforme se requiera deber\u00e1 cambiar de puntos de vista en funci\u00f3n de cada nivel.<\/p>\n<p>Este principio Disciplined Agile nos ayuda a <strong>dar un paso m\u00e1s all\u00e1 de la Agilidad, a no quedarnos con la Agilidad a nivel de equipo, sino tratar de generar una Transformaci\u00f3n \u00c1gil a nivel organizacional<\/strong>, e incluso m\u00e1s all\u00e1, pregunt\u00e1ndonos <strong>\u00bfC\u00f3mo puedo retribuir algo a mi comunidad?<\/strong><\/p>\n<p>Te invito a revisar nuestra oferta acad\u00e9mica donde encontrar\u00e1s cursos, webinars y talleres para adentrarte m\u00e1s al apasionante mundo de <a href=\"https:\/\/www.proyectum.com\/sistema\/disciplined-agile-scrum-master-dasm\/\" target=\"_blank\" rel=\"noopener\"><em>Discipline Agile<\/em><\/a>.<\/p>\n<p><strong>Referencias:<\/strong><\/p>\n<p><a href=\"https:\/\/www.pmi.org\/disciplined-agile\/principles\/enterprise-awareness\" target=\"_blank\" rel=\"noopener\">PMI.org<\/a><\/p>\n","protected":false},"excerpt":{"rendered":"<p>Los equipos Disciplined Agile trabajan dentro del ecosistema empresarial de las organizaciones, al igual que todos los dem\u00e1s equipos. Estos otros equipos podr\u00edan o no ser equipos \u00e1giles y estar en diferentes niveles de la organizaci\u00f3n. Cada equipo deber\u00e1 estar trabajando en diferentes proyectos para lograr algo en com\u00fan, el objetivo estrat\u00e9gico de la organizaci\u00f3n. [&hellip;]<\/p>\n","protected":false},"author":26,"featured_media":9476,"comment_status":"closed","ping_status":"closed","sticky":false,"template":"","format":"standard","meta":{"_acf_changed":false,"footnotes":""},"categories":[329,465,811,370],"tags":[1170,1171,1172,1173,1174,1175,1176,1177,1158,1178,1179,920],"class_list":["post-9474","post","type-post","status-publish","format-standard","has-post-thumbnail","hentry","category-agil","category-colaboracion","category-disciplined-agile","category-liderazgo","tag-conciencia-agil","tag-el-objetivo-estrategico-de-la-organizacion","tag-equipos-agilistas-disciplinados","tag-equipos-disciplined-agile","tag-los-5-niveles-de-la-conciencia-empresarial","tag-mentalidad-de-devops","tag-perspectiva-holistica-de-la-organizacion","tag-principio-de-conciencia-empresarial","tag-principio-disciplined-agile","tag-principio-disciplined-agile-de-conciencia-empresarial","tag-promover-la-filosofia-de-conciencia-empresarial","tag-transformacion-agil"],"acf":[],"yoast_head":"<!-- This site is optimized with the Yoast SEO plugin v24.4 - https:\/\/yoast.com\/wordpress\/plugins\/seo\/ -->\n<title>Principio Disciplined Agile: Conciencia Empresarial \u00bfQu\u00e9 significa? - Proyectum Per\u00fa<\/title>\n<meta name=\"robots\" content=\"index, follow, max-snippet:-1, max-image-preview:large, max-video-preview:-1\" \/>\n<link rel=\"canonical\" href=\"https:\/\/proyectum.com\/pe\/principio-disciplined-agile-conciencia-empresarial-que-significa\/\" \/>\n<meta property=\"og:locale\" content=\"es_ES\" \/>\n<meta property=\"og:type\" content=\"article\" \/>\n<meta property=\"og:title\" content=\"Principio Disciplined Agile: Conciencia Empresarial \u00bfQu\u00e9 significa? - Proyectum Per\u00fa\" \/>\n<meta property=\"og:description\" content=\"Los equipos Disciplined Agile trabajan dentro del ecosistema empresarial de las organizaciones, al igual que todos los dem\u00e1s equipos. Estos otros equipos podr\u00edan o no ser equipos \u00e1giles y estar en diferentes niveles de la organizaci\u00f3n. Cada equipo deber\u00e1 estar trabajando en diferentes proyectos para lograr algo en com\u00fan, el objetivo estrat\u00e9gico de la organizaci\u00f3n. [&hellip;]\" \/>\n<meta property=\"og:url\" content=\"https:\/\/proyectum.com\/pe\/principio-disciplined-agile-conciencia-empresarial-que-significa\/\" \/>\n<meta property=\"og:site_name\" content=\"Proyectum Per\u00fa\" \/>\n<meta property=\"article:publisher\" content=\"https:\/\/www.facebook.com\/proyectum.pe\/\" \/>\n<meta property=\"article:published_time\" content=\"2021-05-03T21:45:59+00:00\" \/>\n<meta property=\"og:image\" content=\"https:\/\/proyectum.com\/pe\/wp-content\/uploads\/2021\/05\/Conciencia-Empresarial.jpg\" \/>\n\t<meta property=\"og:image:width\" content=\"1700\" \/>\n\t<meta property=\"og:image:height\" content=\"1134\" \/>\n\t<meta property=\"og:image:type\" content=\"image\/jpeg\" \/>\n<meta name=\"author\" content=\"Proyectum 2024\" \/>\n<meta name=\"twitter:card\" content=\"summary_large_image\" \/>\n<meta name=\"twitter:label1\" content=\"Escrito por\" \/>\n\t<meta name=\"twitter:data1\" content=\"Proyectum 2024\" \/>\n\t<meta name=\"twitter:label2\" content=\"Tiempo de lectura\" \/>\n\t<meta name=\"twitter:data2\" content=\"4 minutos\" \/>\n<script type=\"application\/ld+json\" class=\"yoast-schema-graph\">{\"@context\":\"https:\/\/schema.org\",\"@graph\":[{\"@type\":\"Article\",\"@id\":\"https:\/\/proyectum.com\/pe\/principio-disciplined-agile-conciencia-empresarial-que-significa\/#article\",\"isPartOf\":{\"@id\":\"https:\/\/proyectum.com\/pe\/principio-disciplined-agile-conciencia-empresarial-que-significa\/\"},\"author\":{\"name\":\"Proyectum 2024\",\"@id\":\"https:\/\/proyectum.com\/pe\/#\/schema\/person\/784b10060c51822d857e3004ea132bb4\"},\"headline\":\"Principio Disciplined Agile: Conciencia Empresarial \u00bfQu\u00e9 significa?\",\"datePublished\":\"2021-05-03T21:45:59+00:00\",\"mainEntityOfPage\":{\"@id\":\"https:\/\/proyectum.com\/pe\/principio-disciplined-agile-conciencia-empresarial-que-significa\/\"},\"wordCount\":830,\"publisher\":{\"@id\":\"https:\/\/proyectum.com\/pe\/#organization\"},\"image\":{\"@id\":\"https:\/\/proyectum.com\/pe\/principio-disciplined-agile-conciencia-empresarial-que-significa\/#primaryimage\"},\"thumbnailUrl\":\"https:\/\/proyectum.com\/pe\/wp-content\/uploads\/2021\/05\/Conciencia-Empresarial.jpg\",\"keywords\":[\"conciencia \u00e1gil\",\"el objetivo estrat\u00e9gico de la organizaci\u00f3n\",\"equipos agilistas disciplinados\",\"equipos Disciplined Agile\",\"Los 5 niveles de la conciencia empresarial\",\"mentalidad de DevOps\",\"perspectiva hol\u00edstica de la organizaci\u00f3n\",\"principio de Conciencia Empresarial\",\"Principio Disciplined Agile\",\"principio Disciplined Agile\u00a0 de Conciencia Empresarial\",\"promover la filosof\u00eda de conciencia empresarial\",\"transformacion agil\"],\"articleSection\":[\"\u00c1gil\",\"Colaboraci\u00f3n\",\"Disciplined Agile\",\"Liderazgo\"],\"inLanguage\":\"es\"},{\"@type\":\"WebPage\",\"@id\":\"https:\/\/proyectum.com\/pe\/principio-disciplined-agile-conciencia-empresarial-que-significa\/\",\"url\":\"https:\/\/proyectum.com\/pe\/principio-disciplined-agile-conciencia-empresarial-que-significa\/\",\"name\":\"Principio Disciplined Agile: Conciencia Empresarial \u00bfQu\u00e9 significa? - Proyectum Per\u00fa\",\"isPartOf\":{\"@id\":\"https:\/\/proyectum.com\/pe\/#website\"},\"primaryImageOfPage\":{\"@id\":\"https:\/\/proyectum.com\/pe\/principio-disciplined-agile-conciencia-empresarial-que-significa\/#primaryimage\"},\"image\":{\"@id\":\"https:\/\/proyectum.com\/pe\/principio-disciplined-agile-conciencia-empresarial-que-significa\/#primaryimage\"},\"thumbnailUrl\":\"https:\/\/proyectum.com\/pe\/wp-content\/uploads\/2021\/05\/Conciencia-Empresarial.jpg\",\"datePublished\":\"2021-05-03T21:45:59+00:00\",\"breadcrumb\":{\"@id\":\"https:\/\/proyectum.com\/pe\/principio-disciplined-agile-conciencia-empresarial-que-significa\/#breadcrumb\"},\"inLanguage\":\"es\",\"potentialAction\":[{\"@type\":\"ReadAction\",\"target\":[\"https:\/\/proyectum.com\/pe\/principio-disciplined-agile-conciencia-empresarial-que-significa\/\"]}]},{\"@type\":\"ImageObject\",\"inLanguage\":\"es\",\"@id\":\"https:\/\/proyectum.com\/pe\/principio-disciplined-agile-conciencia-empresarial-que-significa\/#primaryimage\",\"url\":\"https:\/\/proyectum.com\/pe\/wp-content\/uploads\/2021\/05\/Conciencia-Empresarial.jpg\",\"contentUrl\":\"https:\/\/proyectum.com\/pe\/wp-content\/uploads\/2021\/05\/Conciencia-Empresarial.jpg\",\"width\":1700,\"height\":1134,\"caption\":\"Conciencia Empresarial\"},{\"@type\":\"BreadcrumbList\",\"@id\":\"https:\/\/proyectum.com\/pe\/principio-disciplined-agile-conciencia-empresarial-que-significa\/#breadcrumb\",\"itemListElement\":[{\"@type\":\"ListItem\",\"position\":1,\"name\":\"Home\",\"item\":\"https:\/\/proyectum.com\/pe\/\"},{\"@type\":\"ListItem\",\"position\":2,\"name\":\"Principio Disciplined Agile: Conciencia Empresarial \u00bfQu\u00e9 significa?\"}]},{\"@type\":\"WebSite\",\"@id\":\"https:\/\/proyectum.com\/pe\/#website\",\"url\":\"https:\/\/proyectum.com\/pe\/\",\"name\":\"Proyectum Per\u00fa\",\"description\":\"Direcci\u00f3n de Proyectos y Metodolog\u00edas \u00c1giles\",\"publisher\":{\"@id\":\"https:\/\/proyectum.com\/pe\/#organization\"},\"potentialAction\":[{\"@type\":\"SearchAction\",\"target\":{\"@type\":\"EntryPoint\",\"urlTemplate\":\"https:\/\/proyectum.com\/pe\/?s={search_term_string}\"},\"query-input\":{\"@type\":\"PropertyValueSpecification\",\"valueRequired\":true,\"valueName\":\"search_term_string\"}}],\"inLanguage\":\"es\"},{\"@type\":\"Organization\",\"@id\":\"https:\/\/proyectum.com\/pe\/#organization\",\"name\":\"Proyectum Per\u00fa\",\"url\":\"https:\/\/proyectum.com\/pe\/\",\"logo\":{\"@type\":\"ImageObject\",\"inLanguage\":\"es\",\"@id\":\"https:\/\/proyectum.com\/pe\/#\/schema\/logo\/image\/\",\"url\":\"https:\/\/proyectum.com\/pe\/wp-content\/uploads\/2020\/04\/proyectum-logo-snippet.png\",\"contentUrl\":\"https:\/\/proyectum.com\/pe\/wp-content\/uploads\/2020\/04\/proyectum-logo-snippet.png\",\"width\":600,\"height\":315,\"caption\":\"Proyectum Per\u00fa\"},\"image\":{\"@id\":\"https:\/\/proyectum.com\/pe\/#\/schema\/logo\/image\/\"},\"sameAs\":[\"https:\/\/www.facebook.com\/proyectum.pe\/\",\"https:\/\/www.instagram.com\/proyectum.pe\/\",\"https:\/\/www.linkedin.com\/company\/proyectumperu\/\",\"https:\/\/www.youtube.com\/@proyectum2283\/videos\"]},{\"@type\":\"Person\",\"@id\":\"https:\/\/proyectum.com\/pe\/#\/schema\/person\/784b10060c51822d857e3004ea132bb4\",\"name\":\"Proyectum 2024\",\"image\":{\"@type\":\"ImageObject\",\"inLanguage\":\"es\",\"@id\":\"https:\/\/proyectum.com\/pe\/#\/schema\/person\/image\/\",\"url\":\"https:\/\/secure.gravatar.com\/avatar\/df82793fddd8f0a5a84fdb27d958bf73?s=96&d=mm&r=g\",\"contentUrl\":\"https:\/\/secure.gravatar.com\/avatar\/df82793fddd8f0a5a84fdb27d958bf73?s=96&d=mm&r=g\",\"caption\":\"Proyectum 2024\"}}]}<\/script>\n<!-- \/ Yoast SEO plugin. -->","yoast_head_json":{"title":"Principio Disciplined Agile: Conciencia Empresarial \u00bfQu\u00e9 significa? - Proyectum Per\u00fa","robots":{"index":"index","follow":"follow","max-snippet":"max-snippet:-1","max-image-preview":"max-image-preview:large","max-video-preview":"max-video-preview:-1"},"canonical":"https:\/\/proyectum.com\/pe\/principio-disciplined-agile-conciencia-empresarial-que-significa\/","og_locale":"es_ES","og_type":"article","og_title":"Principio Disciplined Agile: Conciencia Empresarial \u00bfQu\u00e9 significa? - Proyectum Per\u00fa","og_description":"Los equipos Disciplined Agile trabajan dentro del ecosistema empresarial de las organizaciones, al igual que todos los dem\u00e1s equipos. Estos otros equipos podr\u00edan o no ser equipos \u00e1giles y estar en diferentes niveles de la organizaci\u00f3n. Cada equipo deber\u00e1 estar trabajando en diferentes proyectos para lograr algo en com\u00fan, el objetivo estrat\u00e9gico de la organizaci\u00f3n. [&hellip;]","og_url":"https:\/\/proyectum.com\/pe\/principio-disciplined-agile-conciencia-empresarial-que-significa\/","og_site_name":"Proyectum Per\u00fa","article_publisher":"https:\/\/www.facebook.com\/proyectum.pe\/","article_published_time":"2021-05-03T21:45:59+00:00","og_image":[{"width":1700,"height":1134,"url":"https:\/\/proyectum.com\/pe\/wp-content\/uploads\/2021\/05\/Conciencia-Empresarial.jpg","type":"image\/jpeg"}],"author":"Proyectum 2024","twitter_card":"summary_large_image","twitter_misc":{"Escrito por":"Proyectum 2024","Tiempo de lectura":"4 minutos"},"schema":{"@context":"https:\/\/schema.org","@graph":[{"@type":"Article","@id":"https:\/\/proyectum.com\/pe\/principio-disciplined-agile-conciencia-empresarial-que-significa\/#article","isPartOf":{"@id":"https:\/\/proyectum.com\/pe\/principio-disciplined-agile-conciencia-empresarial-que-significa\/"},"author":{"name":"Proyectum 2024","@id":"https:\/\/proyectum.com\/pe\/#\/schema\/person\/784b10060c51822d857e3004ea132bb4"},"headline":"Principio Disciplined Agile: Conciencia Empresarial \u00bfQu\u00e9 significa?","datePublished":"2021-05-03T21:45:59+00:00","mainEntityOfPage":{"@id":"https:\/\/proyectum.com\/pe\/principio-disciplined-agile-conciencia-empresarial-que-significa\/"},"wordCount":830,"publisher":{"@id":"https:\/\/proyectum.com\/pe\/#organization"},"image":{"@id":"https:\/\/proyectum.com\/pe\/principio-disciplined-agile-conciencia-empresarial-que-significa\/#primaryimage"},"thumbnailUrl":"https:\/\/proyectum.com\/pe\/wp-content\/uploads\/2021\/05\/Conciencia-Empresarial.jpg","keywords":["conciencia \u00e1gil","el objetivo estrat\u00e9gico de la organizaci\u00f3n","equipos agilistas disciplinados","equipos Disciplined Agile","Los 5 niveles de la conciencia empresarial","mentalidad de DevOps","perspectiva hol\u00edstica de la organizaci\u00f3n","principio de Conciencia Empresarial","Principio Disciplined Agile","principio Disciplined Agile\u00a0 de Conciencia Empresarial","promover la filosof\u00eda de conciencia empresarial","transformacion agil"],"articleSection":["\u00c1gil","Colaboraci\u00f3n","Disciplined Agile","Liderazgo"],"inLanguage":"es"},{"@type":"WebPage","@id":"https:\/\/proyectum.com\/pe\/principio-disciplined-agile-conciencia-empresarial-que-significa\/","url":"https:\/\/proyectum.com\/pe\/principio-disciplined-agile-conciencia-empresarial-que-significa\/","name":"Principio Disciplined Agile: Conciencia Empresarial \u00bfQu\u00e9 significa? - Proyectum Per\u00fa","isPartOf":{"@id":"https:\/\/proyectum.com\/pe\/#website"},"primaryImageOfPage":{"@id":"https:\/\/proyectum.com\/pe\/principio-disciplined-agile-conciencia-empresarial-que-significa\/#primaryimage"},"image":{"@id":"https:\/\/proyectum.com\/pe\/principio-disciplined-agile-conciencia-empresarial-que-significa\/#primaryimage"},"thumbnailUrl":"https:\/\/proyectum.com\/pe\/wp-content\/uploads\/2021\/05\/Conciencia-Empresarial.jpg","datePublished":"2021-05-03T21:45:59+00:00","breadcrumb":{"@id":"https:\/\/proyectum.com\/pe\/principio-disciplined-agile-conciencia-empresarial-que-significa\/#breadcrumb"},"inLanguage":"es","potentialAction":[{"@type":"ReadAction","target":["https:\/\/proyectum.com\/pe\/principio-disciplined-agile-conciencia-empresarial-que-significa\/"]}]},{"@type":"ImageObject","inLanguage":"es","@id":"https:\/\/proyectum.com\/pe\/principio-disciplined-agile-conciencia-empresarial-que-significa\/#primaryimage","url":"https:\/\/proyectum.com\/pe\/wp-content\/uploads\/2021\/05\/Conciencia-Empresarial.jpg","contentUrl":"https:\/\/proyectum.com\/pe\/wp-content\/uploads\/2021\/05\/Conciencia-Empresarial.jpg","width":1700,"height":1134,"caption":"Conciencia Empresarial"},{"@type":"BreadcrumbList","@id":"https:\/\/proyectum.com\/pe\/principio-disciplined-agile-conciencia-empresarial-que-significa\/#breadcrumb","itemListElement":[{"@type":"ListItem","position":1,"name":"Home","item":"https:\/\/proyectum.com\/pe\/"},{"@type":"ListItem","position":2,"name":"Principio Disciplined Agile: Conciencia Empresarial \u00bfQu\u00e9 significa?"}]},{"@type":"WebSite","@id":"https:\/\/proyectum.com\/pe\/#website","url":"https:\/\/proyectum.com\/pe\/","name":"Proyectum Per\u00fa","description":"Direcci\u00f3n de Proyectos y Metodolog\u00edas \u00c1giles","publisher":{"@id":"https:\/\/proyectum.com\/pe\/#organization"},"potentialAction":[{"@type":"SearchAction","target":{"@type":"EntryPoint","urlTemplate":"https:\/\/proyectum.com\/pe\/?s={search_term_string}"},"query-input":{"@type":"PropertyValueSpecification","valueRequired":true,"valueName":"search_term_string"}}],"inLanguage":"es"},{"@type":"Organization","@id":"https:\/\/proyectum.com\/pe\/#organization","name":"Proyectum Per\u00fa","url":"https:\/\/proyectum.com\/pe\/","logo":{"@type":"ImageObject","inLanguage":"es","@id":"https:\/\/proyectum.com\/pe\/#\/schema\/logo\/image\/","url":"https:\/\/proyectum.com\/pe\/wp-content\/uploads\/2020\/04\/proyectum-logo-snippet.png","contentUrl":"https:\/\/proyectum.com\/pe\/wp-content\/uploads\/2020\/04\/proyectum-logo-snippet.png","width":600,"height":315,"caption":"Proyectum Per\u00fa"},"image":{"@id":"https:\/\/proyectum.com\/pe\/#\/schema\/logo\/image\/"},"sameAs":["https:\/\/www.facebook.com\/proyectum.pe\/","https:\/\/www.instagram.com\/proyectum.pe\/","https:\/\/www.linkedin.com\/company\/proyectumperu\/","https:\/\/www.youtube.com\/@proyectum2283\/videos"]},{"@type":"Person","@id":"https:\/\/proyectum.com\/pe\/#\/schema\/person\/784b10060c51822d857e3004ea132bb4","name":"Proyectum 2024","image":{"@type":"ImageObject","inLanguage":"es","@id":"https:\/\/proyectum.com\/pe\/#\/schema\/person\/image\/","url":"https:\/\/secure.gravatar.com\/avatar\/df82793fddd8f0a5a84fdb27d958bf73?s=96&d=mm&r=g","contentUrl":"https:\/\/secure.gravatar.com\/avatar\/df82793fddd8f0a5a84fdb27d958bf73?s=96&d=mm&r=g","caption":"Proyectum 2024"}}]}},"_links":{"self":[{"href":"https:\/\/proyectum.com\/pe\/wp-json\/wp\/v2\/posts\/9474","targetHints":{"allow":["GET"]}}],"collection":[{"href":"https:\/\/proyectum.com\/pe\/wp-json\/wp\/v2\/posts"}],"about":[{"href":"https:\/\/proyectum.com\/pe\/wp-json\/wp\/v2\/types\/post"}],"author":[{"embeddable":true,"href":"https:\/\/proyectum.com\/pe\/wp-json\/wp\/v2\/users\/26"}],"replies":[{"embeddable":true,"href":"https:\/\/proyectum.com\/pe\/wp-json\/wp\/v2\/comments?post=9474"}],"version-history":[{"count":0,"href":"https:\/\/proyectum.com\/pe\/wp-json\/wp\/v2\/posts\/9474\/revisions"}],"wp:featuredmedia":[{"embeddable":true,"href":"https:\/\/proyectum.com\/pe\/wp-json\/wp\/v2\/media\/9476"}],"wp:attachment":[{"href":"https:\/\/proyectum.com\/pe\/wp-json\/wp\/v2\/media?parent=9474"}],"wp:term":[{"taxonomy":"category","embeddable":true,"href":"https:\/\/proyectum.com\/pe\/wp-json\/wp\/v2\/categories?post=9474"},{"taxonomy":"post_tag","embeddable":true,"href":"https:\/\/proyectum.com\/pe\/wp-json\/wp\/v2\/tags?post=9474"}],"curies":[{"name":"wp","href":"https:\/\/api.w.org\/{rel}","templated":true}]}}