{"id":9482,"date":"2021-05-11T21:33:47","date_gmt":"2021-05-12T00:33:47","guid":{"rendered":"https:\/\/www.proyectum.com\/sistema\/?p=9482"},"modified":"2021-05-11T21:33:47","modified_gmt":"2021-05-12T00:33:47","slug":"agarra-los-hechos-pierde-el-sentido-la-dislexia-del-liderazgo-se-cierne-sobre-nosotros","status":"publish","type":"post","link":"https:\/\/proyectum.com\/pe\/agarra-los-hechos-pierde-el-sentido-la-dislexia-del-liderazgo-se-cierne-sobre-nosotros\/","title":{"rendered":"Agarra los hechos, pierde el sentido: La dislexia del liderazgo se cierne sobre nosotros"},"content":{"rendered":"<p style=\"text-align: right;\">Por: Leandro Herrero, MD<\/p>\n<p style=\"text-align: right;\">Traducido y adaptado por: Jorge Vald\u00e9s Garciatorres, MDO, PMP<\/p>\n<p>\u00bfHemos tenido alguna vez m\u00e1s hechos a nuestro alrededor? Desde luego que no. Hablamos de <strong>Big Data<\/strong>. <strong>Se trata, por supuesto, de datos colosales, monstruosos, como queramos llamarlos.<\/strong><\/p>\n<p>En esta abrumadora disponibilidad de datos, hay un tipo de gestor, de l\u00edder y de ejecutivo que capta los datos, pero pierde el sentido. <strong>Es una especie de dislexia del liderazgo<\/strong>. De todos los atributos del liderazgo, los que la gente escribe, los que yo mismo he criticado como \u00abla lista imposible\u00bb, si tuviera que elegir una sola palabra, s\u00f3lo una, ser\u00eda significado. Significado para s\u00ed mismo primero, y luego para todos, para los seguidores, para la organizaci\u00f3n.<\/p>\n<p><strong>En el d\u00eda a d\u00eda de la gesti\u00f3n, pasamos mucho tiempo acumulando datos<\/strong>. Inevitable. Deseable, si se piensa en la alterativa. Pero hemos llegado a enga\u00f1arnos pensando que la presencia de hechos ricos equivale a un significado. En un <a href=\"https:\/\/leandroherrero.com\/the-battle-for-the-3ss-synthesis-sense-and-simplicity\/\" target=\"_blank\" rel=\"noopener\">viejo art\u00edculo<\/a>, dije que hab\u00eda una batalla por las <strong>3S: S\u00edntesis, Sentido y Simplicidad<\/strong>. Sentido, dar sentido, proporcionar significado, esto es la joya. Lo dem\u00e1s son comentarios.<\/p>\n<p><strong>Esta dislexia de liderazgo con abundancia de hechos y ausencia de sentido<\/strong>, puede llegar a pasar desapercibida, sin ser vista. El tsunami digital no ser\u00e1 tolerante; no esperar\u00e1 el sentido hasta una segunda ola. No se detiene. <strong>Asume que filtra el ruido y la se\u00f1al<\/strong>. Y esto es una suposici\u00f3n infernal.<\/p>\n<p>Como m\u00ednimo, tenemos que <strong>reorientar nuestros Programas de Liderazgo<\/strong> para proporcionar las habilidades, tal vez los conjuntos de herramientas, para una operaci\u00f3n anti-disl\u00e9xica. El tama\u00f1o de la disfunci\u00f3n es enorme. <strong>La frase \u00abas\u00ed es como se lidera en las circunstancias X\u00bb no servir\u00e1 de nada.<\/strong><\/p>\n<p>Entonces, \u00bfQu\u00e9 hacemos?<\/p>\n<p>_______________<\/p>\n<p>Para ver el articulo original por favor da clic en esta <a href=\"https:\/\/leandroherrero.com\/grasp-the-facts-misses-the-meaning-the-leadership-dyslexia-upon-us\/\" target=\"_blank\" rel=\"noopener\">liga<\/a><\/p>\n<p>\u00a9 The Chalfont Project Limited 2021. All rights reserved<\/p>\n<p>All articles supplied by [The Chalfont Project Limited] whether by access to digital resources or directly to any individual or company (collectively \u201cthe Content\u201d) are copyright The Chalfont Project Limited. Copying, reproducing, distributing, modifying, or transmitting the Content or any part of the Content is prohibited. Other than as expressly granted to any person or organization, no rights over the Content are granted or implied. \u201cViral Change\u2122\u201d is a registered trademark of The Chalfont Project Limited\u00a0(TCP). The Chalfont Project has granted permission for Proyectum to publish material in Spanish on their company Blog. Material must be represented in its original form and clearly marked\u00a0as copyrighted material. No other licenses or permission for use or publication is allowed or implied\u00a0by this agreement.<\/p>\n","protected":false},"excerpt":{"rendered":"<p>Por: Leandro Herrero, MD Traducido y adaptado por: Jorge Vald\u00e9s Garciatorres, MDO, PMP \u00bfHemos tenido alguna vez m\u00e1s hechos a nuestro alrededor? Desde luego que no. Hablamos de Big Data. Se trata, por supuesto, de datos colosales, monstruosos, como queramos llamarlos. En esta abrumadora disponibilidad de datos, hay un tipo de gestor, de l\u00edder y [&hellip;]<\/p>\n","protected":false},"author":26,"featured_media":9484,"comment_status":"closed","ping_status":"closed","sticky":false,"template":"","format":"standard","meta":{"_acf_changed":false,"footnotes":""},"categories":[572],"tags":[671,672,673,622,674],"class_list":["post-9482","post","type-post","status-publish","format-standard","has-post-thumbnail","hentry","category-transformacion-y-cambio","tag-abundancia-de-hechos-y-ausencia-de-sentido","tag-big-data","tag-es-una-especie-de-dislexia-del-liderazgo","tag-leandro-herrero","tag-reorientar-nuestros-programas-de-liderazgo"],"acf":[],"yoast_head":"<!-- This site is optimized with the Yoast SEO plugin v24.4 - https:\/\/yoast.com\/wordpress\/plugins\/seo\/ -->\n<title>Agarra los hechos, pierde el sentido: La dislexia del liderazgo se cierne sobre nosotros - Proyectum Per\u00fa<\/title>\n<meta name=\"robots\" content=\"index, follow, max-snippet:-1, max-image-preview:large, max-video-preview:-1\" \/>\n<link rel=\"canonical\" href=\"https:\/\/proyectum.com\/pe\/agarra-los-hechos-pierde-el-sentido-la-dislexia-del-liderazgo-se-cierne-sobre-nosotros\/\" \/>\n<meta property=\"og:locale\" content=\"es_ES\" \/>\n<meta property=\"og:type\" content=\"article\" \/>\n<meta property=\"og:title\" content=\"Agarra los hechos, pierde el sentido: La dislexia del liderazgo se cierne sobre nosotros - Proyectum Per\u00fa\" \/>\n<meta property=\"og:description\" content=\"Por: Leandro Herrero, MD Traducido y adaptado por: Jorge Vald\u00e9s Garciatorres, MDO, PMP \u00bfHemos tenido alguna vez m\u00e1s hechos a nuestro alrededor? Desde luego que no. Hablamos de Big Data. Se trata, por supuesto, de datos colosales, monstruosos, como queramos llamarlos. En esta abrumadora disponibilidad de datos, hay un tipo de gestor, de l\u00edder y [&hellip;]\" \/>\n<meta property=\"og:url\" content=\"https:\/\/proyectum.com\/pe\/agarra-los-hechos-pierde-el-sentido-la-dislexia-del-liderazgo-se-cierne-sobre-nosotros\/\" \/>\n<meta property=\"og:site_name\" content=\"Proyectum Per\u00fa\" \/>\n<meta property=\"article:publisher\" content=\"https:\/\/www.facebook.com\/proyectum.pe\/\" \/>\n<meta property=\"article:published_time\" content=\"2021-05-12T00:33:47+00:00\" \/>\n<meta property=\"og:image\" content=\"https:\/\/proyectum.com\/pe\/wp-content\/uploads\/2021\/05\/Dislexia-Liderazgo.jpg\" \/>\n\t<meta property=\"og:image:width\" content=\"1700\" \/>\n\t<meta property=\"og:image:height\" content=\"1133\" \/>\n\t<meta property=\"og:image:type\" content=\"image\/jpeg\" \/>\n<meta name=\"author\" content=\"Proyectum 2024\" \/>\n<meta name=\"twitter:card\" content=\"summary_large_image\" \/>\n<meta name=\"twitter:label1\" content=\"Escrito por\" \/>\n\t<meta name=\"twitter:data1\" content=\"Proyectum 2024\" \/>\n\t<meta name=\"twitter:label2\" content=\"Tiempo de lectura\" \/>\n\t<meta name=\"twitter:data2\" content=\"2 minutos\" \/>\n<script type=\"application\/ld+json\" class=\"yoast-schema-graph\">{\"@context\":\"https:\/\/schema.org\",\"@graph\":[{\"@type\":\"Article\",\"@id\":\"https:\/\/proyectum.com\/pe\/agarra-los-hechos-pierde-el-sentido-la-dislexia-del-liderazgo-se-cierne-sobre-nosotros\/#article\",\"isPartOf\":{\"@id\":\"https:\/\/proyectum.com\/pe\/agarra-los-hechos-pierde-el-sentido-la-dislexia-del-liderazgo-se-cierne-sobre-nosotros\/\"},\"author\":{\"name\":\"Proyectum 2024\",\"@id\":\"https:\/\/proyectum.com\/pe\/#\/schema\/person\/784b10060c51822d857e3004ea132bb4\"},\"headline\":\"Agarra los hechos, pierde el sentido: La dislexia del liderazgo se cierne sobre nosotros\",\"datePublished\":\"2021-05-12T00:33:47+00:00\",\"mainEntityOfPage\":{\"@id\":\"https:\/\/proyectum.com\/pe\/agarra-los-hechos-pierde-el-sentido-la-dislexia-del-liderazgo-se-cierne-sobre-nosotros\/\"},\"wordCount\":462,\"publisher\":{\"@id\":\"https:\/\/proyectum.com\/pe\/#organization\"},\"image\":{\"@id\":\"https:\/\/proyectum.com\/pe\/agarra-los-hechos-pierde-el-sentido-la-dislexia-del-liderazgo-se-cierne-sobre-nosotros\/#primaryimage\"},\"thumbnailUrl\":\"https:\/\/proyectum.com\/pe\/wp-content\/uploads\/2021\/05\/Dislexia-Liderazgo.jpg\",\"keywords\":[\"abundancia de hechos y ausencia de sentido\",\"Big Data\",\"Es una especie de dislexia del liderazgo\",\"Leandro Herrero\",\"reorientar nuestros Programas de Liderazgo\"],\"articleSection\":[\"Transformaci\u00f3n y cambio\"],\"inLanguage\":\"es\"},{\"@type\":\"WebPage\",\"@id\":\"https:\/\/proyectum.com\/pe\/agarra-los-hechos-pierde-el-sentido-la-dislexia-del-liderazgo-se-cierne-sobre-nosotros\/\",\"url\":\"https:\/\/proyectum.com\/pe\/agarra-los-hechos-pierde-el-sentido-la-dislexia-del-liderazgo-se-cierne-sobre-nosotros\/\",\"name\":\"Agarra los hechos, pierde el sentido: La dislexia del liderazgo se cierne sobre nosotros - Proyectum Per\u00fa\",\"isPartOf\":{\"@id\":\"https:\/\/proyectum.com\/pe\/#website\"},\"primaryImageOfPage\":{\"@id\":\"https:\/\/proyectum.com\/pe\/agarra-los-hechos-pierde-el-sentido-la-dislexia-del-liderazgo-se-cierne-sobre-nosotros\/#primaryimage\"},\"image\":{\"@id\":\"https:\/\/proyectum.com\/pe\/agarra-los-hechos-pierde-el-sentido-la-dislexia-del-liderazgo-se-cierne-sobre-nosotros\/#primaryimage\"},\"thumbnailUrl\":\"https:\/\/proyectum.com\/pe\/wp-content\/uploads\/2021\/05\/Dislexia-Liderazgo.jpg\",\"datePublished\":\"2021-05-12T00:33:47+00:00\",\"breadcrumb\":{\"@id\":\"https:\/\/proyectum.com\/pe\/agarra-los-hechos-pierde-el-sentido-la-dislexia-del-liderazgo-se-cierne-sobre-nosotros\/#breadcrumb\"},\"inLanguage\":\"es\",\"potentialAction\":[{\"@type\":\"ReadAction\",\"target\":[\"https:\/\/proyectum.com\/pe\/agarra-los-hechos-pierde-el-sentido-la-dislexia-del-liderazgo-se-cierne-sobre-nosotros\/\"]}]},{\"@type\":\"ImageObject\",\"inLanguage\":\"es\",\"@id\":\"https:\/\/proyectum.com\/pe\/agarra-los-hechos-pierde-el-sentido-la-dislexia-del-liderazgo-se-cierne-sobre-nosotros\/#primaryimage\",\"url\":\"https:\/\/proyectum.com\/pe\/wp-content\/uploads\/2021\/05\/Dislexia-Liderazgo.jpg\",\"contentUrl\":\"https:\/\/proyectum.com\/pe\/wp-content\/uploads\/2021\/05\/Dislexia-Liderazgo.jpg\",\"width\":1700,\"height\":1133,\"caption\":\"Dislexia Liderazgo\"},{\"@type\":\"BreadcrumbList\",\"@id\":\"https:\/\/proyectum.com\/pe\/agarra-los-hechos-pierde-el-sentido-la-dislexia-del-liderazgo-se-cierne-sobre-nosotros\/#breadcrumb\",\"itemListElement\":[{\"@type\":\"ListItem\",\"position\":1,\"name\":\"Home\",\"item\":\"https:\/\/proyectum.com\/pe\/\"},{\"@type\":\"ListItem\",\"position\":2,\"name\":\"Agarra los hechos, pierde el sentido: La dislexia del liderazgo se cierne sobre nosotros\"}]},{\"@type\":\"WebSite\",\"@id\":\"https:\/\/proyectum.com\/pe\/#website\",\"url\":\"https:\/\/proyectum.com\/pe\/\",\"name\":\"Proyectum Per\u00fa\",\"description\":\"Direcci\u00f3n de Proyectos y Metodolog\u00edas \u00c1giles\",\"publisher\":{\"@id\":\"https:\/\/proyectum.com\/pe\/#organization\"},\"potentialAction\":[{\"@type\":\"SearchAction\",\"target\":{\"@type\":\"EntryPoint\",\"urlTemplate\":\"https:\/\/proyectum.com\/pe\/?s={search_term_string}\"},\"query-input\":{\"@type\":\"PropertyValueSpecification\",\"valueRequired\":true,\"valueName\":\"search_term_string\"}}],\"inLanguage\":\"es\"},{\"@type\":\"Organization\",\"@id\":\"https:\/\/proyectum.com\/pe\/#organization\",\"name\":\"Proyectum Per\u00fa\",\"url\":\"https:\/\/proyectum.com\/pe\/\",\"logo\":{\"@type\":\"ImageObject\",\"inLanguage\":\"es\",\"@id\":\"https:\/\/proyectum.com\/pe\/#\/schema\/logo\/image\/\",\"url\":\"https:\/\/proyectum.com\/pe\/wp-content\/uploads\/2020\/04\/proyectum-logo-snippet.png\",\"contentUrl\":\"https:\/\/proyectum.com\/pe\/wp-content\/uploads\/2020\/04\/proyectum-logo-snippet.png\",\"width\":600,\"height\":315,\"caption\":\"Proyectum Per\u00fa\"},\"image\":{\"@id\":\"https:\/\/proyectum.com\/pe\/#\/schema\/logo\/image\/\"},\"sameAs\":[\"https:\/\/www.facebook.com\/proyectum.pe\/\",\"https:\/\/www.instagram.com\/proyectum.pe\/\",\"https:\/\/www.linkedin.com\/company\/proyectumperu\/\",\"https:\/\/www.youtube.com\/@proyectum2283\/videos\"]},{\"@type\":\"Person\",\"@id\":\"https:\/\/proyectum.com\/pe\/#\/schema\/person\/784b10060c51822d857e3004ea132bb4\",\"name\":\"Proyectum 2024\",\"image\":{\"@type\":\"ImageObject\",\"inLanguage\":\"es\",\"@id\":\"https:\/\/proyectum.com\/pe\/#\/schema\/person\/image\/\",\"url\":\"https:\/\/secure.gravatar.com\/avatar\/df82793fddd8f0a5a84fdb27d958bf73?s=96&d=mm&r=g\",\"contentUrl\":\"https:\/\/secure.gravatar.com\/avatar\/df82793fddd8f0a5a84fdb27d958bf73?s=96&d=mm&r=g\",\"caption\":\"Proyectum 2024\"}}]}<\/script>\n<!-- \/ Yoast SEO plugin. -->","yoast_head_json":{"title":"Agarra los hechos, pierde el sentido: La dislexia del liderazgo se cierne sobre nosotros - Proyectum Per\u00fa","robots":{"index":"index","follow":"follow","max-snippet":"max-snippet:-1","max-image-preview":"max-image-preview:large","max-video-preview":"max-video-preview:-1"},"canonical":"https:\/\/proyectum.com\/pe\/agarra-los-hechos-pierde-el-sentido-la-dislexia-del-liderazgo-se-cierne-sobre-nosotros\/","og_locale":"es_ES","og_type":"article","og_title":"Agarra los hechos, pierde el sentido: La dislexia del liderazgo se cierne sobre nosotros - Proyectum Per\u00fa","og_description":"Por: Leandro Herrero, MD Traducido y adaptado por: Jorge Vald\u00e9s Garciatorres, MDO, PMP \u00bfHemos tenido alguna vez m\u00e1s hechos a nuestro alrededor? Desde luego que no. Hablamos de Big Data. Se trata, por supuesto, de datos colosales, monstruosos, como queramos llamarlos. En esta abrumadora disponibilidad de datos, hay un tipo de gestor, de l\u00edder y [&hellip;]","og_url":"https:\/\/proyectum.com\/pe\/agarra-los-hechos-pierde-el-sentido-la-dislexia-del-liderazgo-se-cierne-sobre-nosotros\/","og_site_name":"Proyectum Per\u00fa","article_publisher":"https:\/\/www.facebook.com\/proyectum.pe\/","article_published_time":"2021-05-12T00:33:47+00:00","og_image":[{"width":1700,"height":1133,"url":"https:\/\/proyectum.com\/pe\/wp-content\/uploads\/2021\/05\/Dislexia-Liderazgo.jpg","type":"image\/jpeg"}],"author":"Proyectum 2024","twitter_card":"summary_large_image","twitter_misc":{"Escrito por":"Proyectum 2024","Tiempo de lectura":"2 minutos"},"schema":{"@context":"https:\/\/schema.org","@graph":[{"@type":"Article","@id":"https:\/\/proyectum.com\/pe\/agarra-los-hechos-pierde-el-sentido-la-dislexia-del-liderazgo-se-cierne-sobre-nosotros\/#article","isPartOf":{"@id":"https:\/\/proyectum.com\/pe\/agarra-los-hechos-pierde-el-sentido-la-dislexia-del-liderazgo-se-cierne-sobre-nosotros\/"},"author":{"name":"Proyectum 2024","@id":"https:\/\/proyectum.com\/pe\/#\/schema\/person\/784b10060c51822d857e3004ea132bb4"},"headline":"Agarra los hechos, pierde el sentido: La dislexia del liderazgo se cierne sobre nosotros","datePublished":"2021-05-12T00:33:47+00:00","mainEntityOfPage":{"@id":"https:\/\/proyectum.com\/pe\/agarra-los-hechos-pierde-el-sentido-la-dislexia-del-liderazgo-se-cierne-sobre-nosotros\/"},"wordCount":462,"publisher":{"@id":"https:\/\/proyectum.com\/pe\/#organization"},"image":{"@id":"https:\/\/proyectum.com\/pe\/agarra-los-hechos-pierde-el-sentido-la-dislexia-del-liderazgo-se-cierne-sobre-nosotros\/#primaryimage"},"thumbnailUrl":"https:\/\/proyectum.com\/pe\/wp-content\/uploads\/2021\/05\/Dislexia-Liderazgo.jpg","keywords":["abundancia de hechos y ausencia de sentido","Big Data","Es una especie de dislexia del liderazgo","Leandro Herrero","reorientar nuestros Programas de Liderazgo"],"articleSection":["Transformaci\u00f3n y cambio"],"inLanguage":"es"},{"@type":"WebPage","@id":"https:\/\/proyectum.com\/pe\/agarra-los-hechos-pierde-el-sentido-la-dislexia-del-liderazgo-se-cierne-sobre-nosotros\/","url":"https:\/\/proyectum.com\/pe\/agarra-los-hechos-pierde-el-sentido-la-dislexia-del-liderazgo-se-cierne-sobre-nosotros\/","name":"Agarra los hechos, pierde el sentido: La dislexia del liderazgo se cierne sobre nosotros - Proyectum Per\u00fa","isPartOf":{"@id":"https:\/\/proyectum.com\/pe\/#website"},"primaryImageOfPage":{"@id":"https:\/\/proyectum.com\/pe\/agarra-los-hechos-pierde-el-sentido-la-dislexia-del-liderazgo-se-cierne-sobre-nosotros\/#primaryimage"},"image":{"@id":"https:\/\/proyectum.com\/pe\/agarra-los-hechos-pierde-el-sentido-la-dislexia-del-liderazgo-se-cierne-sobre-nosotros\/#primaryimage"},"thumbnailUrl":"https:\/\/proyectum.com\/pe\/wp-content\/uploads\/2021\/05\/Dislexia-Liderazgo.jpg","datePublished":"2021-05-12T00:33:47+00:00","breadcrumb":{"@id":"https:\/\/proyectum.com\/pe\/agarra-los-hechos-pierde-el-sentido-la-dislexia-del-liderazgo-se-cierne-sobre-nosotros\/#breadcrumb"},"inLanguage":"es","potentialAction":[{"@type":"ReadAction","target":["https:\/\/proyectum.com\/pe\/agarra-los-hechos-pierde-el-sentido-la-dislexia-del-liderazgo-se-cierne-sobre-nosotros\/"]}]},{"@type":"ImageObject","inLanguage":"es","@id":"https:\/\/proyectum.com\/pe\/agarra-los-hechos-pierde-el-sentido-la-dislexia-del-liderazgo-se-cierne-sobre-nosotros\/#primaryimage","url":"https:\/\/proyectum.com\/pe\/wp-content\/uploads\/2021\/05\/Dislexia-Liderazgo.jpg","contentUrl":"https:\/\/proyectum.com\/pe\/wp-content\/uploads\/2021\/05\/Dislexia-Liderazgo.jpg","width":1700,"height":1133,"caption":"Dislexia Liderazgo"},{"@type":"BreadcrumbList","@id":"https:\/\/proyectum.com\/pe\/agarra-los-hechos-pierde-el-sentido-la-dislexia-del-liderazgo-se-cierne-sobre-nosotros\/#breadcrumb","itemListElement":[{"@type":"ListItem","position":1,"name":"Home","item":"https:\/\/proyectum.com\/pe\/"},{"@type":"ListItem","position":2,"name":"Agarra los hechos, pierde el sentido: La dislexia del liderazgo se cierne sobre nosotros"}]},{"@type":"WebSite","@id":"https:\/\/proyectum.com\/pe\/#website","url":"https:\/\/proyectum.com\/pe\/","name":"Proyectum Per\u00fa","description":"Direcci\u00f3n de Proyectos y Metodolog\u00edas \u00c1giles","publisher":{"@id":"https:\/\/proyectum.com\/pe\/#organization"},"potentialAction":[{"@type":"SearchAction","target":{"@type":"EntryPoint","urlTemplate":"https:\/\/proyectum.com\/pe\/?s={search_term_string}"},"query-input":{"@type":"PropertyValueSpecification","valueRequired":true,"valueName":"search_term_string"}}],"inLanguage":"es"},{"@type":"Organization","@id":"https:\/\/proyectum.com\/pe\/#organization","name":"Proyectum Per\u00fa","url":"https:\/\/proyectum.com\/pe\/","logo":{"@type":"ImageObject","inLanguage":"es","@id":"https:\/\/proyectum.com\/pe\/#\/schema\/logo\/image\/","url":"https:\/\/proyectum.com\/pe\/wp-content\/uploads\/2020\/04\/proyectum-logo-snippet.png","contentUrl":"https:\/\/proyectum.com\/pe\/wp-content\/uploads\/2020\/04\/proyectum-logo-snippet.png","width":600,"height":315,"caption":"Proyectum Per\u00fa"},"image":{"@id":"https:\/\/proyectum.com\/pe\/#\/schema\/logo\/image\/"},"sameAs":["https:\/\/www.facebook.com\/proyectum.pe\/","https:\/\/www.instagram.com\/proyectum.pe\/","https:\/\/www.linkedin.com\/company\/proyectumperu\/","https:\/\/www.youtube.com\/@proyectum2283\/videos"]},{"@type":"Person","@id":"https:\/\/proyectum.com\/pe\/#\/schema\/person\/784b10060c51822d857e3004ea132bb4","name":"Proyectum 2024","image":{"@type":"ImageObject","inLanguage":"es","@id":"https:\/\/proyectum.com\/pe\/#\/schema\/person\/image\/","url":"https:\/\/secure.gravatar.com\/avatar\/df82793fddd8f0a5a84fdb27d958bf73?s=96&d=mm&r=g","contentUrl":"https:\/\/secure.gravatar.com\/avatar\/df82793fddd8f0a5a84fdb27d958bf73?s=96&d=mm&r=g","caption":"Proyectum 2024"}}]}},"_links":{"self":[{"href":"https:\/\/proyectum.com\/pe\/wp-json\/wp\/v2\/posts\/9482","targetHints":{"allow":["GET"]}}],"collection":[{"href":"https:\/\/proyectum.com\/pe\/wp-json\/wp\/v2\/posts"}],"about":[{"href":"https:\/\/proyectum.com\/pe\/wp-json\/wp\/v2\/types\/post"}],"author":[{"embeddable":true,"href":"https:\/\/proyectum.com\/pe\/wp-json\/wp\/v2\/users\/26"}],"replies":[{"embeddable":true,"href":"https:\/\/proyectum.com\/pe\/wp-json\/wp\/v2\/comments?post=9482"}],"version-history":[{"count":0,"href":"https:\/\/proyectum.com\/pe\/wp-json\/wp\/v2\/posts\/9482\/revisions"}],"wp:featuredmedia":[{"embeddable":true,"href":"https:\/\/proyectum.com\/pe\/wp-json\/wp\/v2\/media\/9484"}],"wp:attachment":[{"href":"https:\/\/proyectum.com\/pe\/wp-json\/wp\/v2\/media?parent=9482"}],"wp:term":[{"taxonomy":"category","embeddable":true,"href":"https:\/\/proyectum.com\/pe\/wp-json\/wp\/v2\/categories?post=9482"},{"taxonomy":"post_tag","embeddable":true,"href":"https:\/\/proyectum.com\/pe\/wp-json\/wp\/v2\/tags?post=9482"}],"curies":[{"name":"wp","href":"https:\/\/api.w.org\/{rel}","templated":true}]}}