{"id":9515,"date":"2021-06-01T12:37:48","date_gmt":"2021-06-01T15:37:48","guid":{"rendered":"https:\/\/www.proyectum.com\/sistema\/?p=9515"},"modified":"2021-06-01T12:37:48","modified_gmt":"2021-06-01T15:37:48","slug":"la-movilizacion-de-personas-a-gran-escala-necesita-un-conjunto-de-orquestadores-a-pequena-escala-funciona-en-la-sociedad-y-funciona-en-las-organizaciones","status":"publish","type":"post","link":"https:\/\/proyectum.com\/pe\/la-movilizacion-de-personas-a-gran-escala-necesita-un-conjunto-de-orquestadores-a-pequena-escala-funciona-en-la-sociedad-y-funciona-en-las-organizaciones\/","title":{"rendered":"La movilizaci\u00f3n de personas a gran escala necesita un conjunto de orquestadores a peque\u00f1a escala. Funciona en la sociedad y funciona en las organizaciones."},"content":{"rendered":"<p style=\"text-align: right;\">Por: Leandro Herrero, MD<\/p>\n<p style=\"text-align: right;\">Traducido y adaptado por: Jorge Vald\u00e9s Garciatorres, MDO, PMP<\/p>\n<p style=\"text-align: right;\">\u00ab<em>Un movimiento social que s\u00f3lo mueve a las personas\u2026 es simplemente una revuelta. Un movimiento social que cambia tanto a las personas como a las instituciones\u2026 es una revoluci\u00f3n<\/em>\u00ab.<\/p>\n<p style=\"text-align: right;\">&#8211; Martin Luther King Jr., Por qu\u00e9 no podemos esperar<\/p>\n<p>Ojal\u00e1 pudiera recordar d\u00f3nde le\u00ed estas estad\u00edsticas.\u00a0 Rusia bajo el Zar 1914-1917&#8230; ten\u00eda 180 millones de campesinos y trabajadores que no se levantaron. El Partido Comunista ten\u00eda \u00abs\u00f3lo\u00bb 23,000 miembros y gobern\u00f3 durante 80 a\u00f1os. \u00bfC\u00f3mo es eso? \u00bfAlgo que aprender?<\/p>\n<p>S\u00ed, en mi mundo de creaci\u00f3n de <strong>movimientos sociales<\/strong> impulsados por Viral Change\u2122 en realidad es muy sencillo: <strong>la organizaci\u00f3n<\/strong>. Ll\u00e1malo &#8216;aparato&#8217; o cualquier otra cosa. No estoy haciendo juicios morales. Todos sabemos c\u00f3mo fueron esos a\u00f1os y c\u00f3mo acabaron, pero la cuesti\u00f3n es que hab\u00eda una organizaci\u00f3n detr\u00e1s.<\/p>\n<p>En Viral Change\u2122 llamamos a eso la Plataforma Movilizadora que establece la diferencia entre un movimiento social (MS) y una organizaci\u00f3n de movimiento social (SMO). No todos los MSs son SMOs<\/p>\n<p>Lo vemos ahora, en todas partes donde el lenguaje de los movimientos sociales ha sido reclamado tanto por el cambio organizativo como por el cambio macro-social, por no hablar de las plataformas pol\u00edticas. El lenguaje es lo m\u00e1s f\u00e1cil de reclamar. Suele ser gratis, sin barreras de entrada.<\/p>\n<p>La gente que no tiene una plataforma de movilizaci\u00f3n estructurada habla de bases, pero es simplemente ruido no canalizado a escala. <strong>Hablan de \u00ababajo a arriba\u00bb<\/strong> pero se refieren a m\u00e1s talleres en la base de la organizaci\u00f3n. Hablan de campeones y embajadores, pero se trata de voluntarios apasionados que a menudo disparan en cualquier direcci\u00f3n.<\/p>\n<p><strong>Los rebeldes necesitan una causa y una estructura<\/strong>. Una estructura no necesita millones de personas. Sin estructura, no hay <strong>organizaci\u00f3n del movimiento social<\/strong>. Sin organizaci\u00f3n del movimiento social, la movilizaci\u00f3n ser\u00e1 de corta duraci\u00f3n, dentro de la organizaci\u00f3n y en el mundo exterior.<\/p>\n<p>La mayor\u00eda de las movilizaciones de personas a gran escala se desvanecen no porque carezcan de visi\u00f3n o de objetivos, sino porque no existe un <strong>mecanismo de sostenibilidad<\/strong>. No es de extra\u00f1ar que uno de los cofundadores de \u00abOccupy Wall Street\u00bb, Micah White, escribiera un libro titulado El fin de la protesta.<\/p>\n<p>\u00c9l lo sabe. Los zares no lo hicieron. El Partido Comunista quiz\u00e1s la invent\u00f3.<\/p>\n<p>Entonces, \u00bfqu\u00e9 hay en una plataforma? Mas en la pr\u00f3xima entrega\u2026<\/p>\n<p>_______________<\/p>\n<p>Para ver el articulo original por favor da clic en esta <a href=\"https:\/\/leandroherrero.com\/large-scale-mobilization-of-people-needs-a-small-scale-set-of-orchestrators-it-works-in-society-and-it-works-in-organizations-3\/\" target=\"_blank\" rel=\"noopener\">liga<\/a><\/p>\n<p>\u00a9 The Chalfont Project Limited 2021. All rights reserved<\/p>\n<p>All articles supplied by [The Chalfont Project Limited] whether by access to digital resources or directly to any individual or company (collectively \u201cthe Content\u201d) are copyright The Chalfont Project Limited. Copying, reproducing, distributing, modifying, or transmitting the Content or any part of the Content is prohibited. Other than as expressly granted to any person or organization, no rights over the Content are granted or implied. \u201cViral Change\u2122\u201d is a registered trademark of The Chalfont Project Limited\u00a0(TCP). The Chalfont Project has granted permission for Proyectum to publish material in Spanish on their company Blog. Material must be represented in its original form and clearly marked\u00a0as copyrighted material. No other licenses or permission for use or publication is allowed or implied\u00a0by this agreement.<\/p>\n","protected":false},"excerpt":{"rendered":"<p>Por: Leandro Herrero, MD Traducido y adaptado por: Jorge Vald\u00e9s Garciatorres, MDO, PMP \u00abUn movimiento social que s\u00f3lo mueve a las personas\u2026 es simplemente una revuelta. Un movimiento social que cambia tanto a las personas como a las instituciones\u2026 es una revoluci\u00f3n\u00ab. &#8211; Martin Luther King Jr., Por qu\u00e9 no podemos esperar Ojal\u00e1 pudiera recordar [&hellip;]<\/p>\n","protected":false},"author":26,"featured_media":9517,"comment_status":"closed","ping_status":"closed","sticky":false,"template":"","format":"standard","meta":{"_acf_changed":false,"footnotes":""},"categories":[572],"tags":[622,684,685],"class_list":["post-9515","post","type-post","status-publish","format-standard","has-post-thumbnail","hentry","category-transformacion-y-cambio","tag-leandro-herrero","tag-movimientos-sociales","tag-organizacion-del-movimiento-social"],"acf":[],"yoast_head":"<!-- This site is optimized with the Yoast SEO plugin v24.4 - https:\/\/yoast.com\/wordpress\/plugins\/seo\/ -->\n<title>La movilizaci\u00f3n de personas a gran escala necesita un conjunto de orquestadores a peque\u00f1a escala. Funciona en la sociedad y funciona en las organizaciones. - Proyectum Per\u00fa<\/title>\n<meta name=\"robots\" content=\"index, follow, max-snippet:-1, max-image-preview:large, max-video-preview:-1\" \/>\n<link rel=\"canonical\" href=\"https:\/\/proyectum.com\/pe\/la-movilizacion-de-personas-a-gran-escala-necesita-un-conjunto-de-orquestadores-a-pequena-escala-funciona-en-la-sociedad-y-funciona-en-las-organizaciones\/\" \/>\n<meta property=\"og:locale\" content=\"es_ES\" \/>\n<meta property=\"og:type\" content=\"article\" \/>\n<meta property=\"og:title\" content=\"La movilizaci\u00f3n de personas a gran escala necesita un conjunto de orquestadores a peque\u00f1a escala. Funciona en la sociedad y funciona en las organizaciones. - Proyectum Per\u00fa\" \/>\n<meta property=\"og:description\" content=\"Por: Leandro Herrero, MD Traducido y adaptado por: Jorge Vald\u00e9s Garciatorres, MDO, PMP \u00abUn movimiento social que s\u00f3lo mueve a las personas\u2026 es simplemente una revuelta. Un movimiento social que cambia tanto a las personas como a las instituciones\u2026 es una revoluci\u00f3n\u00ab. &#8211; Martin Luther King Jr., Por qu\u00e9 no podemos esperar Ojal\u00e1 pudiera recordar [&hellip;]\" \/>\n<meta property=\"og:url\" content=\"https:\/\/proyectum.com\/pe\/la-movilizacion-de-personas-a-gran-escala-necesita-un-conjunto-de-orquestadores-a-pequena-escala-funciona-en-la-sociedad-y-funciona-en-las-organizaciones\/\" \/>\n<meta property=\"og:site_name\" content=\"Proyectum Per\u00fa\" \/>\n<meta property=\"article:publisher\" content=\"https:\/\/www.facebook.com\/proyectum.pe\/\" \/>\n<meta property=\"article:published_time\" content=\"2021-06-01T15:37:48+00:00\" \/>\n<meta property=\"og:image\" content=\"https:\/\/proyectum.com\/pe\/wp-content\/uploads\/2021\/06\/Movimiento-sociales.jpg\" \/>\n\t<meta property=\"og:image:width\" content=\"1700\" \/>\n\t<meta property=\"og:image:height\" content=\"1133\" \/>\n\t<meta property=\"og:image:type\" content=\"image\/jpeg\" \/>\n<meta name=\"author\" content=\"Proyectum 2024\" \/>\n<meta name=\"twitter:card\" content=\"summary_large_image\" \/>\n<meta name=\"twitter:label1\" content=\"Escrito por\" \/>\n\t<meta name=\"twitter:data1\" content=\"Proyectum 2024\" \/>\n\t<meta name=\"twitter:label2\" content=\"Tiempo de lectura\" \/>\n\t<meta name=\"twitter:data2\" content=\"3 minutos\" \/>\n<script type=\"application\/ld+json\" class=\"yoast-schema-graph\">{\"@context\":\"https:\/\/schema.org\",\"@graph\":[{\"@type\":\"Article\",\"@id\":\"https:\/\/proyectum.com\/pe\/la-movilizacion-de-personas-a-gran-escala-necesita-un-conjunto-de-orquestadores-a-pequena-escala-funciona-en-la-sociedad-y-funciona-en-las-organizaciones\/#article\",\"isPartOf\":{\"@id\":\"https:\/\/proyectum.com\/pe\/la-movilizacion-de-personas-a-gran-escala-necesita-un-conjunto-de-orquestadores-a-pequena-escala-funciona-en-la-sociedad-y-funciona-en-las-organizaciones\/\"},\"author\":{\"name\":\"Proyectum 2024\",\"@id\":\"https:\/\/proyectum.com\/pe\/#\/schema\/person\/784b10060c51822d857e3004ea132bb4\"},\"headline\":\"La movilizaci\u00f3n de personas a gran escala necesita un conjunto de orquestadores a peque\u00f1a escala. Funciona en la sociedad y funciona en las organizaciones.\",\"datePublished\":\"2021-06-01T15:37:48+00:00\",\"mainEntityOfPage\":{\"@id\":\"https:\/\/proyectum.com\/pe\/la-movilizacion-de-personas-a-gran-escala-necesita-un-conjunto-de-orquestadores-a-pequena-escala-funciona-en-la-sociedad-y-funciona-en-las-organizaciones\/\"},\"wordCount\":601,\"publisher\":{\"@id\":\"https:\/\/proyectum.com\/pe\/#organization\"},\"image\":{\"@id\":\"https:\/\/proyectum.com\/pe\/la-movilizacion-de-personas-a-gran-escala-necesita-un-conjunto-de-orquestadores-a-pequena-escala-funciona-en-la-sociedad-y-funciona-en-las-organizaciones\/#primaryimage\"},\"thumbnailUrl\":\"https:\/\/proyectum.com\/pe\/wp-content\/uploads\/2021\/06\/Movimiento-sociales.jpg\",\"keywords\":[\"Leandro Herrero\",\"movimientos sociales\",\"organizaci\u00f3n del movimiento social\"],\"articleSection\":[\"Transformaci\u00f3n y cambio\"],\"inLanguage\":\"es\"},{\"@type\":\"WebPage\",\"@id\":\"https:\/\/proyectum.com\/pe\/la-movilizacion-de-personas-a-gran-escala-necesita-un-conjunto-de-orquestadores-a-pequena-escala-funciona-en-la-sociedad-y-funciona-en-las-organizaciones\/\",\"url\":\"https:\/\/proyectum.com\/pe\/la-movilizacion-de-personas-a-gran-escala-necesita-un-conjunto-de-orquestadores-a-pequena-escala-funciona-en-la-sociedad-y-funciona-en-las-organizaciones\/\",\"name\":\"La movilizaci\u00f3n de personas a gran escala necesita un conjunto de orquestadores a peque\u00f1a escala. Funciona en la sociedad y funciona en las organizaciones. - Proyectum Per\u00fa\",\"isPartOf\":{\"@id\":\"https:\/\/proyectum.com\/pe\/#website\"},\"primaryImageOfPage\":{\"@id\":\"https:\/\/proyectum.com\/pe\/la-movilizacion-de-personas-a-gran-escala-necesita-un-conjunto-de-orquestadores-a-pequena-escala-funciona-en-la-sociedad-y-funciona-en-las-organizaciones\/#primaryimage\"},\"image\":{\"@id\":\"https:\/\/proyectum.com\/pe\/la-movilizacion-de-personas-a-gran-escala-necesita-un-conjunto-de-orquestadores-a-pequena-escala-funciona-en-la-sociedad-y-funciona-en-las-organizaciones\/#primaryimage\"},\"thumbnailUrl\":\"https:\/\/proyectum.com\/pe\/wp-content\/uploads\/2021\/06\/Movimiento-sociales.jpg\",\"datePublished\":\"2021-06-01T15:37:48+00:00\",\"breadcrumb\":{\"@id\":\"https:\/\/proyectum.com\/pe\/la-movilizacion-de-personas-a-gran-escala-necesita-un-conjunto-de-orquestadores-a-pequena-escala-funciona-en-la-sociedad-y-funciona-en-las-organizaciones\/#breadcrumb\"},\"inLanguage\":\"es\",\"potentialAction\":[{\"@type\":\"ReadAction\",\"target\":[\"https:\/\/proyectum.com\/pe\/la-movilizacion-de-personas-a-gran-escala-necesita-un-conjunto-de-orquestadores-a-pequena-escala-funciona-en-la-sociedad-y-funciona-en-las-organizaciones\/\"]}]},{\"@type\":\"ImageObject\",\"inLanguage\":\"es\",\"@id\":\"https:\/\/proyectum.com\/pe\/la-movilizacion-de-personas-a-gran-escala-necesita-un-conjunto-de-orquestadores-a-pequena-escala-funciona-en-la-sociedad-y-funciona-en-las-organizaciones\/#primaryimage\",\"url\":\"https:\/\/proyectum.com\/pe\/wp-content\/uploads\/2021\/06\/Movimiento-sociales.jpg\",\"contentUrl\":\"https:\/\/proyectum.com\/pe\/wp-content\/uploads\/2021\/06\/Movimiento-sociales.jpg\",\"width\":1700,\"height\":1133,\"caption\":\"Movimiento sociales\"},{\"@type\":\"BreadcrumbList\",\"@id\":\"https:\/\/proyectum.com\/pe\/la-movilizacion-de-personas-a-gran-escala-necesita-un-conjunto-de-orquestadores-a-pequena-escala-funciona-en-la-sociedad-y-funciona-en-las-organizaciones\/#breadcrumb\",\"itemListElement\":[{\"@type\":\"ListItem\",\"position\":1,\"name\":\"Home\",\"item\":\"https:\/\/proyectum.com\/pe\/\"},{\"@type\":\"ListItem\",\"position\":2,\"name\":\"La movilizaci\u00f3n de personas a gran escala necesita un conjunto de orquestadores a peque\u00f1a escala. Funciona en la sociedad y funciona en las organizaciones.\"}]},{\"@type\":\"WebSite\",\"@id\":\"https:\/\/proyectum.com\/pe\/#website\",\"url\":\"https:\/\/proyectum.com\/pe\/\",\"name\":\"Proyectum Per\u00fa\",\"description\":\"Direcci\u00f3n de Proyectos y Metodolog\u00edas \u00c1giles\",\"publisher\":{\"@id\":\"https:\/\/proyectum.com\/pe\/#organization\"},\"potentialAction\":[{\"@type\":\"SearchAction\",\"target\":{\"@type\":\"EntryPoint\",\"urlTemplate\":\"https:\/\/proyectum.com\/pe\/?s={search_term_string}\"},\"query-input\":{\"@type\":\"PropertyValueSpecification\",\"valueRequired\":true,\"valueName\":\"search_term_string\"}}],\"inLanguage\":\"es\"},{\"@type\":\"Organization\",\"@id\":\"https:\/\/proyectum.com\/pe\/#organization\",\"name\":\"Proyectum Per\u00fa\",\"url\":\"https:\/\/proyectum.com\/pe\/\",\"logo\":{\"@type\":\"ImageObject\",\"inLanguage\":\"es\",\"@id\":\"https:\/\/proyectum.com\/pe\/#\/schema\/logo\/image\/\",\"url\":\"https:\/\/proyectum.com\/pe\/wp-content\/uploads\/2020\/04\/proyectum-logo-snippet.png\",\"contentUrl\":\"https:\/\/proyectum.com\/pe\/wp-content\/uploads\/2020\/04\/proyectum-logo-snippet.png\",\"width\":600,\"height\":315,\"caption\":\"Proyectum Per\u00fa\"},\"image\":{\"@id\":\"https:\/\/proyectum.com\/pe\/#\/schema\/logo\/image\/\"},\"sameAs\":[\"https:\/\/www.facebook.com\/proyectum.pe\/\",\"https:\/\/www.instagram.com\/proyectum.pe\/\",\"https:\/\/www.linkedin.com\/company\/proyectumperu\/\",\"https:\/\/www.youtube.com\/@proyectum2283\/videos\"]},{\"@type\":\"Person\",\"@id\":\"https:\/\/proyectum.com\/pe\/#\/schema\/person\/784b10060c51822d857e3004ea132bb4\",\"name\":\"Proyectum 2024\",\"image\":{\"@type\":\"ImageObject\",\"inLanguage\":\"es\",\"@id\":\"https:\/\/proyectum.com\/pe\/#\/schema\/person\/image\/\",\"url\":\"https:\/\/secure.gravatar.com\/avatar\/df82793fddd8f0a5a84fdb27d958bf73?s=96&d=mm&r=g\",\"contentUrl\":\"https:\/\/secure.gravatar.com\/avatar\/df82793fddd8f0a5a84fdb27d958bf73?s=96&d=mm&r=g\",\"caption\":\"Proyectum 2024\"}}]}<\/script>\n<!-- \/ Yoast SEO plugin. -->","yoast_head_json":{"title":"La movilizaci\u00f3n de personas a gran escala necesita un conjunto de orquestadores a peque\u00f1a escala. Funciona en la sociedad y funciona en las organizaciones. - Proyectum Per\u00fa","robots":{"index":"index","follow":"follow","max-snippet":"max-snippet:-1","max-image-preview":"max-image-preview:large","max-video-preview":"max-video-preview:-1"},"canonical":"https:\/\/proyectum.com\/pe\/la-movilizacion-de-personas-a-gran-escala-necesita-un-conjunto-de-orquestadores-a-pequena-escala-funciona-en-la-sociedad-y-funciona-en-las-organizaciones\/","og_locale":"es_ES","og_type":"article","og_title":"La movilizaci\u00f3n de personas a gran escala necesita un conjunto de orquestadores a peque\u00f1a escala. Funciona en la sociedad y funciona en las organizaciones. - Proyectum Per\u00fa","og_description":"Por: Leandro Herrero, MD Traducido y adaptado por: Jorge Vald\u00e9s Garciatorres, MDO, PMP \u00abUn movimiento social que s\u00f3lo mueve a las personas\u2026 es simplemente una revuelta. Un movimiento social que cambia tanto a las personas como a las instituciones\u2026 es una revoluci\u00f3n\u00ab. &#8211; Martin Luther King Jr., Por qu\u00e9 no podemos esperar Ojal\u00e1 pudiera recordar [&hellip;]","og_url":"https:\/\/proyectum.com\/pe\/la-movilizacion-de-personas-a-gran-escala-necesita-un-conjunto-de-orquestadores-a-pequena-escala-funciona-en-la-sociedad-y-funciona-en-las-organizaciones\/","og_site_name":"Proyectum Per\u00fa","article_publisher":"https:\/\/www.facebook.com\/proyectum.pe\/","article_published_time":"2021-06-01T15:37:48+00:00","og_image":[{"width":1700,"height":1133,"url":"https:\/\/proyectum.com\/pe\/wp-content\/uploads\/2021\/06\/Movimiento-sociales.jpg","type":"image\/jpeg"}],"author":"Proyectum 2024","twitter_card":"summary_large_image","twitter_misc":{"Escrito por":"Proyectum 2024","Tiempo de lectura":"3 minutos"},"schema":{"@context":"https:\/\/schema.org","@graph":[{"@type":"Article","@id":"https:\/\/proyectum.com\/pe\/la-movilizacion-de-personas-a-gran-escala-necesita-un-conjunto-de-orquestadores-a-pequena-escala-funciona-en-la-sociedad-y-funciona-en-las-organizaciones\/#article","isPartOf":{"@id":"https:\/\/proyectum.com\/pe\/la-movilizacion-de-personas-a-gran-escala-necesita-un-conjunto-de-orquestadores-a-pequena-escala-funciona-en-la-sociedad-y-funciona-en-las-organizaciones\/"},"author":{"name":"Proyectum 2024","@id":"https:\/\/proyectum.com\/pe\/#\/schema\/person\/784b10060c51822d857e3004ea132bb4"},"headline":"La movilizaci\u00f3n de personas a gran escala necesita un conjunto de orquestadores a peque\u00f1a escala. Funciona en la sociedad y funciona en las organizaciones.","datePublished":"2021-06-01T15:37:48+00:00","mainEntityOfPage":{"@id":"https:\/\/proyectum.com\/pe\/la-movilizacion-de-personas-a-gran-escala-necesita-un-conjunto-de-orquestadores-a-pequena-escala-funciona-en-la-sociedad-y-funciona-en-las-organizaciones\/"},"wordCount":601,"publisher":{"@id":"https:\/\/proyectum.com\/pe\/#organization"},"image":{"@id":"https:\/\/proyectum.com\/pe\/la-movilizacion-de-personas-a-gran-escala-necesita-un-conjunto-de-orquestadores-a-pequena-escala-funciona-en-la-sociedad-y-funciona-en-las-organizaciones\/#primaryimage"},"thumbnailUrl":"https:\/\/proyectum.com\/pe\/wp-content\/uploads\/2021\/06\/Movimiento-sociales.jpg","keywords":["Leandro Herrero","movimientos sociales","organizaci\u00f3n del movimiento social"],"articleSection":["Transformaci\u00f3n y cambio"],"inLanguage":"es"},{"@type":"WebPage","@id":"https:\/\/proyectum.com\/pe\/la-movilizacion-de-personas-a-gran-escala-necesita-un-conjunto-de-orquestadores-a-pequena-escala-funciona-en-la-sociedad-y-funciona-en-las-organizaciones\/","url":"https:\/\/proyectum.com\/pe\/la-movilizacion-de-personas-a-gran-escala-necesita-un-conjunto-de-orquestadores-a-pequena-escala-funciona-en-la-sociedad-y-funciona-en-las-organizaciones\/","name":"La movilizaci\u00f3n de personas a gran escala necesita un conjunto de orquestadores a peque\u00f1a escala. Funciona en la sociedad y funciona en las organizaciones. - Proyectum Per\u00fa","isPartOf":{"@id":"https:\/\/proyectum.com\/pe\/#website"},"primaryImageOfPage":{"@id":"https:\/\/proyectum.com\/pe\/la-movilizacion-de-personas-a-gran-escala-necesita-un-conjunto-de-orquestadores-a-pequena-escala-funciona-en-la-sociedad-y-funciona-en-las-organizaciones\/#primaryimage"},"image":{"@id":"https:\/\/proyectum.com\/pe\/la-movilizacion-de-personas-a-gran-escala-necesita-un-conjunto-de-orquestadores-a-pequena-escala-funciona-en-la-sociedad-y-funciona-en-las-organizaciones\/#primaryimage"},"thumbnailUrl":"https:\/\/proyectum.com\/pe\/wp-content\/uploads\/2021\/06\/Movimiento-sociales.jpg","datePublished":"2021-06-01T15:37:48+00:00","breadcrumb":{"@id":"https:\/\/proyectum.com\/pe\/la-movilizacion-de-personas-a-gran-escala-necesita-un-conjunto-de-orquestadores-a-pequena-escala-funciona-en-la-sociedad-y-funciona-en-las-organizaciones\/#breadcrumb"},"inLanguage":"es","potentialAction":[{"@type":"ReadAction","target":["https:\/\/proyectum.com\/pe\/la-movilizacion-de-personas-a-gran-escala-necesita-un-conjunto-de-orquestadores-a-pequena-escala-funciona-en-la-sociedad-y-funciona-en-las-organizaciones\/"]}]},{"@type":"ImageObject","inLanguage":"es","@id":"https:\/\/proyectum.com\/pe\/la-movilizacion-de-personas-a-gran-escala-necesita-un-conjunto-de-orquestadores-a-pequena-escala-funciona-en-la-sociedad-y-funciona-en-las-organizaciones\/#primaryimage","url":"https:\/\/proyectum.com\/pe\/wp-content\/uploads\/2021\/06\/Movimiento-sociales.jpg","contentUrl":"https:\/\/proyectum.com\/pe\/wp-content\/uploads\/2021\/06\/Movimiento-sociales.jpg","width":1700,"height":1133,"caption":"Movimiento sociales"},{"@type":"BreadcrumbList","@id":"https:\/\/proyectum.com\/pe\/la-movilizacion-de-personas-a-gran-escala-necesita-un-conjunto-de-orquestadores-a-pequena-escala-funciona-en-la-sociedad-y-funciona-en-las-organizaciones\/#breadcrumb","itemListElement":[{"@type":"ListItem","position":1,"name":"Home","item":"https:\/\/proyectum.com\/pe\/"},{"@type":"ListItem","position":2,"name":"La movilizaci\u00f3n de personas a gran escala necesita un conjunto de orquestadores a peque\u00f1a escala. Funciona en la sociedad y funciona en las organizaciones."}]},{"@type":"WebSite","@id":"https:\/\/proyectum.com\/pe\/#website","url":"https:\/\/proyectum.com\/pe\/","name":"Proyectum Per\u00fa","description":"Direcci\u00f3n de Proyectos y Metodolog\u00edas \u00c1giles","publisher":{"@id":"https:\/\/proyectum.com\/pe\/#organization"},"potentialAction":[{"@type":"SearchAction","target":{"@type":"EntryPoint","urlTemplate":"https:\/\/proyectum.com\/pe\/?s={search_term_string}"},"query-input":{"@type":"PropertyValueSpecification","valueRequired":true,"valueName":"search_term_string"}}],"inLanguage":"es"},{"@type":"Organization","@id":"https:\/\/proyectum.com\/pe\/#organization","name":"Proyectum Per\u00fa","url":"https:\/\/proyectum.com\/pe\/","logo":{"@type":"ImageObject","inLanguage":"es","@id":"https:\/\/proyectum.com\/pe\/#\/schema\/logo\/image\/","url":"https:\/\/proyectum.com\/pe\/wp-content\/uploads\/2020\/04\/proyectum-logo-snippet.png","contentUrl":"https:\/\/proyectum.com\/pe\/wp-content\/uploads\/2020\/04\/proyectum-logo-snippet.png","width":600,"height":315,"caption":"Proyectum Per\u00fa"},"image":{"@id":"https:\/\/proyectum.com\/pe\/#\/schema\/logo\/image\/"},"sameAs":["https:\/\/www.facebook.com\/proyectum.pe\/","https:\/\/www.instagram.com\/proyectum.pe\/","https:\/\/www.linkedin.com\/company\/proyectumperu\/","https:\/\/www.youtube.com\/@proyectum2283\/videos"]},{"@type":"Person","@id":"https:\/\/proyectum.com\/pe\/#\/schema\/person\/784b10060c51822d857e3004ea132bb4","name":"Proyectum 2024","image":{"@type":"ImageObject","inLanguage":"es","@id":"https:\/\/proyectum.com\/pe\/#\/schema\/person\/image\/","url":"https:\/\/secure.gravatar.com\/avatar\/df82793fddd8f0a5a84fdb27d958bf73?s=96&d=mm&r=g","contentUrl":"https:\/\/secure.gravatar.com\/avatar\/df82793fddd8f0a5a84fdb27d958bf73?s=96&d=mm&r=g","caption":"Proyectum 2024"}}]}},"_links":{"self":[{"href":"https:\/\/proyectum.com\/pe\/wp-json\/wp\/v2\/posts\/9515","targetHints":{"allow":["GET"]}}],"collection":[{"href":"https:\/\/proyectum.com\/pe\/wp-json\/wp\/v2\/posts"}],"about":[{"href":"https:\/\/proyectum.com\/pe\/wp-json\/wp\/v2\/types\/post"}],"author":[{"embeddable":true,"href":"https:\/\/proyectum.com\/pe\/wp-json\/wp\/v2\/users\/26"}],"replies":[{"embeddable":true,"href":"https:\/\/proyectum.com\/pe\/wp-json\/wp\/v2\/comments?post=9515"}],"version-history":[{"count":0,"href":"https:\/\/proyectum.com\/pe\/wp-json\/wp\/v2\/posts\/9515\/revisions"}],"wp:featuredmedia":[{"embeddable":true,"href":"https:\/\/proyectum.com\/pe\/wp-json\/wp\/v2\/media\/9517"}],"wp:attachment":[{"href":"https:\/\/proyectum.com\/pe\/wp-json\/wp\/v2\/media?parent=9515"}],"wp:term":[{"taxonomy":"category","embeddable":true,"href":"https:\/\/proyectum.com\/pe\/wp-json\/wp\/v2\/categories?post=9515"},{"taxonomy":"post_tag","embeddable":true,"href":"https:\/\/proyectum.com\/pe\/wp-json\/wp\/v2\/tags?post=9515"}],"curies":[{"name":"wp","href":"https:\/\/api.w.org\/{rel}","templated":true}]}}