{"id":9607,"date":"2021-07-26T19:46:56","date_gmt":"2021-07-26T22:46:56","guid":{"rendered":"https:\/\/www.proyectum.com\/sistema\/?p=9607"},"modified":"2021-07-26T19:46:56","modified_gmt":"2021-07-26T22:46:56","slug":"los-pensadores-fuertes-son-pensadores-criticos-el-pensamiento-critico-puede-integrarse-en-la-cultura","status":"publish","type":"post","link":"https:\/\/proyectum.com\/pe\/los-pensadores-fuertes-son-pensadores-criticos-el-pensamiento-critico-puede-integrarse-en-la-cultura\/","title":{"rendered":"Los pensadores fuertes son pensadores cr\u00edticos. El pensamiento cr\u00edtico puede integrarse en la cultura"},"content":{"rendered":"<p style=\"text-align: right;\">Por: Dr. Leandro Herrero, MD<\/p>\n<p style=\"text-align: right;\">Traducido y adaptado por: Jorge Vald\u00e9s Garciatorres, MDO, PMP<\/p>\n<p style=\"text-align: right;\"><em>\u00abLa marca de una mente educada es ser capaz de entretener un pensamiento sin aceptarlo\u00bb.<\/em><\/p>\n<p style=\"text-align: right;\"><strong>Arist\u00f3teles<\/strong><\/p>\n<p><strong>El pensamiento y las ideas s\u00f3lidas son geniales<\/strong>. Necesitamos personas que las defiendan, <strong>las defiendan y se apasionen por ellas<\/strong>. Pero la fuerza del argumento, el poder de la ret\u00f3rica y el contagio de la pasi\u00f3n y la energ\u00eda <strong>no deben sustituir al pensamiento cr\u00edtico<\/strong>. Los defensores fuertes, apasionados, llenos de energ\u00eda y con un fuerte pensamiento cr\u00edtico desarrollar\u00e1n el argumento y nos lo expondr\u00e1n&#8230; en alg\u00fan lugar cercano a esto:<\/p>\n<ol>\n<li>Esto es lo que hace X, esto es lo que no hace. Esto es lo que resuelve, esto es lo que no resuelve.<\/li>\n<li>Esta es la raz\u00f3n por la que necesitamos X, estos son los beneficios.<\/li>\n<li>Este es el costo de hacer o tener X, este es el costo de no hacer o tener X.<\/li>\n<li>Esto es lo que tiene de s\u00f3lido.<\/li>\n<li>Estos son los agujeros (agujeros peque\u00f1os, agujeros m\u00e1s grandes&#8230;) en el pensamiento que hay detr\u00e1s.<\/li>\n<li>Esto es lo que sabemos, esto es lo que no sabemos.<\/li>\n<li>Si funciona, esto es lo que conseguimos, si no, esto es lo que haremos.<\/li>\n<li>Si no lo hacemos ahora, \u00bfcu\u00e1ndo?<\/li>\n<li>Estas son las alternativas a X. Hemos considerado Y, y Z. Todav\u00eda debemos ir a por X.<\/li>\n<li>As\u00ed es como podemos hacer que funcione, con \u00e9xito. As\u00ed es como podemos meter la pata por completo.<\/li>\n<\/ol>\n<p>Es posible que los defensores fuertes no se lo den de forma completa, como en el caso anterior. En ese caso, <strong>tienes que completar la idea-critica por ti mismo<\/strong>.<\/p>\n<p><strong>Mucha gente piensa que el pensamiento cr\u00edtico es de alguna manera innato<\/strong>, que pertenece a un tipo particular de cerebro y ciertamente de coeficiente intelectual. Por supuesto, esto es posible. Sin embargo, tambi\u00e9n es cierto que <strong>es altamente social<\/strong>. Practicar la argumentaci\u00f3n y la toma de decisiones previas a la propuesta de forma similar a la anterior, ser\u00e1 f\u00e1cilmente copiado por otros.<\/p>\n<p><strong>Crea el h\u00e1bito de enmarcar las cosas con un fuerte pensamiento cr\u00edtico<\/strong> y olvida el problema de si tu equipo \u00ablo tiene o no\u00bb.<\/p>\n<p>Crea una peque\u00f1a epidemia de los 10 \u00a0puntos anteriores.<\/p>\n<p>_______________<\/p>\n<p>Para ver el articulo original por favor da clic en esta <a href=\"https:\/\/leandroherrero.com\/strong-thinkers-are-critical-thinkers-critical-thinking-can-be-embedded-in-the-culture-2\/\" target=\"_blank\" rel=\"noopener\">liga<\/a><\/p>\n<p>\u00a9 The Chalfont Project Limited 2021. All rights reserved<\/p>\n<p>All articles supplied by [The Chalfont Project Limited] whether by access to digital resources or directly to any individual or company (collectively \u201cthe Content\u201d) are copyright The Chalfont Project Limited. Copying, reproducing, distributing, modifying, or transmitting the Content or any part of the Content is prohibited. Other than as expressly granted to any person or organization, no rights over the Content are granted or implied. \u201cViral Change\u2122\u201d is a registered trademark of The Chalfont Project Limited\u00a0(TCP). The Chalfont Project has granted permission for Proyectum to publish material in Spanish on their company Blog. Material must be represented in its original form and clearly marked\u00a0as copyrighted material. No other licenses or permission for use or publication is allowed or implied\u00a0by this agreement.<\/p>\n","protected":false},"excerpt":{"rendered":"<p>Por: Dr. Leandro Herrero, MD Traducido y adaptado por: Jorge Vald\u00e9s Garciatorres, MDO, PMP \u00abLa marca de una mente educada es ser capaz de entretener un pensamiento sin aceptarlo\u00bb. Arist\u00f3teles El pensamiento y las ideas s\u00f3lidas son geniales. Necesitamos personas que las defiendan, las defiendan y se apasionen por ellas. Pero la fuerza del argumento, [&hellip;]<\/p>\n","protected":false},"author":26,"featured_media":9609,"comment_status":"closed","ping_status":"closed","sticky":false,"template":"","format":"standard","meta":{"_acf_changed":false,"footnotes":""},"categories":[572],"tags":[706,707,708],"class_list":["post-9607","post","type-post","status-publish","format-standard","has-post-thumbnail","hentry","category-transformacion-y-cambio","tag-el-pensamiento-y-las-ideas-solidas-son-geniales","tag-no-deben-sustituir-al-pensamiento-critico","tag-pensamiento-critico"],"acf":[],"yoast_head":"<!-- This site is optimized with the Yoast SEO plugin v24.4 - https:\/\/yoast.com\/wordpress\/plugins\/seo\/ -->\n<title>Los pensadores fuertes son pensadores cr\u00edticos. El pensamiento cr\u00edtico puede integrarse en la cultura - Proyectum Per\u00fa<\/title>\n<meta name=\"robots\" content=\"index, follow, max-snippet:-1, max-image-preview:large, max-video-preview:-1\" \/>\n<link rel=\"canonical\" href=\"https:\/\/proyectum.com\/pe\/los-pensadores-fuertes-son-pensadores-criticos-el-pensamiento-critico-puede-integrarse-en-la-cultura\/\" \/>\n<meta property=\"og:locale\" content=\"es_ES\" \/>\n<meta property=\"og:type\" content=\"article\" \/>\n<meta property=\"og:title\" content=\"Los pensadores fuertes son pensadores cr\u00edticos. El pensamiento cr\u00edtico puede integrarse en la cultura - Proyectum Per\u00fa\" \/>\n<meta property=\"og:description\" content=\"Por: Dr. Leandro Herrero, MD Traducido y adaptado por: Jorge Vald\u00e9s Garciatorres, MDO, PMP \u00abLa marca de una mente educada es ser capaz de entretener un pensamiento sin aceptarlo\u00bb. Arist\u00f3teles El pensamiento y las ideas s\u00f3lidas son geniales. Necesitamos personas que las defiendan, las defiendan y se apasionen por ellas. Pero la fuerza del argumento, [&hellip;]\" \/>\n<meta property=\"og:url\" content=\"https:\/\/proyectum.com\/pe\/los-pensadores-fuertes-son-pensadores-criticos-el-pensamiento-critico-puede-integrarse-en-la-cultura\/\" \/>\n<meta property=\"og:site_name\" content=\"Proyectum Per\u00fa\" \/>\n<meta property=\"article:publisher\" content=\"https:\/\/www.facebook.com\/proyectum.pe\/\" \/>\n<meta property=\"article:published_time\" content=\"2021-07-26T22:46:56+00:00\" \/>\n<meta property=\"og:image\" content=\"https:\/\/proyectum.com\/pe\/wp-content\/uploads\/2021\/07\/Pensadores-fuertes.jpg\" \/>\n\t<meta property=\"og:image:width\" content=\"1700\" \/>\n\t<meta property=\"og:image:height\" content=\"1098\" \/>\n\t<meta property=\"og:image:type\" content=\"image\/jpeg\" \/>\n<meta name=\"author\" content=\"Proyectum 2024\" \/>\n<meta name=\"twitter:card\" content=\"summary_large_image\" \/>\n<meta name=\"twitter:label1\" content=\"Escrito por\" \/>\n\t<meta name=\"twitter:data1\" content=\"Proyectum 2024\" \/>\n\t<meta name=\"twitter:label2\" content=\"Tiempo de lectura\" \/>\n\t<meta name=\"twitter:data2\" content=\"3 minutos\" \/>\n<script type=\"application\/ld+json\" class=\"yoast-schema-graph\">{\"@context\":\"https:\/\/schema.org\",\"@graph\":[{\"@type\":\"Article\",\"@id\":\"https:\/\/proyectum.com\/pe\/los-pensadores-fuertes-son-pensadores-criticos-el-pensamiento-critico-puede-integrarse-en-la-cultura\/#article\",\"isPartOf\":{\"@id\":\"https:\/\/proyectum.com\/pe\/los-pensadores-fuertes-son-pensadores-criticos-el-pensamiento-critico-puede-integrarse-en-la-cultura\/\"},\"author\":{\"name\":\"Proyectum 2024\",\"@id\":\"https:\/\/proyectum.com\/pe\/#\/schema\/person\/784b10060c51822d857e3004ea132bb4\"},\"headline\":\"Los pensadores fuertes son pensadores cr\u00edticos. El pensamiento cr\u00edtico puede integrarse en la cultura\",\"datePublished\":\"2021-07-26T22:46:56+00:00\",\"mainEntityOfPage\":{\"@id\":\"https:\/\/proyectum.com\/pe\/los-pensadores-fuertes-son-pensadores-criticos-el-pensamiento-critico-puede-integrarse-en-la-cultura\/\"},\"wordCount\":552,\"publisher\":{\"@id\":\"https:\/\/proyectum.com\/pe\/#organization\"},\"image\":{\"@id\":\"https:\/\/proyectum.com\/pe\/los-pensadores-fuertes-son-pensadores-criticos-el-pensamiento-critico-puede-integrarse-en-la-cultura\/#primaryimage\"},\"thumbnailUrl\":\"https:\/\/proyectum.com\/pe\/wp-content\/uploads\/2021\/07\/Pensadores-fuertes.jpg\",\"keywords\":[\"El pensamiento y las ideas s\u00f3lidas son geniales\",\"no deben sustituir al pensamiento cr\u00edtico\",\"pensamiento cr\u00edtico\"],\"articleSection\":[\"Transformaci\u00f3n y cambio\"],\"inLanguage\":\"es\"},{\"@type\":\"WebPage\",\"@id\":\"https:\/\/proyectum.com\/pe\/los-pensadores-fuertes-son-pensadores-criticos-el-pensamiento-critico-puede-integrarse-en-la-cultura\/\",\"url\":\"https:\/\/proyectum.com\/pe\/los-pensadores-fuertes-son-pensadores-criticos-el-pensamiento-critico-puede-integrarse-en-la-cultura\/\",\"name\":\"Los pensadores fuertes son pensadores cr\u00edticos. El pensamiento cr\u00edtico puede integrarse en la cultura - Proyectum Per\u00fa\",\"isPartOf\":{\"@id\":\"https:\/\/proyectum.com\/pe\/#website\"},\"primaryImageOfPage\":{\"@id\":\"https:\/\/proyectum.com\/pe\/los-pensadores-fuertes-son-pensadores-criticos-el-pensamiento-critico-puede-integrarse-en-la-cultura\/#primaryimage\"},\"image\":{\"@id\":\"https:\/\/proyectum.com\/pe\/los-pensadores-fuertes-son-pensadores-criticos-el-pensamiento-critico-puede-integrarse-en-la-cultura\/#primaryimage\"},\"thumbnailUrl\":\"https:\/\/proyectum.com\/pe\/wp-content\/uploads\/2021\/07\/Pensadores-fuertes.jpg\",\"datePublished\":\"2021-07-26T22:46:56+00:00\",\"breadcrumb\":{\"@id\":\"https:\/\/proyectum.com\/pe\/los-pensadores-fuertes-son-pensadores-criticos-el-pensamiento-critico-puede-integrarse-en-la-cultura\/#breadcrumb\"},\"inLanguage\":\"es\",\"potentialAction\":[{\"@type\":\"ReadAction\",\"target\":[\"https:\/\/proyectum.com\/pe\/los-pensadores-fuertes-son-pensadores-criticos-el-pensamiento-critico-puede-integrarse-en-la-cultura\/\"]}]},{\"@type\":\"ImageObject\",\"inLanguage\":\"es\",\"@id\":\"https:\/\/proyectum.com\/pe\/los-pensadores-fuertes-son-pensadores-criticos-el-pensamiento-critico-puede-integrarse-en-la-cultura\/#primaryimage\",\"url\":\"https:\/\/proyectum.com\/pe\/wp-content\/uploads\/2021\/07\/Pensadores-fuertes.jpg\",\"contentUrl\":\"https:\/\/proyectum.com\/pe\/wp-content\/uploads\/2021\/07\/Pensadores-fuertes.jpg\",\"width\":1700,\"height\":1098,\"caption\":\"Pensadores fuertes\"},{\"@type\":\"BreadcrumbList\",\"@id\":\"https:\/\/proyectum.com\/pe\/los-pensadores-fuertes-son-pensadores-criticos-el-pensamiento-critico-puede-integrarse-en-la-cultura\/#breadcrumb\",\"itemListElement\":[{\"@type\":\"ListItem\",\"position\":1,\"name\":\"Home\",\"item\":\"https:\/\/proyectum.com\/pe\/\"},{\"@type\":\"ListItem\",\"position\":2,\"name\":\"Los pensadores fuertes son pensadores cr\u00edticos. El pensamiento cr\u00edtico puede integrarse en la cultura\"}]},{\"@type\":\"WebSite\",\"@id\":\"https:\/\/proyectum.com\/pe\/#website\",\"url\":\"https:\/\/proyectum.com\/pe\/\",\"name\":\"Proyectum Per\u00fa\",\"description\":\"Direcci\u00f3n de Proyectos y Metodolog\u00edas \u00c1giles\",\"publisher\":{\"@id\":\"https:\/\/proyectum.com\/pe\/#organization\"},\"potentialAction\":[{\"@type\":\"SearchAction\",\"target\":{\"@type\":\"EntryPoint\",\"urlTemplate\":\"https:\/\/proyectum.com\/pe\/?s={search_term_string}\"},\"query-input\":{\"@type\":\"PropertyValueSpecification\",\"valueRequired\":true,\"valueName\":\"search_term_string\"}}],\"inLanguage\":\"es\"},{\"@type\":\"Organization\",\"@id\":\"https:\/\/proyectum.com\/pe\/#organization\",\"name\":\"Proyectum Per\u00fa\",\"url\":\"https:\/\/proyectum.com\/pe\/\",\"logo\":{\"@type\":\"ImageObject\",\"inLanguage\":\"es\",\"@id\":\"https:\/\/proyectum.com\/pe\/#\/schema\/logo\/image\/\",\"url\":\"https:\/\/proyectum.com\/pe\/wp-content\/uploads\/2020\/04\/proyectum-logo-snippet.png\",\"contentUrl\":\"https:\/\/proyectum.com\/pe\/wp-content\/uploads\/2020\/04\/proyectum-logo-snippet.png\",\"width\":600,\"height\":315,\"caption\":\"Proyectum Per\u00fa\"},\"image\":{\"@id\":\"https:\/\/proyectum.com\/pe\/#\/schema\/logo\/image\/\"},\"sameAs\":[\"https:\/\/www.facebook.com\/proyectum.pe\/\",\"https:\/\/www.instagram.com\/proyectum.pe\/\",\"https:\/\/www.linkedin.com\/company\/proyectumperu\/\",\"https:\/\/www.youtube.com\/@proyectum2283\/videos\"]},{\"@type\":\"Person\",\"@id\":\"https:\/\/proyectum.com\/pe\/#\/schema\/person\/784b10060c51822d857e3004ea132bb4\",\"name\":\"Proyectum 2024\",\"image\":{\"@type\":\"ImageObject\",\"inLanguage\":\"es\",\"@id\":\"https:\/\/proyectum.com\/pe\/#\/schema\/person\/image\/\",\"url\":\"https:\/\/secure.gravatar.com\/avatar\/df82793fddd8f0a5a84fdb27d958bf73?s=96&d=mm&r=g\",\"contentUrl\":\"https:\/\/secure.gravatar.com\/avatar\/df82793fddd8f0a5a84fdb27d958bf73?s=96&d=mm&r=g\",\"caption\":\"Proyectum 2024\"}}]}<\/script>\n<!-- \/ Yoast SEO plugin. -->","yoast_head_json":{"title":"Los pensadores fuertes son pensadores cr\u00edticos. El pensamiento cr\u00edtico puede integrarse en la cultura - Proyectum Per\u00fa","robots":{"index":"index","follow":"follow","max-snippet":"max-snippet:-1","max-image-preview":"max-image-preview:large","max-video-preview":"max-video-preview:-1"},"canonical":"https:\/\/proyectum.com\/pe\/los-pensadores-fuertes-son-pensadores-criticos-el-pensamiento-critico-puede-integrarse-en-la-cultura\/","og_locale":"es_ES","og_type":"article","og_title":"Los pensadores fuertes son pensadores cr\u00edticos. El pensamiento cr\u00edtico puede integrarse en la cultura - Proyectum Per\u00fa","og_description":"Por: Dr. Leandro Herrero, MD Traducido y adaptado por: Jorge Vald\u00e9s Garciatorres, MDO, PMP \u00abLa marca de una mente educada es ser capaz de entretener un pensamiento sin aceptarlo\u00bb. Arist\u00f3teles El pensamiento y las ideas s\u00f3lidas son geniales. Necesitamos personas que las defiendan, las defiendan y se apasionen por ellas. Pero la fuerza del argumento, [&hellip;]","og_url":"https:\/\/proyectum.com\/pe\/los-pensadores-fuertes-son-pensadores-criticos-el-pensamiento-critico-puede-integrarse-en-la-cultura\/","og_site_name":"Proyectum Per\u00fa","article_publisher":"https:\/\/www.facebook.com\/proyectum.pe\/","article_published_time":"2021-07-26T22:46:56+00:00","og_image":[{"width":1700,"height":1098,"url":"https:\/\/proyectum.com\/pe\/wp-content\/uploads\/2021\/07\/Pensadores-fuertes.jpg","type":"image\/jpeg"}],"author":"Proyectum 2024","twitter_card":"summary_large_image","twitter_misc":{"Escrito por":"Proyectum 2024","Tiempo de lectura":"3 minutos"},"schema":{"@context":"https:\/\/schema.org","@graph":[{"@type":"Article","@id":"https:\/\/proyectum.com\/pe\/los-pensadores-fuertes-son-pensadores-criticos-el-pensamiento-critico-puede-integrarse-en-la-cultura\/#article","isPartOf":{"@id":"https:\/\/proyectum.com\/pe\/los-pensadores-fuertes-son-pensadores-criticos-el-pensamiento-critico-puede-integrarse-en-la-cultura\/"},"author":{"name":"Proyectum 2024","@id":"https:\/\/proyectum.com\/pe\/#\/schema\/person\/784b10060c51822d857e3004ea132bb4"},"headline":"Los pensadores fuertes son pensadores cr\u00edticos. El pensamiento cr\u00edtico puede integrarse en la cultura","datePublished":"2021-07-26T22:46:56+00:00","mainEntityOfPage":{"@id":"https:\/\/proyectum.com\/pe\/los-pensadores-fuertes-son-pensadores-criticos-el-pensamiento-critico-puede-integrarse-en-la-cultura\/"},"wordCount":552,"publisher":{"@id":"https:\/\/proyectum.com\/pe\/#organization"},"image":{"@id":"https:\/\/proyectum.com\/pe\/los-pensadores-fuertes-son-pensadores-criticos-el-pensamiento-critico-puede-integrarse-en-la-cultura\/#primaryimage"},"thumbnailUrl":"https:\/\/proyectum.com\/pe\/wp-content\/uploads\/2021\/07\/Pensadores-fuertes.jpg","keywords":["El pensamiento y las ideas s\u00f3lidas son geniales","no deben sustituir al pensamiento cr\u00edtico","pensamiento cr\u00edtico"],"articleSection":["Transformaci\u00f3n y cambio"],"inLanguage":"es"},{"@type":"WebPage","@id":"https:\/\/proyectum.com\/pe\/los-pensadores-fuertes-son-pensadores-criticos-el-pensamiento-critico-puede-integrarse-en-la-cultura\/","url":"https:\/\/proyectum.com\/pe\/los-pensadores-fuertes-son-pensadores-criticos-el-pensamiento-critico-puede-integrarse-en-la-cultura\/","name":"Los pensadores fuertes son pensadores cr\u00edticos. El pensamiento cr\u00edtico puede integrarse en la cultura - Proyectum Per\u00fa","isPartOf":{"@id":"https:\/\/proyectum.com\/pe\/#website"},"primaryImageOfPage":{"@id":"https:\/\/proyectum.com\/pe\/los-pensadores-fuertes-son-pensadores-criticos-el-pensamiento-critico-puede-integrarse-en-la-cultura\/#primaryimage"},"image":{"@id":"https:\/\/proyectum.com\/pe\/los-pensadores-fuertes-son-pensadores-criticos-el-pensamiento-critico-puede-integrarse-en-la-cultura\/#primaryimage"},"thumbnailUrl":"https:\/\/proyectum.com\/pe\/wp-content\/uploads\/2021\/07\/Pensadores-fuertes.jpg","datePublished":"2021-07-26T22:46:56+00:00","breadcrumb":{"@id":"https:\/\/proyectum.com\/pe\/los-pensadores-fuertes-son-pensadores-criticos-el-pensamiento-critico-puede-integrarse-en-la-cultura\/#breadcrumb"},"inLanguage":"es","potentialAction":[{"@type":"ReadAction","target":["https:\/\/proyectum.com\/pe\/los-pensadores-fuertes-son-pensadores-criticos-el-pensamiento-critico-puede-integrarse-en-la-cultura\/"]}]},{"@type":"ImageObject","inLanguage":"es","@id":"https:\/\/proyectum.com\/pe\/los-pensadores-fuertes-son-pensadores-criticos-el-pensamiento-critico-puede-integrarse-en-la-cultura\/#primaryimage","url":"https:\/\/proyectum.com\/pe\/wp-content\/uploads\/2021\/07\/Pensadores-fuertes.jpg","contentUrl":"https:\/\/proyectum.com\/pe\/wp-content\/uploads\/2021\/07\/Pensadores-fuertes.jpg","width":1700,"height":1098,"caption":"Pensadores fuertes"},{"@type":"BreadcrumbList","@id":"https:\/\/proyectum.com\/pe\/los-pensadores-fuertes-son-pensadores-criticos-el-pensamiento-critico-puede-integrarse-en-la-cultura\/#breadcrumb","itemListElement":[{"@type":"ListItem","position":1,"name":"Home","item":"https:\/\/proyectum.com\/pe\/"},{"@type":"ListItem","position":2,"name":"Los pensadores fuertes son pensadores cr\u00edticos. El pensamiento cr\u00edtico puede integrarse en la cultura"}]},{"@type":"WebSite","@id":"https:\/\/proyectum.com\/pe\/#website","url":"https:\/\/proyectum.com\/pe\/","name":"Proyectum Per\u00fa","description":"Direcci\u00f3n de Proyectos y Metodolog\u00edas \u00c1giles","publisher":{"@id":"https:\/\/proyectum.com\/pe\/#organization"},"potentialAction":[{"@type":"SearchAction","target":{"@type":"EntryPoint","urlTemplate":"https:\/\/proyectum.com\/pe\/?s={search_term_string}"},"query-input":{"@type":"PropertyValueSpecification","valueRequired":true,"valueName":"search_term_string"}}],"inLanguage":"es"},{"@type":"Organization","@id":"https:\/\/proyectum.com\/pe\/#organization","name":"Proyectum Per\u00fa","url":"https:\/\/proyectum.com\/pe\/","logo":{"@type":"ImageObject","inLanguage":"es","@id":"https:\/\/proyectum.com\/pe\/#\/schema\/logo\/image\/","url":"https:\/\/proyectum.com\/pe\/wp-content\/uploads\/2020\/04\/proyectum-logo-snippet.png","contentUrl":"https:\/\/proyectum.com\/pe\/wp-content\/uploads\/2020\/04\/proyectum-logo-snippet.png","width":600,"height":315,"caption":"Proyectum Per\u00fa"},"image":{"@id":"https:\/\/proyectum.com\/pe\/#\/schema\/logo\/image\/"},"sameAs":["https:\/\/www.facebook.com\/proyectum.pe\/","https:\/\/www.instagram.com\/proyectum.pe\/","https:\/\/www.linkedin.com\/company\/proyectumperu\/","https:\/\/www.youtube.com\/@proyectum2283\/videos"]},{"@type":"Person","@id":"https:\/\/proyectum.com\/pe\/#\/schema\/person\/784b10060c51822d857e3004ea132bb4","name":"Proyectum 2024","image":{"@type":"ImageObject","inLanguage":"es","@id":"https:\/\/proyectum.com\/pe\/#\/schema\/person\/image\/","url":"https:\/\/secure.gravatar.com\/avatar\/df82793fddd8f0a5a84fdb27d958bf73?s=96&d=mm&r=g","contentUrl":"https:\/\/secure.gravatar.com\/avatar\/df82793fddd8f0a5a84fdb27d958bf73?s=96&d=mm&r=g","caption":"Proyectum 2024"}}]}},"_links":{"self":[{"href":"https:\/\/proyectum.com\/pe\/wp-json\/wp\/v2\/posts\/9607","targetHints":{"allow":["GET"]}}],"collection":[{"href":"https:\/\/proyectum.com\/pe\/wp-json\/wp\/v2\/posts"}],"about":[{"href":"https:\/\/proyectum.com\/pe\/wp-json\/wp\/v2\/types\/post"}],"author":[{"embeddable":true,"href":"https:\/\/proyectum.com\/pe\/wp-json\/wp\/v2\/users\/26"}],"replies":[{"embeddable":true,"href":"https:\/\/proyectum.com\/pe\/wp-json\/wp\/v2\/comments?post=9607"}],"version-history":[{"count":0,"href":"https:\/\/proyectum.com\/pe\/wp-json\/wp\/v2\/posts\/9607\/revisions"}],"wp:featuredmedia":[{"embeddable":true,"href":"https:\/\/proyectum.com\/pe\/wp-json\/wp\/v2\/media\/9609"}],"wp:attachment":[{"href":"https:\/\/proyectum.com\/pe\/wp-json\/wp\/v2\/media?parent=9607"}],"wp:term":[{"taxonomy":"category","embeddable":true,"href":"https:\/\/proyectum.com\/pe\/wp-json\/wp\/v2\/categories?post=9607"},{"taxonomy":"post_tag","embeddable":true,"href":"https:\/\/proyectum.com\/pe\/wp-json\/wp\/v2\/tags?post=9607"}],"curies":[{"name":"wp","href":"https:\/\/api.w.org\/{rel}","templated":true}]}}