{"id":9643,"date":"2021-08-09T19:24:38","date_gmt":"2021-08-09T22:24:38","guid":{"rendered":"https:\/\/www.proyectum.com\/sistema\/?p=9643"},"modified":"2021-08-09T19:24:38","modified_gmt":"2021-08-09T22:24:38","slug":"20-razones-por-las-que-confio-en-ti","status":"publish","type":"post","link":"https:\/\/proyectum.com\/pe\/20-razones-por-las-que-confio-en-ti\/","title":{"rendered":"20 razones por las que conf\u00edo en ti"},"content":{"rendered":"<p style=\"text-align: right;\">Por: Leandro Herrero, MD<\/p>\n<p style=\"text-align: right;\">Traducido y adaptado por: Jorge Vald\u00e9s Garciatorres, MDO, PMP<\/p>\n<p style=\"text-align: right;\"><em>\u201cEs mejor confiar en el hombre que se equivoca con frecuencia que en el que nunca tiene dudas.\u201d<\/em><\/p>\n<p style=\"text-align: right;\"><strong>Eric Sevareid<\/strong><\/p>\n<p>&nbsp;<\/p>\n<ol>\n<li>Conf\u00edo en ti porque puedo decir \u00abno tengo ni idea\u00bb y no piensas que soy un idiota<\/li>\n<li>Puedo ser vulnerable y no ser\u00e9 penalizado<\/li>\n<li>Puedo ser emocional y no pensar\u00e1s que soy d\u00e9bil<\/li>\n<li>Comet\u00ed un error y t\u00fa dijiste que tambi\u00e9n lo hab\u00edas hecho<\/li>\n<li>Abr\u00ed mi coraz\u00f3n y no me arrepent\u00ed<\/li>\n<li>Te dije algo en confianza y lo mantuviste as\u00ed<\/li>\n<li>Compart\u00ed mis dudas y no baj\u00e9 de categor\u00eda<\/li>\n<li>Te mostr\u00e9 mi cansancio y no pensaste que no era capaz<\/li>\n<li>No soy tan fuerte como crees, pero pudiste ver mis puntos fuertes cuando yo no lo hac\u00eda<\/li>\n<li>Dijiste que me ayudar\u00edas y lo hiciste<\/li>\n<li>Dijiste que pod\u00eda llamarte y lo dijiste en serio<\/li>\n<li>Me sent\u00ed abrumado y no lo transmitiste<\/li>\n<li>Cuando met\u00ed la pata, pod\u00edas haberme evitado, pero me diste tu mano p\u00fablica<\/li>\n<li>Sab\u00edas lo mucho que depend\u00eda de tu trabajo y me lo entregaste antes<\/li>\n<li>Me enfad\u00e9 y no lo hiciste<\/li>\n<li>Siempre cumples tus promesas<\/li>\n<li>Me representas y puedo dormir<\/li>\n<li>Me protegiste y no enviaste la factura<\/li>\n<li>Siempre me dices la verdad, aunque no quiera o\u00edrla<\/li>\n<li>Nunca creces a costa de que yo me encoja o me caiga<\/li>\n<\/ol>\n<p>_______________<\/p>\n<p>Para ver el articulo original por favor da clic en esta <a href=\"https:\/\/leandroherrero.com\/20-reasons-why-i-trust-you-2\/\" target=\"_blank\" rel=\"noopener\">liga<\/a><\/p>\n<p>\u00a9 The Chalfont Project Limited 2021. All rights reserved<\/p>\n<p>All articles supplied by [The Chalfont Project Limited] whether by access to digital resources or directly to any individual or company (collectively \u201cthe Content\u201d) are copyright The Chalfont Project Limited. Copying, reproducing, distributing, modifying, or transmitting the Content or any part of the Content is prohibited. Other than as expressly granted to any person or organization, no rights over the Content are granted or implied. \u201cViral Change\u2122\u201d is a registered trademark of The Chalfont Project Limited\u00a0(TCP). The Chalfont Project has granted permission for Proyectum to publish material in Spanish on their company Blog. Material must be represented in its original form and clearly marked\u00a0as copyrighted material. No other licenses or permission for use or publication is allowed or implied\u00a0by this agreement.<\/p>\n","protected":false},"excerpt":{"rendered":"<p>Por: Leandro Herrero, MD Traducido y adaptado por: Jorge Vald\u00e9s Garciatorres, MDO, PMP \u201cEs mejor confiar en el hombre que se equivoca con frecuencia que en el que nunca tiene dudas.\u201d Eric Sevareid &nbsp; Conf\u00edo en ti porque puedo decir \u00abno tengo ni idea\u00bb y no piensas que soy un idiota Puedo ser vulnerable y [&hellip;]<\/p>\n","protected":false},"author":26,"featured_media":9644,"comment_status":"closed","ping_status":"closed","sticky":false,"template":"","format":"standard","meta":{"_acf_changed":false,"footnotes":""},"categories":[572],"tags":[722,622],"class_list":["post-9643","post","type-post","status-publish","format-standard","has-post-thumbnail","hentry","category-transformacion-y-cambio","tag-20-razones-por-las-que-confio-en-ti","tag-leandro-herrero"],"acf":[],"yoast_head":"<!-- This site is optimized with the Yoast SEO plugin v24.4 - https:\/\/yoast.com\/wordpress\/plugins\/seo\/ -->\n<title>20 razones por las que conf\u00edo en ti - Proyectum Per\u00fa<\/title>\n<meta name=\"robots\" content=\"index, follow, max-snippet:-1, max-image-preview:large, max-video-preview:-1\" \/>\n<link rel=\"canonical\" href=\"https:\/\/proyectum.com\/pe\/20-razones-por-las-que-confio-en-ti\/\" \/>\n<meta property=\"og:locale\" content=\"es_ES\" \/>\n<meta property=\"og:type\" content=\"article\" \/>\n<meta property=\"og:title\" content=\"20 razones por las que conf\u00edo en ti - Proyectum Per\u00fa\" \/>\n<meta property=\"og:description\" content=\"Por: Leandro Herrero, MD Traducido y adaptado por: Jorge Vald\u00e9s Garciatorres, MDO, PMP \u201cEs mejor confiar en el hombre que se equivoca con frecuencia que en el que nunca tiene dudas.\u201d Eric Sevareid &nbsp; Conf\u00edo en ti porque puedo decir \u00abno tengo ni idea\u00bb y no piensas que soy un idiota Puedo ser vulnerable y [&hellip;]\" \/>\n<meta property=\"og:url\" content=\"https:\/\/proyectum.com\/pe\/20-razones-por-las-que-confio-en-ti\/\" \/>\n<meta property=\"og:site_name\" content=\"Proyectum Per\u00fa\" \/>\n<meta property=\"article:publisher\" content=\"https:\/\/www.facebook.com\/proyectum.pe\/\" \/>\n<meta property=\"article:published_time\" content=\"2021-08-09T22:24:38+00:00\" \/>\n<meta property=\"og:image\" content=\"https:\/\/proyectum.com\/pe\/wp-content\/uploads\/2021\/08\/Confio-en-ti.jpg\" \/>\n\t<meta property=\"og:image:width\" content=\"1700\" \/>\n\t<meta property=\"og:image:height\" content=\"1133\" \/>\n\t<meta property=\"og:image:type\" content=\"image\/jpeg\" \/>\n<meta name=\"author\" content=\"Proyectum 2024\" \/>\n<meta name=\"twitter:card\" content=\"summary_large_image\" \/>\n<meta name=\"twitter:label1\" content=\"Escrito por\" \/>\n\t<meta name=\"twitter:data1\" content=\"Proyectum 2024\" \/>\n\t<meta name=\"twitter:label2\" content=\"Tiempo de lectura\" \/>\n\t<meta name=\"twitter:data2\" content=\"2 minutos\" \/>\n<script type=\"application\/ld+json\" class=\"yoast-schema-graph\">{\"@context\":\"https:\/\/schema.org\",\"@graph\":[{\"@type\":\"Article\",\"@id\":\"https:\/\/proyectum.com\/pe\/20-razones-por-las-que-confio-en-ti\/#article\",\"isPartOf\":{\"@id\":\"https:\/\/proyectum.com\/pe\/20-razones-por-las-que-confio-en-ti\/\"},\"author\":{\"name\":\"Proyectum 2024\",\"@id\":\"https:\/\/proyectum.com\/pe\/#\/schema\/person\/784b10060c51822d857e3004ea132bb4\"},\"headline\":\"20 razones por las que conf\u00edo en ti\",\"datePublished\":\"2021-08-09T22:24:38+00:00\",\"mainEntityOfPage\":{\"@id\":\"https:\/\/proyectum.com\/pe\/20-razones-por-las-que-confio-en-ti\/\"},\"wordCount\":389,\"publisher\":{\"@id\":\"https:\/\/proyectum.com\/pe\/#organization\"},\"image\":{\"@id\":\"https:\/\/proyectum.com\/pe\/20-razones-por-las-que-confio-en-ti\/#primaryimage\"},\"thumbnailUrl\":\"https:\/\/proyectum.com\/pe\/wp-content\/uploads\/2021\/08\/Confio-en-ti.jpg\",\"keywords\":[\"20 razones por las que conf\u00edo en ti\",\"Leandro Herrero\"],\"articleSection\":[\"Transformaci\u00f3n y cambio\"],\"inLanguage\":\"es\"},{\"@type\":\"WebPage\",\"@id\":\"https:\/\/proyectum.com\/pe\/20-razones-por-las-que-confio-en-ti\/\",\"url\":\"https:\/\/proyectum.com\/pe\/20-razones-por-las-que-confio-en-ti\/\",\"name\":\"20 razones por las que conf\u00edo en ti - Proyectum Per\u00fa\",\"isPartOf\":{\"@id\":\"https:\/\/proyectum.com\/pe\/#website\"},\"primaryImageOfPage\":{\"@id\":\"https:\/\/proyectum.com\/pe\/20-razones-por-las-que-confio-en-ti\/#primaryimage\"},\"image\":{\"@id\":\"https:\/\/proyectum.com\/pe\/20-razones-por-las-que-confio-en-ti\/#primaryimage\"},\"thumbnailUrl\":\"https:\/\/proyectum.com\/pe\/wp-content\/uploads\/2021\/08\/Confio-en-ti.jpg\",\"datePublished\":\"2021-08-09T22:24:38+00:00\",\"breadcrumb\":{\"@id\":\"https:\/\/proyectum.com\/pe\/20-razones-por-las-que-confio-en-ti\/#breadcrumb\"},\"inLanguage\":\"es\",\"potentialAction\":[{\"@type\":\"ReadAction\",\"target\":[\"https:\/\/proyectum.com\/pe\/20-razones-por-las-que-confio-en-ti\/\"]}]},{\"@type\":\"ImageObject\",\"inLanguage\":\"es\",\"@id\":\"https:\/\/proyectum.com\/pe\/20-razones-por-las-que-confio-en-ti\/#primaryimage\",\"url\":\"https:\/\/proyectum.com\/pe\/wp-content\/uploads\/2021\/08\/Confio-en-ti.jpg\",\"contentUrl\":\"https:\/\/proyectum.com\/pe\/wp-content\/uploads\/2021\/08\/Confio-en-ti.jpg\",\"width\":1700,\"height\":1133,\"caption\":\"Confio en ti\"},{\"@type\":\"BreadcrumbList\",\"@id\":\"https:\/\/proyectum.com\/pe\/20-razones-por-las-que-confio-en-ti\/#breadcrumb\",\"itemListElement\":[{\"@type\":\"ListItem\",\"position\":1,\"name\":\"Home\",\"item\":\"https:\/\/proyectum.com\/pe\/\"},{\"@type\":\"ListItem\",\"position\":2,\"name\":\"20 razones por las que conf\u00edo en ti\"}]},{\"@type\":\"WebSite\",\"@id\":\"https:\/\/proyectum.com\/pe\/#website\",\"url\":\"https:\/\/proyectum.com\/pe\/\",\"name\":\"Proyectum Per\u00fa\",\"description\":\"Direcci\u00f3n de Proyectos y Metodolog\u00edas \u00c1giles\",\"publisher\":{\"@id\":\"https:\/\/proyectum.com\/pe\/#organization\"},\"potentialAction\":[{\"@type\":\"SearchAction\",\"target\":{\"@type\":\"EntryPoint\",\"urlTemplate\":\"https:\/\/proyectum.com\/pe\/?s={search_term_string}\"},\"query-input\":{\"@type\":\"PropertyValueSpecification\",\"valueRequired\":true,\"valueName\":\"search_term_string\"}}],\"inLanguage\":\"es\"},{\"@type\":\"Organization\",\"@id\":\"https:\/\/proyectum.com\/pe\/#organization\",\"name\":\"Proyectum Per\u00fa\",\"url\":\"https:\/\/proyectum.com\/pe\/\",\"logo\":{\"@type\":\"ImageObject\",\"inLanguage\":\"es\",\"@id\":\"https:\/\/proyectum.com\/pe\/#\/schema\/logo\/image\/\",\"url\":\"https:\/\/proyectum.com\/pe\/wp-content\/uploads\/2020\/04\/proyectum-logo-snippet.png\",\"contentUrl\":\"https:\/\/proyectum.com\/pe\/wp-content\/uploads\/2020\/04\/proyectum-logo-snippet.png\",\"width\":600,\"height\":315,\"caption\":\"Proyectum Per\u00fa\"},\"image\":{\"@id\":\"https:\/\/proyectum.com\/pe\/#\/schema\/logo\/image\/\"},\"sameAs\":[\"https:\/\/www.facebook.com\/proyectum.pe\/\",\"https:\/\/www.instagram.com\/proyectum.pe\/\",\"https:\/\/www.linkedin.com\/company\/proyectumperu\/\",\"https:\/\/www.youtube.com\/@proyectum2283\/videos\"]},{\"@type\":\"Person\",\"@id\":\"https:\/\/proyectum.com\/pe\/#\/schema\/person\/784b10060c51822d857e3004ea132bb4\",\"name\":\"Proyectum 2024\",\"image\":{\"@type\":\"ImageObject\",\"inLanguage\":\"es\",\"@id\":\"https:\/\/proyectum.com\/pe\/#\/schema\/person\/image\/\",\"url\":\"https:\/\/secure.gravatar.com\/avatar\/df82793fddd8f0a5a84fdb27d958bf73?s=96&d=mm&r=g\",\"contentUrl\":\"https:\/\/secure.gravatar.com\/avatar\/df82793fddd8f0a5a84fdb27d958bf73?s=96&d=mm&r=g\",\"caption\":\"Proyectum 2024\"}}]}<\/script>\n<!-- \/ Yoast SEO plugin. -->","yoast_head_json":{"title":"20 razones por las que conf\u00edo en ti - Proyectum Per\u00fa","robots":{"index":"index","follow":"follow","max-snippet":"max-snippet:-1","max-image-preview":"max-image-preview:large","max-video-preview":"max-video-preview:-1"},"canonical":"https:\/\/proyectum.com\/pe\/20-razones-por-las-que-confio-en-ti\/","og_locale":"es_ES","og_type":"article","og_title":"20 razones por las que conf\u00edo en ti - Proyectum Per\u00fa","og_description":"Por: Leandro Herrero, MD Traducido y adaptado por: Jorge Vald\u00e9s Garciatorres, MDO, PMP \u201cEs mejor confiar en el hombre que se equivoca con frecuencia que en el que nunca tiene dudas.\u201d Eric Sevareid &nbsp; Conf\u00edo en ti porque puedo decir \u00abno tengo ni idea\u00bb y no piensas que soy un idiota Puedo ser vulnerable y [&hellip;]","og_url":"https:\/\/proyectum.com\/pe\/20-razones-por-las-que-confio-en-ti\/","og_site_name":"Proyectum Per\u00fa","article_publisher":"https:\/\/www.facebook.com\/proyectum.pe\/","article_published_time":"2021-08-09T22:24:38+00:00","og_image":[{"width":1700,"height":1133,"url":"https:\/\/proyectum.com\/pe\/wp-content\/uploads\/2021\/08\/Confio-en-ti.jpg","type":"image\/jpeg"}],"author":"Proyectum 2024","twitter_card":"summary_large_image","twitter_misc":{"Escrito por":"Proyectum 2024","Tiempo de lectura":"2 minutos"},"schema":{"@context":"https:\/\/schema.org","@graph":[{"@type":"Article","@id":"https:\/\/proyectum.com\/pe\/20-razones-por-las-que-confio-en-ti\/#article","isPartOf":{"@id":"https:\/\/proyectum.com\/pe\/20-razones-por-las-que-confio-en-ti\/"},"author":{"name":"Proyectum 2024","@id":"https:\/\/proyectum.com\/pe\/#\/schema\/person\/784b10060c51822d857e3004ea132bb4"},"headline":"20 razones por las que conf\u00edo en ti","datePublished":"2021-08-09T22:24:38+00:00","mainEntityOfPage":{"@id":"https:\/\/proyectum.com\/pe\/20-razones-por-las-que-confio-en-ti\/"},"wordCount":389,"publisher":{"@id":"https:\/\/proyectum.com\/pe\/#organization"},"image":{"@id":"https:\/\/proyectum.com\/pe\/20-razones-por-las-que-confio-en-ti\/#primaryimage"},"thumbnailUrl":"https:\/\/proyectum.com\/pe\/wp-content\/uploads\/2021\/08\/Confio-en-ti.jpg","keywords":["20 razones por las que conf\u00edo en ti","Leandro Herrero"],"articleSection":["Transformaci\u00f3n y cambio"],"inLanguage":"es"},{"@type":"WebPage","@id":"https:\/\/proyectum.com\/pe\/20-razones-por-las-que-confio-en-ti\/","url":"https:\/\/proyectum.com\/pe\/20-razones-por-las-que-confio-en-ti\/","name":"20 razones por las que conf\u00edo en ti - Proyectum Per\u00fa","isPartOf":{"@id":"https:\/\/proyectum.com\/pe\/#website"},"primaryImageOfPage":{"@id":"https:\/\/proyectum.com\/pe\/20-razones-por-las-que-confio-en-ti\/#primaryimage"},"image":{"@id":"https:\/\/proyectum.com\/pe\/20-razones-por-las-que-confio-en-ti\/#primaryimage"},"thumbnailUrl":"https:\/\/proyectum.com\/pe\/wp-content\/uploads\/2021\/08\/Confio-en-ti.jpg","datePublished":"2021-08-09T22:24:38+00:00","breadcrumb":{"@id":"https:\/\/proyectum.com\/pe\/20-razones-por-las-que-confio-en-ti\/#breadcrumb"},"inLanguage":"es","potentialAction":[{"@type":"ReadAction","target":["https:\/\/proyectum.com\/pe\/20-razones-por-las-que-confio-en-ti\/"]}]},{"@type":"ImageObject","inLanguage":"es","@id":"https:\/\/proyectum.com\/pe\/20-razones-por-las-que-confio-en-ti\/#primaryimage","url":"https:\/\/proyectum.com\/pe\/wp-content\/uploads\/2021\/08\/Confio-en-ti.jpg","contentUrl":"https:\/\/proyectum.com\/pe\/wp-content\/uploads\/2021\/08\/Confio-en-ti.jpg","width":1700,"height":1133,"caption":"Confio en ti"},{"@type":"BreadcrumbList","@id":"https:\/\/proyectum.com\/pe\/20-razones-por-las-que-confio-en-ti\/#breadcrumb","itemListElement":[{"@type":"ListItem","position":1,"name":"Home","item":"https:\/\/proyectum.com\/pe\/"},{"@type":"ListItem","position":2,"name":"20 razones por las que conf\u00edo en ti"}]},{"@type":"WebSite","@id":"https:\/\/proyectum.com\/pe\/#website","url":"https:\/\/proyectum.com\/pe\/","name":"Proyectum Per\u00fa","description":"Direcci\u00f3n de Proyectos y Metodolog\u00edas \u00c1giles","publisher":{"@id":"https:\/\/proyectum.com\/pe\/#organization"},"potentialAction":[{"@type":"SearchAction","target":{"@type":"EntryPoint","urlTemplate":"https:\/\/proyectum.com\/pe\/?s={search_term_string}"},"query-input":{"@type":"PropertyValueSpecification","valueRequired":true,"valueName":"search_term_string"}}],"inLanguage":"es"},{"@type":"Organization","@id":"https:\/\/proyectum.com\/pe\/#organization","name":"Proyectum Per\u00fa","url":"https:\/\/proyectum.com\/pe\/","logo":{"@type":"ImageObject","inLanguage":"es","@id":"https:\/\/proyectum.com\/pe\/#\/schema\/logo\/image\/","url":"https:\/\/proyectum.com\/pe\/wp-content\/uploads\/2020\/04\/proyectum-logo-snippet.png","contentUrl":"https:\/\/proyectum.com\/pe\/wp-content\/uploads\/2020\/04\/proyectum-logo-snippet.png","width":600,"height":315,"caption":"Proyectum Per\u00fa"},"image":{"@id":"https:\/\/proyectum.com\/pe\/#\/schema\/logo\/image\/"},"sameAs":["https:\/\/www.facebook.com\/proyectum.pe\/","https:\/\/www.instagram.com\/proyectum.pe\/","https:\/\/www.linkedin.com\/company\/proyectumperu\/","https:\/\/www.youtube.com\/@proyectum2283\/videos"]},{"@type":"Person","@id":"https:\/\/proyectum.com\/pe\/#\/schema\/person\/784b10060c51822d857e3004ea132bb4","name":"Proyectum 2024","image":{"@type":"ImageObject","inLanguage":"es","@id":"https:\/\/proyectum.com\/pe\/#\/schema\/person\/image\/","url":"https:\/\/secure.gravatar.com\/avatar\/df82793fddd8f0a5a84fdb27d958bf73?s=96&d=mm&r=g","contentUrl":"https:\/\/secure.gravatar.com\/avatar\/df82793fddd8f0a5a84fdb27d958bf73?s=96&d=mm&r=g","caption":"Proyectum 2024"}}]}},"_links":{"self":[{"href":"https:\/\/proyectum.com\/pe\/wp-json\/wp\/v2\/posts\/9643","targetHints":{"allow":["GET"]}}],"collection":[{"href":"https:\/\/proyectum.com\/pe\/wp-json\/wp\/v2\/posts"}],"about":[{"href":"https:\/\/proyectum.com\/pe\/wp-json\/wp\/v2\/types\/post"}],"author":[{"embeddable":true,"href":"https:\/\/proyectum.com\/pe\/wp-json\/wp\/v2\/users\/26"}],"replies":[{"embeddable":true,"href":"https:\/\/proyectum.com\/pe\/wp-json\/wp\/v2\/comments?post=9643"}],"version-history":[{"count":0,"href":"https:\/\/proyectum.com\/pe\/wp-json\/wp\/v2\/posts\/9643\/revisions"}],"wp:featuredmedia":[{"embeddable":true,"href":"https:\/\/proyectum.com\/pe\/wp-json\/wp\/v2\/media\/9644"}],"wp:attachment":[{"href":"https:\/\/proyectum.com\/pe\/wp-json\/wp\/v2\/media?parent=9643"}],"wp:term":[{"taxonomy":"category","embeddable":true,"href":"https:\/\/proyectum.com\/pe\/wp-json\/wp\/v2\/categories?post=9643"},{"taxonomy":"post_tag","embeddable":true,"href":"https:\/\/proyectum.com\/pe\/wp-json\/wp\/v2\/tags?post=9643"}],"curies":[{"name":"wp","href":"https:\/\/api.w.org\/{rel}","templated":true}]}}