{"id":9657,"date":"2021-08-16T15:33:51","date_gmt":"2021-08-16T18:33:51","guid":{"rendered":"https:\/\/www.proyectum.com\/sistema\/?p=9657"},"modified":"2021-08-16T15:33:51","modified_gmt":"2021-08-16T18:33:51","slug":"predica-tus-valores-todo-el-tiempo-cuando-sea-necesario-usa-las-palabras","status":"publish","type":"post","link":"https:\/\/proyectum.com\/pe\/predica-tus-valores-todo-el-tiempo-cuando-sea-necesario-usa-las-palabras\/","title":{"rendered":"Predica tus valores todo el tiempo, cuando sea necesario usa las palabras"},"content":{"rendered":"<p style=\"text-align: right;\">Por Leandro Herrero, MD<\/p>\n<p style=\"text-align: right;\">Traducido y adaptado por: Jorge Vald\u00e9s Garciatorres, MDO, PMP<\/p>\n<p style=\"text-align: right;\"><em>\u00abEl ser humano siempre se est\u00e1 comunicando\u2026<\/em><\/p>\n<p style=\"text-align: right;\"><em>\u2026Y a veces hasta habla.\u00bb<\/em><\/p>\n<p style=\"text-align: right;\">Paul Watzlawick<\/p>\n<p>&nbsp;<\/p>\n<p>Esto es un plagio, por supuesto. Estoy robando la frase del santo del siglo XIII, Francisco de As\u00eds: \u00ab<strong>Predica el Evangelio todo el tiempo. Cuando sea necesario, utiliza las palabras<\/strong>\u00ab.<\/p>\n<p>Traducci\u00f3n, <strong>haz m\u00e1s, habla menos<\/strong>. \u00daltimamente se ha reciclado como \u00abwalk the talk\u00bb. Yo lo he modificado para que sea \u00abhablar de lo que se hace \u00ab. Es decir, <strong>primero se camina y luego se explica el camino<\/strong>.<\/p>\n<p>S\u00ed, creo que el orden de \u00abcaminar y hablar\u00bb es err\u00f3neo. Como l\u00edder, uno camina, y camina; luego, trae a la gente y explica el camino, mientras camina.<\/p>\n<p>En nuestras organizaciones, tenemos tsunamis conceptuales de valores y creencias. La mayor\u00eda de ellos habitan en los cementerios corporativos de los informes anuales, las salas de recepci\u00f3n y los sistemas de RRHH. <strong>Son palabras, no comportamientos<\/strong>. <strong>Las personas copian los comportamientos, no las palabras<\/strong> en las paredes ni las vi\u00f1etas en los PowerPoints.<\/p>\n<p><strong>Tenemos que acordar los comportamientos no negociables de los valores y creencias<\/strong> para poder \u00abhacerlos\u00bb y exhibirlos, no s\u00f3lo explicarlos. Esas traducciones del comportamiento son de vida o muerte.<\/p>\n<p>El \u00abcuando sea necesario usar palabras\u00bb deber\u00eda ser el lema de los llamados procesos de <strong>gesti\u00f3n del cambio<\/strong>.<\/p>\n<p><strong>La revoluci\u00f3n pendiente de los modelos de conducta\/colaboradores\/compa\u00f1eros, ser\u00e1 impulsada por los hechos, no por las palabras.<\/strong><\/p>\n<p>Pero no lo olvidemos. <strong>Las palabras ciertamente comprometen y motivan<\/strong>. Las palabras son el despertador, las campanas de alarma, la declaraci\u00f3n de intenciones, el veh\u00edculo intelectual y los desencadenantes pre-emocionales de la acci\u00f3n. As\u00ed que m\u00e1s vale que tambi\u00e9n seamos buenos en ellas.<\/p>\n<p>Sin embargo:<\/p>\n<p><strong>Las palabras son pre-sociales, la revoluci\u00f3n es social<\/strong>.<\/p>\n<p>\u00abLas cosas que no tienes que decir te hacen rico\u00bb &#8211; William Stafford&#8217;s (1914 &#8211; 1993)<\/p>\n<p><strong>Hag\u00e1monos m\u00e1s ricos. Actuemos m\u00e1s, luego, cuando sea necesario usaremos las palabras.<\/strong><\/p>\n<p>_______________<\/p>\n<p>Para ver el articulo original por favor da clic en esta <a href=\"https:\/\/leandroherrero.com\/preach-your-values-all-the-time-when-necessary-use-words-2\/\" target=\"_blank\" rel=\"noopener\">liga<\/a><\/p>\n<p>\u00a9 The Chalfont Project Limited 2021. All rights reserved<\/p>\n<p>All articles supplied by [The Chalfont Project Limited] whether by access to digital resources or directly to any individual or company (collectively \u201cthe Content\u201d) are copyright The Chalfont Project Limited. Copying, reproducing, distributing, modifying, or transmitting the Content or any part of the Content is prohibited. Other than as expressly granted to any person or organization, no rights over the Content are granted or implied. \u201cViral Change\u2122\u201d is a registered trademark of The Chalfont Project Limited\u00a0(TCP). The Chalfont Project has granted permission for Proyectum to publish material in Spanish on their company Blog. Material must be represented in its original form and clearly marked\u00a0as copyrighted material. No other licenses or permission for use or publication is allowed or implied\u00a0by this agreement.<\/p>\n","protected":false},"excerpt":{"rendered":"<p>Por Leandro Herrero, MD Traducido y adaptado por: Jorge Vald\u00e9s Garciatorres, MDO, PMP \u00abEl ser humano siempre se est\u00e1 comunicando\u2026 \u2026Y a veces hasta habla.\u00bb Paul Watzlawick &nbsp; Esto es un plagio, por supuesto. Estoy robando la frase del santo del siglo XIII, Francisco de As\u00eds: \u00abPredica el Evangelio todo el tiempo. Cuando sea necesario, [&hellip;]<\/p>\n","protected":false},"author":26,"featured_media":9659,"comment_status":"closed","ping_status":"closed","sticky":false,"template":"","format":"standard","meta":{"_acf_changed":false,"footnotes":""},"categories":[254,370,572],"tags":[723,594,724,725],"class_list":["post-9657","post","type-post","status-publish","format-standard","has-post-thumbnail","hentry","category-comunicacion","category-liderazgo","category-transformacion-y-cambio","tag-comportamientos-en-las-organizaciones","tag-gestion-del-cambio","tag-haz-mas-habla-menos","tag-primero-se-camina-y-luego-se-explica-el-camino"],"acf":[],"yoast_head":"<!-- This site is optimized with the Yoast SEO plugin v24.4 - https:\/\/yoast.com\/wordpress\/plugins\/seo\/ -->\n<title>Predica tus valores todo el tiempo, cuando sea necesario usa las palabras - Proyectum Per\u00fa<\/title>\n<meta name=\"robots\" content=\"index, follow, max-snippet:-1, max-image-preview:large, max-video-preview:-1\" \/>\n<link rel=\"canonical\" href=\"https:\/\/proyectum.com\/pe\/predica-tus-valores-todo-el-tiempo-cuando-sea-necesario-usa-las-palabras\/\" \/>\n<meta property=\"og:locale\" content=\"es_ES\" \/>\n<meta property=\"og:type\" content=\"article\" \/>\n<meta property=\"og:title\" content=\"Predica tus valores todo el tiempo, cuando sea necesario usa las palabras - Proyectum Per\u00fa\" \/>\n<meta property=\"og:description\" content=\"Por Leandro Herrero, MD Traducido y adaptado por: Jorge Vald\u00e9s Garciatorres, MDO, PMP \u00abEl ser humano siempre se est\u00e1 comunicando\u2026 \u2026Y a veces hasta habla.\u00bb Paul Watzlawick &nbsp; Esto es un plagio, por supuesto. Estoy robando la frase del santo del siglo XIII, Francisco de As\u00eds: \u00abPredica el Evangelio todo el tiempo. Cuando sea necesario, [&hellip;]\" \/>\n<meta property=\"og:url\" content=\"https:\/\/proyectum.com\/pe\/predica-tus-valores-todo-el-tiempo-cuando-sea-necesario-usa-las-palabras\/\" \/>\n<meta property=\"og:site_name\" content=\"Proyectum Per\u00fa\" \/>\n<meta property=\"article:publisher\" content=\"https:\/\/www.facebook.com\/proyectum.pe\/\" \/>\n<meta property=\"article:published_time\" content=\"2021-08-16T18:33:51+00:00\" \/>\n<meta property=\"og:image\" content=\"https:\/\/proyectum.com\/pe\/wp-content\/uploads\/2021\/08\/Predica-tus-valores.jpg\" \/>\n\t<meta property=\"og:image:width\" content=\"1700\" \/>\n\t<meta property=\"og:image:height\" content=\"1133\" \/>\n\t<meta property=\"og:image:type\" content=\"image\/jpeg\" \/>\n<meta name=\"author\" content=\"Proyectum 2024\" \/>\n<meta name=\"twitter:card\" content=\"summary_large_image\" \/>\n<meta name=\"twitter:label1\" content=\"Escrito por\" \/>\n\t<meta name=\"twitter:data1\" content=\"Proyectum 2024\" \/>\n\t<meta name=\"twitter:label2\" content=\"Tiempo de lectura\" \/>\n\t<meta name=\"twitter:data2\" content=\"3 minutos\" \/>\n<script type=\"application\/ld+json\" class=\"yoast-schema-graph\">{\"@context\":\"https:\/\/schema.org\",\"@graph\":[{\"@type\":\"Article\",\"@id\":\"https:\/\/proyectum.com\/pe\/predica-tus-valores-todo-el-tiempo-cuando-sea-necesario-usa-las-palabras\/#article\",\"isPartOf\":{\"@id\":\"https:\/\/proyectum.com\/pe\/predica-tus-valores-todo-el-tiempo-cuando-sea-necesario-usa-las-palabras\/\"},\"author\":{\"name\":\"Proyectum 2024\",\"@id\":\"https:\/\/proyectum.com\/pe\/#\/schema\/person\/784b10060c51822d857e3004ea132bb4\"},\"headline\":\"Predica tus valores todo el tiempo, cuando sea necesario usa las palabras\",\"datePublished\":\"2021-08-16T18:33:51+00:00\",\"mainEntityOfPage\":{\"@id\":\"https:\/\/proyectum.com\/pe\/predica-tus-valores-todo-el-tiempo-cuando-sea-necesario-usa-las-palabras\/\"},\"wordCount\":500,\"publisher\":{\"@id\":\"https:\/\/proyectum.com\/pe\/#organization\"},\"image\":{\"@id\":\"https:\/\/proyectum.com\/pe\/predica-tus-valores-todo-el-tiempo-cuando-sea-necesario-usa-las-palabras\/#primaryimage\"},\"thumbnailUrl\":\"https:\/\/proyectum.com\/pe\/wp-content\/uploads\/2021\/08\/Predica-tus-valores.jpg\",\"keywords\":[\"comportamientos en las organizaciones\",\"Gesti\u00f3n del cambio\",\"haz m\u00e1s habla menos\",\"primero se camina y luego se explica el camino\"],\"articleSection\":[\"Comunicaci\u00f3n\",\"Liderazgo\",\"Transformaci\u00f3n y cambio\"],\"inLanguage\":\"es\"},{\"@type\":\"WebPage\",\"@id\":\"https:\/\/proyectum.com\/pe\/predica-tus-valores-todo-el-tiempo-cuando-sea-necesario-usa-las-palabras\/\",\"url\":\"https:\/\/proyectum.com\/pe\/predica-tus-valores-todo-el-tiempo-cuando-sea-necesario-usa-las-palabras\/\",\"name\":\"Predica tus valores todo el tiempo, cuando sea necesario usa las palabras - Proyectum Per\u00fa\",\"isPartOf\":{\"@id\":\"https:\/\/proyectum.com\/pe\/#website\"},\"primaryImageOfPage\":{\"@id\":\"https:\/\/proyectum.com\/pe\/predica-tus-valores-todo-el-tiempo-cuando-sea-necesario-usa-las-palabras\/#primaryimage\"},\"image\":{\"@id\":\"https:\/\/proyectum.com\/pe\/predica-tus-valores-todo-el-tiempo-cuando-sea-necesario-usa-las-palabras\/#primaryimage\"},\"thumbnailUrl\":\"https:\/\/proyectum.com\/pe\/wp-content\/uploads\/2021\/08\/Predica-tus-valores.jpg\",\"datePublished\":\"2021-08-16T18:33:51+00:00\",\"breadcrumb\":{\"@id\":\"https:\/\/proyectum.com\/pe\/predica-tus-valores-todo-el-tiempo-cuando-sea-necesario-usa-las-palabras\/#breadcrumb\"},\"inLanguage\":\"es\",\"potentialAction\":[{\"@type\":\"ReadAction\",\"target\":[\"https:\/\/proyectum.com\/pe\/predica-tus-valores-todo-el-tiempo-cuando-sea-necesario-usa-las-palabras\/\"]}]},{\"@type\":\"ImageObject\",\"inLanguage\":\"es\",\"@id\":\"https:\/\/proyectum.com\/pe\/predica-tus-valores-todo-el-tiempo-cuando-sea-necesario-usa-las-palabras\/#primaryimage\",\"url\":\"https:\/\/proyectum.com\/pe\/wp-content\/uploads\/2021\/08\/Predica-tus-valores.jpg\",\"contentUrl\":\"https:\/\/proyectum.com\/pe\/wp-content\/uploads\/2021\/08\/Predica-tus-valores.jpg\",\"width\":1700,\"height\":1133,\"caption\":\"Predica tus valores\"},{\"@type\":\"BreadcrumbList\",\"@id\":\"https:\/\/proyectum.com\/pe\/predica-tus-valores-todo-el-tiempo-cuando-sea-necesario-usa-las-palabras\/#breadcrumb\",\"itemListElement\":[{\"@type\":\"ListItem\",\"position\":1,\"name\":\"Home\",\"item\":\"https:\/\/proyectum.com\/pe\/\"},{\"@type\":\"ListItem\",\"position\":2,\"name\":\"Predica tus valores todo el tiempo, cuando sea necesario usa las palabras\"}]},{\"@type\":\"WebSite\",\"@id\":\"https:\/\/proyectum.com\/pe\/#website\",\"url\":\"https:\/\/proyectum.com\/pe\/\",\"name\":\"Proyectum Per\u00fa\",\"description\":\"Direcci\u00f3n de Proyectos y Metodolog\u00edas \u00c1giles\",\"publisher\":{\"@id\":\"https:\/\/proyectum.com\/pe\/#organization\"},\"potentialAction\":[{\"@type\":\"SearchAction\",\"target\":{\"@type\":\"EntryPoint\",\"urlTemplate\":\"https:\/\/proyectum.com\/pe\/?s={search_term_string}\"},\"query-input\":{\"@type\":\"PropertyValueSpecification\",\"valueRequired\":true,\"valueName\":\"search_term_string\"}}],\"inLanguage\":\"es\"},{\"@type\":\"Organization\",\"@id\":\"https:\/\/proyectum.com\/pe\/#organization\",\"name\":\"Proyectum Per\u00fa\",\"url\":\"https:\/\/proyectum.com\/pe\/\",\"logo\":{\"@type\":\"ImageObject\",\"inLanguage\":\"es\",\"@id\":\"https:\/\/proyectum.com\/pe\/#\/schema\/logo\/image\/\",\"url\":\"https:\/\/proyectum.com\/pe\/wp-content\/uploads\/2020\/04\/proyectum-logo-snippet.png\",\"contentUrl\":\"https:\/\/proyectum.com\/pe\/wp-content\/uploads\/2020\/04\/proyectum-logo-snippet.png\",\"width\":600,\"height\":315,\"caption\":\"Proyectum Per\u00fa\"},\"image\":{\"@id\":\"https:\/\/proyectum.com\/pe\/#\/schema\/logo\/image\/\"},\"sameAs\":[\"https:\/\/www.facebook.com\/proyectum.pe\/\",\"https:\/\/www.instagram.com\/proyectum.pe\/\",\"https:\/\/www.linkedin.com\/company\/proyectumperu\/\",\"https:\/\/www.youtube.com\/@proyectum2283\/videos\"]},{\"@type\":\"Person\",\"@id\":\"https:\/\/proyectum.com\/pe\/#\/schema\/person\/784b10060c51822d857e3004ea132bb4\",\"name\":\"Proyectum 2024\",\"image\":{\"@type\":\"ImageObject\",\"inLanguage\":\"es\",\"@id\":\"https:\/\/proyectum.com\/pe\/#\/schema\/person\/image\/\",\"url\":\"https:\/\/secure.gravatar.com\/avatar\/df82793fddd8f0a5a84fdb27d958bf73?s=96&d=mm&r=g\",\"contentUrl\":\"https:\/\/secure.gravatar.com\/avatar\/df82793fddd8f0a5a84fdb27d958bf73?s=96&d=mm&r=g\",\"caption\":\"Proyectum 2024\"}}]}<\/script>\n<!-- \/ Yoast SEO plugin. -->","yoast_head_json":{"title":"Predica tus valores todo el tiempo, cuando sea necesario usa las palabras - Proyectum Per\u00fa","robots":{"index":"index","follow":"follow","max-snippet":"max-snippet:-1","max-image-preview":"max-image-preview:large","max-video-preview":"max-video-preview:-1"},"canonical":"https:\/\/proyectum.com\/pe\/predica-tus-valores-todo-el-tiempo-cuando-sea-necesario-usa-las-palabras\/","og_locale":"es_ES","og_type":"article","og_title":"Predica tus valores todo el tiempo, cuando sea necesario usa las palabras - Proyectum Per\u00fa","og_description":"Por Leandro Herrero, MD Traducido y adaptado por: Jorge Vald\u00e9s Garciatorres, MDO, PMP \u00abEl ser humano siempre se est\u00e1 comunicando\u2026 \u2026Y a veces hasta habla.\u00bb Paul Watzlawick &nbsp; Esto es un plagio, por supuesto. Estoy robando la frase del santo del siglo XIII, Francisco de As\u00eds: \u00abPredica el Evangelio todo el tiempo. Cuando sea necesario, [&hellip;]","og_url":"https:\/\/proyectum.com\/pe\/predica-tus-valores-todo-el-tiempo-cuando-sea-necesario-usa-las-palabras\/","og_site_name":"Proyectum Per\u00fa","article_publisher":"https:\/\/www.facebook.com\/proyectum.pe\/","article_published_time":"2021-08-16T18:33:51+00:00","og_image":[{"width":1700,"height":1133,"url":"https:\/\/proyectum.com\/pe\/wp-content\/uploads\/2021\/08\/Predica-tus-valores.jpg","type":"image\/jpeg"}],"author":"Proyectum 2024","twitter_card":"summary_large_image","twitter_misc":{"Escrito por":"Proyectum 2024","Tiempo de lectura":"3 minutos"},"schema":{"@context":"https:\/\/schema.org","@graph":[{"@type":"Article","@id":"https:\/\/proyectum.com\/pe\/predica-tus-valores-todo-el-tiempo-cuando-sea-necesario-usa-las-palabras\/#article","isPartOf":{"@id":"https:\/\/proyectum.com\/pe\/predica-tus-valores-todo-el-tiempo-cuando-sea-necesario-usa-las-palabras\/"},"author":{"name":"Proyectum 2024","@id":"https:\/\/proyectum.com\/pe\/#\/schema\/person\/784b10060c51822d857e3004ea132bb4"},"headline":"Predica tus valores todo el tiempo, cuando sea necesario usa las palabras","datePublished":"2021-08-16T18:33:51+00:00","mainEntityOfPage":{"@id":"https:\/\/proyectum.com\/pe\/predica-tus-valores-todo-el-tiempo-cuando-sea-necesario-usa-las-palabras\/"},"wordCount":500,"publisher":{"@id":"https:\/\/proyectum.com\/pe\/#organization"},"image":{"@id":"https:\/\/proyectum.com\/pe\/predica-tus-valores-todo-el-tiempo-cuando-sea-necesario-usa-las-palabras\/#primaryimage"},"thumbnailUrl":"https:\/\/proyectum.com\/pe\/wp-content\/uploads\/2021\/08\/Predica-tus-valores.jpg","keywords":["comportamientos en las organizaciones","Gesti\u00f3n del cambio","haz m\u00e1s habla menos","primero se camina y luego se explica el camino"],"articleSection":["Comunicaci\u00f3n","Liderazgo","Transformaci\u00f3n y cambio"],"inLanguage":"es"},{"@type":"WebPage","@id":"https:\/\/proyectum.com\/pe\/predica-tus-valores-todo-el-tiempo-cuando-sea-necesario-usa-las-palabras\/","url":"https:\/\/proyectum.com\/pe\/predica-tus-valores-todo-el-tiempo-cuando-sea-necesario-usa-las-palabras\/","name":"Predica tus valores todo el tiempo, cuando sea necesario usa las palabras - Proyectum Per\u00fa","isPartOf":{"@id":"https:\/\/proyectum.com\/pe\/#website"},"primaryImageOfPage":{"@id":"https:\/\/proyectum.com\/pe\/predica-tus-valores-todo-el-tiempo-cuando-sea-necesario-usa-las-palabras\/#primaryimage"},"image":{"@id":"https:\/\/proyectum.com\/pe\/predica-tus-valores-todo-el-tiempo-cuando-sea-necesario-usa-las-palabras\/#primaryimage"},"thumbnailUrl":"https:\/\/proyectum.com\/pe\/wp-content\/uploads\/2021\/08\/Predica-tus-valores.jpg","datePublished":"2021-08-16T18:33:51+00:00","breadcrumb":{"@id":"https:\/\/proyectum.com\/pe\/predica-tus-valores-todo-el-tiempo-cuando-sea-necesario-usa-las-palabras\/#breadcrumb"},"inLanguage":"es","potentialAction":[{"@type":"ReadAction","target":["https:\/\/proyectum.com\/pe\/predica-tus-valores-todo-el-tiempo-cuando-sea-necesario-usa-las-palabras\/"]}]},{"@type":"ImageObject","inLanguage":"es","@id":"https:\/\/proyectum.com\/pe\/predica-tus-valores-todo-el-tiempo-cuando-sea-necesario-usa-las-palabras\/#primaryimage","url":"https:\/\/proyectum.com\/pe\/wp-content\/uploads\/2021\/08\/Predica-tus-valores.jpg","contentUrl":"https:\/\/proyectum.com\/pe\/wp-content\/uploads\/2021\/08\/Predica-tus-valores.jpg","width":1700,"height":1133,"caption":"Predica tus valores"},{"@type":"BreadcrumbList","@id":"https:\/\/proyectum.com\/pe\/predica-tus-valores-todo-el-tiempo-cuando-sea-necesario-usa-las-palabras\/#breadcrumb","itemListElement":[{"@type":"ListItem","position":1,"name":"Home","item":"https:\/\/proyectum.com\/pe\/"},{"@type":"ListItem","position":2,"name":"Predica tus valores todo el tiempo, cuando sea necesario usa las palabras"}]},{"@type":"WebSite","@id":"https:\/\/proyectum.com\/pe\/#website","url":"https:\/\/proyectum.com\/pe\/","name":"Proyectum Per\u00fa","description":"Direcci\u00f3n de Proyectos y Metodolog\u00edas \u00c1giles","publisher":{"@id":"https:\/\/proyectum.com\/pe\/#organization"},"potentialAction":[{"@type":"SearchAction","target":{"@type":"EntryPoint","urlTemplate":"https:\/\/proyectum.com\/pe\/?s={search_term_string}"},"query-input":{"@type":"PropertyValueSpecification","valueRequired":true,"valueName":"search_term_string"}}],"inLanguage":"es"},{"@type":"Organization","@id":"https:\/\/proyectum.com\/pe\/#organization","name":"Proyectum Per\u00fa","url":"https:\/\/proyectum.com\/pe\/","logo":{"@type":"ImageObject","inLanguage":"es","@id":"https:\/\/proyectum.com\/pe\/#\/schema\/logo\/image\/","url":"https:\/\/proyectum.com\/pe\/wp-content\/uploads\/2020\/04\/proyectum-logo-snippet.png","contentUrl":"https:\/\/proyectum.com\/pe\/wp-content\/uploads\/2020\/04\/proyectum-logo-snippet.png","width":600,"height":315,"caption":"Proyectum Per\u00fa"},"image":{"@id":"https:\/\/proyectum.com\/pe\/#\/schema\/logo\/image\/"},"sameAs":["https:\/\/www.facebook.com\/proyectum.pe\/","https:\/\/www.instagram.com\/proyectum.pe\/","https:\/\/www.linkedin.com\/company\/proyectumperu\/","https:\/\/www.youtube.com\/@proyectum2283\/videos"]},{"@type":"Person","@id":"https:\/\/proyectum.com\/pe\/#\/schema\/person\/784b10060c51822d857e3004ea132bb4","name":"Proyectum 2024","image":{"@type":"ImageObject","inLanguage":"es","@id":"https:\/\/proyectum.com\/pe\/#\/schema\/person\/image\/","url":"https:\/\/secure.gravatar.com\/avatar\/df82793fddd8f0a5a84fdb27d958bf73?s=96&d=mm&r=g","contentUrl":"https:\/\/secure.gravatar.com\/avatar\/df82793fddd8f0a5a84fdb27d958bf73?s=96&d=mm&r=g","caption":"Proyectum 2024"}}]}},"_links":{"self":[{"href":"https:\/\/proyectum.com\/pe\/wp-json\/wp\/v2\/posts\/9657","targetHints":{"allow":["GET"]}}],"collection":[{"href":"https:\/\/proyectum.com\/pe\/wp-json\/wp\/v2\/posts"}],"about":[{"href":"https:\/\/proyectum.com\/pe\/wp-json\/wp\/v2\/types\/post"}],"author":[{"embeddable":true,"href":"https:\/\/proyectum.com\/pe\/wp-json\/wp\/v2\/users\/26"}],"replies":[{"embeddable":true,"href":"https:\/\/proyectum.com\/pe\/wp-json\/wp\/v2\/comments?post=9657"}],"version-history":[{"count":0,"href":"https:\/\/proyectum.com\/pe\/wp-json\/wp\/v2\/posts\/9657\/revisions"}],"wp:featuredmedia":[{"embeddable":true,"href":"https:\/\/proyectum.com\/pe\/wp-json\/wp\/v2\/media\/9659"}],"wp:attachment":[{"href":"https:\/\/proyectum.com\/pe\/wp-json\/wp\/v2\/media?parent=9657"}],"wp:term":[{"taxonomy":"category","embeddable":true,"href":"https:\/\/proyectum.com\/pe\/wp-json\/wp\/v2\/categories?post=9657"},{"taxonomy":"post_tag","embeddable":true,"href":"https:\/\/proyectum.com\/pe\/wp-json\/wp\/v2\/tags?post=9657"}],"curies":[{"name":"wp","href":"https:\/\/api.w.org\/{rel}","templated":true}]}}