{"id":9668,"date":"2021-08-23T15:34:07","date_gmt":"2021-08-23T18:34:07","guid":{"rendered":"https:\/\/www.proyectum.com\/sistema\/?p=9668"},"modified":"2021-08-23T15:34:07","modified_gmt":"2021-08-23T18:34:07","slug":"caminando-por-e-bays-con-pensamientos-de-segunda-mano","status":"publish","type":"post","link":"https:\/\/proyectum.com\/pe\/caminando-por-e-bays-con-pensamientos-de-segunda-mano\/","title":{"rendered":"Caminando por e-bays con pensamientos de segunda mano"},"content":{"rendered":"<p style=\"text-align: right;\">Por: Leandro Herrero, MD<\/p>\n<p style=\"text-align: right;\">Traducido y adaptado por: Jorge Vald\u00e9s Garciatorres, MDO, PMP<\/p>\n<p style=\"text-align: right;\"><em>Una palabra no es un cristal, transparente e inmutable; es la piel de un pensamiento vivo y puede variar mucho de color y contenido seg\u00fan las circunstancias y el momento en que se utilice.<\/em><\/p>\n<p style=\"text-align: right;\">Oliver Wendell Holmes Jr.<\/p>\n<p>Se nos empuja a conformar el grupo, a participar, a contribuir, a decir algo. Asentir con la cabeza no es suficiente. Tomar notas no es suficiente. <strong>Hay que decir algo<\/strong>. Y como esto es universal, <strong>a veces parece que decir algo es m\u00e1s importante que lo que se dice<\/strong>.\u00a0 El significado se evapora pronto en nombre del contenido.<\/p>\n<p><strong>Puede que hayas estado en reuniones y conferencias en las que todo el mundo parece obligado a intervenir<\/strong>. El peor momento puede ser el de \u00ab\u00bftienen alguna pregunta? Ojal\u00e1 no las tuvieran. El breve chaparr\u00f3n de la trivialidad te encuentra desnudo y sin gabardina.<\/p>\n<p>Muchas reuniones de equipo est\u00e1n compuestas por <strong>e-bays ambulantes que venden pensamientos de segunda mano<\/strong>. Nada es terriblemente profundo ni est\u00e1 sazonado. Sin embargo, si hay una figura de estatus o autoridad en la sala, el asentimiento aumenta y la probabilidad de m\u00e1s pensamientos de segunda mano tambi\u00e9n. &#8216;Has hecho un punto fascinante Jane&#8217;. En realidad, no. Por cierto, &#8216;fascinante&#8217; s\u00f3lo est\u00e1 reservado para ti Jane; si no, &#8216;muy interesante&#8217; lo habr\u00eda hecho.<\/p>\n<p>Eso s\u00ed, es interesante. Cuando los brit\u00e1nicos dicen &#8216;this is very interesting&#8217; , lo m\u00e1s probable es que sea lo menos interesante. Sobre todo, cuando la frase se queda colgada como si anticipara una segunda parte que nunca llega. Nunca hay que atribuirse el m\u00e9rito de algo que un brit\u00e1nico haya calificado de \u00abmuy interesante\u00bb.<\/p>\n<p>El problema de las reuniones de grupo, de las reuniones de equipo y de cualquier reuni\u00f3n de seres humanos en torno a mentas y galletas, es que los nativos se toman la hoguera muy en serio. <strong>Las ideas no sazonadas son estupendas si se les dedica tiempo<\/strong>. Las ideas sin cocinar a la hora de servir la comida s\u00f3lo son apetecibles para los pocos amantes del pescado crudo.<\/p>\n<p>El mejor curso de gesti\u00f3n del tiempo est\u00e1, por supuesto, en Eclesiast\u00e9s 31:8:\u00a0 Para todo hay una estaci\u00f3n y un tiempo para cada prop\u00f3sito bajo el cielo. Un tiempo para nacer, un tiempo para morir. Un tiempo para plantar, y un tiempo para arrancar lo plantado. Un tiempo para matar, y un tiempo para sanar. Un tiempo para derribar, y un tiempo para construir.\u00a0 Tiempo de llorar y tiempo de re\u00edr. Un tiempo para llorar, y un tiempo para bailar.<\/p>\n<p>Y contin\u00faa.<\/p>\n<p><strong>Incluso los pensamientos no cocinados de segunda mano tienen un tiempo. Pero no es todo el tiempo.<\/strong><\/p>\n<p>Voy a desconectar durante el fin de semana, dando a mis pensamientos la oportunidad de no convertirse en mercanc\u00eda de e-bay.<\/p>\n<p>_______________<\/p>\n<p>Para ver el articulo original por favor da clic en esta <a href=\"https:\/\/leandroherrero.com\/walking-e-bays-bearing-second-hand-thoughts-2\/\" target=\"_blank\" rel=\"noopener\">liga<\/a><\/p>\n<p>\u00a9 The Chalfont Project Limited 2021. All rights reserved<\/p>\n<p>All articles supplied by [The Chalfont Project Limited] whether by access to digital resources or directly to any individual or company (collectively \u201cthe Content\u201d) are copyright The Chalfont Project Limited. Copying, reproducing, distributing, modifying, or transmitting the Content or any part of the Content is prohibited. Other than as expressly granted to any person or organization, no rights over the Content are granted or implied. \u201cViral Change\u2122\u201d is a registered trademark of The Chalfont Project Limited\u00a0(TCP). The Chalfont Project has granted permission for Proyectum to publish material in Spanish on their company Blog. Material must be represented in its original form and clearly marked\u00a0as copyrighted material. No other licenses or permission for use or publication is allowed or implied\u00a0by this agreement.<\/p>\n","protected":false},"excerpt":{"rendered":"<p>Por: Leandro Herrero, MD Traducido y adaptado por: Jorge Vald\u00e9s Garciatorres, MDO, PMP Una palabra no es un cristal, transparente e inmutable; es la piel de un pensamiento vivo y puede variar mucho de color y contenido seg\u00fan las circunstancias y el momento en que se utilice. Oliver Wendell Holmes Jr. Se nos empuja a [&hellip;]<\/p>\n","protected":false},"author":26,"featured_media":9670,"comment_status":"closed","ping_status":"closed","sticky":false,"template":"","format":"standard","meta":{"_acf_changed":false,"footnotes":""},"categories":[254,572],"tags":[726,622,727],"class_list":["post-9668","post","type-post","status-publish","format-standard","has-post-thumbnail","hentry","category-comunicacion","category-transformacion-y-cambio","tag-e-bays-ambulantes-que-venden-pensamientos-de-segunda-mano","tag-leandro-herrero","tag-pensamientos-de-segunda-mano"],"acf":[],"yoast_head":"<!-- This site is optimized with the Yoast SEO plugin v24.4 - https:\/\/yoast.com\/wordpress\/plugins\/seo\/ -->\n<title>Caminando por e-bays con pensamientos de segunda mano - Proyectum Per\u00fa<\/title>\n<meta name=\"description\" content=\"Muchas reuniones de equipo est\u00e1n compuestas por e-bays ambulantes que venden pensamientos de segunda mano. Nada es terriblemente profundo\" \/>\n<meta name=\"robots\" content=\"index, follow, max-snippet:-1, max-image-preview:large, max-video-preview:-1\" \/>\n<link rel=\"canonical\" href=\"https:\/\/proyectum.com\/pe\/caminando-por-e-bays-con-pensamientos-de-segunda-mano\/\" \/>\n<meta property=\"og:locale\" content=\"es_ES\" \/>\n<meta property=\"og:type\" content=\"article\" \/>\n<meta property=\"og:title\" content=\"Caminando por e-bays con pensamientos de segunda mano - Proyectum Per\u00fa\" \/>\n<meta property=\"og:description\" content=\"Muchas reuniones de equipo est\u00e1n compuestas por e-bays ambulantes que venden pensamientos de segunda mano. Nada es terriblemente profundo\" \/>\n<meta property=\"og:url\" content=\"https:\/\/proyectum.com\/pe\/caminando-por-e-bays-con-pensamientos-de-segunda-mano\/\" \/>\n<meta property=\"og:site_name\" content=\"Proyectum Per\u00fa\" \/>\n<meta property=\"article:publisher\" content=\"https:\/\/www.facebook.com\/proyectum.pe\/\" \/>\n<meta property=\"article:published_time\" content=\"2021-08-23T18:34:07+00:00\" \/>\n<meta property=\"og:image\" content=\"https:\/\/proyectum.com\/pe\/wp-content\/uploads\/2021\/08\/Pensamientos-ebay.jpg\" \/>\n\t<meta property=\"og:image:width\" content=\"1700\" \/>\n\t<meta property=\"og:image:height\" content=\"956\" \/>\n\t<meta property=\"og:image:type\" content=\"image\/jpeg\" \/>\n<meta name=\"author\" content=\"Proyectum 2024\" \/>\n<meta name=\"twitter:card\" content=\"summary_large_image\" \/>\n<meta name=\"twitter:label1\" content=\"Escrito por\" \/>\n\t<meta name=\"twitter:data1\" content=\"Proyectum 2024\" \/>\n\t<meta name=\"twitter:label2\" content=\"Tiempo de lectura\" \/>\n\t<meta name=\"twitter:data2\" content=\"3 minutos\" \/>\n<script type=\"application\/ld+json\" class=\"yoast-schema-graph\">{\"@context\":\"https:\/\/schema.org\",\"@graph\":[{\"@type\":\"Article\",\"@id\":\"https:\/\/proyectum.com\/pe\/caminando-por-e-bays-con-pensamientos-de-segunda-mano\/#article\",\"isPartOf\":{\"@id\":\"https:\/\/proyectum.com\/pe\/caminando-por-e-bays-con-pensamientos-de-segunda-mano\/\"},\"author\":{\"name\":\"Proyectum 2024\",\"@id\":\"https:\/\/proyectum.com\/pe\/#\/schema\/person\/784b10060c51822d857e3004ea132bb4\"},\"headline\":\"Caminando por e-bays con pensamientos de segunda mano\",\"datePublished\":\"2021-08-23T18:34:07+00:00\",\"mainEntityOfPage\":{\"@id\":\"https:\/\/proyectum.com\/pe\/caminando-por-e-bays-con-pensamientos-de-segunda-mano\/\"},\"wordCount\":640,\"publisher\":{\"@id\":\"https:\/\/proyectum.com\/pe\/#organization\"},\"image\":{\"@id\":\"https:\/\/proyectum.com\/pe\/caminando-por-e-bays-con-pensamientos-de-segunda-mano\/#primaryimage\"},\"thumbnailUrl\":\"https:\/\/proyectum.com\/pe\/wp-content\/uploads\/2021\/08\/Pensamientos-ebay.jpg\",\"keywords\":[\"e-bays ambulantes que venden pensamientos de segunda mano\",\"Leandro Herrero\",\"pensamientos de segunda mano\"],\"articleSection\":[\"Comunicaci\u00f3n\",\"Transformaci\u00f3n y cambio\"],\"inLanguage\":\"es\"},{\"@type\":\"WebPage\",\"@id\":\"https:\/\/proyectum.com\/pe\/caminando-por-e-bays-con-pensamientos-de-segunda-mano\/\",\"url\":\"https:\/\/proyectum.com\/pe\/caminando-por-e-bays-con-pensamientos-de-segunda-mano\/\",\"name\":\"Caminando por e-bays con pensamientos de segunda mano - Proyectum Per\u00fa\",\"isPartOf\":{\"@id\":\"https:\/\/proyectum.com\/pe\/#website\"},\"primaryImageOfPage\":{\"@id\":\"https:\/\/proyectum.com\/pe\/caminando-por-e-bays-con-pensamientos-de-segunda-mano\/#primaryimage\"},\"image\":{\"@id\":\"https:\/\/proyectum.com\/pe\/caminando-por-e-bays-con-pensamientos-de-segunda-mano\/#primaryimage\"},\"thumbnailUrl\":\"https:\/\/proyectum.com\/pe\/wp-content\/uploads\/2021\/08\/Pensamientos-ebay.jpg\",\"datePublished\":\"2021-08-23T18:34:07+00:00\",\"description\":\"Muchas reuniones de equipo est\u00e1n compuestas por e-bays ambulantes que venden pensamientos de segunda mano. Nada es terriblemente profundo\",\"breadcrumb\":{\"@id\":\"https:\/\/proyectum.com\/pe\/caminando-por-e-bays-con-pensamientos-de-segunda-mano\/#breadcrumb\"},\"inLanguage\":\"es\",\"potentialAction\":[{\"@type\":\"ReadAction\",\"target\":[\"https:\/\/proyectum.com\/pe\/caminando-por-e-bays-con-pensamientos-de-segunda-mano\/\"]}]},{\"@type\":\"ImageObject\",\"inLanguage\":\"es\",\"@id\":\"https:\/\/proyectum.com\/pe\/caminando-por-e-bays-con-pensamientos-de-segunda-mano\/#primaryimage\",\"url\":\"https:\/\/proyectum.com\/pe\/wp-content\/uploads\/2021\/08\/Pensamientos-ebay.jpg\",\"contentUrl\":\"https:\/\/proyectum.com\/pe\/wp-content\/uploads\/2021\/08\/Pensamientos-ebay.jpg\",\"width\":1700,\"height\":956,\"caption\":\"Pensamientos ebay\"},{\"@type\":\"BreadcrumbList\",\"@id\":\"https:\/\/proyectum.com\/pe\/caminando-por-e-bays-con-pensamientos-de-segunda-mano\/#breadcrumb\",\"itemListElement\":[{\"@type\":\"ListItem\",\"position\":1,\"name\":\"Home\",\"item\":\"https:\/\/proyectum.com\/pe\/\"},{\"@type\":\"ListItem\",\"position\":2,\"name\":\"Caminando por e-bays con pensamientos de segunda mano\"}]},{\"@type\":\"WebSite\",\"@id\":\"https:\/\/proyectum.com\/pe\/#website\",\"url\":\"https:\/\/proyectum.com\/pe\/\",\"name\":\"Proyectum Per\u00fa\",\"description\":\"Direcci\u00f3n de Proyectos y Metodolog\u00edas \u00c1giles\",\"publisher\":{\"@id\":\"https:\/\/proyectum.com\/pe\/#organization\"},\"potentialAction\":[{\"@type\":\"SearchAction\",\"target\":{\"@type\":\"EntryPoint\",\"urlTemplate\":\"https:\/\/proyectum.com\/pe\/?s={search_term_string}\"},\"query-input\":{\"@type\":\"PropertyValueSpecification\",\"valueRequired\":true,\"valueName\":\"search_term_string\"}}],\"inLanguage\":\"es\"},{\"@type\":\"Organization\",\"@id\":\"https:\/\/proyectum.com\/pe\/#organization\",\"name\":\"Proyectum Per\u00fa\",\"url\":\"https:\/\/proyectum.com\/pe\/\",\"logo\":{\"@type\":\"ImageObject\",\"inLanguage\":\"es\",\"@id\":\"https:\/\/proyectum.com\/pe\/#\/schema\/logo\/image\/\",\"url\":\"https:\/\/proyectum.com\/pe\/wp-content\/uploads\/2020\/04\/proyectum-logo-snippet.png\",\"contentUrl\":\"https:\/\/proyectum.com\/pe\/wp-content\/uploads\/2020\/04\/proyectum-logo-snippet.png\",\"width\":600,\"height\":315,\"caption\":\"Proyectum Per\u00fa\"},\"image\":{\"@id\":\"https:\/\/proyectum.com\/pe\/#\/schema\/logo\/image\/\"},\"sameAs\":[\"https:\/\/www.facebook.com\/proyectum.pe\/\",\"https:\/\/www.instagram.com\/proyectum.pe\/\",\"https:\/\/www.linkedin.com\/company\/proyectumperu\/\",\"https:\/\/www.youtube.com\/@proyectum2283\/videos\"]},{\"@type\":\"Person\",\"@id\":\"https:\/\/proyectum.com\/pe\/#\/schema\/person\/784b10060c51822d857e3004ea132bb4\",\"name\":\"Proyectum 2024\",\"image\":{\"@type\":\"ImageObject\",\"inLanguage\":\"es\",\"@id\":\"https:\/\/proyectum.com\/pe\/#\/schema\/person\/image\/\",\"url\":\"https:\/\/secure.gravatar.com\/avatar\/df82793fddd8f0a5a84fdb27d958bf73?s=96&d=mm&r=g\",\"contentUrl\":\"https:\/\/secure.gravatar.com\/avatar\/df82793fddd8f0a5a84fdb27d958bf73?s=96&d=mm&r=g\",\"caption\":\"Proyectum 2024\"}}]}<\/script>\n<!-- \/ Yoast SEO plugin. -->","yoast_head_json":{"title":"Caminando por e-bays con pensamientos de segunda mano - Proyectum Per\u00fa","description":"Muchas reuniones de equipo est\u00e1n compuestas por e-bays ambulantes que venden pensamientos de segunda mano. Nada es terriblemente profundo","robots":{"index":"index","follow":"follow","max-snippet":"max-snippet:-1","max-image-preview":"max-image-preview:large","max-video-preview":"max-video-preview:-1"},"canonical":"https:\/\/proyectum.com\/pe\/caminando-por-e-bays-con-pensamientos-de-segunda-mano\/","og_locale":"es_ES","og_type":"article","og_title":"Caminando por e-bays con pensamientos de segunda mano - Proyectum Per\u00fa","og_description":"Muchas reuniones de equipo est\u00e1n compuestas por e-bays ambulantes que venden pensamientos de segunda mano. Nada es terriblemente profundo","og_url":"https:\/\/proyectum.com\/pe\/caminando-por-e-bays-con-pensamientos-de-segunda-mano\/","og_site_name":"Proyectum Per\u00fa","article_publisher":"https:\/\/www.facebook.com\/proyectum.pe\/","article_published_time":"2021-08-23T18:34:07+00:00","og_image":[{"width":1700,"height":956,"url":"https:\/\/proyectum.com\/pe\/wp-content\/uploads\/2021\/08\/Pensamientos-ebay.jpg","type":"image\/jpeg"}],"author":"Proyectum 2024","twitter_card":"summary_large_image","twitter_misc":{"Escrito por":"Proyectum 2024","Tiempo de lectura":"3 minutos"},"schema":{"@context":"https:\/\/schema.org","@graph":[{"@type":"Article","@id":"https:\/\/proyectum.com\/pe\/caminando-por-e-bays-con-pensamientos-de-segunda-mano\/#article","isPartOf":{"@id":"https:\/\/proyectum.com\/pe\/caminando-por-e-bays-con-pensamientos-de-segunda-mano\/"},"author":{"name":"Proyectum 2024","@id":"https:\/\/proyectum.com\/pe\/#\/schema\/person\/784b10060c51822d857e3004ea132bb4"},"headline":"Caminando por e-bays con pensamientos de segunda mano","datePublished":"2021-08-23T18:34:07+00:00","mainEntityOfPage":{"@id":"https:\/\/proyectum.com\/pe\/caminando-por-e-bays-con-pensamientos-de-segunda-mano\/"},"wordCount":640,"publisher":{"@id":"https:\/\/proyectum.com\/pe\/#organization"},"image":{"@id":"https:\/\/proyectum.com\/pe\/caminando-por-e-bays-con-pensamientos-de-segunda-mano\/#primaryimage"},"thumbnailUrl":"https:\/\/proyectum.com\/pe\/wp-content\/uploads\/2021\/08\/Pensamientos-ebay.jpg","keywords":["e-bays ambulantes que venden pensamientos de segunda mano","Leandro Herrero","pensamientos de segunda mano"],"articleSection":["Comunicaci\u00f3n","Transformaci\u00f3n y cambio"],"inLanguage":"es"},{"@type":"WebPage","@id":"https:\/\/proyectum.com\/pe\/caminando-por-e-bays-con-pensamientos-de-segunda-mano\/","url":"https:\/\/proyectum.com\/pe\/caminando-por-e-bays-con-pensamientos-de-segunda-mano\/","name":"Caminando por e-bays con pensamientos de segunda mano - Proyectum Per\u00fa","isPartOf":{"@id":"https:\/\/proyectum.com\/pe\/#website"},"primaryImageOfPage":{"@id":"https:\/\/proyectum.com\/pe\/caminando-por-e-bays-con-pensamientos-de-segunda-mano\/#primaryimage"},"image":{"@id":"https:\/\/proyectum.com\/pe\/caminando-por-e-bays-con-pensamientos-de-segunda-mano\/#primaryimage"},"thumbnailUrl":"https:\/\/proyectum.com\/pe\/wp-content\/uploads\/2021\/08\/Pensamientos-ebay.jpg","datePublished":"2021-08-23T18:34:07+00:00","description":"Muchas reuniones de equipo est\u00e1n compuestas por e-bays ambulantes que venden pensamientos de segunda mano. Nada es terriblemente profundo","breadcrumb":{"@id":"https:\/\/proyectum.com\/pe\/caminando-por-e-bays-con-pensamientos-de-segunda-mano\/#breadcrumb"},"inLanguage":"es","potentialAction":[{"@type":"ReadAction","target":["https:\/\/proyectum.com\/pe\/caminando-por-e-bays-con-pensamientos-de-segunda-mano\/"]}]},{"@type":"ImageObject","inLanguage":"es","@id":"https:\/\/proyectum.com\/pe\/caminando-por-e-bays-con-pensamientos-de-segunda-mano\/#primaryimage","url":"https:\/\/proyectum.com\/pe\/wp-content\/uploads\/2021\/08\/Pensamientos-ebay.jpg","contentUrl":"https:\/\/proyectum.com\/pe\/wp-content\/uploads\/2021\/08\/Pensamientos-ebay.jpg","width":1700,"height":956,"caption":"Pensamientos ebay"},{"@type":"BreadcrumbList","@id":"https:\/\/proyectum.com\/pe\/caminando-por-e-bays-con-pensamientos-de-segunda-mano\/#breadcrumb","itemListElement":[{"@type":"ListItem","position":1,"name":"Home","item":"https:\/\/proyectum.com\/pe\/"},{"@type":"ListItem","position":2,"name":"Caminando por e-bays con pensamientos de segunda mano"}]},{"@type":"WebSite","@id":"https:\/\/proyectum.com\/pe\/#website","url":"https:\/\/proyectum.com\/pe\/","name":"Proyectum Per\u00fa","description":"Direcci\u00f3n de Proyectos y Metodolog\u00edas \u00c1giles","publisher":{"@id":"https:\/\/proyectum.com\/pe\/#organization"},"potentialAction":[{"@type":"SearchAction","target":{"@type":"EntryPoint","urlTemplate":"https:\/\/proyectum.com\/pe\/?s={search_term_string}"},"query-input":{"@type":"PropertyValueSpecification","valueRequired":true,"valueName":"search_term_string"}}],"inLanguage":"es"},{"@type":"Organization","@id":"https:\/\/proyectum.com\/pe\/#organization","name":"Proyectum Per\u00fa","url":"https:\/\/proyectum.com\/pe\/","logo":{"@type":"ImageObject","inLanguage":"es","@id":"https:\/\/proyectum.com\/pe\/#\/schema\/logo\/image\/","url":"https:\/\/proyectum.com\/pe\/wp-content\/uploads\/2020\/04\/proyectum-logo-snippet.png","contentUrl":"https:\/\/proyectum.com\/pe\/wp-content\/uploads\/2020\/04\/proyectum-logo-snippet.png","width":600,"height":315,"caption":"Proyectum Per\u00fa"},"image":{"@id":"https:\/\/proyectum.com\/pe\/#\/schema\/logo\/image\/"},"sameAs":["https:\/\/www.facebook.com\/proyectum.pe\/","https:\/\/www.instagram.com\/proyectum.pe\/","https:\/\/www.linkedin.com\/company\/proyectumperu\/","https:\/\/www.youtube.com\/@proyectum2283\/videos"]},{"@type":"Person","@id":"https:\/\/proyectum.com\/pe\/#\/schema\/person\/784b10060c51822d857e3004ea132bb4","name":"Proyectum 2024","image":{"@type":"ImageObject","inLanguage":"es","@id":"https:\/\/proyectum.com\/pe\/#\/schema\/person\/image\/","url":"https:\/\/secure.gravatar.com\/avatar\/df82793fddd8f0a5a84fdb27d958bf73?s=96&d=mm&r=g","contentUrl":"https:\/\/secure.gravatar.com\/avatar\/df82793fddd8f0a5a84fdb27d958bf73?s=96&d=mm&r=g","caption":"Proyectum 2024"}}]}},"_links":{"self":[{"href":"https:\/\/proyectum.com\/pe\/wp-json\/wp\/v2\/posts\/9668","targetHints":{"allow":["GET"]}}],"collection":[{"href":"https:\/\/proyectum.com\/pe\/wp-json\/wp\/v2\/posts"}],"about":[{"href":"https:\/\/proyectum.com\/pe\/wp-json\/wp\/v2\/types\/post"}],"author":[{"embeddable":true,"href":"https:\/\/proyectum.com\/pe\/wp-json\/wp\/v2\/users\/26"}],"replies":[{"embeddable":true,"href":"https:\/\/proyectum.com\/pe\/wp-json\/wp\/v2\/comments?post=9668"}],"version-history":[{"count":0,"href":"https:\/\/proyectum.com\/pe\/wp-json\/wp\/v2\/posts\/9668\/revisions"}],"wp:featuredmedia":[{"embeddable":true,"href":"https:\/\/proyectum.com\/pe\/wp-json\/wp\/v2\/media\/9670"}],"wp:attachment":[{"href":"https:\/\/proyectum.com\/pe\/wp-json\/wp\/v2\/media?parent=9668"}],"wp:term":[{"taxonomy":"category","embeddable":true,"href":"https:\/\/proyectum.com\/pe\/wp-json\/wp\/v2\/categories?post=9668"},{"taxonomy":"post_tag","embeddable":true,"href":"https:\/\/proyectum.com\/pe\/wp-json\/wp\/v2\/tags?post=9668"}],"curies":[{"name":"wp","href":"https:\/\/api.w.org\/{rel}","templated":true}]}}