{"id":9708,"date":"2021-09-20T17:56:15","date_gmt":"2021-09-20T20:56:15","guid":{"rendered":"https:\/\/www.proyectum.com\/sistema\/?p=9708"},"modified":"2021-09-20T17:56:15","modified_gmt":"2021-09-20T20:56:15","slug":"esta-empresa-se-reiniciara-el-viernes","status":"publish","type":"post","link":"https:\/\/proyectum.com\/pe\/esta-empresa-se-reiniciara-el-viernes\/","title":{"rendered":"Esta empresa se reiniciar\u00e1 del viernes al s\u00e1bado. Disculpas, los servicios ser\u00e1n limitados durante este per\u00edodo"},"content":{"rendered":"<p style=\"text-align: right;\">Por Leandro Herrero, MD<\/p>\n<p style=\"text-align: right;\">Traducido y Adaptado por: Jorge Vald\u00e9s Garciatorres, MDO, PMP<\/p>\n<p style=\"text-align: right;\"><em>\u201cDa el primer paso en la fe.<\/em><\/p>\n<p style=\"text-align: right;\"><em>No tienes que ver toda la escalera, s\u00f3lo da el primer paso.\u201d<\/em><\/p>\n<p style=\"text-align: right;\"><strong>Martin Luther King, Jr.<\/strong><\/p>\n<p>Me gusta el concepto de reinvenci\u00f3n, renovaci\u00f3n o transformaci\u00f3n. Pero <strong>lo que m\u00e1s me gusta es el concepto de reiniciar<\/strong>. Las organizaciones, los equipos, los grupos, las empresas enteras, siempre alcanzan una cierta meseta en alg\u00fan momento. El punto de la curva en el que las cosas est\u00e1n bien, pero no son brillantes; no hay nada malo pero tampoco nada muy bueno; no hay problemas particulares pero no hay muchas ideas nuevas. Las cosas son estables, no hay crisis, la rotaci\u00f3n de personal es baja, todo est\u00e1 bien, gracias. \u00abHas llegado a tu destino sin novedad\u00bb, parece decir tu GPS organizacional. Es hora de reiniciar el sistema.<\/p>\n<p>Uno de los programas que he dise\u00f1ado bajo el nombre de \u00abAceleradores\u00bb se llama \u00ab\u00a1Reinicia! Pedimos a la gente que encuentre los elefantes en la habitaci\u00f3n, los tab\u00faes corporativos, <strong>las cosas que necesitan una revisi\u00f3n urgente<\/strong>, que haga un inventario de los errores y los \u00e9xitos, etc. Lo que se puede hacer en un \u00a1reboot! es sencillamente asombroso. A continuaci\u00f3n, es f\u00e1cil crear un plan de juego.<\/p>\n<p>Independientemente de c\u00f3mo lo hagas o de c\u00f3mo lo llames, tienes que planificar, no un \u00abmantenimiento esencial\u00bb, como hacen muchos servicios digitales y sus sitios web de vez en cuando, \u00a1sino un reinicio completo! Mirar dentro, de arriba a abajo, de un lado a otro, quitar el polvo de aqu\u00ed y de all\u00e1, cuestionar lo incuestionable, abrir las ventanas, dejar que entre aire fresco, imaginar, inyectar algo de desorden, \u00a1reiniciar!<\/p>\n<p>Esta saludable sacudida puede planificarse. En realidad, es cien veces mejor cuando se planifica, a diferencia de cuando te ves obligado a hacerlo en una crisis o bajo estr\u00e9s. <strong>Programa alg\u00fan \u00abtiempo de reinicio\u00bb en el ciclo de vida de tu organizaci\u00f3n<\/strong>, pase lo que pase, incluso si est\u00e1 en un momento de m\u00e1ximo rendimiento.\u00a0 Detente, pulsa el bot\u00f3n, ten el valor de hacer una pausa, escuchar y luego volver a empezar.<\/p>\n<p>Las viejas bater\u00edas de litio que sol\u00edamos tener en los dispositivos y tel\u00e9fonos m\u00e1s antiguos, ven\u00edan con la advertencia: descargar completamente de vez en cuando y luego volver a cargar, de lo contrario el uso continuo y la carga diaria har\u00e1n que la carga sea cada vez menos efectiva. Al final, la duraci\u00f3n de la bater\u00eda ser\u00e1 m\u00ednima. Pues bien, las organizaciones de hoy en d\u00eda siguen con las bater\u00edas de litio. Sigue el consejo. <strong>Programa el reinicio. Abandona la meseta, aunque sea c\u00f3moda<\/strong>.<\/p>\n<p>_______________<\/p>\n<p>Para ver el articulo original por favor da clic en esta <a href=\"https:\/\/leandroherrero.com\/this-company-will-reboot-itself-from-friday-to-saturday-apologies-services-will-be-limited-during-this-period-2\/\" target=\"_blank\" rel=\"noopener\">liga<\/a><\/p>\n<p>\u00a9 The Chalfont Project Limited 2021. All rights reserved<\/p>\n<p>All articles supplied by [The Chalfont Project Limited] whether by access to digital resources or directly to any individual or company (collectively \u201cthe Content\u201d) are copyright The Chalfont Project Limited. Copying, reproducing, distributing, modifying, or transmitting the Content or any part of the Content is prohibited. Other than as expressly granted to any person or organization, no rights over the Content are granted or implied. \u201cViral Change\u2122\u201d is a registered trademark of The Chalfont Project Limited\u00a0(TCP). The Chalfont Project has granted permission for Proyectum to publish material in Spanish on their company Blog. Material must be represented in its original form and clearly marked\u00a0as copyrighted material. No other licenses or permission for use or publication is allowed or implied\u00a0by this agreement.<\/p>\n","protected":false},"excerpt":{"rendered":"<p>Por Leandro Herrero, MD Traducido y Adaptado por: Jorge Vald\u00e9s Garciatorres, MDO, PMP \u201cDa el primer paso en la fe. No tienes que ver toda la escalera, s\u00f3lo da el primer paso.\u201d Martin Luther King, Jr. Me gusta el concepto de reinvenci\u00f3n, renovaci\u00f3n o transformaci\u00f3n. Pero lo que m\u00e1s me gusta es el concepto de [&hellip;]<\/p>\n","protected":false},"author":26,"featured_media":9709,"comment_status":"closed","ping_status":"closed","sticky":false,"template":"","format":"standard","meta":{"_acf_changed":false,"footnotes":""},"categories":[254,370,572],"tags":[732],"class_list":["post-9708","post","type-post","status-publish","format-standard","has-post-thumbnail","hentry","category-comunicacion","category-liderazgo","category-transformacion-y-cambio","tag-ciclo-de-vida-de-tu-organizacion"],"acf":[],"yoast_head":"<!-- This site is optimized with the Yoast SEO plugin v24.4 - https:\/\/yoast.com\/wordpress\/plugins\/seo\/ -->\n<title>Esta empresa se reiniciar\u00e1 del viernes al s\u00e1bado. Disculpas, los servicios ser\u00e1n limitados durante este per\u00edodo - Proyectum Per\u00fa<\/title>\n<meta name=\"robots\" content=\"index, follow, max-snippet:-1, max-image-preview:large, max-video-preview:-1\" \/>\n<link rel=\"canonical\" href=\"https:\/\/proyectum.com\/pe\/esta-empresa-se-reiniciara-el-viernes\/\" \/>\n<meta property=\"og:locale\" content=\"es_ES\" \/>\n<meta property=\"og:type\" content=\"article\" \/>\n<meta property=\"og:title\" content=\"Esta empresa se reiniciar\u00e1 del viernes al s\u00e1bado. Disculpas, los servicios ser\u00e1n limitados durante este per\u00edodo - Proyectum Per\u00fa\" \/>\n<meta property=\"og:description\" content=\"Por Leandro Herrero, MD Traducido y Adaptado por: Jorge Vald\u00e9s Garciatorres, MDO, PMP \u201cDa el primer paso en la fe. No tienes que ver toda la escalera, s\u00f3lo da el primer paso.\u201d Martin Luther King, Jr. Me gusta el concepto de reinvenci\u00f3n, renovaci\u00f3n o transformaci\u00f3n. Pero lo que m\u00e1s me gusta es el concepto de [&hellip;]\" \/>\n<meta property=\"og:url\" content=\"https:\/\/proyectum.com\/pe\/esta-empresa-se-reiniciara-el-viernes\/\" \/>\n<meta property=\"og:site_name\" content=\"Proyectum Per\u00fa\" \/>\n<meta property=\"article:publisher\" content=\"https:\/\/www.facebook.com\/proyectum.pe\/\" \/>\n<meta property=\"article:published_time\" content=\"2021-09-20T20:56:15+00:00\" \/>\n<meta property=\"og:image\" content=\"https:\/\/proyectum.com\/pe\/wp-content\/uploads\/2021\/09\/Reinicia-Empresa.jpg\" \/>\n\t<meta property=\"og:image:width\" content=\"1700\" \/>\n\t<meta property=\"og:image:height\" content=\"1133\" \/>\n\t<meta property=\"og:image:type\" content=\"image\/jpeg\" \/>\n<meta name=\"author\" content=\"Proyectum 2024\" \/>\n<meta name=\"twitter:card\" content=\"summary_large_image\" \/>\n<meta name=\"twitter:label1\" content=\"Escrito por\" \/>\n\t<meta name=\"twitter:data1\" content=\"Proyectum 2024\" \/>\n\t<meta name=\"twitter:label2\" content=\"Tiempo de lectura\" \/>\n\t<meta name=\"twitter:data2\" content=\"3 minutos\" \/>\n<script type=\"application\/ld+json\" class=\"yoast-schema-graph\">{\"@context\":\"https:\/\/schema.org\",\"@graph\":[{\"@type\":\"Article\",\"@id\":\"https:\/\/proyectum.com\/pe\/esta-empresa-se-reiniciara-el-viernes\/#article\",\"isPartOf\":{\"@id\":\"https:\/\/proyectum.com\/pe\/esta-empresa-se-reiniciara-el-viernes\/\"},\"author\":{\"name\":\"Proyectum 2024\",\"@id\":\"https:\/\/proyectum.com\/pe\/#\/schema\/person\/784b10060c51822d857e3004ea132bb4\"},\"headline\":\"Esta empresa se reiniciar\u00e1 del viernes al s\u00e1bado. Disculpas, los servicios ser\u00e1n limitados durante este per\u00edodo\",\"datePublished\":\"2021-09-20T20:56:15+00:00\",\"mainEntityOfPage\":{\"@id\":\"https:\/\/proyectum.com\/pe\/esta-empresa-se-reiniciara-el-viernes\/\"},\"wordCount\":632,\"publisher\":{\"@id\":\"https:\/\/proyectum.com\/pe\/#organization\"},\"image\":{\"@id\":\"https:\/\/proyectum.com\/pe\/esta-empresa-se-reiniciara-el-viernes\/#primaryimage\"},\"thumbnailUrl\":\"https:\/\/proyectum.com\/pe\/wp-content\/uploads\/2021\/09\/Reinicia-Empresa.jpg\",\"keywords\":[\"ciclo de vida de tu organizaci\u00f3n\"],\"articleSection\":[\"Comunicaci\u00f3n\",\"Liderazgo\",\"Transformaci\u00f3n y cambio\"],\"inLanguage\":\"es\"},{\"@type\":\"WebPage\",\"@id\":\"https:\/\/proyectum.com\/pe\/esta-empresa-se-reiniciara-el-viernes\/\",\"url\":\"https:\/\/proyectum.com\/pe\/esta-empresa-se-reiniciara-el-viernes\/\",\"name\":\"Esta empresa se reiniciar\u00e1 del viernes al s\u00e1bado. Disculpas, los servicios ser\u00e1n limitados durante este per\u00edodo - Proyectum Per\u00fa\",\"isPartOf\":{\"@id\":\"https:\/\/proyectum.com\/pe\/#website\"},\"primaryImageOfPage\":{\"@id\":\"https:\/\/proyectum.com\/pe\/esta-empresa-se-reiniciara-el-viernes\/#primaryimage\"},\"image\":{\"@id\":\"https:\/\/proyectum.com\/pe\/esta-empresa-se-reiniciara-el-viernes\/#primaryimage\"},\"thumbnailUrl\":\"https:\/\/proyectum.com\/pe\/wp-content\/uploads\/2021\/09\/Reinicia-Empresa.jpg\",\"datePublished\":\"2021-09-20T20:56:15+00:00\",\"breadcrumb\":{\"@id\":\"https:\/\/proyectum.com\/pe\/esta-empresa-se-reiniciara-el-viernes\/#breadcrumb\"},\"inLanguage\":\"es\",\"potentialAction\":[{\"@type\":\"ReadAction\",\"target\":[\"https:\/\/proyectum.com\/pe\/esta-empresa-se-reiniciara-el-viernes\/\"]}]},{\"@type\":\"ImageObject\",\"inLanguage\":\"es\",\"@id\":\"https:\/\/proyectum.com\/pe\/esta-empresa-se-reiniciara-el-viernes\/#primaryimage\",\"url\":\"https:\/\/proyectum.com\/pe\/wp-content\/uploads\/2021\/09\/Reinicia-Empresa.jpg\",\"contentUrl\":\"https:\/\/proyectum.com\/pe\/wp-content\/uploads\/2021\/09\/Reinicia-Empresa.jpg\",\"width\":1700,\"height\":1133,\"caption\":\"Reinicia Empresa\"},{\"@type\":\"BreadcrumbList\",\"@id\":\"https:\/\/proyectum.com\/pe\/esta-empresa-se-reiniciara-el-viernes\/#breadcrumb\",\"itemListElement\":[{\"@type\":\"ListItem\",\"position\":1,\"name\":\"Home\",\"item\":\"https:\/\/proyectum.com\/pe\/\"},{\"@type\":\"ListItem\",\"position\":2,\"name\":\"Esta empresa se reiniciar\u00e1 del viernes al s\u00e1bado. Disculpas, los servicios ser\u00e1n limitados durante este per\u00edodo\"}]},{\"@type\":\"WebSite\",\"@id\":\"https:\/\/proyectum.com\/pe\/#website\",\"url\":\"https:\/\/proyectum.com\/pe\/\",\"name\":\"Proyectum Per\u00fa\",\"description\":\"Direcci\u00f3n de Proyectos y Metodolog\u00edas \u00c1giles\",\"publisher\":{\"@id\":\"https:\/\/proyectum.com\/pe\/#organization\"},\"potentialAction\":[{\"@type\":\"SearchAction\",\"target\":{\"@type\":\"EntryPoint\",\"urlTemplate\":\"https:\/\/proyectum.com\/pe\/?s={search_term_string}\"},\"query-input\":{\"@type\":\"PropertyValueSpecification\",\"valueRequired\":true,\"valueName\":\"search_term_string\"}}],\"inLanguage\":\"es\"},{\"@type\":\"Organization\",\"@id\":\"https:\/\/proyectum.com\/pe\/#organization\",\"name\":\"Proyectum Per\u00fa\",\"url\":\"https:\/\/proyectum.com\/pe\/\",\"logo\":{\"@type\":\"ImageObject\",\"inLanguage\":\"es\",\"@id\":\"https:\/\/proyectum.com\/pe\/#\/schema\/logo\/image\/\",\"url\":\"https:\/\/proyectum.com\/pe\/wp-content\/uploads\/2020\/04\/proyectum-logo-snippet.png\",\"contentUrl\":\"https:\/\/proyectum.com\/pe\/wp-content\/uploads\/2020\/04\/proyectum-logo-snippet.png\",\"width\":600,\"height\":315,\"caption\":\"Proyectum Per\u00fa\"},\"image\":{\"@id\":\"https:\/\/proyectum.com\/pe\/#\/schema\/logo\/image\/\"},\"sameAs\":[\"https:\/\/www.facebook.com\/proyectum.pe\/\",\"https:\/\/www.instagram.com\/proyectum.pe\/\",\"https:\/\/www.linkedin.com\/company\/proyectumperu\/\",\"https:\/\/www.youtube.com\/@proyectum2283\/videos\"]},{\"@type\":\"Person\",\"@id\":\"https:\/\/proyectum.com\/pe\/#\/schema\/person\/784b10060c51822d857e3004ea132bb4\",\"name\":\"Proyectum 2024\",\"image\":{\"@type\":\"ImageObject\",\"inLanguage\":\"es\",\"@id\":\"https:\/\/proyectum.com\/pe\/#\/schema\/person\/image\/\",\"url\":\"https:\/\/secure.gravatar.com\/avatar\/df82793fddd8f0a5a84fdb27d958bf73?s=96&d=mm&r=g\",\"contentUrl\":\"https:\/\/secure.gravatar.com\/avatar\/df82793fddd8f0a5a84fdb27d958bf73?s=96&d=mm&r=g\",\"caption\":\"Proyectum 2024\"}}]}<\/script>\n<!-- \/ Yoast SEO plugin. -->","yoast_head_json":{"title":"Esta empresa se reiniciar\u00e1 del viernes al s\u00e1bado. Disculpas, los servicios ser\u00e1n limitados durante este per\u00edodo - Proyectum Per\u00fa","robots":{"index":"index","follow":"follow","max-snippet":"max-snippet:-1","max-image-preview":"max-image-preview:large","max-video-preview":"max-video-preview:-1"},"canonical":"https:\/\/proyectum.com\/pe\/esta-empresa-se-reiniciara-el-viernes\/","og_locale":"es_ES","og_type":"article","og_title":"Esta empresa se reiniciar\u00e1 del viernes al s\u00e1bado. Disculpas, los servicios ser\u00e1n limitados durante este per\u00edodo - Proyectum Per\u00fa","og_description":"Por Leandro Herrero, MD Traducido y Adaptado por: Jorge Vald\u00e9s Garciatorres, MDO, PMP \u201cDa el primer paso en la fe. No tienes que ver toda la escalera, s\u00f3lo da el primer paso.\u201d Martin Luther King, Jr. Me gusta el concepto de reinvenci\u00f3n, renovaci\u00f3n o transformaci\u00f3n. Pero lo que m\u00e1s me gusta es el concepto de [&hellip;]","og_url":"https:\/\/proyectum.com\/pe\/esta-empresa-se-reiniciara-el-viernes\/","og_site_name":"Proyectum Per\u00fa","article_publisher":"https:\/\/www.facebook.com\/proyectum.pe\/","article_published_time":"2021-09-20T20:56:15+00:00","og_image":[{"width":1700,"height":1133,"url":"https:\/\/proyectum.com\/pe\/wp-content\/uploads\/2021\/09\/Reinicia-Empresa.jpg","type":"image\/jpeg"}],"author":"Proyectum 2024","twitter_card":"summary_large_image","twitter_misc":{"Escrito por":"Proyectum 2024","Tiempo de lectura":"3 minutos"},"schema":{"@context":"https:\/\/schema.org","@graph":[{"@type":"Article","@id":"https:\/\/proyectum.com\/pe\/esta-empresa-se-reiniciara-el-viernes\/#article","isPartOf":{"@id":"https:\/\/proyectum.com\/pe\/esta-empresa-se-reiniciara-el-viernes\/"},"author":{"name":"Proyectum 2024","@id":"https:\/\/proyectum.com\/pe\/#\/schema\/person\/784b10060c51822d857e3004ea132bb4"},"headline":"Esta empresa se reiniciar\u00e1 del viernes al s\u00e1bado. Disculpas, los servicios ser\u00e1n limitados durante este per\u00edodo","datePublished":"2021-09-20T20:56:15+00:00","mainEntityOfPage":{"@id":"https:\/\/proyectum.com\/pe\/esta-empresa-se-reiniciara-el-viernes\/"},"wordCount":632,"publisher":{"@id":"https:\/\/proyectum.com\/pe\/#organization"},"image":{"@id":"https:\/\/proyectum.com\/pe\/esta-empresa-se-reiniciara-el-viernes\/#primaryimage"},"thumbnailUrl":"https:\/\/proyectum.com\/pe\/wp-content\/uploads\/2021\/09\/Reinicia-Empresa.jpg","keywords":["ciclo de vida de tu organizaci\u00f3n"],"articleSection":["Comunicaci\u00f3n","Liderazgo","Transformaci\u00f3n y cambio"],"inLanguage":"es"},{"@type":"WebPage","@id":"https:\/\/proyectum.com\/pe\/esta-empresa-se-reiniciara-el-viernes\/","url":"https:\/\/proyectum.com\/pe\/esta-empresa-se-reiniciara-el-viernes\/","name":"Esta empresa se reiniciar\u00e1 del viernes al s\u00e1bado. Disculpas, los servicios ser\u00e1n limitados durante este per\u00edodo - Proyectum Per\u00fa","isPartOf":{"@id":"https:\/\/proyectum.com\/pe\/#website"},"primaryImageOfPage":{"@id":"https:\/\/proyectum.com\/pe\/esta-empresa-se-reiniciara-el-viernes\/#primaryimage"},"image":{"@id":"https:\/\/proyectum.com\/pe\/esta-empresa-se-reiniciara-el-viernes\/#primaryimage"},"thumbnailUrl":"https:\/\/proyectum.com\/pe\/wp-content\/uploads\/2021\/09\/Reinicia-Empresa.jpg","datePublished":"2021-09-20T20:56:15+00:00","breadcrumb":{"@id":"https:\/\/proyectum.com\/pe\/esta-empresa-se-reiniciara-el-viernes\/#breadcrumb"},"inLanguage":"es","potentialAction":[{"@type":"ReadAction","target":["https:\/\/proyectum.com\/pe\/esta-empresa-se-reiniciara-el-viernes\/"]}]},{"@type":"ImageObject","inLanguage":"es","@id":"https:\/\/proyectum.com\/pe\/esta-empresa-se-reiniciara-el-viernes\/#primaryimage","url":"https:\/\/proyectum.com\/pe\/wp-content\/uploads\/2021\/09\/Reinicia-Empresa.jpg","contentUrl":"https:\/\/proyectum.com\/pe\/wp-content\/uploads\/2021\/09\/Reinicia-Empresa.jpg","width":1700,"height":1133,"caption":"Reinicia Empresa"},{"@type":"BreadcrumbList","@id":"https:\/\/proyectum.com\/pe\/esta-empresa-se-reiniciara-el-viernes\/#breadcrumb","itemListElement":[{"@type":"ListItem","position":1,"name":"Home","item":"https:\/\/proyectum.com\/pe\/"},{"@type":"ListItem","position":2,"name":"Esta empresa se reiniciar\u00e1 del viernes al s\u00e1bado. Disculpas, los servicios ser\u00e1n limitados durante este per\u00edodo"}]},{"@type":"WebSite","@id":"https:\/\/proyectum.com\/pe\/#website","url":"https:\/\/proyectum.com\/pe\/","name":"Proyectum Per\u00fa","description":"Direcci\u00f3n de Proyectos y Metodolog\u00edas \u00c1giles","publisher":{"@id":"https:\/\/proyectum.com\/pe\/#organization"},"potentialAction":[{"@type":"SearchAction","target":{"@type":"EntryPoint","urlTemplate":"https:\/\/proyectum.com\/pe\/?s={search_term_string}"},"query-input":{"@type":"PropertyValueSpecification","valueRequired":true,"valueName":"search_term_string"}}],"inLanguage":"es"},{"@type":"Organization","@id":"https:\/\/proyectum.com\/pe\/#organization","name":"Proyectum Per\u00fa","url":"https:\/\/proyectum.com\/pe\/","logo":{"@type":"ImageObject","inLanguage":"es","@id":"https:\/\/proyectum.com\/pe\/#\/schema\/logo\/image\/","url":"https:\/\/proyectum.com\/pe\/wp-content\/uploads\/2020\/04\/proyectum-logo-snippet.png","contentUrl":"https:\/\/proyectum.com\/pe\/wp-content\/uploads\/2020\/04\/proyectum-logo-snippet.png","width":600,"height":315,"caption":"Proyectum Per\u00fa"},"image":{"@id":"https:\/\/proyectum.com\/pe\/#\/schema\/logo\/image\/"},"sameAs":["https:\/\/www.facebook.com\/proyectum.pe\/","https:\/\/www.instagram.com\/proyectum.pe\/","https:\/\/www.linkedin.com\/company\/proyectumperu\/","https:\/\/www.youtube.com\/@proyectum2283\/videos"]},{"@type":"Person","@id":"https:\/\/proyectum.com\/pe\/#\/schema\/person\/784b10060c51822d857e3004ea132bb4","name":"Proyectum 2024","image":{"@type":"ImageObject","inLanguage":"es","@id":"https:\/\/proyectum.com\/pe\/#\/schema\/person\/image\/","url":"https:\/\/secure.gravatar.com\/avatar\/df82793fddd8f0a5a84fdb27d958bf73?s=96&d=mm&r=g","contentUrl":"https:\/\/secure.gravatar.com\/avatar\/df82793fddd8f0a5a84fdb27d958bf73?s=96&d=mm&r=g","caption":"Proyectum 2024"}}]}},"_links":{"self":[{"href":"https:\/\/proyectum.com\/pe\/wp-json\/wp\/v2\/posts\/9708","targetHints":{"allow":["GET"]}}],"collection":[{"href":"https:\/\/proyectum.com\/pe\/wp-json\/wp\/v2\/posts"}],"about":[{"href":"https:\/\/proyectum.com\/pe\/wp-json\/wp\/v2\/types\/post"}],"author":[{"embeddable":true,"href":"https:\/\/proyectum.com\/pe\/wp-json\/wp\/v2\/users\/26"}],"replies":[{"embeddable":true,"href":"https:\/\/proyectum.com\/pe\/wp-json\/wp\/v2\/comments?post=9708"}],"version-history":[{"count":0,"href":"https:\/\/proyectum.com\/pe\/wp-json\/wp\/v2\/posts\/9708\/revisions"}],"wp:featuredmedia":[{"embeddable":true,"href":"https:\/\/proyectum.com\/pe\/wp-json\/wp\/v2\/media\/9709"}],"wp:attachment":[{"href":"https:\/\/proyectum.com\/pe\/wp-json\/wp\/v2\/media?parent=9708"}],"wp:term":[{"taxonomy":"category","embeddable":true,"href":"https:\/\/proyectum.com\/pe\/wp-json\/wp\/v2\/categories?post=9708"},{"taxonomy":"post_tag","embeddable":true,"href":"https:\/\/proyectum.com\/pe\/wp-json\/wp\/v2\/tags?post=9708"}],"curies":[{"name":"wp","href":"https:\/\/api.w.org\/{rel}","templated":true}]}}