{"id":9760,"date":"2021-10-21T12:31:26","date_gmt":"2021-10-21T15:31:26","guid":{"rendered":"https:\/\/www.proyectum.com\/sistema\/?p=9760"},"modified":"2021-10-21T12:31:26","modified_gmt":"2021-10-21T15:31:26","slug":"3-acciones-que-te-faltan-para-ser-el-lider-agil-que-espera-tu-equipo","status":"publish","type":"post","link":"https:\/\/proyectum.com\/pe\/3-acciones-que-te-faltan-para-ser-el-lider-agil-que-espera-tu-equipo\/","title":{"rendered":"Las 3 acciones que te faltan para ser el l\u00edder \u00e1gil que espera tu equipo"},"content":{"rendered":"<p>Se habla mucho del <strong>liderazgo \u00e1gil en las organizaciones<\/strong>, pero pocos se detienen realmente a analizar lo que esto implica. Adicional a las muchas habilidades de liderazgo, como la capacidad de guiar, motivar y dirigir un equipo, en este art\u00edculo te comparto <strong>3 acciones que te faltan para ser el l\u00edder \u00e1gil que espera tu equipo<\/strong>.<\/p>\n<h3><strong>El liderazgo \u201ctradicional\u201d<\/strong><\/h3>\n<p>En la mayor\u00eda de las organizaciones, <strong>se asume que el liderazgo es solamente para ciertas posiciones o roles<\/strong>. Estos roles com\u00fanmente ejercen micro gesti\u00f3n, manteniendo el mayor control posible, monitoreando constantemente al equipo y tomando pr\u00e1cticamente todas las decisiones.<\/p>\n<p>Las personas que asumen este tipo de liderazgo se sienten bien con el control, el poder e incluso con el desaf\u00edo de ser los <strong>principales responsables en el cumplimiento de los objetivos<\/strong>.<\/p>\n<h3><strong>El liderazgo \u00e1gil<\/strong><\/h3>\n<p>Los enfoques \u00e1giles enfatizan el <strong>liderazgo de servicio<\/strong>. Un tipo de liderazgo que se enfoca en empoderar a los equipos.<\/p>\n<p>Este tipo de liderazgo deja de lado el protagonismo y en cambio busca servir al equipo, abordando sus necesidades y desarrollando a los miembros. Los l\u00edderes de servicio practican e irradian la mentalidad \u00e1gil.<\/p>\n<p>Es claro que es m\u00e1s f\u00e1cil decirlo que llevarlo a la pr\u00e1ctica. El proceso para los l\u00edderes que buscan <strong>cambiar su enfoque de liderazgo, de uno tradicional por uno \u00e1gil<\/strong>, se enfrentan a muchos retos, tal vez el principal es asumir que esta transici\u00f3n se da por decreto, es decir, que no se tiene que trabajar o hacer mayor esfuerzo.<\/p>\n<p>A continuaci\u00f3n te comparto 3 acciones que debes realizar para realmente ser un l\u00edder \u00e1gil.<\/p>\n<h3><strong>3 acciones que te faltan para ser el l\u00edder \u00e1gil que espera tu equipo<\/strong><\/h3>\n<h3><strong>Comprender lo que la agilidad significa<\/strong><\/h3>\n<p>Ser \u00e1gil no tiene nada que ver con aplicar un proceso o metodolog\u00eda. Se trata m\u00e1s de una reinvenci\u00f3n de uno mismo desde nuestra forma de pensar. <a href=\"https:\/\/www.proyectum.com\/sistema\/blog\/las-3-fases-para-comprender-la-agilidad-conocer-hacer-y-ser-agil\/\" target=\"_blank\" rel=\"noopener\">En este art\u00edculo<\/a> hablo con mayor detalle de esto.<\/p>\n<p>Los l\u00edderes ser\u00e1n los primeros en comprender a cabalidad que es el agilismo y aplicar sus principios, valores y toda la filosof\u00eda que est\u00e1 detr\u00e1s, como el <strong>Pensamiento Lean<\/strong>.<\/p>\n<p>Si no comprendes lo que la agilidad significa es posible que ca\u00edgas en comportamientos del liderazgo \u201ctradicional\u201d, como querer tener el control de todo y no valorar a los miembros de tu equipo.<\/p>\n<h3><strong>Proveer un ambiente seguro<\/strong><\/h3>\n<p>Es fundamental facilitar la creaci\u00f3n de un <strong>ambiente seguro<\/strong> en donde los equipos se sientan c\u00f3modos para expresarse libremente, para aportar sus ideas y disentir si es el caso.<\/p>\n<p>\u00bfPor d\u00f3nde empezar? Nuevamente te invito a comenzar por lo m\u00e1s b\u00e1sico. Contigo mismo. Te invito a que reflexiones sinceramente si tus actitudes y comportamientos con tu equipo son los mejores como para que ellos se sientan libres de expresarse.<\/p>\n<p>En m\u00e1s de una ocasi\u00f3n he visto como las personas se asumen a s\u00ed mismos como l\u00edderes \u00e1giles, pero es evidente su molestia cuando no comparten una idea del equipo.<\/p>\n<p>Si en una reuni\u00f3n tu equipo no se siente libre de expresarse, mucho menos se va a atrever a cuestionarte esa p\u00e9sima idea que quieres poner en acci\u00f3n.<\/p>\n<h3><strong>Delegar la toma de decisiones<\/strong><\/h3>\n<p>Como lo mencion\u00e9 anteriormente, al l\u00edder \u201ctradicional\u201d le gusta tener el control y obviamente <strong>pedirle que lo ceda al equipo no es tarea f\u00e1cil<\/strong>.<\/p>\n<p>Si es tu caso, primero te recomiendo que analices a tu equipo, seguro cada uno de los miembros es una persona con capacidades de sobra, por algo est\u00e1 en tu equipo.\u00a0 Adem\u00e1s de las capacidades m\u00e1s obvias que logras identificar a primera vista, ve un poco m\u00e1s all\u00e1, te aseguro que te sorprender\u00e1s con las capacidades que desconoc\u00edas que ten\u00eda tu equipo.<\/p>\n<p>Puedes delegar primero la toma de decisiones que no sean tan trascendentes. Pero de verdad permite que tu equipo tome la decisi\u00f3n. Seguro habr\u00e1 muchas decisiones que ser\u00e1n diferentes a la que t\u00fa hubieras tomado, pero no cambies la decisi\u00f3n que ya tom\u00f3 el equipo. Por supuesto que puedes darles retroalimentaci\u00f3n, es parte de tu trabajo como l\u00edder servicial, y decirles c\u00f3mo lo hubieras abordado t\u00fa y por qu\u00e9. Pero deja que el equipo experimente tomando sus decisiones, que falle y que aprenda.<\/p>\n<p><strong>Conclusiones<\/strong><\/p>\n<p>Si reflexionas a conciencia estas 3 acciones, es probable que te des cuenta que tienes trabajo por hacer. Eso es bueno. Lo importante es que <strong>no des por hecho que ya eres un l\u00edder \u00e1gil<\/strong>. Siempre hay cosas que aprender, que mejorar y sobre todo, hay cosas en las que debemos darnos cuenta que no somos tan buenos como creemos.<\/p>\n<p>Nuestros equipos estar\u00e1n dispuestos a hacer cosas grandes, a promover la agilidad, a tomar proyectos m\u00e1s desafiantes, siempre y cuando se sientan respaldados por un verdadero l\u00edder \u00e1gil.<\/p>\n<p>Para conocer m\u00e1s de este tipo de liderazgo te invito a consultar el tema en nuestro <a href=\"https:\/\/www.proyectum.com\/sistema\/knowledge-center\" target=\"_blank\" rel=\"noopener\">Knowledge Center<\/a>. Tambi\u00e9n puedes iniciar o profesionalizar tus conocimientos en agilidad con nuestros <a href=\"https:\/\/www.proyectum.com\/sistema\/cursos\/calendario\/\" target=\"_blank\" rel=\"noopener\">diversos cursos<\/a> que ponemos a tu disposici\u00f3n.<\/p>\n<p><strong>Referencias:<\/strong><\/p>\n<p><a href=\"https:\/\/youtu.be\/IDgd9LXOzy8\" target=\"_blank\" rel=\"noopener\">Webinar: Agile Leadership &#8211; El rol del l\u00edder en una transformaci\u00f3n digital, H\u00e9ctor P\u00e9rez y Guisela Villatoro, Proyectum Guatemala, 2021<\/a><\/p>\n","protected":false},"excerpt":{"rendered":"<p>Se habla mucho del liderazgo \u00e1gil en las organizaciones, pero pocos se detienen realmente a analizar lo que esto implica. Adicional a las muchas habilidades de liderazgo, como la capacidad de guiar, motivar y dirigir un equipo, en este art\u00edculo te comparto 3 acciones que te faltan para ser el l\u00edder \u00e1gil que espera tu [&hellip;]<\/p>\n","protected":false},"author":26,"featured_media":9762,"comment_status":"closed","ping_status":"closed","sticky":false,"template":"","format":"standard","meta":{"_acf_changed":false,"footnotes":""},"categories":[329,807,370],"tags":[876,877,878,879,880,881,882,883],"class_list":["post-9760","post","type-post","status-publish","format-standard","has-post-thumbnail","hentry","category-agil","category-lean","category-liderazgo","tag-3-acciones-que-te-faltan-para-ser-el-lider-agil-que-espera-tu-equipo","tag-ambiente-seguro","tag-lider-agil-que-espera-tu-equipo","tag-liderazgo-agil","tag-liderazgo-agil-en-las-organizaciones","tag-liderazgo-de-servicio","tag-liderazgo-tradicional","tag-pensamiento-lean"],"acf":[],"yoast_head":"<!-- This site is optimized with the Yoast SEO plugin v24.4 - https:\/\/yoast.com\/wordpress\/plugins\/seo\/ -->\n<title>3 acciones que te faltan para ser el l\u00edder \u00e1gil que espera tu equipo<\/title>\n<meta name=\"description\" content=\"Se habla mucho del liderazgo \u00e1gil en las organizaciones, pero pocos se detienen realmente a analizar lo que esto implica.\" \/>\n<meta name=\"robots\" content=\"index, follow, max-snippet:-1, max-image-preview:large, max-video-preview:-1\" \/>\n<link rel=\"canonical\" href=\"https:\/\/proyectum.com\/pe\/3-acciones-que-te-faltan-para-ser-el-lider-agil-que-espera-tu-equipo\/\" \/>\n<meta property=\"og:locale\" content=\"es_ES\" \/>\n<meta property=\"og:type\" content=\"article\" \/>\n<meta property=\"og:title\" content=\"3 acciones que te faltan para ser el l\u00edder \u00e1gil que espera tu equipo\" \/>\n<meta property=\"og:description\" content=\"Se habla mucho del liderazgo \u00e1gil en las organizaciones, pero pocos se detienen realmente a analizar lo que esto implica.\" \/>\n<meta property=\"og:url\" content=\"https:\/\/proyectum.com\/pe\/3-acciones-que-te-faltan-para-ser-el-lider-agil-que-espera-tu-equipo\/\" \/>\n<meta property=\"og:site_name\" content=\"Proyectum Per\u00fa\" \/>\n<meta property=\"article:publisher\" content=\"https:\/\/www.facebook.com\/proyectum.pe\/\" \/>\n<meta property=\"article:published_time\" content=\"2021-10-21T15:31:26+00:00\" \/>\n<meta property=\"og:image\" content=\"https:\/\/proyectum.com\/pe\/wp-content\/uploads\/2021\/10\/Lider-Agil-3-acciones.jpg\" \/>\n\t<meta property=\"og:image:width\" content=\"1700\" \/>\n\t<meta property=\"og:image:height\" content=\"1133\" \/>\n\t<meta property=\"og:image:type\" content=\"image\/jpeg\" \/>\n<meta name=\"author\" content=\"Proyectum 2024\" \/>\n<meta name=\"twitter:card\" content=\"summary_large_image\" \/>\n<meta name=\"twitter:label1\" content=\"Escrito por\" \/>\n\t<meta name=\"twitter:data1\" content=\"Proyectum 2024\" \/>\n\t<meta name=\"twitter:label2\" content=\"Tiempo de lectura\" \/>\n\t<meta name=\"twitter:data2\" content=\"4 minutos\" \/>\n<script type=\"application\/ld+json\" class=\"yoast-schema-graph\">{\"@context\":\"https:\/\/schema.org\",\"@graph\":[{\"@type\":\"Article\",\"@id\":\"https:\/\/proyectum.com\/pe\/3-acciones-que-te-faltan-para-ser-el-lider-agil-que-espera-tu-equipo\/#article\",\"isPartOf\":{\"@id\":\"https:\/\/proyectum.com\/pe\/3-acciones-que-te-faltan-para-ser-el-lider-agil-que-espera-tu-equipo\/\"},\"author\":{\"name\":\"Proyectum 2024\",\"@id\":\"https:\/\/proyectum.com\/pe\/#\/schema\/person\/784b10060c51822d857e3004ea132bb4\"},\"headline\":\"Las 3 acciones que te faltan para ser el l\u00edder \u00e1gil que espera tu equipo\",\"datePublished\":\"2021-10-21T15:31:26+00:00\",\"mainEntityOfPage\":{\"@id\":\"https:\/\/proyectum.com\/pe\/3-acciones-que-te-faltan-para-ser-el-lider-agil-que-espera-tu-equipo\/\"},\"wordCount\":902,\"publisher\":{\"@id\":\"https:\/\/proyectum.com\/pe\/#organization\"},\"image\":{\"@id\":\"https:\/\/proyectum.com\/pe\/3-acciones-que-te-faltan-para-ser-el-lider-agil-que-espera-tu-equipo\/#primaryimage\"},\"thumbnailUrl\":\"https:\/\/proyectum.com\/pe\/wp-content\/uploads\/2021\/10\/Lider-Agil-3-acciones.jpg\",\"keywords\":[\"3 acciones que te faltan para ser el l\u00edder \u00e1gil que espera tu equipo\",\"ambiente seguro\",\"l\u00edder \u00e1gil que espera tu equipo\",\"liderazgo \u00e1gil\",\"liderazgo \u00e1gil en las organizaciones\",\"liderazgo de servicio\",\"liderazgo tradicional\",\"pensamiento Lean\"],\"articleSection\":[\"\u00c1gil\",\"Lean\",\"Liderazgo\"],\"inLanguage\":\"es\"},{\"@type\":\"WebPage\",\"@id\":\"https:\/\/proyectum.com\/pe\/3-acciones-que-te-faltan-para-ser-el-lider-agil-que-espera-tu-equipo\/\",\"url\":\"https:\/\/proyectum.com\/pe\/3-acciones-que-te-faltan-para-ser-el-lider-agil-que-espera-tu-equipo\/\",\"name\":\"3 acciones que te faltan para ser el l\u00edder \u00e1gil que espera tu equipo\",\"isPartOf\":{\"@id\":\"https:\/\/proyectum.com\/pe\/#website\"},\"primaryImageOfPage\":{\"@id\":\"https:\/\/proyectum.com\/pe\/3-acciones-que-te-faltan-para-ser-el-lider-agil-que-espera-tu-equipo\/#primaryimage\"},\"image\":{\"@id\":\"https:\/\/proyectum.com\/pe\/3-acciones-que-te-faltan-para-ser-el-lider-agil-que-espera-tu-equipo\/#primaryimage\"},\"thumbnailUrl\":\"https:\/\/proyectum.com\/pe\/wp-content\/uploads\/2021\/10\/Lider-Agil-3-acciones.jpg\",\"datePublished\":\"2021-10-21T15:31:26+00:00\",\"description\":\"Se habla mucho del liderazgo \u00e1gil en las organizaciones, pero pocos se detienen realmente a analizar lo que esto implica.\",\"breadcrumb\":{\"@id\":\"https:\/\/proyectum.com\/pe\/3-acciones-que-te-faltan-para-ser-el-lider-agil-que-espera-tu-equipo\/#breadcrumb\"},\"inLanguage\":\"es\",\"potentialAction\":[{\"@type\":\"ReadAction\",\"target\":[\"https:\/\/proyectum.com\/pe\/3-acciones-que-te-faltan-para-ser-el-lider-agil-que-espera-tu-equipo\/\"]}]},{\"@type\":\"ImageObject\",\"inLanguage\":\"es\",\"@id\":\"https:\/\/proyectum.com\/pe\/3-acciones-que-te-faltan-para-ser-el-lider-agil-que-espera-tu-equipo\/#primaryimage\",\"url\":\"https:\/\/proyectum.com\/pe\/wp-content\/uploads\/2021\/10\/Lider-Agil-3-acciones.jpg\",\"contentUrl\":\"https:\/\/proyectum.com\/pe\/wp-content\/uploads\/2021\/10\/Lider-Agil-3-acciones.jpg\",\"width\":1700,\"height\":1133,\"caption\":\"Lider Agil 3 acciones\"},{\"@type\":\"BreadcrumbList\",\"@id\":\"https:\/\/proyectum.com\/pe\/3-acciones-que-te-faltan-para-ser-el-lider-agil-que-espera-tu-equipo\/#breadcrumb\",\"itemListElement\":[{\"@type\":\"ListItem\",\"position\":1,\"name\":\"Home\",\"item\":\"https:\/\/proyectum.com\/pe\/\"},{\"@type\":\"ListItem\",\"position\":2,\"name\":\"Las 3 acciones que te faltan para ser el l\u00edder \u00e1gil que espera tu equipo\"}]},{\"@type\":\"WebSite\",\"@id\":\"https:\/\/proyectum.com\/pe\/#website\",\"url\":\"https:\/\/proyectum.com\/pe\/\",\"name\":\"Proyectum Per\u00fa\",\"description\":\"Direcci\u00f3n de Proyectos y Metodolog\u00edas \u00c1giles\",\"publisher\":{\"@id\":\"https:\/\/proyectum.com\/pe\/#organization\"},\"potentialAction\":[{\"@type\":\"SearchAction\",\"target\":{\"@type\":\"EntryPoint\",\"urlTemplate\":\"https:\/\/proyectum.com\/pe\/?s={search_term_string}\"},\"query-input\":{\"@type\":\"PropertyValueSpecification\",\"valueRequired\":true,\"valueName\":\"search_term_string\"}}],\"inLanguage\":\"es\"},{\"@type\":\"Organization\",\"@id\":\"https:\/\/proyectum.com\/pe\/#organization\",\"name\":\"Proyectum Per\u00fa\",\"url\":\"https:\/\/proyectum.com\/pe\/\",\"logo\":{\"@type\":\"ImageObject\",\"inLanguage\":\"es\",\"@id\":\"https:\/\/proyectum.com\/pe\/#\/schema\/logo\/image\/\",\"url\":\"https:\/\/proyectum.com\/pe\/wp-content\/uploads\/2020\/04\/proyectum-logo-snippet.png\",\"contentUrl\":\"https:\/\/proyectum.com\/pe\/wp-content\/uploads\/2020\/04\/proyectum-logo-snippet.png\",\"width\":600,\"height\":315,\"caption\":\"Proyectum Per\u00fa\"},\"image\":{\"@id\":\"https:\/\/proyectum.com\/pe\/#\/schema\/logo\/image\/\"},\"sameAs\":[\"https:\/\/www.facebook.com\/proyectum.pe\/\",\"https:\/\/www.instagram.com\/proyectum.pe\/\",\"https:\/\/www.linkedin.com\/company\/proyectumperu\/\",\"https:\/\/www.youtube.com\/@proyectum2283\/videos\"]},{\"@type\":\"Person\",\"@id\":\"https:\/\/proyectum.com\/pe\/#\/schema\/person\/784b10060c51822d857e3004ea132bb4\",\"name\":\"Proyectum 2024\",\"image\":{\"@type\":\"ImageObject\",\"inLanguage\":\"es\",\"@id\":\"https:\/\/proyectum.com\/pe\/#\/schema\/person\/image\/\",\"url\":\"https:\/\/secure.gravatar.com\/avatar\/df82793fddd8f0a5a84fdb27d958bf73?s=96&d=mm&r=g\",\"contentUrl\":\"https:\/\/secure.gravatar.com\/avatar\/df82793fddd8f0a5a84fdb27d958bf73?s=96&d=mm&r=g\",\"caption\":\"Proyectum 2024\"}}]}<\/script>\n<!-- \/ Yoast SEO plugin. -->","yoast_head_json":{"title":"3 acciones que te faltan para ser el l\u00edder \u00e1gil que espera tu equipo","description":"Se habla mucho del liderazgo \u00e1gil en las organizaciones, pero pocos se detienen realmente a analizar lo que esto implica.","robots":{"index":"index","follow":"follow","max-snippet":"max-snippet:-1","max-image-preview":"max-image-preview:large","max-video-preview":"max-video-preview:-1"},"canonical":"https:\/\/proyectum.com\/pe\/3-acciones-que-te-faltan-para-ser-el-lider-agil-que-espera-tu-equipo\/","og_locale":"es_ES","og_type":"article","og_title":"3 acciones que te faltan para ser el l\u00edder \u00e1gil que espera tu equipo","og_description":"Se habla mucho del liderazgo \u00e1gil en las organizaciones, pero pocos se detienen realmente a analizar lo que esto implica.","og_url":"https:\/\/proyectum.com\/pe\/3-acciones-que-te-faltan-para-ser-el-lider-agil-que-espera-tu-equipo\/","og_site_name":"Proyectum Per\u00fa","article_publisher":"https:\/\/www.facebook.com\/proyectum.pe\/","article_published_time":"2021-10-21T15:31:26+00:00","og_image":[{"width":1700,"height":1133,"url":"https:\/\/proyectum.com\/pe\/wp-content\/uploads\/2021\/10\/Lider-Agil-3-acciones.jpg","type":"image\/jpeg"}],"author":"Proyectum 2024","twitter_card":"summary_large_image","twitter_misc":{"Escrito por":"Proyectum 2024","Tiempo de lectura":"4 minutos"},"schema":{"@context":"https:\/\/schema.org","@graph":[{"@type":"Article","@id":"https:\/\/proyectum.com\/pe\/3-acciones-que-te-faltan-para-ser-el-lider-agil-que-espera-tu-equipo\/#article","isPartOf":{"@id":"https:\/\/proyectum.com\/pe\/3-acciones-que-te-faltan-para-ser-el-lider-agil-que-espera-tu-equipo\/"},"author":{"name":"Proyectum 2024","@id":"https:\/\/proyectum.com\/pe\/#\/schema\/person\/784b10060c51822d857e3004ea132bb4"},"headline":"Las 3 acciones que te faltan para ser el l\u00edder \u00e1gil que espera tu equipo","datePublished":"2021-10-21T15:31:26+00:00","mainEntityOfPage":{"@id":"https:\/\/proyectum.com\/pe\/3-acciones-que-te-faltan-para-ser-el-lider-agil-que-espera-tu-equipo\/"},"wordCount":902,"publisher":{"@id":"https:\/\/proyectum.com\/pe\/#organization"},"image":{"@id":"https:\/\/proyectum.com\/pe\/3-acciones-que-te-faltan-para-ser-el-lider-agil-que-espera-tu-equipo\/#primaryimage"},"thumbnailUrl":"https:\/\/proyectum.com\/pe\/wp-content\/uploads\/2021\/10\/Lider-Agil-3-acciones.jpg","keywords":["3 acciones que te faltan para ser el l\u00edder \u00e1gil que espera tu equipo","ambiente seguro","l\u00edder \u00e1gil que espera tu equipo","liderazgo \u00e1gil","liderazgo \u00e1gil en las organizaciones","liderazgo de servicio","liderazgo tradicional","pensamiento Lean"],"articleSection":["\u00c1gil","Lean","Liderazgo"],"inLanguage":"es"},{"@type":"WebPage","@id":"https:\/\/proyectum.com\/pe\/3-acciones-que-te-faltan-para-ser-el-lider-agil-que-espera-tu-equipo\/","url":"https:\/\/proyectum.com\/pe\/3-acciones-que-te-faltan-para-ser-el-lider-agil-que-espera-tu-equipo\/","name":"3 acciones que te faltan para ser el l\u00edder \u00e1gil que espera tu equipo","isPartOf":{"@id":"https:\/\/proyectum.com\/pe\/#website"},"primaryImageOfPage":{"@id":"https:\/\/proyectum.com\/pe\/3-acciones-que-te-faltan-para-ser-el-lider-agil-que-espera-tu-equipo\/#primaryimage"},"image":{"@id":"https:\/\/proyectum.com\/pe\/3-acciones-que-te-faltan-para-ser-el-lider-agil-que-espera-tu-equipo\/#primaryimage"},"thumbnailUrl":"https:\/\/proyectum.com\/pe\/wp-content\/uploads\/2021\/10\/Lider-Agil-3-acciones.jpg","datePublished":"2021-10-21T15:31:26+00:00","description":"Se habla mucho del liderazgo \u00e1gil en las organizaciones, pero pocos se detienen realmente a analizar lo que esto implica.","breadcrumb":{"@id":"https:\/\/proyectum.com\/pe\/3-acciones-que-te-faltan-para-ser-el-lider-agil-que-espera-tu-equipo\/#breadcrumb"},"inLanguage":"es","potentialAction":[{"@type":"ReadAction","target":["https:\/\/proyectum.com\/pe\/3-acciones-que-te-faltan-para-ser-el-lider-agil-que-espera-tu-equipo\/"]}]},{"@type":"ImageObject","inLanguage":"es","@id":"https:\/\/proyectum.com\/pe\/3-acciones-que-te-faltan-para-ser-el-lider-agil-que-espera-tu-equipo\/#primaryimage","url":"https:\/\/proyectum.com\/pe\/wp-content\/uploads\/2021\/10\/Lider-Agil-3-acciones.jpg","contentUrl":"https:\/\/proyectum.com\/pe\/wp-content\/uploads\/2021\/10\/Lider-Agil-3-acciones.jpg","width":1700,"height":1133,"caption":"Lider Agil 3 acciones"},{"@type":"BreadcrumbList","@id":"https:\/\/proyectum.com\/pe\/3-acciones-que-te-faltan-para-ser-el-lider-agil-que-espera-tu-equipo\/#breadcrumb","itemListElement":[{"@type":"ListItem","position":1,"name":"Home","item":"https:\/\/proyectum.com\/pe\/"},{"@type":"ListItem","position":2,"name":"Las 3 acciones que te faltan para ser el l\u00edder \u00e1gil que espera tu equipo"}]},{"@type":"WebSite","@id":"https:\/\/proyectum.com\/pe\/#website","url":"https:\/\/proyectum.com\/pe\/","name":"Proyectum Per\u00fa","description":"Direcci\u00f3n de Proyectos y Metodolog\u00edas \u00c1giles","publisher":{"@id":"https:\/\/proyectum.com\/pe\/#organization"},"potentialAction":[{"@type":"SearchAction","target":{"@type":"EntryPoint","urlTemplate":"https:\/\/proyectum.com\/pe\/?s={search_term_string}"},"query-input":{"@type":"PropertyValueSpecification","valueRequired":true,"valueName":"search_term_string"}}],"inLanguage":"es"},{"@type":"Organization","@id":"https:\/\/proyectum.com\/pe\/#organization","name":"Proyectum Per\u00fa","url":"https:\/\/proyectum.com\/pe\/","logo":{"@type":"ImageObject","inLanguage":"es","@id":"https:\/\/proyectum.com\/pe\/#\/schema\/logo\/image\/","url":"https:\/\/proyectum.com\/pe\/wp-content\/uploads\/2020\/04\/proyectum-logo-snippet.png","contentUrl":"https:\/\/proyectum.com\/pe\/wp-content\/uploads\/2020\/04\/proyectum-logo-snippet.png","width":600,"height":315,"caption":"Proyectum Per\u00fa"},"image":{"@id":"https:\/\/proyectum.com\/pe\/#\/schema\/logo\/image\/"},"sameAs":["https:\/\/www.facebook.com\/proyectum.pe\/","https:\/\/www.instagram.com\/proyectum.pe\/","https:\/\/www.linkedin.com\/company\/proyectumperu\/","https:\/\/www.youtube.com\/@proyectum2283\/videos"]},{"@type":"Person","@id":"https:\/\/proyectum.com\/pe\/#\/schema\/person\/784b10060c51822d857e3004ea132bb4","name":"Proyectum 2024","image":{"@type":"ImageObject","inLanguage":"es","@id":"https:\/\/proyectum.com\/pe\/#\/schema\/person\/image\/","url":"https:\/\/secure.gravatar.com\/avatar\/df82793fddd8f0a5a84fdb27d958bf73?s=96&d=mm&r=g","contentUrl":"https:\/\/secure.gravatar.com\/avatar\/df82793fddd8f0a5a84fdb27d958bf73?s=96&d=mm&r=g","caption":"Proyectum 2024"}}]}},"_links":{"self":[{"href":"https:\/\/proyectum.com\/pe\/wp-json\/wp\/v2\/posts\/9760","targetHints":{"allow":["GET"]}}],"collection":[{"href":"https:\/\/proyectum.com\/pe\/wp-json\/wp\/v2\/posts"}],"about":[{"href":"https:\/\/proyectum.com\/pe\/wp-json\/wp\/v2\/types\/post"}],"author":[{"embeddable":true,"href":"https:\/\/proyectum.com\/pe\/wp-json\/wp\/v2\/users\/26"}],"replies":[{"embeddable":true,"href":"https:\/\/proyectum.com\/pe\/wp-json\/wp\/v2\/comments?post=9760"}],"version-history":[{"count":0,"href":"https:\/\/proyectum.com\/pe\/wp-json\/wp\/v2\/posts\/9760\/revisions"}],"wp:featuredmedia":[{"embeddable":true,"href":"https:\/\/proyectum.com\/pe\/wp-json\/wp\/v2\/media\/9762"}],"wp:attachment":[{"href":"https:\/\/proyectum.com\/pe\/wp-json\/wp\/v2\/media?parent=9760"}],"wp:term":[{"taxonomy":"category","embeddable":true,"href":"https:\/\/proyectum.com\/pe\/wp-json\/wp\/v2\/categories?post=9760"},{"taxonomy":"post_tag","embeddable":true,"href":"https:\/\/proyectum.com\/pe\/wp-json\/wp\/v2\/tags?post=9760"}],"curies":[{"name":"wp","href":"https:\/\/api.w.org\/{rel}","templated":true}]}}