{"id":9771,"date":"2021-10-28T19:26:41","date_gmt":"2021-10-28T22:26:41","guid":{"rendered":"https:\/\/www.proyectum.com\/sistema\/?p=9771"},"modified":"2021-10-28T19:26:41","modified_gmt":"2021-10-28T22:26:41","slug":"y-todos-dieron-un-dia-de-sus-vacaciones","status":"publish","type":"post","link":"https:\/\/proyectum.com\/pe\/y-todos-dieron-un-dia-de-sus-vacaciones\/","title":{"rendered":"Y todos dieron un d\u00eda de sus vacaciones"},"content":{"rendered":"<p style=\"text-align: right;\">Por: Leandro Herrero, MD<\/p>\n<p style=\"text-align: right;\">Traducido y adaptado por: Jorge Vald\u00e9s Garciatorres, MDO; PMP<\/p>\n<p style=\"text-align: right;\"><em>\u201cEl objetivo de la colaboraci\u00f3n es dar y recibir de los dem\u00e1s y as\u00ed se crean cosas totalmente nuevas.\u201d<\/em><\/p>\n<p style=\"text-align: right;\"><strong>Virgil Abloh<\/strong><\/p>\n<p>Una historia real. Una trabajadora de la salud tiene verdaderos problemas para realizar su trabajo y cuidar a un hijo que ha sufrido un accidente. No tiene m\u00e1s medios que <strong>encontrar tiempo aqu\u00ed y all\u00e1<\/strong> para una primera etapa de rehabilitaci\u00f3n intensa que implica viajar a un centro lejano. Simplemente no funciona.<\/p>\n<p>Antes de que su jefe se d\u00e9 cuenta, recibe la visita de algunos de sus colegas que le entregan una lista de nombres. Todos son nombres de personas que quieren <strong>donar un d\u00eda de su licencia anual<\/strong>, de sus vacaciones oficiales, a su colega en grave necesidad. En total, el n\u00famero de d\u00edas que se pueden acumular es de aproximadamente un tercio de un a\u00f1o completo. Este es el n\u00famero de personas que hab\u00edan firmado la lista y <strong>ofrecido un d\u00eda de sus vacaciones<\/strong>.<\/p>\n<p>Una pesadilla log\u00edstica de RRHH, pero ocurri\u00f3.<\/p>\n<p>No s\u00e9 ustedes, pero cuando veo la generosidad humana en acci\u00f3n, me reconcilio con la condici\u00f3n humana. Y a veces necesito esa reconciliaci\u00f3n a lo grande.<\/p>\n<p>Esta acci\u00f3n colectiva no lleg\u00f3 a la primera p\u00e1gina de un peri\u00f3dico. De hecho, muchos como yo solo tuvieron conocimiento de ella a trav\u00e9s del contexto de uno de nuestros programas Viral Change\u2122 en el que busc\u00e1bamos historias reales de bondad y generosidad. La historia es real, porque la cont\u00f3 el gerente que recibi\u00f3 esa lista, un Viral Change\u2122<\/p>\n<p>Campe\u00f3n.<\/p>\n<p>Nunca se me ocurri\u00f3 que esto pudiera ocurrir. <strong>Me pregunto cu\u00e1ntas otras historias de solidaridad pueden ocurrir en nuestros lugares de trabajo<\/strong>. Muchas pueden ser invisibles. A veces parece que hemos reducido todo al dinero. Poner dinero en un sobre, por muy noble que sea, es realmente f\u00e1cil. <strong>Dar tu nombre para ofrecer un d\u00eda de tus vacaciones lo es menos<\/strong>. Los que tienen la idea de recaudar y organizar son verdaderos h\u00e9roes.<\/p>\n<p><strong>Una vez m\u00e1s, la mejor moneda posible que tenemos: nuestro tiempo. La m\u00e1s preciosa y escasa.<\/strong><\/p>\n<p>_______________<\/p>\n<p>Para ver el articulo original por favor da clic en esta <a href=\"https:\/\/leandroherrero.com\/and-they-all-gave-one-day-of-their-holidays-2\/\" target=\"_blank\" rel=\"noopener\">liga<\/a><\/p>\n<p>\u00a9 The Chalfont Project Limited 2021. All rights reserved<\/p>\n<p>All articles supplied by [The Chalfont Project Limited] whether by access to digital resources or directly to any individual or company (collectively \u201cthe Content\u201d) are copyright The Chalfont Project Limited. Copying, reproducing, distributing, modifying, or transmitting the Content or any part of the Content is prohibited. Other than as expressly granted to any person or organization, no rights over the Content are granted or implied. \u201cViral Change\u2122\u201d is a registered trademark of The Chalfont Project Limited\u00a0(TCP). The Chalfont Project has granted permission for Proyectum to publish material in Spanish on their company Blog. Material must be represented in its original form and clearly marked\u00a0as copyrighted material. No other licenses or permission for use or publication is allowed or implied\u00a0by this agreement.<\/p>\n","protected":false},"excerpt":{"rendered":"<p>Por: Leandro Herrero, MD Traducido y adaptado por: Jorge Vald\u00e9s Garciatorres, MDO; PMP \u201cEl objetivo de la colaboraci\u00f3n es dar y recibir de los dem\u00e1s y as\u00ed se crean cosas totalmente nuevas.\u201d Virgil Abloh Una historia real. Una trabajadora de la salud tiene verdaderos problemas para realizar su trabajo y cuidar a un hijo que [&hellip;]<\/p>\n","protected":false},"author":26,"featured_media":9773,"comment_status":"closed","ping_status":"closed","sticky":false,"template":"","format":"standard","meta":{"_acf_changed":false,"footnotes":""},"categories":[254,427,572],"tags":[622,752,753,754],"class_list":["post-9771","post","type-post","status-publish","format-standard","has-post-thumbnail","hentry","category-comunicacion","category-recursos-humanos","category-transformacion-y-cambio","tag-leandro-herrero","tag-lugares-de-trabajo","tag-me-reconcilio-con-la-condicion-humana","tag-vacaciones-del-trabajo"],"acf":[],"yoast_head":"<!-- This site is optimized with the Yoast SEO plugin v24.4 - https:\/\/yoast.com\/wordpress\/plugins\/seo\/ -->\n<title>Y todos dieron un d\u00eda de sus vacaciones - Proyectum Per\u00fa<\/title>\n<meta name=\"robots\" content=\"index, follow, max-snippet:-1, max-image-preview:large, max-video-preview:-1\" \/>\n<link rel=\"canonical\" href=\"https:\/\/proyectum.com\/pe\/y-todos-dieron-un-dia-de-sus-vacaciones\/\" \/>\n<meta property=\"og:locale\" content=\"es_ES\" \/>\n<meta property=\"og:type\" content=\"article\" \/>\n<meta property=\"og:title\" content=\"Y todos dieron un d\u00eda de sus vacaciones - Proyectum Per\u00fa\" \/>\n<meta property=\"og:description\" content=\"Por: Leandro Herrero, MD Traducido y adaptado por: Jorge Vald\u00e9s Garciatorres, MDO; PMP \u201cEl objetivo de la colaboraci\u00f3n es dar y recibir de los dem\u00e1s y as\u00ed se crean cosas totalmente nuevas.\u201d Virgil Abloh Una historia real. Una trabajadora de la salud tiene verdaderos problemas para realizar su trabajo y cuidar a un hijo que [&hellip;]\" \/>\n<meta property=\"og:url\" content=\"https:\/\/proyectum.com\/pe\/y-todos-dieron-un-dia-de-sus-vacaciones\/\" \/>\n<meta property=\"og:site_name\" content=\"Proyectum Per\u00fa\" \/>\n<meta property=\"article:publisher\" content=\"https:\/\/www.facebook.com\/proyectum.pe\/\" \/>\n<meta property=\"article:published_time\" content=\"2021-10-28T22:26:41+00:00\" \/>\n<meta property=\"og:image\" content=\"https:\/\/proyectum.com\/pe\/wp-content\/uploads\/2021\/10\/Vacaciones.jpg\" \/>\n\t<meta property=\"og:image:width\" content=\"1700\" \/>\n\t<meta property=\"og:image:height\" content=\"1133\" \/>\n\t<meta property=\"og:image:type\" content=\"image\/jpeg\" \/>\n<meta name=\"author\" content=\"Proyectum 2024\" \/>\n<meta name=\"twitter:card\" content=\"summary_large_image\" \/>\n<meta name=\"twitter:label1\" content=\"Escrito por\" \/>\n\t<meta name=\"twitter:data1\" content=\"Proyectum 2024\" \/>\n\t<meta name=\"twitter:label2\" content=\"Tiempo de lectura\" \/>\n\t<meta name=\"twitter:data2\" content=\"2 minutos\" \/>\n<script type=\"application\/ld+json\" class=\"yoast-schema-graph\">{\"@context\":\"https:\/\/schema.org\",\"@graph\":[{\"@type\":\"Article\",\"@id\":\"https:\/\/proyectum.com\/pe\/y-todos-dieron-un-dia-de-sus-vacaciones\/#article\",\"isPartOf\":{\"@id\":\"https:\/\/proyectum.com\/pe\/y-todos-dieron-un-dia-de-sus-vacaciones\/\"},\"author\":{\"name\":\"Proyectum 2024\",\"@id\":\"https:\/\/proyectum.com\/pe\/#\/schema\/person\/784b10060c51822d857e3004ea132bb4\"},\"headline\":\"Y todos dieron un d\u00eda de sus vacaciones\",\"datePublished\":\"2021-10-28T22:26:41+00:00\",\"mainEntityOfPage\":{\"@id\":\"https:\/\/proyectum.com\/pe\/y-todos-dieron-un-dia-de-sus-vacaciones\/\"},\"wordCount\":532,\"publisher\":{\"@id\":\"https:\/\/proyectum.com\/pe\/#organization\"},\"image\":{\"@id\":\"https:\/\/proyectum.com\/pe\/y-todos-dieron-un-dia-de-sus-vacaciones\/#primaryimage\"},\"thumbnailUrl\":\"https:\/\/proyectum.com\/pe\/wp-content\/uploads\/2021\/10\/Vacaciones.jpg\",\"keywords\":[\"Leandro Herrero\",\"lugares de trabajo\",\"me reconcilio con la condici\u00f3n humana\",\"vacaciones del trabajo\"],\"articleSection\":[\"Comunicaci\u00f3n\",\"Recursos Humanos\",\"Transformaci\u00f3n y cambio\"],\"inLanguage\":\"es\"},{\"@type\":\"WebPage\",\"@id\":\"https:\/\/proyectum.com\/pe\/y-todos-dieron-un-dia-de-sus-vacaciones\/\",\"url\":\"https:\/\/proyectum.com\/pe\/y-todos-dieron-un-dia-de-sus-vacaciones\/\",\"name\":\"Y todos dieron un d\u00eda de sus vacaciones - Proyectum Per\u00fa\",\"isPartOf\":{\"@id\":\"https:\/\/proyectum.com\/pe\/#website\"},\"primaryImageOfPage\":{\"@id\":\"https:\/\/proyectum.com\/pe\/y-todos-dieron-un-dia-de-sus-vacaciones\/#primaryimage\"},\"image\":{\"@id\":\"https:\/\/proyectum.com\/pe\/y-todos-dieron-un-dia-de-sus-vacaciones\/#primaryimage\"},\"thumbnailUrl\":\"https:\/\/proyectum.com\/pe\/wp-content\/uploads\/2021\/10\/Vacaciones.jpg\",\"datePublished\":\"2021-10-28T22:26:41+00:00\",\"breadcrumb\":{\"@id\":\"https:\/\/proyectum.com\/pe\/y-todos-dieron-un-dia-de-sus-vacaciones\/#breadcrumb\"},\"inLanguage\":\"es\",\"potentialAction\":[{\"@type\":\"ReadAction\",\"target\":[\"https:\/\/proyectum.com\/pe\/y-todos-dieron-un-dia-de-sus-vacaciones\/\"]}]},{\"@type\":\"ImageObject\",\"inLanguage\":\"es\",\"@id\":\"https:\/\/proyectum.com\/pe\/y-todos-dieron-un-dia-de-sus-vacaciones\/#primaryimage\",\"url\":\"https:\/\/proyectum.com\/pe\/wp-content\/uploads\/2021\/10\/Vacaciones.jpg\",\"contentUrl\":\"https:\/\/proyectum.com\/pe\/wp-content\/uploads\/2021\/10\/Vacaciones.jpg\",\"width\":1700,\"height\":1133,\"caption\":\"Vacaciones\"},{\"@type\":\"BreadcrumbList\",\"@id\":\"https:\/\/proyectum.com\/pe\/y-todos-dieron-un-dia-de-sus-vacaciones\/#breadcrumb\",\"itemListElement\":[{\"@type\":\"ListItem\",\"position\":1,\"name\":\"Home\",\"item\":\"https:\/\/proyectum.com\/pe\/\"},{\"@type\":\"ListItem\",\"position\":2,\"name\":\"Y todos dieron un d\u00eda de sus vacaciones\"}]},{\"@type\":\"WebSite\",\"@id\":\"https:\/\/proyectum.com\/pe\/#website\",\"url\":\"https:\/\/proyectum.com\/pe\/\",\"name\":\"Proyectum Per\u00fa\",\"description\":\"Direcci\u00f3n de Proyectos y Metodolog\u00edas \u00c1giles\",\"publisher\":{\"@id\":\"https:\/\/proyectum.com\/pe\/#organization\"},\"potentialAction\":[{\"@type\":\"SearchAction\",\"target\":{\"@type\":\"EntryPoint\",\"urlTemplate\":\"https:\/\/proyectum.com\/pe\/?s={search_term_string}\"},\"query-input\":{\"@type\":\"PropertyValueSpecification\",\"valueRequired\":true,\"valueName\":\"search_term_string\"}}],\"inLanguage\":\"es\"},{\"@type\":\"Organization\",\"@id\":\"https:\/\/proyectum.com\/pe\/#organization\",\"name\":\"Proyectum Per\u00fa\",\"url\":\"https:\/\/proyectum.com\/pe\/\",\"logo\":{\"@type\":\"ImageObject\",\"inLanguage\":\"es\",\"@id\":\"https:\/\/proyectum.com\/pe\/#\/schema\/logo\/image\/\",\"url\":\"https:\/\/proyectum.com\/pe\/wp-content\/uploads\/2020\/04\/proyectum-logo-snippet.png\",\"contentUrl\":\"https:\/\/proyectum.com\/pe\/wp-content\/uploads\/2020\/04\/proyectum-logo-snippet.png\",\"width\":600,\"height\":315,\"caption\":\"Proyectum Per\u00fa\"},\"image\":{\"@id\":\"https:\/\/proyectum.com\/pe\/#\/schema\/logo\/image\/\"},\"sameAs\":[\"https:\/\/www.facebook.com\/proyectum.pe\/\",\"https:\/\/www.instagram.com\/proyectum.pe\/\",\"https:\/\/www.linkedin.com\/company\/proyectumperu\/\",\"https:\/\/www.youtube.com\/@proyectum2283\/videos\"]},{\"@type\":\"Person\",\"@id\":\"https:\/\/proyectum.com\/pe\/#\/schema\/person\/784b10060c51822d857e3004ea132bb4\",\"name\":\"Proyectum 2024\",\"image\":{\"@type\":\"ImageObject\",\"inLanguage\":\"es\",\"@id\":\"https:\/\/proyectum.com\/pe\/#\/schema\/person\/image\/\",\"url\":\"https:\/\/secure.gravatar.com\/avatar\/df82793fddd8f0a5a84fdb27d958bf73?s=96&d=mm&r=g\",\"contentUrl\":\"https:\/\/secure.gravatar.com\/avatar\/df82793fddd8f0a5a84fdb27d958bf73?s=96&d=mm&r=g\",\"caption\":\"Proyectum 2024\"}}]}<\/script>\n<!-- \/ Yoast SEO plugin. -->","yoast_head_json":{"title":"Y todos dieron un d\u00eda de sus vacaciones - Proyectum Per\u00fa","robots":{"index":"index","follow":"follow","max-snippet":"max-snippet:-1","max-image-preview":"max-image-preview:large","max-video-preview":"max-video-preview:-1"},"canonical":"https:\/\/proyectum.com\/pe\/y-todos-dieron-un-dia-de-sus-vacaciones\/","og_locale":"es_ES","og_type":"article","og_title":"Y todos dieron un d\u00eda de sus vacaciones - Proyectum Per\u00fa","og_description":"Por: Leandro Herrero, MD Traducido y adaptado por: Jorge Vald\u00e9s Garciatorres, MDO; PMP \u201cEl objetivo de la colaboraci\u00f3n es dar y recibir de los dem\u00e1s y as\u00ed se crean cosas totalmente nuevas.\u201d Virgil Abloh Una historia real. Una trabajadora de la salud tiene verdaderos problemas para realizar su trabajo y cuidar a un hijo que [&hellip;]","og_url":"https:\/\/proyectum.com\/pe\/y-todos-dieron-un-dia-de-sus-vacaciones\/","og_site_name":"Proyectum Per\u00fa","article_publisher":"https:\/\/www.facebook.com\/proyectum.pe\/","article_published_time":"2021-10-28T22:26:41+00:00","og_image":[{"width":1700,"height":1133,"url":"https:\/\/proyectum.com\/pe\/wp-content\/uploads\/2021\/10\/Vacaciones.jpg","type":"image\/jpeg"}],"author":"Proyectum 2024","twitter_card":"summary_large_image","twitter_misc":{"Escrito por":"Proyectum 2024","Tiempo de lectura":"2 minutos"},"schema":{"@context":"https:\/\/schema.org","@graph":[{"@type":"Article","@id":"https:\/\/proyectum.com\/pe\/y-todos-dieron-un-dia-de-sus-vacaciones\/#article","isPartOf":{"@id":"https:\/\/proyectum.com\/pe\/y-todos-dieron-un-dia-de-sus-vacaciones\/"},"author":{"name":"Proyectum 2024","@id":"https:\/\/proyectum.com\/pe\/#\/schema\/person\/784b10060c51822d857e3004ea132bb4"},"headline":"Y todos dieron un d\u00eda de sus vacaciones","datePublished":"2021-10-28T22:26:41+00:00","mainEntityOfPage":{"@id":"https:\/\/proyectum.com\/pe\/y-todos-dieron-un-dia-de-sus-vacaciones\/"},"wordCount":532,"publisher":{"@id":"https:\/\/proyectum.com\/pe\/#organization"},"image":{"@id":"https:\/\/proyectum.com\/pe\/y-todos-dieron-un-dia-de-sus-vacaciones\/#primaryimage"},"thumbnailUrl":"https:\/\/proyectum.com\/pe\/wp-content\/uploads\/2021\/10\/Vacaciones.jpg","keywords":["Leandro Herrero","lugares de trabajo","me reconcilio con la condici\u00f3n humana","vacaciones del trabajo"],"articleSection":["Comunicaci\u00f3n","Recursos Humanos","Transformaci\u00f3n y cambio"],"inLanguage":"es"},{"@type":"WebPage","@id":"https:\/\/proyectum.com\/pe\/y-todos-dieron-un-dia-de-sus-vacaciones\/","url":"https:\/\/proyectum.com\/pe\/y-todos-dieron-un-dia-de-sus-vacaciones\/","name":"Y todos dieron un d\u00eda de sus vacaciones - Proyectum Per\u00fa","isPartOf":{"@id":"https:\/\/proyectum.com\/pe\/#website"},"primaryImageOfPage":{"@id":"https:\/\/proyectum.com\/pe\/y-todos-dieron-un-dia-de-sus-vacaciones\/#primaryimage"},"image":{"@id":"https:\/\/proyectum.com\/pe\/y-todos-dieron-un-dia-de-sus-vacaciones\/#primaryimage"},"thumbnailUrl":"https:\/\/proyectum.com\/pe\/wp-content\/uploads\/2021\/10\/Vacaciones.jpg","datePublished":"2021-10-28T22:26:41+00:00","breadcrumb":{"@id":"https:\/\/proyectum.com\/pe\/y-todos-dieron-un-dia-de-sus-vacaciones\/#breadcrumb"},"inLanguage":"es","potentialAction":[{"@type":"ReadAction","target":["https:\/\/proyectum.com\/pe\/y-todos-dieron-un-dia-de-sus-vacaciones\/"]}]},{"@type":"ImageObject","inLanguage":"es","@id":"https:\/\/proyectum.com\/pe\/y-todos-dieron-un-dia-de-sus-vacaciones\/#primaryimage","url":"https:\/\/proyectum.com\/pe\/wp-content\/uploads\/2021\/10\/Vacaciones.jpg","contentUrl":"https:\/\/proyectum.com\/pe\/wp-content\/uploads\/2021\/10\/Vacaciones.jpg","width":1700,"height":1133,"caption":"Vacaciones"},{"@type":"BreadcrumbList","@id":"https:\/\/proyectum.com\/pe\/y-todos-dieron-un-dia-de-sus-vacaciones\/#breadcrumb","itemListElement":[{"@type":"ListItem","position":1,"name":"Home","item":"https:\/\/proyectum.com\/pe\/"},{"@type":"ListItem","position":2,"name":"Y todos dieron un d\u00eda de sus vacaciones"}]},{"@type":"WebSite","@id":"https:\/\/proyectum.com\/pe\/#website","url":"https:\/\/proyectum.com\/pe\/","name":"Proyectum Per\u00fa","description":"Direcci\u00f3n de Proyectos y Metodolog\u00edas \u00c1giles","publisher":{"@id":"https:\/\/proyectum.com\/pe\/#organization"},"potentialAction":[{"@type":"SearchAction","target":{"@type":"EntryPoint","urlTemplate":"https:\/\/proyectum.com\/pe\/?s={search_term_string}"},"query-input":{"@type":"PropertyValueSpecification","valueRequired":true,"valueName":"search_term_string"}}],"inLanguage":"es"},{"@type":"Organization","@id":"https:\/\/proyectum.com\/pe\/#organization","name":"Proyectum Per\u00fa","url":"https:\/\/proyectum.com\/pe\/","logo":{"@type":"ImageObject","inLanguage":"es","@id":"https:\/\/proyectum.com\/pe\/#\/schema\/logo\/image\/","url":"https:\/\/proyectum.com\/pe\/wp-content\/uploads\/2020\/04\/proyectum-logo-snippet.png","contentUrl":"https:\/\/proyectum.com\/pe\/wp-content\/uploads\/2020\/04\/proyectum-logo-snippet.png","width":600,"height":315,"caption":"Proyectum Per\u00fa"},"image":{"@id":"https:\/\/proyectum.com\/pe\/#\/schema\/logo\/image\/"},"sameAs":["https:\/\/www.facebook.com\/proyectum.pe\/","https:\/\/www.instagram.com\/proyectum.pe\/","https:\/\/www.linkedin.com\/company\/proyectumperu\/","https:\/\/www.youtube.com\/@proyectum2283\/videos"]},{"@type":"Person","@id":"https:\/\/proyectum.com\/pe\/#\/schema\/person\/784b10060c51822d857e3004ea132bb4","name":"Proyectum 2024","image":{"@type":"ImageObject","inLanguage":"es","@id":"https:\/\/proyectum.com\/pe\/#\/schema\/person\/image\/","url":"https:\/\/secure.gravatar.com\/avatar\/df82793fddd8f0a5a84fdb27d958bf73?s=96&d=mm&r=g","contentUrl":"https:\/\/secure.gravatar.com\/avatar\/df82793fddd8f0a5a84fdb27d958bf73?s=96&d=mm&r=g","caption":"Proyectum 2024"}}]}},"_links":{"self":[{"href":"https:\/\/proyectum.com\/pe\/wp-json\/wp\/v2\/posts\/9771","targetHints":{"allow":["GET"]}}],"collection":[{"href":"https:\/\/proyectum.com\/pe\/wp-json\/wp\/v2\/posts"}],"about":[{"href":"https:\/\/proyectum.com\/pe\/wp-json\/wp\/v2\/types\/post"}],"author":[{"embeddable":true,"href":"https:\/\/proyectum.com\/pe\/wp-json\/wp\/v2\/users\/26"}],"replies":[{"embeddable":true,"href":"https:\/\/proyectum.com\/pe\/wp-json\/wp\/v2\/comments?post=9771"}],"version-history":[{"count":0,"href":"https:\/\/proyectum.com\/pe\/wp-json\/wp\/v2\/posts\/9771\/revisions"}],"wp:featuredmedia":[{"embeddable":true,"href":"https:\/\/proyectum.com\/pe\/wp-json\/wp\/v2\/media\/9773"}],"wp:attachment":[{"href":"https:\/\/proyectum.com\/pe\/wp-json\/wp\/v2\/media?parent=9771"}],"wp:term":[{"taxonomy":"category","embeddable":true,"href":"https:\/\/proyectum.com\/pe\/wp-json\/wp\/v2\/categories?post=9771"},{"taxonomy":"post_tag","embeddable":true,"href":"https:\/\/proyectum.com\/pe\/wp-json\/wp\/v2\/tags?post=9771"}],"curies":[{"name":"wp","href":"https:\/\/api.w.org\/{rel}","templated":true}]}}