{"id":9776,"date":"2021-11-01T13:45:02","date_gmt":"2021-11-01T16:45:02","guid":{"rendered":"https:\/\/www.proyectum.com\/sistema\/?p=9776"},"modified":"2021-11-01T13:45:02","modified_gmt":"2021-11-01T16:45:02","slug":"una-cultura-heroica-es-una-cultura-enferma","status":"publish","type":"post","link":"https:\/\/proyectum.com\/pe\/una-cultura-heroica-es-una-cultura-enferma\/","title":{"rendered":"Una cultura heroica es una cultura enferma"},"content":{"rendered":"<h2>Si la empresa s\u00f3lo puede funcionar en modo heroico, llama al m\u00e9dico. Pero los h\u00e9roes, individualmente, son bienvenidos.<\/h2>\n<p style=\"text-align: right;\">Por: Leandro Herrero, MD<\/p>\n<p style=\"text-align: right;\">Traducido y adaptado por: Jorge Vald\u00e9s Garciatorres, MDO; PMP<\/p>\n<p><strong>Todos conocemos y tenemos algunos h\u00e9roes en nuestras organizaciones<\/strong>. Personas que intervienen, resuelven problemas, se ponen a disposici\u00f3n, recorren varios kil\u00f3metros m\u00e1s y, lo que es m\u00e1s importante, se hacen cargo de las crisis y se ocupan de ellas, se les pida o no.<\/p>\n<p>Tambi\u00e9n hay otra sensaci\u00f3n y aspecto de algunos h\u00e9roes: trabajan muchas horas, ponen a la empresa por encima de todo, sacan recursos y traen a la gente, normalmente tambi\u00e9n en las mismas largas horas. <strong>\u00bfEquilibrio vida-trabajo? \u00bfQu\u00e9 es eso?<\/strong><\/p>\n<p>Otros h\u00e9roes resuelven situaciones in\u00e9ditas, <strong>se \u00abmatan\u00bb en el proceso<\/strong>, se apoderan de las crisis, sobre todo de las de los viernes por la tarde, ahorran mucho dinero a la empresa y aparecen en la portada de la revista de la empresa d\u00e1ndole la mano al director general.<\/p>\n<p>El superh\u00e9roe, tipo se\u00f1or ejecutivo, se deja llevar por la adrenalina, se adelanta normalmente para resolver algo dr\u00e1stico (\u00abMar\u00eda, s\u00fabeme al vuelo de United de las 16:50 a M\u00fanich\u00bb) y puede o no llevar a otros con \u00e9l. Hay un tipo de h\u00e9roe senior, el Salvador Volador, que es especialmente peligroso. <strong>He conocido (y sufrido) unos cuantos en mi vida.<\/strong> Causan estragos. <strong>No son nada sin una buena crisis. As\u00ed que son muy buenos creando una.<\/strong><\/p>\n<p><strong>\u00bfQuieres una empresa formada o dirigida por h\u00e9roes?<\/strong> \u00bfQuieres una cultura de exceso de adrenalina, sin fines de semana, con largas horas de trabajo, una salud mental p\u00e9sima y siempre resolviendo crisis? \u00bfQuieres una cultura en la que la gente diga \u00abempiezo a las 8 de la ma\u00f1ana con reuniones y tengo una tras otra hasta las 6 de la tarde\u00bb? \u00bfDicho no como una an\u00e9cdota sino como la norma? \u00bfUna empresa de gente extraordinariamente ocupada? <strong>\u00bfDonde el \u00abbusy-ness\u00bb ha suplantado al \u00abbusi-ness\u00bb?<\/strong><\/p>\n<p>De hecho, mi definici\u00f3n original de h\u00e9roe, con la que empec\u00e9 m\u00e1s arriba &#8211; \u00ab<strong>Personas que intervienen, resuelven problemas, est\u00e1n disponibles, recorren varios kil\u00f3metros m\u00e1s y, lo que es m\u00e1s importante, se ocupan de las crisis<\/strong>\u00bb y se ocupan de ellas, se les pida o no- se acerca bastante a una definici\u00f3n de responsabilidad. Y eso es lo que quieres. Uno quiere este tipo de personas. Pero a veces llamamos \u00abh\u00e9roes\u00bb a las personas que tienen plena responsabilidad. \u00bfQu\u00e9 tan malo es eso?<\/p>\n<p>Haz tus deberes distinguiendo entre <strong>&#8216;h\u00e9roes&#8217; y &#8216;hero\u00ednas&#8217;<\/strong>. Bienvenidas sean las contribuciones individuales, heroicas y ocasionales. <strong>Pero si la &#8216;heroicidad&#8217; se apodera del d\u00eda a d\u00eda, si no hay otra forma de dirigir la empresa que en modo h\u00e9roe, tienes un problema. Llama al m\u00e9dico.<\/strong><\/p>\n","protected":false},"excerpt":{"rendered":"<p>Si la empresa s\u00f3lo puede funcionar en modo heroico, llama al m\u00e9dico. Pero los h\u00e9roes, individualmente, son bienvenidos. Por: Leandro Herrero, MD Traducido y adaptado por: Jorge Vald\u00e9s Garciatorres, MDO; PMP Todos conocemos y tenemos algunos h\u00e9roes en nuestras organizaciones. Personas que intervienen, resuelven problemas, se ponen a disposici\u00f3n, recorren varios kil\u00f3metros m\u00e1s y, lo [&hellip;]<\/p>\n","protected":false},"author":26,"featured_media":9778,"comment_status":"closed","ping_status":"closed","sticky":false,"template":"","format":"standard","meta":{"_acf_changed":false,"footnotes":""},"categories":[572],"tags":[755,756,757,758,622,759],"class_list":["post-9776","post","type-post","status-publish","format-standard","has-post-thumbnail","hentry","category-transformacion-y-cambio","tag-quieres-una-empresa-formada-o-dirigida-por-heroes","tag-algunos-heroes-en-nuestras-organizaciones","tag-contribuciones-individuales","tag-contribuciones-individuales-heroicas","tag-leandro-herrero","tag-lideres-heroes"],"acf":[],"yoast_head":"<!-- This site is optimized with the Yoast SEO plugin v24.4 - https:\/\/yoast.com\/wordpress\/plugins\/seo\/ -->\n<title>Una cultura heroica es una cultura enferma - Proyectum Per\u00fa<\/title>\n<meta name=\"robots\" content=\"index, follow, max-snippet:-1, max-image-preview:large, max-video-preview:-1\" \/>\n<link rel=\"canonical\" href=\"https:\/\/proyectum.com\/pe\/una-cultura-heroica-es-una-cultura-enferma\/\" \/>\n<meta property=\"og:locale\" content=\"es_ES\" \/>\n<meta property=\"og:type\" content=\"article\" \/>\n<meta property=\"og:title\" content=\"Una cultura heroica es una cultura enferma - Proyectum Per\u00fa\" \/>\n<meta property=\"og:description\" content=\"Si la empresa s\u00f3lo puede funcionar en modo heroico, llama al m\u00e9dico. Pero los h\u00e9roes, individualmente, son bienvenidos. Por: Leandro Herrero, MD Traducido y adaptado por: Jorge Vald\u00e9s Garciatorres, MDO; PMP Todos conocemos y tenemos algunos h\u00e9roes en nuestras organizaciones. Personas que intervienen, resuelven problemas, se ponen a disposici\u00f3n, recorren varios kil\u00f3metros m\u00e1s y, lo [&hellip;]\" \/>\n<meta property=\"og:url\" content=\"https:\/\/proyectum.com\/pe\/una-cultura-heroica-es-una-cultura-enferma\/\" \/>\n<meta property=\"og:site_name\" content=\"Proyectum Per\u00fa\" \/>\n<meta property=\"article:publisher\" content=\"https:\/\/www.facebook.com\/proyectum.pe\/\" \/>\n<meta property=\"article:published_time\" content=\"2021-11-01T16:45:02+00:00\" \/>\n<meta property=\"og:image\" content=\"https:\/\/proyectum.com\/pe\/wp-content\/uploads\/2021\/11\/Cultura-Heroica.jpg\" \/>\n\t<meta property=\"og:image:width\" content=\"1700\" \/>\n\t<meta property=\"og:image:height\" content=\"1133\" \/>\n\t<meta property=\"og:image:type\" content=\"image\/jpeg\" \/>\n<meta name=\"author\" content=\"Proyectum 2024\" \/>\n<meta name=\"twitter:card\" content=\"summary_large_image\" \/>\n<meta name=\"twitter:label1\" content=\"Escrito por\" \/>\n\t<meta name=\"twitter:data1\" content=\"Proyectum 2024\" \/>\n\t<meta name=\"twitter:label2\" content=\"Tiempo de lectura\" \/>\n\t<meta name=\"twitter:data2\" content=\"2 minutos\" \/>\n<script type=\"application\/ld+json\" class=\"yoast-schema-graph\">{\"@context\":\"https:\/\/schema.org\",\"@graph\":[{\"@type\":\"Article\",\"@id\":\"https:\/\/proyectum.com\/pe\/una-cultura-heroica-es-una-cultura-enferma\/#article\",\"isPartOf\":{\"@id\":\"https:\/\/proyectum.com\/pe\/una-cultura-heroica-es-una-cultura-enferma\/\"},\"author\":{\"name\":\"Proyectum 2024\",\"@id\":\"https:\/\/proyectum.com\/pe\/#\/schema\/person\/784b10060c51822d857e3004ea132bb4\"},\"headline\":\"Una cultura heroica es una cultura enferma\",\"datePublished\":\"2021-11-01T16:45:02+00:00\",\"mainEntityOfPage\":{\"@id\":\"https:\/\/proyectum.com\/pe\/una-cultura-heroica-es-una-cultura-enferma\/\"},\"wordCount\":495,\"publisher\":{\"@id\":\"https:\/\/proyectum.com\/pe\/#organization\"},\"image\":{\"@id\":\"https:\/\/proyectum.com\/pe\/una-cultura-heroica-es-una-cultura-enferma\/#primaryimage\"},\"thumbnailUrl\":\"https:\/\/proyectum.com\/pe\/wp-content\/uploads\/2021\/11\/Cultura-Heroica.jpg\",\"keywords\":[\"\u00bfQuieres una empresa formada o dirigida por h\u00e9roes?\",\"algunos h\u00e9roes en nuestras organizaciones\",\"contribuciones individuales\",\"contribuciones individuales heroicas\",\"Leandro Herrero\",\"lideres heroes\"],\"articleSection\":[\"Transformaci\u00f3n y cambio\"],\"inLanguage\":\"es\"},{\"@type\":\"WebPage\",\"@id\":\"https:\/\/proyectum.com\/pe\/una-cultura-heroica-es-una-cultura-enferma\/\",\"url\":\"https:\/\/proyectum.com\/pe\/una-cultura-heroica-es-una-cultura-enferma\/\",\"name\":\"Una cultura heroica es una cultura enferma - Proyectum Per\u00fa\",\"isPartOf\":{\"@id\":\"https:\/\/proyectum.com\/pe\/#website\"},\"primaryImageOfPage\":{\"@id\":\"https:\/\/proyectum.com\/pe\/una-cultura-heroica-es-una-cultura-enferma\/#primaryimage\"},\"image\":{\"@id\":\"https:\/\/proyectum.com\/pe\/una-cultura-heroica-es-una-cultura-enferma\/#primaryimage\"},\"thumbnailUrl\":\"https:\/\/proyectum.com\/pe\/wp-content\/uploads\/2021\/11\/Cultura-Heroica.jpg\",\"datePublished\":\"2021-11-01T16:45:02+00:00\",\"breadcrumb\":{\"@id\":\"https:\/\/proyectum.com\/pe\/una-cultura-heroica-es-una-cultura-enferma\/#breadcrumb\"},\"inLanguage\":\"es\",\"potentialAction\":[{\"@type\":\"ReadAction\",\"target\":[\"https:\/\/proyectum.com\/pe\/una-cultura-heroica-es-una-cultura-enferma\/\"]}]},{\"@type\":\"ImageObject\",\"inLanguage\":\"es\",\"@id\":\"https:\/\/proyectum.com\/pe\/una-cultura-heroica-es-una-cultura-enferma\/#primaryimage\",\"url\":\"https:\/\/proyectum.com\/pe\/wp-content\/uploads\/2021\/11\/Cultura-Heroica.jpg\",\"contentUrl\":\"https:\/\/proyectum.com\/pe\/wp-content\/uploads\/2021\/11\/Cultura-Heroica.jpg\",\"width\":1700,\"height\":1133,\"caption\":\"Cultura Heroica\"},{\"@type\":\"BreadcrumbList\",\"@id\":\"https:\/\/proyectum.com\/pe\/una-cultura-heroica-es-una-cultura-enferma\/#breadcrumb\",\"itemListElement\":[{\"@type\":\"ListItem\",\"position\":1,\"name\":\"Home\",\"item\":\"https:\/\/proyectum.com\/pe\/\"},{\"@type\":\"ListItem\",\"position\":2,\"name\":\"Una cultura heroica es una cultura enferma\"}]},{\"@type\":\"WebSite\",\"@id\":\"https:\/\/proyectum.com\/pe\/#website\",\"url\":\"https:\/\/proyectum.com\/pe\/\",\"name\":\"Proyectum Per\u00fa\",\"description\":\"Direcci\u00f3n de Proyectos y Metodolog\u00edas \u00c1giles\",\"publisher\":{\"@id\":\"https:\/\/proyectum.com\/pe\/#organization\"},\"potentialAction\":[{\"@type\":\"SearchAction\",\"target\":{\"@type\":\"EntryPoint\",\"urlTemplate\":\"https:\/\/proyectum.com\/pe\/?s={search_term_string}\"},\"query-input\":{\"@type\":\"PropertyValueSpecification\",\"valueRequired\":true,\"valueName\":\"search_term_string\"}}],\"inLanguage\":\"es\"},{\"@type\":\"Organization\",\"@id\":\"https:\/\/proyectum.com\/pe\/#organization\",\"name\":\"Proyectum Per\u00fa\",\"url\":\"https:\/\/proyectum.com\/pe\/\",\"logo\":{\"@type\":\"ImageObject\",\"inLanguage\":\"es\",\"@id\":\"https:\/\/proyectum.com\/pe\/#\/schema\/logo\/image\/\",\"url\":\"https:\/\/proyectum.com\/pe\/wp-content\/uploads\/2020\/04\/proyectum-logo-snippet.png\",\"contentUrl\":\"https:\/\/proyectum.com\/pe\/wp-content\/uploads\/2020\/04\/proyectum-logo-snippet.png\",\"width\":600,\"height\":315,\"caption\":\"Proyectum Per\u00fa\"},\"image\":{\"@id\":\"https:\/\/proyectum.com\/pe\/#\/schema\/logo\/image\/\"},\"sameAs\":[\"https:\/\/www.facebook.com\/proyectum.pe\/\",\"https:\/\/www.instagram.com\/proyectum.pe\/\",\"https:\/\/www.linkedin.com\/company\/proyectumperu\/\",\"https:\/\/www.youtube.com\/@proyectum2283\/videos\"]},{\"@type\":\"Person\",\"@id\":\"https:\/\/proyectum.com\/pe\/#\/schema\/person\/784b10060c51822d857e3004ea132bb4\",\"name\":\"Proyectum 2024\",\"image\":{\"@type\":\"ImageObject\",\"inLanguage\":\"es\",\"@id\":\"https:\/\/proyectum.com\/pe\/#\/schema\/person\/image\/\",\"url\":\"https:\/\/secure.gravatar.com\/avatar\/df82793fddd8f0a5a84fdb27d958bf73?s=96&d=mm&r=g\",\"contentUrl\":\"https:\/\/secure.gravatar.com\/avatar\/df82793fddd8f0a5a84fdb27d958bf73?s=96&d=mm&r=g\",\"caption\":\"Proyectum 2024\"}}]}<\/script>\n<!-- \/ Yoast SEO plugin. -->","yoast_head_json":{"title":"Una cultura heroica es una cultura enferma - Proyectum Per\u00fa","robots":{"index":"index","follow":"follow","max-snippet":"max-snippet:-1","max-image-preview":"max-image-preview:large","max-video-preview":"max-video-preview:-1"},"canonical":"https:\/\/proyectum.com\/pe\/una-cultura-heroica-es-una-cultura-enferma\/","og_locale":"es_ES","og_type":"article","og_title":"Una cultura heroica es una cultura enferma - Proyectum Per\u00fa","og_description":"Si la empresa s\u00f3lo puede funcionar en modo heroico, llama al m\u00e9dico. Pero los h\u00e9roes, individualmente, son bienvenidos. Por: Leandro Herrero, MD Traducido y adaptado por: Jorge Vald\u00e9s Garciatorres, MDO; PMP Todos conocemos y tenemos algunos h\u00e9roes en nuestras organizaciones. Personas que intervienen, resuelven problemas, se ponen a disposici\u00f3n, recorren varios kil\u00f3metros m\u00e1s y, lo [&hellip;]","og_url":"https:\/\/proyectum.com\/pe\/una-cultura-heroica-es-una-cultura-enferma\/","og_site_name":"Proyectum Per\u00fa","article_publisher":"https:\/\/www.facebook.com\/proyectum.pe\/","article_published_time":"2021-11-01T16:45:02+00:00","og_image":[{"width":1700,"height":1133,"url":"https:\/\/proyectum.com\/pe\/wp-content\/uploads\/2021\/11\/Cultura-Heroica.jpg","type":"image\/jpeg"}],"author":"Proyectum 2024","twitter_card":"summary_large_image","twitter_misc":{"Escrito por":"Proyectum 2024","Tiempo de lectura":"2 minutos"},"schema":{"@context":"https:\/\/schema.org","@graph":[{"@type":"Article","@id":"https:\/\/proyectum.com\/pe\/una-cultura-heroica-es-una-cultura-enferma\/#article","isPartOf":{"@id":"https:\/\/proyectum.com\/pe\/una-cultura-heroica-es-una-cultura-enferma\/"},"author":{"name":"Proyectum 2024","@id":"https:\/\/proyectum.com\/pe\/#\/schema\/person\/784b10060c51822d857e3004ea132bb4"},"headline":"Una cultura heroica es una cultura enferma","datePublished":"2021-11-01T16:45:02+00:00","mainEntityOfPage":{"@id":"https:\/\/proyectum.com\/pe\/una-cultura-heroica-es-una-cultura-enferma\/"},"wordCount":495,"publisher":{"@id":"https:\/\/proyectum.com\/pe\/#organization"},"image":{"@id":"https:\/\/proyectum.com\/pe\/una-cultura-heroica-es-una-cultura-enferma\/#primaryimage"},"thumbnailUrl":"https:\/\/proyectum.com\/pe\/wp-content\/uploads\/2021\/11\/Cultura-Heroica.jpg","keywords":["\u00bfQuieres una empresa formada o dirigida por h\u00e9roes?","algunos h\u00e9roes en nuestras organizaciones","contribuciones individuales","contribuciones individuales heroicas","Leandro Herrero","lideres heroes"],"articleSection":["Transformaci\u00f3n y cambio"],"inLanguage":"es"},{"@type":"WebPage","@id":"https:\/\/proyectum.com\/pe\/una-cultura-heroica-es-una-cultura-enferma\/","url":"https:\/\/proyectum.com\/pe\/una-cultura-heroica-es-una-cultura-enferma\/","name":"Una cultura heroica es una cultura enferma - Proyectum Per\u00fa","isPartOf":{"@id":"https:\/\/proyectum.com\/pe\/#website"},"primaryImageOfPage":{"@id":"https:\/\/proyectum.com\/pe\/una-cultura-heroica-es-una-cultura-enferma\/#primaryimage"},"image":{"@id":"https:\/\/proyectum.com\/pe\/una-cultura-heroica-es-una-cultura-enferma\/#primaryimage"},"thumbnailUrl":"https:\/\/proyectum.com\/pe\/wp-content\/uploads\/2021\/11\/Cultura-Heroica.jpg","datePublished":"2021-11-01T16:45:02+00:00","breadcrumb":{"@id":"https:\/\/proyectum.com\/pe\/una-cultura-heroica-es-una-cultura-enferma\/#breadcrumb"},"inLanguage":"es","potentialAction":[{"@type":"ReadAction","target":["https:\/\/proyectum.com\/pe\/una-cultura-heroica-es-una-cultura-enferma\/"]}]},{"@type":"ImageObject","inLanguage":"es","@id":"https:\/\/proyectum.com\/pe\/una-cultura-heroica-es-una-cultura-enferma\/#primaryimage","url":"https:\/\/proyectum.com\/pe\/wp-content\/uploads\/2021\/11\/Cultura-Heroica.jpg","contentUrl":"https:\/\/proyectum.com\/pe\/wp-content\/uploads\/2021\/11\/Cultura-Heroica.jpg","width":1700,"height":1133,"caption":"Cultura Heroica"},{"@type":"BreadcrumbList","@id":"https:\/\/proyectum.com\/pe\/una-cultura-heroica-es-una-cultura-enferma\/#breadcrumb","itemListElement":[{"@type":"ListItem","position":1,"name":"Home","item":"https:\/\/proyectum.com\/pe\/"},{"@type":"ListItem","position":2,"name":"Una cultura heroica es una cultura enferma"}]},{"@type":"WebSite","@id":"https:\/\/proyectum.com\/pe\/#website","url":"https:\/\/proyectum.com\/pe\/","name":"Proyectum Per\u00fa","description":"Direcci\u00f3n de Proyectos y Metodolog\u00edas \u00c1giles","publisher":{"@id":"https:\/\/proyectum.com\/pe\/#organization"},"potentialAction":[{"@type":"SearchAction","target":{"@type":"EntryPoint","urlTemplate":"https:\/\/proyectum.com\/pe\/?s={search_term_string}"},"query-input":{"@type":"PropertyValueSpecification","valueRequired":true,"valueName":"search_term_string"}}],"inLanguage":"es"},{"@type":"Organization","@id":"https:\/\/proyectum.com\/pe\/#organization","name":"Proyectum Per\u00fa","url":"https:\/\/proyectum.com\/pe\/","logo":{"@type":"ImageObject","inLanguage":"es","@id":"https:\/\/proyectum.com\/pe\/#\/schema\/logo\/image\/","url":"https:\/\/proyectum.com\/pe\/wp-content\/uploads\/2020\/04\/proyectum-logo-snippet.png","contentUrl":"https:\/\/proyectum.com\/pe\/wp-content\/uploads\/2020\/04\/proyectum-logo-snippet.png","width":600,"height":315,"caption":"Proyectum Per\u00fa"},"image":{"@id":"https:\/\/proyectum.com\/pe\/#\/schema\/logo\/image\/"},"sameAs":["https:\/\/www.facebook.com\/proyectum.pe\/","https:\/\/www.instagram.com\/proyectum.pe\/","https:\/\/www.linkedin.com\/company\/proyectumperu\/","https:\/\/www.youtube.com\/@proyectum2283\/videos"]},{"@type":"Person","@id":"https:\/\/proyectum.com\/pe\/#\/schema\/person\/784b10060c51822d857e3004ea132bb4","name":"Proyectum 2024","image":{"@type":"ImageObject","inLanguage":"es","@id":"https:\/\/proyectum.com\/pe\/#\/schema\/person\/image\/","url":"https:\/\/secure.gravatar.com\/avatar\/df82793fddd8f0a5a84fdb27d958bf73?s=96&d=mm&r=g","contentUrl":"https:\/\/secure.gravatar.com\/avatar\/df82793fddd8f0a5a84fdb27d958bf73?s=96&d=mm&r=g","caption":"Proyectum 2024"}}]}},"_links":{"self":[{"href":"https:\/\/proyectum.com\/pe\/wp-json\/wp\/v2\/posts\/9776","targetHints":{"allow":["GET"]}}],"collection":[{"href":"https:\/\/proyectum.com\/pe\/wp-json\/wp\/v2\/posts"}],"about":[{"href":"https:\/\/proyectum.com\/pe\/wp-json\/wp\/v2\/types\/post"}],"author":[{"embeddable":true,"href":"https:\/\/proyectum.com\/pe\/wp-json\/wp\/v2\/users\/26"}],"replies":[{"embeddable":true,"href":"https:\/\/proyectum.com\/pe\/wp-json\/wp\/v2\/comments?post=9776"}],"version-history":[{"count":0,"href":"https:\/\/proyectum.com\/pe\/wp-json\/wp\/v2\/posts\/9776\/revisions"}],"wp:featuredmedia":[{"embeddable":true,"href":"https:\/\/proyectum.com\/pe\/wp-json\/wp\/v2\/media\/9778"}],"wp:attachment":[{"href":"https:\/\/proyectum.com\/pe\/wp-json\/wp\/v2\/media?parent=9776"}],"wp:term":[{"taxonomy":"category","embeddable":true,"href":"https:\/\/proyectum.com\/pe\/wp-json\/wp\/v2\/categories?post=9776"},{"taxonomy":"post_tag","embeddable":true,"href":"https:\/\/proyectum.com\/pe\/wp-json\/wp\/v2\/tags?post=9776"}],"curies":[{"name":"wp","href":"https:\/\/api.w.org\/{rel}","templated":true}]}}