{"id":9802,"date":"2021-11-16T08:05:17","date_gmt":"2021-11-16T11:05:17","guid":{"rendered":"https:\/\/www.proyectum.com\/sistema\/?p=9802"},"modified":"2021-11-16T08:05:17","modified_gmt":"2021-11-16T11:05:17","slug":"la-cultura-esta-en-la-lista-a-en-la-que-se-encuentra-el-trabajo-no-en-la-lista-b-cuando-tengo-tiempo-despues-de-a","status":"publish","type":"post","link":"https:\/\/proyectum.com\/pe\/la-cultura-esta-en-la-lista-a-en-la-que-se-encuentra-el-trabajo-no-en-la-lista-b-cuando-tengo-tiempo-despues-de-a\/","title":{"rendered":"La cultura est\u00e1 en la lista A, en la que se encuentra el \u00abtrabajo\u00bb. \u00a0No en la lista B (&#8216;cuando tengo tiempo, despu\u00e9s de A&#8217;)"},"content":{"rendered":"<p style=\"text-align: right;\"><strong>Por: Leandro Herrero, MD<\/strong><\/p>\n<p style=\"text-align: right;\"><strong>Traducido y adaptado por: Jorge Vald\u00e9s Garciatorres, MDO; PMP<\/strong><\/p>\n<p><strong>La cultura no es un proyecto<\/strong>, algo que hay que hacer adem\u00e1s del trabajo normal, un extra, algo a lo que dedicarse una vez que se ha hecho lo m\u00e1s importante.<\/p>\n<p>Ciertamente, la cultura no es un \u00abtema de la funci\u00f3n de RR.HH.\u00bb, sino de la empresa, con toda la ayuda de RR.HH. y de los dem\u00e1s que se pueda conseguir.<\/p>\n<p>La cultura es una gran palabra, con responsabilidades similares a las del \u00abcambio\u00bb: sobre utilizada, propicia al cinismo, de uso m\u00faltiple, con mil significados.<\/p>\n<p><strong>La cultura es el c\u00f3mo se hace el qu\u00e9, la plataforma de su \u00e9xito o fracaso.<\/strong><\/p>\n<p><strong>Los comportamientos crean culturas<\/strong>. Domina los comportamientos, ponte de acuerdo con ellos, declara los no negociables, dif\u00fandelos, y tendr\u00e1s la cultura que quieres.<\/p>\n<p><strong>La cultura no se puede ense\u00f1ar<\/strong>. Es algo que se vive y, en t\u00e9rminos de comportamiento, <strong>algo que crece a partir de los comportamientos<\/strong>. Los comportamientos se ampl\u00edan a trav\u00e9s de la influencia social, por lo que, de repente, existe un v\u00ednculo causal entre los comportamientos, la influencia y la cultura. Si se acierta en las dos primeras, se obtiene una tercera grandiosa.<\/p>\n<p>La mayor\u00eda de los problemas con las culturas provienen de la disociaci\u00f3n de la idea de la cultura con las \u00abcosas reales\u00bb: operaciones, cumplimiento, objetivos, rendimiento. <strong>La cultura es el negocio. La empresa es la cultura<\/strong>. Se adhieren entre s\u00ed con un superpegamento. Los comportamientos son el superpegamento.<\/p>\n<p>La cultura, que sigue siendo algo muy importante, necesita ser desmenuzada m\u00e1s a fondo. Lo m\u00e1s probable es que no tengas una sola cultura corporativa, por mucho que lo prediques. Hay subculturas que se superponen en un diagrama de Venn. <strong>Mi regla general es empezar desde las subculturas hacia arriba<\/strong>, no al rev\u00e9s. Forma tus puntos de vista de abajo hacia arriba. En lugar de decir \u00abesta es la cultura, vamos a profundizar\u00bb, empieza por lo que hacen los ingenieros, los financieros y los comerciales. Luego, \u00fananse.<\/p>\n<p>Tambi\u00e9n puedes tener una subcultura en un territorio quiz\u00e1s casi aut\u00f3nomo llamado <strong>Equipo de Liderazgo<\/strong>. La sabidur\u00eda convencional dice que ellos representan la cultura corporativa. Mi sabidur\u00eda no convencional dice que la mayor\u00eda de las veces se representan a s\u00ed mismos, su propio ecosistema, su propia isla.<\/p>\n<p>Los equipos de liderazgo disfuncionales parecen coexistir con subculturas bastante saludables y exitosas, y algunas organizaciones disfuncionales parecen tener una buena cima funcional. Y las combinaciones.<\/p>\n<p>Ah! ojal\u00e1 algo pudiera correlacionarse con cualquier cosa en el mundo organizacional.<\/p>\n<p>Como l\u00edder, tengo una fuerte recomendaci\u00f3n: <strong>no seas t\u00edmido para hablar de la cultura<\/strong>. Si la gente empieza a bostezar, despi\u00e9rtala. Si sonr\u00eden, devu\u00e9lveles la sonrisa y pregunta por qu\u00e9. Si dicen \u00abya estamos otra vez\u00bb, detente y mant\u00e9n una conversaci\u00f3n.<\/p>\n<p>Como l\u00edder, es probable que no te d\u00e9 verg\u00fcenza hablar del desempe\u00f1o. Aplica lo mismo a la cultura. <strong>Los l\u00edderes son curadores de culturas<\/strong>. Y todo esto ocurre en la lista A de cosas. No en la B.<\/p>\n<p>_______________<\/p>\n<p>Para ver el articulo original por favor da clic en esta <a href=\"https:\/\/leandroherrero.com\/culture-is-in-the-a-list-the-one-where-work-sits-not-in-the-b-list-when-i-have-time-after-a-3\/\" target=\"_blank\" rel=\"noopener\">liga<\/a><\/p>\n<p>\u00a9 The Chalfont Project Limited 2021. All rights reserved<\/p>\n<p>All articles supplied by [The Chalfont Project Limited] whether by access to digital resources or directly to any individual or company (collectively \u201cthe Content\u201d) are copyright The Chalfont Project Limited. Copying, reproducing, distributing, modifying, or transmitting the Content or any part of the Content is prohibited. Other than as expressly granted to any person or organization, no rights over the Content are granted or implied. \u201cViral Change\u2122\u201d is a registered trademark of The Chalfont Project Limited\u00a0(TCP). The Chalfont Project has granted permission for Proyectum to publish material in Spanish on their company Blog. Material must be represented in its original form and clearly marked\u00a0as copyrighted material. No other licenses or permission for use or publication is allowed or implied\u00a0by this agreement.<\/p>\n","protected":false},"excerpt":{"rendered":"<p>Por: Leandro Herrero, MD Traducido y adaptado por: Jorge Vald\u00e9s Garciatorres, MDO; PMP La cultura no es un proyecto, algo que hay que hacer adem\u00e1s del trabajo normal, un extra, algo a lo que dedicarse una vez que se ha hecho lo m\u00e1s importante. Ciertamente, la cultura no es un \u00abtema de la funci\u00f3n de [&hellip;]<\/p>\n","protected":false},"author":26,"featured_media":9804,"comment_status":"closed","ping_status":"closed","sticky":false,"template":"","format":"standard","meta":{"_acf_changed":false,"footnotes":""},"categories":[370,427,572],"tags":[765,766,767,768,769,770],"class_list":["post-9802","post","type-post","status-publish","format-standard","has-post-thumbnail","hentry","category-liderazgo","category-recursos-humanos","category-transformacion-y-cambio","tag-cultura-algo-que-crece-a-partir-de-los-comportamientos","tag-cultura-organizacional","tag-equipo-de-liderazgo","tag-la-cultura-no-es-un-proyecto","tag-la-cultura-no-se-puede-ensenar","tag-los-comportamientos-crean-culturas"],"acf":[],"yoast_head":"<!-- This site is optimized with the Yoast SEO plugin v24.4 - https:\/\/yoast.com\/wordpress\/plugins\/seo\/ -->\n<title>La cultura est\u00e1 en la lista A, en la que se encuentra el &quot;trabajo&quot;. \u00a0No en la lista B (&#039;cuando tengo tiempo, despu\u00e9s de A&#039;) - Proyectum Per\u00fa<\/title>\n<meta name=\"robots\" content=\"index, follow, max-snippet:-1, max-image-preview:large, max-video-preview:-1\" \/>\n<link rel=\"canonical\" href=\"https:\/\/proyectum.com\/pe\/la-cultura-esta-en-la-lista-a-en-la-que-se-encuentra-el-trabajo-no-en-la-lista-b-cuando-tengo-tiempo-despues-de-a\/\" \/>\n<meta property=\"og:locale\" content=\"es_ES\" \/>\n<meta property=\"og:type\" content=\"article\" \/>\n<meta property=\"og:title\" content=\"La cultura est\u00e1 en la lista A, en la que se encuentra el &quot;trabajo&quot;. \u00a0No en la lista B (&#039;cuando tengo tiempo, despu\u00e9s de A&#039;) - Proyectum Per\u00fa\" \/>\n<meta property=\"og:description\" content=\"Por: Leandro Herrero, MD Traducido y adaptado por: Jorge Vald\u00e9s Garciatorres, MDO; PMP La cultura no es un proyecto, algo que hay que hacer adem\u00e1s del trabajo normal, un extra, algo a lo que dedicarse una vez que se ha hecho lo m\u00e1s importante. Ciertamente, la cultura no es un \u00abtema de la funci\u00f3n de [&hellip;]\" \/>\n<meta property=\"og:url\" content=\"https:\/\/proyectum.com\/pe\/la-cultura-esta-en-la-lista-a-en-la-que-se-encuentra-el-trabajo-no-en-la-lista-b-cuando-tengo-tiempo-despues-de-a\/\" \/>\n<meta property=\"og:site_name\" content=\"Proyectum Per\u00fa\" \/>\n<meta property=\"article:publisher\" content=\"https:\/\/www.facebook.com\/proyectum.pe\/\" \/>\n<meta property=\"article:published_time\" content=\"2021-11-16T11:05:17+00:00\" \/>\n<meta property=\"og:image\" content=\"https:\/\/proyectum.com\/pe\/wp-content\/uploads\/2021\/11\/La-cultura-A.jpg\" \/>\n\t<meta property=\"og:image:width\" content=\"1700\" \/>\n\t<meta property=\"og:image:height\" content=\"1133\" \/>\n\t<meta property=\"og:image:type\" content=\"image\/jpeg\" \/>\n<meta name=\"author\" content=\"Proyectum 2024\" \/>\n<meta name=\"twitter:card\" content=\"summary_large_image\" \/>\n<meta name=\"twitter:label1\" content=\"Escrito por\" \/>\n\t<meta name=\"twitter:data1\" content=\"Proyectum 2024\" \/>\n\t<meta name=\"twitter:label2\" content=\"Tiempo de lectura\" \/>\n\t<meta name=\"twitter:data2\" content=\"3 minutos\" \/>\n<script type=\"application\/ld+json\" class=\"yoast-schema-graph\">{\"@context\":\"https:\/\/schema.org\",\"@graph\":[{\"@type\":\"Article\",\"@id\":\"https:\/\/proyectum.com\/pe\/la-cultura-esta-en-la-lista-a-en-la-que-se-encuentra-el-trabajo-no-en-la-lista-b-cuando-tengo-tiempo-despues-de-a\/#article\",\"isPartOf\":{\"@id\":\"https:\/\/proyectum.com\/pe\/la-cultura-esta-en-la-lista-a-en-la-que-se-encuentra-el-trabajo-no-en-la-lista-b-cuando-tengo-tiempo-despues-de-a\/\"},\"author\":{\"name\":\"Proyectum 2024\",\"@id\":\"https:\/\/proyectum.com\/pe\/#\/schema\/person\/784b10060c51822d857e3004ea132bb4\"},\"headline\":\"La cultura est\u00e1 en la lista A, en la que se encuentra el \u00abtrabajo\u00bb. \u00a0No en la lista B (&#8216;cuando tengo tiempo, despu\u00e9s de A&#8217;)\",\"datePublished\":\"2021-11-16T11:05:17+00:00\",\"mainEntityOfPage\":{\"@id\":\"https:\/\/proyectum.com\/pe\/la-cultura-esta-en-la-lista-a-en-la-que-se-encuentra-el-trabajo-no-en-la-lista-b-cuando-tengo-tiempo-despues-de-a\/\"},\"wordCount\":707,\"publisher\":{\"@id\":\"https:\/\/proyectum.com\/pe\/#organization\"},\"image\":{\"@id\":\"https:\/\/proyectum.com\/pe\/la-cultura-esta-en-la-lista-a-en-la-que-se-encuentra-el-trabajo-no-en-la-lista-b-cuando-tengo-tiempo-despues-de-a\/#primaryimage\"},\"thumbnailUrl\":\"https:\/\/proyectum.com\/pe\/wp-content\/uploads\/2021\/11\/La-cultura-A.jpg\",\"keywords\":[\"cultura algo que crece a partir de los comportamientos\",\"cultura organizacional\",\"Equipo de Liderazgo\",\"La cultura no es un proyecto\",\"La cultura no se puede ense\u00f1ar\",\"Los comportamientos crean culturas\"],\"articleSection\":[\"Liderazgo\",\"Recursos Humanos\",\"Transformaci\u00f3n y cambio\"],\"inLanguage\":\"es\"},{\"@type\":\"WebPage\",\"@id\":\"https:\/\/proyectum.com\/pe\/la-cultura-esta-en-la-lista-a-en-la-que-se-encuentra-el-trabajo-no-en-la-lista-b-cuando-tengo-tiempo-despues-de-a\/\",\"url\":\"https:\/\/proyectum.com\/pe\/la-cultura-esta-en-la-lista-a-en-la-que-se-encuentra-el-trabajo-no-en-la-lista-b-cuando-tengo-tiempo-despues-de-a\/\",\"name\":\"La cultura est\u00e1 en la lista A, en la que se encuentra el \\\"trabajo\\\". \u00a0No en la lista B ('cuando tengo tiempo, despu\u00e9s de A') - Proyectum Per\u00fa\",\"isPartOf\":{\"@id\":\"https:\/\/proyectum.com\/pe\/#website\"},\"primaryImageOfPage\":{\"@id\":\"https:\/\/proyectum.com\/pe\/la-cultura-esta-en-la-lista-a-en-la-que-se-encuentra-el-trabajo-no-en-la-lista-b-cuando-tengo-tiempo-despues-de-a\/#primaryimage\"},\"image\":{\"@id\":\"https:\/\/proyectum.com\/pe\/la-cultura-esta-en-la-lista-a-en-la-que-se-encuentra-el-trabajo-no-en-la-lista-b-cuando-tengo-tiempo-despues-de-a\/#primaryimage\"},\"thumbnailUrl\":\"https:\/\/proyectum.com\/pe\/wp-content\/uploads\/2021\/11\/La-cultura-A.jpg\",\"datePublished\":\"2021-11-16T11:05:17+00:00\",\"breadcrumb\":{\"@id\":\"https:\/\/proyectum.com\/pe\/la-cultura-esta-en-la-lista-a-en-la-que-se-encuentra-el-trabajo-no-en-la-lista-b-cuando-tengo-tiempo-despues-de-a\/#breadcrumb\"},\"inLanguage\":\"es\",\"potentialAction\":[{\"@type\":\"ReadAction\",\"target\":[\"https:\/\/proyectum.com\/pe\/la-cultura-esta-en-la-lista-a-en-la-que-se-encuentra-el-trabajo-no-en-la-lista-b-cuando-tengo-tiempo-despues-de-a\/\"]}]},{\"@type\":\"ImageObject\",\"inLanguage\":\"es\",\"@id\":\"https:\/\/proyectum.com\/pe\/la-cultura-esta-en-la-lista-a-en-la-que-se-encuentra-el-trabajo-no-en-la-lista-b-cuando-tengo-tiempo-despues-de-a\/#primaryimage\",\"url\":\"https:\/\/proyectum.com\/pe\/wp-content\/uploads\/2021\/11\/La-cultura-A.jpg\",\"contentUrl\":\"https:\/\/proyectum.com\/pe\/wp-content\/uploads\/2021\/11\/La-cultura-A.jpg\",\"width\":1700,\"height\":1133,\"caption\":\"La cultura A\"},{\"@type\":\"BreadcrumbList\",\"@id\":\"https:\/\/proyectum.com\/pe\/la-cultura-esta-en-la-lista-a-en-la-que-se-encuentra-el-trabajo-no-en-la-lista-b-cuando-tengo-tiempo-despues-de-a\/#breadcrumb\",\"itemListElement\":[{\"@type\":\"ListItem\",\"position\":1,\"name\":\"Home\",\"item\":\"https:\/\/proyectum.com\/pe\/\"},{\"@type\":\"ListItem\",\"position\":2,\"name\":\"La cultura est\u00e1 en la lista A, en la que se encuentra el &#8220;trabajo&#8221;. \u00a0No en la lista B (&#8216;cuando tengo tiempo, despu\u00e9s de A&#8217;)\"}]},{\"@type\":\"WebSite\",\"@id\":\"https:\/\/proyectum.com\/pe\/#website\",\"url\":\"https:\/\/proyectum.com\/pe\/\",\"name\":\"Proyectum Per\u00fa\",\"description\":\"Direcci\u00f3n de Proyectos y Metodolog\u00edas \u00c1giles\",\"publisher\":{\"@id\":\"https:\/\/proyectum.com\/pe\/#organization\"},\"potentialAction\":[{\"@type\":\"SearchAction\",\"target\":{\"@type\":\"EntryPoint\",\"urlTemplate\":\"https:\/\/proyectum.com\/pe\/?s={search_term_string}\"},\"query-input\":{\"@type\":\"PropertyValueSpecification\",\"valueRequired\":true,\"valueName\":\"search_term_string\"}}],\"inLanguage\":\"es\"},{\"@type\":\"Organization\",\"@id\":\"https:\/\/proyectum.com\/pe\/#organization\",\"name\":\"Proyectum Per\u00fa\",\"url\":\"https:\/\/proyectum.com\/pe\/\",\"logo\":{\"@type\":\"ImageObject\",\"inLanguage\":\"es\",\"@id\":\"https:\/\/proyectum.com\/pe\/#\/schema\/logo\/image\/\",\"url\":\"https:\/\/proyectum.com\/pe\/wp-content\/uploads\/2020\/04\/proyectum-logo-snippet.png\",\"contentUrl\":\"https:\/\/proyectum.com\/pe\/wp-content\/uploads\/2020\/04\/proyectum-logo-snippet.png\",\"width\":600,\"height\":315,\"caption\":\"Proyectum Per\u00fa\"},\"image\":{\"@id\":\"https:\/\/proyectum.com\/pe\/#\/schema\/logo\/image\/\"},\"sameAs\":[\"https:\/\/www.facebook.com\/proyectum.pe\/\",\"https:\/\/www.instagram.com\/proyectum.pe\/\",\"https:\/\/www.linkedin.com\/company\/proyectumperu\/\",\"https:\/\/www.youtube.com\/@proyectum2283\/videos\"]},{\"@type\":\"Person\",\"@id\":\"https:\/\/proyectum.com\/pe\/#\/schema\/person\/784b10060c51822d857e3004ea132bb4\",\"name\":\"Proyectum 2024\",\"image\":{\"@type\":\"ImageObject\",\"inLanguage\":\"es\",\"@id\":\"https:\/\/proyectum.com\/pe\/#\/schema\/person\/image\/\",\"url\":\"https:\/\/secure.gravatar.com\/avatar\/df82793fddd8f0a5a84fdb27d958bf73?s=96&d=mm&r=g\",\"contentUrl\":\"https:\/\/secure.gravatar.com\/avatar\/df82793fddd8f0a5a84fdb27d958bf73?s=96&d=mm&r=g\",\"caption\":\"Proyectum 2024\"}}]}<\/script>\n<!-- \/ Yoast SEO plugin. -->","yoast_head_json":{"title":"La cultura est\u00e1 en la lista A, en la que se encuentra el \"trabajo\". \u00a0No en la lista B ('cuando tengo tiempo, despu\u00e9s de A') - Proyectum Per\u00fa","robots":{"index":"index","follow":"follow","max-snippet":"max-snippet:-1","max-image-preview":"max-image-preview:large","max-video-preview":"max-video-preview:-1"},"canonical":"https:\/\/proyectum.com\/pe\/la-cultura-esta-en-la-lista-a-en-la-que-se-encuentra-el-trabajo-no-en-la-lista-b-cuando-tengo-tiempo-despues-de-a\/","og_locale":"es_ES","og_type":"article","og_title":"La cultura est\u00e1 en la lista A, en la que se encuentra el \"trabajo\". \u00a0No en la lista B ('cuando tengo tiempo, despu\u00e9s de A') - Proyectum Per\u00fa","og_description":"Por: Leandro Herrero, MD Traducido y adaptado por: Jorge Vald\u00e9s Garciatorres, MDO; PMP La cultura no es un proyecto, algo que hay que hacer adem\u00e1s del trabajo normal, un extra, algo a lo que dedicarse una vez que se ha hecho lo m\u00e1s importante. Ciertamente, la cultura no es un \u00abtema de la funci\u00f3n de [&hellip;]","og_url":"https:\/\/proyectum.com\/pe\/la-cultura-esta-en-la-lista-a-en-la-que-se-encuentra-el-trabajo-no-en-la-lista-b-cuando-tengo-tiempo-despues-de-a\/","og_site_name":"Proyectum Per\u00fa","article_publisher":"https:\/\/www.facebook.com\/proyectum.pe\/","article_published_time":"2021-11-16T11:05:17+00:00","og_image":[{"width":1700,"height":1133,"url":"https:\/\/proyectum.com\/pe\/wp-content\/uploads\/2021\/11\/La-cultura-A.jpg","type":"image\/jpeg"}],"author":"Proyectum 2024","twitter_card":"summary_large_image","twitter_misc":{"Escrito por":"Proyectum 2024","Tiempo de lectura":"3 minutos"},"schema":{"@context":"https:\/\/schema.org","@graph":[{"@type":"Article","@id":"https:\/\/proyectum.com\/pe\/la-cultura-esta-en-la-lista-a-en-la-que-se-encuentra-el-trabajo-no-en-la-lista-b-cuando-tengo-tiempo-despues-de-a\/#article","isPartOf":{"@id":"https:\/\/proyectum.com\/pe\/la-cultura-esta-en-la-lista-a-en-la-que-se-encuentra-el-trabajo-no-en-la-lista-b-cuando-tengo-tiempo-despues-de-a\/"},"author":{"name":"Proyectum 2024","@id":"https:\/\/proyectum.com\/pe\/#\/schema\/person\/784b10060c51822d857e3004ea132bb4"},"headline":"La cultura est\u00e1 en la lista A, en la que se encuentra el \u00abtrabajo\u00bb. \u00a0No en la lista B (&#8216;cuando tengo tiempo, despu\u00e9s de A&#8217;)","datePublished":"2021-11-16T11:05:17+00:00","mainEntityOfPage":{"@id":"https:\/\/proyectum.com\/pe\/la-cultura-esta-en-la-lista-a-en-la-que-se-encuentra-el-trabajo-no-en-la-lista-b-cuando-tengo-tiempo-despues-de-a\/"},"wordCount":707,"publisher":{"@id":"https:\/\/proyectum.com\/pe\/#organization"},"image":{"@id":"https:\/\/proyectum.com\/pe\/la-cultura-esta-en-la-lista-a-en-la-que-se-encuentra-el-trabajo-no-en-la-lista-b-cuando-tengo-tiempo-despues-de-a\/#primaryimage"},"thumbnailUrl":"https:\/\/proyectum.com\/pe\/wp-content\/uploads\/2021\/11\/La-cultura-A.jpg","keywords":["cultura algo que crece a partir de los comportamientos","cultura organizacional","Equipo de Liderazgo","La cultura no es un proyecto","La cultura no se puede ense\u00f1ar","Los comportamientos crean culturas"],"articleSection":["Liderazgo","Recursos Humanos","Transformaci\u00f3n y cambio"],"inLanguage":"es"},{"@type":"WebPage","@id":"https:\/\/proyectum.com\/pe\/la-cultura-esta-en-la-lista-a-en-la-que-se-encuentra-el-trabajo-no-en-la-lista-b-cuando-tengo-tiempo-despues-de-a\/","url":"https:\/\/proyectum.com\/pe\/la-cultura-esta-en-la-lista-a-en-la-que-se-encuentra-el-trabajo-no-en-la-lista-b-cuando-tengo-tiempo-despues-de-a\/","name":"La cultura est\u00e1 en la lista A, en la que se encuentra el \"trabajo\". \u00a0No en la lista B ('cuando tengo tiempo, despu\u00e9s de A') - Proyectum Per\u00fa","isPartOf":{"@id":"https:\/\/proyectum.com\/pe\/#website"},"primaryImageOfPage":{"@id":"https:\/\/proyectum.com\/pe\/la-cultura-esta-en-la-lista-a-en-la-que-se-encuentra-el-trabajo-no-en-la-lista-b-cuando-tengo-tiempo-despues-de-a\/#primaryimage"},"image":{"@id":"https:\/\/proyectum.com\/pe\/la-cultura-esta-en-la-lista-a-en-la-que-se-encuentra-el-trabajo-no-en-la-lista-b-cuando-tengo-tiempo-despues-de-a\/#primaryimage"},"thumbnailUrl":"https:\/\/proyectum.com\/pe\/wp-content\/uploads\/2021\/11\/La-cultura-A.jpg","datePublished":"2021-11-16T11:05:17+00:00","breadcrumb":{"@id":"https:\/\/proyectum.com\/pe\/la-cultura-esta-en-la-lista-a-en-la-que-se-encuentra-el-trabajo-no-en-la-lista-b-cuando-tengo-tiempo-despues-de-a\/#breadcrumb"},"inLanguage":"es","potentialAction":[{"@type":"ReadAction","target":["https:\/\/proyectum.com\/pe\/la-cultura-esta-en-la-lista-a-en-la-que-se-encuentra-el-trabajo-no-en-la-lista-b-cuando-tengo-tiempo-despues-de-a\/"]}]},{"@type":"ImageObject","inLanguage":"es","@id":"https:\/\/proyectum.com\/pe\/la-cultura-esta-en-la-lista-a-en-la-que-se-encuentra-el-trabajo-no-en-la-lista-b-cuando-tengo-tiempo-despues-de-a\/#primaryimage","url":"https:\/\/proyectum.com\/pe\/wp-content\/uploads\/2021\/11\/La-cultura-A.jpg","contentUrl":"https:\/\/proyectum.com\/pe\/wp-content\/uploads\/2021\/11\/La-cultura-A.jpg","width":1700,"height":1133,"caption":"La cultura A"},{"@type":"BreadcrumbList","@id":"https:\/\/proyectum.com\/pe\/la-cultura-esta-en-la-lista-a-en-la-que-se-encuentra-el-trabajo-no-en-la-lista-b-cuando-tengo-tiempo-despues-de-a\/#breadcrumb","itemListElement":[{"@type":"ListItem","position":1,"name":"Home","item":"https:\/\/proyectum.com\/pe\/"},{"@type":"ListItem","position":2,"name":"La cultura est\u00e1 en la lista A, en la que se encuentra el &#8220;trabajo&#8221;. \u00a0No en la lista B (&#8216;cuando tengo tiempo, despu\u00e9s de A&#8217;)"}]},{"@type":"WebSite","@id":"https:\/\/proyectum.com\/pe\/#website","url":"https:\/\/proyectum.com\/pe\/","name":"Proyectum Per\u00fa","description":"Direcci\u00f3n de Proyectos y Metodolog\u00edas \u00c1giles","publisher":{"@id":"https:\/\/proyectum.com\/pe\/#organization"},"potentialAction":[{"@type":"SearchAction","target":{"@type":"EntryPoint","urlTemplate":"https:\/\/proyectum.com\/pe\/?s={search_term_string}"},"query-input":{"@type":"PropertyValueSpecification","valueRequired":true,"valueName":"search_term_string"}}],"inLanguage":"es"},{"@type":"Organization","@id":"https:\/\/proyectum.com\/pe\/#organization","name":"Proyectum Per\u00fa","url":"https:\/\/proyectum.com\/pe\/","logo":{"@type":"ImageObject","inLanguage":"es","@id":"https:\/\/proyectum.com\/pe\/#\/schema\/logo\/image\/","url":"https:\/\/proyectum.com\/pe\/wp-content\/uploads\/2020\/04\/proyectum-logo-snippet.png","contentUrl":"https:\/\/proyectum.com\/pe\/wp-content\/uploads\/2020\/04\/proyectum-logo-snippet.png","width":600,"height":315,"caption":"Proyectum Per\u00fa"},"image":{"@id":"https:\/\/proyectum.com\/pe\/#\/schema\/logo\/image\/"},"sameAs":["https:\/\/www.facebook.com\/proyectum.pe\/","https:\/\/www.instagram.com\/proyectum.pe\/","https:\/\/www.linkedin.com\/company\/proyectumperu\/","https:\/\/www.youtube.com\/@proyectum2283\/videos"]},{"@type":"Person","@id":"https:\/\/proyectum.com\/pe\/#\/schema\/person\/784b10060c51822d857e3004ea132bb4","name":"Proyectum 2024","image":{"@type":"ImageObject","inLanguage":"es","@id":"https:\/\/proyectum.com\/pe\/#\/schema\/person\/image\/","url":"https:\/\/secure.gravatar.com\/avatar\/df82793fddd8f0a5a84fdb27d958bf73?s=96&d=mm&r=g","contentUrl":"https:\/\/secure.gravatar.com\/avatar\/df82793fddd8f0a5a84fdb27d958bf73?s=96&d=mm&r=g","caption":"Proyectum 2024"}}]}},"_links":{"self":[{"href":"https:\/\/proyectum.com\/pe\/wp-json\/wp\/v2\/posts\/9802","targetHints":{"allow":["GET"]}}],"collection":[{"href":"https:\/\/proyectum.com\/pe\/wp-json\/wp\/v2\/posts"}],"about":[{"href":"https:\/\/proyectum.com\/pe\/wp-json\/wp\/v2\/types\/post"}],"author":[{"embeddable":true,"href":"https:\/\/proyectum.com\/pe\/wp-json\/wp\/v2\/users\/26"}],"replies":[{"embeddable":true,"href":"https:\/\/proyectum.com\/pe\/wp-json\/wp\/v2\/comments?post=9802"}],"version-history":[{"count":0,"href":"https:\/\/proyectum.com\/pe\/wp-json\/wp\/v2\/posts\/9802\/revisions"}],"wp:featuredmedia":[{"embeddable":true,"href":"https:\/\/proyectum.com\/pe\/wp-json\/wp\/v2\/media\/9804"}],"wp:attachment":[{"href":"https:\/\/proyectum.com\/pe\/wp-json\/wp\/v2\/media?parent=9802"}],"wp:term":[{"taxonomy":"category","embeddable":true,"href":"https:\/\/proyectum.com\/pe\/wp-json\/wp\/v2\/categories?post=9802"},{"taxonomy":"post_tag","embeddable":true,"href":"https:\/\/proyectum.com\/pe\/wp-json\/wp\/v2\/tags?post=9802"}],"curies":[{"name":"wp","href":"https:\/\/api.w.org\/{rel}","templated":true}]}}