{"id":9827,"date":"2021-11-30T16:55:42","date_gmt":"2021-11-30T19:55:42","guid":{"rendered":"https:\/\/www.proyectum.com\/sistema\/?p=9827"},"modified":"2021-11-30T16:55:42","modified_gmt":"2021-11-30T19:55:42","slug":"muchas-reorganizaciones-basadas-en-problemas-estructurales-tienen-nombre-y-apellidos-detras","status":"publish","type":"post","link":"https:\/\/proyectum.com\/pe\/muchas-reorganizaciones-basadas-en-problemas-estructurales-tienen-nombre-y-apellidos-detras\/","title":{"rendered":"Muchas reorganizaciones basadas en \u00abproblemas estructurales\u00bb tienen nombre y apellidos detr\u00e1s"},"content":{"rendered":"<p style=\"text-align: right;\">Por: Leandro Herrero, MD<\/p>\n<p style=\"text-align: right;\">Traducido y adapado por: Jorge Vald\u00e9s Garciatorres, MDO, PMP<\/p>\n<p style=\"text-align: right;\"><em>\u00abLa felicidad no es la ausencia de problemas, es la capacidad de afrontarlos\u00bb.<\/em><\/p>\n<p style=\"text-align: right;\">Steve Maraboli<\/p>\n<p>A menudo o\u00edmos la necesidad de poner algo de orden en la Divisi\u00f3n A, o de reestructurar X o Y poni\u00e9ndolas bajo el mismo techo, o de abordar la fuerte desalineaci\u00f3n de la Divisi\u00f3n B. <strong>Este tipo de conversaci\u00f3n puede durar una eternidad con todas las personas que conversan dando vueltas, deseando que alguien se decida a dar un golpe<\/strong>.<\/p>\n<p>No es raro, seg\u00fan mi experiencia, que la conversaci\u00f3n se quede en un nivel alto de \u00abprocesos y sistemas\u00bb: La Divisi\u00f3n A es persistentemente dif\u00edcil y no responde adecuadamente a las necesidades comerciales; X &amp; Y no se hablan entre s\u00ed y nos dejan a todos sufriendo las consecuencias; la Divisi\u00f3n B vive en el pa\u00eds del P\u00e1jaro Cuc\u00fa, \u00a0mientras el resto tenemos que recoger los pedazos. Hay consenso.<\/p>\n<p>Cuando he intentado muchas veces llevar la conversaci\u00f3n al siguiente nivel hacia abajo, (comportamientos, como se hubiera esperado de mi), el panorama se despliega hacia una situaci\u00f3n muy diferente. Ahora tenemos argumentos y personajes. As\u00ed, ese grupo en torno a la Divisi\u00f3n A, los dos infames jefes de proyecto de X &amp; Y y el nuevo gerente de la Divisi\u00f3n B, son los culpables.<\/p>\n<p>De repente, un fallo catastr\u00f3fico de la estructura organizacional al que ped\u00eda una reestructuraci\u00f3n total y que consum\u00eda mucha energ\u00eda colectiva, <strong>se ha reducido a los comportamientos de unos cuantos nombres y apellidos<\/strong>. Ahora estamos hablando.<\/p>\n<p>Si presiono y pido una imagen en la que esos nombres y apellidos, normalmente un pu\u00f1ado y, cr\u00e9anme, en muchos casos uno, puedan ser extirpados quir\u00fargicamente, entonces veo muchos \u00a1aj\u00e1! y muchas sonrisas, y signos de verdadera felicidad, libertad, liberaci\u00f3n, lo que sea.<\/p>\n<p><strong>As\u00ed que el problema no es que la Divisi\u00f3n A sea persistentemente dif\u00edcil y no responda adecuadamente a las necesidades de negocio, \u00bfverdad? Es Pedro, \u00bfno?<\/strong><\/p>\n<p>Y no es que X &amp; Y no se hablen y nos dejen a todos sufrir las consecuencias. <strong>\u00bfQueremos decir que Mar\u00eda y Juan se odian y no se hablan?<\/strong><\/p>\n<p>\u00bfY es toda la Divisi\u00f3n B la que vive en el pa\u00eds del P\u00e1jaro Cuc\u00fa mientras el resto recogemos los pedazos, o es Juan el nuevo responsable el que est\u00e1 en otra frecuencia?<\/p>\n<p>Nuestra tendencia a jugar a un \u00abefecto halo<a href=\"#_ftn1\" name=\"_ftnref1\">[1]<\/a>\u00ab, en su mayor\u00eda inconsciente, que evita la dif\u00edcil tarea de llamar a un problema por el nombre que aparece en el pasaporte, es bastante incre\u00edble.<\/p>\n<p><strong>Me pregunto cu\u00e1ntas Grandes Reorganizaciones de la mano de los Grandes Grupos de Consultor\u00eda podr\u00edan haber sido o podr\u00edan evitarse con una Cirug\u00eda M\u00ednimamente Invasiva.<\/strong><\/p>\n<p>Y estar\u00edas de vuelta a casa para cenar.<\/p>\n<p><a href=\"#_ftnref1\" name=\"_ftn1\">[1]<\/a> El\u00a0<strong>efecto halo<\/strong>\u00a0consiste en afirmaciones exageradas o irreales sobre destrezas, capacidades o atributos de una persona o de una cierta circunstancia. El efecto halo es un error asociado a personas que no cuentan con datos suficientes y poseen elevada incertidumbre al emitir sus juicios. Este efecto es un\u00a0<a href=\"https:\/\/es.wikipedia.org\/wiki\/Sesgo_cognitivo\">sesgo cognitivo<\/a>\u00a0que forma parte de un amplio grupo de distorsiones que se circunscriben en el denominado \u00abcriterio de racionalidad limitada\u00bb (\u00a0<a href=\"https:\/\/es.wikipedia.org\/w\/index.php?title=Bounded_rationality&amp;action=edit&amp;redlink=1\">bounded rationality<\/a>) el cual trata de desarrollar mecanismos que estilicen las fronteras inherentes a los procesos mentales humanos (\u00a0<a href=\"https:\/\/es.wikipedia.org\/w\/index.php?title=N._Cortada;&amp;action=edit&amp;redlink=1\">N. Cortada;<\/a>\u00a02008).\u00a0Fuente Wikipedia: <a href=\"https:\/\/es.wikipedia.org\/wiki\/Efecto_halo\">https:\/\/es.wikipedia.org\/wiki\/Efecto_halo<\/a><\/p>\n<p>_______________<\/p>\n<p>Para ver el articulo original por favor da clic en esta <a href=\"https:\/\/leandroherrero.com\/many-reorganizations-based-upon-structural-problems-have-a-name-and-surname-behind-2\/\" target=\"_blank\" rel=\"noopener\">liga<\/a><\/p>\n<p>\u00a9 The Chalfont Project Limited 2021. All rights reserved<\/p>\n<p>All articles supplied by [The Chalfont Project Limited] whether by access to digital resources or directly to any individual or company (collectively \u201cthe Content\u201d) are copyright The Chalfont Project Limited. Copying, reproducing, distributing, modifying, or transmitting the Content or any part of the Content is prohibited. Other than as expressly granted to any person or organization, no rights over the Content are granted or implied. \u201cViral Change\u2122\u201d is a registered trademark of The Chalfont Project Limited\u00a0(TCP). The Chalfont Project has granted permission for Proyectum to publish material in Spanish on their company Blog. Material must be represented in its original form and clearly marked\u00a0as copyrighted material. No other licenses or permission for use or publication is allowed or implied\u00a0by this agreement.<\/p>\n","protected":false},"excerpt":{"rendered":"<p>Por: Leandro Herrero, MD Traducido y adapado por: Jorge Vald\u00e9s Garciatorres, MDO, PMP \u00abLa felicidad no es la ausencia de problemas, es la capacidad de afrontarlos\u00bb. Steve Maraboli A menudo o\u00edmos la necesidad de poner algo de orden en la Divisi\u00f3n A, o de reestructurar X o Y poni\u00e9ndolas bajo el mismo techo, o de [&hellip;]<\/p>\n","protected":false},"author":26,"featured_media":9830,"comment_status":"closed","ping_status":"closed","sticky":false,"template":"","format":"standard","meta":{"_acf_changed":false,"footnotes":""},"categories":[572],"tags":[774,775,622,776],"class_list":["post-9827","post","type-post","status-publish","format-standard","has-post-thumbnail","hentry","category-transformacion-y-cambio","tag-grandes-reorganizaciones-de-la-mano-de-los-grandes-grupos-de-consultoria","tag-las-necesidades-de-negocio","tag-leandro-herrero","tag-problemas-estructurales"],"acf":[],"yoast_head":"<!-- This site is optimized with the Yoast SEO plugin v24.4 - https:\/\/yoast.com\/wordpress\/plugins\/seo\/ -->\n<title>Muchas reorganizaciones basadas en &quot;problemas estructurales&quot; tienen nombre y apellidos detr\u00e1s - Proyectum Per\u00fa<\/title>\n<meta name=\"robots\" content=\"index, follow, max-snippet:-1, max-image-preview:large, max-video-preview:-1\" \/>\n<link rel=\"canonical\" href=\"https:\/\/proyectum.com\/pe\/muchas-reorganizaciones-basadas-en-problemas-estructurales-tienen-nombre-y-apellidos-detras\/\" \/>\n<meta property=\"og:locale\" content=\"es_ES\" \/>\n<meta property=\"og:type\" content=\"article\" \/>\n<meta property=\"og:title\" content=\"Muchas reorganizaciones basadas en &quot;problemas estructurales&quot; tienen nombre y apellidos detr\u00e1s - Proyectum Per\u00fa\" \/>\n<meta property=\"og:description\" content=\"Por: Leandro Herrero, MD Traducido y adapado por: Jorge Vald\u00e9s Garciatorres, MDO, PMP \u00abLa felicidad no es la ausencia de problemas, es la capacidad de afrontarlos\u00bb. Steve Maraboli A menudo o\u00edmos la necesidad de poner algo de orden en la Divisi\u00f3n A, o de reestructurar X o Y poni\u00e9ndolas bajo el mismo techo, o de [&hellip;]\" \/>\n<meta property=\"og:url\" content=\"https:\/\/proyectum.com\/pe\/muchas-reorganizaciones-basadas-en-problemas-estructurales-tienen-nombre-y-apellidos-detras\/\" \/>\n<meta property=\"og:site_name\" content=\"Proyectum Per\u00fa\" \/>\n<meta property=\"article:publisher\" content=\"https:\/\/www.facebook.com\/proyectum.pe\/\" \/>\n<meta property=\"article:published_time\" content=\"2021-11-30T19:55:42+00:00\" \/>\n<meta property=\"og:image\" content=\"https:\/\/proyectum.com\/pe\/wp-content\/uploads\/2021\/11\/Problemas-estructurales-nombre-y-apellido.jpg\" \/>\n\t<meta property=\"og:image:width\" content=\"1700\" \/>\n\t<meta property=\"og:image:height\" content=\"1133\" \/>\n\t<meta property=\"og:image:type\" content=\"image\/jpeg\" \/>\n<meta name=\"author\" content=\"Proyectum 2024\" \/>\n<meta name=\"twitter:card\" content=\"summary_large_image\" \/>\n<meta name=\"twitter:label1\" content=\"Escrito por\" \/>\n\t<meta name=\"twitter:data1\" content=\"Proyectum 2024\" \/>\n\t<meta name=\"twitter:label2\" content=\"Tiempo de lectura\" \/>\n\t<meta name=\"twitter:data2\" content=\"4 minutos\" \/>\n<script type=\"application\/ld+json\" class=\"yoast-schema-graph\">{\"@context\":\"https:\/\/schema.org\",\"@graph\":[{\"@type\":\"Article\",\"@id\":\"https:\/\/proyectum.com\/pe\/muchas-reorganizaciones-basadas-en-problemas-estructurales-tienen-nombre-y-apellidos-detras\/#article\",\"isPartOf\":{\"@id\":\"https:\/\/proyectum.com\/pe\/muchas-reorganizaciones-basadas-en-problemas-estructurales-tienen-nombre-y-apellidos-detras\/\"},\"author\":{\"name\":\"Proyectum 2024\",\"@id\":\"https:\/\/proyectum.com\/pe\/#\/schema\/person\/784b10060c51822d857e3004ea132bb4\"},\"headline\":\"Muchas reorganizaciones basadas en \u00abproblemas estructurales\u00bb tienen nombre y apellidos detr\u00e1s\",\"datePublished\":\"2021-11-30T19:55:42+00:00\",\"mainEntityOfPage\":{\"@id\":\"https:\/\/proyectum.com\/pe\/muchas-reorganizaciones-basadas-en-problemas-estructurales-tienen-nombre-y-apellidos-detras\/\"},\"wordCount\":752,\"publisher\":{\"@id\":\"https:\/\/proyectum.com\/pe\/#organization\"},\"image\":{\"@id\":\"https:\/\/proyectum.com\/pe\/muchas-reorganizaciones-basadas-en-problemas-estructurales-tienen-nombre-y-apellidos-detras\/#primaryimage\"},\"thumbnailUrl\":\"https:\/\/proyectum.com\/pe\/wp-content\/uploads\/2021\/11\/Problemas-estructurales-nombre-y-apellido.jpg\",\"keywords\":[\"Grandes Reorganizaciones de la mano de los Grandes Grupos de Consultor\u00eda\",\"las necesidades de negocio\",\"Leandro Herrero\",\"problemas estructurales\"],\"articleSection\":[\"Transformaci\u00f3n y cambio\"],\"inLanguage\":\"es\"},{\"@type\":\"WebPage\",\"@id\":\"https:\/\/proyectum.com\/pe\/muchas-reorganizaciones-basadas-en-problemas-estructurales-tienen-nombre-y-apellidos-detras\/\",\"url\":\"https:\/\/proyectum.com\/pe\/muchas-reorganizaciones-basadas-en-problemas-estructurales-tienen-nombre-y-apellidos-detras\/\",\"name\":\"Muchas reorganizaciones basadas en \\\"problemas estructurales\\\" tienen nombre y apellidos detr\u00e1s - Proyectum Per\u00fa\",\"isPartOf\":{\"@id\":\"https:\/\/proyectum.com\/pe\/#website\"},\"primaryImageOfPage\":{\"@id\":\"https:\/\/proyectum.com\/pe\/muchas-reorganizaciones-basadas-en-problemas-estructurales-tienen-nombre-y-apellidos-detras\/#primaryimage\"},\"image\":{\"@id\":\"https:\/\/proyectum.com\/pe\/muchas-reorganizaciones-basadas-en-problemas-estructurales-tienen-nombre-y-apellidos-detras\/#primaryimage\"},\"thumbnailUrl\":\"https:\/\/proyectum.com\/pe\/wp-content\/uploads\/2021\/11\/Problemas-estructurales-nombre-y-apellido.jpg\",\"datePublished\":\"2021-11-30T19:55:42+00:00\",\"breadcrumb\":{\"@id\":\"https:\/\/proyectum.com\/pe\/muchas-reorganizaciones-basadas-en-problemas-estructurales-tienen-nombre-y-apellidos-detras\/#breadcrumb\"},\"inLanguage\":\"es\",\"potentialAction\":[{\"@type\":\"ReadAction\",\"target\":[\"https:\/\/proyectum.com\/pe\/muchas-reorganizaciones-basadas-en-problemas-estructurales-tienen-nombre-y-apellidos-detras\/\"]}]},{\"@type\":\"ImageObject\",\"inLanguage\":\"es\",\"@id\":\"https:\/\/proyectum.com\/pe\/muchas-reorganizaciones-basadas-en-problemas-estructurales-tienen-nombre-y-apellidos-detras\/#primaryimage\",\"url\":\"https:\/\/proyectum.com\/pe\/wp-content\/uploads\/2021\/11\/Problemas-estructurales-nombre-y-apellido.jpg\",\"contentUrl\":\"https:\/\/proyectum.com\/pe\/wp-content\/uploads\/2021\/11\/Problemas-estructurales-nombre-y-apellido.jpg\",\"width\":1700,\"height\":1133,\"caption\":\"Problemas estructurales nombre y apellido\"},{\"@type\":\"BreadcrumbList\",\"@id\":\"https:\/\/proyectum.com\/pe\/muchas-reorganizaciones-basadas-en-problemas-estructurales-tienen-nombre-y-apellidos-detras\/#breadcrumb\",\"itemListElement\":[{\"@type\":\"ListItem\",\"position\":1,\"name\":\"Home\",\"item\":\"https:\/\/proyectum.com\/pe\/\"},{\"@type\":\"ListItem\",\"position\":2,\"name\":\"Muchas reorganizaciones basadas en &#8220;problemas estructurales&#8221; tienen nombre y apellidos detr\u00e1s\"}]},{\"@type\":\"WebSite\",\"@id\":\"https:\/\/proyectum.com\/pe\/#website\",\"url\":\"https:\/\/proyectum.com\/pe\/\",\"name\":\"Proyectum Per\u00fa\",\"description\":\"Direcci\u00f3n de Proyectos y Metodolog\u00edas \u00c1giles\",\"publisher\":{\"@id\":\"https:\/\/proyectum.com\/pe\/#organization\"},\"potentialAction\":[{\"@type\":\"SearchAction\",\"target\":{\"@type\":\"EntryPoint\",\"urlTemplate\":\"https:\/\/proyectum.com\/pe\/?s={search_term_string}\"},\"query-input\":{\"@type\":\"PropertyValueSpecification\",\"valueRequired\":true,\"valueName\":\"search_term_string\"}}],\"inLanguage\":\"es\"},{\"@type\":\"Organization\",\"@id\":\"https:\/\/proyectum.com\/pe\/#organization\",\"name\":\"Proyectum Per\u00fa\",\"url\":\"https:\/\/proyectum.com\/pe\/\",\"logo\":{\"@type\":\"ImageObject\",\"inLanguage\":\"es\",\"@id\":\"https:\/\/proyectum.com\/pe\/#\/schema\/logo\/image\/\",\"url\":\"https:\/\/proyectum.com\/pe\/wp-content\/uploads\/2020\/04\/proyectum-logo-snippet.png\",\"contentUrl\":\"https:\/\/proyectum.com\/pe\/wp-content\/uploads\/2020\/04\/proyectum-logo-snippet.png\",\"width\":600,\"height\":315,\"caption\":\"Proyectum Per\u00fa\"},\"image\":{\"@id\":\"https:\/\/proyectum.com\/pe\/#\/schema\/logo\/image\/\"},\"sameAs\":[\"https:\/\/www.facebook.com\/proyectum.pe\/\",\"https:\/\/www.instagram.com\/proyectum.pe\/\",\"https:\/\/www.linkedin.com\/company\/proyectumperu\/\",\"https:\/\/www.youtube.com\/@proyectum2283\/videos\"]},{\"@type\":\"Person\",\"@id\":\"https:\/\/proyectum.com\/pe\/#\/schema\/person\/784b10060c51822d857e3004ea132bb4\",\"name\":\"Proyectum 2024\",\"image\":{\"@type\":\"ImageObject\",\"inLanguage\":\"es\",\"@id\":\"https:\/\/proyectum.com\/pe\/#\/schema\/person\/image\/\",\"url\":\"https:\/\/secure.gravatar.com\/avatar\/df82793fddd8f0a5a84fdb27d958bf73?s=96&d=mm&r=g\",\"contentUrl\":\"https:\/\/secure.gravatar.com\/avatar\/df82793fddd8f0a5a84fdb27d958bf73?s=96&d=mm&r=g\",\"caption\":\"Proyectum 2024\"}}]}<\/script>\n<!-- \/ Yoast SEO plugin. -->","yoast_head_json":{"title":"Muchas reorganizaciones basadas en \"problemas estructurales\" tienen nombre y apellidos detr\u00e1s - Proyectum Per\u00fa","robots":{"index":"index","follow":"follow","max-snippet":"max-snippet:-1","max-image-preview":"max-image-preview:large","max-video-preview":"max-video-preview:-1"},"canonical":"https:\/\/proyectum.com\/pe\/muchas-reorganizaciones-basadas-en-problemas-estructurales-tienen-nombre-y-apellidos-detras\/","og_locale":"es_ES","og_type":"article","og_title":"Muchas reorganizaciones basadas en \"problemas estructurales\" tienen nombre y apellidos detr\u00e1s - Proyectum Per\u00fa","og_description":"Por: Leandro Herrero, MD Traducido y adapado por: Jorge Vald\u00e9s Garciatorres, MDO, PMP \u00abLa felicidad no es la ausencia de problemas, es la capacidad de afrontarlos\u00bb. Steve Maraboli A menudo o\u00edmos la necesidad de poner algo de orden en la Divisi\u00f3n A, o de reestructurar X o Y poni\u00e9ndolas bajo el mismo techo, o de [&hellip;]","og_url":"https:\/\/proyectum.com\/pe\/muchas-reorganizaciones-basadas-en-problemas-estructurales-tienen-nombre-y-apellidos-detras\/","og_site_name":"Proyectum Per\u00fa","article_publisher":"https:\/\/www.facebook.com\/proyectum.pe\/","article_published_time":"2021-11-30T19:55:42+00:00","og_image":[{"width":1700,"height":1133,"url":"https:\/\/proyectum.com\/pe\/wp-content\/uploads\/2021\/11\/Problemas-estructurales-nombre-y-apellido.jpg","type":"image\/jpeg"}],"author":"Proyectum 2024","twitter_card":"summary_large_image","twitter_misc":{"Escrito por":"Proyectum 2024","Tiempo de lectura":"4 minutos"},"schema":{"@context":"https:\/\/schema.org","@graph":[{"@type":"Article","@id":"https:\/\/proyectum.com\/pe\/muchas-reorganizaciones-basadas-en-problemas-estructurales-tienen-nombre-y-apellidos-detras\/#article","isPartOf":{"@id":"https:\/\/proyectum.com\/pe\/muchas-reorganizaciones-basadas-en-problemas-estructurales-tienen-nombre-y-apellidos-detras\/"},"author":{"name":"Proyectum 2024","@id":"https:\/\/proyectum.com\/pe\/#\/schema\/person\/784b10060c51822d857e3004ea132bb4"},"headline":"Muchas reorganizaciones basadas en \u00abproblemas estructurales\u00bb tienen nombre y apellidos detr\u00e1s","datePublished":"2021-11-30T19:55:42+00:00","mainEntityOfPage":{"@id":"https:\/\/proyectum.com\/pe\/muchas-reorganizaciones-basadas-en-problemas-estructurales-tienen-nombre-y-apellidos-detras\/"},"wordCount":752,"publisher":{"@id":"https:\/\/proyectum.com\/pe\/#organization"},"image":{"@id":"https:\/\/proyectum.com\/pe\/muchas-reorganizaciones-basadas-en-problemas-estructurales-tienen-nombre-y-apellidos-detras\/#primaryimage"},"thumbnailUrl":"https:\/\/proyectum.com\/pe\/wp-content\/uploads\/2021\/11\/Problemas-estructurales-nombre-y-apellido.jpg","keywords":["Grandes Reorganizaciones de la mano de los Grandes Grupos de Consultor\u00eda","las necesidades de negocio","Leandro Herrero","problemas estructurales"],"articleSection":["Transformaci\u00f3n y cambio"],"inLanguage":"es"},{"@type":"WebPage","@id":"https:\/\/proyectum.com\/pe\/muchas-reorganizaciones-basadas-en-problemas-estructurales-tienen-nombre-y-apellidos-detras\/","url":"https:\/\/proyectum.com\/pe\/muchas-reorganizaciones-basadas-en-problemas-estructurales-tienen-nombre-y-apellidos-detras\/","name":"Muchas reorganizaciones basadas en \"problemas estructurales\" tienen nombre y apellidos detr\u00e1s - Proyectum Per\u00fa","isPartOf":{"@id":"https:\/\/proyectum.com\/pe\/#website"},"primaryImageOfPage":{"@id":"https:\/\/proyectum.com\/pe\/muchas-reorganizaciones-basadas-en-problemas-estructurales-tienen-nombre-y-apellidos-detras\/#primaryimage"},"image":{"@id":"https:\/\/proyectum.com\/pe\/muchas-reorganizaciones-basadas-en-problemas-estructurales-tienen-nombre-y-apellidos-detras\/#primaryimage"},"thumbnailUrl":"https:\/\/proyectum.com\/pe\/wp-content\/uploads\/2021\/11\/Problemas-estructurales-nombre-y-apellido.jpg","datePublished":"2021-11-30T19:55:42+00:00","breadcrumb":{"@id":"https:\/\/proyectum.com\/pe\/muchas-reorganizaciones-basadas-en-problemas-estructurales-tienen-nombre-y-apellidos-detras\/#breadcrumb"},"inLanguage":"es","potentialAction":[{"@type":"ReadAction","target":["https:\/\/proyectum.com\/pe\/muchas-reorganizaciones-basadas-en-problemas-estructurales-tienen-nombre-y-apellidos-detras\/"]}]},{"@type":"ImageObject","inLanguage":"es","@id":"https:\/\/proyectum.com\/pe\/muchas-reorganizaciones-basadas-en-problemas-estructurales-tienen-nombre-y-apellidos-detras\/#primaryimage","url":"https:\/\/proyectum.com\/pe\/wp-content\/uploads\/2021\/11\/Problemas-estructurales-nombre-y-apellido.jpg","contentUrl":"https:\/\/proyectum.com\/pe\/wp-content\/uploads\/2021\/11\/Problemas-estructurales-nombre-y-apellido.jpg","width":1700,"height":1133,"caption":"Problemas estructurales nombre y apellido"},{"@type":"BreadcrumbList","@id":"https:\/\/proyectum.com\/pe\/muchas-reorganizaciones-basadas-en-problemas-estructurales-tienen-nombre-y-apellidos-detras\/#breadcrumb","itemListElement":[{"@type":"ListItem","position":1,"name":"Home","item":"https:\/\/proyectum.com\/pe\/"},{"@type":"ListItem","position":2,"name":"Muchas reorganizaciones basadas en &#8220;problemas estructurales&#8221; tienen nombre y apellidos detr\u00e1s"}]},{"@type":"WebSite","@id":"https:\/\/proyectum.com\/pe\/#website","url":"https:\/\/proyectum.com\/pe\/","name":"Proyectum Per\u00fa","description":"Direcci\u00f3n de Proyectos y Metodolog\u00edas \u00c1giles","publisher":{"@id":"https:\/\/proyectum.com\/pe\/#organization"},"potentialAction":[{"@type":"SearchAction","target":{"@type":"EntryPoint","urlTemplate":"https:\/\/proyectum.com\/pe\/?s={search_term_string}"},"query-input":{"@type":"PropertyValueSpecification","valueRequired":true,"valueName":"search_term_string"}}],"inLanguage":"es"},{"@type":"Organization","@id":"https:\/\/proyectum.com\/pe\/#organization","name":"Proyectum Per\u00fa","url":"https:\/\/proyectum.com\/pe\/","logo":{"@type":"ImageObject","inLanguage":"es","@id":"https:\/\/proyectum.com\/pe\/#\/schema\/logo\/image\/","url":"https:\/\/proyectum.com\/pe\/wp-content\/uploads\/2020\/04\/proyectum-logo-snippet.png","contentUrl":"https:\/\/proyectum.com\/pe\/wp-content\/uploads\/2020\/04\/proyectum-logo-snippet.png","width":600,"height":315,"caption":"Proyectum Per\u00fa"},"image":{"@id":"https:\/\/proyectum.com\/pe\/#\/schema\/logo\/image\/"},"sameAs":["https:\/\/www.facebook.com\/proyectum.pe\/","https:\/\/www.instagram.com\/proyectum.pe\/","https:\/\/www.linkedin.com\/company\/proyectumperu\/","https:\/\/www.youtube.com\/@proyectum2283\/videos"]},{"@type":"Person","@id":"https:\/\/proyectum.com\/pe\/#\/schema\/person\/784b10060c51822d857e3004ea132bb4","name":"Proyectum 2024","image":{"@type":"ImageObject","inLanguage":"es","@id":"https:\/\/proyectum.com\/pe\/#\/schema\/person\/image\/","url":"https:\/\/secure.gravatar.com\/avatar\/df82793fddd8f0a5a84fdb27d958bf73?s=96&d=mm&r=g","contentUrl":"https:\/\/secure.gravatar.com\/avatar\/df82793fddd8f0a5a84fdb27d958bf73?s=96&d=mm&r=g","caption":"Proyectum 2024"}}]}},"_links":{"self":[{"href":"https:\/\/proyectum.com\/pe\/wp-json\/wp\/v2\/posts\/9827","targetHints":{"allow":["GET"]}}],"collection":[{"href":"https:\/\/proyectum.com\/pe\/wp-json\/wp\/v2\/posts"}],"about":[{"href":"https:\/\/proyectum.com\/pe\/wp-json\/wp\/v2\/types\/post"}],"author":[{"embeddable":true,"href":"https:\/\/proyectum.com\/pe\/wp-json\/wp\/v2\/users\/26"}],"replies":[{"embeddable":true,"href":"https:\/\/proyectum.com\/pe\/wp-json\/wp\/v2\/comments?post=9827"}],"version-history":[{"count":0,"href":"https:\/\/proyectum.com\/pe\/wp-json\/wp\/v2\/posts\/9827\/revisions"}],"wp:featuredmedia":[{"embeddable":true,"href":"https:\/\/proyectum.com\/pe\/wp-json\/wp\/v2\/media\/9830"}],"wp:attachment":[{"href":"https:\/\/proyectum.com\/pe\/wp-json\/wp\/v2\/media?parent=9827"}],"wp:term":[{"taxonomy":"category","embeddable":true,"href":"https:\/\/proyectum.com\/pe\/wp-json\/wp\/v2\/categories?post=9827"},{"taxonomy":"post_tag","embeddable":true,"href":"https:\/\/proyectum.com\/pe\/wp-json\/wp\/v2\/tags?post=9827"}],"curies":[{"name":"wp","href":"https:\/\/api.w.org\/{rel}","templated":true}]}}