{"id":9841,"date":"2021-12-07T14:26:20","date_gmt":"2021-12-07T17:26:20","guid":{"rendered":"https:\/\/www.proyectum.com\/sistema\/?p=9841"},"modified":"2021-12-07T14:26:20","modified_gmt":"2021-12-07T17:26:20","slug":"la-emergencia-1-de-las-6-vacas-sagradas-del-pensamiento-sistemico","status":"publish","type":"post","link":"https:\/\/proyectum.com\/pe\/la-emergencia-1-de-las-6-vacas-sagradas-del-pensamiento-sistemico\/","title":{"rendered":"La emergencia: 1 de las 6 vacas sagradas del pensamiento sist\u00e9mico"},"content":{"rendered":"<p style=\"text-align: right;\">Por: Derek &amp; Laura Cabrera<\/p>\n<p style=\"text-align: right;\">Traducido y adaptado por: Jorge Vald\u00e9s Garciatorres<\/p>\n<p style=\"text-align: right;\"><em>\u00abLa emergencia advierte el modo en que peque\u00f1as acciones y conexiones crean sistemas complejos, patrones que se convierten en ecosistemas y sociedades\u00bb.<\/em><\/p>\n<p style=\"text-align: right;\">Adrienne Maree Brown<\/p>\n<p>El debate sobre la emergencia es siempre uno de los que m\u00e1s caldea los \u00e1nimos en la comunidad del <strong>pensamiento sist\u00e9mico<\/strong>. De hecho, es una de las que yo llamo \u00ab<strong>vacas sagradas<\/strong>\u00bb (o tropos comunes e incuestionables) de la comunidad del Pensamiento Sist\u00e9mico (PS) \u00a0que es importante reconsiderar.<\/p>\n<p>En este blog no hablaremos de todas estas vacas sagradas, sino que nos centraremos en la emergencia o en el tropo com\u00fan de que <strong>el todo es m\u00e1s que las partes<\/strong>, lo que nunca es cierto.<\/p>\n<p>Emergencia: El todo es mayor que la suma de sus partes<\/p>\n<p>Para ver un trabajo m\u00e1s detallado y erudito sobre este tema, lee un extracto <a href=\"https:\/\/drive.google.com\/file\/u\/0\/d\/0B71vv__doPOpTTlRQ1Z3bTQxRXc\/view?usp=sharing\">aqu\u00ed<\/a>.<\/p>\n<p>En un hilo reciente en la comunidad de pensamiento sist\u00e9mico, uno de los miembros me pidi\u00f3 que proporcionara una declaraci\u00f3n o met\u00e1fora de sustituci\u00f3n para la comprensi\u00f3n com\u00fan de la emergencia y lo hice. \u00c9l respondi\u00f3 con una pregunta que me pareci\u00f3 sencilla pero muy importante.<\/p>\n<blockquote><p><em>\u00ab\u00bfEn qu\u00e9 sentido es \u00fatil o pr\u00e1ctica la siguiente afirmaci\u00f3n?<\/em><\/p>\n<p><em>\u00a0El todo es precisamente igual a todo lo que forma parte de \u00e9l\u00bb.<\/em><\/p><\/blockquote>\n<h3><strong>La comprensi\u00f3n es pr\u00e1ctica<\/strong><\/h3>\n<p>Perm\u00edtanme decir en primer lugar que, como cient\u00edfico, la comprensi\u00f3n en s\u00ed misma es el objetivo m\u00e1s \u00fatil y pragm\u00e1tico. Por tanto, el mero hecho de hacer la afirmaci\u00f3n m\u00e1s precisa es suficientemente pr\u00e1ctico, porque nos ayuda a comprender mejor los comportamientos del sistema que podr\u00edamos caracterizar como \u00abemergentes\u00bb. Adem\u00e1s, como estamos hablando de ideas m\u00e1s profundas de PS que, como se ha mencionado antes, son conceptos que est\u00e1n en el limite, esta idea concreta es a\u00fan m\u00e1s importante y pr\u00e1ctica porque es de naturaleza te\u00f3rica. A Kurt Lewin le gustaba decir: \u00ab<strong>No hay nada m\u00e1s pr\u00e1ctico que una buena teor\u00eda<\/strong>\u00ab. Estoy de acuerdo con \u00e9l, a pesar del lamento de mis estudiantes de posgrado.<\/p>\n<p><strong>Como sustituto de la siempre popular pero inexacta afirmaci\u00f3n \u00abel todo es mayor que sus partes\u00bb (que nunca es cierta)<\/strong> es una gran mejora. As\u00ed que deber\u00eda ser suficiente: aumenta la comprensi\u00f3n. O, por el contrario, reduce los malentendidos.<\/p>\n<p>Pero hay mucho m\u00e1s que se esconde bajo esta afirmaci\u00f3n aparentemente banal. De hecho, una comprensi\u00f3n profunda del pensamiento sist\u00e9mico naufraga bajo la superficie. De nuevo, en comparaci\u00f3n, bajo la afirmaci\u00f3n \u00abel todo es mayor que las partes\u00bb (que nunca es cierta) se esconde un oscuro pantano de malentendidos que nos aleja cada vez m\u00e1s del prop\u00f3sito mismo de las afirmaciones cient\u00edficas hechas para el consumo y la comprensi\u00f3n del p\u00fablico [y un mantra en nuestro laboratorio de investigaci\u00f3n], \u00a1la simplificaci\u00f3n con fidelidad! As\u00ed que, echemos un vistazo m\u00e1s profundo a la abundancia que nos proporciona esta nueva declaraci\u00f3n.<\/p>\n<h3><strong>Como el ajo para el misticismo<\/strong><\/h3>\n<p>La segunda contribuci\u00f3n pr\u00e1ctica es que aleja el misticismo, que en nuestro actual clima de religiosidad es bastante importante.<\/p>\n<p>La afirmaci\u00f3n \u00abel todo es m\u00e1s grande que las partes\u00bb crea una peque\u00f1a apertura por la que la gente, si quisiera, podr\u00eda pasar un gran cami\u00f3n m\u00edstico. A veces, sin siquiera saberlo. Como hay algo que no est\u00e1 en las partes y que aparece en el todo, de repente se tiene la impresi\u00f3n de que est\u00e1 ocurriendo algo metaf\u00edsico, misterioso o m\u00edstico. \u00bfQuiz\u00e1s Dios? \u00bfUn poder superior? \u00bfChakras? \u00bfO arm\u00f3nicos de cristal? Pero la verdad es que la emergencia no significa que est\u00e9 ocurriendo algo misterioso (a menos que misterioso signifique simplemente \u00abno lo sabemos\u00bb o \u00abno tenemos el tiempo y la potencia de c\u00e1lculo para averiguarlo\u00bb). Pero no ocurre nada verdaderamente misterioso. <strong>S\u00f3lo hay cualidades del conjunto que no se ven en las partes<\/strong>. Eso es todo. Eso es lo que significa la emergencia. Hay cualidades del todo que no se ven en las partes. No dice nada de que no necesitemos mirar las partes, o que no se pueda deducir, retroactivamente, a partir de las partes por qu\u00e9 surgen esas cualidades.<\/p>\n<p>S\u00ed, quiere decir que a veces ser\u00eda dif\u00edcil predecir a partir de las partes lo que va a surgir. Pero en cualquier caso, no hay ning\u00fan misterio. Sabemos que el comportamiento del conjunto proviene de s\u00ed mismo. No de ninguna parte, ni de nadie m\u00e1s. Es sencillo y s\u00f3lido: lo que entra en el lado izquierdo de la ecuaci\u00f3n se equilibra (es igual) a lo que entra en el lado derecho de la ecuaci\u00f3n. Las partes y el todo son igualdades. Son versiones diferentes (reduccionista y hol\u00edstica) de la misma cosa: <strong>Todas las partes = el todo<\/strong>.<\/p>\n<h3><strong>Si algo forma parte del todo, \u00bfno es una parte?<\/strong><\/h3>\n<p>La tercera cosa que hace esta afirmaci\u00f3n es bastante simple pero tambi\u00e9n sublime. Nos obliga a echar un vistazo cr\u00edtico a c\u00f3mo percibimos las cosas. En particular, lo que llamamos partes. Las partes son partes si pertenecen al todo. Tambi\u00e9n se puede decir que algo es una parte si est\u00e1 contenido en el todo. Aqu\u00ed radica una distinci\u00f3n importante, porque durante cientos de a\u00f1os hemos decidido arbitrariamente que algo forma parte del todo s\u00f3lo si es estructural. <strong>Esto deja fuera todas las cosas din\u00e1micas que tambi\u00e9n forman parte del todo: las relaciones (es decir, las interacciones, las conexiones, los v\u00ednculos, etc.)<\/strong>. As\u00ed que tomemos una ecuaci\u00f3n metaf\u00f3rica y veamos c\u00f3mo la gente se retuerce y se hace un l\u00edo con la emergencia<a href=\"#_ftn1\" name=\"_ftnref1\">[1]<\/a>:<\/p>\n<p>He aqu\u00ed una verdad fundamental sobre las partes \/ el todo y la emergencia:<\/p>\n<p>SI, El Todo = Todas sus partes estructurales y relacionales<\/p>\n<p>ENTONCES, la emergencia es algo que vemos en el conjunto que no estaba inmediatamente claro para nosotros pero que sin embargo estaba all\u00ed, en las partes.<\/p>\n<p>He aqu\u00ed una contorsi\u00f3n que se produce cuando concluimos arbitrariamente que las relaciones que son literalmente parte del sistema completo, no son \u00abpartes\u00bb:<\/p>\n<p>SI, El Todo = S\u00f3lo sus partes estructurales<\/p>\n<p>ENTONCES, la emergencia es algo que no estaba en las partes pero s\u00ed en el todo. \u00bfDe d\u00f3nde pudo venir entonces?<\/p>\n<p>La respuesta parece obvia, \u00bfno? <strong>La emergencia es un producto de las interacciones (que pueden ser bastante enormes y complejas)<\/strong>. En el primer ejemplo, la responsabilidad recae en nosotros para percibir las cosas con mayor precisi\u00f3n. En el segundo ejemplo, nos corresponde resolver un misterio que en realidad no existe. El misterio es la percepci\u00f3n. Si eliminamos las relaciones entre las partes, por supuesto que habr\u00e1 un misterio secundario que habr\u00e1 que resolver.<\/p>\n<p>Debemos pensar que el todo es igual a las partes porque todo lo que pertenece al todo es parte de \u00e9l, a priori. La ecuaci\u00f3n de las partes y el todo es equivalente. Si no lo es, es que algo ha fallado. Algo falla. Pero que la ecuaci\u00f3n no est\u00e9 equilibrada no significa que haya que inventar causas misteriosas o m\u00edsticas. Lo m\u00e1s probable es que nos falte algo o que hayamos omitido algo. <strong>Ese algo es casi siempre las relaciones (es decir, las interacciones, las conexiones, los v\u00ednculos, las aristas, etc.)<\/strong>.<\/p>\n<p>Metaf\u00f3ricamente hablando, esto no se diferencia de la ley de conservaci\u00f3n de la energ\u00eda. La energ\u00eda no desaparece. Si parece haber desaparecido, nos guiamos por el mejor criterio de que fue a parar a alguna parte. Del mismo modo, los conjuntos no son m\u00e1s que sus partes. Si parece que lo son, nos guiamos por nuestro mejor juicio para mirar m\u00e1s profundamente o para considerar que nuestros modelos mentales est\u00e1n equivocados.<\/p>\n<h3><strong>Las relaciones existen<\/strong><\/h3>\n<p>Esto nos lleva a la cuarta cosa importante que la declaraci\u00f3n hace por nosotros pragm\u00e1ticamente. <strong>Nos hace abrazar de verdad las relaciones y la poca importancia que les hemos dado.<\/strong> Las relaciones no son meras l\u00edneas entre las cosas, sino que son cosas en s\u00ed mismas. Son f\u00edsicas, son partes y pertenecen a su totalidad. Tambi\u00e9n en este caso, sufrimos nuestros propios errores de pensamiento. Vemos una parte estructural (un componente) y sabemos que si nos acercamos a esa parte, ver\u00edamos que es un todo formado por muchas partes relacionadas. Si a continuaci\u00f3n nos acercamos a una de esas partes, veremos lo mismo. Y si sigui\u00e9ramos profundizando nos dar\u00edamos cuenta de que toda parte estructural se reduce a relaciones entre relaciones. Como toda parte estructural es reducible a relaciones entre partes, debemos confesar que las relaciones son cosas. Por tanto, debemos acabar con la opresi\u00f3n de las relaciones y concederles el estatus de cosas.<\/p>\n<p><img fetchpriority=\"high\" decoding=\"async\" class=\"aligncenter size-full wp-image-9843\" src=\"https:\/\/proyectum.com\/pe\/wp-content\/uploads\/2021\/12\/Nodo-Emergencia.png\" alt=\"Nodo Emergencia\" width=\"1063\" height=\"598\" srcset=\"https:\/\/proyectum.com\/pe\/wp-content\/uploads\/2021\/12\/Nodo-Emergencia.png 1063w, https:\/\/proyectum.com\/pe\/wp-content\/uploads\/2021\/12\/Nodo-Emergencia-300x169.png 300w, https:\/\/proyectum.com\/pe\/wp-content\/uploads\/2021\/12\/Nodo-Emergencia-1030x579.png 1030w, https:\/\/proyectum.com\/pe\/wp-content\/uploads\/2021\/12\/Nodo-Emergencia-768x432.png 768w, https:\/\/proyectum.com\/pe\/wp-content\/uploads\/2021\/12\/Nodo-Emergencia-600x338.png 600w, https:\/\/proyectum.com\/pe\/wp-content\/uploads\/2021\/12\/Nodo-Emergencia-64x36.png 64w\" sizes=\"(max-width: 1063px) 100vw, 1063px\" \/>En t\u00e9rminos pr\u00e1cticos, esto significa que en una red compleja formada por nodos y aristas, todas las aristas son tambi\u00e9n nodos. Y todos los nodos (es decir, todas las aristas) pueden ser conjuntos formados por partes relacionadas m\u00e1s peque\u00f1as. A\u00f1ade condiciones de contorno para cada uno de estos nodos identificados y nodos-relacionados y a\u00f1ade perspectiva y tendr\u00e1s una teor\u00eda universal del pensamiento sist\u00e9mico. No est\u00e1 mal para una peque\u00f1a afirmaci\u00f3n.<\/p>\n<p>En resumen, la afirmaci\u00f3n \u00abel todo es precisamente igual a todo lo que forma parte de \u00e9l\u00bb es simple y aparentemente banal, pero tambi\u00e9n es sublime. Nos proporciona una s\u00f3lida base te\u00f3rica sobre la que construir la comprensi\u00f3n pr\u00e1ctica del propio pensamiento sist\u00e9mico.<\/p>\n<p>________________<\/p>\n<p>Esta es una de las 6 \u00abvacas sagradas\u00bb del pensamiento sist\u00e9mico. Consulta la tabla siguiente para ver todas las vacas sagradas y los conceptos que la reemplazan cient\u00edficamente v\u00e1lidos y luego haz clic en los enlaces para leer m\u00e1s sobre cada una de ellas.<\/p>\n<p>Tabla: 6 vacas sagradas del pensamiento sist\u00e9mico<\/p>\n<table width=\"584\">\n<thead>\n<tr>\n<td width=\"198\"><strong>VACA SAGRADA<\/strong><\/td>\n<td width=\"198\"><strong>\u00bfVERDADERO O FALSO?<\/strong><\/td>\n<td width=\"187\"><strong>Concepto que <\/strong><\/p>\n<p><strong>la reemplaza<\/strong><\/p>\n<p><strong>(y liga al blog)<\/strong><\/td>\n<\/tr>\n<\/thead>\n<tbody>\n<tr>\n<td width=\"198\">1.\u00a0\u00a0\u00a0\u00a0 El todo es m\u00e1s que la suma de las partes (tambi\u00e9n conocido como<\/p>\n<p>\u00abemergente\u00bb).<\/td>\n<td width=\"198\">Falso<\/td>\n<td width=\"187\">El todo es siempre precisamente igual a sus partes.<\/td>\n<\/tr>\n<tr>\n<td width=\"198\">2.\u00a0\u00a0\u00a0\u00a0 Todos los sistemas tienen una finalidad.<\/td>\n<td width=\"198\">Falso<\/td>\n<td width=\"187\"><a href=\"https:\/\/www.proyectum.com\/sistema\/blog\/el-proposito-de-un-sistema-es-lo-que-hace\/\" target=\"_blank\" rel=\"noopener\">El \u00abprop\u00f3sito\u00bb de un sistema es lo que hace.<\/a><\/td>\n<\/tr>\n<tr>\n<td width=\"198\">3.\u00a0\u00a0\u00a0\u00a0 El pensamiento sist\u00e9mico es ____<\/p>\n<p>[insertar aqu\u00ed la din\u00e1mica de sistemas<\/p>\n<p>u otros modelos].<\/td>\n<td width=\"198\">Falso<\/td>\n<td width=\"187\">El pensamiento sist\u00e9mico es una pluralidad de cientos de m\u00e9todos y modelos que se articulan en torno a cuatro patrones de pensamiento (DSRP).<\/td>\n<\/tr>\n<tr>\n<td width=\"198\">4.\u00a0\u00a0\u00a0\u00a0 El pensamiento sist\u00e9mico es hol\u00edstico (o, alternativamente, el pensamiento sist\u00e9mico<\/p>\n<p>es anti-reduccionista)<\/td>\n<td width=\"198\">Falso<\/td>\n<td width=\"187\">El pensamiento sist\u00e9mico es un pensamiento equilibrado<\/p>\n<p>(tanto hol\u00edstico como<\/p>\n<p>reduccionista, y\/ o ambos no<\/p>\n<p>una cosa o la otra).<\/td>\n<\/tr>\n<tr>\n<td width=\"198\">5.\u00a0\u00a0\u00a0\u00a0 Todo est\u00e1 conectado.<\/td>\n<td width=\"198\">Falso<\/td>\n<td width=\"187\">Todo est\u00e1 conectado, o no.<\/td>\n<\/tr>\n<tr>\n<td width=\"198\">6.\u00a0\u00a0\u00a0\u00a0 No hay ning\u00fan sistema<\/p>\n<p>que exista.<\/td>\n<td width=\"198\">Falso<\/td>\n<td width=\"187\">Hay un sistema ah\u00ed fuera,<\/p>\n<p>s\u00f3lo que puede ser diferente de tu modelo mental del \u00e9ste.<\/td>\n<\/tr>\n<\/tbody>\n<\/table>\n<p>____________________<\/p>\n<p><strong>Derek Cabrera<\/strong> (Doctorado, Cornell) es un cient\u00edfico de sistemas internacionalmente conocido y forma parte del cuerpo docente de la Universidad de Cornell, donde ense\u00f1a pensamiento sist\u00e9mico, liderazgo sist\u00e9mico y mapeo de sistemas, y es Director del Programa de Certificaci\u00f3n de Posgrado en Pensamiento, Modelado y Liderazgo de Sistemas (STML). Es cient\u00edfico senior en Cabrera Research Lab.<\/p>\n<p><strong>Laura Cabrera<\/strong> (B.S., M.P.A, &amp; PhD, Cornell) actualmente ense\u00f1a Pensamiento y Modelado de Sistemas y Liderazgo de Sistemas en la Universidad de Cornell en el Instituto de Asuntos Pol\u00edticos. Tambi\u00e9n es investigadora principal en el Cabrera Research Lab. Durante la \u00faltima d\u00e9cada, Cabrera ha aplicado su experiencia en m\u00e9todos de investigaci\u00f3n y en investigaci\u00f3n traslacional para aumentar la comprensi\u00f3n p\u00fablica, la aplicaci\u00f3n pr\u00e1ctica y la difusi\u00f3n de sofisticados modelos de ciencia de sistemas y de pensamiento sist\u00e9mico.<\/p>\n<p><strong>Jorge Vald\u00e9s Garciatorres<\/strong> (MDO, PMP), Por los ultimos 15 a\u00f1os, ha sido consultor en desarrollo organizacional e instructor en diversos temas aplicados a negocios como pensamiento sist\u00e9mico, direcci\u00f3n de proyectos, innovaci\u00f3n, filosf\u00eda \u00e1gil, desarrollo personal entre otros, ha participado como catedr\u00e1tico en la Univesidad de la Rioja. Traduce y escribe frecuentemente en diversos blogs.<\/p>\n<p><a href=\"#_ftnref1\" name=\"_ftn1\">[1]<\/a> Est\u00e1 claro que lo que la gente intenta explicar es que la propiedad emergente de un sistema no puede entenderse mirando s\u00f3lo una parte, sino que debe entenderse mirando todas las partes juntas. Pero tambi\u00e9n est\u00e1 claro que la mayor\u00eda de la gente deja las relaciones fuera de la definici\u00f3n de las partes. El problema esencial es \u00e9ste: SI las relaciones son PARTES del todo, entonces por definici\u00f3n son PARTES del todo. Por lo tanto, el todo es siempre exactamente igual a sus partes. Una an\u00e9cdota curiosa. De hecho, pas\u00e9 mis d\u00edas de doctorado recorriendo el planeta entrevistando a gente y finalmente descubr\u00ed que este peque\u00f1o \u00aberror\u00bb es totalmente derivado de un per\u00edodo en el que los f\u00edsicos decidieron arbitrariamente identificar las \u00abpartes\u00bb S\u00d3LO como estructurales (en lugar de din\u00e1micas\/relacionales). En ese momento, la suerte estaba echada y hoy tenemos muchas explicaciones enga\u00f1osas y confusas que resultan de esa decisi\u00f3n totalmente arbitraria y poco l\u00f3gica.<\/p>\n","protected":false},"excerpt":{"rendered":"<p>Por: Derek &amp; Laura Cabrera Traducido y adaptado por: Jorge Vald\u00e9s Garciatorres \u00abLa emergencia advierte el modo en que peque\u00f1as acciones y conexiones crean sistemas complejos, patrones que se convierten en ecosistemas y sociedades\u00bb. Adrienne Maree Brown El debate sobre la emergencia es siempre uno de los que m\u00e1s caldea los \u00e1nimos en la comunidad [&hellip;]<\/p>\n","protected":false},"author":26,"featured_media":9844,"comment_status":"closed","ping_status":"closed","sticky":false,"template":"","format":"standard","meta":{"_acf_changed":false,"footnotes":""},"categories":[526],"tags":[532,529,533],"class_list":["post-9841","post","type-post","status-publish","format-standard","has-post-thumbnail","hentry","category-pensamiento-sistemico","tag-el-todo-es-mas-que-las-partes","tag-pensamiento-sistemico","tag-vacas-sagradas"],"acf":[],"yoast_head":"<!-- This site is optimized with the Yoast SEO plugin v24.4 - https:\/\/yoast.com\/wordpress\/plugins\/seo\/ -->\n<title>La emergencia: 1 de las 6 vacas sagradas del pensamiento sist\u00e9mico - Proyectum Per\u00fa<\/title>\n<meta name=\"robots\" content=\"index, follow, max-snippet:-1, max-image-preview:large, max-video-preview:-1\" \/>\n<link rel=\"canonical\" href=\"https:\/\/proyectum.com\/pe\/la-emergencia-1-de-las-6-vacas-sagradas-del-pensamiento-sistemico\/\" \/>\n<meta property=\"og:locale\" content=\"es_ES\" \/>\n<meta property=\"og:type\" content=\"article\" \/>\n<meta property=\"og:title\" content=\"La emergencia: 1 de las 6 vacas sagradas del pensamiento sist\u00e9mico - Proyectum Per\u00fa\" \/>\n<meta property=\"og:description\" content=\"Por: Derek &amp; Laura Cabrera Traducido y adaptado por: Jorge Vald\u00e9s Garciatorres \u00abLa emergencia advierte el modo en que peque\u00f1as acciones y conexiones crean sistemas complejos, patrones que se convierten en ecosistemas y sociedades\u00bb. Adrienne Maree Brown El debate sobre la emergencia es siempre uno de los que m\u00e1s caldea los \u00e1nimos en la comunidad [&hellip;]\" \/>\n<meta property=\"og:url\" content=\"https:\/\/proyectum.com\/pe\/la-emergencia-1-de-las-6-vacas-sagradas-del-pensamiento-sistemico\/\" \/>\n<meta property=\"og:site_name\" content=\"Proyectum Per\u00fa\" \/>\n<meta property=\"article:publisher\" content=\"https:\/\/www.facebook.com\/proyectum.pe\/\" \/>\n<meta property=\"article:published_time\" content=\"2021-12-07T17:26:20+00:00\" \/>\n<meta property=\"og:image\" content=\"https:\/\/proyectum.com\/pe\/wp-content\/uploads\/2021\/12\/6-vacas-sagradas-del-pensamiento-sistemico.jpg\" \/>\n\t<meta property=\"og:image:width\" content=\"1700\" \/>\n\t<meta property=\"og:image:height\" content=\"1133\" \/>\n\t<meta property=\"og:image:type\" content=\"image\/jpeg\" \/>\n<meta name=\"author\" content=\"Proyectum 2024\" \/>\n<meta name=\"twitter:card\" content=\"summary_large_image\" \/>\n<meta name=\"twitter:label1\" content=\"Escrito por\" \/>\n\t<meta name=\"twitter:data1\" content=\"Proyectum 2024\" \/>\n\t<meta name=\"twitter:label2\" content=\"Tiempo de lectura\" \/>\n\t<meta name=\"twitter:data2\" content=\"10 minutos\" \/>\n<script type=\"application\/ld+json\" class=\"yoast-schema-graph\">{\"@context\":\"https:\/\/schema.org\",\"@graph\":[{\"@type\":\"Article\",\"@id\":\"https:\/\/proyectum.com\/pe\/la-emergencia-1-de-las-6-vacas-sagradas-del-pensamiento-sistemico\/#article\",\"isPartOf\":{\"@id\":\"https:\/\/proyectum.com\/pe\/la-emergencia-1-de-las-6-vacas-sagradas-del-pensamiento-sistemico\/\"},\"author\":{\"name\":\"Proyectum 2024\",\"@id\":\"https:\/\/proyectum.com\/pe\/#\/schema\/person\/784b10060c51822d857e3004ea132bb4\"},\"headline\":\"La emergencia: 1 de las 6 vacas sagradas del pensamiento sist\u00e9mico\",\"datePublished\":\"2021-12-07T17:26:20+00:00\",\"mainEntityOfPage\":{\"@id\":\"https:\/\/proyectum.com\/pe\/la-emergencia-1-de-las-6-vacas-sagradas-del-pensamiento-sistemico\/\"},\"wordCount\":2262,\"publisher\":{\"@id\":\"https:\/\/proyectum.com\/pe\/#organization\"},\"image\":{\"@id\":\"https:\/\/proyectum.com\/pe\/la-emergencia-1-de-las-6-vacas-sagradas-del-pensamiento-sistemico\/#primaryimage\"},\"thumbnailUrl\":\"https:\/\/proyectum.com\/pe\/wp-content\/uploads\/2021\/12\/6-vacas-sagradas-del-pensamiento-sistemico.jpg\",\"keywords\":[\"el todo es m\u00e1s que las partes\",\"pensamiento sist\u00e9mico\",\"vacas sagradas\"],\"articleSection\":[\"Pensamiento sist\u00e9mico\"],\"inLanguage\":\"es\"},{\"@type\":\"WebPage\",\"@id\":\"https:\/\/proyectum.com\/pe\/la-emergencia-1-de-las-6-vacas-sagradas-del-pensamiento-sistemico\/\",\"url\":\"https:\/\/proyectum.com\/pe\/la-emergencia-1-de-las-6-vacas-sagradas-del-pensamiento-sistemico\/\",\"name\":\"La emergencia: 1 de las 6 vacas sagradas del pensamiento sist\u00e9mico - Proyectum Per\u00fa\",\"isPartOf\":{\"@id\":\"https:\/\/proyectum.com\/pe\/#website\"},\"primaryImageOfPage\":{\"@id\":\"https:\/\/proyectum.com\/pe\/la-emergencia-1-de-las-6-vacas-sagradas-del-pensamiento-sistemico\/#primaryimage\"},\"image\":{\"@id\":\"https:\/\/proyectum.com\/pe\/la-emergencia-1-de-las-6-vacas-sagradas-del-pensamiento-sistemico\/#primaryimage\"},\"thumbnailUrl\":\"https:\/\/proyectum.com\/pe\/wp-content\/uploads\/2021\/12\/6-vacas-sagradas-del-pensamiento-sistemico.jpg\",\"datePublished\":\"2021-12-07T17:26:20+00:00\",\"breadcrumb\":{\"@id\":\"https:\/\/proyectum.com\/pe\/la-emergencia-1-de-las-6-vacas-sagradas-del-pensamiento-sistemico\/#breadcrumb\"},\"inLanguage\":\"es\",\"potentialAction\":[{\"@type\":\"ReadAction\",\"target\":[\"https:\/\/proyectum.com\/pe\/la-emergencia-1-de-las-6-vacas-sagradas-del-pensamiento-sistemico\/\"]}]},{\"@type\":\"ImageObject\",\"inLanguage\":\"es\",\"@id\":\"https:\/\/proyectum.com\/pe\/la-emergencia-1-de-las-6-vacas-sagradas-del-pensamiento-sistemico\/#primaryimage\",\"url\":\"https:\/\/proyectum.com\/pe\/wp-content\/uploads\/2021\/12\/6-vacas-sagradas-del-pensamiento-sistemico.jpg\",\"contentUrl\":\"https:\/\/proyectum.com\/pe\/wp-content\/uploads\/2021\/12\/6-vacas-sagradas-del-pensamiento-sistemico.jpg\",\"width\":1700,\"height\":1133,\"caption\":\"6 vacas sagradas del pensamiento siste\u0301mico\"},{\"@type\":\"BreadcrumbList\",\"@id\":\"https:\/\/proyectum.com\/pe\/la-emergencia-1-de-las-6-vacas-sagradas-del-pensamiento-sistemico\/#breadcrumb\",\"itemListElement\":[{\"@type\":\"ListItem\",\"position\":1,\"name\":\"Home\",\"item\":\"https:\/\/proyectum.com\/pe\/\"},{\"@type\":\"ListItem\",\"position\":2,\"name\":\"La emergencia: 1 de las 6 vacas sagradas del pensamiento sist\u00e9mico\"}]},{\"@type\":\"WebSite\",\"@id\":\"https:\/\/proyectum.com\/pe\/#website\",\"url\":\"https:\/\/proyectum.com\/pe\/\",\"name\":\"Proyectum Per\u00fa\",\"description\":\"Direcci\u00f3n de Proyectos y Metodolog\u00edas \u00c1giles\",\"publisher\":{\"@id\":\"https:\/\/proyectum.com\/pe\/#organization\"},\"potentialAction\":[{\"@type\":\"SearchAction\",\"target\":{\"@type\":\"EntryPoint\",\"urlTemplate\":\"https:\/\/proyectum.com\/pe\/?s={search_term_string}\"},\"query-input\":{\"@type\":\"PropertyValueSpecification\",\"valueRequired\":true,\"valueName\":\"search_term_string\"}}],\"inLanguage\":\"es\"},{\"@type\":\"Organization\",\"@id\":\"https:\/\/proyectum.com\/pe\/#organization\",\"name\":\"Proyectum Per\u00fa\",\"url\":\"https:\/\/proyectum.com\/pe\/\",\"logo\":{\"@type\":\"ImageObject\",\"inLanguage\":\"es\",\"@id\":\"https:\/\/proyectum.com\/pe\/#\/schema\/logo\/image\/\",\"url\":\"https:\/\/proyectum.com\/pe\/wp-content\/uploads\/2020\/04\/proyectum-logo-snippet.png\",\"contentUrl\":\"https:\/\/proyectum.com\/pe\/wp-content\/uploads\/2020\/04\/proyectum-logo-snippet.png\",\"width\":600,\"height\":315,\"caption\":\"Proyectum Per\u00fa\"},\"image\":{\"@id\":\"https:\/\/proyectum.com\/pe\/#\/schema\/logo\/image\/\"},\"sameAs\":[\"https:\/\/www.facebook.com\/proyectum.pe\/\",\"https:\/\/www.instagram.com\/proyectum.pe\/\",\"https:\/\/www.linkedin.com\/company\/proyectumperu\/\",\"https:\/\/www.youtube.com\/@proyectum2283\/videos\"]},{\"@type\":\"Person\",\"@id\":\"https:\/\/proyectum.com\/pe\/#\/schema\/person\/784b10060c51822d857e3004ea132bb4\",\"name\":\"Proyectum 2024\",\"image\":{\"@type\":\"ImageObject\",\"inLanguage\":\"es\",\"@id\":\"https:\/\/proyectum.com\/pe\/#\/schema\/person\/image\/\",\"url\":\"https:\/\/secure.gravatar.com\/avatar\/df82793fddd8f0a5a84fdb27d958bf73?s=96&d=mm&r=g\",\"contentUrl\":\"https:\/\/secure.gravatar.com\/avatar\/df82793fddd8f0a5a84fdb27d958bf73?s=96&d=mm&r=g\",\"caption\":\"Proyectum 2024\"}}]}<\/script>\n<!-- \/ Yoast SEO plugin. -->","yoast_head_json":{"title":"La emergencia: 1 de las 6 vacas sagradas del pensamiento sist\u00e9mico - Proyectum Per\u00fa","robots":{"index":"index","follow":"follow","max-snippet":"max-snippet:-1","max-image-preview":"max-image-preview:large","max-video-preview":"max-video-preview:-1"},"canonical":"https:\/\/proyectum.com\/pe\/la-emergencia-1-de-las-6-vacas-sagradas-del-pensamiento-sistemico\/","og_locale":"es_ES","og_type":"article","og_title":"La emergencia: 1 de las 6 vacas sagradas del pensamiento sist\u00e9mico - Proyectum Per\u00fa","og_description":"Por: Derek &amp; Laura Cabrera Traducido y adaptado por: Jorge Vald\u00e9s Garciatorres \u00abLa emergencia advierte el modo en que peque\u00f1as acciones y conexiones crean sistemas complejos, patrones que se convierten en ecosistemas y sociedades\u00bb. Adrienne Maree Brown El debate sobre la emergencia es siempre uno de los que m\u00e1s caldea los \u00e1nimos en la comunidad [&hellip;]","og_url":"https:\/\/proyectum.com\/pe\/la-emergencia-1-de-las-6-vacas-sagradas-del-pensamiento-sistemico\/","og_site_name":"Proyectum Per\u00fa","article_publisher":"https:\/\/www.facebook.com\/proyectum.pe\/","article_published_time":"2021-12-07T17:26:20+00:00","og_image":[{"width":1700,"height":1133,"url":"https:\/\/proyectum.com\/pe\/wp-content\/uploads\/2021\/12\/6-vacas-sagradas-del-pensamiento-sistemico.jpg","type":"image\/jpeg"}],"author":"Proyectum 2024","twitter_card":"summary_large_image","twitter_misc":{"Escrito por":"Proyectum 2024","Tiempo de lectura":"10 minutos"},"schema":{"@context":"https:\/\/schema.org","@graph":[{"@type":"Article","@id":"https:\/\/proyectum.com\/pe\/la-emergencia-1-de-las-6-vacas-sagradas-del-pensamiento-sistemico\/#article","isPartOf":{"@id":"https:\/\/proyectum.com\/pe\/la-emergencia-1-de-las-6-vacas-sagradas-del-pensamiento-sistemico\/"},"author":{"name":"Proyectum 2024","@id":"https:\/\/proyectum.com\/pe\/#\/schema\/person\/784b10060c51822d857e3004ea132bb4"},"headline":"La emergencia: 1 de las 6 vacas sagradas del pensamiento sist\u00e9mico","datePublished":"2021-12-07T17:26:20+00:00","mainEntityOfPage":{"@id":"https:\/\/proyectum.com\/pe\/la-emergencia-1-de-las-6-vacas-sagradas-del-pensamiento-sistemico\/"},"wordCount":2262,"publisher":{"@id":"https:\/\/proyectum.com\/pe\/#organization"},"image":{"@id":"https:\/\/proyectum.com\/pe\/la-emergencia-1-de-las-6-vacas-sagradas-del-pensamiento-sistemico\/#primaryimage"},"thumbnailUrl":"https:\/\/proyectum.com\/pe\/wp-content\/uploads\/2021\/12\/6-vacas-sagradas-del-pensamiento-sistemico.jpg","keywords":["el todo es m\u00e1s que las partes","pensamiento sist\u00e9mico","vacas sagradas"],"articleSection":["Pensamiento sist\u00e9mico"],"inLanguage":"es"},{"@type":"WebPage","@id":"https:\/\/proyectum.com\/pe\/la-emergencia-1-de-las-6-vacas-sagradas-del-pensamiento-sistemico\/","url":"https:\/\/proyectum.com\/pe\/la-emergencia-1-de-las-6-vacas-sagradas-del-pensamiento-sistemico\/","name":"La emergencia: 1 de las 6 vacas sagradas del pensamiento sist\u00e9mico - Proyectum Per\u00fa","isPartOf":{"@id":"https:\/\/proyectum.com\/pe\/#website"},"primaryImageOfPage":{"@id":"https:\/\/proyectum.com\/pe\/la-emergencia-1-de-las-6-vacas-sagradas-del-pensamiento-sistemico\/#primaryimage"},"image":{"@id":"https:\/\/proyectum.com\/pe\/la-emergencia-1-de-las-6-vacas-sagradas-del-pensamiento-sistemico\/#primaryimage"},"thumbnailUrl":"https:\/\/proyectum.com\/pe\/wp-content\/uploads\/2021\/12\/6-vacas-sagradas-del-pensamiento-sistemico.jpg","datePublished":"2021-12-07T17:26:20+00:00","breadcrumb":{"@id":"https:\/\/proyectum.com\/pe\/la-emergencia-1-de-las-6-vacas-sagradas-del-pensamiento-sistemico\/#breadcrumb"},"inLanguage":"es","potentialAction":[{"@type":"ReadAction","target":["https:\/\/proyectum.com\/pe\/la-emergencia-1-de-las-6-vacas-sagradas-del-pensamiento-sistemico\/"]}]},{"@type":"ImageObject","inLanguage":"es","@id":"https:\/\/proyectum.com\/pe\/la-emergencia-1-de-las-6-vacas-sagradas-del-pensamiento-sistemico\/#primaryimage","url":"https:\/\/proyectum.com\/pe\/wp-content\/uploads\/2021\/12\/6-vacas-sagradas-del-pensamiento-sistemico.jpg","contentUrl":"https:\/\/proyectum.com\/pe\/wp-content\/uploads\/2021\/12\/6-vacas-sagradas-del-pensamiento-sistemico.jpg","width":1700,"height":1133,"caption":"6 vacas sagradas del pensamiento siste\u0301mico"},{"@type":"BreadcrumbList","@id":"https:\/\/proyectum.com\/pe\/la-emergencia-1-de-las-6-vacas-sagradas-del-pensamiento-sistemico\/#breadcrumb","itemListElement":[{"@type":"ListItem","position":1,"name":"Home","item":"https:\/\/proyectum.com\/pe\/"},{"@type":"ListItem","position":2,"name":"La emergencia: 1 de las 6 vacas sagradas del pensamiento sist\u00e9mico"}]},{"@type":"WebSite","@id":"https:\/\/proyectum.com\/pe\/#website","url":"https:\/\/proyectum.com\/pe\/","name":"Proyectum Per\u00fa","description":"Direcci\u00f3n de Proyectos y Metodolog\u00edas \u00c1giles","publisher":{"@id":"https:\/\/proyectum.com\/pe\/#organization"},"potentialAction":[{"@type":"SearchAction","target":{"@type":"EntryPoint","urlTemplate":"https:\/\/proyectum.com\/pe\/?s={search_term_string}"},"query-input":{"@type":"PropertyValueSpecification","valueRequired":true,"valueName":"search_term_string"}}],"inLanguage":"es"},{"@type":"Organization","@id":"https:\/\/proyectum.com\/pe\/#organization","name":"Proyectum Per\u00fa","url":"https:\/\/proyectum.com\/pe\/","logo":{"@type":"ImageObject","inLanguage":"es","@id":"https:\/\/proyectum.com\/pe\/#\/schema\/logo\/image\/","url":"https:\/\/proyectum.com\/pe\/wp-content\/uploads\/2020\/04\/proyectum-logo-snippet.png","contentUrl":"https:\/\/proyectum.com\/pe\/wp-content\/uploads\/2020\/04\/proyectum-logo-snippet.png","width":600,"height":315,"caption":"Proyectum Per\u00fa"},"image":{"@id":"https:\/\/proyectum.com\/pe\/#\/schema\/logo\/image\/"},"sameAs":["https:\/\/www.facebook.com\/proyectum.pe\/","https:\/\/www.instagram.com\/proyectum.pe\/","https:\/\/www.linkedin.com\/company\/proyectumperu\/","https:\/\/www.youtube.com\/@proyectum2283\/videos"]},{"@type":"Person","@id":"https:\/\/proyectum.com\/pe\/#\/schema\/person\/784b10060c51822d857e3004ea132bb4","name":"Proyectum 2024","image":{"@type":"ImageObject","inLanguage":"es","@id":"https:\/\/proyectum.com\/pe\/#\/schema\/person\/image\/","url":"https:\/\/secure.gravatar.com\/avatar\/df82793fddd8f0a5a84fdb27d958bf73?s=96&d=mm&r=g","contentUrl":"https:\/\/secure.gravatar.com\/avatar\/df82793fddd8f0a5a84fdb27d958bf73?s=96&d=mm&r=g","caption":"Proyectum 2024"}}]}},"_links":{"self":[{"href":"https:\/\/proyectum.com\/pe\/wp-json\/wp\/v2\/posts\/9841","targetHints":{"allow":["GET"]}}],"collection":[{"href":"https:\/\/proyectum.com\/pe\/wp-json\/wp\/v2\/posts"}],"about":[{"href":"https:\/\/proyectum.com\/pe\/wp-json\/wp\/v2\/types\/post"}],"author":[{"embeddable":true,"href":"https:\/\/proyectum.com\/pe\/wp-json\/wp\/v2\/users\/26"}],"replies":[{"embeddable":true,"href":"https:\/\/proyectum.com\/pe\/wp-json\/wp\/v2\/comments?post=9841"}],"version-history":[{"count":0,"href":"https:\/\/proyectum.com\/pe\/wp-json\/wp\/v2\/posts\/9841\/revisions"}],"wp:featuredmedia":[{"embeddable":true,"href":"https:\/\/proyectum.com\/pe\/wp-json\/wp\/v2\/media\/9844"}],"wp:attachment":[{"href":"https:\/\/proyectum.com\/pe\/wp-json\/wp\/v2\/media?parent=9841"}],"wp:term":[{"taxonomy":"category","embeddable":true,"href":"https:\/\/proyectum.com\/pe\/wp-json\/wp\/v2\/categories?post=9841"},{"taxonomy":"post_tag","embeddable":true,"href":"https:\/\/proyectum.com\/pe\/wp-json\/wp\/v2\/tags?post=9841"}],"curies":[{"name":"wp","href":"https:\/\/api.w.org\/{rel}","templated":true}]}}