{"id":9852,"date":"2021-12-14T14:37:52","date_gmt":"2021-12-14T17:37:52","guid":{"rendered":"https:\/\/www.proyectum.com\/sistema\/?p=9852"},"modified":"2021-12-14T14:37:52","modified_gmt":"2021-12-14T17:37:52","slug":"esto-no-cambiara-el-anuncio-mas-importante-de-la-gestion-del-cambio","status":"publish","type":"post","link":"https:\/\/proyectum.com\/pe\/esto-no-cambiara-el-anuncio-mas-importante-de-la-gestion-del-cambio\/","title":{"rendered":"Esto no cambiar\u00e1 &#8211; El anuncio m\u00e1s importante de la gesti\u00f3n del cambio"},"content":{"rendered":"<p style=\"text-align: right;\">Por: Leandro Herrero, MD<\/p>\n<p style=\"text-align: right;\">Traducido y adaptado por: Jorge Vald\u00e9s Garciatorres, MDO, PMP<\/p>\n<p style=\"text-align: right;\"><em>\u00abTodo el mundo piensa en cambiar el mundo, pero nadie piensa en cambiarse a s\u00ed mismo\u00bb.<\/em><\/p>\n<p style=\"text-align: right;\">Le\u00f3n Tolstoi<\/p>\n<p>Tradicionalmente, el <strong>sector de la gesti\u00f3n del cambio<\/strong> ha pasado por alto un gran elefante en la habitaci\u00f3n: en tiempos de cambio, \u00bfqu\u00e9 es lo que realmente no debe cambiar? Esto cambiar\u00e1, esto no. El segundo 50% siempre falla.<\/p>\n<p>No es de extra\u00f1ar que la gente tenga miedo del cambio que voltear\u00e1 su mundo al rev\u00e9s totalmente y en el que se ver\u00e1n envueltos. No hace falta nada, el costo es cero, de afirmar lo que no est\u00e1 por el cambio. No s\u00f3lo en t\u00e9rminos de estructuras e informes (cuesti\u00f3n no menor para los posibles afectados y no afectados) sino tambi\u00e9n en t\u00e9rminos de valores y principios.<\/p>\n<p>Los argumentos a favor del cambio son mucho m\u00e1s fuertes cuando se establece lo que no se puede cambiar, lo que no se toca y por qu\u00e9. En ese contexto, lo que est\u00e1 a favor del cambio tiene m\u00e1s sentido.<\/p>\n<p>Pido a mis clientes de Viral Change\u2122 que sean muy espec\u00edficos en esto. A veces, hasta el punto de empezar con \u00abel no-cambio\u00bb bien por adelantado en un plan de comunicaci\u00f3n inicial.<\/p>\n<p><strong>Las estrategias pueden cambiar, las estructuras pueden cambiar, los procesos pueden cambiar, las t\u00e1cticas pueden cambiar, pero, por ejemplo, un conjunto de valores debe ser constante. Y estos deben ser reiterados.<\/strong><\/p>\n<p>Por supuesto, antes de hacerlo, es mejor comprobar que lo que ponemos en el plato para cambiar y, sobre todo, el c\u00f3mo va a cambiar, no va a contradecir el sistema de valores ni los fundamentos. Si es as\u00ed, \u00a1tiempo muerto!.<\/p>\n<p>Si esto es para la \u00abgesti\u00f3n del cambio\u00bb en general, se puede aplicar un patr\u00f3n similar a las estrategias comerciales. M\u00e1s adelante hablaremos de ello.<\/p>\n<p>_______________<\/p>\n<p>Para ver el articulo original por favor da clic en esta <a href=\"https:\/\/leandroherrero.com\/change-managements-most-important-announcement-this-will-not-change\/\" target=\"_blank\" rel=\"noopener\">liga<\/a><\/p>\n<p>\u00a9 The Chalfont Project Limited 2021. All rights reserved<\/p>\n<p>All articles supplied by [The Chalfont Project Limited] whether by access to digital resources or directly to any individual or company (collectively \u201cthe Content\u201d) are copyright The Chalfont Project Limited. Copying, reproducing, distributing, modifying, or transmitting the Content or any part of the Content is prohibited. Other than as expressly granted to any person or organization, no rights over the Content are granted or implied. \u201cViral Change\u2122\u201d is a registered trademark of The Chalfont Project Limited\u00a0(TCP). The Chalfont Project has granted permission for Proyectum to publish material in Spanish on their company Blog. Material must be represented in its original form and clearly marked\u00a0as copyrighted material. No other licenses or permission for use or publication is allowed or implied\u00a0by this agreement.<\/p>\n","protected":false},"excerpt":{"rendered":"<p>Por: Leandro Herrero, MD Traducido y adaptado por: Jorge Vald\u00e9s Garciatorres, MDO, PMP \u00abTodo el mundo piensa en cambiar el mundo, pero nadie piensa en cambiarse a s\u00ed mismo\u00bb. Le\u00f3n Tolstoi Tradicionalmente, el sector de la gesti\u00f3n del cambio ha pasado por alto un gran elefante en la habitaci\u00f3n: en tiempos de cambio, \u00bfqu\u00e9 es [&hellip;]<\/p>\n","protected":false},"author":26,"featured_media":9854,"comment_status":"closed","ping_status":"closed","sticky":false,"template":"","format":"standard","meta":{"_acf_changed":false,"footnotes":""},"categories":[370,572],"tags":[779],"class_list":["post-9852","post","type-post","status-publish","format-standard","has-post-thumbnail","hentry","category-liderazgo","category-transformacion-y-cambio","tag-sector-de-la-gestion-del-cambio"],"acf":[],"yoast_head":"<!-- This site is optimized with the Yoast SEO plugin v24.4 - https:\/\/yoast.com\/wordpress\/plugins\/seo\/ -->\n<title>Esto no cambiar\u00e1 - El anuncio m\u00e1s importante de la gesti\u00f3n del cambio - Proyectum Per\u00fa<\/title>\n<meta name=\"robots\" content=\"index, follow, max-snippet:-1, max-image-preview:large, max-video-preview:-1\" \/>\n<link rel=\"canonical\" href=\"https:\/\/proyectum.com\/pe\/esto-no-cambiara-el-anuncio-mas-importante-de-la-gestion-del-cambio\/\" \/>\n<meta property=\"og:locale\" content=\"es_ES\" \/>\n<meta property=\"og:type\" content=\"article\" \/>\n<meta property=\"og:title\" content=\"Esto no cambiar\u00e1 - El anuncio m\u00e1s importante de la gesti\u00f3n del cambio - Proyectum Per\u00fa\" \/>\n<meta property=\"og:description\" content=\"Por: Leandro Herrero, MD Traducido y adaptado por: Jorge Vald\u00e9s Garciatorres, MDO, PMP \u00abTodo el mundo piensa en cambiar el mundo, pero nadie piensa en cambiarse a s\u00ed mismo\u00bb. Le\u00f3n Tolstoi Tradicionalmente, el sector de la gesti\u00f3n del cambio ha pasado por alto un gran elefante en la habitaci\u00f3n: en tiempos de cambio, \u00bfqu\u00e9 es [&hellip;]\" \/>\n<meta property=\"og:url\" content=\"https:\/\/proyectum.com\/pe\/esto-no-cambiara-el-anuncio-mas-importante-de-la-gestion-del-cambio\/\" \/>\n<meta property=\"og:site_name\" content=\"Proyectum Per\u00fa\" \/>\n<meta property=\"article:publisher\" content=\"https:\/\/www.facebook.com\/proyectum.pe\/\" \/>\n<meta property=\"article:published_time\" content=\"2021-12-14T17:37:52+00:00\" \/>\n<meta property=\"og:image\" content=\"https:\/\/proyectum.com\/pe\/wp-content\/uploads\/2021\/12\/Esto-no-cambiara.jpg\" \/>\n\t<meta property=\"og:image:width\" content=\"1700\" \/>\n\t<meta property=\"og:image:height\" content=\"1134\" \/>\n\t<meta property=\"og:image:type\" content=\"image\/jpeg\" \/>\n<meta name=\"author\" content=\"Proyectum 2024\" \/>\n<meta name=\"twitter:card\" content=\"summary_large_image\" \/>\n<meta name=\"twitter:label1\" content=\"Escrito por\" \/>\n\t<meta name=\"twitter:data1\" content=\"Proyectum 2024\" \/>\n\t<meta name=\"twitter:label2\" content=\"Tiempo de lectura\" \/>\n\t<meta name=\"twitter:data2\" content=\"2 minutos\" \/>\n<script type=\"application\/ld+json\" class=\"yoast-schema-graph\">{\"@context\":\"https:\/\/schema.org\",\"@graph\":[{\"@type\":\"Article\",\"@id\":\"https:\/\/proyectum.com\/pe\/esto-no-cambiara-el-anuncio-mas-importante-de-la-gestion-del-cambio\/#article\",\"isPartOf\":{\"@id\":\"https:\/\/proyectum.com\/pe\/esto-no-cambiara-el-anuncio-mas-importante-de-la-gestion-del-cambio\/\"},\"author\":{\"name\":\"Proyectum 2024\",\"@id\":\"https:\/\/proyectum.com\/pe\/#\/schema\/person\/784b10060c51822d857e3004ea132bb4\"},\"headline\":\"Esto no cambiar\u00e1 &#8211; El anuncio m\u00e1s importante de la gesti\u00f3n del cambio\",\"datePublished\":\"2021-12-14T17:37:52+00:00\",\"mainEntityOfPage\":{\"@id\":\"https:\/\/proyectum.com\/pe\/esto-no-cambiara-el-anuncio-mas-importante-de-la-gestion-del-cambio\/\"},\"wordCount\":485,\"publisher\":{\"@id\":\"https:\/\/proyectum.com\/pe\/#organization\"},\"image\":{\"@id\":\"https:\/\/proyectum.com\/pe\/esto-no-cambiara-el-anuncio-mas-importante-de-la-gestion-del-cambio\/#primaryimage\"},\"thumbnailUrl\":\"https:\/\/proyectum.com\/pe\/wp-content\/uploads\/2021\/12\/Esto-no-cambiara.jpg\",\"keywords\":[\"sector de la gesti\u00f3n del cambio\"],\"articleSection\":[\"Liderazgo\",\"Transformaci\u00f3n y cambio\"],\"inLanguage\":\"es\"},{\"@type\":\"WebPage\",\"@id\":\"https:\/\/proyectum.com\/pe\/esto-no-cambiara-el-anuncio-mas-importante-de-la-gestion-del-cambio\/\",\"url\":\"https:\/\/proyectum.com\/pe\/esto-no-cambiara-el-anuncio-mas-importante-de-la-gestion-del-cambio\/\",\"name\":\"Esto no cambiar\u00e1 - El anuncio m\u00e1s importante de la gesti\u00f3n del cambio - Proyectum Per\u00fa\",\"isPartOf\":{\"@id\":\"https:\/\/proyectum.com\/pe\/#website\"},\"primaryImageOfPage\":{\"@id\":\"https:\/\/proyectum.com\/pe\/esto-no-cambiara-el-anuncio-mas-importante-de-la-gestion-del-cambio\/#primaryimage\"},\"image\":{\"@id\":\"https:\/\/proyectum.com\/pe\/esto-no-cambiara-el-anuncio-mas-importante-de-la-gestion-del-cambio\/#primaryimage\"},\"thumbnailUrl\":\"https:\/\/proyectum.com\/pe\/wp-content\/uploads\/2021\/12\/Esto-no-cambiara.jpg\",\"datePublished\":\"2021-12-14T17:37:52+00:00\",\"breadcrumb\":{\"@id\":\"https:\/\/proyectum.com\/pe\/esto-no-cambiara-el-anuncio-mas-importante-de-la-gestion-del-cambio\/#breadcrumb\"},\"inLanguage\":\"es\",\"potentialAction\":[{\"@type\":\"ReadAction\",\"target\":[\"https:\/\/proyectum.com\/pe\/esto-no-cambiara-el-anuncio-mas-importante-de-la-gestion-del-cambio\/\"]}]},{\"@type\":\"ImageObject\",\"inLanguage\":\"es\",\"@id\":\"https:\/\/proyectum.com\/pe\/esto-no-cambiara-el-anuncio-mas-importante-de-la-gestion-del-cambio\/#primaryimage\",\"url\":\"https:\/\/proyectum.com\/pe\/wp-content\/uploads\/2021\/12\/Esto-no-cambiara.jpg\",\"contentUrl\":\"https:\/\/proyectum.com\/pe\/wp-content\/uploads\/2021\/12\/Esto-no-cambiara.jpg\",\"width\":1700,\"height\":1134,\"caption\":\"Esto no cambiara\"},{\"@type\":\"BreadcrumbList\",\"@id\":\"https:\/\/proyectum.com\/pe\/esto-no-cambiara-el-anuncio-mas-importante-de-la-gestion-del-cambio\/#breadcrumb\",\"itemListElement\":[{\"@type\":\"ListItem\",\"position\":1,\"name\":\"Home\",\"item\":\"https:\/\/proyectum.com\/pe\/\"},{\"@type\":\"ListItem\",\"position\":2,\"name\":\"Esto no cambiar\u00e1 &#8211; El anuncio m\u00e1s importante de la gesti\u00f3n del cambio\"}]},{\"@type\":\"WebSite\",\"@id\":\"https:\/\/proyectum.com\/pe\/#website\",\"url\":\"https:\/\/proyectum.com\/pe\/\",\"name\":\"Proyectum Per\u00fa\",\"description\":\"Direcci\u00f3n de Proyectos y Metodolog\u00edas \u00c1giles\",\"publisher\":{\"@id\":\"https:\/\/proyectum.com\/pe\/#organization\"},\"potentialAction\":[{\"@type\":\"SearchAction\",\"target\":{\"@type\":\"EntryPoint\",\"urlTemplate\":\"https:\/\/proyectum.com\/pe\/?s={search_term_string}\"},\"query-input\":{\"@type\":\"PropertyValueSpecification\",\"valueRequired\":true,\"valueName\":\"search_term_string\"}}],\"inLanguage\":\"es\"},{\"@type\":\"Organization\",\"@id\":\"https:\/\/proyectum.com\/pe\/#organization\",\"name\":\"Proyectum Per\u00fa\",\"url\":\"https:\/\/proyectum.com\/pe\/\",\"logo\":{\"@type\":\"ImageObject\",\"inLanguage\":\"es\",\"@id\":\"https:\/\/proyectum.com\/pe\/#\/schema\/logo\/image\/\",\"url\":\"https:\/\/proyectum.com\/pe\/wp-content\/uploads\/2020\/04\/proyectum-logo-snippet.png\",\"contentUrl\":\"https:\/\/proyectum.com\/pe\/wp-content\/uploads\/2020\/04\/proyectum-logo-snippet.png\",\"width\":600,\"height\":315,\"caption\":\"Proyectum Per\u00fa\"},\"image\":{\"@id\":\"https:\/\/proyectum.com\/pe\/#\/schema\/logo\/image\/\"},\"sameAs\":[\"https:\/\/www.facebook.com\/proyectum.pe\/\",\"https:\/\/www.instagram.com\/proyectum.pe\/\",\"https:\/\/www.linkedin.com\/company\/proyectumperu\/\",\"https:\/\/www.youtube.com\/@proyectum2283\/videos\"]},{\"@type\":\"Person\",\"@id\":\"https:\/\/proyectum.com\/pe\/#\/schema\/person\/784b10060c51822d857e3004ea132bb4\",\"name\":\"Proyectum 2024\",\"image\":{\"@type\":\"ImageObject\",\"inLanguage\":\"es\",\"@id\":\"https:\/\/proyectum.com\/pe\/#\/schema\/person\/image\/\",\"url\":\"https:\/\/secure.gravatar.com\/avatar\/df82793fddd8f0a5a84fdb27d958bf73?s=96&d=mm&r=g\",\"contentUrl\":\"https:\/\/secure.gravatar.com\/avatar\/df82793fddd8f0a5a84fdb27d958bf73?s=96&d=mm&r=g\",\"caption\":\"Proyectum 2024\"}}]}<\/script>\n<!-- \/ Yoast SEO plugin. -->","yoast_head_json":{"title":"Esto no cambiar\u00e1 - El anuncio m\u00e1s importante de la gesti\u00f3n del cambio - Proyectum Per\u00fa","robots":{"index":"index","follow":"follow","max-snippet":"max-snippet:-1","max-image-preview":"max-image-preview:large","max-video-preview":"max-video-preview:-1"},"canonical":"https:\/\/proyectum.com\/pe\/esto-no-cambiara-el-anuncio-mas-importante-de-la-gestion-del-cambio\/","og_locale":"es_ES","og_type":"article","og_title":"Esto no cambiar\u00e1 - El anuncio m\u00e1s importante de la gesti\u00f3n del cambio - Proyectum Per\u00fa","og_description":"Por: Leandro Herrero, MD Traducido y adaptado por: Jorge Vald\u00e9s Garciatorres, MDO, PMP \u00abTodo el mundo piensa en cambiar el mundo, pero nadie piensa en cambiarse a s\u00ed mismo\u00bb. Le\u00f3n Tolstoi Tradicionalmente, el sector de la gesti\u00f3n del cambio ha pasado por alto un gran elefante en la habitaci\u00f3n: en tiempos de cambio, \u00bfqu\u00e9 es [&hellip;]","og_url":"https:\/\/proyectum.com\/pe\/esto-no-cambiara-el-anuncio-mas-importante-de-la-gestion-del-cambio\/","og_site_name":"Proyectum Per\u00fa","article_publisher":"https:\/\/www.facebook.com\/proyectum.pe\/","article_published_time":"2021-12-14T17:37:52+00:00","og_image":[{"width":1700,"height":1134,"url":"https:\/\/proyectum.com\/pe\/wp-content\/uploads\/2021\/12\/Esto-no-cambiara.jpg","type":"image\/jpeg"}],"author":"Proyectum 2024","twitter_card":"summary_large_image","twitter_misc":{"Escrito por":"Proyectum 2024","Tiempo de lectura":"2 minutos"},"schema":{"@context":"https:\/\/schema.org","@graph":[{"@type":"Article","@id":"https:\/\/proyectum.com\/pe\/esto-no-cambiara-el-anuncio-mas-importante-de-la-gestion-del-cambio\/#article","isPartOf":{"@id":"https:\/\/proyectum.com\/pe\/esto-no-cambiara-el-anuncio-mas-importante-de-la-gestion-del-cambio\/"},"author":{"name":"Proyectum 2024","@id":"https:\/\/proyectum.com\/pe\/#\/schema\/person\/784b10060c51822d857e3004ea132bb4"},"headline":"Esto no cambiar\u00e1 &#8211; El anuncio m\u00e1s importante de la gesti\u00f3n del cambio","datePublished":"2021-12-14T17:37:52+00:00","mainEntityOfPage":{"@id":"https:\/\/proyectum.com\/pe\/esto-no-cambiara-el-anuncio-mas-importante-de-la-gestion-del-cambio\/"},"wordCount":485,"publisher":{"@id":"https:\/\/proyectum.com\/pe\/#organization"},"image":{"@id":"https:\/\/proyectum.com\/pe\/esto-no-cambiara-el-anuncio-mas-importante-de-la-gestion-del-cambio\/#primaryimage"},"thumbnailUrl":"https:\/\/proyectum.com\/pe\/wp-content\/uploads\/2021\/12\/Esto-no-cambiara.jpg","keywords":["sector de la gesti\u00f3n del cambio"],"articleSection":["Liderazgo","Transformaci\u00f3n y cambio"],"inLanguage":"es"},{"@type":"WebPage","@id":"https:\/\/proyectum.com\/pe\/esto-no-cambiara-el-anuncio-mas-importante-de-la-gestion-del-cambio\/","url":"https:\/\/proyectum.com\/pe\/esto-no-cambiara-el-anuncio-mas-importante-de-la-gestion-del-cambio\/","name":"Esto no cambiar\u00e1 - El anuncio m\u00e1s importante de la gesti\u00f3n del cambio - Proyectum Per\u00fa","isPartOf":{"@id":"https:\/\/proyectum.com\/pe\/#website"},"primaryImageOfPage":{"@id":"https:\/\/proyectum.com\/pe\/esto-no-cambiara-el-anuncio-mas-importante-de-la-gestion-del-cambio\/#primaryimage"},"image":{"@id":"https:\/\/proyectum.com\/pe\/esto-no-cambiara-el-anuncio-mas-importante-de-la-gestion-del-cambio\/#primaryimage"},"thumbnailUrl":"https:\/\/proyectum.com\/pe\/wp-content\/uploads\/2021\/12\/Esto-no-cambiara.jpg","datePublished":"2021-12-14T17:37:52+00:00","breadcrumb":{"@id":"https:\/\/proyectum.com\/pe\/esto-no-cambiara-el-anuncio-mas-importante-de-la-gestion-del-cambio\/#breadcrumb"},"inLanguage":"es","potentialAction":[{"@type":"ReadAction","target":["https:\/\/proyectum.com\/pe\/esto-no-cambiara-el-anuncio-mas-importante-de-la-gestion-del-cambio\/"]}]},{"@type":"ImageObject","inLanguage":"es","@id":"https:\/\/proyectum.com\/pe\/esto-no-cambiara-el-anuncio-mas-importante-de-la-gestion-del-cambio\/#primaryimage","url":"https:\/\/proyectum.com\/pe\/wp-content\/uploads\/2021\/12\/Esto-no-cambiara.jpg","contentUrl":"https:\/\/proyectum.com\/pe\/wp-content\/uploads\/2021\/12\/Esto-no-cambiara.jpg","width":1700,"height":1134,"caption":"Esto no cambiara"},{"@type":"BreadcrumbList","@id":"https:\/\/proyectum.com\/pe\/esto-no-cambiara-el-anuncio-mas-importante-de-la-gestion-del-cambio\/#breadcrumb","itemListElement":[{"@type":"ListItem","position":1,"name":"Home","item":"https:\/\/proyectum.com\/pe\/"},{"@type":"ListItem","position":2,"name":"Esto no cambiar\u00e1 &#8211; El anuncio m\u00e1s importante de la gesti\u00f3n del cambio"}]},{"@type":"WebSite","@id":"https:\/\/proyectum.com\/pe\/#website","url":"https:\/\/proyectum.com\/pe\/","name":"Proyectum Per\u00fa","description":"Direcci\u00f3n de Proyectos y Metodolog\u00edas \u00c1giles","publisher":{"@id":"https:\/\/proyectum.com\/pe\/#organization"},"potentialAction":[{"@type":"SearchAction","target":{"@type":"EntryPoint","urlTemplate":"https:\/\/proyectum.com\/pe\/?s={search_term_string}"},"query-input":{"@type":"PropertyValueSpecification","valueRequired":true,"valueName":"search_term_string"}}],"inLanguage":"es"},{"@type":"Organization","@id":"https:\/\/proyectum.com\/pe\/#organization","name":"Proyectum Per\u00fa","url":"https:\/\/proyectum.com\/pe\/","logo":{"@type":"ImageObject","inLanguage":"es","@id":"https:\/\/proyectum.com\/pe\/#\/schema\/logo\/image\/","url":"https:\/\/proyectum.com\/pe\/wp-content\/uploads\/2020\/04\/proyectum-logo-snippet.png","contentUrl":"https:\/\/proyectum.com\/pe\/wp-content\/uploads\/2020\/04\/proyectum-logo-snippet.png","width":600,"height":315,"caption":"Proyectum Per\u00fa"},"image":{"@id":"https:\/\/proyectum.com\/pe\/#\/schema\/logo\/image\/"},"sameAs":["https:\/\/www.facebook.com\/proyectum.pe\/","https:\/\/www.instagram.com\/proyectum.pe\/","https:\/\/www.linkedin.com\/company\/proyectumperu\/","https:\/\/www.youtube.com\/@proyectum2283\/videos"]},{"@type":"Person","@id":"https:\/\/proyectum.com\/pe\/#\/schema\/person\/784b10060c51822d857e3004ea132bb4","name":"Proyectum 2024","image":{"@type":"ImageObject","inLanguage":"es","@id":"https:\/\/proyectum.com\/pe\/#\/schema\/person\/image\/","url":"https:\/\/secure.gravatar.com\/avatar\/df82793fddd8f0a5a84fdb27d958bf73?s=96&d=mm&r=g","contentUrl":"https:\/\/secure.gravatar.com\/avatar\/df82793fddd8f0a5a84fdb27d958bf73?s=96&d=mm&r=g","caption":"Proyectum 2024"}}]}},"_links":{"self":[{"href":"https:\/\/proyectum.com\/pe\/wp-json\/wp\/v2\/posts\/9852","targetHints":{"allow":["GET"]}}],"collection":[{"href":"https:\/\/proyectum.com\/pe\/wp-json\/wp\/v2\/posts"}],"about":[{"href":"https:\/\/proyectum.com\/pe\/wp-json\/wp\/v2\/types\/post"}],"author":[{"embeddable":true,"href":"https:\/\/proyectum.com\/pe\/wp-json\/wp\/v2\/users\/26"}],"replies":[{"embeddable":true,"href":"https:\/\/proyectum.com\/pe\/wp-json\/wp\/v2\/comments?post=9852"}],"version-history":[{"count":0,"href":"https:\/\/proyectum.com\/pe\/wp-json\/wp\/v2\/posts\/9852\/revisions"}],"wp:featuredmedia":[{"embeddable":true,"href":"https:\/\/proyectum.com\/pe\/wp-json\/wp\/v2\/media\/9854"}],"wp:attachment":[{"href":"https:\/\/proyectum.com\/pe\/wp-json\/wp\/v2\/media?parent=9852"}],"wp:term":[{"taxonomy":"category","embeddable":true,"href":"https:\/\/proyectum.com\/pe\/wp-json\/wp\/v2\/categories?post=9852"},{"taxonomy":"post_tag","embeddable":true,"href":"https:\/\/proyectum.com\/pe\/wp-json\/wp\/v2\/tags?post=9852"}],"curies":[{"name":"wp","href":"https:\/\/api.w.org\/{rel}","templated":true}]}}