{"id":9871,"date":"2021-12-20T19:03:55","date_gmt":"2021-12-20T22:03:55","guid":{"rendered":"https:\/\/www.proyectum.com\/sistema\/?p=9871"},"modified":"2021-12-20T19:03:55","modified_gmt":"2021-12-20T22:03:55","slug":"el-pensamiento-sistemico-no-es-lo-mismo-que-el-pensamiento-holistico","status":"publish","type":"post","link":"https:\/\/proyectum.com\/pe\/el-pensamiento-sistemico-no-es-lo-mismo-que-el-pensamiento-holistico\/","title":{"rendered":"El pensamiento sist\u00e9mico no es lo mismo que el pensamiento hol\u00edstico"},"content":{"rendered":"<p style=\"text-align: right;\">Por: Derek &amp; Laura Cabrera<\/p>\n<p style=\"text-align: right;\">Traducido y adaptado por: Jorge Vald\u00e9s Garciatorres<\/p>\n<p style=\"text-align: right;\"><em>\u00abLa realidad est\u00e1 hecha de c\u00edrculos, pero nosotros vemos l\u00edneas rectas\u00bb.<\/em><\/p>\n<p style=\"text-align: right;\">\u00a0&#8211; Peter Senge<\/p>\n<p>Vamos a deconstruir esta afirmaci\u00f3n, hecha a menudo, de que el pensamiento sist\u00e9mico (ST) se contrapone al reduccionismo (en este caso, en los extremos opuestos de un continuo). Esta afirmaci\u00f3n parece razonable a primera vista, y la han hecho muchos de los <strong>padres fundadores del pensamiento sist\u00e9mico<\/strong>, as\u00ed como pensadores sist\u00e9micos contempor\u00e1neos. Pero hay algunos peligros, sobre todo los que tienen que ver con el hecho de confundir a las personas que se inician en este campo para que no entiendan lo que significa ser un pensador sist\u00e9mico.<\/p>\n<p>En primer lugar, si el reduccionismo (descomponer las cosas en sus partes constitutivas) est\u00e1 en un lado de un continuo, el holismo (ver las cosas en el contexto de su conjunto) est\u00e1 en el otro. Si el reduccionismo es lo opuesto al ST, entonces el ST y el holismo son sin\u00f3nimos. Aqu\u00ed est\u00e1 el problema&#8230;<\/p>\n<p>Por muy hol\u00edstico que sea uno, siempre hay un todo m\u00e1s grande que act\u00faa como contexto, y por lo tanto uno siempre est\u00e1 quitando quir\u00fargicamente el todo que se considera del todo del que forma parte, lo cual es una de las principales cr\u00edticas al reduccionismo. As\u00ed que ser un holista puro que no reduce o ser un reduccionista puro que no es holista es absurdo y es una falsa dicotom\u00eda. Tenemos que hacer ambas cosas para empezar a pensar en algo.<\/p>\n<p><img fetchpriority=\"high\" decoding=\"async\" class=\"aligncenter size-full wp-image-9873\" src=\"https:\/\/proyectum.com\/cl\/wp-content\/uploads\/2021\/12\/Descomponer-las-cosas.png\" alt=\"Descomponer las cosas\" width=\"590\" height=\"332\" \/>Por lo tanto, <strong>descomponer las cosas en partes (reduccionismo) es un acto de pensamiento sist\u00e9mico tanto como ver las cosas en el contexto del todo<\/strong>. Un sano equilibrio entre el todo y las partes es un aspecto necesario del pensamiento sist\u00e9mico. Hay un viejo dicho que dice que hay dos tipos de cient\u00edficos: los que dividen y los que agrupan. El pensamiento sist\u00e9mico es entonces el acto de no aceptar esta dualidad y de ser un \u00absplumper\u00bb.<\/p>\n<p>Por supuesto, esto crea otro problema. Cuando \u00abdescomponemos\u00bb las cosas en sus partes estructurales, estamos \u00abrompiendo\u00bb las relaciones din\u00e1micas, por lo que debemos tener especial cuidado en identificar las relaciones rotas y pensar en ellas como las partes din\u00e1micas del todo (o podemos acabar con fen\u00f3menos inexplicables que debemos etiquetar como emergentes).<\/p>\n<p><img decoding=\"async\" class=\"aligncenter wp-image-9874\" src=\"https:\/\/proyectum.com\/cl\/wp-content\/uploads\/2021\/12\/Rompimos-las-relaciones.png\" alt=\"Rompimos las relaciones\" width=\"359\" height=\"201\" \/>Por supuesto, ahora tenemos otro problema: que incluso nuestro pensamiento m\u00e1s hol\u00edstico no puede ser infinito y completo. Incluso el pensamiento hol\u00edstico debe trazar un l\u00edmite en alguna parte. Como m\u00ednimo, entre lo que consideramos y lo que no. En ese momento se forma una distinci\u00f3n entre lo que decidimos considerar y lo que decidimos no considerar. Este l\u00edmite es una distinci\u00f3n en la que identificamos algunas cosas que est\u00e1n dentro del \u00e1mbito de nuestra observaci\u00f3n y otras que est\u00e1n fuera de \u00e9l.<\/p>\n<p><img decoding=\"async\" class=\"aligncenter size-full wp-image-9875\" src=\"https:\/\/proyectum.com\/pe\/wp-content\/uploads\/2021\/12\/Todo-Nada.png\" alt=\"Todo Nada\" width=\"312\" height=\"235\" srcset=\"https:\/\/proyectum.com\/pe\/wp-content\/uploads\/2021\/12\/Todo-Nada.png 312w, https:\/\/proyectum.com\/pe\/wp-content\/uploads\/2021\/12\/Todo-Nada-300x226.png 300w, https:\/\/proyectum.com\/pe\/wp-content\/uploads\/2021\/12\/Todo-Nada-64x48.png 64w\" sizes=\"(max-width: 312px) 100vw, 312px\" \/>Esto, a su vez, provoca otro problema, y es que la elecci\u00f3n de un l\u00edmite es subjetiva y requiere perspectiva, por lo que debemos considerar que estas distinciones que hacemos para el todo (y cada distinci\u00f3n posterior que hacemos de las partes) es perspectivista. Si cambiamos de perspectiva, tambi\u00e9n cambian las distinciones que hacemos.<\/p>\n<p>_______<\/p>\n<p>Esta es una de las 6 \u00abvacas sagradas\u00bb del pensamiento sist\u00e9mico. Consulta la tabla siguiente para ver todas las vacas sagradas y los conceptos que la reemplazan cient\u00edficamente v\u00e1lidos y luego haz clic en los enlaces para leer m\u00e1s sobre cada una de ellas.<\/p>\n<p>Tabla: 6 vacas sagradas del pensamiento sist\u00e9mico<\/p>\n<table width=\"584\">\n<thead>\n<tr>\n<td width=\"198\"><strong>VACA SAGRADA<\/strong><\/td>\n<td width=\"198\"><strong>\u00bfVERDADERO O FALSO?<\/strong><\/td>\n<td width=\"187\"><strong>Concepto que <\/strong><strong>la reemplaza <\/strong><strong>(y liga al blog)<\/strong><\/td>\n<\/tr>\n<\/thead>\n<tbody>\n<tr>\n<td width=\"198\">1.\u00a0\u00a0\u00a0\u00a0 El todo es m\u00e1s que la suma de las partes (tambi\u00e9n conocido como \u00abemergente\u00bb).<\/td>\n<td width=\"198\">Falso<\/td>\n<td width=\"187\"><a href=\"https:\/\/www.proyectum.com\/sistema\/blog\/la-emergencia-1-de-las-6-vacas-sagradas-del-pensamiento-sistemico\/\" target=\"_blank\" rel=\"noopener\">El todo es siempre precisamente igual a sus partes.<\/a><\/td>\n<\/tr>\n<tr>\n<td width=\"198\">2.\u00a0\u00a0\u00a0\u00a0 Todos los sistemas tienen una finalidad.<\/td>\n<td width=\"198\">Falso<\/td>\n<td width=\"187\"><a href=\"https:\/\/www.proyectum.com\/sistema\/blog\/el-proposito-de-un-sistema-es-lo-que-hace\/\" target=\"_blank\" rel=\"noopener\">El \u00abprop\u00f3sito\u00bb de un sistema es lo que hace.<\/a><\/td>\n<\/tr>\n<tr>\n<td width=\"198\">3.\u00a0\u00a0\u00a0\u00a0 El pensamiento sist\u00e9mico es ____ [insertar aqu\u00ed la din\u00e1mica de sistemas u otros modelos].<\/td>\n<td width=\"198\">Falso<\/td>\n<td width=\"187\">El pensamiento sist\u00e9mico es una pluralidad de cientos de m\u00e9todos y modelos que se articulan en torno a cuatro patrones de pensamiento (DSRP).<\/td>\n<\/tr>\n<tr>\n<td width=\"198\">4.\u00a0\u00a0\u00a0\u00a0 El pensamiento sist\u00e9mico es hol\u00edstico (o, alternativamente, el pensamiento sist\u00e9mico es anti-reduccionista)<\/td>\n<td width=\"198\">Falso<\/td>\n<td width=\"187\">El pensamiento sist\u00e9mico es un pensamiento equilibrado (tanto hol\u00edstico como reduccionista, y\/ o ambos no una cosa o la otra).<\/td>\n<\/tr>\n<tr>\n<td width=\"198\">5.\u00a0\u00a0\u00a0\u00a0 Todo est\u00e1 conectado.<\/td>\n<td width=\"198\">Falso<\/td>\n<td width=\"187\">Todo est\u00e1 conectado, o no.<\/td>\n<\/tr>\n<tr>\n<td width=\"198\">6.\u00a0\u00a0\u00a0\u00a0 No hay ning\u00fan sistema<\/p>\n<p>que exista.<\/td>\n<td width=\"198\">Falso<\/td>\n<td width=\"187\">Hay un sistema ah\u00ed fuera, s\u00f3lo que puede ser diferente de tu modelo mental del \u00e9ste.<\/td>\n<\/tr>\n<\/tbody>\n<\/table>\n<p>Liga al <a href=\"https:\/\/blog.cabreraresearch.org\/systems-thinking-is-not-the-same-as-holistic-thinking\" target=\"_blank\" rel=\"noopener\">art\u00edculo original<\/a><\/p>\n<p>____________________<\/p>\n<p><strong>Derek Cabrera<\/strong> (Doctorado, Cornell) es un cient\u00edfico de sistemas internacionalmente conocido y forma parte del cuerpo docente de la Universidad de Cornell, donde ense\u00f1a pensamiento sist\u00e9mico, liderazgo sist\u00e9mico y mapeo de sistemas, y es Director del Programa de Certificaci\u00f3n de Posgrado en Pensamiento, Modelado y Liderazgo de Sistemas (STML). Es cient\u00edfico senior en Cabrera Research Lab.<\/p>\n<p><strong>Laura Cabrera<\/strong> (B.S., M.P.A, &amp; PhD, Cornell) actualmente ense\u00f1a Pensamiento y Modelado de Sistemas y Liderazgo de Sistemas en la Universidad de Cornell en el Instituto de Asuntos Pol\u00edticos. Tambi\u00e9n es investigadora principal en el Cabrera Research Lab. Durante la \u00faltima d\u00e9cada, Cabrera ha aplicado su experiencia en m\u00e9todos de investigaci\u00f3n y en investigaci\u00f3n traslacional para aumentar la comprensi\u00f3n p\u00fablica, la aplicaci\u00f3n pr\u00e1ctica y la difusi\u00f3n de sofisticados modelos de ciencia de sistemas y de pensamiento sist\u00e9mico.<\/p>\n<p><strong>Jorge Vald\u00e9s Garciatorres<\/strong> (MDO, PMP), Por los ultimos 15 a\u00f1os, ha sido consultor en desarrollo organizacional e instructor en diversos temas aplicados a negocios como pensamiento sist\u00e9mico, direcci\u00f3n de proyectos, innovaci\u00f3n, filosf\u00eda \u00e1gil, desarrollo personal entre otros, ha participado como catedr\u00e1tico en la Univesidad de la Rioja. Traduce y escribe frecuentemente en diversos blogs.<\/p>\n<p>&nbsp;<\/p>\n","protected":false},"excerpt":{"rendered":"<p>Por: Derek &amp; Laura Cabrera Traducido y adaptado por: Jorge Vald\u00e9s Garciatorres \u00abLa realidad est\u00e1 hecha de c\u00edrculos, pero nosotros vemos l\u00edneas rectas\u00bb. \u00a0&#8211; Peter Senge Vamos a deconstruir esta afirmaci\u00f3n, hecha a menudo, de que el pensamiento sist\u00e9mico (ST) se contrapone al reduccionismo (en este caso, en los extremos opuestos de un continuo). Esta [&hellip;]<\/p>\n","protected":false},"author":26,"featured_media":9876,"comment_status":"closed","ping_status":"closed","sticky":false,"template":"","format":"standard","meta":{"_acf_changed":false,"footnotes":""},"categories":[526],"tags":[537,529,538],"class_list":["post-9871","post","type-post","status-publish","format-standard","has-post-thumbnail","hentry","category-pensamiento-sistemico","tag-padres-fundadores-del-pensamiento-sistemico","tag-pensamiento-sistemico","tag-reduccionismo"],"acf":[],"yoast_head":"<!-- This site is optimized with the Yoast SEO plugin v24.4 - https:\/\/yoast.com\/wordpress\/plugins\/seo\/ -->\n<title>El pensamiento sist\u00e9mico no es lo mismo que el pensamiento hol\u00edstico - Proyectum Per\u00fa<\/title>\n<meta name=\"robots\" content=\"index, follow, max-snippet:-1, max-image-preview:large, max-video-preview:-1\" \/>\n<link rel=\"canonical\" href=\"https:\/\/proyectum.com\/pe\/el-pensamiento-sistemico-no-es-lo-mismo-que-el-pensamiento-holistico\/\" \/>\n<meta property=\"og:locale\" content=\"es_ES\" \/>\n<meta property=\"og:type\" content=\"article\" \/>\n<meta property=\"og:title\" content=\"El pensamiento sist\u00e9mico no es lo mismo que el pensamiento hol\u00edstico - Proyectum Per\u00fa\" \/>\n<meta property=\"og:description\" content=\"Por: Derek &amp; Laura Cabrera Traducido y adaptado por: Jorge Vald\u00e9s Garciatorres \u00abLa realidad est\u00e1 hecha de c\u00edrculos, pero nosotros vemos l\u00edneas rectas\u00bb. \u00a0&#8211; Peter Senge Vamos a deconstruir esta afirmaci\u00f3n, hecha a menudo, de que el pensamiento sist\u00e9mico (ST) se contrapone al reduccionismo (en este caso, en los extremos opuestos de un continuo). Esta [&hellip;]\" \/>\n<meta property=\"og:url\" content=\"https:\/\/proyectum.com\/pe\/el-pensamiento-sistemico-no-es-lo-mismo-que-el-pensamiento-holistico\/\" \/>\n<meta property=\"og:site_name\" content=\"Proyectum Per\u00fa\" \/>\n<meta property=\"article:publisher\" content=\"https:\/\/www.facebook.com\/proyectum.pe\/\" \/>\n<meta property=\"article:published_time\" content=\"2021-12-20T22:03:55+00:00\" \/>\n<meta property=\"og:image\" content=\"https:\/\/proyectum.com\/pe\/wp-content\/uploads\/2021\/12\/Pensamiento-sistemico-scaled-1.jpg\" \/>\n\t<meta property=\"og:image:width\" content=\"2560\" \/>\n\t<meta property=\"og:image:height\" content=\"1707\" \/>\n\t<meta property=\"og:image:type\" content=\"image\/jpeg\" \/>\n<meta name=\"author\" content=\"Proyectum 2024\" \/>\n<meta name=\"twitter:card\" content=\"summary_large_image\" \/>\n<meta name=\"twitter:label1\" content=\"Escrito por\" \/>\n\t<meta name=\"twitter:data1\" content=\"Proyectum 2024\" \/>\n\t<meta name=\"twitter:label2\" content=\"Tiempo de lectura\" \/>\n\t<meta name=\"twitter:data2\" content=\"5 minutos\" \/>\n<script type=\"application\/ld+json\" class=\"yoast-schema-graph\">{\"@context\":\"https:\/\/schema.org\",\"@graph\":[{\"@type\":\"Article\",\"@id\":\"https:\/\/proyectum.com\/pe\/el-pensamiento-sistemico-no-es-lo-mismo-que-el-pensamiento-holistico\/#article\",\"isPartOf\":{\"@id\":\"https:\/\/proyectum.com\/pe\/el-pensamiento-sistemico-no-es-lo-mismo-que-el-pensamiento-holistico\/\"},\"author\":{\"name\":\"Proyectum 2024\",\"@id\":\"https:\/\/proyectum.com\/pe\/#\/schema\/person\/784b10060c51822d857e3004ea132bb4\"},\"headline\":\"El pensamiento sist\u00e9mico no es lo mismo que el pensamiento hol\u00edstico\",\"datePublished\":\"2021-12-20T22:03:55+00:00\",\"mainEntityOfPage\":{\"@id\":\"https:\/\/proyectum.com\/pe\/el-pensamiento-sistemico-no-es-lo-mismo-que-el-pensamiento-holistico\/\"},\"wordCount\":1013,\"publisher\":{\"@id\":\"https:\/\/proyectum.com\/pe\/#organization\"},\"image\":{\"@id\":\"https:\/\/proyectum.com\/pe\/el-pensamiento-sistemico-no-es-lo-mismo-que-el-pensamiento-holistico\/#primaryimage\"},\"thumbnailUrl\":\"https:\/\/proyectum.com\/pe\/wp-content\/uploads\/2021\/12\/Pensamiento-sistemico-scaled-1.jpg\",\"keywords\":[\"padres fundadores del pensamiento sist\u00e9mico\",\"pensamiento sist\u00e9mico\",\"reduccionismo\"],\"articleSection\":[\"Pensamiento sist\u00e9mico\"],\"inLanguage\":\"es\"},{\"@type\":\"WebPage\",\"@id\":\"https:\/\/proyectum.com\/pe\/el-pensamiento-sistemico-no-es-lo-mismo-que-el-pensamiento-holistico\/\",\"url\":\"https:\/\/proyectum.com\/pe\/el-pensamiento-sistemico-no-es-lo-mismo-que-el-pensamiento-holistico\/\",\"name\":\"El pensamiento sist\u00e9mico no es lo mismo que el pensamiento hol\u00edstico - Proyectum Per\u00fa\",\"isPartOf\":{\"@id\":\"https:\/\/proyectum.com\/pe\/#website\"},\"primaryImageOfPage\":{\"@id\":\"https:\/\/proyectum.com\/pe\/el-pensamiento-sistemico-no-es-lo-mismo-que-el-pensamiento-holistico\/#primaryimage\"},\"image\":{\"@id\":\"https:\/\/proyectum.com\/pe\/el-pensamiento-sistemico-no-es-lo-mismo-que-el-pensamiento-holistico\/#primaryimage\"},\"thumbnailUrl\":\"https:\/\/proyectum.com\/pe\/wp-content\/uploads\/2021\/12\/Pensamiento-sistemico-scaled-1.jpg\",\"datePublished\":\"2021-12-20T22:03:55+00:00\",\"breadcrumb\":{\"@id\":\"https:\/\/proyectum.com\/pe\/el-pensamiento-sistemico-no-es-lo-mismo-que-el-pensamiento-holistico\/#breadcrumb\"},\"inLanguage\":\"es\",\"potentialAction\":[{\"@type\":\"ReadAction\",\"target\":[\"https:\/\/proyectum.com\/pe\/el-pensamiento-sistemico-no-es-lo-mismo-que-el-pensamiento-holistico\/\"]}]},{\"@type\":\"ImageObject\",\"inLanguage\":\"es\",\"@id\":\"https:\/\/proyectum.com\/pe\/el-pensamiento-sistemico-no-es-lo-mismo-que-el-pensamiento-holistico\/#primaryimage\",\"url\":\"https:\/\/proyectum.com\/pe\/wp-content\/uploads\/2021\/12\/Pensamiento-sistemico-scaled-1.jpg\",\"contentUrl\":\"https:\/\/proyectum.com\/pe\/wp-content\/uploads\/2021\/12\/Pensamiento-sistemico-scaled-1.jpg\",\"width\":2560,\"height\":1707,\"caption\":\"Pensamiento sistemico\"},{\"@type\":\"BreadcrumbList\",\"@id\":\"https:\/\/proyectum.com\/pe\/el-pensamiento-sistemico-no-es-lo-mismo-que-el-pensamiento-holistico\/#breadcrumb\",\"itemListElement\":[{\"@type\":\"ListItem\",\"position\":1,\"name\":\"Home\",\"item\":\"https:\/\/proyectum.com\/pe\/\"},{\"@type\":\"ListItem\",\"position\":2,\"name\":\"El pensamiento sist\u00e9mico no es lo mismo que el pensamiento hol\u00edstico\"}]},{\"@type\":\"WebSite\",\"@id\":\"https:\/\/proyectum.com\/pe\/#website\",\"url\":\"https:\/\/proyectum.com\/pe\/\",\"name\":\"Proyectum Per\u00fa\",\"description\":\"Direcci\u00f3n de Proyectos y Metodolog\u00edas \u00c1giles\",\"publisher\":{\"@id\":\"https:\/\/proyectum.com\/pe\/#organization\"},\"potentialAction\":[{\"@type\":\"SearchAction\",\"target\":{\"@type\":\"EntryPoint\",\"urlTemplate\":\"https:\/\/proyectum.com\/pe\/?s={search_term_string}\"},\"query-input\":{\"@type\":\"PropertyValueSpecification\",\"valueRequired\":true,\"valueName\":\"search_term_string\"}}],\"inLanguage\":\"es\"},{\"@type\":\"Organization\",\"@id\":\"https:\/\/proyectum.com\/pe\/#organization\",\"name\":\"Proyectum Per\u00fa\",\"url\":\"https:\/\/proyectum.com\/pe\/\",\"logo\":{\"@type\":\"ImageObject\",\"inLanguage\":\"es\",\"@id\":\"https:\/\/proyectum.com\/pe\/#\/schema\/logo\/image\/\",\"url\":\"https:\/\/proyectum.com\/pe\/wp-content\/uploads\/2020\/04\/proyectum-logo-snippet.png\",\"contentUrl\":\"https:\/\/proyectum.com\/pe\/wp-content\/uploads\/2020\/04\/proyectum-logo-snippet.png\",\"width\":600,\"height\":315,\"caption\":\"Proyectum Per\u00fa\"},\"image\":{\"@id\":\"https:\/\/proyectum.com\/pe\/#\/schema\/logo\/image\/\"},\"sameAs\":[\"https:\/\/www.facebook.com\/proyectum.pe\/\",\"https:\/\/www.instagram.com\/proyectum.pe\/\",\"https:\/\/www.linkedin.com\/company\/proyectumperu\/\",\"https:\/\/www.youtube.com\/@proyectum2283\/videos\"]},{\"@type\":\"Person\",\"@id\":\"https:\/\/proyectum.com\/pe\/#\/schema\/person\/784b10060c51822d857e3004ea132bb4\",\"name\":\"Proyectum 2024\",\"image\":{\"@type\":\"ImageObject\",\"inLanguage\":\"es\",\"@id\":\"https:\/\/proyectum.com\/pe\/#\/schema\/person\/image\/\",\"url\":\"https:\/\/secure.gravatar.com\/avatar\/df82793fddd8f0a5a84fdb27d958bf73?s=96&d=mm&r=g\",\"contentUrl\":\"https:\/\/secure.gravatar.com\/avatar\/df82793fddd8f0a5a84fdb27d958bf73?s=96&d=mm&r=g\",\"caption\":\"Proyectum 2024\"}}]}<\/script>\n<!-- \/ Yoast SEO plugin. -->","yoast_head_json":{"title":"El pensamiento sist\u00e9mico no es lo mismo que el pensamiento hol\u00edstico - Proyectum Per\u00fa","robots":{"index":"index","follow":"follow","max-snippet":"max-snippet:-1","max-image-preview":"max-image-preview:large","max-video-preview":"max-video-preview:-1"},"canonical":"https:\/\/proyectum.com\/pe\/el-pensamiento-sistemico-no-es-lo-mismo-que-el-pensamiento-holistico\/","og_locale":"es_ES","og_type":"article","og_title":"El pensamiento sist\u00e9mico no es lo mismo que el pensamiento hol\u00edstico - Proyectum Per\u00fa","og_description":"Por: Derek &amp; Laura Cabrera Traducido y adaptado por: Jorge Vald\u00e9s Garciatorres \u00abLa realidad est\u00e1 hecha de c\u00edrculos, pero nosotros vemos l\u00edneas rectas\u00bb. \u00a0&#8211; Peter Senge Vamos a deconstruir esta afirmaci\u00f3n, hecha a menudo, de que el pensamiento sist\u00e9mico (ST) se contrapone al reduccionismo (en este caso, en los extremos opuestos de un continuo). Esta [&hellip;]","og_url":"https:\/\/proyectum.com\/pe\/el-pensamiento-sistemico-no-es-lo-mismo-que-el-pensamiento-holistico\/","og_site_name":"Proyectum Per\u00fa","article_publisher":"https:\/\/www.facebook.com\/proyectum.pe\/","article_published_time":"2021-12-20T22:03:55+00:00","og_image":[{"width":2560,"height":1707,"url":"https:\/\/proyectum.com\/pe\/wp-content\/uploads\/2021\/12\/Pensamiento-sistemico-scaled-1.jpg","type":"image\/jpeg"}],"author":"Proyectum 2024","twitter_card":"summary_large_image","twitter_misc":{"Escrito por":"Proyectum 2024","Tiempo de lectura":"5 minutos"},"schema":{"@context":"https:\/\/schema.org","@graph":[{"@type":"Article","@id":"https:\/\/proyectum.com\/pe\/el-pensamiento-sistemico-no-es-lo-mismo-que-el-pensamiento-holistico\/#article","isPartOf":{"@id":"https:\/\/proyectum.com\/pe\/el-pensamiento-sistemico-no-es-lo-mismo-que-el-pensamiento-holistico\/"},"author":{"name":"Proyectum 2024","@id":"https:\/\/proyectum.com\/pe\/#\/schema\/person\/784b10060c51822d857e3004ea132bb4"},"headline":"El pensamiento sist\u00e9mico no es lo mismo que el pensamiento hol\u00edstico","datePublished":"2021-12-20T22:03:55+00:00","mainEntityOfPage":{"@id":"https:\/\/proyectum.com\/pe\/el-pensamiento-sistemico-no-es-lo-mismo-que-el-pensamiento-holistico\/"},"wordCount":1013,"publisher":{"@id":"https:\/\/proyectum.com\/pe\/#organization"},"image":{"@id":"https:\/\/proyectum.com\/pe\/el-pensamiento-sistemico-no-es-lo-mismo-que-el-pensamiento-holistico\/#primaryimage"},"thumbnailUrl":"https:\/\/proyectum.com\/pe\/wp-content\/uploads\/2021\/12\/Pensamiento-sistemico-scaled-1.jpg","keywords":["padres fundadores del pensamiento sist\u00e9mico","pensamiento sist\u00e9mico","reduccionismo"],"articleSection":["Pensamiento sist\u00e9mico"],"inLanguage":"es"},{"@type":"WebPage","@id":"https:\/\/proyectum.com\/pe\/el-pensamiento-sistemico-no-es-lo-mismo-que-el-pensamiento-holistico\/","url":"https:\/\/proyectum.com\/pe\/el-pensamiento-sistemico-no-es-lo-mismo-que-el-pensamiento-holistico\/","name":"El pensamiento sist\u00e9mico no es lo mismo que el pensamiento hol\u00edstico - Proyectum Per\u00fa","isPartOf":{"@id":"https:\/\/proyectum.com\/pe\/#website"},"primaryImageOfPage":{"@id":"https:\/\/proyectum.com\/pe\/el-pensamiento-sistemico-no-es-lo-mismo-que-el-pensamiento-holistico\/#primaryimage"},"image":{"@id":"https:\/\/proyectum.com\/pe\/el-pensamiento-sistemico-no-es-lo-mismo-que-el-pensamiento-holistico\/#primaryimage"},"thumbnailUrl":"https:\/\/proyectum.com\/pe\/wp-content\/uploads\/2021\/12\/Pensamiento-sistemico-scaled-1.jpg","datePublished":"2021-12-20T22:03:55+00:00","breadcrumb":{"@id":"https:\/\/proyectum.com\/pe\/el-pensamiento-sistemico-no-es-lo-mismo-que-el-pensamiento-holistico\/#breadcrumb"},"inLanguage":"es","potentialAction":[{"@type":"ReadAction","target":["https:\/\/proyectum.com\/pe\/el-pensamiento-sistemico-no-es-lo-mismo-que-el-pensamiento-holistico\/"]}]},{"@type":"ImageObject","inLanguage":"es","@id":"https:\/\/proyectum.com\/pe\/el-pensamiento-sistemico-no-es-lo-mismo-que-el-pensamiento-holistico\/#primaryimage","url":"https:\/\/proyectum.com\/pe\/wp-content\/uploads\/2021\/12\/Pensamiento-sistemico-scaled-1.jpg","contentUrl":"https:\/\/proyectum.com\/pe\/wp-content\/uploads\/2021\/12\/Pensamiento-sistemico-scaled-1.jpg","width":2560,"height":1707,"caption":"Pensamiento sistemico"},{"@type":"BreadcrumbList","@id":"https:\/\/proyectum.com\/pe\/el-pensamiento-sistemico-no-es-lo-mismo-que-el-pensamiento-holistico\/#breadcrumb","itemListElement":[{"@type":"ListItem","position":1,"name":"Home","item":"https:\/\/proyectum.com\/pe\/"},{"@type":"ListItem","position":2,"name":"El pensamiento sist\u00e9mico no es lo mismo que el pensamiento hol\u00edstico"}]},{"@type":"WebSite","@id":"https:\/\/proyectum.com\/pe\/#website","url":"https:\/\/proyectum.com\/pe\/","name":"Proyectum Per\u00fa","description":"Direcci\u00f3n de Proyectos y Metodolog\u00edas \u00c1giles","publisher":{"@id":"https:\/\/proyectum.com\/pe\/#organization"},"potentialAction":[{"@type":"SearchAction","target":{"@type":"EntryPoint","urlTemplate":"https:\/\/proyectum.com\/pe\/?s={search_term_string}"},"query-input":{"@type":"PropertyValueSpecification","valueRequired":true,"valueName":"search_term_string"}}],"inLanguage":"es"},{"@type":"Organization","@id":"https:\/\/proyectum.com\/pe\/#organization","name":"Proyectum Per\u00fa","url":"https:\/\/proyectum.com\/pe\/","logo":{"@type":"ImageObject","inLanguage":"es","@id":"https:\/\/proyectum.com\/pe\/#\/schema\/logo\/image\/","url":"https:\/\/proyectum.com\/pe\/wp-content\/uploads\/2020\/04\/proyectum-logo-snippet.png","contentUrl":"https:\/\/proyectum.com\/pe\/wp-content\/uploads\/2020\/04\/proyectum-logo-snippet.png","width":600,"height":315,"caption":"Proyectum Per\u00fa"},"image":{"@id":"https:\/\/proyectum.com\/pe\/#\/schema\/logo\/image\/"},"sameAs":["https:\/\/www.facebook.com\/proyectum.pe\/","https:\/\/www.instagram.com\/proyectum.pe\/","https:\/\/www.linkedin.com\/company\/proyectumperu\/","https:\/\/www.youtube.com\/@proyectum2283\/videos"]},{"@type":"Person","@id":"https:\/\/proyectum.com\/pe\/#\/schema\/person\/784b10060c51822d857e3004ea132bb4","name":"Proyectum 2024","image":{"@type":"ImageObject","inLanguage":"es","@id":"https:\/\/proyectum.com\/pe\/#\/schema\/person\/image\/","url":"https:\/\/secure.gravatar.com\/avatar\/df82793fddd8f0a5a84fdb27d958bf73?s=96&d=mm&r=g","contentUrl":"https:\/\/secure.gravatar.com\/avatar\/df82793fddd8f0a5a84fdb27d958bf73?s=96&d=mm&r=g","caption":"Proyectum 2024"}}]}},"_links":{"self":[{"href":"https:\/\/proyectum.com\/pe\/wp-json\/wp\/v2\/posts\/9871","targetHints":{"allow":["GET"]}}],"collection":[{"href":"https:\/\/proyectum.com\/pe\/wp-json\/wp\/v2\/posts"}],"about":[{"href":"https:\/\/proyectum.com\/pe\/wp-json\/wp\/v2\/types\/post"}],"author":[{"embeddable":true,"href":"https:\/\/proyectum.com\/pe\/wp-json\/wp\/v2\/users\/26"}],"replies":[{"embeddable":true,"href":"https:\/\/proyectum.com\/pe\/wp-json\/wp\/v2\/comments?post=9871"}],"version-history":[{"count":0,"href":"https:\/\/proyectum.com\/pe\/wp-json\/wp\/v2\/posts\/9871\/revisions"}],"wp:featuredmedia":[{"embeddable":true,"href":"https:\/\/proyectum.com\/pe\/wp-json\/wp\/v2\/media\/9876"}],"wp:attachment":[{"href":"https:\/\/proyectum.com\/pe\/wp-json\/wp\/v2\/media?parent=9871"}],"wp:term":[{"taxonomy":"category","embeddable":true,"href":"https:\/\/proyectum.com\/pe\/wp-json\/wp\/v2\/categories?post=9871"},{"taxonomy":"post_tag","embeddable":true,"href":"https:\/\/proyectum.com\/pe\/wp-json\/wp\/v2\/tags?post=9871"}],"curies":[{"name":"wp","href":"https:\/\/api.w.org\/{rel}","templated":true}]}}