{"id":9894,"date":"2021-12-28T19:14:28","date_gmt":"2021-12-28T22:14:28","guid":{"rendered":"https:\/\/www.proyectum.com\/sistema\/?p=9894"},"modified":"2021-12-28T19:14:28","modified_gmt":"2021-12-28T22:14:28","slug":"dinamica-de-sistemas-%e2%89%a0-pensamiento-sistemico","status":"publish","type":"post","link":"https:\/\/proyectum.com\/pe\/dinamica-de-sistemas-%e2%89%a0-pensamiento-sistemico\/","title":{"rendered":"Din\u00e1mica de sistemas \u2260 Pensamiento sist\u00e9mico"},"content":{"rendered":"<p style=\"text-align: right;\">Por: Derek &amp; Laura Cabrera<\/p>\n<p style=\"text-align: right;\">Traducido y adaptado por: Jorge Vald\u00e9s Garciatorres<\/p>\n<p style=\"text-align: right;\"><em>\u00abEscuchar las dos caras de una historia te convencer\u00e1\u2026<\/em><\/p>\n<p style=\"text-align: right;\"><em>\u00a0\u2026hay algo m\u00e1s en una historia que las dos caras\u00bb.<\/em><\/p>\n<p style=\"text-align: right;\">&#8211; Frank Tyger<\/p>\n<p><img fetchpriority=\"high\" decoding=\"async\" class=\"aligncenter size-full wp-image-9895\" src=\"https:\/\/proyectum.com\/pe\/wp-content\/uploads\/2021\/12\/Pensamiento-Sistemico.png\" alt=\"Pensamiento Siste\u0301mico\" width=\"590\" height=\"332\" srcset=\"https:\/\/proyectum.com\/pe\/wp-content\/uploads\/2021\/12\/Pensamiento-Sistemico.png 590w, https:\/\/proyectum.com\/pe\/wp-content\/uploads\/2021\/12\/Pensamiento-Sistemico-300x169.png 300w, https:\/\/proyectum.com\/pe\/wp-content\/uploads\/2021\/12\/Pensamiento-Sistemico-64x36.png 64w\" sizes=\"(max-width: 590px) 100vw, 590px\" \/>El reciente debate suscitado por la pregunta \u00ab<strong>\u00bfQu\u00e9 es el pensamiento sist\u00e9mico?<\/strong>\u00bb me ha motivado a escribir este blog, en parte porque no existe una respuesta sencilla y ampliamente consensuada a esta importante cuesti\u00f3n. Especialmente en los Estados Unidos, <strong>cuando la gente nueva se acerca al pensamiento sist\u00e9mico (ST), hay una alta probabilidad de que su introducci\u00f3n sea a la Din\u00e1mica de Sistemas (SD)<\/strong>.<\/p>\n<p>Lo que la din\u00e1mica de sistemas y <strong>Peter Senge<\/strong> hicieron por la comunidad del pensamiento sist\u00e9mico es muy importante. <strong>Pusieron el pensamiento sist\u00e9mico en el mapa<\/strong>. Lo popularizaron. Pero toda acci\u00f3n tiene algunas consecuencias no deseadas. Hoy en d\u00eda, si tiras una piedra y golpeas a un pensador de sistemas, lo m\u00e1s probable es que haya adoptado la idea de que Din\u00e1mica de Sistemas = Pensamiento de Sistemas. La verdad es que la Din\u00e1mica de Sistemas \u2260 Pensamiento de Sistemas no es m\u00e1s que de lo que martillar clavos es lo mismo que la carpinter\u00eda.<\/p>\n<p>Actualmente trabajamos con varios departamentos de Ingenier\u00eda de Sistemas as\u00ed como con dinamizadores de sistemas y lo que hemos encontrado una y otra vez es que mientras la Din\u00e1mica de Sistemas es una herramienta poderosa para modelar ciertos tipos de sistemas, no es apropiada para todos los sistemas. Adem\u00e1s, incluso si la herramienta de DS es adecuada para el sistema que se estudia, los estudiantes a menudo pueden crear modelos de aspecto viable que no pasan la prueba del olfato, algo parecido a construir una silla de aspecto hermoso que se derrumba cuando uno se sienta en ella.<\/p>\n<p>En otras palabras, tienen las habilidades necesarias para utilizar la herramienta, pero carecen de las habilidades de carpinter\u00eda m\u00e1s profundas (es decir, de pensamiento) para utilizar la herramienta de forma experta. El DSRP<a href=\"#_ftn1\" name=\"_ftnref1\">[1]<\/a> ofrece esperanza a estos estudiantes porque desarrolla las habilidades universales que aumentan la capacidad de modelar mejores sistemas utilizando DS o cualquier herramienta que se adapte mejor al trabajo. De hecho, en el <a href=\"https:\/\/blog.cabreraresearch.org\/west-point-adopts-stms-book\" target=\"_blank\" rel=\"noopener\">programa de ingenier\u00eda de sistemas de West Point<\/a>, los estudiantes que aprenden din\u00e1mica de sistemas aprenden primero el DSRP para poder desarrollar mejores modelos de DS y de otros sistemas.<\/p>\n<p>Mi opini\u00f3n es que la DS (especialmente en Estados Unidos) ha sido una personalidad dominante en el panorama del ST y mi trabajo ha consistido en situarla en un contexto m\u00e1s amplio que incluye un mont\u00f3n de m\u00e9todos e ideas de sistemas muy potentes. La DS es un marco poderoso (desarrollado por Jay Forrester en el MIT, laboratorio del que salieron notables como Peter Senge y Donella Meadows) que tiene excelentes aplicaciones, pero no es una respuesta v\u00e1lida a la pregunta \u00ab\u00bfQu\u00e9 es el pensamiento sist\u00e9mico?\u00bb<\/p>\n<p>Mi recomendaci\u00f3n es que las personas interesadas en comprender toda la amplitud del ST lean una obra acad\u00e9mica como el libro editado por Gerald Midgley, en 4 vol\u00famenes, Systems Thinking[1:1] o que echen un vistazo a la Enciclopedia de Sistemas y Cibern\u00e9tica de Fran\u00e7ois[1:2] La lectura de estas fuentes les introducir\u00e1 en algunos enfoques y m\u00e9todos importantes del pensamiento sist\u00e9mico fuera de la DS, como la metodolog\u00eda de los sistemas blandos (SSM), el pensamiento sist\u00e9mico cr\u00edtico (CST), los sistemas adaptativos complejos (CAS), la cibern\u00e9tica, la teor\u00eda general de sistemas (GST) o el modelo ecol\u00f3gico del desarrollo humano. Pero, por supuesto, pocos de nosotros tenemos tiempo para leer la inmensa literatura de ST. Por eso Laura y yo escribimos STMS,[1:3] para que la gente pueda dedicar m\u00e1s tiempo a la ST y menos a recorrer la jungla de la literatura acad\u00e9mica.<\/p>\n<p>Liga al <a href=\"https:\/\/blog.cabreraresearch.org\/system-dynamics-does-not-equal-systems-thinking\" target=\"_blank\" rel=\"noopener\">art\u00edculo original<\/a><\/p>\n<p>________________<\/p>\n<p>Esta es una de las 6 \u00abvacas sagradas\u00bb del pensamiento sist\u00e9mico. Consulta la tabla siguiente para ver todas las vacas sagradas y los conceptos que la reemplazan cient\u00edficamente v\u00e1lidos y luego haz clic en los enlaces para leer m\u00e1s sobre cada una de ellas.<\/p>\n<p>Tabla: 6 vacas sagradas del pensamiento sist\u00e9mico<\/p>\n<table width=\"584\">\n<thead>\n<tr>\n<td width=\"198\"><strong>VACA SAGRADA<\/strong><\/td>\n<td width=\"198\"><strong>\u00bfVERDADERO O FALSO?<\/strong><\/td>\n<td width=\"187\"><strong>Concepto que <\/strong><\/p>\n<p><strong>la reemplaza<\/strong><\/p>\n<p><strong>(y liga al blog)<\/strong><\/td>\n<\/tr>\n<\/thead>\n<tbody>\n<tr>\n<td width=\"198\">1.\u00a0\u00a0\u00a0\u00a0 El todo es m\u00e1s que la suma de las partes (tambi\u00e9n conocido como \u00abemergente\u00bb).<\/td>\n<td width=\"198\">Falso<\/td>\n<td width=\"187\"><a href=\"https:\/\/www.proyectum.com\/sistema\/blog\/la-emergencia-1-de-las-6-vacas-sagradas-del-pensamiento-sistemico\/\" target=\"_blank\" rel=\"noopener\">El todo es siempre precisamente igual a sus partes.<\/a><\/td>\n<\/tr>\n<tr>\n<td width=\"198\">2.\u00a0\u00a0\u00a0\u00a0 Todos los sistemas tienen una finalidad.<\/td>\n<td width=\"198\">Falso<\/td>\n<td width=\"187\"><a href=\"https:\/\/www.proyectum.com\/sistema\/blog\/el-proposito-de-un-sistema-es-lo-que-hace\/\" target=\"_blank\" rel=\"noopener\">El \u00abprop\u00f3sito\u00bb de un sistema es lo que hace.<\/a><\/td>\n<\/tr>\n<tr>\n<td width=\"198\">3.\u00a0\u00a0\u00a0\u00a0 El pensamiento sist\u00e9mico es ____ [insertar aqu\u00ed la din\u00e1mica de sistemas u otros modelos].<\/td>\n<td width=\"198\">Falso<\/td>\n<td width=\"187\">El pensamiento sist\u00e9mico es una pluralidad de cientos de m\u00e9todos y modelos que se articulan en torno a cuatro patrones de pensamiento (DSRP).<\/td>\n<\/tr>\n<tr>\n<td width=\"198\">4.\u00a0\u00a0\u00a0\u00a0 El pensamiento sist\u00e9mico es hol\u00edstico (o, alternativamente, el pensamiento sist\u00e9mico es anti-reduccionista)<\/td>\n<td width=\"198\">Falso<\/td>\n<td width=\"187\"><a href=\"https:\/\/www.proyectum.com\/sistema\/blog\/el-pensamiento-sistemico-no-es-lo-mismo-que-el-pensamiento-holistico\/\" target=\"_blank\" rel=\"noopener\">El pensamiento sist\u00e9mico es un pensamiento equilibrado (tanto hol\u00edstico como reduccionista, y\/ o ambos no una cosa o la otra).<\/a><\/td>\n<\/tr>\n<tr>\n<td width=\"198\">5.\u00a0\u00a0\u00a0\u00a0 Todo est\u00e1 conectado.<\/td>\n<td width=\"198\">Falso<\/td>\n<td width=\"187\">Todo est\u00e1 conectado, o no.<\/td>\n<\/tr>\n<tr>\n<td width=\"198\">6.\u00a0\u00a0\u00a0\u00a0 No hay ning\u00fan sistema que exista.<\/td>\n<td width=\"198\">Falso<\/td>\n<td width=\"187\"><a href=\"https:\/\/www.proyectum.com\/sistema\/blog\/no-hay-sistemas-ahi-fuera-falso\/\" target=\"_blank\" rel=\"noopener\">Hay un sistema ah\u00ed fuera, s\u00f3lo que puede ser diferente de tu modelo mental del \u00e9ste.<\/a><\/td>\n<\/tr>\n<\/tbody>\n<\/table>\n<p>&nbsp;<\/p>\n<p>____________________<\/p>\n<p><strong>Derek Cabrera<\/strong> (Doctorado, Cornell) es un cient\u00edfico de sistemas internacionalmente conocido y forma parte del cuerpo docente de la Universidad de Cornell, donde ense\u00f1a pensamiento sist\u00e9mico, liderazgo sist\u00e9mico y mapeo de sistemas, y es Director del Programa de Certificaci\u00f3n de Posgrado en Pensamiento, Modelado y Liderazgo de Sistemas (STML). Es cient\u00edfico senior en Cabrera Research Lab.<\/p>\n<p><strong>Laura Cabrera<\/strong> (B.S., M.P.A, &amp; PhD, Cornell) actualmente ense\u00f1a Pensamiento y Modelado de Sistemas y Liderazgo de Sistemas en la Universidad de Cornell en el Instituto de Asuntos Pol\u00edticos. Tambi\u00e9n es investigadora principal en el Cabrera Research Lab. Durante la \u00faltima d\u00e9cada, Cabrera ha aplicado su experiencia en m\u00e9todos de investigaci\u00f3n y en investigaci\u00f3n traslacional para aumentar la comprensi\u00f3n p\u00fablica, la aplicaci\u00f3n pr\u00e1ctica y la difusi\u00f3n de sofisticados modelos de ciencia de sistemas y de pensamiento sist\u00e9mico.<\/p>\n<p><strong>Jorge Vald\u00e9s Garciatorres<\/strong> (MDO, PMP), Por los ultimos 15 a\u00f1os, ha sido consultor en desarrollo organizacional e instructor en diversos temas aplicados a negocios como pensamiento sist\u00e9mico, direcci\u00f3n de proyectos, innovaci\u00f3n, filosf\u00eda \u00e1gil, desarrollo personal entre otros, ha participado como catedr\u00e1tico en la Univesidad de la Rioja. Traduce y escribe frecuentemente en diversos blogs.<\/p>\n<p>&nbsp;<\/p>\n<p><a href=\"#_ftnref1\" name=\"_ftn1\">[1]<\/a> Cabrera, D. &amp; Cabrera, L. (2015).\u00a0Systems Thinking Made Simple: New Hope for Solving Wicked Problems. Odyssean.<\/p>\n<p>&nbsp;<\/p>\n","protected":false},"excerpt":{"rendered":"<p>Por: Derek &amp; Laura Cabrera Traducido y adaptado por: Jorge Vald\u00e9s Garciatorres \u00abEscuchar las dos caras de una historia te convencer\u00e1\u2026 \u00a0\u2026hay algo m\u00e1s en una historia que las dos caras\u00bb. &#8211; Frank Tyger El reciente debate suscitado por la pregunta \u00ab\u00bfQu\u00e9 es el pensamiento sist\u00e9mico?\u00bb me ha motivado a escribir este blog, en parte [&hellip;]<\/p>\n","protected":false},"author":26,"featured_media":9897,"comment_status":"closed","ping_status":"closed","sticky":false,"template":"","format":"standard","meta":{"_acf_changed":false,"footnotes":""},"categories":[526],"tags":[539,540,529,541,542],"class_list":["post-9894","post","type-post","status-publish","format-standard","has-post-thumbnail","hentry","category-pensamiento-sistemico","tag-que-es-el-pensamiento-sistemico","tag-dinamica-de-sistemas","tag-pensamiento-sistemico","tag-peter-senge","tag-pusieron-el-pensamiento-sistemico-en-el-mapa"],"acf":[],"yoast_head":"<!-- This site is optimized with the Yoast SEO plugin v24.4 - https:\/\/yoast.com\/wordpress\/plugins\/seo\/ -->\n<title>Din\u00e1mica de sistemas \u2260 Pensamiento sist\u00e9mico - Proyectum Per\u00fa<\/title>\n<meta name=\"robots\" content=\"index, follow, max-snippet:-1, max-image-preview:large, max-video-preview:-1\" \/>\n<link rel=\"canonical\" href=\"https:\/\/proyectum.com\/pe\/dinamica-de-sistemas-\u2260-pensamiento-sistemico\/\" \/>\n<meta property=\"og:locale\" content=\"es_ES\" \/>\n<meta property=\"og:type\" content=\"article\" \/>\n<meta property=\"og:title\" content=\"Din\u00e1mica de sistemas \u2260 Pensamiento sist\u00e9mico - Proyectum Per\u00fa\" \/>\n<meta property=\"og:description\" content=\"Por: Derek &amp; Laura Cabrera Traducido y adaptado por: Jorge Vald\u00e9s Garciatorres \u00abEscuchar las dos caras de una historia te convencer\u00e1\u2026 \u00a0\u2026hay algo m\u00e1s en una historia que las dos caras\u00bb. &#8211; Frank Tyger El reciente debate suscitado por la pregunta \u00ab\u00bfQu\u00e9 es el pensamiento sist\u00e9mico?\u00bb me ha motivado a escribir este blog, en parte [&hellip;]\" \/>\n<meta property=\"og:url\" content=\"https:\/\/proyectum.com\/pe\/dinamica-de-sistemas-\u2260-pensamiento-sistemico\/\" \/>\n<meta property=\"og:site_name\" content=\"Proyectum Per\u00fa\" \/>\n<meta property=\"article:publisher\" content=\"https:\/\/www.facebook.com\/proyectum.pe\/\" \/>\n<meta property=\"article:published_time\" content=\"2021-12-28T22:14:28+00:00\" \/>\n<meta property=\"og:image\" content=\"https:\/\/proyectum.com\/pe\/wp-content\/uploads\/2021\/12\/Dinamica-de-sistemas.jpg\" \/>\n\t<meta property=\"og:image:width\" content=\"1700\" \/>\n\t<meta property=\"og:image:height\" content=\"1269\" \/>\n\t<meta property=\"og:image:type\" content=\"image\/jpeg\" \/>\n<meta name=\"author\" content=\"Proyectum 2024\" \/>\n<meta name=\"twitter:card\" content=\"summary_large_image\" \/>\n<meta name=\"twitter:label1\" content=\"Escrito por\" \/>\n\t<meta name=\"twitter:data1\" content=\"Proyectum 2024\" \/>\n\t<meta name=\"twitter:label2\" content=\"Tiempo de lectura\" \/>\n\t<meta name=\"twitter:data2\" content=\"6 minutos\" \/>\n<script type=\"application\/ld+json\" class=\"yoast-schema-graph\">{\"@context\":\"https:\/\/schema.org\",\"@graph\":[{\"@type\":\"Article\",\"@id\":\"https:\/\/proyectum.com\/pe\/dinamica-de-sistemas-%e2%89%a0-pensamiento-sistemico\/#article\",\"isPartOf\":{\"@id\":\"https:\/\/proyectum.com\/pe\/dinamica-de-sistemas-%e2%89%a0-pensamiento-sistemico\/\"},\"author\":{\"name\":\"Proyectum 2024\",\"@id\":\"https:\/\/proyectum.com\/pe\/#\/schema\/person\/784b10060c51822d857e3004ea132bb4\"},\"headline\":\"Din\u00e1mica de sistemas \u2260 Pensamiento sist\u00e9mico\",\"datePublished\":\"2021-12-28T22:14:28+00:00\",\"mainEntityOfPage\":{\"@id\":\"https:\/\/proyectum.com\/pe\/dinamica-de-sistemas-%e2%89%a0-pensamiento-sistemico\/\"},\"wordCount\":1124,\"publisher\":{\"@id\":\"https:\/\/proyectum.com\/pe\/#organization\"},\"image\":{\"@id\":\"https:\/\/proyectum.com\/pe\/dinamica-de-sistemas-%e2%89%a0-pensamiento-sistemico\/#primaryimage\"},\"thumbnailUrl\":\"https:\/\/proyectum.com\/pe\/wp-content\/uploads\/2021\/12\/Dinamica-de-sistemas.jpg\",\"keywords\":[\"\u00bfQu\u00e9 es el pensamiento sist\u00e9mico?\",\"Din\u00e1mica de Sistemas\",\"pensamiento sist\u00e9mico\",\"Peter Senge\",\"Pusieron el pensamiento sist\u00e9mico en el mapa\"],\"articleSection\":[\"Pensamiento sist\u00e9mico\"],\"inLanguage\":\"es\"},{\"@type\":\"WebPage\",\"@id\":\"https:\/\/proyectum.com\/pe\/dinamica-de-sistemas-%e2%89%a0-pensamiento-sistemico\/\",\"url\":\"https:\/\/proyectum.com\/pe\/dinamica-de-sistemas-%e2%89%a0-pensamiento-sistemico\/\",\"name\":\"Din\u00e1mica de sistemas \u2260 Pensamiento sist\u00e9mico - Proyectum Per\u00fa\",\"isPartOf\":{\"@id\":\"https:\/\/proyectum.com\/pe\/#website\"},\"primaryImageOfPage\":{\"@id\":\"https:\/\/proyectum.com\/pe\/dinamica-de-sistemas-%e2%89%a0-pensamiento-sistemico\/#primaryimage\"},\"image\":{\"@id\":\"https:\/\/proyectum.com\/pe\/dinamica-de-sistemas-%e2%89%a0-pensamiento-sistemico\/#primaryimage\"},\"thumbnailUrl\":\"https:\/\/proyectum.com\/pe\/wp-content\/uploads\/2021\/12\/Dinamica-de-sistemas.jpg\",\"datePublished\":\"2021-12-28T22:14:28+00:00\",\"breadcrumb\":{\"@id\":\"https:\/\/proyectum.com\/pe\/dinamica-de-sistemas-%e2%89%a0-pensamiento-sistemico\/#breadcrumb\"},\"inLanguage\":\"es\",\"potentialAction\":[{\"@type\":\"ReadAction\",\"target\":[\"https:\/\/proyectum.com\/pe\/dinamica-de-sistemas-%e2%89%a0-pensamiento-sistemico\/\"]}]},{\"@type\":\"ImageObject\",\"inLanguage\":\"es\",\"@id\":\"https:\/\/proyectum.com\/pe\/dinamica-de-sistemas-%e2%89%a0-pensamiento-sistemico\/#primaryimage\",\"url\":\"https:\/\/proyectum.com\/pe\/wp-content\/uploads\/2021\/12\/Dinamica-de-sistemas.jpg\",\"contentUrl\":\"https:\/\/proyectum.com\/pe\/wp-content\/uploads\/2021\/12\/Dinamica-de-sistemas.jpg\",\"width\":1700,\"height\":1269,\"caption\":\"Dina\u0301mica de sistemas\"},{\"@type\":\"BreadcrumbList\",\"@id\":\"https:\/\/proyectum.com\/pe\/dinamica-de-sistemas-%e2%89%a0-pensamiento-sistemico\/#breadcrumb\",\"itemListElement\":[{\"@type\":\"ListItem\",\"position\":1,\"name\":\"Home\",\"item\":\"https:\/\/proyectum.com\/pe\/\"},{\"@type\":\"ListItem\",\"position\":2,\"name\":\"Din\u00e1mica de sistemas \u2260 Pensamiento sist\u00e9mico\"}]},{\"@type\":\"WebSite\",\"@id\":\"https:\/\/proyectum.com\/pe\/#website\",\"url\":\"https:\/\/proyectum.com\/pe\/\",\"name\":\"Proyectum Per\u00fa\",\"description\":\"Direcci\u00f3n de Proyectos y Metodolog\u00edas \u00c1giles\",\"publisher\":{\"@id\":\"https:\/\/proyectum.com\/pe\/#organization\"},\"potentialAction\":[{\"@type\":\"SearchAction\",\"target\":{\"@type\":\"EntryPoint\",\"urlTemplate\":\"https:\/\/proyectum.com\/pe\/?s={search_term_string}\"},\"query-input\":{\"@type\":\"PropertyValueSpecification\",\"valueRequired\":true,\"valueName\":\"search_term_string\"}}],\"inLanguage\":\"es\"},{\"@type\":\"Organization\",\"@id\":\"https:\/\/proyectum.com\/pe\/#organization\",\"name\":\"Proyectum Per\u00fa\",\"url\":\"https:\/\/proyectum.com\/pe\/\",\"logo\":{\"@type\":\"ImageObject\",\"inLanguage\":\"es\",\"@id\":\"https:\/\/proyectum.com\/pe\/#\/schema\/logo\/image\/\",\"url\":\"https:\/\/proyectum.com\/pe\/wp-content\/uploads\/2020\/04\/proyectum-logo-snippet.png\",\"contentUrl\":\"https:\/\/proyectum.com\/pe\/wp-content\/uploads\/2020\/04\/proyectum-logo-snippet.png\",\"width\":600,\"height\":315,\"caption\":\"Proyectum Per\u00fa\"},\"image\":{\"@id\":\"https:\/\/proyectum.com\/pe\/#\/schema\/logo\/image\/\"},\"sameAs\":[\"https:\/\/www.facebook.com\/proyectum.pe\/\",\"https:\/\/www.instagram.com\/proyectum.pe\/\",\"https:\/\/www.linkedin.com\/company\/proyectumperu\/\",\"https:\/\/www.youtube.com\/@proyectum2283\/videos\"]},{\"@type\":\"Person\",\"@id\":\"https:\/\/proyectum.com\/pe\/#\/schema\/person\/784b10060c51822d857e3004ea132bb4\",\"name\":\"Proyectum 2024\",\"image\":{\"@type\":\"ImageObject\",\"inLanguage\":\"es\",\"@id\":\"https:\/\/proyectum.com\/pe\/#\/schema\/person\/image\/\",\"url\":\"https:\/\/secure.gravatar.com\/avatar\/df82793fddd8f0a5a84fdb27d958bf73?s=96&d=mm&r=g\",\"contentUrl\":\"https:\/\/secure.gravatar.com\/avatar\/df82793fddd8f0a5a84fdb27d958bf73?s=96&d=mm&r=g\",\"caption\":\"Proyectum 2024\"}}]}<\/script>\n<!-- \/ Yoast SEO plugin. -->","yoast_head_json":{"title":"Din\u00e1mica de sistemas \u2260 Pensamiento sist\u00e9mico - Proyectum Per\u00fa","robots":{"index":"index","follow":"follow","max-snippet":"max-snippet:-1","max-image-preview":"max-image-preview:large","max-video-preview":"max-video-preview:-1"},"canonical":"https:\/\/proyectum.com\/pe\/dinamica-de-sistemas-\u2260-pensamiento-sistemico\/","og_locale":"es_ES","og_type":"article","og_title":"Din\u00e1mica de sistemas \u2260 Pensamiento sist\u00e9mico - Proyectum Per\u00fa","og_description":"Por: Derek &amp; Laura Cabrera Traducido y adaptado por: Jorge Vald\u00e9s Garciatorres \u00abEscuchar las dos caras de una historia te convencer\u00e1\u2026 \u00a0\u2026hay algo m\u00e1s en una historia que las dos caras\u00bb. &#8211; Frank Tyger El reciente debate suscitado por la pregunta \u00ab\u00bfQu\u00e9 es el pensamiento sist\u00e9mico?\u00bb me ha motivado a escribir este blog, en parte [&hellip;]","og_url":"https:\/\/proyectum.com\/pe\/dinamica-de-sistemas-\u2260-pensamiento-sistemico\/","og_site_name":"Proyectum Per\u00fa","article_publisher":"https:\/\/www.facebook.com\/proyectum.pe\/","article_published_time":"2021-12-28T22:14:28+00:00","og_image":[{"width":1700,"height":1269,"url":"https:\/\/proyectum.com\/pe\/wp-content\/uploads\/2021\/12\/Dinamica-de-sistemas.jpg","type":"image\/jpeg"}],"author":"Proyectum 2024","twitter_card":"summary_large_image","twitter_misc":{"Escrito por":"Proyectum 2024","Tiempo de lectura":"6 minutos"},"schema":{"@context":"https:\/\/schema.org","@graph":[{"@type":"Article","@id":"https:\/\/proyectum.com\/pe\/dinamica-de-sistemas-%e2%89%a0-pensamiento-sistemico\/#article","isPartOf":{"@id":"https:\/\/proyectum.com\/pe\/dinamica-de-sistemas-%e2%89%a0-pensamiento-sistemico\/"},"author":{"name":"Proyectum 2024","@id":"https:\/\/proyectum.com\/pe\/#\/schema\/person\/784b10060c51822d857e3004ea132bb4"},"headline":"Din\u00e1mica de sistemas \u2260 Pensamiento sist\u00e9mico","datePublished":"2021-12-28T22:14:28+00:00","mainEntityOfPage":{"@id":"https:\/\/proyectum.com\/pe\/dinamica-de-sistemas-%e2%89%a0-pensamiento-sistemico\/"},"wordCount":1124,"publisher":{"@id":"https:\/\/proyectum.com\/pe\/#organization"},"image":{"@id":"https:\/\/proyectum.com\/pe\/dinamica-de-sistemas-%e2%89%a0-pensamiento-sistemico\/#primaryimage"},"thumbnailUrl":"https:\/\/proyectum.com\/pe\/wp-content\/uploads\/2021\/12\/Dinamica-de-sistemas.jpg","keywords":["\u00bfQu\u00e9 es el pensamiento sist\u00e9mico?","Din\u00e1mica de Sistemas","pensamiento sist\u00e9mico","Peter Senge","Pusieron el pensamiento sist\u00e9mico en el mapa"],"articleSection":["Pensamiento sist\u00e9mico"],"inLanguage":"es"},{"@type":"WebPage","@id":"https:\/\/proyectum.com\/pe\/dinamica-de-sistemas-%e2%89%a0-pensamiento-sistemico\/","url":"https:\/\/proyectum.com\/pe\/dinamica-de-sistemas-%e2%89%a0-pensamiento-sistemico\/","name":"Din\u00e1mica de sistemas \u2260 Pensamiento sist\u00e9mico - Proyectum Per\u00fa","isPartOf":{"@id":"https:\/\/proyectum.com\/pe\/#website"},"primaryImageOfPage":{"@id":"https:\/\/proyectum.com\/pe\/dinamica-de-sistemas-%e2%89%a0-pensamiento-sistemico\/#primaryimage"},"image":{"@id":"https:\/\/proyectum.com\/pe\/dinamica-de-sistemas-%e2%89%a0-pensamiento-sistemico\/#primaryimage"},"thumbnailUrl":"https:\/\/proyectum.com\/pe\/wp-content\/uploads\/2021\/12\/Dinamica-de-sistemas.jpg","datePublished":"2021-12-28T22:14:28+00:00","breadcrumb":{"@id":"https:\/\/proyectum.com\/pe\/dinamica-de-sistemas-%e2%89%a0-pensamiento-sistemico\/#breadcrumb"},"inLanguage":"es","potentialAction":[{"@type":"ReadAction","target":["https:\/\/proyectum.com\/pe\/dinamica-de-sistemas-%e2%89%a0-pensamiento-sistemico\/"]}]},{"@type":"ImageObject","inLanguage":"es","@id":"https:\/\/proyectum.com\/pe\/dinamica-de-sistemas-%e2%89%a0-pensamiento-sistemico\/#primaryimage","url":"https:\/\/proyectum.com\/pe\/wp-content\/uploads\/2021\/12\/Dinamica-de-sistemas.jpg","contentUrl":"https:\/\/proyectum.com\/pe\/wp-content\/uploads\/2021\/12\/Dinamica-de-sistemas.jpg","width":1700,"height":1269,"caption":"Dina\u0301mica de sistemas"},{"@type":"BreadcrumbList","@id":"https:\/\/proyectum.com\/pe\/dinamica-de-sistemas-%e2%89%a0-pensamiento-sistemico\/#breadcrumb","itemListElement":[{"@type":"ListItem","position":1,"name":"Home","item":"https:\/\/proyectum.com\/pe\/"},{"@type":"ListItem","position":2,"name":"Din\u00e1mica de sistemas \u2260 Pensamiento sist\u00e9mico"}]},{"@type":"WebSite","@id":"https:\/\/proyectum.com\/pe\/#website","url":"https:\/\/proyectum.com\/pe\/","name":"Proyectum Per\u00fa","description":"Direcci\u00f3n de Proyectos y Metodolog\u00edas \u00c1giles","publisher":{"@id":"https:\/\/proyectum.com\/pe\/#organization"},"potentialAction":[{"@type":"SearchAction","target":{"@type":"EntryPoint","urlTemplate":"https:\/\/proyectum.com\/pe\/?s={search_term_string}"},"query-input":{"@type":"PropertyValueSpecification","valueRequired":true,"valueName":"search_term_string"}}],"inLanguage":"es"},{"@type":"Organization","@id":"https:\/\/proyectum.com\/pe\/#organization","name":"Proyectum Per\u00fa","url":"https:\/\/proyectum.com\/pe\/","logo":{"@type":"ImageObject","inLanguage":"es","@id":"https:\/\/proyectum.com\/pe\/#\/schema\/logo\/image\/","url":"https:\/\/proyectum.com\/pe\/wp-content\/uploads\/2020\/04\/proyectum-logo-snippet.png","contentUrl":"https:\/\/proyectum.com\/pe\/wp-content\/uploads\/2020\/04\/proyectum-logo-snippet.png","width":600,"height":315,"caption":"Proyectum Per\u00fa"},"image":{"@id":"https:\/\/proyectum.com\/pe\/#\/schema\/logo\/image\/"},"sameAs":["https:\/\/www.facebook.com\/proyectum.pe\/","https:\/\/www.instagram.com\/proyectum.pe\/","https:\/\/www.linkedin.com\/company\/proyectumperu\/","https:\/\/www.youtube.com\/@proyectum2283\/videos"]},{"@type":"Person","@id":"https:\/\/proyectum.com\/pe\/#\/schema\/person\/784b10060c51822d857e3004ea132bb4","name":"Proyectum 2024","image":{"@type":"ImageObject","inLanguage":"es","@id":"https:\/\/proyectum.com\/pe\/#\/schema\/person\/image\/","url":"https:\/\/secure.gravatar.com\/avatar\/df82793fddd8f0a5a84fdb27d958bf73?s=96&d=mm&r=g","contentUrl":"https:\/\/secure.gravatar.com\/avatar\/df82793fddd8f0a5a84fdb27d958bf73?s=96&d=mm&r=g","caption":"Proyectum 2024"}}]}},"_links":{"self":[{"href":"https:\/\/proyectum.com\/pe\/wp-json\/wp\/v2\/posts\/9894","targetHints":{"allow":["GET"]}}],"collection":[{"href":"https:\/\/proyectum.com\/pe\/wp-json\/wp\/v2\/posts"}],"about":[{"href":"https:\/\/proyectum.com\/pe\/wp-json\/wp\/v2\/types\/post"}],"author":[{"embeddable":true,"href":"https:\/\/proyectum.com\/pe\/wp-json\/wp\/v2\/users\/26"}],"replies":[{"embeddable":true,"href":"https:\/\/proyectum.com\/pe\/wp-json\/wp\/v2\/comments?post=9894"}],"version-history":[{"count":0,"href":"https:\/\/proyectum.com\/pe\/wp-json\/wp\/v2\/posts\/9894\/revisions"}],"wp:featuredmedia":[{"embeddable":true,"href":"https:\/\/proyectum.com\/pe\/wp-json\/wp\/v2\/media\/9897"}],"wp:attachment":[{"href":"https:\/\/proyectum.com\/pe\/wp-json\/wp\/v2\/media?parent=9894"}],"wp:term":[{"taxonomy":"category","embeddable":true,"href":"https:\/\/proyectum.com\/pe\/wp-json\/wp\/v2\/categories?post=9894"},{"taxonomy":"post_tag","embeddable":true,"href":"https:\/\/proyectum.com\/pe\/wp-json\/wp\/v2\/tags?post=9894"}],"curies":[{"name":"wp","href":"https:\/\/api.w.org\/{rel}","templated":true}]}}