{"id":9901,"date":"2022-01-04T12:14:09","date_gmt":"2022-01-04T15:14:09","guid":{"rendered":"https:\/\/www.proyectum.com\/sistema\/?p=9901"},"modified":"2022-01-04T12:14:09","modified_gmt":"2022-01-04T15:14:09","slug":"sobre-el-liderazgo-y-el-tamano-de-la-excavacion-si-quieres-vengar-a-alguien-prepara-dos-tumbas","status":"publish","type":"post","link":"https:\/\/proyectum.com\/pe\/sobre-el-liderazgo-y-el-tamano-de-la-excavacion-si-quieres-vengar-a-alguien-prepara-dos-tumbas\/","title":{"rendered":"Sobre el liderazgo y el tama\u00f1o de la excavaci\u00f3n: \u00abSi quieres vengar a alguien, prepara dos tumbas\u00bb"},"content":{"rendered":"<p style=\"text-align: right;\">Por Leandro Herrero, MD<\/p>\n<p style=\"text-align: right;\">Traducido y adaptado por: Jorge Vald\u00e9s Garciatorres, MDO, PMP<\/p>\n<p>Esta es una de las muchas perlas de sabidur\u00eda de Confucio.\u00a0 <strong>Tu venganza puede matar al adversario, pero un poco de ti tambi\u00e9n morir\u00e1.<\/strong><\/p>\n<p>Hagamos una interpretaci\u00f3n menos dram\u00e1tica. <strong>Cuando infligimos dolor a otros seres humanos, algunos de nosotros tambi\u00e9n necesitaremos analg\u00e9sicos en alg\u00fan momento<\/strong>.<\/p>\n<p>A los l\u00edderes se les exige que dirijan con una buena dosis de <strong>inteligencia emocional y social<\/strong>, conceptos que no son precisamente nuevos, pero que quiz\u00e1 nunca se hayan captado del todo. Los l\u00edderes lideran, y al hacerlo, <strong>est\u00e1n impactando en la vida de los dem\u00e1s<\/strong>. Estoy afirmando lo obvio. Muchos l\u00edderes parecen ignorar las consecuencias de su liderazgo. Algunos con un estilo machista pueden sonar as\u00ed: <em>&#8216;Tengo que tomar las decisiones dif\u00edciles as\u00ed que, lo siento, no soy yo, es la decisi\u00f3n dif\u00edcil, y cualquier otra cosa ser\u00e1 un liderazgo d\u00e9bil, y se ver\u00e1 como debilidad&#8217;<\/em>.<\/p>\n<p>Pero nadie dice que el l\u00edder no deba tomar \u00ab<strong>las decisiones dif\u00edciles<\/strong>\u00ab. Esto es perfectamente compatible con ser muy sensible a las consecuencias, especialmente las negativas para la vida de los seguidores.<\/p>\n<p>En mi trabajo de consultor\u00eda durante muchos a\u00f1os he visto, y sigo viendo hoy, todo el espectro de la sensibilidad. <strong>He visto, y veo, a l\u00edderes que despiden a personas y lo hacen de una manera extraordinariamente sensible y humana<\/strong>. He visto, y veo, lo contrario. He visto ejercer el poder de forma gratuita. <strong>He visto l\u00edderes con las habilidades sociales de un pez muerto<\/strong>. He visto a grandes l\u00edderes con un sentido y un conocimiento de sus entornos que ni siquiera una docena de encuestas sobre el compromiso de los empleados podr\u00eda proporcionar.<\/p>\n<p>As\u00ed pues, he aqu\u00ed otra pregunta de liderazgo: \u00bfa qu\u00e9 profundidad est\u00e1 mi tumba? \u00bfC\u00f3mo va la excavaci\u00f3n?<\/p>\n<p><strong>Si no eres un buen l\u00edder, sensible, emocional y socialmente inteligente, sigue adelante, pero ten cuidado al moverte con ese agujero en la tierra que parece hacerse m\u00e1s grande cada d\u00eda<\/strong>.<\/p>\n<p>_______________<\/p>\n<p>Para ver el articulo original por favor da clic en esta <a href=\"https:\/\/leandroherrero.com\/if-you-want-to-revenge-someone-prepare-two-graves-on-leadership-and-digging-2\/\" target=\"_blank\" rel=\"noopener\">liga<\/a><\/p>\n<p>\u00a9 The Chalfont Project Limited 2022. All rights reserved<\/p>\n<p>All articles supplied by [The Chalfont Project Limited] whether by access to digital resources or directly to any individual or company (collectively \u201cthe Content\u201d) are copyright The Chalfont Project Limited. Copying, reproducing, distributing, modifying, or transmitting the Content or any part of the Content is prohibited. Other than as expressly granted to any person or organization, no rights over the Content are granted or implied. \u201cViral Change\u2122\u201d is a registered trademark of The Chalfont Project Limited\u00a0(TCP). The Chalfont Project has granted permission for Proyectum to publish material in Spanish on their company Blog. Material must be represented in its original form and clearly marked\u00a0as copyrighted material. No other licenses or permission for use or publication is allowed or implied\u00a0by this agreement.<\/p>\n","protected":false},"excerpt":{"rendered":"<p>Por Leandro Herrero, MD Traducido y adaptado por: Jorge Vald\u00e9s Garciatorres, MDO, PMP Esta es una de las muchas perlas de sabidur\u00eda de Confucio.\u00a0 Tu venganza puede matar al adversario, pero un poco de ti tambi\u00e9n morir\u00e1. Hagamos una interpretaci\u00f3n menos dram\u00e1tica. Cuando infligimos dolor a otros seres humanos, algunos de nosotros tambi\u00e9n necesitaremos analg\u00e9sicos [&hellip;]<\/p>\n","protected":false},"author":26,"featured_media":9903,"comment_status":"closed","ping_status":"closed","sticky":false,"template":"","format":"standard","meta":{"_acf_changed":false,"footnotes":""},"categories":[370,572],"tags":[786,787,788,789,622],"class_list":["post-9901","post","type-post","status-publish","format-standard","has-post-thumbnail","hentry","category-liderazgo","category-transformacion-y-cambio","tag-inteligencia-emocional","tag-inteligencia-emocional-y-social","tag-inteligencia-social","tag-las-decisiones-dificiles","tag-leandro-herrero"],"acf":[],"yoast_head":"<!-- This site is optimized with the Yoast SEO plugin v24.4 - https:\/\/yoast.com\/wordpress\/plugins\/seo\/ -->\n<title>Sobre el liderazgo y el tama\u00f1o de la excavaci\u00f3n: &quot;Si quieres vengar a alguien, prepara dos tumbas&quot; - Proyectum Per\u00fa<\/title>\n<meta name=\"robots\" content=\"index, follow, max-snippet:-1, max-image-preview:large, max-video-preview:-1\" \/>\n<link rel=\"canonical\" href=\"https:\/\/proyectum.com\/pe\/sobre-el-liderazgo-y-el-tamano-de-la-excavacion-si-quieres-vengar-a-alguien-prepara-dos-tumbas\/\" \/>\n<meta property=\"og:locale\" content=\"es_ES\" \/>\n<meta property=\"og:type\" content=\"article\" \/>\n<meta property=\"og:title\" content=\"Sobre el liderazgo y el tama\u00f1o de la excavaci\u00f3n: &quot;Si quieres vengar a alguien, prepara dos tumbas&quot; - Proyectum Per\u00fa\" \/>\n<meta property=\"og:description\" content=\"Por Leandro Herrero, MD Traducido y adaptado por: Jorge Vald\u00e9s Garciatorres, MDO, PMP Esta es una de las muchas perlas de sabidur\u00eda de Confucio.\u00a0 Tu venganza puede matar al adversario, pero un poco de ti tambi\u00e9n morir\u00e1. Hagamos una interpretaci\u00f3n menos dram\u00e1tica. Cuando infligimos dolor a otros seres humanos, algunos de nosotros tambi\u00e9n necesitaremos analg\u00e9sicos [&hellip;]\" \/>\n<meta property=\"og:url\" content=\"https:\/\/proyectum.com\/pe\/sobre-el-liderazgo-y-el-tamano-de-la-excavacion-si-quieres-vengar-a-alguien-prepara-dos-tumbas\/\" \/>\n<meta property=\"og:site_name\" content=\"Proyectum Per\u00fa\" \/>\n<meta property=\"article:publisher\" content=\"https:\/\/www.facebook.com\/proyectum.pe\/\" \/>\n<meta property=\"article:published_time\" content=\"2022-01-04T15:14:09+00:00\" \/>\n<meta property=\"og:image\" content=\"https:\/\/proyectum.com\/pe\/wp-content\/uploads\/2022\/01\/Liderazgo-tumbas.jpg\" \/>\n\t<meta property=\"og:image:width\" content=\"1700\" \/>\n\t<meta property=\"og:image:height\" content=\"1133\" \/>\n\t<meta property=\"og:image:type\" content=\"image\/jpeg\" \/>\n<meta name=\"author\" content=\"Proyectum 2024\" \/>\n<meta name=\"twitter:card\" content=\"summary_large_image\" \/>\n<meta name=\"twitter:label1\" content=\"Escrito por\" \/>\n\t<meta name=\"twitter:data1\" content=\"Proyectum 2024\" \/>\n\t<meta name=\"twitter:label2\" content=\"Tiempo de lectura\" \/>\n\t<meta name=\"twitter:data2\" content=\"3 minutos\" \/>\n<script type=\"application\/ld+json\" class=\"yoast-schema-graph\">{\"@context\":\"https:\/\/schema.org\",\"@graph\":[{\"@type\":\"Article\",\"@id\":\"https:\/\/proyectum.com\/pe\/sobre-el-liderazgo-y-el-tamano-de-la-excavacion-si-quieres-vengar-a-alguien-prepara-dos-tumbas\/#article\",\"isPartOf\":{\"@id\":\"https:\/\/proyectum.com\/pe\/sobre-el-liderazgo-y-el-tamano-de-la-excavacion-si-quieres-vengar-a-alguien-prepara-dos-tumbas\/\"},\"author\":{\"name\":\"Proyectum 2024\",\"@id\":\"https:\/\/proyectum.com\/pe\/#\/schema\/person\/784b10060c51822d857e3004ea132bb4\"},\"headline\":\"Sobre el liderazgo y el tama\u00f1o de la excavaci\u00f3n: \u00abSi quieres vengar a alguien, prepara dos tumbas\u00bb\",\"datePublished\":\"2022-01-04T15:14:09+00:00\",\"mainEntityOfPage\":{\"@id\":\"https:\/\/proyectum.com\/pe\/sobre-el-liderazgo-y-el-tamano-de-la-excavacion-si-quieres-vengar-a-alguien-prepara-dos-tumbas\/\"},\"wordCount\":522,\"publisher\":{\"@id\":\"https:\/\/proyectum.com\/pe\/#organization\"},\"image\":{\"@id\":\"https:\/\/proyectum.com\/pe\/sobre-el-liderazgo-y-el-tamano-de-la-excavacion-si-quieres-vengar-a-alguien-prepara-dos-tumbas\/#primaryimage\"},\"thumbnailUrl\":\"https:\/\/proyectum.com\/pe\/wp-content\/uploads\/2022\/01\/Liderazgo-tumbas.jpg\",\"keywords\":[\"Inteligencia Emocional\",\"inteligencia emocional y social\",\"inteligencia social\",\"las decisiones dif\u00edciles\",\"Leandro Herrero\"],\"articleSection\":[\"Liderazgo\",\"Transformaci\u00f3n y cambio\"],\"inLanguage\":\"es\"},{\"@type\":\"WebPage\",\"@id\":\"https:\/\/proyectum.com\/pe\/sobre-el-liderazgo-y-el-tamano-de-la-excavacion-si-quieres-vengar-a-alguien-prepara-dos-tumbas\/\",\"url\":\"https:\/\/proyectum.com\/pe\/sobre-el-liderazgo-y-el-tamano-de-la-excavacion-si-quieres-vengar-a-alguien-prepara-dos-tumbas\/\",\"name\":\"Sobre el liderazgo y el tama\u00f1o de la excavaci\u00f3n: \\\"Si quieres vengar a alguien, prepara dos tumbas\\\" - Proyectum Per\u00fa\",\"isPartOf\":{\"@id\":\"https:\/\/proyectum.com\/pe\/#website\"},\"primaryImageOfPage\":{\"@id\":\"https:\/\/proyectum.com\/pe\/sobre-el-liderazgo-y-el-tamano-de-la-excavacion-si-quieres-vengar-a-alguien-prepara-dos-tumbas\/#primaryimage\"},\"image\":{\"@id\":\"https:\/\/proyectum.com\/pe\/sobre-el-liderazgo-y-el-tamano-de-la-excavacion-si-quieres-vengar-a-alguien-prepara-dos-tumbas\/#primaryimage\"},\"thumbnailUrl\":\"https:\/\/proyectum.com\/pe\/wp-content\/uploads\/2022\/01\/Liderazgo-tumbas.jpg\",\"datePublished\":\"2022-01-04T15:14:09+00:00\",\"breadcrumb\":{\"@id\":\"https:\/\/proyectum.com\/pe\/sobre-el-liderazgo-y-el-tamano-de-la-excavacion-si-quieres-vengar-a-alguien-prepara-dos-tumbas\/#breadcrumb\"},\"inLanguage\":\"es\",\"potentialAction\":[{\"@type\":\"ReadAction\",\"target\":[\"https:\/\/proyectum.com\/pe\/sobre-el-liderazgo-y-el-tamano-de-la-excavacion-si-quieres-vengar-a-alguien-prepara-dos-tumbas\/\"]}]},{\"@type\":\"ImageObject\",\"inLanguage\":\"es\",\"@id\":\"https:\/\/proyectum.com\/pe\/sobre-el-liderazgo-y-el-tamano-de-la-excavacion-si-quieres-vengar-a-alguien-prepara-dos-tumbas\/#primaryimage\",\"url\":\"https:\/\/proyectum.com\/pe\/wp-content\/uploads\/2022\/01\/Liderazgo-tumbas.jpg\",\"contentUrl\":\"https:\/\/proyectum.com\/pe\/wp-content\/uploads\/2022\/01\/Liderazgo-tumbas.jpg\",\"width\":1700,\"height\":1133,\"caption\":\"Liderazgo tumbas\"},{\"@type\":\"BreadcrumbList\",\"@id\":\"https:\/\/proyectum.com\/pe\/sobre-el-liderazgo-y-el-tamano-de-la-excavacion-si-quieres-vengar-a-alguien-prepara-dos-tumbas\/#breadcrumb\",\"itemListElement\":[{\"@type\":\"ListItem\",\"position\":1,\"name\":\"Home\",\"item\":\"https:\/\/proyectum.com\/pe\/\"},{\"@type\":\"ListItem\",\"position\":2,\"name\":\"Sobre el liderazgo y el tama\u00f1o de la excavaci\u00f3n: &#8220;Si quieres vengar a alguien, prepara dos tumbas&#8221;\"}]},{\"@type\":\"WebSite\",\"@id\":\"https:\/\/proyectum.com\/pe\/#website\",\"url\":\"https:\/\/proyectum.com\/pe\/\",\"name\":\"Proyectum Per\u00fa\",\"description\":\"Direcci\u00f3n de Proyectos y Metodolog\u00edas \u00c1giles\",\"publisher\":{\"@id\":\"https:\/\/proyectum.com\/pe\/#organization\"},\"potentialAction\":[{\"@type\":\"SearchAction\",\"target\":{\"@type\":\"EntryPoint\",\"urlTemplate\":\"https:\/\/proyectum.com\/pe\/?s={search_term_string}\"},\"query-input\":{\"@type\":\"PropertyValueSpecification\",\"valueRequired\":true,\"valueName\":\"search_term_string\"}}],\"inLanguage\":\"es\"},{\"@type\":\"Organization\",\"@id\":\"https:\/\/proyectum.com\/pe\/#organization\",\"name\":\"Proyectum Per\u00fa\",\"url\":\"https:\/\/proyectum.com\/pe\/\",\"logo\":{\"@type\":\"ImageObject\",\"inLanguage\":\"es\",\"@id\":\"https:\/\/proyectum.com\/pe\/#\/schema\/logo\/image\/\",\"url\":\"https:\/\/proyectum.com\/pe\/wp-content\/uploads\/2020\/04\/proyectum-logo-snippet.png\",\"contentUrl\":\"https:\/\/proyectum.com\/pe\/wp-content\/uploads\/2020\/04\/proyectum-logo-snippet.png\",\"width\":600,\"height\":315,\"caption\":\"Proyectum Per\u00fa\"},\"image\":{\"@id\":\"https:\/\/proyectum.com\/pe\/#\/schema\/logo\/image\/\"},\"sameAs\":[\"https:\/\/www.facebook.com\/proyectum.pe\/\",\"https:\/\/www.instagram.com\/proyectum.pe\/\",\"https:\/\/www.linkedin.com\/company\/proyectumperu\/\",\"https:\/\/www.youtube.com\/@proyectum2283\/videos\"]},{\"@type\":\"Person\",\"@id\":\"https:\/\/proyectum.com\/pe\/#\/schema\/person\/784b10060c51822d857e3004ea132bb4\",\"name\":\"Proyectum 2024\",\"image\":{\"@type\":\"ImageObject\",\"inLanguage\":\"es\",\"@id\":\"https:\/\/proyectum.com\/pe\/#\/schema\/person\/image\/\",\"url\":\"https:\/\/secure.gravatar.com\/avatar\/df82793fddd8f0a5a84fdb27d958bf73?s=96&d=mm&r=g\",\"contentUrl\":\"https:\/\/secure.gravatar.com\/avatar\/df82793fddd8f0a5a84fdb27d958bf73?s=96&d=mm&r=g\",\"caption\":\"Proyectum 2024\"}}]}<\/script>\n<!-- \/ Yoast SEO plugin. -->","yoast_head_json":{"title":"Sobre el liderazgo y el tama\u00f1o de la excavaci\u00f3n: \"Si quieres vengar a alguien, prepara dos tumbas\" - Proyectum Per\u00fa","robots":{"index":"index","follow":"follow","max-snippet":"max-snippet:-1","max-image-preview":"max-image-preview:large","max-video-preview":"max-video-preview:-1"},"canonical":"https:\/\/proyectum.com\/pe\/sobre-el-liderazgo-y-el-tamano-de-la-excavacion-si-quieres-vengar-a-alguien-prepara-dos-tumbas\/","og_locale":"es_ES","og_type":"article","og_title":"Sobre el liderazgo y el tama\u00f1o de la excavaci\u00f3n: \"Si quieres vengar a alguien, prepara dos tumbas\" - Proyectum Per\u00fa","og_description":"Por Leandro Herrero, MD Traducido y adaptado por: Jorge Vald\u00e9s Garciatorres, MDO, PMP Esta es una de las muchas perlas de sabidur\u00eda de Confucio.\u00a0 Tu venganza puede matar al adversario, pero un poco de ti tambi\u00e9n morir\u00e1. Hagamos una interpretaci\u00f3n menos dram\u00e1tica. Cuando infligimos dolor a otros seres humanos, algunos de nosotros tambi\u00e9n necesitaremos analg\u00e9sicos [&hellip;]","og_url":"https:\/\/proyectum.com\/pe\/sobre-el-liderazgo-y-el-tamano-de-la-excavacion-si-quieres-vengar-a-alguien-prepara-dos-tumbas\/","og_site_name":"Proyectum Per\u00fa","article_publisher":"https:\/\/www.facebook.com\/proyectum.pe\/","article_published_time":"2022-01-04T15:14:09+00:00","og_image":[{"width":1700,"height":1133,"url":"https:\/\/proyectum.com\/pe\/wp-content\/uploads\/2022\/01\/Liderazgo-tumbas.jpg","type":"image\/jpeg"}],"author":"Proyectum 2024","twitter_card":"summary_large_image","twitter_misc":{"Escrito por":"Proyectum 2024","Tiempo de lectura":"3 minutos"},"schema":{"@context":"https:\/\/schema.org","@graph":[{"@type":"Article","@id":"https:\/\/proyectum.com\/pe\/sobre-el-liderazgo-y-el-tamano-de-la-excavacion-si-quieres-vengar-a-alguien-prepara-dos-tumbas\/#article","isPartOf":{"@id":"https:\/\/proyectum.com\/pe\/sobre-el-liderazgo-y-el-tamano-de-la-excavacion-si-quieres-vengar-a-alguien-prepara-dos-tumbas\/"},"author":{"name":"Proyectum 2024","@id":"https:\/\/proyectum.com\/pe\/#\/schema\/person\/784b10060c51822d857e3004ea132bb4"},"headline":"Sobre el liderazgo y el tama\u00f1o de la excavaci\u00f3n: \u00abSi quieres vengar a alguien, prepara dos tumbas\u00bb","datePublished":"2022-01-04T15:14:09+00:00","mainEntityOfPage":{"@id":"https:\/\/proyectum.com\/pe\/sobre-el-liderazgo-y-el-tamano-de-la-excavacion-si-quieres-vengar-a-alguien-prepara-dos-tumbas\/"},"wordCount":522,"publisher":{"@id":"https:\/\/proyectum.com\/pe\/#organization"},"image":{"@id":"https:\/\/proyectum.com\/pe\/sobre-el-liderazgo-y-el-tamano-de-la-excavacion-si-quieres-vengar-a-alguien-prepara-dos-tumbas\/#primaryimage"},"thumbnailUrl":"https:\/\/proyectum.com\/pe\/wp-content\/uploads\/2022\/01\/Liderazgo-tumbas.jpg","keywords":["Inteligencia Emocional","inteligencia emocional y social","inteligencia social","las decisiones dif\u00edciles","Leandro Herrero"],"articleSection":["Liderazgo","Transformaci\u00f3n y cambio"],"inLanguage":"es"},{"@type":"WebPage","@id":"https:\/\/proyectum.com\/pe\/sobre-el-liderazgo-y-el-tamano-de-la-excavacion-si-quieres-vengar-a-alguien-prepara-dos-tumbas\/","url":"https:\/\/proyectum.com\/pe\/sobre-el-liderazgo-y-el-tamano-de-la-excavacion-si-quieres-vengar-a-alguien-prepara-dos-tumbas\/","name":"Sobre el liderazgo y el tama\u00f1o de la excavaci\u00f3n: \"Si quieres vengar a alguien, prepara dos tumbas\" - Proyectum Per\u00fa","isPartOf":{"@id":"https:\/\/proyectum.com\/pe\/#website"},"primaryImageOfPage":{"@id":"https:\/\/proyectum.com\/pe\/sobre-el-liderazgo-y-el-tamano-de-la-excavacion-si-quieres-vengar-a-alguien-prepara-dos-tumbas\/#primaryimage"},"image":{"@id":"https:\/\/proyectum.com\/pe\/sobre-el-liderazgo-y-el-tamano-de-la-excavacion-si-quieres-vengar-a-alguien-prepara-dos-tumbas\/#primaryimage"},"thumbnailUrl":"https:\/\/proyectum.com\/pe\/wp-content\/uploads\/2022\/01\/Liderazgo-tumbas.jpg","datePublished":"2022-01-04T15:14:09+00:00","breadcrumb":{"@id":"https:\/\/proyectum.com\/pe\/sobre-el-liderazgo-y-el-tamano-de-la-excavacion-si-quieres-vengar-a-alguien-prepara-dos-tumbas\/#breadcrumb"},"inLanguage":"es","potentialAction":[{"@type":"ReadAction","target":["https:\/\/proyectum.com\/pe\/sobre-el-liderazgo-y-el-tamano-de-la-excavacion-si-quieres-vengar-a-alguien-prepara-dos-tumbas\/"]}]},{"@type":"ImageObject","inLanguage":"es","@id":"https:\/\/proyectum.com\/pe\/sobre-el-liderazgo-y-el-tamano-de-la-excavacion-si-quieres-vengar-a-alguien-prepara-dos-tumbas\/#primaryimage","url":"https:\/\/proyectum.com\/pe\/wp-content\/uploads\/2022\/01\/Liderazgo-tumbas.jpg","contentUrl":"https:\/\/proyectum.com\/pe\/wp-content\/uploads\/2022\/01\/Liderazgo-tumbas.jpg","width":1700,"height":1133,"caption":"Liderazgo tumbas"},{"@type":"BreadcrumbList","@id":"https:\/\/proyectum.com\/pe\/sobre-el-liderazgo-y-el-tamano-de-la-excavacion-si-quieres-vengar-a-alguien-prepara-dos-tumbas\/#breadcrumb","itemListElement":[{"@type":"ListItem","position":1,"name":"Home","item":"https:\/\/proyectum.com\/pe\/"},{"@type":"ListItem","position":2,"name":"Sobre el liderazgo y el tama\u00f1o de la excavaci\u00f3n: &#8220;Si quieres vengar a alguien, prepara dos tumbas&#8221;"}]},{"@type":"WebSite","@id":"https:\/\/proyectum.com\/pe\/#website","url":"https:\/\/proyectum.com\/pe\/","name":"Proyectum Per\u00fa","description":"Direcci\u00f3n de Proyectos y Metodolog\u00edas \u00c1giles","publisher":{"@id":"https:\/\/proyectum.com\/pe\/#organization"},"potentialAction":[{"@type":"SearchAction","target":{"@type":"EntryPoint","urlTemplate":"https:\/\/proyectum.com\/pe\/?s={search_term_string}"},"query-input":{"@type":"PropertyValueSpecification","valueRequired":true,"valueName":"search_term_string"}}],"inLanguage":"es"},{"@type":"Organization","@id":"https:\/\/proyectum.com\/pe\/#organization","name":"Proyectum Per\u00fa","url":"https:\/\/proyectum.com\/pe\/","logo":{"@type":"ImageObject","inLanguage":"es","@id":"https:\/\/proyectum.com\/pe\/#\/schema\/logo\/image\/","url":"https:\/\/proyectum.com\/pe\/wp-content\/uploads\/2020\/04\/proyectum-logo-snippet.png","contentUrl":"https:\/\/proyectum.com\/pe\/wp-content\/uploads\/2020\/04\/proyectum-logo-snippet.png","width":600,"height":315,"caption":"Proyectum Per\u00fa"},"image":{"@id":"https:\/\/proyectum.com\/pe\/#\/schema\/logo\/image\/"},"sameAs":["https:\/\/www.facebook.com\/proyectum.pe\/","https:\/\/www.instagram.com\/proyectum.pe\/","https:\/\/www.linkedin.com\/company\/proyectumperu\/","https:\/\/www.youtube.com\/@proyectum2283\/videos"]},{"@type":"Person","@id":"https:\/\/proyectum.com\/pe\/#\/schema\/person\/784b10060c51822d857e3004ea132bb4","name":"Proyectum 2024","image":{"@type":"ImageObject","inLanguage":"es","@id":"https:\/\/proyectum.com\/pe\/#\/schema\/person\/image\/","url":"https:\/\/secure.gravatar.com\/avatar\/df82793fddd8f0a5a84fdb27d958bf73?s=96&d=mm&r=g","contentUrl":"https:\/\/secure.gravatar.com\/avatar\/df82793fddd8f0a5a84fdb27d958bf73?s=96&d=mm&r=g","caption":"Proyectum 2024"}}]}},"_links":{"self":[{"href":"https:\/\/proyectum.com\/pe\/wp-json\/wp\/v2\/posts\/9901","targetHints":{"allow":["GET"]}}],"collection":[{"href":"https:\/\/proyectum.com\/pe\/wp-json\/wp\/v2\/posts"}],"about":[{"href":"https:\/\/proyectum.com\/pe\/wp-json\/wp\/v2\/types\/post"}],"author":[{"embeddable":true,"href":"https:\/\/proyectum.com\/pe\/wp-json\/wp\/v2\/users\/26"}],"replies":[{"embeddable":true,"href":"https:\/\/proyectum.com\/pe\/wp-json\/wp\/v2\/comments?post=9901"}],"version-history":[{"count":0,"href":"https:\/\/proyectum.com\/pe\/wp-json\/wp\/v2\/posts\/9901\/revisions"}],"wp:featuredmedia":[{"embeddable":true,"href":"https:\/\/proyectum.com\/pe\/wp-json\/wp\/v2\/media\/9903"}],"wp:attachment":[{"href":"https:\/\/proyectum.com\/pe\/wp-json\/wp\/v2\/media?parent=9901"}],"wp:term":[{"taxonomy":"category","embeddable":true,"href":"https:\/\/proyectum.com\/pe\/wp-json\/wp\/v2\/categories?post=9901"},{"taxonomy":"post_tag","embeddable":true,"href":"https:\/\/proyectum.com\/pe\/wp-json\/wp\/v2\/tags?post=9901"}],"curies":[{"name":"wp","href":"https:\/\/api.w.org\/{rel}","templated":true}]}}