{"id":9914,"date":"2022-01-11T21:05:05","date_gmt":"2022-01-12T00:05:05","guid":{"rendered":"https:\/\/www.proyectum.com\/sistema\/?p=9914"},"modified":"2022-01-11T21:05:05","modified_gmt":"2022-01-12T00:05:05","slug":"gestion-por-invitacion-desagregacion-de-las-lineas-jerarquicas-y-de-los-equipos-de-gestion","status":"publish","type":"post","link":"https:\/\/proyectum.com\/pe\/gestion-por-invitacion-desagregacion-de-las-lineas-jerarquicas-y-de-los-equipos-de-gestion\/","title":{"rendered":"Gesti\u00f3n por invitaci\u00f3n: Desagregaci\u00f3n de las l\u00edneas jer\u00e1rquicas y de los equipos de gesti\u00f3n"},"content":{"rendered":"<p style=\"text-align: right;\">Por Leandro Herrero, MD<\/p>\n<p style=\"text-align: right;\">Traducido y adaptado por: Jorge Vald\u00e9s Garciatorres, MDO, PMP<\/p>\n<p>El grado corporativo, las l\u00edneas jer\u00e1rquicas y la pertenencia a los <strong>equipos de liderazgo<\/strong> de las organizaciones suelen ir juntos. Pero desagregar estos componentes es un ejercicio saludable y una regla poderosa en las matem\u00e1ticas del cambio.<\/p>\n<p>Si reportas a Juan &#8211; director general, director de divisi\u00f3n o director de pa\u00eds &#8211; lo m\u00e1s probable es que lo compartas con otras ocho o diez personas que constituyen el equipo de gesti\u00f3n, el comit\u00e9 ejecutivo o el equipo de liderazgo de Juan. Esto es lo que dice el organigrama. <strong>La mayor\u00eda de los equipos de gesti\u00f3n est\u00e1n formados por lo que dicta el organigrama<\/strong>; por una l\u00ednea jer\u00e1rquica \u00abaccidental\u00bb. Todos los que reportan a Juan son de facto miembros de su equipo de direcci\u00f3n.<\/p>\n<p>En las empresas medianas o grandes, las estructuras suelen ser transversales o multifuncionales. Imaginemos una Unidad de Negocio compuesta por una gran funci\u00f3n de ventas, una funci\u00f3n de marketing m\u00e1s peque\u00f1a y luego una serie de funciones de apoyo como RRHH, Finanzas, Legal, TI y quiz\u00e1s un equipo de estrategia muy peque\u00f1o. El equipo directivo de esa Unidad estar\u00e1 compuesto seguramente por el Director de Ventas, el Director de Marketing, el Controlador Financiero, el Asesor Jur\u00eddico, el Jefe de TI y el Jefe del Equipo de Estrategia. Sugiero que esto ocurri\u00f3 por defecto, por el dictado del organigrama y que nadie lo cuestion\u00f3 nunca.<\/p>\n<p>Pero una pregunta leg\u00edtima puede ser: \u00ab<strong>\u00bfes necesario que todos formen parte de ese equipo de liderazgo?<\/strong>\u00ab. Mucha gente en las organizaciones empresariales dir\u00eda, por supuesto, que \u00abno\u00bb. Pero la forma en que a veces resolvemos la cuesti\u00f3n es por medio de la promoci\u00f3n \/ emoci\u00f3n. Por ejemplo, podemos decir que s\u00f3lo los directores forman realmente parte del equipo de liderazgo. Esto es gestionar por grado, no por cerebro y no es lo que estoy sugiriendo.<\/p>\n<p>El grado en la estructura corporativa (vicepresidente, director, gerente, jefe) no deber\u00eda ser un criterio de pertenencia a un determinado equipo de direcci\u00f3n. <strong>La pertenencia deber\u00eda ser s\u00f3lo por invitaci\u00f3n<\/strong>. Y s\u00f3lo deber\u00edan ser invitados aquellos que est\u00e9n en condiciones de a\u00f1adir valor a la funci\u00f3n, est\u00e9n o no a cargo de una gran parte del pastel.<\/p>\n<p>Es posible que, al reflexionar, el equipo de liderazgo del ejemplo de la Unidad de Negocio anterior deba estar compuesto por el Director de Marketing, el Director de Ventas, el Jefe de RRHH y dos Country Managers que no dependen directamente del m\u00e1ximo responsable de la Unidad de Negocio, pero que est\u00e1n llamados a formar parte de ese equipo de liderazgo.<\/p>\n<p>Puede haber acuerdos alternativos, pero <strong>el principio es el de \u00abs\u00f3lo por invitaci\u00f3n\u00bb<\/strong>. Un principio que obliga a dejar de dar por sentado que la pertenencia al equipo se produce autom\u00e1ticamente o que el grado o el rango son una forma de derecho. Puede resultar contra intuitivo al principio, pero es muy eficaz. Gran parte del aspecto contra intuitivo proviene del hecho de que tendemos a tener ideas preconcebidas sobre c\u00f3mo debe funcionar la organizaci\u00f3n. A veces estas ideas conllevan suposiciones err\u00f3neas:<\/p>\n<p>Debemos ser inclusivos. S\u00ed, estoy de acuerdo, pero se trata de inclusividad por invitaci\u00f3n. Si la gente siente la necesidad de reunir a todos los subordinados directos de vez en cuando o, de hecho, con regularidad, podr\u00eda tener una especie de \u00abComit\u00e9 de Personal\u00bb (de todos los subordinados directos) si hubiera razones para que se reunieran. Pero el Comit\u00e9 de Personal no es lo mismo que un equipo de direcci\u00f3n.<\/p>\n<p>Hay que ser justos. Eso supone que todas las l\u00edneas de informes a Juan son iguales. En el ejemplo anterior, puede considerarse injusto para el interventor no incluirlo en el equipo de liderazgo. No hay nada de injusto en una selecci\u00f3n hecha por motivos de transparencia. <strong>La inclusi\u00f3n y la supuesta equidad a veces resultan muy injustas para el grupo, porque la composici\u00f3n artificial hace que el equipo sea ineficaz o muy desequilibrado<\/strong>.<\/p>\n<p>Debemos ser democr\u00e1ticos. La democracia es una forma de gobierno, no un tipo de organizaci\u00f3n (\u00a1a no ser que trabajes en una empresa que vota a todo el mundo para elegir al director general!)<\/p>\n<p>Cuando se cuestionan por primera vez las composiciones de los equipos de direcci\u00f3n y se intenta, de facto, desagregar los grados corporativos, el liderazgo y las l\u00edneas jer\u00e1rquicas, se encontrar\u00e1n algunas reacciones negativas y unas cuantas caras de desconcierto. Pero una vez que se haya aceptado como un cuestionamiento leg\u00edtimo del statu quo, una brisa de aire fresco y saludable empezar\u00e1 a fluir por tu organizaci\u00f3n.<\/p>\n<p>Algo que quiz\u00e1 quieras probar como modelo a seguir es el Consejo de Administraci\u00f3n. Aunque hay algunas diferencias entre pa\u00edses, un Consejo de Administraci\u00f3n en las empresas p\u00fablicas suele estar compuesto por unos pocos ejecutivos y algunos directores no ejecutivos, que o bien representan a alg\u00fan sector de los accionistas o participan como miembros por su propia capacidad, formaci\u00f3n, experiencia o conocimientos particulares. Hemos aceptado este tipo de composici\u00f3n dise\u00f1ada como normal cuando se trata del Consejo de Administraci\u00f3n, pero esto dista mucho de ser com\u00fan para los comit\u00e9s ejecutivos y de direcci\u00f3n. Pero no hay raz\u00f3n para no reflejar esto, a menos que se quiera mantener la posici\u00f3n por defecto porque \u00abnunca lo hemos hecho as\u00ed\u00bb.<\/p>\n<p>_______________<\/p>\n<p>Para ver el articulo original por favor da clic en esta <a href=\"https:\/\/leandroherrero.com\/management-by-invitation-unbundle-reporting-lines-and-management-teams-2\/\" target=\"_blank\" rel=\"noopener\">liga<\/a><\/p>\n<p>\u00a9 The Chalfont Project Limited 2022. All rights reserved<\/p>\n<p>All articles supplied by [The Chalfont Project Limited] whether by access to digital resources or directly to any individual or company (collectively \u201cthe Content\u201d) are copyright The Chalfont Project Limited. Copying, reproducing, distributing, modifying, or transmitting the Content or any part of the Content is prohibited. Other than as expressly granted to any person or organization, no rights over the Content are granted or implied. \u201cViral Change\u2122\u201d is a registered trademark of The Chalfont Project Limited\u00a0(TCP). The Chalfont Project has granted permission for Proyectum to publish material in Spanish on their company Blog. Material must be represented in its original form and clearly marked\u00a0as copyrighted material. No other licenses or permission for use or publication is allowed or implied\u00a0by this agreement.<\/p>\n","protected":false},"excerpt":{"rendered":"<p>Por Leandro Herrero, MD Traducido y adaptado por: Jorge Vald\u00e9s Garciatorres, MDO, PMP El grado corporativo, las l\u00edneas jer\u00e1rquicas y la pertenencia a los equipos de liderazgo de las organizaciones suelen ir juntos. Pero desagregar estos componentes es un ejercicio saludable y una regla poderosa en las matem\u00e1ticas del cambio. Si reportas a Juan &#8211; [&hellip;]<\/p>\n","protected":false},"author":26,"featured_media":9916,"comment_status":"closed","ping_status":"closed","sticky":false,"template":"","format":"standard","meta":{"_acf_changed":false,"footnotes":""},"categories":[370,572],"tags":[767,790,622],"class_list":["post-9914","post","type-post","status-publish","format-standard","has-post-thumbnail","hentry","category-liderazgo","category-transformacion-y-cambio","tag-equipo-de-liderazgo","tag-equipos-de-liderazgo","tag-leandro-herrero"],"acf":[],"yoast_head":"<!-- This site is optimized with the Yoast SEO plugin v24.4 - https:\/\/yoast.com\/wordpress\/plugins\/seo\/ -->\n<title>Gesti\u00f3n por invitaci\u00f3n: Desagregaci\u00f3n de las l\u00edneas jer\u00e1rquicas y de los equipos de gesti\u00f3n - Proyectum Per\u00fa<\/title>\n<meta name=\"robots\" content=\"index, follow, max-snippet:-1, max-image-preview:large, max-video-preview:-1\" \/>\n<link rel=\"canonical\" href=\"https:\/\/proyectum.com\/pe\/gestion-por-invitacion-desagregacion-de-las-lineas-jerarquicas-y-de-los-equipos-de-gestion\/\" \/>\n<meta property=\"og:locale\" content=\"es_ES\" \/>\n<meta property=\"og:type\" content=\"article\" \/>\n<meta property=\"og:title\" content=\"Gesti\u00f3n por invitaci\u00f3n: Desagregaci\u00f3n de las l\u00edneas jer\u00e1rquicas y de los equipos de gesti\u00f3n - Proyectum Per\u00fa\" \/>\n<meta property=\"og:description\" content=\"Por Leandro Herrero, MD Traducido y adaptado por: Jorge Vald\u00e9s Garciatorres, MDO, PMP El grado corporativo, las l\u00edneas jer\u00e1rquicas y la pertenencia a los equipos de liderazgo de las organizaciones suelen ir juntos. Pero desagregar estos componentes es un ejercicio saludable y una regla poderosa en las matem\u00e1ticas del cambio. Si reportas a Juan &#8211; [&hellip;]\" \/>\n<meta property=\"og:url\" content=\"https:\/\/proyectum.com\/pe\/gestion-por-invitacion-desagregacion-de-las-lineas-jerarquicas-y-de-los-equipos-de-gestion\/\" \/>\n<meta property=\"og:site_name\" content=\"Proyectum Per\u00fa\" \/>\n<meta property=\"article:publisher\" content=\"https:\/\/www.facebook.com\/proyectum.pe\/\" \/>\n<meta property=\"article:published_time\" content=\"2022-01-12T00:05:05+00:00\" \/>\n<meta property=\"og:image\" content=\"https:\/\/proyectum.com\/pe\/wp-content\/uploads\/2022\/01\/Gestion-por-invitacion.jpg\" \/>\n\t<meta property=\"og:image:width\" content=\"1700\" \/>\n\t<meta property=\"og:image:height\" content=\"1122\" \/>\n\t<meta property=\"og:image:type\" content=\"image\/jpeg\" \/>\n<meta name=\"author\" content=\"Proyectum 2024\" \/>\n<meta name=\"twitter:card\" content=\"summary_large_image\" \/>\n<meta name=\"twitter:label1\" content=\"Escrito por\" \/>\n\t<meta name=\"twitter:data1\" content=\"Proyectum 2024\" \/>\n\t<meta name=\"twitter:label2\" content=\"Tiempo de lectura\" \/>\n\t<meta name=\"twitter:data2\" content=\"5 minutos\" \/>\n<script type=\"application\/ld+json\" class=\"yoast-schema-graph\">{\"@context\":\"https:\/\/schema.org\",\"@graph\":[{\"@type\":\"Article\",\"@id\":\"https:\/\/proyectum.com\/pe\/gestion-por-invitacion-desagregacion-de-las-lineas-jerarquicas-y-de-los-equipos-de-gestion\/#article\",\"isPartOf\":{\"@id\":\"https:\/\/proyectum.com\/pe\/gestion-por-invitacion-desagregacion-de-las-lineas-jerarquicas-y-de-los-equipos-de-gestion\/\"},\"author\":{\"name\":\"Proyectum 2024\",\"@id\":\"https:\/\/proyectum.com\/pe\/#\/schema\/person\/784b10060c51822d857e3004ea132bb4\"},\"headline\":\"Gesti\u00f3n por invitaci\u00f3n: Desagregaci\u00f3n de las l\u00edneas jer\u00e1rquicas y de los equipos de gesti\u00f3n\",\"datePublished\":\"2022-01-12T00:05:05+00:00\",\"mainEntityOfPage\":{\"@id\":\"https:\/\/proyectum.com\/pe\/gestion-por-invitacion-desagregacion-de-las-lineas-jerarquicas-y-de-los-equipos-de-gestion\/\"},\"wordCount\":1113,\"publisher\":{\"@id\":\"https:\/\/proyectum.com\/pe\/#organization\"},\"image\":{\"@id\":\"https:\/\/proyectum.com\/pe\/gestion-por-invitacion-desagregacion-de-las-lineas-jerarquicas-y-de-los-equipos-de-gestion\/#primaryimage\"},\"thumbnailUrl\":\"https:\/\/proyectum.com\/pe\/wp-content\/uploads\/2022\/01\/Gestion-por-invitacion.jpg\",\"keywords\":[\"Equipo de Liderazgo\",\"equipos de liderazgo\",\"Leandro Herrero\"],\"articleSection\":[\"Liderazgo\",\"Transformaci\u00f3n y cambio\"],\"inLanguage\":\"es\"},{\"@type\":\"WebPage\",\"@id\":\"https:\/\/proyectum.com\/pe\/gestion-por-invitacion-desagregacion-de-las-lineas-jerarquicas-y-de-los-equipos-de-gestion\/\",\"url\":\"https:\/\/proyectum.com\/pe\/gestion-por-invitacion-desagregacion-de-las-lineas-jerarquicas-y-de-los-equipos-de-gestion\/\",\"name\":\"Gesti\u00f3n por invitaci\u00f3n: Desagregaci\u00f3n de las l\u00edneas jer\u00e1rquicas y de los equipos de gesti\u00f3n - Proyectum Per\u00fa\",\"isPartOf\":{\"@id\":\"https:\/\/proyectum.com\/pe\/#website\"},\"primaryImageOfPage\":{\"@id\":\"https:\/\/proyectum.com\/pe\/gestion-por-invitacion-desagregacion-de-las-lineas-jerarquicas-y-de-los-equipos-de-gestion\/#primaryimage\"},\"image\":{\"@id\":\"https:\/\/proyectum.com\/pe\/gestion-por-invitacion-desagregacion-de-las-lineas-jerarquicas-y-de-los-equipos-de-gestion\/#primaryimage\"},\"thumbnailUrl\":\"https:\/\/proyectum.com\/pe\/wp-content\/uploads\/2022\/01\/Gestion-por-invitacion.jpg\",\"datePublished\":\"2022-01-12T00:05:05+00:00\",\"breadcrumb\":{\"@id\":\"https:\/\/proyectum.com\/pe\/gestion-por-invitacion-desagregacion-de-las-lineas-jerarquicas-y-de-los-equipos-de-gestion\/#breadcrumb\"},\"inLanguage\":\"es\",\"potentialAction\":[{\"@type\":\"ReadAction\",\"target\":[\"https:\/\/proyectum.com\/pe\/gestion-por-invitacion-desagregacion-de-las-lineas-jerarquicas-y-de-los-equipos-de-gestion\/\"]}]},{\"@type\":\"ImageObject\",\"inLanguage\":\"es\",\"@id\":\"https:\/\/proyectum.com\/pe\/gestion-por-invitacion-desagregacion-de-las-lineas-jerarquicas-y-de-los-equipos-de-gestion\/#primaryimage\",\"url\":\"https:\/\/proyectum.com\/pe\/wp-content\/uploads\/2022\/01\/Gestion-por-invitacion.jpg\",\"contentUrl\":\"https:\/\/proyectum.com\/pe\/wp-content\/uploads\/2022\/01\/Gestion-por-invitacion.jpg\",\"width\":1700,\"height\":1122,\"caption\":\"Gestio\u0301n por invitacio\u0301n\"},{\"@type\":\"BreadcrumbList\",\"@id\":\"https:\/\/proyectum.com\/pe\/gestion-por-invitacion-desagregacion-de-las-lineas-jerarquicas-y-de-los-equipos-de-gestion\/#breadcrumb\",\"itemListElement\":[{\"@type\":\"ListItem\",\"position\":1,\"name\":\"Home\",\"item\":\"https:\/\/proyectum.com\/pe\/\"},{\"@type\":\"ListItem\",\"position\":2,\"name\":\"Gesti\u00f3n por invitaci\u00f3n: Desagregaci\u00f3n de las l\u00edneas jer\u00e1rquicas y de los equipos de gesti\u00f3n\"}]},{\"@type\":\"WebSite\",\"@id\":\"https:\/\/proyectum.com\/pe\/#website\",\"url\":\"https:\/\/proyectum.com\/pe\/\",\"name\":\"Proyectum Per\u00fa\",\"description\":\"Direcci\u00f3n de Proyectos y Metodolog\u00edas \u00c1giles\",\"publisher\":{\"@id\":\"https:\/\/proyectum.com\/pe\/#organization\"},\"potentialAction\":[{\"@type\":\"SearchAction\",\"target\":{\"@type\":\"EntryPoint\",\"urlTemplate\":\"https:\/\/proyectum.com\/pe\/?s={search_term_string}\"},\"query-input\":{\"@type\":\"PropertyValueSpecification\",\"valueRequired\":true,\"valueName\":\"search_term_string\"}}],\"inLanguage\":\"es\"},{\"@type\":\"Organization\",\"@id\":\"https:\/\/proyectum.com\/pe\/#organization\",\"name\":\"Proyectum Per\u00fa\",\"url\":\"https:\/\/proyectum.com\/pe\/\",\"logo\":{\"@type\":\"ImageObject\",\"inLanguage\":\"es\",\"@id\":\"https:\/\/proyectum.com\/pe\/#\/schema\/logo\/image\/\",\"url\":\"https:\/\/proyectum.com\/pe\/wp-content\/uploads\/2020\/04\/proyectum-logo-snippet.png\",\"contentUrl\":\"https:\/\/proyectum.com\/pe\/wp-content\/uploads\/2020\/04\/proyectum-logo-snippet.png\",\"width\":600,\"height\":315,\"caption\":\"Proyectum Per\u00fa\"},\"image\":{\"@id\":\"https:\/\/proyectum.com\/pe\/#\/schema\/logo\/image\/\"},\"sameAs\":[\"https:\/\/www.facebook.com\/proyectum.pe\/\",\"https:\/\/www.instagram.com\/proyectum.pe\/\",\"https:\/\/www.linkedin.com\/company\/proyectumperu\/\",\"https:\/\/www.youtube.com\/@proyectum2283\/videos\"]},{\"@type\":\"Person\",\"@id\":\"https:\/\/proyectum.com\/pe\/#\/schema\/person\/784b10060c51822d857e3004ea132bb4\",\"name\":\"Proyectum 2024\",\"image\":{\"@type\":\"ImageObject\",\"inLanguage\":\"es\",\"@id\":\"https:\/\/proyectum.com\/pe\/#\/schema\/person\/image\/\",\"url\":\"https:\/\/secure.gravatar.com\/avatar\/df82793fddd8f0a5a84fdb27d958bf73?s=96&d=mm&r=g\",\"contentUrl\":\"https:\/\/secure.gravatar.com\/avatar\/df82793fddd8f0a5a84fdb27d958bf73?s=96&d=mm&r=g\",\"caption\":\"Proyectum 2024\"}}]}<\/script>\n<!-- \/ Yoast SEO plugin. -->","yoast_head_json":{"title":"Gesti\u00f3n por invitaci\u00f3n: Desagregaci\u00f3n de las l\u00edneas jer\u00e1rquicas y de los equipos de gesti\u00f3n - Proyectum Per\u00fa","robots":{"index":"index","follow":"follow","max-snippet":"max-snippet:-1","max-image-preview":"max-image-preview:large","max-video-preview":"max-video-preview:-1"},"canonical":"https:\/\/proyectum.com\/pe\/gestion-por-invitacion-desagregacion-de-las-lineas-jerarquicas-y-de-los-equipos-de-gestion\/","og_locale":"es_ES","og_type":"article","og_title":"Gesti\u00f3n por invitaci\u00f3n: Desagregaci\u00f3n de las l\u00edneas jer\u00e1rquicas y de los equipos de gesti\u00f3n - Proyectum Per\u00fa","og_description":"Por Leandro Herrero, MD Traducido y adaptado por: Jorge Vald\u00e9s Garciatorres, MDO, PMP El grado corporativo, las l\u00edneas jer\u00e1rquicas y la pertenencia a los equipos de liderazgo de las organizaciones suelen ir juntos. Pero desagregar estos componentes es un ejercicio saludable y una regla poderosa en las matem\u00e1ticas del cambio. Si reportas a Juan &#8211; [&hellip;]","og_url":"https:\/\/proyectum.com\/pe\/gestion-por-invitacion-desagregacion-de-las-lineas-jerarquicas-y-de-los-equipos-de-gestion\/","og_site_name":"Proyectum Per\u00fa","article_publisher":"https:\/\/www.facebook.com\/proyectum.pe\/","article_published_time":"2022-01-12T00:05:05+00:00","og_image":[{"width":1700,"height":1122,"url":"https:\/\/proyectum.com\/pe\/wp-content\/uploads\/2022\/01\/Gestion-por-invitacion.jpg","type":"image\/jpeg"}],"author":"Proyectum 2024","twitter_card":"summary_large_image","twitter_misc":{"Escrito por":"Proyectum 2024","Tiempo de lectura":"5 minutos"},"schema":{"@context":"https:\/\/schema.org","@graph":[{"@type":"Article","@id":"https:\/\/proyectum.com\/pe\/gestion-por-invitacion-desagregacion-de-las-lineas-jerarquicas-y-de-los-equipos-de-gestion\/#article","isPartOf":{"@id":"https:\/\/proyectum.com\/pe\/gestion-por-invitacion-desagregacion-de-las-lineas-jerarquicas-y-de-los-equipos-de-gestion\/"},"author":{"name":"Proyectum 2024","@id":"https:\/\/proyectum.com\/pe\/#\/schema\/person\/784b10060c51822d857e3004ea132bb4"},"headline":"Gesti\u00f3n por invitaci\u00f3n: Desagregaci\u00f3n de las l\u00edneas jer\u00e1rquicas y de los equipos de gesti\u00f3n","datePublished":"2022-01-12T00:05:05+00:00","mainEntityOfPage":{"@id":"https:\/\/proyectum.com\/pe\/gestion-por-invitacion-desagregacion-de-las-lineas-jerarquicas-y-de-los-equipos-de-gestion\/"},"wordCount":1113,"publisher":{"@id":"https:\/\/proyectum.com\/pe\/#organization"},"image":{"@id":"https:\/\/proyectum.com\/pe\/gestion-por-invitacion-desagregacion-de-las-lineas-jerarquicas-y-de-los-equipos-de-gestion\/#primaryimage"},"thumbnailUrl":"https:\/\/proyectum.com\/pe\/wp-content\/uploads\/2022\/01\/Gestion-por-invitacion.jpg","keywords":["Equipo de Liderazgo","equipos de liderazgo","Leandro Herrero"],"articleSection":["Liderazgo","Transformaci\u00f3n y cambio"],"inLanguage":"es"},{"@type":"WebPage","@id":"https:\/\/proyectum.com\/pe\/gestion-por-invitacion-desagregacion-de-las-lineas-jerarquicas-y-de-los-equipos-de-gestion\/","url":"https:\/\/proyectum.com\/pe\/gestion-por-invitacion-desagregacion-de-las-lineas-jerarquicas-y-de-los-equipos-de-gestion\/","name":"Gesti\u00f3n por invitaci\u00f3n: Desagregaci\u00f3n de las l\u00edneas jer\u00e1rquicas y de los equipos de gesti\u00f3n - Proyectum Per\u00fa","isPartOf":{"@id":"https:\/\/proyectum.com\/pe\/#website"},"primaryImageOfPage":{"@id":"https:\/\/proyectum.com\/pe\/gestion-por-invitacion-desagregacion-de-las-lineas-jerarquicas-y-de-los-equipos-de-gestion\/#primaryimage"},"image":{"@id":"https:\/\/proyectum.com\/pe\/gestion-por-invitacion-desagregacion-de-las-lineas-jerarquicas-y-de-los-equipos-de-gestion\/#primaryimage"},"thumbnailUrl":"https:\/\/proyectum.com\/pe\/wp-content\/uploads\/2022\/01\/Gestion-por-invitacion.jpg","datePublished":"2022-01-12T00:05:05+00:00","breadcrumb":{"@id":"https:\/\/proyectum.com\/pe\/gestion-por-invitacion-desagregacion-de-las-lineas-jerarquicas-y-de-los-equipos-de-gestion\/#breadcrumb"},"inLanguage":"es","potentialAction":[{"@type":"ReadAction","target":["https:\/\/proyectum.com\/pe\/gestion-por-invitacion-desagregacion-de-las-lineas-jerarquicas-y-de-los-equipos-de-gestion\/"]}]},{"@type":"ImageObject","inLanguage":"es","@id":"https:\/\/proyectum.com\/pe\/gestion-por-invitacion-desagregacion-de-las-lineas-jerarquicas-y-de-los-equipos-de-gestion\/#primaryimage","url":"https:\/\/proyectum.com\/pe\/wp-content\/uploads\/2022\/01\/Gestion-por-invitacion.jpg","contentUrl":"https:\/\/proyectum.com\/pe\/wp-content\/uploads\/2022\/01\/Gestion-por-invitacion.jpg","width":1700,"height":1122,"caption":"Gestio\u0301n por invitacio\u0301n"},{"@type":"BreadcrumbList","@id":"https:\/\/proyectum.com\/pe\/gestion-por-invitacion-desagregacion-de-las-lineas-jerarquicas-y-de-los-equipos-de-gestion\/#breadcrumb","itemListElement":[{"@type":"ListItem","position":1,"name":"Home","item":"https:\/\/proyectum.com\/pe\/"},{"@type":"ListItem","position":2,"name":"Gesti\u00f3n por invitaci\u00f3n: Desagregaci\u00f3n de las l\u00edneas jer\u00e1rquicas y de los equipos de gesti\u00f3n"}]},{"@type":"WebSite","@id":"https:\/\/proyectum.com\/pe\/#website","url":"https:\/\/proyectum.com\/pe\/","name":"Proyectum Per\u00fa","description":"Direcci\u00f3n de Proyectos y Metodolog\u00edas \u00c1giles","publisher":{"@id":"https:\/\/proyectum.com\/pe\/#organization"},"potentialAction":[{"@type":"SearchAction","target":{"@type":"EntryPoint","urlTemplate":"https:\/\/proyectum.com\/pe\/?s={search_term_string}"},"query-input":{"@type":"PropertyValueSpecification","valueRequired":true,"valueName":"search_term_string"}}],"inLanguage":"es"},{"@type":"Organization","@id":"https:\/\/proyectum.com\/pe\/#organization","name":"Proyectum Per\u00fa","url":"https:\/\/proyectum.com\/pe\/","logo":{"@type":"ImageObject","inLanguage":"es","@id":"https:\/\/proyectum.com\/pe\/#\/schema\/logo\/image\/","url":"https:\/\/proyectum.com\/pe\/wp-content\/uploads\/2020\/04\/proyectum-logo-snippet.png","contentUrl":"https:\/\/proyectum.com\/pe\/wp-content\/uploads\/2020\/04\/proyectum-logo-snippet.png","width":600,"height":315,"caption":"Proyectum Per\u00fa"},"image":{"@id":"https:\/\/proyectum.com\/pe\/#\/schema\/logo\/image\/"},"sameAs":["https:\/\/www.facebook.com\/proyectum.pe\/","https:\/\/www.instagram.com\/proyectum.pe\/","https:\/\/www.linkedin.com\/company\/proyectumperu\/","https:\/\/www.youtube.com\/@proyectum2283\/videos"]},{"@type":"Person","@id":"https:\/\/proyectum.com\/pe\/#\/schema\/person\/784b10060c51822d857e3004ea132bb4","name":"Proyectum 2024","image":{"@type":"ImageObject","inLanguage":"es","@id":"https:\/\/proyectum.com\/pe\/#\/schema\/person\/image\/","url":"https:\/\/secure.gravatar.com\/avatar\/df82793fddd8f0a5a84fdb27d958bf73?s=96&d=mm&r=g","contentUrl":"https:\/\/secure.gravatar.com\/avatar\/df82793fddd8f0a5a84fdb27d958bf73?s=96&d=mm&r=g","caption":"Proyectum 2024"}}]}},"_links":{"self":[{"href":"https:\/\/proyectum.com\/pe\/wp-json\/wp\/v2\/posts\/9914","targetHints":{"allow":["GET"]}}],"collection":[{"href":"https:\/\/proyectum.com\/pe\/wp-json\/wp\/v2\/posts"}],"about":[{"href":"https:\/\/proyectum.com\/pe\/wp-json\/wp\/v2\/types\/post"}],"author":[{"embeddable":true,"href":"https:\/\/proyectum.com\/pe\/wp-json\/wp\/v2\/users\/26"}],"replies":[{"embeddable":true,"href":"https:\/\/proyectum.com\/pe\/wp-json\/wp\/v2\/comments?post=9914"}],"version-history":[{"count":0,"href":"https:\/\/proyectum.com\/pe\/wp-json\/wp\/v2\/posts\/9914\/revisions"}],"wp:featuredmedia":[{"embeddable":true,"href":"https:\/\/proyectum.com\/pe\/wp-json\/wp\/v2\/media\/9916"}],"wp:attachment":[{"href":"https:\/\/proyectum.com\/pe\/wp-json\/wp\/v2\/media?parent=9914"}],"wp:term":[{"taxonomy":"category","embeddable":true,"href":"https:\/\/proyectum.com\/pe\/wp-json\/wp\/v2\/categories?post=9914"},{"taxonomy":"post_tag","embeddable":true,"href":"https:\/\/proyectum.com\/pe\/wp-json\/wp\/v2\/tags?post=9914"}],"curies":[{"name":"wp","href":"https:\/\/api.w.org\/{rel}","templated":true}]}}