{"id":9917,"date":"2022-01-11T21:26:55","date_gmt":"2022-01-12T00:26:55","guid":{"rendered":"https:\/\/www.proyectum.com\/sistema\/?p=9917"},"modified":"2022-01-11T21:26:55","modified_gmt":"2022-01-12T00:26:55","slug":"las-6-vacas-sagradas-del-pensamiento-sistemico","status":"publish","type":"post","link":"https:\/\/proyectum.com\/pe\/las-6-vacas-sagradas-del-pensamiento-sistemico\/","title":{"rendered":"Las 6 vacas sagradas del pensamiento sist\u00e9mico"},"content":{"rendered":"<p style=\"text-align: right;\">Por: Derek &amp; Laura Cabrera<\/p>\n<p style=\"text-align: right;\">Traducido y adaptado por: Jorge Vald\u00e9s Garciatorres<\/p>\n<p style=\"text-align: right;\"><em>\u201cLa \u00fanica vaca sagrada de una organizaci\u00f3n deber\u00eda ser su filosof\u00eda b\u00e1sica de hacer negocios.\u201d<\/em> <strong>Thomas Watson, Jr.<\/strong><\/p>\n<p>Esto no es una entrada de blog, sino m\u00e1s bien una colecci\u00f3n de entradas. <strong>6 cosas comunes que a los pensadores de sistemas les gusta decir y que son de poco valor<\/strong>. Las llamamos <strong>vacas sagradas del pensamiento sist\u00e9mico<\/strong> porque es casi una blasfemia no estar de acuerdo con ellas, aunque la mayor\u00eda ladran m\u00e1s de lo que en realidad muerden.<\/p>\n<p>Haz clic en los enlaces de abajo (en la columna de la derecha) para leer las propuestas alternativas a cada vaca sagrada.<\/p>\n<p>Tabla: 6 vacas sagradas del pensamiento sist\u00e9mico<\/p>\n<table width=\"584\">\n<thead>\n<tr>\n<td width=\"198\"><strong>VACA SAGRADA<\/strong><\/td>\n<td width=\"198\"><strong>\u00bfVERDADERO O FALSO?<\/strong><\/td>\n<td width=\"187\"><strong>Concepto que <\/strong><\/p>\n<p><strong>la reemplaza<\/strong><\/p>\n<p><strong>(y liga al blog)<\/strong><\/td>\n<\/tr>\n<\/thead>\n<tbody>\n<tr>\n<td width=\"198\">1.\u00a0\u00a0\u00a0\u00a0 El todo es m\u00e1s que la suma de las partes (tambi\u00e9n conocido como \u00abemergente\u00bb).<\/td>\n<td width=\"198\">Falso<\/td>\n<td width=\"187\"><a href=\"https:\/\/www.proyectum.com\/sistema\/blog\/la-emergencia-1-de-las-6-vacas-sagradas-del-pensamiento-sistemico\/\" target=\"_blank\" rel=\"noopener\">El todo es siempre precisamente igual a sus partes.<\/a><\/td>\n<\/tr>\n<tr>\n<td width=\"198\">2.\u00a0\u00a0\u00a0\u00a0 Todos los sistemas tienen una finalidad.<\/td>\n<td width=\"198\">Falso<\/td>\n<td width=\"187\"><a href=\"https:\/\/www.proyectum.com\/sistema\/blog\/el-proposito-de-un-sistema-es-lo-que-hace\/\" target=\"_blank\" rel=\"noopener\">El \u00abprop\u00f3sito\u00bb de un sistema es lo que hace.<\/a><\/td>\n<\/tr>\n<tr>\n<td width=\"198\">3.\u00a0\u00a0\u00a0\u00a0 El pensamiento sist\u00e9mico es ____ [insertar aqu\u00ed la din\u00e1mica de sistemas u otros modelos].<\/td>\n<td width=\"198\">Falso<\/td>\n<td width=\"187\"><a href=\"https:\/\/www.proyectum.com\/sistema\/blog\/dinamica-de-sistemas-pensamiento-sistemico\/\" target=\"_blank\" rel=\"noopener\">El pensamiento sist\u00e9mico es una pluralidad de cientos de m\u00e9todos y modelos que se articulan en torno a cuatro patrones de pensamiento (DSRP).<\/a><\/td>\n<\/tr>\n<tr>\n<td width=\"198\">4.\u00a0\u00a0\u00a0\u00a0 El pensamiento sist\u00e9mico es hol\u00edstico (o, alternativamente, el pensamiento sist\u00e9mico es anti-reduccionista)<\/td>\n<td width=\"198\">Falso<\/td>\n<td width=\"187\"><a href=\"https:\/\/www.proyectum.com\/sistema\/blog\/el-pensamiento-sistemico-no-es-lo-mismo-que-el-pensamiento-holistico\/\" target=\"_blank\" rel=\"noopener\">El pensamiento sist\u00e9mico es un pensamiento equilibrado (tanto hol\u00edstico como reduccionista, y\/ o ambos no una cosa o la otra).<\/a><\/td>\n<\/tr>\n<tr>\n<td width=\"198\">5.\u00a0\u00a0\u00a0\u00a0 Todo est\u00e1 conectado.<\/td>\n<td width=\"198\">Falso<\/td>\n<td width=\"187\"><a href=\"https:\/\/www.proyectum.com\/sistema\/blog\/las-relaciones-r-no-son-suficientes\/\" target=\"_blank\" rel=\"noopener\">Todo est\u00e1 conectado, o no.<\/a><\/td>\n<\/tr>\n<tr>\n<td width=\"198\">6.\u00a0\u00a0\u00a0\u00a0 No hay ning\u00fan sistema que exista.<\/td>\n<td width=\"198\">Falso<\/td>\n<td width=\"187\"><a href=\"https:\/\/www.proyectum.com\/sistema\/blog\/no-hay-sistemas-ahi-fuera-falso\/\" target=\"_blank\" rel=\"noopener\">Hay un sistema ah\u00ed fuera, s\u00f3lo que puede ser diferente de tu modelo mental del \u00e9ste.<\/a><\/td>\n<\/tr>\n<\/tbody>\n<\/table>\n<p>En cierto sentido, estoy de acuerdo con quienes lamentan que los debates sem\u00e1nticos carezcan de utilidad. Los debates puramente sem\u00e1nticos, basados enteramente en la opini\u00f3n, no son terriblemente \u00fatiles. Sin embargo, una buena parte de estas distinciones (arriba) no son puramente sem\u00e1nticas: en la mayor\u00eda de los casos son emp\u00edricas. Con la posible excepci\u00f3n del n\u00famero 2 (que se inclina hacia lo filos\u00f3fico), las seis \u00abvacas sagradas\u00bb que mencion\u00e9 anteriormente <strong>se pueden comprobar emp\u00edricamente, no son una cuesti\u00f3n de opini\u00f3n<\/strong>. En todos los casos, la distinci\u00f3n que se hace entre la \u00abvaca sagrada\u00bb y el concepto de reemplazo, proporciona una mayor profundidad de comprensi\u00f3n de los sistemas.<\/p>\n<p>Una de las cosas que todos los cient\u00edficos (incluidos los de sistemas) deben mejorar es hacer que los conceptos cient\u00edficos sean accesibles al p\u00fablico (porque el p\u00fablico financia nuestra ciencia) sin simplificarlos hasta el extremo de perder la fidelidad con el concepto cient\u00edfico. <strong>Todas las vacas sagradas que menciono son culpables de simplificar en exceso o de ser algo flojos con el lenguaje<\/strong>. As\u00ed, cuando estos t\u00f3picos se repiten y refuerzan, proporcionan al p\u00fablico una falsa comprensi\u00f3n. Cuando el p\u00fablico se compromete tanto con \u00e9stos que se convierten en \u00abvacas sagradas\u00bb, la situaci\u00f3n es a\u00fan peor.<\/p>\n<p>____________________<\/p>\n<p><strong>Derek Cabrera<\/strong> (Doctorado, Cornell) es un cient\u00edfico de sistemas internacionalmente conocido y forma parte del cuerpo docente de la Universidad de Cornell, donde ense\u00f1a pensamiento sist\u00e9mico, liderazgo sist\u00e9mico y mapeo de sistemas, y es Director del Programa de Certificaci\u00f3n de Posgrado en Pensamiento, Modelado y Liderazgo de Sistemas (STML). Es cient\u00edfico senior en Cabrera Research Lab.<\/p>\n<p><strong>Laura Cabrera<\/strong> (B.S., M.P.A, &amp; PhD, Cornell) actualmente ense\u00f1a Pensamiento y Modelado de Sistemas y Liderazgo de Sistemas en la Universidad de Cornell en el Instituto de Asuntos Pol\u00edticos. Tambi\u00e9n es investigadora principal en el Cabrera Research Lab. Durante la \u00faltima d\u00e9cada, Cabrera ha aplicado su experiencia en m\u00e9todos de investigaci\u00f3n y en investigaci\u00f3n traslacional para aumentar la comprensi\u00f3n p\u00fablica, la aplicaci\u00f3n pr\u00e1ctica y la difusi\u00f3n de sofisticados modelos de ciencia de sistemas y de pensamiento sist\u00e9mico.<\/p>\n<p><strong>Jorge Vald\u00e9s Garciatorres<\/strong> (MDO, PMP), Por los \u00faltimos 15 a\u00f1os, ha sido consultor en desarrollo organizacional e instructor en diversos temas aplicados a negocios como pensamiento sist\u00e9mico, direcci\u00f3n de proyectos, innovaci\u00f3n, filosof\u00eda \u00e1gil, desarrollo personal entre otros, ha participado como catedr\u00e1tico en la Universidad de la Rioja. Traduce y escribe frecuentemente en diversos blogs.<\/p>\n<p>&nbsp;<\/p>\n","protected":false},"excerpt":{"rendered":"<p>Por: Derek &amp; Laura Cabrera Traducido y adaptado por: Jorge Vald\u00e9s Garciatorres \u201cLa \u00fanica vaca sagrada de una organizaci\u00f3n deber\u00eda ser su filosof\u00eda b\u00e1sica de hacer negocios.\u201d Thomas Watson, Jr. Esto no es una entrada de blog, sino m\u00e1s bien una colecci\u00f3n de entradas. 6 cosas comunes que a los pensadores de sistemas les gusta [&hellip;]<\/p>\n","protected":false},"author":26,"featured_media":9919,"comment_status":"closed","ping_status":"closed","sticky":false,"template":"","format":"standard","meta":{"_acf_changed":false,"footnotes":""},"categories":[526],"tags":[545,531],"class_list":["post-9917","post","type-post","status-publish","format-standard","has-post-thumbnail","hentry","category-pensamiento-sistemico","tag-6-cosas-comunes-que-a-los-pensadores-de-sistemas-les-gusta-decir-y-que-son-de-poco-valor","tag-vacas-sagradas-del-pensamiento-sistemico"],"acf":[],"yoast_head":"<!-- This site is optimized with the Yoast SEO plugin v24.4 - https:\/\/yoast.com\/wordpress\/plugins\/seo\/ -->\n<title>Las 6 vacas sagradas del pensamiento sist\u00e9mico - Proyectum Per\u00fa<\/title>\n<meta name=\"robots\" content=\"index, follow, max-snippet:-1, max-image-preview:large, max-video-preview:-1\" \/>\n<link rel=\"canonical\" href=\"https:\/\/proyectum.com\/pe\/las-6-vacas-sagradas-del-pensamiento-sistemico\/\" \/>\n<meta property=\"og:locale\" content=\"es_ES\" \/>\n<meta property=\"og:type\" content=\"article\" \/>\n<meta property=\"og:title\" content=\"Las 6 vacas sagradas del pensamiento sist\u00e9mico - Proyectum Per\u00fa\" \/>\n<meta property=\"og:description\" content=\"Por: Derek &amp; Laura Cabrera Traducido y adaptado por: Jorge Vald\u00e9s Garciatorres \u201cLa \u00fanica vaca sagrada de una organizaci\u00f3n deber\u00eda ser su filosof\u00eda b\u00e1sica de hacer negocios.\u201d Thomas Watson, Jr. Esto no es una entrada de blog, sino m\u00e1s bien una colecci\u00f3n de entradas. 6 cosas comunes que a los pensadores de sistemas les gusta [&hellip;]\" \/>\n<meta property=\"og:url\" content=\"https:\/\/proyectum.com\/pe\/las-6-vacas-sagradas-del-pensamiento-sistemico\/\" \/>\n<meta property=\"og:site_name\" content=\"Proyectum Per\u00fa\" \/>\n<meta property=\"article:publisher\" content=\"https:\/\/www.facebook.com\/proyectum.pe\/\" \/>\n<meta property=\"article:published_time\" content=\"2022-01-12T00:26:55+00:00\" \/>\n<meta property=\"og:image\" content=\"https:\/\/proyectum.com\/pe\/wp-content\/uploads\/2022\/01\/6-vacas-sagradas-del-pensamiento-sistemico.jpg\" \/>\n\t<meta property=\"og:image:width\" content=\"1700\" \/>\n\t<meta property=\"og:image:height\" content=\"1133\" \/>\n\t<meta property=\"og:image:type\" content=\"image\/jpeg\" \/>\n<meta name=\"author\" content=\"Proyectum 2024\" \/>\n<meta name=\"twitter:card\" content=\"summary_large_image\" \/>\n<meta name=\"twitter:label1\" content=\"Escrito por\" \/>\n\t<meta name=\"twitter:data1\" content=\"Proyectum 2024\" \/>\n\t<meta name=\"twitter:label2\" content=\"Tiempo de lectura\" \/>\n\t<meta name=\"twitter:data2\" content=\"3 minutos\" \/>\n<script type=\"application\/ld+json\" class=\"yoast-schema-graph\">{\"@context\":\"https:\/\/schema.org\",\"@graph\":[{\"@type\":\"Article\",\"@id\":\"https:\/\/proyectum.com\/pe\/las-6-vacas-sagradas-del-pensamiento-sistemico\/#article\",\"isPartOf\":{\"@id\":\"https:\/\/proyectum.com\/pe\/las-6-vacas-sagradas-del-pensamiento-sistemico\/\"},\"author\":{\"name\":\"Proyectum 2024\",\"@id\":\"https:\/\/proyectum.com\/pe\/#\/schema\/person\/784b10060c51822d857e3004ea132bb4\"},\"headline\":\"Las 6 vacas sagradas del pensamiento sist\u00e9mico\",\"datePublished\":\"2022-01-12T00:26:55+00:00\",\"mainEntityOfPage\":{\"@id\":\"https:\/\/proyectum.com\/pe\/las-6-vacas-sagradas-del-pensamiento-sistemico\/\"},\"wordCount\":748,\"publisher\":{\"@id\":\"https:\/\/proyectum.com\/pe\/#organization\"},\"image\":{\"@id\":\"https:\/\/proyectum.com\/pe\/las-6-vacas-sagradas-del-pensamiento-sistemico\/#primaryimage\"},\"thumbnailUrl\":\"https:\/\/proyectum.com\/pe\/wp-content\/uploads\/2022\/01\/6-vacas-sagradas-del-pensamiento-sistemico.jpg\",\"keywords\":[\"6 cosas comunes que a los pensadores de sistemas les gusta decir y que son de poco valor\",\"vacas sagradas del pensamiento sist\u00e9mico\"],\"articleSection\":[\"Pensamiento sist\u00e9mico\"],\"inLanguage\":\"es\"},{\"@type\":\"WebPage\",\"@id\":\"https:\/\/proyectum.com\/pe\/las-6-vacas-sagradas-del-pensamiento-sistemico\/\",\"url\":\"https:\/\/proyectum.com\/pe\/las-6-vacas-sagradas-del-pensamiento-sistemico\/\",\"name\":\"Las 6 vacas sagradas del pensamiento sist\u00e9mico - Proyectum Per\u00fa\",\"isPartOf\":{\"@id\":\"https:\/\/proyectum.com\/pe\/#website\"},\"primaryImageOfPage\":{\"@id\":\"https:\/\/proyectum.com\/pe\/las-6-vacas-sagradas-del-pensamiento-sistemico\/#primaryimage\"},\"image\":{\"@id\":\"https:\/\/proyectum.com\/pe\/las-6-vacas-sagradas-del-pensamiento-sistemico\/#primaryimage\"},\"thumbnailUrl\":\"https:\/\/proyectum.com\/pe\/wp-content\/uploads\/2022\/01\/6-vacas-sagradas-del-pensamiento-sistemico.jpg\",\"datePublished\":\"2022-01-12T00:26:55+00:00\",\"breadcrumb\":{\"@id\":\"https:\/\/proyectum.com\/pe\/las-6-vacas-sagradas-del-pensamiento-sistemico\/#breadcrumb\"},\"inLanguage\":\"es\",\"potentialAction\":[{\"@type\":\"ReadAction\",\"target\":[\"https:\/\/proyectum.com\/pe\/las-6-vacas-sagradas-del-pensamiento-sistemico\/\"]}]},{\"@type\":\"ImageObject\",\"inLanguage\":\"es\",\"@id\":\"https:\/\/proyectum.com\/pe\/las-6-vacas-sagradas-del-pensamiento-sistemico\/#primaryimage\",\"url\":\"https:\/\/proyectum.com\/pe\/wp-content\/uploads\/2022\/01\/6-vacas-sagradas-del-pensamiento-sistemico.jpg\",\"contentUrl\":\"https:\/\/proyectum.com\/pe\/wp-content\/uploads\/2022\/01\/6-vacas-sagradas-del-pensamiento-sistemico.jpg\",\"width\":1700,\"height\":1133,\"caption\":\"6 vacas sagradas del pensamiento siste\u0301mico\"},{\"@type\":\"BreadcrumbList\",\"@id\":\"https:\/\/proyectum.com\/pe\/las-6-vacas-sagradas-del-pensamiento-sistemico\/#breadcrumb\",\"itemListElement\":[{\"@type\":\"ListItem\",\"position\":1,\"name\":\"Home\",\"item\":\"https:\/\/proyectum.com\/pe\/\"},{\"@type\":\"ListItem\",\"position\":2,\"name\":\"Las 6 vacas sagradas del pensamiento sist\u00e9mico\"}]},{\"@type\":\"WebSite\",\"@id\":\"https:\/\/proyectum.com\/pe\/#website\",\"url\":\"https:\/\/proyectum.com\/pe\/\",\"name\":\"Proyectum Per\u00fa\",\"description\":\"Direcci\u00f3n de Proyectos y Metodolog\u00edas \u00c1giles\",\"publisher\":{\"@id\":\"https:\/\/proyectum.com\/pe\/#organization\"},\"potentialAction\":[{\"@type\":\"SearchAction\",\"target\":{\"@type\":\"EntryPoint\",\"urlTemplate\":\"https:\/\/proyectum.com\/pe\/?s={search_term_string}\"},\"query-input\":{\"@type\":\"PropertyValueSpecification\",\"valueRequired\":true,\"valueName\":\"search_term_string\"}}],\"inLanguage\":\"es\"},{\"@type\":\"Organization\",\"@id\":\"https:\/\/proyectum.com\/pe\/#organization\",\"name\":\"Proyectum Per\u00fa\",\"url\":\"https:\/\/proyectum.com\/pe\/\",\"logo\":{\"@type\":\"ImageObject\",\"inLanguage\":\"es\",\"@id\":\"https:\/\/proyectum.com\/pe\/#\/schema\/logo\/image\/\",\"url\":\"https:\/\/proyectum.com\/pe\/wp-content\/uploads\/2020\/04\/proyectum-logo-snippet.png\",\"contentUrl\":\"https:\/\/proyectum.com\/pe\/wp-content\/uploads\/2020\/04\/proyectum-logo-snippet.png\",\"width\":600,\"height\":315,\"caption\":\"Proyectum Per\u00fa\"},\"image\":{\"@id\":\"https:\/\/proyectum.com\/pe\/#\/schema\/logo\/image\/\"},\"sameAs\":[\"https:\/\/www.facebook.com\/proyectum.pe\/\",\"https:\/\/www.instagram.com\/proyectum.pe\/\",\"https:\/\/www.linkedin.com\/company\/proyectumperu\/\",\"https:\/\/www.youtube.com\/@proyectum2283\/videos\"]},{\"@type\":\"Person\",\"@id\":\"https:\/\/proyectum.com\/pe\/#\/schema\/person\/784b10060c51822d857e3004ea132bb4\",\"name\":\"Proyectum 2024\",\"image\":{\"@type\":\"ImageObject\",\"inLanguage\":\"es\",\"@id\":\"https:\/\/proyectum.com\/pe\/#\/schema\/person\/image\/\",\"url\":\"https:\/\/secure.gravatar.com\/avatar\/df82793fddd8f0a5a84fdb27d958bf73?s=96&d=mm&r=g\",\"contentUrl\":\"https:\/\/secure.gravatar.com\/avatar\/df82793fddd8f0a5a84fdb27d958bf73?s=96&d=mm&r=g\",\"caption\":\"Proyectum 2024\"}}]}<\/script>\n<!-- \/ Yoast SEO plugin. -->","yoast_head_json":{"title":"Las 6 vacas sagradas del pensamiento sist\u00e9mico - Proyectum Per\u00fa","robots":{"index":"index","follow":"follow","max-snippet":"max-snippet:-1","max-image-preview":"max-image-preview:large","max-video-preview":"max-video-preview:-1"},"canonical":"https:\/\/proyectum.com\/pe\/las-6-vacas-sagradas-del-pensamiento-sistemico\/","og_locale":"es_ES","og_type":"article","og_title":"Las 6 vacas sagradas del pensamiento sist\u00e9mico - Proyectum Per\u00fa","og_description":"Por: Derek &amp; Laura Cabrera Traducido y adaptado por: Jorge Vald\u00e9s Garciatorres \u201cLa \u00fanica vaca sagrada de una organizaci\u00f3n deber\u00eda ser su filosof\u00eda b\u00e1sica de hacer negocios.\u201d Thomas Watson, Jr. Esto no es una entrada de blog, sino m\u00e1s bien una colecci\u00f3n de entradas. 6 cosas comunes que a los pensadores de sistemas les gusta [&hellip;]","og_url":"https:\/\/proyectum.com\/pe\/las-6-vacas-sagradas-del-pensamiento-sistemico\/","og_site_name":"Proyectum Per\u00fa","article_publisher":"https:\/\/www.facebook.com\/proyectum.pe\/","article_published_time":"2022-01-12T00:26:55+00:00","og_image":[{"width":1700,"height":1133,"url":"https:\/\/proyectum.com\/pe\/wp-content\/uploads\/2022\/01\/6-vacas-sagradas-del-pensamiento-sistemico.jpg","type":"image\/jpeg"}],"author":"Proyectum 2024","twitter_card":"summary_large_image","twitter_misc":{"Escrito por":"Proyectum 2024","Tiempo de lectura":"3 minutos"},"schema":{"@context":"https:\/\/schema.org","@graph":[{"@type":"Article","@id":"https:\/\/proyectum.com\/pe\/las-6-vacas-sagradas-del-pensamiento-sistemico\/#article","isPartOf":{"@id":"https:\/\/proyectum.com\/pe\/las-6-vacas-sagradas-del-pensamiento-sistemico\/"},"author":{"name":"Proyectum 2024","@id":"https:\/\/proyectum.com\/pe\/#\/schema\/person\/784b10060c51822d857e3004ea132bb4"},"headline":"Las 6 vacas sagradas del pensamiento sist\u00e9mico","datePublished":"2022-01-12T00:26:55+00:00","mainEntityOfPage":{"@id":"https:\/\/proyectum.com\/pe\/las-6-vacas-sagradas-del-pensamiento-sistemico\/"},"wordCount":748,"publisher":{"@id":"https:\/\/proyectum.com\/pe\/#organization"},"image":{"@id":"https:\/\/proyectum.com\/pe\/las-6-vacas-sagradas-del-pensamiento-sistemico\/#primaryimage"},"thumbnailUrl":"https:\/\/proyectum.com\/pe\/wp-content\/uploads\/2022\/01\/6-vacas-sagradas-del-pensamiento-sistemico.jpg","keywords":["6 cosas comunes que a los pensadores de sistemas les gusta decir y que son de poco valor","vacas sagradas del pensamiento sist\u00e9mico"],"articleSection":["Pensamiento sist\u00e9mico"],"inLanguage":"es"},{"@type":"WebPage","@id":"https:\/\/proyectum.com\/pe\/las-6-vacas-sagradas-del-pensamiento-sistemico\/","url":"https:\/\/proyectum.com\/pe\/las-6-vacas-sagradas-del-pensamiento-sistemico\/","name":"Las 6 vacas sagradas del pensamiento sist\u00e9mico - Proyectum Per\u00fa","isPartOf":{"@id":"https:\/\/proyectum.com\/pe\/#website"},"primaryImageOfPage":{"@id":"https:\/\/proyectum.com\/pe\/las-6-vacas-sagradas-del-pensamiento-sistemico\/#primaryimage"},"image":{"@id":"https:\/\/proyectum.com\/pe\/las-6-vacas-sagradas-del-pensamiento-sistemico\/#primaryimage"},"thumbnailUrl":"https:\/\/proyectum.com\/pe\/wp-content\/uploads\/2022\/01\/6-vacas-sagradas-del-pensamiento-sistemico.jpg","datePublished":"2022-01-12T00:26:55+00:00","breadcrumb":{"@id":"https:\/\/proyectum.com\/pe\/las-6-vacas-sagradas-del-pensamiento-sistemico\/#breadcrumb"},"inLanguage":"es","potentialAction":[{"@type":"ReadAction","target":["https:\/\/proyectum.com\/pe\/las-6-vacas-sagradas-del-pensamiento-sistemico\/"]}]},{"@type":"ImageObject","inLanguage":"es","@id":"https:\/\/proyectum.com\/pe\/las-6-vacas-sagradas-del-pensamiento-sistemico\/#primaryimage","url":"https:\/\/proyectum.com\/pe\/wp-content\/uploads\/2022\/01\/6-vacas-sagradas-del-pensamiento-sistemico.jpg","contentUrl":"https:\/\/proyectum.com\/pe\/wp-content\/uploads\/2022\/01\/6-vacas-sagradas-del-pensamiento-sistemico.jpg","width":1700,"height":1133,"caption":"6 vacas sagradas del pensamiento siste\u0301mico"},{"@type":"BreadcrumbList","@id":"https:\/\/proyectum.com\/pe\/las-6-vacas-sagradas-del-pensamiento-sistemico\/#breadcrumb","itemListElement":[{"@type":"ListItem","position":1,"name":"Home","item":"https:\/\/proyectum.com\/pe\/"},{"@type":"ListItem","position":2,"name":"Las 6 vacas sagradas del pensamiento sist\u00e9mico"}]},{"@type":"WebSite","@id":"https:\/\/proyectum.com\/pe\/#website","url":"https:\/\/proyectum.com\/pe\/","name":"Proyectum Per\u00fa","description":"Direcci\u00f3n de Proyectos y Metodolog\u00edas \u00c1giles","publisher":{"@id":"https:\/\/proyectum.com\/pe\/#organization"},"potentialAction":[{"@type":"SearchAction","target":{"@type":"EntryPoint","urlTemplate":"https:\/\/proyectum.com\/pe\/?s={search_term_string}"},"query-input":{"@type":"PropertyValueSpecification","valueRequired":true,"valueName":"search_term_string"}}],"inLanguage":"es"},{"@type":"Organization","@id":"https:\/\/proyectum.com\/pe\/#organization","name":"Proyectum Per\u00fa","url":"https:\/\/proyectum.com\/pe\/","logo":{"@type":"ImageObject","inLanguage":"es","@id":"https:\/\/proyectum.com\/pe\/#\/schema\/logo\/image\/","url":"https:\/\/proyectum.com\/pe\/wp-content\/uploads\/2020\/04\/proyectum-logo-snippet.png","contentUrl":"https:\/\/proyectum.com\/pe\/wp-content\/uploads\/2020\/04\/proyectum-logo-snippet.png","width":600,"height":315,"caption":"Proyectum Per\u00fa"},"image":{"@id":"https:\/\/proyectum.com\/pe\/#\/schema\/logo\/image\/"},"sameAs":["https:\/\/www.facebook.com\/proyectum.pe\/","https:\/\/www.instagram.com\/proyectum.pe\/","https:\/\/www.linkedin.com\/company\/proyectumperu\/","https:\/\/www.youtube.com\/@proyectum2283\/videos"]},{"@type":"Person","@id":"https:\/\/proyectum.com\/pe\/#\/schema\/person\/784b10060c51822d857e3004ea132bb4","name":"Proyectum 2024","image":{"@type":"ImageObject","inLanguage":"es","@id":"https:\/\/proyectum.com\/pe\/#\/schema\/person\/image\/","url":"https:\/\/secure.gravatar.com\/avatar\/df82793fddd8f0a5a84fdb27d958bf73?s=96&d=mm&r=g","contentUrl":"https:\/\/secure.gravatar.com\/avatar\/df82793fddd8f0a5a84fdb27d958bf73?s=96&d=mm&r=g","caption":"Proyectum 2024"}}]}},"_links":{"self":[{"href":"https:\/\/proyectum.com\/pe\/wp-json\/wp\/v2\/posts\/9917","targetHints":{"allow":["GET"]}}],"collection":[{"href":"https:\/\/proyectum.com\/pe\/wp-json\/wp\/v2\/posts"}],"about":[{"href":"https:\/\/proyectum.com\/pe\/wp-json\/wp\/v2\/types\/post"}],"author":[{"embeddable":true,"href":"https:\/\/proyectum.com\/pe\/wp-json\/wp\/v2\/users\/26"}],"replies":[{"embeddable":true,"href":"https:\/\/proyectum.com\/pe\/wp-json\/wp\/v2\/comments?post=9917"}],"version-history":[{"count":0,"href":"https:\/\/proyectum.com\/pe\/wp-json\/wp\/v2\/posts\/9917\/revisions"}],"wp:featuredmedia":[{"embeddable":true,"href":"https:\/\/proyectum.com\/pe\/wp-json\/wp\/v2\/media\/9919"}],"wp:attachment":[{"href":"https:\/\/proyectum.com\/pe\/wp-json\/wp\/v2\/media?parent=9917"}],"wp:term":[{"taxonomy":"category","embeddable":true,"href":"https:\/\/proyectum.com\/pe\/wp-json\/wp\/v2\/categories?post=9917"},{"taxonomy":"post_tag","embeddable":true,"href":"https:\/\/proyectum.com\/pe\/wp-json\/wp\/v2\/tags?post=9917"}],"curies":[{"name":"wp","href":"https:\/\/api.w.org\/{rel}","templated":true}]}}