{"id":10084,"date":"2022-05-17T16:40:59","date_gmt":"2022-05-17T19:40:59","guid":{"rendered":"https:\/\/www.proyectum.com\/sistema\/?p=10084"},"modified":"2022-05-18T15:11:36","modified_gmt":"2022-05-18T18:11:36","slug":"el-nuevo-triangulo-del-talento-del-pmi","status":"publish","type":"post","link":"https:\/\/proyectum.com\/sistema\/blog\/el-nuevo-triangulo-del-talento-del-pmi\/","title":{"rendered":"El nuevo Tri\u00e1ngulo del Talento del PMI\u00ae"},"content":{"rendered":"<p>Como profesional de la direcci\u00f3n de proyectos debes ser m\u00e1s \u00e1gil e ingenioso para mantener el ritmo actual del mundo de los negocios y esto se ve reflejado en <strong>el nuevo Triangulo del Talento del PMI\u00ae<\/strong>.<\/p>\n<h3><strong>\u00bfQu\u00e9 es el Tri\u00e1ngulo del Talento del PMI\u00ae?<\/strong><\/h3>\n<p>Este tri\u00e1ngulo representa el conjunto ideal de habilidades que los profesionales de proyectos deben desarrollar y perfeccionar para tener \u00e9xito y trabajar de manera m\u00e1s inteligente en el cambiante mundo actual de la <strong>direcci\u00f3n de proyectos<\/strong>.<\/p>\n<p>A finales del mes de abril, 2022, el <strong>PMI anunci\u00f3 el cambio del Tri\u00e1ngulo de Talento\u00ae<\/strong> para ayudar a los profesionales de proyectos a navegar el cambiante mundo del trabajo y la evoluci\u00f3n de la profesi\u00f3n de direcci\u00f3n de proyectos.<\/p>\n<p>Los nuevos lados del tri\u00e1ngulo reflejan las habilidades que necesitan para tener \u00e9xito los <strong>profesionales de proyectos<\/strong> y aquellos que usan <strong>habilidades de direcci\u00f3n de proyectos<\/strong>, a quienes llamamos \u00abagentes de cambio\u00bb.<\/p>\n<h3><strong>El nuevo Tri\u00e1ngulo del Talento del PMI\u00ae<\/strong><\/h3>\n<p>Para prepararnos para un futuro que se acerca m\u00e1s r\u00e1pido que nunca, vemos el poder de fusionar los conocimientos b\u00e1sicos de la direcci\u00f3n de proyectos con tres categor\u00edas de habilidades:<\/p>\n<ol>\n<li><strong>Comprensi\u00f3n diversa de las nuevas formas de trabajar<\/strong><\/li>\n<li><strong>Perspicacia comercial<\/strong><\/li>\n<li><strong>Habilidades poderosas<\/strong><\/li>\n<\/ol>\n<h3><strong>Formas de trabajar (Ways of Working)<\/strong><\/h3>\n<p>Anteriormente, el lado de \u201cGesti\u00f3n <strong>T\u00e9cnica<\/strong> de Proyectos\u201d.<\/p>\n<p>Ya sea predictivo, \u00e1gil, Design Thinking o nuevas pr\u00e1cticas a\u00fan por desarrollar, est\u00e1 claro que hay m\u00e1s de una forma en que se hace el trabajo hoy en d\u00eda. Por esta raz\u00f3n alentamos a los profesionales a dominar tantas formas de trabajar como puedan.<\/p>\n<p>Esto los habilita para poder aplicar la t\u00e9cnica adecuada en el momento adecuado y obtener resultados exitosos.<\/p>\n<h3><strong>Perspicacia comercial (Business Acumen)<\/strong><\/h3>\n<p>Anteriormente, el lado de \u201cGesti\u00f3n <strong>Estrat\u00e9gica<\/strong> y Comercial\u201d.<\/p>\n<p>Los profesionales con perspicacia comercial comprenden las influencias macro y micro en su organizaci\u00f3n e industria y tienen la funci\u00f3n, o el conocimiento espec\u00edfico del dominio, para tomar buenas decisiones.<\/p>\n<p>Los profesionales de todos los niveles deben poder cultivar una toma de decisiones efectiva y comprender <strong>c\u00f3mo sus proyectos se alinean con el panorama general de la estrategia organizacional<\/strong> m\u00e1s amplia y las tendencias globales.<\/p>\n<h3><strong>Habilidades poderosas (Power Skills)<\/strong><\/h3>\n<p>Anteriormente, el lado de \u201c<strong>Liderazgo<\/strong>\u201d.<\/p>\n<p>Estas habilidades interpersonales incluyen liderazgo colaborativo, comunicaci\u00f3n, una mentalidad innovadora, orientaci\u00f3n con prop\u00f3sito y empat\u00eda. Asegurarse de que los equipos tengan estas habilidades les permite mantener la influencia con una variedad de partes interesadas, un componente cr\u00edtico para lograr cambios.<\/p>\n<h3><strong><img loading=\"lazy\" decoding=\"async\" class=\"aligncenter wp-image-10086\" src=\"https:\/\/www.proyectum.com\/sistema\/wp-content\/uploads\/2022\/05\/Triangulo-del-PMI.png\" alt=\"Triangulo del PMI\" width=\"836\" height=\"352\" srcset=\"https:\/\/proyectum.com\/sistema\/wp-content\/uploads\/2022\/05\/Triangulo-del-PMI-600x253.png 600w, https:\/\/proyectum.com\/sistema\/wp-content\/uploads\/2022\/05\/Triangulo-del-PMI-768x323.png 768w, https:\/\/proyectum.com\/sistema\/wp-content\/uploads\/2022\/05\/Triangulo-del-PMI-640x270.png 640w, https:\/\/proyectum.com\/sistema\/wp-content\/uploads\/2022\/05\/Triangulo-del-PMI-400x168.png 400w, https:\/\/proyectum.com\/sistema\/wp-content\/uploads\/2022\/05\/Triangulo-del-PMI-367x155.png 367w\" sizes=\"auto, (max-width: 836px) 100vw, 836px\" \/><\/strong><\/h3>\n<p style=\"text-align: center;\"><em><strong>Fig. 1 Evoluci\u00f3n del Tri\u00e1ngulo del Talento del PMI\u00ae<\/strong><\/em><\/p>\n<p>La <strong>evoluci\u00f3n del Tri\u00e1ngulo del Talento del PMI\u00ae<\/strong> ya puede ser percibido en el perfil de los profesionales que cuentan con una certificaci\u00f3n del <strong>Project Management Institute PMI<\/strong>. Y puedes estar tranquilo que tus PDUs anteriores al cambio, ahora est\u00e1n asignados en la nueva clasificaci\u00f3n correspondiente:<\/p>\n<ul>\n<li>Formas de trabajar: Anteriormente Gesti\u00f3n t\u00e9cnica de proyectos<\/li>\n<li>Habilidades de poder: Anteriormente Liderazgo<\/li>\n<li>Perspicacia empresarial: Anteriormente Gesti\u00f3n estrat\u00e9gica y comercial<\/li>\n<\/ul>\n<p><img loading=\"lazy\" decoding=\"async\" class=\"aligncenter wp-image-10087\" src=\"https:\/\/www.proyectum.com\/sistema\/wp-content\/uploads\/2022\/05\/Nuevo-triangulo-PMI.png\" alt=\"Nuevo triangulo PMI\" width=\"640\" height=\"278\" srcset=\"https:\/\/proyectum.com\/sistema\/wp-content\/uploads\/2022\/05\/Nuevo-triangulo-PMI-600x261.png 600w, https:\/\/proyectum.com\/sistema\/wp-content\/uploads\/2022\/05\/Nuevo-triangulo-PMI-640x278.png 640w, https:\/\/proyectum.com\/sistema\/wp-content\/uploads\/2022\/05\/Nuevo-triangulo-PMI-400x174.png 400w, https:\/\/proyectum.com\/sistema\/wp-content\/uploads\/2022\/05\/Nuevo-triangulo-PMI-367x159.png 367w\" sizes=\"auto, (max-width: 640px) 100vw, 640px\" \/><\/p>\n<p style=\"text-align: center;\"><em><strong>Fig. 2 Perfil del PMI con las nuevas categor\u00edas del Tri\u00e1ngulo del Talento del PMI\u00ae<\/strong><\/em><\/p>\n<p><strong>Conclusiones<\/strong><\/p>\n<p>Este cambio en el <strong>Tri\u00e1ngulo del Talento del PMI\u00ae<\/strong> es un reflejo de la adaptaci\u00f3n y la flexibilidad que los profesionales debemos de tener si queremos <strong>seguir siendo relevantes ante un mundo de negocios que, por m\u00e1s trillado que suene, cambia cada vez m\u00e1s r\u00e1pido<\/strong>.<\/p>\n<p>Si quieres conocer nuestra oferta educativa, especializada para profesionales que se quieren mantener vigentes en el mundo de los negocios, te invito a hacer <a href=\"https:\/\/www.proyectum.com\/sistema\/cursos\/calendario\/\" target=\"_blank\" rel=\"noopener\">click aqu\u00ed<\/a>.<\/p>\n<p>Con informaci\u00f3n del PMI: <a href=\"https:\/\/www.pmi.org\/certifications\/certification-resources\/maintain\/earn-pdus\/plan-development-talent-triangle\" target=\"_blank\" rel=\"noopener\">The PMI Talent Triangle Defined<\/a>.<\/p>\n","protected":false},"excerpt":{"rendered":"<p>Como profesional de la direcci\u00f3n de proyectos debes ser m\u00e1s \u00e1gil e ingenioso para mantener el ritmo actual del mundo de los negocios y esto se ve reflejado en el nuevo Triangulo del Talento del PMI\u00ae. \u00bfQu\u00e9 es el Tri\u00e1ngulo del Talento del PMI\u00ae? Este tri\u00e1ngulo representa el conjunto ideal de habilidades que los profesionales [&hellip;]<\/p>\n","protected":false},"author":46,"featured_media":10088,"comment_status":"closed","ping_status":"closed","sticky":false,"template":"","format":"standard","meta":{"_acf_changed":false,"content-type":"","footnotes":""},"categories":[2144,57,55],"tags":[4499,1140,122,4492,4500,4497,4496,4494,4501,4495,3740,4493,4502,4498],"class_list":["post-10084","post","type-post","status-publish","format-standard","has-post-thumbnail","hentry","category-agil","category-direccion-de-proyectos","category-liderazgo","tag-business-acumen","tag-design-thinking","tag-direccion-de-proyectos-2","tag-el-nuevo-triangulo-del-talento-del-pmi","tag-gestion-estrategica-y-comercial","tag-gestion-tecnica-de-proyectos","tag-habilidades-de-direccion-de-proyectos","tag-pmi-anuncio-el-cambio-del-triangulo-de-talento","tag-power-skills","tag-profesionales-de-proyectos","tag-project-management-institute-pmi","tag-que-es-el-triangulo-del-talento-del-pmi","tag-triangulo-del-talento-del-pmi","tag-ways-of-working"],"acf":[],"featured_image_src":{"landsacpe":["https:\/\/proyectum.com\/sistema\/wp-content\/uploads\/2022\/05\/El-nuevo-Tria\u0301ngulo-del-Talento-del-PMI-1140x445.jpg",1140,445,true],"list":["https:\/\/proyectum.com\/sistema\/wp-content\/uploads\/2022\/05\/El-nuevo-Tria\u0301ngulo-del-Talento-del-PMI-463x348.jpg",463,348,true],"medium":["https:\/\/proyectum.com\/sistema\/wp-content\/uploads\/2022\/05\/El-nuevo-Tria\u0301ngulo-del-Talento-del-PMI-300x200.jpg",300,200,true],"full":["https:\/\/proyectum.com\/sistema\/wp-content\/uploads\/2022\/05\/El-nuevo-Tria\u0301ngulo-del-Talento-del-PMI.jpg",1700,1133,false]},"yoast_head":"<!-- This site is optimized with the Yoast SEO plugin v27.4 - https:\/\/yoast.com\/product\/yoast-seo-wordpress\/ -->\n<title>El nuevo Tri\u00e1ngulo del Talento del PMI\u00ae - Proyectum<\/title>\n<meta name=\"description\" content=\"Como profesional de la direcci\u00f3n de proyectos debes ser m\u00e1s \u00e1gil e ingenioso para mantener el ritmo actual del mundo de los negocios y esto se ve\" \/>\n<meta name=\"robots\" content=\"index, follow, max-snippet:-1, max-image-preview:large, max-video-preview:-1\" \/>\n<link rel=\"canonical\" href=\"https:\/\/proyectum.com\/sistema\/blog\/el-nuevo-triangulo-del-talento-del-pmi\/\" \/>\n<meta property=\"og:locale\" content=\"es_ES\" \/>\n<meta property=\"og:type\" content=\"article\" \/>\n<meta property=\"og:title\" content=\"El nuevo Tri\u00e1ngulo del Talento del PMI\u00ae - Proyectum\" \/>\n<meta property=\"og:description\" content=\"Como profesional de la direcci\u00f3n de proyectos debes ser m\u00e1s \u00e1gil e ingenioso para mantener el ritmo actual del mundo de los negocios y esto se ve\" \/>\n<meta property=\"og:url\" content=\"https:\/\/proyectum.com\/sistema\/blog\/el-nuevo-triangulo-del-talento-del-pmi\/\" \/>\n<meta property=\"og:site_name\" content=\"Proyectum\" \/>\n<meta property=\"article:publisher\" content=\"https:\/\/www.facebook.com\/proyectum\/\" \/>\n<meta property=\"article:published_time\" content=\"2022-05-17T19:40:59+00:00\" \/>\n<meta property=\"article:modified_time\" content=\"2022-05-18T18:11:36+00:00\" \/>\n<meta property=\"og:image\" content=\"https:\/\/proyectum.com\/sistema\/wp-content\/uploads\/2022\/05\/El-nuevo-Tria\u0301ngulo-del-Talento-del-PMI.jpg\" \/>\n\t<meta property=\"og:image:width\" content=\"1700\" \/>\n\t<meta property=\"og:image:height\" content=\"1133\" \/>\n\t<meta property=\"og:image:type\" content=\"image\/jpeg\" \/>\n<meta name=\"author\" content=\"Omar Garc\u00eda\" \/>\n<meta name=\"twitter:card\" content=\"summary_large_image\" \/>\n<meta name=\"twitter:creator\" content=\"@omarzgarcia\" \/>\n<meta name=\"twitter:label1\" content=\"Escrito por\" \/>\n\t<meta name=\"twitter:data1\" content=\"Omar Garc\u00eda\" \/>\n\t<meta name=\"twitter:label2\" content=\"Tiempo de lectura\" \/>\n\t<meta name=\"twitter:data2\" content=\"3 minutos\" \/>\n<script type=\"application\/ld+json\" class=\"yoast-schema-graph\">{\"@context\":\"https:\\\/\\\/schema.org\",\"@graph\":[{\"@type\":\"Article\",\"@id\":\"https:\\\/\\\/proyectum.com\\\/sistema\\\/blog\\\/el-nuevo-triangulo-del-talento-del-pmi\\\/#article\",\"isPartOf\":{\"@id\":\"https:\\\/\\\/proyectum.com\\\/sistema\\\/blog\\\/el-nuevo-triangulo-del-talento-del-pmi\\\/\"},\"author\":{\"name\":\"Omar Garc\u00eda\",\"@id\":\"https:\\\/\\\/proyectum.com\\\/sistema\\\/#\\\/schema\\\/person\\\/2c2f3285c31a3a005b11add8832ae8f7\"},\"headline\":\"El nuevo Tri\u00e1ngulo del Talento del PMI\u00ae\",\"datePublished\":\"2022-05-17T19:40:59+00:00\",\"dateModified\":\"2022-05-18T18:11:36+00:00\",\"mainEntityOfPage\":{\"@id\":\"https:\\\/\\\/proyectum.com\\\/sistema\\\/blog\\\/el-nuevo-triangulo-del-talento-del-pmi\\\/\"},\"wordCount\":636,\"publisher\":{\"@id\":\"https:\\\/\\\/proyectum.com\\\/sistema\\\/#organization\"},\"image\":{\"@id\":\"https:\\\/\\\/proyectum.com\\\/sistema\\\/blog\\\/el-nuevo-triangulo-del-talento-del-pmi\\\/#primaryimage\"},\"thumbnailUrl\":\"https:\\\/\\\/proyectum.com\\\/sistema\\\/wp-content\\\/uploads\\\/2022\\\/05\\\/El-nuevo-Tria\u0301ngulo-del-Talento-del-PMI.jpg\",\"keywords\":[\"Business Acumen\",\"Design Thinking\",\"direcci\u00f3n de proyectos\",\"el nuevo Triangulo del Talento del PMI\",\"Gesti\u00f3n Estrat\u00e9gica y Comercial\",\"Gesti\u00f3n T\u00e9cnica de Proyectos\",\"habilidades de direcci\u00f3n de proyectos\",\"PMI anunci\u00f3 el cambio del Tri\u00e1ngulo de Talento\u00ae\",\"Power Skills\",\"profesionales de proyectos\",\"Project Management Institute PMI\",\"Qu\u00e9 es el Tri\u00e1ngulo del Talento del PMI\u00ae\",\"Tri\u00e1ngulo del Talento del PMI\u00ae\",\"Ways of Working\"],\"articleSection\":[\"\u00c1gil\",\"Direcci\u00f3n de Proyectos\",\"Liderazgo\"],\"inLanguage\":\"es\"},{\"@type\":\"WebPage\",\"@id\":\"https:\\\/\\\/proyectum.com\\\/sistema\\\/blog\\\/el-nuevo-triangulo-del-talento-del-pmi\\\/\",\"url\":\"https:\\\/\\\/proyectum.com\\\/sistema\\\/blog\\\/el-nuevo-triangulo-del-talento-del-pmi\\\/\",\"name\":\"El nuevo Tri\u00e1ngulo del Talento del PMI\u00ae - Proyectum\",\"isPartOf\":{\"@id\":\"https:\\\/\\\/proyectum.com\\\/sistema\\\/#website\"},\"primaryImageOfPage\":{\"@id\":\"https:\\\/\\\/proyectum.com\\\/sistema\\\/blog\\\/el-nuevo-triangulo-del-talento-del-pmi\\\/#primaryimage\"},\"image\":{\"@id\":\"https:\\\/\\\/proyectum.com\\\/sistema\\\/blog\\\/el-nuevo-triangulo-del-talento-del-pmi\\\/#primaryimage\"},\"thumbnailUrl\":\"https:\\\/\\\/proyectum.com\\\/sistema\\\/wp-content\\\/uploads\\\/2022\\\/05\\\/El-nuevo-Tria\u0301ngulo-del-Talento-del-PMI.jpg\",\"datePublished\":\"2022-05-17T19:40:59+00:00\",\"dateModified\":\"2022-05-18T18:11:36+00:00\",\"description\":\"Como profesional de la direcci\u00f3n de proyectos debes ser m\u00e1s \u00e1gil e ingenioso para mantener el ritmo actual del mundo de los negocios y esto se ve\",\"breadcrumb\":{\"@id\":\"https:\\\/\\\/proyectum.com\\\/sistema\\\/blog\\\/el-nuevo-triangulo-del-talento-del-pmi\\\/#breadcrumb\"},\"inLanguage\":\"es\",\"potentialAction\":[{\"@type\":\"ReadAction\",\"target\":[\"https:\\\/\\\/proyectum.com\\\/sistema\\\/blog\\\/el-nuevo-triangulo-del-talento-del-pmi\\\/\"]}]},{\"@type\":\"ImageObject\",\"inLanguage\":\"es\",\"@id\":\"https:\\\/\\\/proyectum.com\\\/sistema\\\/blog\\\/el-nuevo-triangulo-del-talento-del-pmi\\\/#primaryimage\",\"url\":\"https:\\\/\\\/proyectum.com\\\/sistema\\\/wp-content\\\/uploads\\\/2022\\\/05\\\/El-nuevo-Tria\u0301ngulo-del-Talento-del-PMI.jpg\",\"contentUrl\":\"https:\\\/\\\/proyectum.com\\\/sistema\\\/wp-content\\\/uploads\\\/2022\\\/05\\\/El-nuevo-Tria\u0301ngulo-del-Talento-del-PMI.jpg\",\"width\":1700,\"height\":1133,\"caption\":\"El nuevo Tria\u0301ngulo del Talento del PMI\"},{\"@type\":\"BreadcrumbList\",\"@id\":\"https:\\\/\\\/proyectum.com\\\/sistema\\\/blog\\\/el-nuevo-triangulo-del-talento-del-pmi\\\/#breadcrumb\",\"itemListElement\":[{\"@type\":\"ListItem\",\"position\":1,\"name\":\"Home\",\"item\":\"https:\\\/\\\/proyectum.com\\\/sistema\\\/\"},{\"@type\":\"ListItem\",\"position\":2,\"name\":\"El nuevo Tri\u00e1ngulo del Talento del PMI\u00ae\"}]},{\"@type\":\"WebSite\",\"@id\":\"https:\\\/\\\/proyectum.com\\\/sistema\\\/#website\",\"url\":\"https:\\\/\\\/proyectum.com\\\/sistema\\\/\",\"name\":\"Proyectum\",\"description\":\"Direcci\u00f3n de Proyectos y M\u00e9todos \u00c1giles\",\"publisher\":{\"@id\":\"https:\\\/\\\/proyectum.com\\\/sistema\\\/#organization\"},\"potentialAction\":[{\"@type\":\"SearchAction\",\"target\":{\"@type\":\"EntryPoint\",\"urlTemplate\":\"https:\\\/\\\/proyectum.com\\\/sistema\\\/?s={search_term_string}\"},\"query-input\":{\"@type\":\"PropertyValueSpecification\",\"valueRequired\":true,\"valueName\":\"search_term_string\"}}],\"inLanguage\":\"es\"},{\"@type\":\"Organization\",\"@id\":\"https:\\\/\\\/proyectum.com\\\/sistema\\\/#organization\",\"name\":\"Proyectum\",\"url\":\"https:\\\/\\\/proyectum.com\\\/sistema\\\/\",\"logo\":{\"@type\":\"ImageObject\",\"inLanguage\":\"es\",\"@id\":\"https:\\\/\\\/proyectum.com\\\/sistema\\\/#\\\/schema\\\/logo\\\/image\\\/\",\"url\":\"https:\\\/\\\/www.proyectum.com\\\/sistema\\\/wp-content\\\/uploads\\\/2020\\\/04\\\/proyectum-logo-snippet.png\",\"contentUrl\":\"https:\\\/\\\/www.proyectum.com\\\/sistema\\\/wp-content\\\/uploads\\\/2020\\\/04\\\/proyectum-logo-snippet.png\",\"width\":600,\"height\":315,\"caption\":\"Proyectum\"},\"image\":{\"@id\":\"https:\\\/\\\/proyectum.com\\\/sistema\\\/#\\\/schema\\\/logo\\\/image\\\/\"},\"sameAs\":[\"https:\\\/\\\/www.facebook.com\\\/proyectum\\\/\",\"https:\\\/\\\/www.linkedin.com\\\/company\\\/sistemaproyectum\\\/\",\"https:\\\/\\\/www.youtube.com\\\/channel\\\/UCljouWimyhK_cNcC2jniUgw\"]},{\"@type\":\"Person\",\"@id\":\"https:\\\/\\\/proyectum.com\\\/sistema\\\/#\\\/schema\\\/person\\\/2c2f3285c31a3a005b11add8832ae8f7\",\"name\":\"Omar Garc\u00eda\",\"image\":{\"@type\":\"ImageObject\",\"inLanguage\":\"es\",\"@id\":\"https:\\\/\\\/secure.gravatar.com\\\/avatar\\\/6287ae96abd3e19dcc272b2c1ff8c5c0a0fcf3149e67894ce1b778f4232770a9?s=96&d=mm&r=g\",\"url\":\"https:\\\/\\\/secure.gravatar.com\\\/avatar\\\/6287ae96abd3e19dcc272b2c1ff8c5c0a0fcf3149e67894ce1b778f4232770a9?s=96&d=mm&r=g\",\"contentUrl\":\"https:\\\/\\\/secure.gravatar.com\\\/avatar\\\/6287ae96abd3e19dcc272b2c1ff8c5c0a0fcf3149e67894ce1b778f4232770a9?s=96&d=mm&r=g\",\"caption\":\"Omar Garc\u00eda\"},\"description\":\"Creador de contenidos en Proyectum. Para seguir la conversaci\u00f3n puedes escribirme en: @omarzgarcia\",\"sameAs\":[\"https:\\\/\\\/x.com\\\/@omarzgarcia\"],\"url\":\"https:\\\/\\\/proyectum.com\\\/sistema\\\/author\\\/omarzgarcia\\\/\"}]}<\/script>\n<!-- \/ Yoast SEO plugin. -->","yoast_head_json":{"title":"El nuevo Tri\u00e1ngulo del Talento del PMI\u00ae - Proyectum","description":"Como profesional de la direcci\u00f3n de proyectos debes ser m\u00e1s \u00e1gil e ingenioso para mantener el ritmo actual del mundo de los negocios y esto se ve","robots":{"index":"index","follow":"follow","max-snippet":"max-snippet:-1","max-image-preview":"max-image-preview:large","max-video-preview":"max-video-preview:-1"},"canonical":"https:\/\/proyectum.com\/sistema\/blog\/el-nuevo-triangulo-del-talento-del-pmi\/","og_locale":"es_ES","og_type":"article","og_title":"El nuevo Tri\u00e1ngulo del Talento del PMI\u00ae - Proyectum","og_description":"Como profesional de la direcci\u00f3n de proyectos debes ser m\u00e1s \u00e1gil e ingenioso para mantener el ritmo actual del mundo de los negocios y esto se ve","og_url":"https:\/\/proyectum.com\/sistema\/blog\/el-nuevo-triangulo-del-talento-del-pmi\/","og_site_name":"Proyectum","article_publisher":"https:\/\/www.facebook.com\/proyectum\/","article_published_time":"2022-05-17T19:40:59+00:00","article_modified_time":"2022-05-18T18:11:36+00:00","og_image":[{"width":1700,"height":1133,"url":"https:\/\/proyectum.com\/sistema\/wp-content\/uploads\/2022\/05\/El-nuevo-Tria\u0301ngulo-del-Talento-del-PMI.jpg","type":"image\/jpeg"}],"author":"Omar Garc\u00eda","twitter_card":"summary_large_image","twitter_creator":"@omarzgarcia","twitter_misc":{"Escrito por":"Omar Garc\u00eda","Tiempo de lectura":"3 minutos"},"schema":{"@context":"https:\/\/schema.org","@graph":[{"@type":"Article","@id":"https:\/\/proyectum.com\/sistema\/blog\/el-nuevo-triangulo-del-talento-del-pmi\/#article","isPartOf":{"@id":"https:\/\/proyectum.com\/sistema\/blog\/el-nuevo-triangulo-del-talento-del-pmi\/"},"author":{"name":"Omar Garc\u00eda","@id":"https:\/\/proyectum.com\/sistema\/#\/schema\/person\/2c2f3285c31a3a005b11add8832ae8f7"},"headline":"El nuevo Tri\u00e1ngulo del Talento del PMI\u00ae","datePublished":"2022-05-17T19:40:59+00:00","dateModified":"2022-05-18T18:11:36+00:00","mainEntityOfPage":{"@id":"https:\/\/proyectum.com\/sistema\/blog\/el-nuevo-triangulo-del-talento-del-pmi\/"},"wordCount":636,"publisher":{"@id":"https:\/\/proyectum.com\/sistema\/#organization"},"image":{"@id":"https:\/\/proyectum.com\/sistema\/blog\/el-nuevo-triangulo-del-talento-del-pmi\/#primaryimage"},"thumbnailUrl":"https:\/\/proyectum.com\/sistema\/wp-content\/uploads\/2022\/05\/El-nuevo-Tria\u0301ngulo-del-Talento-del-PMI.jpg","keywords":["Business Acumen","Design Thinking","direcci\u00f3n de proyectos","el nuevo Triangulo del Talento del PMI","Gesti\u00f3n Estrat\u00e9gica y Comercial","Gesti\u00f3n T\u00e9cnica de Proyectos","habilidades de direcci\u00f3n de proyectos","PMI anunci\u00f3 el cambio del Tri\u00e1ngulo de Talento\u00ae","Power Skills","profesionales de proyectos","Project Management Institute PMI","Qu\u00e9 es el Tri\u00e1ngulo del Talento del PMI\u00ae","Tri\u00e1ngulo del Talento del PMI\u00ae","Ways of Working"],"articleSection":["\u00c1gil","Direcci\u00f3n de Proyectos","Liderazgo"],"inLanguage":"es"},{"@type":"WebPage","@id":"https:\/\/proyectum.com\/sistema\/blog\/el-nuevo-triangulo-del-talento-del-pmi\/","url":"https:\/\/proyectum.com\/sistema\/blog\/el-nuevo-triangulo-del-talento-del-pmi\/","name":"El nuevo Tri\u00e1ngulo del Talento del PMI\u00ae - Proyectum","isPartOf":{"@id":"https:\/\/proyectum.com\/sistema\/#website"},"primaryImageOfPage":{"@id":"https:\/\/proyectum.com\/sistema\/blog\/el-nuevo-triangulo-del-talento-del-pmi\/#primaryimage"},"image":{"@id":"https:\/\/proyectum.com\/sistema\/blog\/el-nuevo-triangulo-del-talento-del-pmi\/#primaryimage"},"thumbnailUrl":"https:\/\/proyectum.com\/sistema\/wp-content\/uploads\/2022\/05\/El-nuevo-Tria\u0301ngulo-del-Talento-del-PMI.jpg","datePublished":"2022-05-17T19:40:59+00:00","dateModified":"2022-05-18T18:11:36+00:00","description":"Como profesional de la direcci\u00f3n de proyectos debes ser m\u00e1s \u00e1gil e ingenioso para mantener el ritmo actual del mundo de los negocios y esto se ve","breadcrumb":{"@id":"https:\/\/proyectum.com\/sistema\/blog\/el-nuevo-triangulo-del-talento-del-pmi\/#breadcrumb"},"inLanguage":"es","potentialAction":[{"@type":"ReadAction","target":["https:\/\/proyectum.com\/sistema\/blog\/el-nuevo-triangulo-del-talento-del-pmi\/"]}]},{"@type":"ImageObject","inLanguage":"es","@id":"https:\/\/proyectum.com\/sistema\/blog\/el-nuevo-triangulo-del-talento-del-pmi\/#primaryimage","url":"https:\/\/proyectum.com\/sistema\/wp-content\/uploads\/2022\/05\/El-nuevo-Tria\u0301ngulo-del-Talento-del-PMI.jpg","contentUrl":"https:\/\/proyectum.com\/sistema\/wp-content\/uploads\/2022\/05\/El-nuevo-Tria\u0301ngulo-del-Talento-del-PMI.jpg","width":1700,"height":1133,"caption":"El nuevo Tria\u0301ngulo del Talento del PMI"},{"@type":"BreadcrumbList","@id":"https:\/\/proyectum.com\/sistema\/blog\/el-nuevo-triangulo-del-talento-del-pmi\/#breadcrumb","itemListElement":[{"@type":"ListItem","position":1,"name":"Home","item":"https:\/\/proyectum.com\/sistema\/"},{"@type":"ListItem","position":2,"name":"El nuevo Tri\u00e1ngulo del Talento del PMI\u00ae"}]},{"@type":"WebSite","@id":"https:\/\/proyectum.com\/sistema\/#website","url":"https:\/\/proyectum.com\/sistema\/","name":"Proyectum","description":"Direcci\u00f3n de Proyectos y M\u00e9todos \u00c1giles","publisher":{"@id":"https:\/\/proyectum.com\/sistema\/#organization"},"potentialAction":[{"@type":"SearchAction","target":{"@type":"EntryPoint","urlTemplate":"https:\/\/proyectum.com\/sistema\/?s={search_term_string}"},"query-input":{"@type":"PropertyValueSpecification","valueRequired":true,"valueName":"search_term_string"}}],"inLanguage":"es"},{"@type":"Organization","@id":"https:\/\/proyectum.com\/sistema\/#organization","name":"Proyectum","url":"https:\/\/proyectum.com\/sistema\/","logo":{"@type":"ImageObject","inLanguage":"es","@id":"https:\/\/proyectum.com\/sistema\/#\/schema\/logo\/image\/","url":"https:\/\/www.proyectum.com\/sistema\/wp-content\/uploads\/2020\/04\/proyectum-logo-snippet.png","contentUrl":"https:\/\/www.proyectum.com\/sistema\/wp-content\/uploads\/2020\/04\/proyectum-logo-snippet.png","width":600,"height":315,"caption":"Proyectum"},"image":{"@id":"https:\/\/proyectum.com\/sistema\/#\/schema\/logo\/image\/"},"sameAs":["https:\/\/www.facebook.com\/proyectum\/","https:\/\/www.linkedin.com\/company\/sistemaproyectum\/","https:\/\/www.youtube.com\/channel\/UCljouWimyhK_cNcC2jniUgw"]},{"@type":"Person","@id":"https:\/\/proyectum.com\/sistema\/#\/schema\/person\/2c2f3285c31a3a005b11add8832ae8f7","name":"Omar Garc\u00eda","image":{"@type":"ImageObject","inLanguage":"es","@id":"https:\/\/secure.gravatar.com\/avatar\/6287ae96abd3e19dcc272b2c1ff8c5c0a0fcf3149e67894ce1b778f4232770a9?s=96&d=mm&r=g","url":"https:\/\/secure.gravatar.com\/avatar\/6287ae96abd3e19dcc272b2c1ff8c5c0a0fcf3149e67894ce1b778f4232770a9?s=96&d=mm&r=g","contentUrl":"https:\/\/secure.gravatar.com\/avatar\/6287ae96abd3e19dcc272b2c1ff8c5c0a0fcf3149e67894ce1b778f4232770a9?s=96&d=mm&r=g","caption":"Omar Garc\u00eda"},"description":"Creador de contenidos en Proyectum. Para seguir la conversaci\u00f3n puedes escribirme en: @omarzgarcia","sameAs":["https:\/\/x.com\/@omarzgarcia"],"url":"https:\/\/proyectum.com\/sistema\/author\/omarzgarcia\/"}]}},"_links":{"self":[{"href":"https:\/\/proyectum.com\/sistema\/wp-json\/wp\/v2\/posts\/10084","targetHints":{"allow":["GET"]}}],"collection":[{"href":"https:\/\/proyectum.com\/sistema\/wp-json\/wp\/v2\/posts"}],"about":[{"href":"https:\/\/proyectum.com\/sistema\/wp-json\/wp\/v2\/types\/post"}],"author":[{"embeddable":true,"href":"https:\/\/proyectum.com\/sistema\/wp-json\/wp\/v2\/users\/46"}],"replies":[{"embeddable":true,"href":"https:\/\/proyectum.com\/sistema\/wp-json\/wp\/v2\/comments?post=10084"}],"version-history":[{"count":0,"href":"https:\/\/proyectum.com\/sistema\/wp-json\/wp\/v2\/posts\/10084\/revisions"}],"wp:featuredmedia":[{"embeddable":true,"href":"https:\/\/proyectum.com\/sistema\/wp-json\/wp\/v2\/media\/10088"}],"wp:attachment":[{"href":"https:\/\/proyectum.com\/sistema\/wp-json\/wp\/v2\/media?parent=10084"}],"wp:term":[{"taxonomy":"category","embeddable":true,"href":"https:\/\/proyectum.com\/sistema\/wp-json\/wp\/v2\/categories?post=10084"},{"taxonomy":"post_tag","embeddable":true,"href":"https:\/\/proyectum.com\/sistema\/wp-json\/wp\/v2\/tags?post=10084"}],"curies":[{"name":"wp","href":"https:\/\/api.w.org\/{rel}","templated":true}]}}