{"id":10137,"date":"2022-06-27T11:07:36","date_gmt":"2022-06-27T14:07:36","guid":{"rendered":"https:\/\/www.proyectum.com\/sistema\/?p=10137"},"modified":"2022-06-30T12:36:46","modified_gmt":"2022-06-30T15:36:46","slug":"tecnologias-emergentes-angel-o-demonio","status":"publish","type":"post","link":"https:\/\/proyectum.com\/sistema\/blog\/tecnologias-emergentes-angel-o-demonio\/","title":{"rendered":"Tecnolog\u00edas emergentes: \u00bf\u00e1ngel o demonio?"},"content":{"rendered":"<div class=\"wpb-content-wrapper\"><p>[vc_row][vc_column][vc_column_text]<\/p>\n<p style=\"text-align: right;\">Por: Jorge Vald\u00e9s Garciatorres, MDO, PMP<\/p>\n<p style=\"text-align: right;\"><em>\u201cNo todas las ideas de mejora son buenas\u2026 Se necesita un proceso y una gobernanza para que las malas ideas mueran y las buenas florezcan.\u201d<\/em><\/p>\n<p style=\"text-align: right;\"><strong>Denis Matte<\/strong><a href=\"#_ftn1\" name=\"_ftnref1\">[1]<\/a><\/p>\n<p>Hab\u00eda una vez\u2026.<\/p>\n<p>Hace mucho tiempo, cuando entr\u00e9 a trabajar a un centro de datos, me preguntaba porque todo mundo se quejaba del \u00e1rea de TI. Nuestros clientes internos dec\u00edan cosas como <em>\u201cSon lentos y malos\u201d<\/em>. <em>\u201cSi tienes que pedir algo a desarrollo de TI, mejor hazlo manualmente, es m\u00e1s r\u00e1pido y f\u00e1cil\u201d<\/em>.<\/p>\n<p><strong>Antes de la llegada de los m\u00e9todos \u00e1giles<\/strong>, empez\u00f3 a surgir un \u201cnuevo\u201d problema en la organizaci\u00f3n donde trabajaba, problema que, a\u00f1os despu\u00e9s, en el mundo de la consultor\u00eda pude constatar en primera persona que no era exclusivo de \u00e9sta.<\/p>\n<p>Resulta que cierta vez, como resultado de una auditor\u00eda que estuvo plagada de observaciones, nos pidieron hacer una revisi\u00f3n exhaustiva de las <strong>soluciones basadas en tecnolog\u00eda<\/strong> con que contaba la organizaci\u00f3n, en aquel entonces fue un shock darnos cuenta de que hab\u00eda ciertas \u00e1reas de negocio que para \u201cbrincarse\u201d al \u00e1rea de TI, hab\u00edan justificado la inversi\u00f3n en Hardware y la contrataci\u00f3n de servicios que pudieran sacar provecho de ese Hardware. Me refiero a proveedores que hac\u00edan la instalaci\u00f3n de servidores y el desarrollo de software necesario e incluso desarrollaban o participaban en el desarrollo de soluciones espec\u00edficas para la susodicha \u00e1rea. Los servidores simplemente \u201cviv\u00edan\u201d debajo de los escritorios y ten\u00edan su propia red. Todo esto, de manera \u201cclandestina\u201d.<\/p>\n<p>Cuando nos percatamos de esto, ardi\u00f3 Troya. Al principio, los altos directivos de sistemas se enojaron mucho, despu\u00e9s era berrinche\u2026 pero cuando pas\u00f3 el sisma emocional, la pregunta fue\u2026 \u00bfPor qu\u00e9? Entonces iniciamos una cruzada para entender porque las \u00e1reas de negocio estaban usando su propia mini infraestructura de TI cuando, por aquel entonces, la empresa en donde trabajaba ten\u00eda el m\u00e1s grande y mejor centro de procesamiento de datos de todo Latinoam\u00e9rica. La verdad es que en ese momento el proceso de entendimiento se parec\u00eda m\u00e1s a la santa inquisici\u00f3n que a un genuino inter\u00e9s por entender y cambiar esa realidad.<\/p>\n<p>El golpe fue duro. <strong>La gente de sistemas rara vez entend\u00eda las verdaderas necesidades del negocio<\/strong>. Muchos proyectos eran \u201cfabricados\u201d por el \u00e1rea de sistemas para consumir el presupuesto anual que le era asignado a nivel corporativo (es decir el presupuesto para desarrollar soluciones era asignado a sistemas y no a cada negocio), lo peor era que en muchos casos, ni si quiera hab\u00eda un sponsor nombrado por parte de negocio. Parad\u00f3jicamente, en muchos otros casos, los usuarios se quejaban de que sus requerimientos no eran lo suficientemente importantes para que el \u00e1rea de TI les asignara presupuesto y fueran atendidos. Finalmente, la queja era que el proceso de desarrollo era \u201cm\u00e1s largo que la cuaresma\u201d y que, para cuando conclu\u00eda el proyecto, la necesidad de negocio que hab\u00eda dado lugar a \u00e9ste ya hab\u00eda cambiado.<\/p>\n<p>Poco a poco se fueron <strong>incorporando los enfoques \u00e1giles<\/strong> y el problema se resolvi\u00f3 parcialmente, es decir, efectivamente con los enfoques \u00e1giles se puede adelantar la captura de valor de una soluci\u00f3n, sin embargo, esto trajo mayor complejidad a la administraci\u00f3n del \u00e1rea de TI, surgiendo nuevos actores en el camino, roles como el design thinking practitioner, el business analyst y el devops por citar algunos ejemplos, otros se transformaron como el del Project Manager que evolucion\u00f3 a Scrum M\u00e1ster (Aquellos fundamentalistas de ambos mundos, si quieren tirar hate, adelante), el rol de usuario se transform\u00f3 a Product Owner y tuvimos todos que aprender nuevas formas de trabajar (WOWs).<\/p>\n<p>Ciertamente los enfoques \u00e1giles llegaron para quedarse y optimizarse, de forma que las organizaciones que logren adaptarse a este nuevo mundo, tendr\u00e1n la posibilidad de mantenerse y crecer.<\/p>\n<p>Sin embargo, el proceso de desarrollo de software sigue teniendo muchas \u00e1reas de oportunidad y el desarrollo de soluciones undergeround no solo no ha disminuido, sino que se ha incrementado con la aparici\u00f3n de tecnolog\u00edas y ecosistemas de infraestructura en la nube, que han facilitado el acceso a la tecnolog\u00eda con un enfoque h\u00e1galo usted mismo. Me refiero a las opciones que existen hoy para adquirir infraestructura en la nube y de tecnolog\u00edas emergentes como la Inteligencia Artificial, o el concepto de Big Data, incluso el incremento del apetito del mercado por los cient\u00edficos de datos y el uso de plataformas no-code \/ low code.<\/p>\n<p>Quiz\u00e1s desde el principio el enfoque fue err\u00f3neo. Durante esos a\u00f1os de inquisici\u00f3n quiz\u00e1s hubiera sido m\u00e1s asertivo el buscar genuinamente una salida \u201cgobernada\u201d para el fen\u00f3meno que hab\u00edamos identificado. Ese fen\u00f3meno que Gartner Group define como \u201cShadow IT y se refiere a los dispositivos, software y servicios de TI que est\u00e1n fuera de la propiedad o el control de las organizaciones de TI. \u201c<a href=\"#_ftn2\" name=\"_ftnref2\">[2]<\/a><\/p>\n<p>Hoy el enfoque parece ser diferente, est\u00e1 surgiendo un nuevo paradigma, que desaf\u00eda los c\u00e1nones establecidos para el desarrollo de soluciones de negocio basadas en tecnolog\u00eda. Miren esto:<\/p>\n<p>\u201cImagina un mundo en el que cualquier persona de negocios\u00a0 pueda desarrollar una aplicaci\u00f3n sin tener que escribir c\u00f3digo inform\u00e1tico.<\/p>\n<p>Imagina una fuerza de trabajo capaz de ser autosuficiente, resolviendo problemas y desarrollando soluciones de forma estructurada y controlada con un riesgo m\u00ednimo.<\/p>\n<p>Imagina que las organizaciones reducen tiempos y costos asociados al proceso de desarrollo de software tradicional.<\/p>\n<p>Imagina que aumenta la productividad del \u00e1rea de TI en m\u00e1s de un 50%.<\/p>\n<p>Este es el mundo Citizen Development. Citizen Development est\u00e1 llamado a formar parte de la pr\u00f3xima ola de transformaci\u00f3n de las empresas y aprovechar\u00e1 las revoluciones digitales y de datos que estamos experimentando. El movimiento busca reglamentar a nivel institucional, el uso de tecnolog\u00edas no-code y low-code para incrementar la productividad y el valor, al mismo tiempo que acerca la tecnolog\u00eda a las \u00e1reas de negocio.<\/p>\n<p>Seremos testigos del aumento de las personas de a pie que puedan resolver problemas de negocios con tecnolog\u00eda, en su propio lugar de trabajo a medida que dominen estas nuevas tecnolog\u00edas\u201d<a href=\"#_ftn3\" name=\"_ftnref3\">[3]<\/a>.<\/p>\n<p>Tecnolog\u00edas que, hasta hace poco, eran solo conceptos sacados de la ciencia ficci\u00f3n. Hoy son una realidad, gracias a las tecnolog\u00edas emergentes como la Automatizaci\u00f3n Rob\u00f3tica de Procesos (RPA), el Aprendizaje basado en M\u00e1quinas o Machine Learning (ML), el Internet de las Cosas y la Inteligencia Artificial (AI). S\u00ed, hoy son una realidad y la buena noticia es que est\u00e1n m\u00e1s cerca que nunca del ciudadano digital, haciendo que los procesos de innovaci\u00f3n exploten en la organizaci\u00f3n.<\/p>\n<p>En el mundo actual, existen diversos enfoques para ponerse al d\u00eda y entender los conceptos y las din\u00e1micas de proyectos que tienen componentes de tecnolog\u00edas emergentes y en donde tenemos que prepararnos, si es que queremos formar parte de la <strong>econom\u00eda de proyectos<\/strong><a href=\"#_ftn4\" name=\"_ftnref4\">[4]<\/a>. Uno de los enfoques que <strong>ha llamado poderosamente nuestra atenci\u00f3n es el programa de tecnolog\u00edas emergentes de <a href=\"https:\/\/certnexus.com\/\" target=\"_blank\" rel=\"noopener\">CertNexus<\/a><\/strong>, que pr\u00f3ximamente estar\u00e1 disponible en nuestra oferta de formaci\u00f3n.<\/p>\n<p>Este programa es uno de los m\u00e1s completos del mercado pues cubre aspectos de ciberseguridad, de inteligencia artificial, de internet de las cosas, ciencia de datos y \u00e9tica en el manejo de datos.<\/p>\n<p>Adem\u00e1s, est\u00e1 dise\u00f1ado para que puedas empezar a entender los conceptos y din\u00e1mica de trabajo en su nivel Think y a las personas que quieran profundizar, pueden hacerlo con los cursos de Practitioner en cada una de estas vertientes.<\/p>\n<p><strong><img loading=\"lazy\" decoding=\"async\" class=\"aligncenter size-full wp-image-10138\" src=\"https:\/\/www.proyectum.com\/sistema\/wp-content\/uploads\/2022\/06\/CertNexus-Capacitacio\u0301n.png\" alt=\"CertNexus Capacitacio\u0301n\" width=\"894\" height=\"602\" srcset=\"https:\/\/proyectum.com\/sistema\/wp-content\/uploads\/2022\/06\/CertNexus-Capacitacio\u0301n.png 894w, https:\/\/proyectum.com\/sistema\/wp-content\/uploads\/2022\/06\/CertNexus-Capacitacio\u0301n-600x404.png 600w, https:\/\/proyectum.com\/sistema\/wp-content\/uploads\/2022\/06\/CertNexus-Capacitacio\u0301n-768x517.png 768w, https:\/\/proyectum.com\/sistema\/wp-content\/uploads\/2022\/06\/CertNexus-Capacitacio\u0301n-640x431.png 640w, https:\/\/proyectum.com\/sistema\/wp-content\/uploads\/2022\/06\/CertNexus-Capacitacio\u0301n-400x269.png 400w, https:\/\/proyectum.com\/sistema\/wp-content\/uploads\/2022\/06\/CertNexus-Capacitacio\u0301n-367x247.png 367w\" sizes=\"auto, (max-width: 894px) 100vw, 894px\" \/>Si quieres tener m\u00e1s de un 40% de descuento, visita la p\u00e1gina del curso y <a href=\"https:\/\/proyectum.typeform.com\/et4biz?utm_source=xxxxx&amp;utm_medium=xxxxx&amp;utm_campaign=xxxxx&amp;utm_term=xxxxx&amp;utm_content=xxxxx\" target=\"_blank\" rel=\"noopener\">deja tus datos<\/a>, muy pronto nos estaremos comunicando contigo. <\/strong><\/p>\n<p>Muchas organizaciones ya se dieron cuenta de que <strong>el Shadow IT es inevitable<\/strong>. Simplemente no se puede contener. As\u00ed que quiz\u00e1s el enfoque m\u00e1s adecuado sea que haya un di\u00e1logo en donde todas las partes muestren un genuino inter\u00e9s por entender las necesidades, implicaciones y riesgos de sus contrapartes y juntos establezcan las reglas del juego.<\/p>\n<p>Esto es una grand\u00edsima oportunidad para potenciar la innovaci\u00f3n en beneficio de la organizaci\u00f3n y requiere que muchas estrellas se alineen, dejando atr\u00e1s egos por una parte y resentimientos por otra, en beneficio de que la organizaci\u00f3n trascienda sistem\u00e1ticamente los tiempos turbulentos que nos ha tocado vivir.<\/p>\n<p><strong>Conclusi\u00f3n<\/strong><\/p>\n<p>En Proyectum creemos que las nuevas tecnolog\u00edas y enfoques de negocios, no son buenos ni son malos, simplemente son. Lo cierto es que llegaron para quedarse y seguir evolucionando, depende de cada uno de nosotros y de cada organizaci\u00f3n en su conjunto, la forma en que se acerquen y decidan usarlas.<\/p>\n<p>No obstante, hay que tener presente que, como suele suceder en esta vida, las grandes oportunidades vienen acompa\u00f1adas de grandes riesgos. Hoy, muchas organizaciones est\u00e1n expuestas a estos riesgos al mantenerse al margen de las tecnolog\u00edas emergentes o bien, al seguir \u201cignorando\u201d que existe el Shadow IT. Muchas otras quiz\u00e1s ni siquiera lo intenten por \u201cevitar\u201d dichos riesgos o incluso por no ser conscientes de esto, en cualquier caso, estar\u00e1n dejando pasar una gran oportunidad de productividad, de innovaci\u00f3n y de mantener su relevancia en un mundo que cambia r\u00e1pidamente.<\/p>\n<p>Por otra parte, aquellas organizaciones que logren descifrar la clave para hacer que las \u00e1reas de TI y de negocio, trabajen de forma cooperativa y colaborativa, muy probablemente estar\u00e1n m\u00e1s cerca de subsistir, que aquellas que no lo hagan. En Proyectum nos hemos propuesto ayudar a las organizaciones y a los individuos a entender este nuevo mundo y acompa\u00f1arlos en la obtenci\u00f3n de valor de nuevo y apasionante mundo.<\/p>\n<p><a href=\"#_ftnref1\" name=\"_ftn1\">[1]<\/a> https:\/\/freshservice.com\/general\/top-it-quotes-blog\/<\/p>\n<p><a href=\"#_ftnref2\" name=\"_ftn2\">[2]<\/a> Traducci\u00f3n libre a partir de:\u00a0 https:\/\/www.gartner.com\/en\/information-technology\/glossary\/shadow<\/p>\n<p><a href=\"#_ftnref3\" name=\"_ftn3\">[3]<\/a> Traducido y adaptado por el autor de: Citizen Development a handbook for Creators and Changemakers, PMI. Para m\u00e1s informaci\u00f3n visita la p\u00e1gina de <a href=\"https:\/\/www.pmi.org\/citizen-developer?s_kwcid=AL!8620!3!574862876767!e!!g!!citizen%20developer&amp;utm_job_number=159&amp;utm_region_name=latin_america&amp;utm_funnel_stage=customer_acquisition&amp;utm_marketing_channel=paid_media&amp;utm_marketing_subchannel=search_ppc_nonbranded&amp;utm_start_date=01122022&amp;utm_end_date=12312022&amp;utm_source=google&amp;utm_custom_field_one=citizen_developer_latin_america&amp;utm_custom_field_two=cd_branded&amp;utm_custom_field_three=574862876767&amp;utm_custom_field_four=citizen%20developer&amp;utm_custom_field_five=e&amp;gclid=CjwKCAjwk_WVBhBZEiwAUHQCmROL-dq0iEdVMg8WUoPbHH8P4rK_PHUcZ3XaYOB2ErHT9x6_e1SBVxoC1zAQAvD_BwE\" target=\"_blank\" rel=\"noopener\">Citizen Developer<\/a> del PMI<\/p>\n<p><a href=\"#_ftnref4\" name=\"_ftn4\">[4]<\/a> Es el t\u00e9rmino que usa el PMI para describir la din\u00e1mica del trabajo actual. \u201cLa econom\u00eda de proyectos es aquella en la que las personas tienen las habilidades y capacidades que necesitan para convertir las ideas en realidad. En ella, las organizaciones aportan valor a las partes interesadas mediante la finalizaci\u00f3n con \u00e9xito de los proyectos, la entrega de productos y la alineaci\u00f3n con los flujos de valor\u201d Si quieres saber m\u00e1s de la econom\u00eda de proyectos visita: <a href=\"https:\/\/www.pmi.org\/the-project-economy\">https:\/\/www.pmi.org\/the-project-economy<\/a>[\/vc_column_text][\/vc_column][\/vc_row]<\/p>\n<\/div>","protected":false},"excerpt":{"rendered":"<p>[vc_row][vc_column][vc_column_text] Por: Jorge Vald\u00e9s Garciatorres, MDO, PMP \u201cNo todas las ideas de mejora son buenas\u2026 Se necesita un proceso y una gobernanza para que las malas ideas mueran y las buenas florezcan.\u201d Denis Matte[1] Hab\u00eda una vez\u2026. Hace mucho tiempo, cuando entr\u00e9 a trabajar a un centro de datos, me preguntaba porque todo mundo se [&hellip;]<\/p>\n","protected":false},"author":18,"featured_media":10140,"comment_status":"closed","ping_status":"closed","sticky":false,"template":"","format":"standard","meta":{"_acf_changed":false,"content-type":"","footnotes":""},"categories":[2144,82],"tags":[2305,4522,4526,4527,2594,4528],"class_list":["post-10137","post","type-post","status-publish","format-standard","has-post-thumbnail","hentry","category-agil","category-innovacion","tag-agilidad","tag-certnexus","tag-economia-de-proyectos","tag-el-shadow-it-es-inevitable","tag-metodos-agiles","tag-shadow-it"],"acf":[],"featured_image_src":{"landsacpe":["https:\/\/proyectum.com\/sistema\/wp-content\/uploads\/2022\/06\/Angel-o-demonio-1140x445.jpg",1140,445,true],"list":["https:\/\/proyectum.com\/sistema\/wp-content\/uploads\/2022\/06\/Angel-o-demonio-463x348.jpg",463,348,true],"medium":["https:\/\/proyectum.com\/sistema\/wp-content\/uploads\/2022\/06\/Angel-o-demonio-300x200.jpg",300,200,true],"full":["https:\/\/proyectum.com\/sistema\/wp-content\/uploads\/2022\/06\/Angel-o-demonio.jpg",1700,1133,false]},"yoast_head":"<!-- This site is optimized with the Yoast SEO plugin v27.5 - https:\/\/yoast.com\/product\/yoast-seo-wordpress\/ -->\n<title>Tecnolog\u00edas emergentes: \u00bf\u00e1ngel o demonio? - Proyectum<\/title>\n<meta name=\"description\" content=\"Por: Jorge Vald\u00e9s Garciatorres, MDO, PMP \u201cNo todas las ideas de mejora son buenas\u2026 Se necesita un proceso y una gobernanza para que las malas ideas mueran\" \/>\n<meta name=\"robots\" content=\"index, follow, max-snippet:-1, max-image-preview:large, max-video-preview:-1\" \/>\n<link rel=\"canonical\" href=\"https:\/\/proyectum.com\/sistema\/blog\/tecnologias-emergentes-angel-o-demonio\/\" \/>\n<meta property=\"og:locale\" content=\"es_ES\" \/>\n<meta property=\"og:type\" content=\"article\" \/>\n<meta property=\"og:title\" content=\"Tecnolog\u00edas emergentes: \u00bf\u00e1ngel o demonio? - Proyectum\" \/>\n<meta property=\"og:description\" content=\"Por: Jorge Vald\u00e9s Garciatorres, MDO, PMP \u201cNo todas las ideas de mejora son buenas\u2026 Se necesita un proceso y una gobernanza para que las malas ideas mueran\" \/>\n<meta property=\"og:url\" content=\"https:\/\/proyectum.com\/sistema\/blog\/tecnologias-emergentes-angel-o-demonio\/\" \/>\n<meta property=\"og:site_name\" content=\"Proyectum\" \/>\n<meta property=\"article:publisher\" content=\"https:\/\/www.facebook.com\/proyectum\/\" \/>\n<meta property=\"article:published_time\" content=\"2022-06-27T14:07:36+00:00\" \/>\n<meta property=\"article:modified_time\" content=\"2022-06-30T15:36:46+00:00\" \/>\n<meta property=\"og:image\" content=\"https:\/\/proyectum.com\/sistema\/wp-content\/uploads\/2022\/06\/Angel-o-demonio.jpg\" \/>\n\t<meta property=\"og:image:width\" content=\"1700\" \/>\n\t<meta property=\"og:image:height\" content=\"1133\" \/>\n\t<meta property=\"og:image:type\" content=\"image\/jpeg\" \/>\n<meta name=\"author\" content=\"Jorge Vald\u00e9s Garciatorres\" \/>\n<meta name=\"twitter:card\" content=\"summary_large_image\" \/>\n<meta name=\"twitter:label1\" content=\"Escrito por\" \/>\n\t<meta name=\"twitter:data1\" content=\"Jorge Vald\u00e9s Garciatorres\" \/>\n\t<meta name=\"twitter:label2\" content=\"Tiempo de lectura\" \/>\n\t<meta name=\"twitter:data2\" content=\"8 minutos\" \/>\n<script type=\"application\/ld+json\" class=\"yoast-schema-graph\">{\"@context\":\"https:\\\/\\\/schema.org\",\"@graph\":[{\"@type\":\"Article\",\"@id\":\"https:\\\/\\\/proyectum.com\\\/sistema\\\/blog\\\/tecnologias-emergentes-angel-o-demonio\\\/#article\",\"isPartOf\":{\"@id\":\"https:\\\/\\\/proyectum.com\\\/sistema\\\/blog\\\/tecnologias-emergentes-angel-o-demonio\\\/\"},\"author\":{\"name\":\"Jorge Vald\u00e9s Garciatorres\",\"@id\":\"https:\\\/\\\/proyectum.com\\\/sistema\\\/#\\\/schema\\\/person\\\/d31dc858cdc64bb094f97de74c958a16\"},\"headline\":\"Tecnolog\u00edas emergentes: \u00bf\u00e1ngel o demonio?\",\"datePublished\":\"2022-06-27T14:07:36+00:00\",\"dateModified\":\"2022-06-30T15:36:46+00:00\",\"mainEntityOfPage\":{\"@id\":\"https:\\\/\\\/proyectum.com\\\/sistema\\\/blog\\\/tecnologias-emergentes-angel-o-demonio\\\/\"},\"wordCount\":1822,\"publisher\":{\"@id\":\"https:\\\/\\\/proyectum.com\\\/sistema\\\/#organization\"},\"image\":{\"@id\":\"https:\\\/\\\/proyectum.com\\\/sistema\\\/blog\\\/tecnologias-emergentes-angel-o-demonio\\\/#primaryimage\"},\"thumbnailUrl\":\"https:\\\/\\\/proyectum.com\\\/sistema\\\/wp-content\\\/uploads\\\/2022\\\/06\\\/Angel-o-demonio.jpg\",\"keywords\":[\"agilidad\",\"CertNexus\",\"econom\u00eda de proyectos\",\"el Shadow IT es inevitable\",\"m\u00e9todos \u00e1giles\",\"Shadow IT\"],\"articleSection\":[\"\u00c1gil\",\"Innovaci\u00f3n\"],\"inLanguage\":\"es\"},{\"@type\":\"WebPage\",\"@id\":\"https:\\\/\\\/proyectum.com\\\/sistema\\\/blog\\\/tecnologias-emergentes-angel-o-demonio\\\/\",\"url\":\"https:\\\/\\\/proyectum.com\\\/sistema\\\/blog\\\/tecnologias-emergentes-angel-o-demonio\\\/\",\"name\":\"Tecnolog\u00edas emergentes: \u00bf\u00e1ngel o demonio? - Proyectum\",\"isPartOf\":{\"@id\":\"https:\\\/\\\/proyectum.com\\\/sistema\\\/#website\"},\"primaryImageOfPage\":{\"@id\":\"https:\\\/\\\/proyectum.com\\\/sistema\\\/blog\\\/tecnologias-emergentes-angel-o-demonio\\\/#primaryimage\"},\"image\":{\"@id\":\"https:\\\/\\\/proyectum.com\\\/sistema\\\/blog\\\/tecnologias-emergentes-angel-o-demonio\\\/#primaryimage\"},\"thumbnailUrl\":\"https:\\\/\\\/proyectum.com\\\/sistema\\\/wp-content\\\/uploads\\\/2022\\\/06\\\/Angel-o-demonio.jpg\",\"datePublished\":\"2022-06-27T14:07:36+00:00\",\"dateModified\":\"2022-06-30T15:36:46+00:00\",\"description\":\"Por: Jorge Vald\u00e9s Garciatorres, MDO, PMP \u201cNo todas las ideas de mejora son buenas\u2026 Se necesita un proceso y una gobernanza para que las malas ideas mueran\",\"breadcrumb\":{\"@id\":\"https:\\\/\\\/proyectum.com\\\/sistema\\\/blog\\\/tecnologias-emergentes-angel-o-demonio\\\/#breadcrumb\"},\"inLanguage\":\"es\",\"potentialAction\":[{\"@type\":\"ReadAction\",\"target\":[\"https:\\\/\\\/proyectum.com\\\/sistema\\\/blog\\\/tecnologias-emergentes-angel-o-demonio\\\/\"]}]},{\"@type\":\"ImageObject\",\"inLanguage\":\"es\",\"@id\":\"https:\\\/\\\/proyectum.com\\\/sistema\\\/blog\\\/tecnologias-emergentes-angel-o-demonio\\\/#primaryimage\",\"url\":\"https:\\\/\\\/proyectum.com\\\/sistema\\\/wp-content\\\/uploads\\\/2022\\\/06\\\/Angel-o-demonio.jpg\",\"contentUrl\":\"https:\\\/\\\/proyectum.com\\\/sistema\\\/wp-content\\\/uploads\\\/2022\\\/06\\\/Angel-o-demonio.jpg\",\"width\":1700,\"height\":1133,\"caption\":\"Angel o demonio\"},{\"@type\":\"BreadcrumbList\",\"@id\":\"https:\\\/\\\/proyectum.com\\\/sistema\\\/blog\\\/tecnologias-emergentes-angel-o-demonio\\\/#breadcrumb\",\"itemListElement\":[{\"@type\":\"ListItem\",\"position\":1,\"name\":\"Home\",\"item\":\"https:\\\/\\\/proyectum.com\\\/sistema\\\/\"},{\"@type\":\"ListItem\",\"position\":2,\"name\":\"Tecnolog\u00edas emergentes: \u00bf\u00e1ngel o demonio?\"}]},{\"@type\":\"WebSite\",\"@id\":\"https:\\\/\\\/proyectum.com\\\/sistema\\\/#website\",\"url\":\"https:\\\/\\\/proyectum.com\\\/sistema\\\/\",\"name\":\"Proyectum\",\"description\":\"Direcci\u00f3n de Proyectos y M\u00e9todos \u00c1giles\",\"publisher\":{\"@id\":\"https:\\\/\\\/proyectum.com\\\/sistema\\\/#organization\"},\"potentialAction\":[{\"@type\":\"SearchAction\",\"target\":{\"@type\":\"EntryPoint\",\"urlTemplate\":\"https:\\\/\\\/proyectum.com\\\/sistema\\\/?s={search_term_string}\"},\"query-input\":{\"@type\":\"PropertyValueSpecification\",\"valueRequired\":true,\"valueName\":\"search_term_string\"}}],\"inLanguage\":\"es\"},{\"@type\":\"Organization\",\"@id\":\"https:\\\/\\\/proyectum.com\\\/sistema\\\/#organization\",\"name\":\"Proyectum\",\"url\":\"https:\\\/\\\/proyectum.com\\\/sistema\\\/\",\"logo\":{\"@type\":\"ImageObject\",\"inLanguage\":\"es\",\"@id\":\"https:\\\/\\\/proyectum.com\\\/sistema\\\/#\\\/schema\\\/logo\\\/image\\\/\",\"url\":\"https:\\\/\\\/www.proyectum.com\\\/sistema\\\/wp-content\\\/uploads\\\/2020\\\/04\\\/proyectum-logo-snippet.png\",\"contentUrl\":\"https:\\\/\\\/www.proyectum.com\\\/sistema\\\/wp-content\\\/uploads\\\/2020\\\/04\\\/proyectum-logo-snippet.png\",\"width\":600,\"height\":315,\"caption\":\"Proyectum\"},\"image\":{\"@id\":\"https:\\\/\\\/proyectum.com\\\/sistema\\\/#\\\/schema\\\/logo\\\/image\\\/\"},\"sameAs\":[\"https:\\\/\\\/www.facebook.com\\\/proyectum\\\/\",\"https:\\\/\\\/www.linkedin.com\\\/company\\\/sistemaproyectum\\\/\",\"https:\\\/\\\/www.youtube.com\\\/channel\\\/UCljouWimyhK_cNcC2jniUgw\"]},{\"@type\":\"Person\",\"@id\":\"https:\\\/\\\/proyectum.com\\\/sistema\\\/#\\\/schema\\\/person\\\/d31dc858cdc64bb094f97de74c958a16\",\"name\":\"Jorge Vald\u00e9s Garciatorres\",\"image\":{\"@type\":\"ImageObject\",\"inLanguage\":\"es\",\"@id\":\"https:\\\/\\\/secure.gravatar.com\\\/avatar\\\/d8c545fb11684f0c20963dba484f2d994a1b6fad92d26f108a8188f16c288d78?s=96&d=mm&r=g\",\"url\":\"https:\\\/\\\/secure.gravatar.com\\\/avatar\\\/d8c545fb11684f0c20963dba484f2d994a1b6fad92d26f108a8188f16c288d78?s=96&d=mm&r=g\",\"contentUrl\":\"https:\\\/\\\/secure.gravatar.com\\\/avatar\\\/d8c545fb11684f0c20963dba484f2d994a1b6fad92d26f108a8188f16c288d78?s=96&d=mm&r=g\",\"caption\":\"Jorge Vald\u00e9s Garciatorres\"},\"description\":\"Jorge es autor del libro \\\"El Camino hacia la PMO \u00c1gil\\\". Es Coautor de un modelo sist\u00e9mico para la evaluaci\u00f3n y mejora del Ecosistema Organizacional de Direcci\u00f3n de de Proyectos. Ha sido consultor, instructor y facilitador desde 2005 en temas relacionados con Estrategia, Direcci\u00f3n de Proyectos y Optimizaci\u00f3n de Procesos de Negocio. Igualmente es contador de historias y frecuentemente participa en diversos foros, compartiendo sus reflexiones. Jorge es miembro de importantes organizaciones como el PMI y el NTL Institute. Adem\u00e1s, cuenta con varias certificaciones como la de PMP, Systems Thinking, Agile Leadership, entre muchas otras.\",\"sameAs\":[\"https:\\\/\\\/www.linkedin.com\\\/in\\\/jorgevaldex\\\/\"],\"url\":\"https:\\\/\\\/proyectum.com\\\/sistema\\\/author\\\/jvaldex\\\/\"}]}<\/script>\n<!-- \/ Yoast SEO plugin. -->","yoast_head_json":{"title":"Tecnolog\u00edas emergentes: \u00bf\u00e1ngel o demonio? - Proyectum","description":"Por: Jorge Vald\u00e9s Garciatorres, MDO, PMP \u201cNo todas las ideas de mejora son buenas\u2026 Se necesita un proceso y una gobernanza para que las malas ideas mueran","robots":{"index":"index","follow":"follow","max-snippet":"max-snippet:-1","max-image-preview":"max-image-preview:large","max-video-preview":"max-video-preview:-1"},"canonical":"https:\/\/proyectum.com\/sistema\/blog\/tecnologias-emergentes-angel-o-demonio\/","og_locale":"es_ES","og_type":"article","og_title":"Tecnolog\u00edas emergentes: \u00bf\u00e1ngel o demonio? - Proyectum","og_description":"Por: Jorge Vald\u00e9s Garciatorres, MDO, PMP \u201cNo todas las ideas de mejora son buenas\u2026 Se necesita un proceso y una gobernanza para que las malas ideas mueran","og_url":"https:\/\/proyectum.com\/sistema\/blog\/tecnologias-emergentes-angel-o-demonio\/","og_site_name":"Proyectum","article_publisher":"https:\/\/www.facebook.com\/proyectum\/","article_published_time":"2022-06-27T14:07:36+00:00","article_modified_time":"2022-06-30T15:36:46+00:00","og_image":[{"width":1700,"height":1133,"url":"https:\/\/proyectum.com\/sistema\/wp-content\/uploads\/2022\/06\/Angel-o-demonio.jpg","type":"image\/jpeg"}],"author":"Jorge Vald\u00e9s Garciatorres","twitter_card":"summary_large_image","twitter_misc":{"Escrito por":"Jorge Vald\u00e9s Garciatorres","Tiempo de lectura":"8 minutos"},"schema":{"@context":"https:\/\/schema.org","@graph":[{"@type":"Article","@id":"https:\/\/proyectum.com\/sistema\/blog\/tecnologias-emergentes-angel-o-demonio\/#article","isPartOf":{"@id":"https:\/\/proyectum.com\/sistema\/blog\/tecnologias-emergentes-angel-o-demonio\/"},"author":{"name":"Jorge Vald\u00e9s Garciatorres","@id":"https:\/\/proyectum.com\/sistema\/#\/schema\/person\/d31dc858cdc64bb094f97de74c958a16"},"headline":"Tecnolog\u00edas emergentes: \u00bf\u00e1ngel o demonio?","datePublished":"2022-06-27T14:07:36+00:00","dateModified":"2022-06-30T15:36:46+00:00","mainEntityOfPage":{"@id":"https:\/\/proyectum.com\/sistema\/blog\/tecnologias-emergentes-angel-o-demonio\/"},"wordCount":1822,"publisher":{"@id":"https:\/\/proyectum.com\/sistema\/#organization"},"image":{"@id":"https:\/\/proyectum.com\/sistema\/blog\/tecnologias-emergentes-angel-o-demonio\/#primaryimage"},"thumbnailUrl":"https:\/\/proyectum.com\/sistema\/wp-content\/uploads\/2022\/06\/Angel-o-demonio.jpg","keywords":["agilidad","CertNexus","econom\u00eda de proyectos","el Shadow IT es inevitable","m\u00e9todos \u00e1giles","Shadow IT"],"articleSection":["\u00c1gil","Innovaci\u00f3n"],"inLanguage":"es"},{"@type":"WebPage","@id":"https:\/\/proyectum.com\/sistema\/blog\/tecnologias-emergentes-angel-o-demonio\/","url":"https:\/\/proyectum.com\/sistema\/blog\/tecnologias-emergentes-angel-o-demonio\/","name":"Tecnolog\u00edas emergentes: \u00bf\u00e1ngel o demonio? - Proyectum","isPartOf":{"@id":"https:\/\/proyectum.com\/sistema\/#website"},"primaryImageOfPage":{"@id":"https:\/\/proyectum.com\/sistema\/blog\/tecnologias-emergentes-angel-o-demonio\/#primaryimage"},"image":{"@id":"https:\/\/proyectum.com\/sistema\/blog\/tecnologias-emergentes-angel-o-demonio\/#primaryimage"},"thumbnailUrl":"https:\/\/proyectum.com\/sistema\/wp-content\/uploads\/2022\/06\/Angel-o-demonio.jpg","datePublished":"2022-06-27T14:07:36+00:00","dateModified":"2022-06-30T15:36:46+00:00","description":"Por: Jorge Vald\u00e9s Garciatorres, MDO, PMP \u201cNo todas las ideas de mejora son buenas\u2026 Se necesita un proceso y una gobernanza para que las malas ideas mueran","breadcrumb":{"@id":"https:\/\/proyectum.com\/sistema\/blog\/tecnologias-emergentes-angel-o-demonio\/#breadcrumb"},"inLanguage":"es","potentialAction":[{"@type":"ReadAction","target":["https:\/\/proyectum.com\/sistema\/blog\/tecnologias-emergentes-angel-o-demonio\/"]}]},{"@type":"ImageObject","inLanguage":"es","@id":"https:\/\/proyectum.com\/sistema\/blog\/tecnologias-emergentes-angel-o-demonio\/#primaryimage","url":"https:\/\/proyectum.com\/sistema\/wp-content\/uploads\/2022\/06\/Angel-o-demonio.jpg","contentUrl":"https:\/\/proyectum.com\/sistema\/wp-content\/uploads\/2022\/06\/Angel-o-demonio.jpg","width":1700,"height":1133,"caption":"Angel o demonio"},{"@type":"BreadcrumbList","@id":"https:\/\/proyectum.com\/sistema\/blog\/tecnologias-emergentes-angel-o-demonio\/#breadcrumb","itemListElement":[{"@type":"ListItem","position":1,"name":"Home","item":"https:\/\/proyectum.com\/sistema\/"},{"@type":"ListItem","position":2,"name":"Tecnolog\u00edas emergentes: \u00bf\u00e1ngel o demonio?"}]},{"@type":"WebSite","@id":"https:\/\/proyectum.com\/sistema\/#website","url":"https:\/\/proyectum.com\/sistema\/","name":"Proyectum","description":"Direcci\u00f3n de Proyectos y M\u00e9todos \u00c1giles","publisher":{"@id":"https:\/\/proyectum.com\/sistema\/#organization"},"potentialAction":[{"@type":"SearchAction","target":{"@type":"EntryPoint","urlTemplate":"https:\/\/proyectum.com\/sistema\/?s={search_term_string}"},"query-input":{"@type":"PropertyValueSpecification","valueRequired":true,"valueName":"search_term_string"}}],"inLanguage":"es"},{"@type":"Organization","@id":"https:\/\/proyectum.com\/sistema\/#organization","name":"Proyectum","url":"https:\/\/proyectum.com\/sistema\/","logo":{"@type":"ImageObject","inLanguage":"es","@id":"https:\/\/proyectum.com\/sistema\/#\/schema\/logo\/image\/","url":"https:\/\/www.proyectum.com\/sistema\/wp-content\/uploads\/2020\/04\/proyectum-logo-snippet.png","contentUrl":"https:\/\/www.proyectum.com\/sistema\/wp-content\/uploads\/2020\/04\/proyectum-logo-snippet.png","width":600,"height":315,"caption":"Proyectum"},"image":{"@id":"https:\/\/proyectum.com\/sistema\/#\/schema\/logo\/image\/"},"sameAs":["https:\/\/www.facebook.com\/proyectum\/","https:\/\/www.linkedin.com\/company\/sistemaproyectum\/","https:\/\/www.youtube.com\/channel\/UCljouWimyhK_cNcC2jniUgw"]},{"@type":"Person","@id":"https:\/\/proyectum.com\/sistema\/#\/schema\/person\/d31dc858cdc64bb094f97de74c958a16","name":"Jorge Vald\u00e9s Garciatorres","image":{"@type":"ImageObject","inLanguage":"es","@id":"https:\/\/secure.gravatar.com\/avatar\/d8c545fb11684f0c20963dba484f2d994a1b6fad92d26f108a8188f16c288d78?s=96&d=mm&r=g","url":"https:\/\/secure.gravatar.com\/avatar\/d8c545fb11684f0c20963dba484f2d994a1b6fad92d26f108a8188f16c288d78?s=96&d=mm&r=g","contentUrl":"https:\/\/secure.gravatar.com\/avatar\/d8c545fb11684f0c20963dba484f2d994a1b6fad92d26f108a8188f16c288d78?s=96&d=mm&r=g","caption":"Jorge Vald\u00e9s Garciatorres"},"description":"Jorge es autor del libro \"El Camino hacia la PMO \u00c1gil\". Es Coautor de un modelo sist\u00e9mico para la evaluaci\u00f3n y mejora del Ecosistema Organizacional de Direcci\u00f3n de de Proyectos. Ha sido consultor, instructor y facilitador desde 2005 en temas relacionados con Estrategia, Direcci\u00f3n de Proyectos y Optimizaci\u00f3n de Procesos de Negocio. Igualmente es contador de historias y frecuentemente participa en diversos foros, compartiendo sus reflexiones. Jorge es miembro de importantes organizaciones como el PMI y el NTL Institute. Adem\u00e1s, cuenta con varias certificaciones como la de PMP, Systems Thinking, Agile Leadership, entre muchas otras.","sameAs":["https:\/\/www.linkedin.com\/in\/jorgevaldex\/"],"url":"https:\/\/proyectum.com\/sistema\/author\/jvaldex\/"}]}},"_links":{"self":[{"href":"https:\/\/proyectum.com\/sistema\/wp-json\/wp\/v2\/posts\/10137","targetHints":{"allow":["GET"]}}],"collection":[{"href":"https:\/\/proyectum.com\/sistema\/wp-json\/wp\/v2\/posts"}],"about":[{"href":"https:\/\/proyectum.com\/sistema\/wp-json\/wp\/v2\/types\/post"}],"author":[{"embeddable":true,"href":"https:\/\/proyectum.com\/sistema\/wp-json\/wp\/v2\/users\/18"}],"replies":[{"embeddable":true,"href":"https:\/\/proyectum.com\/sistema\/wp-json\/wp\/v2\/comments?post=10137"}],"version-history":[{"count":0,"href":"https:\/\/proyectum.com\/sistema\/wp-json\/wp\/v2\/posts\/10137\/revisions"}],"wp:featuredmedia":[{"embeddable":true,"href":"https:\/\/proyectum.com\/sistema\/wp-json\/wp\/v2\/media\/10140"}],"wp:attachment":[{"href":"https:\/\/proyectum.com\/sistema\/wp-json\/wp\/v2\/media?parent=10137"}],"wp:term":[{"taxonomy":"category","embeddable":true,"href":"https:\/\/proyectum.com\/sistema\/wp-json\/wp\/v2\/categories?post=10137"},{"taxonomy":"post_tag","embeddable":true,"href":"https:\/\/proyectum.com\/sistema\/wp-json\/wp\/v2\/tags?post=10137"}],"curies":[{"name":"wp","href":"https:\/\/api.w.org\/{rel}","templated":true}]}}