{"id":10158,"date":"2022-07-14T14:46:20","date_gmt":"2022-07-14T17:46:20","guid":{"rendered":"https:\/\/www.proyectum.com\/sistema\/?p=10158"},"modified":"2022-07-14T14:47:03","modified_gmt":"2022-07-14T17:47:03","slug":"que-es-dolor-social-y-como-afecta-a-la-direccion-de-proyectos","status":"publish","type":"post","link":"https:\/\/proyectum.com\/sistema\/blog\/que-es-el-dolor-social-y-como-afecta-a-la-direccion-de-proyectos\/","title":{"rendered":"\u00bfQu\u00e9 es el dolor social y c\u00f3mo afecta a la direcci\u00f3n de proyectos?"},"content":{"rendered":"<p>Como director de proyectos te esfuerzas para seguir desarrollando habilidades que te permitan conseguir mejores resultados. En este art\u00edculo sobre el <strong>dolor social y c\u00f3mo afecta a la direcci\u00f3n de proyectos<\/strong>, descubrir\u00e1s un elemento de dolor que quiz\u00e1 no conoc\u00edas y la influencia que puede tener en tus proyectos.<\/p>\n<p>El dolor se describe como una experiencia desagradable, sensorial y\/o emocional. Puedo asegurar que todos hemos experimentado lo que es el dolor. Tambi\u00e9n puedo imaginarme que al ver la palabra dolor es probable que la relaciones con un dolor f\u00edsico, pero\u2026 <strong>\u00bfQu\u00e9 es el dolor social?<\/strong><\/p>\n<h3><strong>\u00bfQu\u00e9 es el dolor social?<\/strong><\/h3>\n<p>De acuerdo con investigaciones en neurociencia, y tratando de resumir, podemos describir al dolor social como <strong>esos sentimientos que experimentamos cuando sentimos una desconexi\u00f3n social con quienes nos rodean<\/strong>. Si hablamos en el plano laboral, estos pueden ser nuestros compa\u00f1eros de trabajo o superiores.<\/p>\n<p><strong>Cuando nosotros percibimos exclusi\u00f3n o rechazo por parte de personas o grupos de personas con las que deseamos relacionarnos, estamos experimentando el dolor social<\/strong>. Esto puede suceder, por ejemplo, cuando alguien nos desvaloriza, no aceptan nuestra opini\u00f3n, nos rechazan, nos dan una retroalimentaci\u00f3n poco favorable o nos eval\u00faan negativamente, eventos que llegan a ser comunes en el lugar de trabajo.<\/p>\n<p>Adicional a esto, algo igual de interesante es el hecho de que, <strong>tanto el dolor social como el f\u00edsico, son procesados por nuestro cerebro de la misma manera<\/strong>.<\/p>\n<h3><strong>\u00bfC\u00f3mo afecta el dolor social a la direcci\u00f3n de proyectos?<\/strong><\/h3>\n<p>Seguro ya te est\u00e1s imaginando el impacto que tiene el dolor social con la direcci\u00f3n de tus proyectos. Al momento de que <strong>nuestro cerebro no alcanza a percibir si es dolor social o f\u00edsico, tiene el potencial de reducir significativamente nuestra capacidad para trabajar<\/strong>. Lo mismo sucede con los miembros de nuestro equipo de trabajo.<\/p>\n<p>Todos hemos experimentado un dolor f\u00edsico durante una jornada de trabajo y es claramente perceptible que no funcionamos igual. Lo mismo ocurre con el dolor social. Es como si nuestra mente se pusiera a la defensiva contra ese dolor y eso hace que nuestro funcionamiento cognitivo y emocional no est\u00e9 disponible al cien por ciento para nuestras labores.<\/p>\n<p><em>\u201cLa valiosa energ\u00eda cognitiva y emocional se desv\u00eda hacia la amenaza percibida. Nos volvemos menos capaces de evaluar y procesar los complejos problemas de alcance y de los interesados que caracterizan los proyectos grandes y de alto riesgo.\u201d<\/em>. As\u00ed lo menciona el art\u00edculo: La neurociencia y el l\u00edder servicial reduciendo los riesgos de proyectos complejos.<\/p>\n<h3><strong>Tomar en cuenta el dolor social al momento de dirigir nuestros proyectos<\/strong><\/h3>\n<p>Debemos tener claro que nuestro papel como directores de proyectos abarca tambi\u00e9n la interacci\u00f3n humana. Ese adecuado involucramiento de los interesados, incluidos nuestros miembros del equipo, son clave para lograr nuestros objetivos. Y en muchos casos, no le damos la importancia debida.<\/p>\n<p>Como director de proyectos debes ser consciente de c\u00f3mo las cosas que dices o haces afectan o pueden representar una amenaza para las necesidades sociales de las personas que tienes a tu cargo.<\/p>\n<p>Estas <strong>amenazas sociales desencadenan el dolor social<\/strong>, lo que a su vez provocar\u00e1 una reducci\u00f3n de la capacidad de tu personal para realizar sus actividades en el proyecto.<\/p>\n<p>Habilidades como la inteligencia emocional, que nos ayudan, entre otras cosas, a entender nuestras emociones para empatizar mejor con otras personas, deben volverse un requisito para cualquier director de proyectos.<\/p>\n<p><strong>La mejor comprensi\u00f3n de las estructuras emocionales y procesos neurol\u00f3gicos como el dolor social tienen el potencial de convertirte en un mejor director de proyectos<\/strong>.<\/p>\n<p><strong>Conclusiones<\/strong><\/p>\n<p>Los proyectos son entornos sociales, en los cuales, <strong>las interacciones entre individuos est\u00e1n impl\u00edcitas<\/strong>. Conocer el dolor social nos ayuda a poner mayor atenci\u00f3n en estas interacciones, <strong>no solamente dejando que sucedan, sino provocando las interacciones adecuadas<\/strong>.<\/p>\n<p>Si no ponemos la atenci\u00f3n debida en las interacciones, esto derivar\u00e1 en una desconexi\u00f3n social, que a su vez provocar\u00e1 <strong>dolor social<\/strong>, el cual consume la energ\u00eda cognitiva y emocional que es un recurso necesario para llevar a cabo las actividades del proyecto.<\/p>\n<p>Para seguir desarrollando tus habilidades como director de proyectos y poner mayor atenci\u00f3n a temas como el dolor social y la inteligencia emocional, te recomiendo tomar el curso <a href=\"https:\/\/www.proyectum.com\/sistema\/dassm\/\" target=\"_blank\" rel=\"noopener\">Disciplined Agile Senior Scrum Master,<\/a> que te ayudar\u00e1 a optimizar la forma en que gestionas a tus equipos de trabajo, <a href=\"https:\/\/www.proyectum.com\/sistema\/dassm\/\" target=\"_blank\" rel=\"noopener\">m\u00e1s informaci\u00f3n aqu\u00ed<\/a>.<\/p>\n<p><strong>Referencias:<\/strong><\/p>\n<p><a href=\"https:\/\/www.pmi.org\/learning\/library\/value-of-leadership-neuroscientific-insights-9873\">PMI.org<\/a><\/p>\n<p><a href=\"https:\/\/www.elsevier.es\/es-revista-atencion-primaria-27-articulo-el-cuerpo-duele-el-dolor-S0212656719304263\">elsevier.es<\/a><\/p>\n","protected":false},"excerpt":{"rendered":"<p>Como director de proyectos te esfuerzas para seguir desarrollando habilidades que te permitan conseguir mejores resultados. En este art\u00edculo sobre el dolor social y c\u00f3mo afecta a la direcci\u00f3n de proyectos, descubrir\u00e1s un elemento de dolor que quiz\u00e1 no conoc\u00edas y la influencia que puede tener en tus proyectos. El dolor se describe como una [&hellip;]<\/p>\n","protected":false},"author":46,"featured_media":10159,"comment_status":"closed","ping_status":"closed","sticky":false,"template":"","format":"standard","meta":{"_acf_changed":false,"content-type":"","footnotes":""},"categories":[2144,57,55,61],"tags":[4537,4535,4538,4532,4534,4533,4536],"class_list":["post-10158","post","type-post","status-publish","format-standard","has-post-thumbnail","hentry","category-agil","category-direccion-de-proyectos","category-liderazgo","category-recursos-humanos","tag-amenazas-sociales-desencadenan-el-dolor-social","tag-como-afecta-el-dolor-social-a-la-direccion-de-proyectos","tag-dolor-social","tag-dolor-social-y-como-afecta-a-la-direccion-de-proyectos","tag-que-es-el-dolor-social","tag-que-es-el-dolor-social-y-como-afecta-a-la-direccion-de-proyectos","tag-tomar-en-cuenta-el-dolor-social-al-momento-de-dirigir-nuestros-proyectos"],"acf":[],"featured_image_src":{"landsacpe":["https:\/\/proyectum.com\/sistema\/wp-content\/uploads\/2022\/07\/Dolor-social-1140x445.jpg",1140,445,true],"list":["https:\/\/proyectum.com\/sistema\/wp-content\/uploads\/2022\/07\/Dolor-social-463x348.jpg",463,348,true],"medium":["https:\/\/proyectum.com\/sistema\/wp-content\/uploads\/2022\/07\/Dolor-social-300x225.jpg",300,225,true],"full":["https:\/\/proyectum.com\/sistema\/wp-content\/uploads\/2022\/07\/Dolor-social.jpg",1700,1275,false]},"yoast_head":"<!-- This site is optimized with the Yoast SEO plugin v27.5 - https:\/\/yoast.com\/product\/yoast-seo-wordpress\/ -->\n<title>\u00bfQu\u00e9 es el dolor social y c\u00f3mo afecta a la direcci\u00f3n de proyectos? - Proyectum<\/title>\n<meta name=\"description\" content=\"El dolor social son esos sentimientos que experimentamos cuando sentimos una desconexi\u00f3n social con quienes nos rodean\" \/>\n<meta name=\"robots\" content=\"index, follow, max-snippet:-1, max-image-preview:large, max-video-preview:-1\" \/>\n<link rel=\"canonical\" href=\"https:\/\/proyectum.com\/sistema\/blog\/que-es-el-dolor-social-y-como-afecta-a-la-direccion-de-proyectos\/\" \/>\n<meta property=\"og:locale\" content=\"es_ES\" \/>\n<meta property=\"og:type\" content=\"article\" \/>\n<meta property=\"og:title\" content=\"\u00bfQu\u00e9 es el dolor social y c\u00f3mo afecta a la direcci\u00f3n de proyectos? - Proyectum\" \/>\n<meta property=\"og:description\" content=\"El dolor social son esos sentimientos que experimentamos cuando sentimos una desconexi\u00f3n social con quienes nos rodean\" \/>\n<meta property=\"og:url\" content=\"https:\/\/proyectum.com\/sistema\/blog\/que-es-el-dolor-social-y-como-afecta-a-la-direccion-de-proyectos\/\" \/>\n<meta property=\"og:site_name\" content=\"Proyectum\" \/>\n<meta property=\"article:publisher\" content=\"https:\/\/www.facebook.com\/proyectum\/\" \/>\n<meta property=\"article:published_time\" content=\"2022-07-14T17:46:20+00:00\" \/>\n<meta property=\"article:modified_time\" content=\"2022-07-14T17:47:03+00:00\" \/>\n<meta property=\"og:image\" content=\"https:\/\/proyectum.com\/sistema\/wp-content\/uploads\/2022\/07\/Dolor-social.jpg\" \/>\n\t<meta property=\"og:image:width\" content=\"1700\" \/>\n\t<meta property=\"og:image:height\" content=\"1275\" \/>\n\t<meta property=\"og:image:type\" content=\"image\/jpeg\" \/>\n<meta name=\"author\" content=\"Omar Garc\u00eda\" \/>\n<meta name=\"twitter:card\" content=\"summary_large_image\" \/>\n<meta name=\"twitter:creator\" content=\"@omarzgarcia\" \/>\n<meta name=\"twitter:label1\" content=\"Escrito por\" \/>\n\t<meta name=\"twitter:data1\" content=\"Omar Garc\u00eda\" \/>\n\t<meta name=\"twitter:label2\" content=\"Tiempo de lectura\" \/>\n\t<meta name=\"twitter:data2\" content=\"4 minutos\" \/>\n<script type=\"application\/ld+json\" class=\"yoast-schema-graph\">{\"@context\":\"https:\\\/\\\/schema.org\",\"@graph\":[{\"@type\":\"Article\",\"@id\":\"https:\\\/\\\/proyectum.com\\\/sistema\\\/blog\\\/que-es-el-dolor-social-y-como-afecta-a-la-direccion-de-proyectos\\\/#article\",\"isPartOf\":{\"@id\":\"https:\\\/\\\/proyectum.com\\\/sistema\\\/blog\\\/que-es-el-dolor-social-y-como-afecta-a-la-direccion-de-proyectos\\\/\"},\"author\":{\"name\":\"Omar Garc\u00eda\",\"@id\":\"https:\\\/\\\/proyectum.com\\\/sistema\\\/#\\\/schema\\\/person\\\/2c2f3285c31a3a005b11add8832ae8f7\"},\"headline\":\"\u00bfQu\u00e9 es el dolor social y c\u00f3mo afecta a la direcci\u00f3n de proyectos?\",\"datePublished\":\"2022-07-14T17:46:20+00:00\",\"dateModified\":\"2022-07-14T17:47:03+00:00\",\"mainEntityOfPage\":{\"@id\":\"https:\\\/\\\/proyectum.com\\\/sistema\\\/blog\\\/que-es-el-dolor-social-y-como-afecta-a-la-direccion-de-proyectos\\\/\"},\"wordCount\":772,\"publisher\":{\"@id\":\"https:\\\/\\\/proyectum.com\\\/sistema\\\/#organization\"},\"image\":{\"@id\":\"https:\\\/\\\/proyectum.com\\\/sistema\\\/blog\\\/que-es-el-dolor-social-y-como-afecta-a-la-direccion-de-proyectos\\\/#primaryimage\"},\"thumbnailUrl\":\"https:\\\/\\\/proyectum.com\\\/sistema\\\/wp-content\\\/uploads\\\/2022\\\/07\\\/Dolor-social.jpg\",\"keywords\":[\"amenazas sociales desencadenan el dolor social\",\"C\u00f3mo afecta el dolor social a la direcci\u00f3n de proyectos\",\"dolor social\",\"dolor social y c\u00f3mo afecta a la direcci\u00f3n de proyectos\",\"Qu\u00e9 es el dolor social\",\"Qu\u00e9 es el dolor social y c\u00f3mo afecta a la direcci\u00f3n de proyectos\",\"Tomar en cuenta el dolor social al momento de dirigir nuestros proyectos\"],\"articleSection\":[\"\u00c1gil\",\"Direcci\u00f3n de Proyectos\",\"Liderazgo\",\"Recursos Humanos\"],\"inLanguage\":\"es\"},{\"@type\":\"WebPage\",\"@id\":\"https:\\\/\\\/proyectum.com\\\/sistema\\\/blog\\\/que-es-el-dolor-social-y-como-afecta-a-la-direccion-de-proyectos\\\/\",\"url\":\"https:\\\/\\\/proyectum.com\\\/sistema\\\/blog\\\/que-es-el-dolor-social-y-como-afecta-a-la-direccion-de-proyectos\\\/\",\"name\":\"\u00bfQu\u00e9 es el dolor social y c\u00f3mo afecta a la direcci\u00f3n de proyectos? - Proyectum\",\"isPartOf\":{\"@id\":\"https:\\\/\\\/proyectum.com\\\/sistema\\\/#website\"},\"primaryImageOfPage\":{\"@id\":\"https:\\\/\\\/proyectum.com\\\/sistema\\\/blog\\\/que-es-el-dolor-social-y-como-afecta-a-la-direccion-de-proyectos\\\/#primaryimage\"},\"image\":{\"@id\":\"https:\\\/\\\/proyectum.com\\\/sistema\\\/blog\\\/que-es-el-dolor-social-y-como-afecta-a-la-direccion-de-proyectos\\\/#primaryimage\"},\"thumbnailUrl\":\"https:\\\/\\\/proyectum.com\\\/sistema\\\/wp-content\\\/uploads\\\/2022\\\/07\\\/Dolor-social.jpg\",\"datePublished\":\"2022-07-14T17:46:20+00:00\",\"dateModified\":\"2022-07-14T17:47:03+00:00\",\"description\":\"El dolor social son esos sentimientos que experimentamos cuando sentimos una desconexi\u00f3n social con quienes nos rodean\",\"breadcrumb\":{\"@id\":\"https:\\\/\\\/proyectum.com\\\/sistema\\\/blog\\\/que-es-el-dolor-social-y-como-afecta-a-la-direccion-de-proyectos\\\/#breadcrumb\"},\"inLanguage\":\"es\",\"potentialAction\":[{\"@type\":\"ReadAction\",\"target\":[\"https:\\\/\\\/proyectum.com\\\/sistema\\\/blog\\\/que-es-el-dolor-social-y-como-afecta-a-la-direccion-de-proyectos\\\/\"]}]},{\"@type\":\"ImageObject\",\"inLanguage\":\"es\",\"@id\":\"https:\\\/\\\/proyectum.com\\\/sistema\\\/blog\\\/que-es-el-dolor-social-y-como-afecta-a-la-direccion-de-proyectos\\\/#primaryimage\",\"url\":\"https:\\\/\\\/proyectum.com\\\/sistema\\\/wp-content\\\/uploads\\\/2022\\\/07\\\/Dolor-social.jpg\",\"contentUrl\":\"https:\\\/\\\/proyectum.com\\\/sistema\\\/wp-content\\\/uploads\\\/2022\\\/07\\\/Dolor-social.jpg\",\"width\":1700,\"height\":1275,\"caption\":\"Dolor social\"},{\"@type\":\"BreadcrumbList\",\"@id\":\"https:\\\/\\\/proyectum.com\\\/sistema\\\/blog\\\/que-es-el-dolor-social-y-como-afecta-a-la-direccion-de-proyectos\\\/#breadcrumb\",\"itemListElement\":[{\"@type\":\"ListItem\",\"position\":1,\"name\":\"Home\",\"item\":\"https:\\\/\\\/proyectum.com\\\/sistema\\\/\"},{\"@type\":\"ListItem\",\"position\":2,\"name\":\"\u00bfQu\u00e9 es el dolor social y c\u00f3mo afecta a la direcci\u00f3n de proyectos?\"}]},{\"@type\":\"WebSite\",\"@id\":\"https:\\\/\\\/proyectum.com\\\/sistema\\\/#website\",\"url\":\"https:\\\/\\\/proyectum.com\\\/sistema\\\/\",\"name\":\"Proyectum\",\"description\":\"Direcci\u00f3n de Proyectos y M\u00e9todos \u00c1giles\",\"publisher\":{\"@id\":\"https:\\\/\\\/proyectum.com\\\/sistema\\\/#organization\"},\"potentialAction\":[{\"@type\":\"SearchAction\",\"target\":{\"@type\":\"EntryPoint\",\"urlTemplate\":\"https:\\\/\\\/proyectum.com\\\/sistema\\\/?s={search_term_string}\"},\"query-input\":{\"@type\":\"PropertyValueSpecification\",\"valueRequired\":true,\"valueName\":\"search_term_string\"}}],\"inLanguage\":\"es\"},{\"@type\":\"Organization\",\"@id\":\"https:\\\/\\\/proyectum.com\\\/sistema\\\/#organization\",\"name\":\"Proyectum\",\"url\":\"https:\\\/\\\/proyectum.com\\\/sistema\\\/\",\"logo\":{\"@type\":\"ImageObject\",\"inLanguage\":\"es\",\"@id\":\"https:\\\/\\\/proyectum.com\\\/sistema\\\/#\\\/schema\\\/logo\\\/image\\\/\",\"url\":\"https:\\\/\\\/www.proyectum.com\\\/sistema\\\/wp-content\\\/uploads\\\/2020\\\/04\\\/proyectum-logo-snippet.png\",\"contentUrl\":\"https:\\\/\\\/www.proyectum.com\\\/sistema\\\/wp-content\\\/uploads\\\/2020\\\/04\\\/proyectum-logo-snippet.png\",\"width\":600,\"height\":315,\"caption\":\"Proyectum\"},\"image\":{\"@id\":\"https:\\\/\\\/proyectum.com\\\/sistema\\\/#\\\/schema\\\/logo\\\/image\\\/\"},\"sameAs\":[\"https:\\\/\\\/www.facebook.com\\\/proyectum\\\/\",\"https:\\\/\\\/www.linkedin.com\\\/company\\\/sistemaproyectum\\\/\",\"https:\\\/\\\/www.youtube.com\\\/channel\\\/UCljouWimyhK_cNcC2jniUgw\"]},{\"@type\":\"Person\",\"@id\":\"https:\\\/\\\/proyectum.com\\\/sistema\\\/#\\\/schema\\\/person\\\/2c2f3285c31a3a005b11add8832ae8f7\",\"name\":\"Omar Garc\u00eda\",\"image\":{\"@type\":\"ImageObject\",\"inLanguage\":\"es\",\"@id\":\"https:\\\/\\\/secure.gravatar.com\\\/avatar\\\/6287ae96abd3e19dcc272b2c1ff8c5c0a0fcf3149e67894ce1b778f4232770a9?s=96&d=mm&r=g\",\"url\":\"https:\\\/\\\/secure.gravatar.com\\\/avatar\\\/6287ae96abd3e19dcc272b2c1ff8c5c0a0fcf3149e67894ce1b778f4232770a9?s=96&d=mm&r=g\",\"contentUrl\":\"https:\\\/\\\/secure.gravatar.com\\\/avatar\\\/6287ae96abd3e19dcc272b2c1ff8c5c0a0fcf3149e67894ce1b778f4232770a9?s=96&d=mm&r=g\",\"caption\":\"Omar Garc\u00eda\"},\"description\":\"Creador de contenidos en Proyectum. Para seguir la conversaci\u00f3n puedes escribirme en: @omarzgarcia\",\"sameAs\":[\"https:\\\/\\\/x.com\\\/@omarzgarcia\"],\"url\":\"https:\\\/\\\/proyectum.com\\\/sistema\\\/author\\\/omarzgarcia\\\/\"}]}<\/script>\n<!-- \/ Yoast SEO plugin. -->","yoast_head_json":{"title":"\u00bfQu\u00e9 es el dolor social y c\u00f3mo afecta a la direcci\u00f3n de proyectos? - Proyectum","description":"El dolor social son esos sentimientos que experimentamos cuando sentimos una desconexi\u00f3n social con quienes nos rodean","robots":{"index":"index","follow":"follow","max-snippet":"max-snippet:-1","max-image-preview":"max-image-preview:large","max-video-preview":"max-video-preview:-1"},"canonical":"https:\/\/proyectum.com\/sistema\/blog\/que-es-el-dolor-social-y-como-afecta-a-la-direccion-de-proyectos\/","og_locale":"es_ES","og_type":"article","og_title":"\u00bfQu\u00e9 es el dolor social y c\u00f3mo afecta a la direcci\u00f3n de proyectos? - Proyectum","og_description":"El dolor social son esos sentimientos que experimentamos cuando sentimos una desconexi\u00f3n social con quienes nos rodean","og_url":"https:\/\/proyectum.com\/sistema\/blog\/que-es-el-dolor-social-y-como-afecta-a-la-direccion-de-proyectos\/","og_site_name":"Proyectum","article_publisher":"https:\/\/www.facebook.com\/proyectum\/","article_published_time":"2022-07-14T17:46:20+00:00","article_modified_time":"2022-07-14T17:47:03+00:00","og_image":[{"width":1700,"height":1275,"url":"https:\/\/proyectum.com\/sistema\/wp-content\/uploads\/2022\/07\/Dolor-social.jpg","type":"image\/jpeg"}],"author":"Omar Garc\u00eda","twitter_card":"summary_large_image","twitter_creator":"@omarzgarcia","twitter_misc":{"Escrito por":"Omar Garc\u00eda","Tiempo de lectura":"4 minutos"},"schema":{"@context":"https:\/\/schema.org","@graph":[{"@type":"Article","@id":"https:\/\/proyectum.com\/sistema\/blog\/que-es-el-dolor-social-y-como-afecta-a-la-direccion-de-proyectos\/#article","isPartOf":{"@id":"https:\/\/proyectum.com\/sistema\/blog\/que-es-el-dolor-social-y-como-afecta-a-la-direccion-de-proyectos\/"},"author":{"name":"Omar Garc\u00eda","@id":"https:\/\/proyectum.com\/sistema\/#\/schema\/person\/2c2f3285c31a3a005b11add8832ae8f7"},"headline":"\u00bfQu\u00e9 es el dolor social y c\u00f3mo afecta a la direcci\u00f3n de proyectos?","datePublished":"2022-07-14T17:46:20+00:00","dateModified":"2022-07-14T17:47:03+00:00","mainEntityOfPage":{"@id":"https:\/\/proyectum.com\/sistema\/blog\/que-es-el-dolor-social-y-como-afecta-a-la-direccion-de-proyectos\/"},"wordCount":772,"publisher":{"@id":"https:\/\/proyectum.com\/sistema\/#organization"},"image":{"@id":"https:\/\/proyectum.com\/sistema\/blog\/que-es-el-dolor-social-y-como-afecta-a-la-direccion-de-proyectos\/#primaryimage"},"thumbnailUrl":"https:\/\/proyectum.com\/sistema\/wp-content\/uploads\/2022\/07\/Dolor-social.jpg","keywords":["amenazas sociales desencadenan el dolor social","C\u00f3mo afecta el dolor social a la direcci\u00f3n de proyectos","dolor social","dolor social y c\u00f3mo afecta a la direcci\u00f3n de proyectos","Qu\u00e9 es el dolor social","Qu\u00e9 es el dolor social y c\u00f3mo afecta a la direcci\u00f3n de proyectos","Tomar en cuenta el dolor social al momento de dirigir nuestros proyectos"],"articleSection":["\u00c1gil","Direcci\u00f3n de Proyectos","Liderazgo","Recursos Humanos"],"inLanguage":"es"},{"@type":"WebPage","@id":"https:\/\/proyectum.com\/sistema\/blog\/que-es-el-dolor-social-y-como-afecta-a-la-direccion-de-proyectos\/","url":"https:\/\/proyectum.com\/sistema\/blog\/que-es-el-dolor-social-y-como-afecta-a-la-direccion-de-proyectos\/","name":"\u00bfQu\u00e9 es el dolor social y c\u00f3mo afecta a la direcci\u00f3n de proyectos? - Proyectum","isPartOf":{"@id":"https:\/\/proyectum.com\/sistema\/#website"},"primaryImageOfPage":{"@id":"https:\/\/proyectum.com\/sistema\/blog\/que-es-el-dolor-social-y-como-afecta-a-la-direccion-de-proyectos\/#primaryimage"},"image":{"@id":"https:\/\/proyectum.com\/sistema\/blog\/que-es-el-dolor-social-y-como-afecta-a-la-direccion-de-proyectos\/#primaryimage"},"thumbnailUrl":"https:\/\/proyectum.com\/sistema\/wp-content\/uploads\/2022\/07\/Dolor-social.jpg","datePublished":"2022-07-14T17:46:20+00:00","dateModified":"2022-07-14T17:47:03+00:00","description":"El dolor social son esos sentimientos que experimentamos cuando sentimos una desconexi\u00f3n social con quienes nos rodean","breadcrumb":{"@id":"https:\/\/proyectum.com\/sistema\/blog\/que-es-el-dolor-social-y-como-afecta-a-la-direccion-de-proyectos\/#breadcrumb"},"inLanguage":"es","potentialAction":[{"@type":"ReadAction","target":["https:\/\/proyectum.com\/sistema\/blog\/que-es-el-dolor-social-y-como-afecta-a-la-direccion-de-proyectos\/"]}]},{"@type":"ImageObject","inLanguage":"es","@id":"https:\/\/proyectum.com\/sistema\/blog\/que-es-el-dolor-social-y-como-afecta-a-la-direccion-de-proyectos\/#primaryimage","url":"https:\/\/proyectum.com\/sistema\/wp-content\/uploads\/2022\/07\/Dolor-social.jpg","contentUrl":"https:\/\/proyectum.com\/sistema\/wp-content\/uploads\/2022\/07\/Dolor-social.jpg","width":1700,"height":1275,"caption":"Dolor social"},{"@type":"BreadcrumbList","@id":"https:\/\/proyectum.com\/sistema\/blog\/que-es-el-dolor-social-y-como-afecta-a-la-direccion-de-proyectos\/#breadcrumb","itemListElement":[{"@type":"ListItem","position":1,"name":"Home","item":"https:\/\/proyectum.com\/sistema\/"},{"@type":"ListItem","position":2,"name":"\u00bfQu\u00e9 es el dolor social y c\u00f3mo afecta a la direcci\u00f3n de proyectos?"}]},{"@type":"WebSite","@id":"https:\/\/proyectum.com\/sistema\/#website","url":"https:\/\/proyectum.com\/sistema\/","name":"Proyectum","description":"Direcci\u00f3n de Proyectos y M\u00e9todos \u00c1giles","publisher":{"@id":"https:\/\/proyectum.com\/sistema\/#organization"},"potentialAction":[{"@type":"SearchAction","target":{"@type":"EntryPoint","urlTemplate":"https:\/\/proyectum.com\/sistema\/?s={search_term_string}"},"query-input":{"@type":"PropertyValueSpecification","valueRequired":true,"valueName":"search_term_string"}}],"inLanguage":"es"},{"@type":"Organization","@id":"https:\/\/proyectum.com\/sistema\/#organization","name":"Proyectum","url":"https:\/\/proyectum.com\/sistema\/","logo":{"@type":"ImageObject","inLanguage":"es","@id":"https:\/\/proyectum.com\/sistema\/#\/schema\/logo\/image\/","url":"https:\/\/www.proyectum.com\/sistema\/wp-content\/uploads\/2020\/04\/proyectum-logo-snippet.png","contentUrl":"https:\/\/www.proyectum.com\/sistema\/wp-content\/uploads\/2020\/04\/proyectum-logo-snippet.png","width":600,"height":315,"caption":"Proyectum"},"image":{"@id":"https:\/\/proyectum.com\/sistema\/#\/schema\/logo\/image\/"},"sameAs":["https:\/\/www.facebook.com\/proyectum\/","https:\/\/www.linkedin.com\/company\/sistemaproyectum\/","https:\/\/www.youtube.com\/channel\/UCljouWimyhK_cNcC2jniUgw"]},{"@type":"Person","@id":"https:\/\/proyectum.com\/sistema\/#\/schema\/person\/2c2f3285c31a3a005b11add8832ae8f7","name":"Omar Garc\u00eda","image":{"@type":"ImageObject","inLanguage":"es","@id":"https:\/\/secure.gravatar.com\/avatar\/6287ae96abd3e19dcc272b2c1ff8c5c0a0fcf3149e67894ce1b778f4232770a9?s=96&d=mm&r=g","url":"https:\/\/secure.gravatar.com\/avatar\/6287ae96abd3e19dcc272b2c1ff8c5c0a0fcf3149e67894ce1b778f4232770a9?s=96&d=mm&r=g","contentUrl":"https:\/\/secure.gravatar.com\/avatar\/6287ae96abd3e19dcc272b2c1ff8c5c0a0fcf3149e67894ce1b778f4232770a9?s=96&d=mm&r=g","caption":"Omar Garc\u00eda"},"description":"Creador de contenidos en Proyectum. Para seguir la conversaci\u00f3n puedes escribirme en: @omarzgarcia","sameAs":["https:\/\/x.com\/@omarzgarcia"],"url":"https:\/\/proyectum.com\/sistema\/author\/omarzgarcia\/"}]}},"_links":{"self":[{"href":"https:\/\/proyectum.com\/sistema\/wp-json\/wp\/v2\/posts\/10158","targetHints":{"allow":["GET"]}}],"collection":[{"href":"https:\/\/proyectum.com\/sistema\/wp-json\/wp\/v2\/posts"}],"about":[{"href":"https:\/\/proyectum.com\/sistema\/wp-json\/wp\/v2\/types\/post"}],"author":[{"embeddable":true,"href":"https:\/\/proyectum.com\/sistema\/wp-json\/wp\/v2\/users\/46"}],"replies":[{"embeddable":true,"href":"https:\/\/proyectum.com\/sistema\/wp-json\/wp\/v2\/comments?post=10158"}],"version-history":[{"count":0,"href":"https:\/\/proyectum.com\/sistema\/wp-json\/wp\/v2\/posts\/10158\/revisions"}],"wp:featuredmedia":[{"embeddable":true,"href":"https:\/\/proyectum.com\/sistema\/wp-json\/wp\/v2\/media\/10159"}],"wp:attachment":[{"href":"https:\/\/proyectum.com\/sistema\/wp-json\/wp\/v2\/media?parent=10158"}],"wp:term":[{"taxonomy":"category","embeddable":true,"href":"https:\/\/proyectum.com\/sistema\/wp-json\/wp\/v2\/categories?post=10158"},{"taxonomy":"post_tag","embeddable":true,"href":"https:\/\/proyectum.com\/sistema\/wp-json\/wp\/v2\/tags?post=10158"}],"curies":[{"name":"wp","href":"https:\/\/api.w.org\/{rel}","templated":true}]}}