{"id":11041,"date":"2025-07-21T16:32:56","date_gmt":"2025-07-21T19:32:56","guid":{"rendered":"https:\/\/proyectum.com\/sistema\/?p=11041"},"modified":"2025-07-21T16:36:38","modified_gmt":"2025-07-21T19:36:38","slug":"comunicacion-360-para-lideres-navegando-la-complejidad-organizacional","status":"publish","type":"post","link":"https:\/\/proyectum.com\/sistema\/blog\/comunicacion-360-para-lideres-navegando-la-complejidad-organizacional\/","title":{"rendered":"Comunicaci\u00f3n 360 para l\u00edderes: Navegando la Complejidad Organizacional"},"content":{"rendered":"<p>En el panorama actual, los l\u00edderes se enfrentan a desaf\u00edos que exigen mucho m\u00e1s que una gesti\u00f3n eficiente. La capacidad de <strong>generar resultados de alto desempe\u00f1o<\/strong> se ancla en un entendimiento profundo de la estrategia y una maestr\u00eda en la comunicaci\u00f3n. La interacci\u00f3n con los stakeholders de un proyecto, por ejemplo, a menudo revela una confusi\u00f3n y una desalineaci\u00f3n marcada dentro de los proyectos y com\u00fanmente en la operaci\u00f3n en general.<\/p>\n<p>En este contexto, \u00bfc\u00f3mo podemos fortalecer las competencias que permiten a los l\u00edderes <strong>apalancar los resultados<\/strong>? Exploremos los siguientes tres pilares de acci\u00f3n, los cuales pueden ofrecerte una br\u00fajula clara.<\/p>\n<ol>\n<li><strong> La Fusi\u00f3n entre Estrategia y Comunicaci\u00f3n para un liderazgo integral<\/strong><\/li>\n<\/ol>\n<p>Un l\u00edder de alto desempe\u00f1o no solo ejecuta, sino que piensa y act\u00faa estrat\u00e9gicamente. Esto implica tener una prop\u00f3sito y marco de valores claramente definidos. Esta claridad es fundamental para una <strong>mirada sist\u00e9mica<\/strong>.<\/p>\n<p>La verdadera transformaci\u00f3n requiere de un proceso reflexivo profundo, de ese parar, eliminar distracciones y pensar, asegurando que los objetivos sean los correctos. Es en este pensamiento profundo donde las ideas transformadoras cobran vida.<\/p>\n<ol start=\"2\">\n<li><strong> Tejiendo Relaciones y Equipos: Un Enfoque Humano y Estrat\u00e9gico<\/strong><\/li>\n<\/ol>\n<p>El \u00e9xito de un l\u00edder reside en gran medida en la calidad de sus relaciones y la cohesi\u00f3n de su equipo. Dise\u00f1ar un sistema de relaciones efectivo y construir un equipo de trabajo alineado con la estrategia y los indicadores es imperativo. Esto va m\u00e1s all\u00e1 de la gesti\u00f3n de tareas; implica conocer en profundidad a cada miembro del equipo.<\/p>\n<p>Como bien indica el PMI\u00ae las malamente llamadas <strong>competencias blandas (soft skills)<\/strong>, ahora se transforman en Power Skills, las cuales se convierten en la conexi\u00f3n vital que hay que <strong>desarrollar en el equipo<\/strong>.<\/p>\n<p>Un l\u00edder se convierte en un identificador de comportamientos, buscando reducir aquellos que impactan negativamente los resultados y en esta nueva era el l\u00edder busca <strong>hallar los intereses mutuos<\/strong> de manera fundacional para dirigir la interacci\u00f3n hacia el resultado deseado, incluso con aquellos que podr\u00edan considerarse \u00abpersonas dif\u00edciles\u00bb en un proyecto.<\/p>\n<ol start=\"3\">\n<li><strong> La Comunicaci\u00f3n en Acci\u00f3n: Dominando las Conversaciones y el Storytelling<\/strong><\/li>\n<\/ol>\n<p>La comunicaci\u00f3n estrat\u00e9gica y efectiva es el motor que impulsa el liderazgo. Adquirir competencias en este \u00e1mbito es vital, y esto incluye dominar diversas metodolog\u00edas y pr\u00e1cticas valiosas.<\/p>\n<p>El arte de la comunicaci\u00f3n se eleva con el <strong>storytelling<\/strong>, una t\u00e9cnica que va m\u00e1s all\u00e1 de la narrativa. Contar historias permite transmitir un mensaje de forma inolvidable, conectando emocionalmente con la audiencia, le permite al l\u00edder comunicar la estrategia de una manera manejable y entendible.<\/p>\n<p>Conocer y saber hacer no es suficiente, el comunicar de manera integral, hace la diferencia entre el fracaso y el \u00e9xito del l\u00edder.<\/p>\n<p>Si estas reflexiones resuenan con tus desaf\u00edos y aspiraciones, y buscas profundizar en estas y otras competencias esenciales para el liderazgo en el siglo XXI, te invitamos a dar el siguiente paso.<\/p>\n<p><strong>Descubre m\u00e1s en nuestro pr\u00f3ximo webinar \u201cComunicaci\u00f3n 360 para l\u00edderes\u201d, donde exploraremos aplicaciones pr\u00e1cticas y responderemos a tus preguntas.<\/strong> Este espacio es una excelente oportunidad para comprender c\u00f3mo aplicar estos conceptos y transformar tu liderazgo.<\/p>\n<p><a href=\"https:\/\/zoomference.zoom.us\/webinar\/register\/WN_fZ7I6SCZQ5Wbm8hNJe683Q\"><img loading=\"lazy\" decoding=\"async\" class=\"aligncenter wp-image-11043\" src=\"https:\/\/proyectum.com\/sistema\/wp-content\/uploads\/2025\/07\/Webinar-abril-2025-11-300x300.png\" alt=\"\" width=\"600\" height=\"600\" srcset=\"https:\/\/proyectum.com\/sistema\/wp-content\/uploads\/2025\/07\/Webinar-abril-2025-11-400x400.png 400w, https:\/\/proyectum.com\/sistema\/wp-content\/uploads\/2025\/07\/Webinar-abril-2025-11-560x560.png 560w, https:\/\/proyectum.com\/sistema\/wp-content\/uploads\/2025\/07\/Webinar-abril-2025-11-367x367.png 367w, https:\/\/proyectum.com\/sistema\/wp-content\/uploads\/2025\/07\/Webinar-abril-2025-11-600x600.png 600w\" sizes=\"auto, (max-width: 600px) 100vw, 600px\" \/><\/a><\/p>\n","protected":false},"excerpt":{"rendered":"<p>En el panorama actual, los l\u00edderes se enfrentan a desaf\u00edos que exigen mucho m\u00e1s que una gesti\u00f3n eficiente. La capacidad de generar resultados de alto desempe\u00f1o se ancla en un entendimiento profundo de la estrategia y una maestr\u00eda en la comunicaci\u00f3n. La interacci\u00f3n con los stakeholders de un proyecto, por ejemplo, a menudo revela una [&hellip;]<\/p>\n","protected":false},"author":36,"featured_media":11042,"comment_status":"closed","ping_status":"closed","sticky":false,"template":"","format":"standard","meta":{"_acf_changed":false,"content-type":"","footnotes":""},"categories":[57,55],"tags":[4834,4835,166,886,3713,1629],"class_list":["post-11041","post","type-post","status-publish","format-standard","has-post-thumbnail","hentry","category-direccion-de-proyectos","category-liderazgo","tag-comunicacion","tag-lderazgo","tag-lideres","tag-pmi","tag-pmp","tag-proyectos"],"acf":[],"featured_image_src":{"landsacpe":["https:\/\/proyectum.com\/sistema\/wp-content\/uploads\/2025\/07\/Captura-de-pantalla-2025-07-21-133229-918x445.png",918,445,true],"list":["https:\/\/proyectum.com\/sistema\/wp-content\/uploads\/2025\/07\/Captura-de-pantalla-2025-07-21-133229-463x348.png",463,348,true],"medium":["https:\/\/proyectum.com\/sistema\/wp-content\/uploads\/2025\/07\/Captura-de-pantalla-2025-07-21-133229-300x200.png",300,200,true],"full":["https:\/\/proyectum.com\/sistema\/wp-content\/uploads\/2025\/07\/Captura-de-pantalla-2025-07-21-133229.png",918,613,false]},"yoast_head":"<!-- This site is optimized with the Yoast SEO plugin v27.5 - https:\/\/yoast.com\/product\/yoast-seo-wordpress\/ -->\n<title>Comunicaci\u00f3n 360 para l\u00edderes: Navegando la Complejidad Organizacional - Proyectum<\/title>\n<meta name=\"description\" content=\"En el panorama actual, los l\u00edderes se enfrentan a desaf\u00edos que exigen mucho m\u00e1s que una gesti\u00f3n eficiente. La capacidad de generar resultados de alto\" \/>\n<meta name=\"robots\" content=\"index, follow, max-snippet:-1, max-image-preview:large, max-video-preview:-1\" \/>\n<link rel=\"canonical\" href=\"https:\/\/proyectum.com\/sistema\/blog\/comunicacion-360-para-lideres-navegando-la-complejidad-organizacional\/\" \/>\n<meta property=\"og:locale\" content=\"es_ES\" \/>\n<meta property=\"og:type\" content=\"article\" \/>\n<meta property=\"og:title\" content=\"Comunicaci\u00f3n 360 para l\u00edderes: Navegando la Complejidad Organizacional - Proyectum\" \/>\n<meta property=\"og:description\" content=\"En el panorama actual, los l\u00edderes se enfrentan a desaf\u00edos que exigen mucho m\u00e1s que una gesti\u00f3n eficiente. La capacidad de generar resultados de alto\" \/>\n<meta property=\"og:url\" content=\"https:\/\/proyectum.com\/sistema\/blog\/comunicacion-360-para-lideres-navegando-la-complejidad-organizacional\/\" \/>\n<meta property=\"og:site_name\" content=\"Proyectum\" \/>\n<meta property=\"article:publisher\" content=\"https:\/\/www.facebook.com\/proyectum\/\" \/>\n<meta property=\"article:published_time\" content=\"2025-07-21T19:32:56+00:00\" \/>\n<meta property=\"article:modified_time\" content=\"2025-07-21T19:36:38+00:00\" \/>\n<meta property=\"og:image\" content=\"https:\/\/proyectum.com\/sistema\/wp-content\/uploads\/2025\/07\/Captura-de-pantalla-2025-07-21-133229.png\" \/>\n\t<meta property=\"og:image:width\" content=\"918\" \/>\n\t<meta property=\"og:image:height\" content=\"613\" \/>\n\t<meta property=\"og:image:type\" content=\"image\/png\" \/>\n<meta name=\"author\" content=\"H\u00e9ctor Villarreal\" \/>\n<meta name=\"twitter:card\" content=\"summary_large_image\" \/>\n<meta name=\"twitter:label1\" content=\"Escrito por\" \/>\n\t<meta name=\"twitter:data1\" content=\"H\u00e9ctor Villarreal\" \/>\n\t<meta name=\"twitter:label2\" content=\"Tiempo de lectura\" \/>\n\t<meta name=\"twitter:data2\" content=\"3 minutos\" \/>\n<script type=\"application\/ld+json\" class=\"yoast-schema-graph\">{\"@context\":\"https:\\\/\\\/schema.org\",\"@graph\":[{\"@type\":\"Article\",\"@id\":\"https:\\\/\\\/proyectum.com\\\/sistema\\\/blog\\\/comunicacion-360-para-lideres-navegando-la-complejidad-organizacional\\\/#article\",\"isPartOf\":{\"@id\":\"https:\\\/\\\/proyectum.com\\\/sistema\\\/blog\\\/comunicacion-360-para-lideres-navegando-la-complejidad-organizacional\\\/\"},\"author\":{\"name\":\"H\u00e9ctor Villarreal\",\"@id\":\"https:\\\/\\\/proyectum.com\\\/sistema\\\/#\\\/schema\\\/person\\\/f82ebcca1de6471af98ad4ed5a813016\"},\"headline\":\"Comunicaci\u00f3n 360 para l\u00edderes: Navegando la Complejidad Organizacional\",\"datePublished\":\"2025-07-21T19:32:56+00:00\",\"dateModified\":\"2025-07-21T19:36:38+00:00\",\"mainEntityOfPage\":{\"@id\":\"https:\\\/\\\/proyectum.com\\\/sistema\\\/blog\\\/comunicacion-360-para-lideres-navegando-la-complejidad-organizacional\\\/\"},\"wordCount\":568,\"publisher\":{\"@id\":\"https:\\\/\\\/proyectum.com\\\/sistema\\\/#organization\"},\"image\":{\"@id\":\"https:\\\/\\\/proyectum.com\\\/sistema\\\/blog\\\/comunicacion-360-para-lideres-navegando-la-complejidad-organizacional\\\/#primaryimage\"},\"thumbnailUrl\":\"https:\\\/\\\/proyectum.com\\\/sistema\\\/wp-content\\\/uploads\\\/2025\\\/07\\\/Captura-de-pantalla-2025-07-21-133229.png\",\"keywords\":[\"Comunicaci\u00f3n\",\"Lderazgo\",\"L\u00edderes\",\"PMI\",\"PMP\",\"proyectos\"],\"articleSection\":[\"Direcci\u00f3n de Proyectos\",\"Liderazgo\"],\"inLanguage\":\"es\"},{\"@type\":\"WebPage\",\"@id\":\"https:\\\/\\\/proyectum.com\\\/sistema\\\/blog\\\/comunicacion-360-para-lideres-navegando-la-complejidad-organizacional\\\/\",\"url\":\"https:\\\/\\\/proyectum.com\\\/sistema\\\/blog\\\/comunicacion-360-para-lideres-navegando-la-complejidad-organizacional\\\/\",\"name\":\"Comunicaci\u00f3n 360 para l\u00edderes: Navegando la Complejidad Organizacional - Proyectum\",\"isPartOf\":{\"@id\":\"https:\\\/\\\/proyectum.com\\\/sistema\\\/#website\"},\"primaryImageOfPage\":{\"@id\":\"https:\\\/\\\/proyectum.com\\\/sistema\\\/blog\\\/comunicacion-360-para-lideres-navegando-la-complejidad-organizacional\\\/#primaryimage\"},\"image\":{\"@id\":\"https:\\\/\\\/proyectum.com\\\/sistema\\\/blog\\\/comunicacion-360-para-lideres-navegando-la-complejidad-organizacional\\\/#primaryimage\"},\"thumbnailUrl\":\"https:\\\/\\\/proyectum.com\\\/sistema\\\/wp-content\\\/uploads\\\/2025\\\/07\\\/Captura-de-pantalla-2025-07-21-133229.png\",\"datePublished\":\"2025-07-21T19:32:56+00:00\",\"dateModified\":\"2025-07-21T19:36:38+00:00\",\"description\":\"En el panorama actual, los l\u00edderes se enfrentan a desaf\u00edos que exigen mucho m\u00e1s que una gesti\u00f3n eficiente. La capacidad de generar resultados de alto\",\"breadcrumb\":{\"@id\":\"https:\\\/\\\/proyectum.com\\\/sistema\\\/blog\\\/comunicacion-360-para-lideres-navegando-la-complejidad-organizacional\\\/#breadcrumb\"},\"inLanguage\":\"es\",\"potentialAction\":[{\"@type\":\"ReadAction\",\"target\":[\"https:\\\/\\\/proyectum.com\\\/sistema\\\/blog\\\/comunicacion-360-para-lideres-navegando-la-complejidad-organizacional\\\/\"]}]},{\"@type\":\"ImageObject\",\"inLanguage\":\"es\",\"@id\":\"https:\\\/\\\/proyectum.com\\\/sistema\\\/blog\\\/comunicacion-360-para-lideres-navegando-la-complejidad-organizacional\\\/#primaryimage\",\"url\":\"https:\\\/\\\/proyectum.com\\\/sistema\\\/wp-content\\\/uploads\\\/2025\\\/07\\\/Captura-de-pantalla-2025-07-21-133229.png\",\"contentUrl\":\"https:\\\/\\\/proyectum.com\\\/sistema\\\/wp-content\\\/uploads\\\/2025\\\/07\\\/Captura-de-pantalla-2025-07-21-133229.png\",\"width\":918,\"height\":613},{\"@type\":\"BreadcrumbList\",\"@id\":\"https:\\\/\\\/proyectum.com\\\/sistema\\\/blog\\\/comunicacion-360-para-lideres-navegando-la-complejidad-organizacional\\\/#breadcrumb\",\"itemListElement\":[{\"@type\":\"ListItem\",\"position\":1,\"name\":\"Home\",\"item\":\"https:\\\/\\\/proyectum.com\\\/sistema\\\/\"},{\"@type\":\"ListItem\",\"position\":2,\"name\":\"Comunicaci\u00f3n 360 para l\u00edderes: Navegando la Complejidad Organizacional\"}]},{\"@type\":\"WebSite\",\"@id\":\"https:\\\/\\\/proyectum.com\\\/sistema\\\/#website\",\"url\":\"https:\\\/\\\/proyectum.com\\\/sistema\\\/\",\"name\":\"Proyectum\",\"description\":\"Direcci\u00f3n de Proyectos y M\u00e9todos \u00c1giles\",\"publisher\":{\"@id\":\"https:\\\/\\\/proyectum.com\\\/sistema\\\/#organization\"},\"potentialAction\":[{\"@type\":\"SearchAction\",\"target\":{\"@type\":\"EntryPoint\",\"urlTemplate\":\"https:\\\/\\\/proyectum.com\\\/sistema\\\/?s={search_term_string}\"},\"query-input\":{\"@type\":\"PropertyValueSpecification\",\"valueRequired\":true,\"valueName\":\"search_term_string\"}}],\"inLanguage\":\"es\"},{\"@type\":\"Organization\",\"@id\":\"https:\\\/\\\/proyectum.com\\\/sistema\\\/#organization\",\"name\":\"Proyectum\",\"url\":\"https:\\\/\\\/proyectum.com\\\/sistema\\\/\",\"logo\":{\"@type\":\"ImageObject\",\"inLanguage\":\"es\",\"@id\":\"https:\\\/\\\/proyectum.com\\\/sistema\\\/#\\\/schema\\\/logo\\\/image\\\/\",\"url\":\"https:\\\/\\\/www.proyectum.com\\\/sistema\\\/wp-content\\\/uploads\\\/2020\\\/04\\\/proyectum-logo-snippet.png\",\"contentUrl\":\"https:\\\/\\\/www.proyectum.com\\\/sistema\\\/wp-content\\\/uploads\\\/2020\\\/04\\\/proyectum-logo-snippet.png\",\"width\":600,\"height\":315,\"caption\":\"Proyectum\"},\"image\":{\"@id\":\"https:\\\/\\\/proyectum.com\\\/sistema\\\/#\\\/schema\\\/logo\\\/image\\\/\"},\"sameAs\":[\"https:\\\/\\\/www.facebook.com\\\/proyectum\\\/\",\"https:\\\/\\\/www.linkedin.com\\\/company\\\/sistemaproyectum\\\/\",\"https:\\\/\\\/www.youtube.com\\\/channel\\\/UCljouWimyhK_cNcC2jniUgw\"]},{\"@type\":\"Person\",\"@id\":\"https:\\\/\\\/proyectum.com\\\/sistema\\\/#\\\/schema\\\/person\\\/f82ebcca1de6471af98ad4ed5a813016\",\"name\":\"H\u00e9ctor Villarreal\",\"image\":{\"@type\":\"ImageObject\",\"inLanguage\":\"es\",\"@id\":\"https:\\\/\\\/secure.gravatar.com\\\/avatar\\\/864e5a23bd0bf34c9e5a1821fe38a063b008349caaf187622c1d8cf73ee1d703?s=96&d=mm&r=g\",\"url\":\"https:\\\/\\\/secure.gravatar.com\\\/avatar\\\/864e5a23bd0bf34c9e5a1821fe38a063b008349caaf187622c1d8cf73ee1d703?s=96&d=mm&r=g\",\"contentUrl\":\"https:\\\/\\\/secure.gravatar.com\\\/avatar\\\/864e5a23bd0bf34c9e5a1821fe38a063b008349caaf187622c1d8cf73ee1d703?s=96&d=mm&r=g\",\"caption\":\"H\u00e9ctor Villarreal\"},\"url\":\"https:\\\/\\\/proyectum.com\\\/sistema\\\/author\\\/hvillarreal\\\/\"}]}<\/script>\n<!-- \/ Yoast SEO plugin. -->","yoast_head_json":{"title":"Comunicaci\u00f3n 360 para l\u00edderes: Navegando la Complejidad Organizacional - Proyectum","description":"En el panorama actual, los l\u00edderes se enfrentan a desaf\u00edos que exigen mucho m\u00e1s que una gesti\u00f3n eficiente. La capacidad de generar resultados de alto","robots":{"index":"index","follow":"follow","max-snippet":"max-snippet:-1","max-image-preview":"max-image-preview:large","max-video-preview":"max-video-preview:-1"},"canonical":"https:\/\/proyectum.com\/sistema\/blog\/comunicacion-360-para-lideres-navegando-la-complejidad-organizacional\/","og_locale":"es_ES","og_type":"article","og_title":"Comunicaci\u00f3n 360 para l\u00edderes: Navegando la Complejidad Organizacional - Proyectum","og_description":"En el panorama actual, los l\u00edderes se enfrentan a desaf\u00edos que exigen mucho m\u00e1s que una gesti\u00f3n eficiente. La capacidad de generar resultados de alto","og_url":"https:\/\/proyectum.com\/sistema\/blog\/comunicacion-360-para-lideres-navegando-la-complejidad-organizacional\/","og_site_name":"Proyectum","article_publisher":"https:\/\/www.facebook.com\/proyectum\/","article_published_time":"2025-07-21T19:32:56+00:00","article_modified_time":"2025-07-21T19:36:38+00:00","og_image":[{"width":918,"height":613,"url":"https:\/\/proyectum.com\/sistema\/wp-content\/uploads\/2025\/07\/Captura-de-pantalla-2025-07-21-133229.png","type":"image\/png"}],"author":"H\u00e9ctor Villarreal","twitter_card":"summary_large_image","twitter_misc":{"Escrito por":"H\u00e9ctor Villarreal","Tiempo de lectura":"3 minutos"},"schema":{"@context":"https:\/\/schema.org","@graph":[{"@type":"Article","@id":"https:\/\/proyectum.com\/sistema\/blog\/comunicacion-360-para-lideres-navegando-la-complejidad-organizacional\/#article","isPartOf":{"@id":"https:\/\/proyectum.com\/sistema\/blog\/comunicacion-360-para-lideres-navegando-la-complejidad-organizacional\/"},"author":{"name":"H\u00e9ctor Villarreal","@id":"https:\/\/proyectum.com\/sistema\/#\/schema\/person\/f82ebcca1de6471af98ad4ed5a813016"},"headline":"Comunicaci\u00f3n 360 para l\u00edderes: Navegando la Complejidad Organizacional","datePublished":"2025-07-21T19:32:56+00:00","dateModified":"2025-07-21T19:36:38+00:00","mainEntityOfPage":{"@id":"https:\/\/proyectum.com\/sistema\/blog\/comunicacion-360-para-lideres-navegando-la-complejidad-organizacional\/"},"wordCount":568,"publisher":{"@id":"https:\/\/proyectum.com\/sistema\/#organization"},"image":{"@id":"https:\/\/proyectum.com\/sistema\/blog\/comunicacion-360-para-lideres-navegando-la-complejidad-organizacional\/#primaryimage"},"thumbnailUrl":"https:\/\/proyectum.com\/sistema\/wp-content\/uploads\/2025\/07\/Captura-de-pantalla-2025-07-21-133229.png","keywords":["Comunicaci\u00f3n","Lderazgo","L\u00edderes","PMI","PMP","proyectos"],"articleSection":["Direcci\u00f3n de Proyectos","Liderazgo"],"inLanguage":"es"},{"@type":"WebPage","@id":"https:\/\/proyectum.com\/sistema\/blog\/comunicacion-360-para-lideres-navegando-la-complejidad-organizacional\/","url":"https:\/\/proyectum.com\/sistema\/blog\/comunicacion-360-para-lideres-navegando-la-complejidad-organizacional\/","name":"Comunicaci\u00f3n 360 para l\u00edderes: Navegando la Complejidad Organizacional - Proyectum","isPartOf":{"@id":"https:\/\/proyectum.com\/sistema\/#website"},"primaryImageOfPage":{"@id":"https:\/\/proyectum.com\/sistema\/blog\/comunicacion-360-para-lideres-navegando-la-complejidad-organizacional\/#primaryimage"},"image":{"@id":"https:\/\/proyectum.com\/sistema\/blog\/comunicacion-360-para-lideres-navegando-la-complejidad-organizacional\/#primaryimage"},"thumbnailUrl":"https:\/\/proyectum.com\/sistema\/wp-content\/uploads\/2025\/07\/Captura-de-pantalla-2025-07-21-133229.png","datePublished":"2025-07-21T19:32:56+00:00","dateModified":"2025-07-21T19:36:38+00:00","description":"En el panorama actual, los l\u00edderes se enfrentan a desaf\u00edos que exigen mucho m\u00e1s que una gesti\u00f3n eficiente. La capacidad de generar resultados de alto","breadcrumb":{"@id":"https:\/\/proyectum.com\/sistema\/blog\/comunicacion-360-para-lideres-navegando-la-complejidad-organizacional\/#breadcrumb"},"inLanguage":"es","potentialAction":[{"@type":"ReadAction","target":["https:\/\/proyectum.com\/sistema\/blog\/comunicacion-360-para-lideres-navegando-la-complejidad-organizacional\/"]}]},{"@type":"ImageObject","inLanguage":"es","@id":"https:\/\/proyectum.com\/sistema\/blog\/comunicacion-360-para-lideres-navegando-la-complejidad-organizacional\/#primaryimage","url":"https:\/\/proyectum.com\/sistema\/wp-content\/uploads\/2025\/07\/Captura-de-pantalla-2025-07-21-133229.png","contentUrl":"https:\/\/proyectum.com\/sistema\/wp-content\/uploads\/2025\/07\/Captura-de-pantalla-2025-07-21-133229.png","width":918,"height":613},{"@type":"BreadcrumbList","@id":"https:\/\/proyectum.com\/sistema\/blog\/comunicacion-360-para-lideres-navegando-la-complejidad-organizacional\/#breadcrumb","itemListElement":[{"@type":"ListItem","position":1,"name":"Home","item":"https:\/\/proyectum.com\/sistema\/"},{"@type":"ListItem","position":2,"name":"Comunicaci\u00f3n 360 para l\u00edderes: Navegando la Complejidad Organizacional"}]},{"@type":"WebSite","@id":"https:\/\/proyectum.com\/sistema\/#website","url":"https:\/\/proyectum.com\/sistema\/","name":"Proyectum","description":"Direcci\u00f3n de Proyectos y M\u00e9todos \u00c1giles","publisher":{"@id":"https:\/\/proyectum.com\/sistema\/#organization"},"potentialAction":[{"@type":"SearchAction","target":{"@type":"EntryPoint","urlTemplate":"https:\/\/proyectum.com\/sistema\/?s={search_term_string}"},"query-input":{"@type":"PropertyValueSpecification","valueRequired":true,"valueName":"search_term_string"}}],"inLanguage":"es"},{"@type":"Organization","@id":"https:\/\/proyectum.com\/sistema\/#organization","name":"Proyectum","url":"https:\/\/proyectum.com\/sistema\/","logo":{"@type":"ImageObject","inLanguage":"es","@id":"https:\/\/proyectum.com\/sistema\/#\/schema\/logo\/image\/","url":"https:\/\/www.proyectum.com\/sistema\/wp-content\/uploads\/2020\/04\/proyectum-logo-snippet.png","contentUrl":"https:\/\/www.proyectum.com\/sistema\/wp-content\/uploads\/2020\/04\/proyectum-logo-snippet.png","width":600,"height":315,"caption":"Proyectum"},"image":{"@id":"https:\/\/proyectum.com\/sistema\/#\/schema\/logo\/image\/"},"sameAs":["https:\/\/www.facebook.com\/proyectum\/","https:\/\/www.linkedin.com\/company\/sistemaproyectum\/","https:\/\/www.youtube.com\/channel\/UCljouWimyhK_cNcC2jniUgw"]},{"@type":"Person","@id":"https:\/\/proyectum.com\/sistema\/#\/schema\/person\/f82ebcca1de6471af98ad4ed5a813016","name":"H\u00e9ctor Villarreal","image":{"@type":"ImageObject","inLanguage":"es","@id":"https:\/\/secure.gravatar.com\/avatar\/864e5a23bd0bf34c9e5a1821fe38a063b008349caaf187622c1d8cf73ee1d703?s=96&d=mm&r=g","url":"https:\/\/secure.gravatar.com\/avatar\/864e5a23bd0bf34c9e5a1821fe38a063b008349caaf187622c1d8cf73ee1d703?s=96&d=mm&r=g","contentUrl":"https:\/\/secure.gravatar.com\/avatar\/864e5a23bd0bf34c9e5a1821fe38a063b008349caaf187622c1d8cf73ee1d703?s=96&d=mm&r=g","caption":"H\u00e9ctor Villarreal"},"url":"https:\/\/proyectum.com\/sistema\/author\/hvillarreal\/"}]}},"_links":{"self":[{"href":"https:\/\/proyectum.com\/sistema\/wp-json\/wp\/v2\/posts\/11041","targetHints":{"allow":["GET"]}}],"collection":[{"href":"https:\/\/proyectum.com\/sistema\/wp-json\/wp\/v2\/posts"}],"about":[{"href":"https:\/\/proyectum.com\/sistema\/wp-json\/wp\/v2\/types\/post"}],"author":[{"embeddable":true,"href":"https:\/\/proyectum.com\/sistema\/wp-json\/wp\/v2\/users\/36"}],"replies":[{"embeddable":true,"href":"https:\/\/proyectum.com\/sistema\/wp-json\/wp\/v2\/comments?post=11041"}],"version-history":[{"count":0,"href":"https:\/\/proyectum.com\/sistema\/wp-json\/wp\/v2\/posts\/11041\/revisions"}],"wp:featuredmedia":[{"embeddable":true,"href":"https:\/\/proyectum.com\/sistema\/wp-json\/wp\/v2\/media\/11042"}],"wp:attachment":[{"href":"https:\/\/proyectum.com\/sistema\/wp-json\/wp\/v2\/media?parent=11041"}],"wp:term":[{"taxonomy":"category","embeddable":true,"href":"https:\/\/proyectum.com\/sistema\/wp-json\/wp\/v2\/categories?post=11041"},{"taxonomy":"post_tag","embeddable":true,"href":"https:\/\/proyectum.com\/sistema\/wp-json\/wp\/v2\/tags?post=11041"}],"curies":[{"name":"wp","href":"https:\/\/api.w.org\/{rel}","templated":true}]}}