{"id":1111,"date":"2013-10-15T19:40:27","date_gmt":"2013-10-16T01:40:27","guid":{"rendered":"http:\/\/proyectum.wordpress.com\/?p=1111"},"modified":"2020-06-20T16:10:58","modified_gmt":"2020-06-20T19:10:58","slug":"tiempo-costos-y-calidad","status":"publish","type":"post","link":"https:\/\/proyectum.com\/sistema\/blog\/tiempo-costos-y-calidad\/","title":{"rendered":"Tiempo, costos y calidad"},"content":{"rendered":"<p>Cuando hablamos de la importancia de la <strong>planificaci\u00f3n de un proyecto<\/strong>, nos referimos a definir perfectamente los alcances del proyecto, los tiempos y costos necesarios para entregar un proyecto de calidad.<\/p>\n<p>Entre m\u00e1s informaci\u00f3n se posee del proyecto, mucho m\u00e1s f\u00e1cil es poder realizar una planeaci\u00f3n apegada a la realidad. De acuerdo al PMBOK, el plan para la direcci\u00f3n de proyectos y los documentos resultantes del proceso de planificaci\u00f3n, deben contemplar aspectos como: <strong>Tiempo, Costos y Calidad<\/strong>.<\/p>\n<p>Estos factores est\u00e1n estrechamente relacionados, tanto as\u00ed que cuando uno se modifica indudablemente los otros 2 se ver\u00e1n afectados. Al momento de realizar la planeaci\u00f3n es importante recopilar la mayor cantidad posible de estos factores, conocer cu\u00e1l es el tiempo en el que el cliente espera recibir su proyecto, cuanto est\u00e1 dispuesto a invertir, incluso saber qu\u00e9 tanta importancia le asigna a la calidad, no hay que dar espacio a la obviedad.<\/p>\n<p>Una vez que se tenga establecido claramente el <strong>alcance del proyecto<\/strong>, es m\u00e1s f\u00e1cil determinar el n\u00famero de actividades que se tienen que realizar para conseguir dichos alcances. En base a estas actividades, tambi\u00e9n es m\u00e1s f\u00e1cil determinar en cuanto tiempo las podemos realizar, cuantos recursos se requieren invertir, recursos humanos y econ\u00f3micos, y podemos hacer una planeaci\u00f3n de la calidad, proceso por el cual se identifican los requisitos de calidad y\/o normas para el proyecto, es importante documentar la manera en que el proyecto demostrar\u00e1 el cumplimiento con los mismos.<\/p>\n<p>El tiempo, los costos y la calidad, deber\u00e1n estar siempre presente en la planeaci\u00f3n de los proyectos.<\/p>\n<p>Sobre el autor: <a href=\"http:\/\/about.me\/omargarcia\" target=\"_blank\" rel=\"noopener noreferrer\">Omar Garc\u00eda<\/a><\/p>\n","protected":false},"excerpt":{"rendered":"<p>Cuando hablamos de la importancia de la planificaci\u00f3n de un proyecto, nos referimos a definir perfectamente los alcances del proyecto, los tiempos y costos necesarios para entregar un proyecto de calidad. Entre m\u00e1s informaci\u00f3n se posee del proyecto, mucho m\u00e1s f\u00e1cil es poder realizar una planeaci\u00f3n apegada a la realidad. De acuerdo al PMBOK, el [&hellip;]<\/p>\n","protected":false},"author":46,"featured_media":8258,"comment_status":"open","ping_status":"open","sticky":false,"template":"","format":"standard","meta":{"_acf_changed":false,"content-type":"","footnotes":""},"categories":[57],"tags":[198,94,201],"class_list":["post-1111","post","type-post","status-publish","format-standard","has-post-thumbnail","hentry","category-direccion-de-proyectos","tag-alcance-del-proyecto","tag-gestion-de-costos","tag-tiempo"],"acf":[],"featured_image_src":{"landsacpe":false,"list":false,"medium":false,"full":false},"yoast_head":"<!-- This site is optimized with the Yoast SEO plugin v27.5 - https:\/\/yoast.com\/product\/yoast-seo-wordpress\/ -->\n<title>Tiempo, costos y calidad - Proyectum<\/title>\n<meta name=\"description\" content=\"Cuando hablamos de la importancia de la planificaci\u00f3n de un proyecto, nos referimos a definir perfectamente los alcances del proyecto, los tiempos y\" \/>\n<meta name=\"robots\" content=\"index, follow, max-snippet:-1, max-image-preview:large, max-video-preview:-1\" \/>\n<link rel=\"canonical\" href=\"https:\/\/proyectum.com\/sistema\/blog\/tiempo-costos-y-calidad\/\" \/>\n<meta property=\"og:locale\" content=\"es_ES\" \/>\n<meta property=\"og:type\" content=\"article\" \/>\n<meta property=\"og:title\" content=\"Tiempo, costos y calidad - Proyectum\" \/>\n<meta property=\"og:description\" content=\"Cuando hablamos de la importancia de la planificaci\u00f3n de un proyecto, nos referimos a definir perfectamente los alcances del proyecto, los tiempos y\" \/>\n<meta property=\"og:url\" content=\"https:\/\/proyectum.com\/sistema\/blog\/tiempo-costos-y-calidad\/\" \/>\n<meta property=\"og:site_name\" content=\"Proyectum\" \/>\n<meta property=\"article:publisher\" content=\"https:\/\/www.facebook.com\/proyectum\/\" \/>\n<meta property=\"article:published_time\" content=\"2013-10-16T01:40:27+00:00\" \/>\n<meta property=\"article:modified_time\" content=\"2020-06-20T19:10:58+00:00\" \/>\n<meta name=\"author\" content=\"Omar Garc\u00eda\" \/>\n<meta name=\"twitter:card\" content=\"summary_large_image\" \/>\n<meta name=\"twitter:creator\" content=\"@omarzgarcia\" \/>\n<meta name=\"twitter:label1\" content=\"Escrito por\" \/>\n\t<meta name=\"twitter:data1\" content=\"Omar Garc\u00eda\" \/>\n\t<meta name=\"twitter:label2\" content=\"Tiempo de lectura\" \/>\n\t<meta name=\"twitter:data2\" content=\"1 minuto\" \/>\n<script type=\"application\/ld+json\" class=\"yoast-schema-graph\">{\"@context\":\"https:\\\/\\\/schema.org\",\"@graph\":[{\"@type\":\"Article\",\"@id\":\"https:\\\/\\\/proyectum.com\\\/sistema\\\/blog\\\/tiempo-costos-y-calidad\\\/#article\",\"isPartOf\":{\"@id\":\"https:\\\/\\\/proyectum.com\\\/sistema\\\/blog\\\/tiempo-costos-y-calidad\\\/\"},\"author\":{\"name\":\"Omar Garc\u00eda\",\"@id\":\"https:\\\/\\\/proyectum.com\\\/sistema\\\/#\\\/schema\\\/person\\\/2c2f3285c31a3a005b11add8832ae8f7\"},\"headline\":\"Tiempo, costos y calidad\",\"datePublished\":\"2013-10-16T01:40:27+00:00\",\"dateModified\":\"2020-06-20T19:10:58+00:00\",\"mainEntityOfPage\":{\"@id\":\"https:\\\/\\\/proyectum.com\\\/sistema\\\/blog\\\/tiempo-costos-y-calidad\\\/\"},\"wordCount\":289,\"commentCount\":0,\"publisher\":{\"@id\":\"https:\\\/\\\/proyectum.com\\\/sistema\\\/#organization\"},\"image\":{\"@id\":\"https:\\\/\\\/proyectum.com\\\/sistema\\\/blog\\\/tiempo-costos-y-calidad\\\/#primaryimage\"},\"thumbnailUrl\":\"\",\"keywords\":[\"alcance del proyecto\",\"gesti\u00f3n de costos\",\"tiempo\"],\"articleSection\":[\"Direcci\u00f3n de Proyectos\"],\"inLanguage\":\"es\",\"potentialAction\":[{\"@type\":\"CommentAction\",\"name\":\"Comment\",\"target\":[\"https:\\\/\\\/proyectum.com\\\/sistema\\\/blog\\\/tiempo-costos-y-calidad\\\/#respond\"]}]},{\"@type\":\"WebPage\",\"@id\":\"https:\\\/\\\/proyectum.com\\\/sistema\\\/blog\\\/tiempo-costos-y-calidad\\\/\",\"url\":\"https:\\\/\\\/proyectum.com\\\/sistema\\\/blog\\\/tiempo-costos-y-calidad\\\/\",\"name\":\"Tiempo, costos y calidad - Proyectum\",\"isPartOf\":{\"@id\":\"https:\\\/\\\/proyectum.com\\\/sistema\\\/#website\"},\"primaryImageOfPage\":{\"@id\":\"https:\\\/\\\/proyectum.com\\\/sistema\\\/blog\\\/tiempo-costos-y-calidad\\\/#primaryimage\"},\"image\":{\"@id\":\"https:\\\/\\\/proyectum.com\\\/sistema\\\/blog\\\/tiempo-costos-y-calidad\\\/#primaryimage\"},\"thumbnailUrl\":\"\",\"datePublished\":\"2013-10-16T01:40:27+00:00\",\"dateModified\":\"2020-06-20T19:10:58+00:00\",\"description\":\"Cuando hablamos de la importancia de la planificaci\u00f3n de un proyecto, nos referimos a definir perfectamente los alcances del proyecto, los tiempos y\",\"breadcrumb\":{\"@id\":\"https:\\\/\\\/proyectum.com\\\/sistema\\\/blog\\\/tiempo-costos-y-calidad\\\/#breadcrumb\"},\"inLanguage\":\"es\",\"potentialAction\":[{\"@type\":\"ReadAction\",\"target\":[\"https:\\\/\\\/proyectum.com\\\/sistema\\\/blog\\\/tiempo-costos-y-calidad\\\/\"]}]},{\"@type\":\"ImageObject\",\"inLanguage\":\"es\",\"@id\":\"https:\\\/\\\/proyectum.com\\\/sistema\\\/blog\\\/tiempo-costos-y-calidad\\\/#primaryimage\",\"url\":\"\",\"contentUrl\":\"\"},{\"@type\":\"BreadcrumbList\",\"@id\":\"https:\\\/\\\/proyectum.com\\\/sistema\\\/blog\\\/tiempo-costos-y-calidad\\\/#breadcrumb\",\"itemListElement\":[{\"@type\":\"ListItem\",\"position\":1,\"name\":\"Home\",\"item\":\"https:\\\/\\\/proyectum.com\\\/sistema\\\/\"},{\"@type\":\"ListItem\",\"position\":2,\"name\":\"Tiempo, costos y calidad\"}]},{\"@type\":\"WebSite\",\"@id\":\"https:\\\/\\\/proyectum.com\\\/sistema\\\/#website\",\"url\":\"https:\\\/\\\/proyectum.com\\\/sistema\\\/\",\"name\":\"Proyectum\",\"description\":\"Direcci\u00f3n de Proyectos y M\u00e9todos \u00c1giles\",\"publisher\":{\"@id\":\"https:\\\/\\\/proyectum.com\\\/sistema\\\/#organization\"},\"potentialAction\":[{\"@type\":\"SearchAction\",\"target\":{\"@type\":\"EntryPoint\",\"urlTemplate\":\"https:\\\/\\\/proyectum.com\\\/sistema\\\/?s={search_term_string}\"},\"query-input\":{\"@type\":\"PropertyValueSpecification\",\"valueRequired\":true,\"valueName\":\"search_term_string\"}}],\"inLanguage\":\"es\"},{\"@type\":\"Organization\",\"@id\":\"https:\\\/\\\/proyectum.com\\\/sistema\\\/#organization\",\"name\":\"Proyectum\",\"url\":\"https:\\\/\\\/proyectum.com\\\/sistema\\\/\",\"logo\":{\"@type\":\"ImageObject\",\"inLanguage\":\"es\",\"@id\":\"https:\\\/\\\/proyectum.com\\\/sistema\\\/#\\\/schema\\\/logo\\\/image\\\/\",\"url\":\"https:\\\/\\\/www.proyectum.com\\\/sistema\\\/wp-content\\\/uploads\\\/2020\\\/04\\\/proyectum-logo-snippet.png\",\"contentUrl\":\"https:\\\/\\\/www.proyectum.com\\\/sistema\\\/wp-content\\\/uploads\\\/2020\\\/04\\\/proyectum-logo-snippet.png\",\"width\":600,\"height\":315,\"caption\":\"Proyectum\"},\"image\":{\"@id\":\"https:\\\/\\\/proyectum.com\\\/sistema\\\/#\\\/schema\\\/logo\\\/image\\\/\"},\"sameAs\":[\"https:\\\/\\\/www.facebook.com\\\/proyectum\\\/\",\"https:\\\/\\\/www.linkedin.com\\\/company\\\/sistemaproyectum\\\/\",\"https:\\\/\\\/www.youtube.com\\\/channel\\\/UCljouWimyhK_cNcC2jniUgw\"]},{\"@type\":\"Person\",\"@id\":\"https:\\\/\\\/proyectum.com\\\/sistema\\\/#\\\/schema\\\/person\\\/2c2f3285c31a3a005b11add8832ae8f7\",\"name\":\"Omar Garc\u00eda\",\"image\":{\"@type\":\"ImageObject\",\"inLanguage\":\"es\",\"@id\":\"https:\\\/\\\/secure.gravatar.com\\\/avatar\\\/6287ae96abd3e19dcc272b2c1ff8c5c0a0fcf3149e67894ce1b778f4232770a9?s=96&d=mm&r=g\",\"url\":\"https:\\\/\\\/secure.gravatar.com\\\/avatar\\\/6287ae96abd3e19dcc272b2c1ff8c5c0a0fcf3149e67894ce1b778f4232770a9?s=96&d=mm&r=g\",\"contentUrl\":\"https:\\\/\\\/secure.gravatar.com\\\/avatar\\\/6287ae96abd3e19dcc272b2c1ff8c5c0a0fcf3149e67894ce1b778f4232770a9?s=96&d=mm&r=g\",\"caption\":\"Omar Garc\u00eda\"},\"description\":\"Creador de contenidos en Proyectum. Para seguir la conversaci\u00f3n puedes escribirme en: @omarzgarcia\",\"sameAs\":[\"https:\\\/\\\/x.com\\\/@omarzgarcia\"],\"url\":\"https:\\\/\\\/proyectum.com\\\/sistema\\\/author\\\/omarzgarcia\\\/\"}]}<\/script>\n<!-- \/ Yoast SEO plugin. -->","yoast_head_json":{"title":"Tiempo, costos y calidad - Proyectum","description":"Cuando hablamos de la importancia de la planificaci\u00f3n de un proyecto, nos referimos a definir perfectamente los alcances del proyecto, los tiempos y","robots":{"index":"index","follow":"follow","max-snippet":"max-snippet:-1","max-image-preview":"max-image-preview:large","max-video-preview":"max-video-preview:-1"},"canonical":"https:\/\/proyectum.com\/sistema\/blog\/tiempo-costos-y-calidad\/","og_locale":"es_ES","og_type":"article","og_title":"Tiempo, costos y calidad - Proyectum","og_description":"Cuando hablamos de la importancia de la planificaci\u00f3n de un proyecto, nos referimos a definir perfectamente los alcances del proyecto, los tiempos y","og_url":"https:\/\/proyectum.com\/sistema\/blog\/tiempo-costos-y-calidad\/","og_site_name":"Proyectum","article_publisher":"https:\/\/www.facebook.com\/proyectum\/","article_published_time":"2013-10-16T01:40:27+00:00","article_modified_time":"2020-06-20T19:10:58+00:00","author":"Omar Garc\u00eda","twitter_card":"summary_large_image","twitter_creator":"@omarzgarcia","twitter_misc":{"Escrito por":"Omar Garc\u00eda","Tiempo de lectura":"1 minuto"},"schema":{"@context":"https:\/\/schema.org","@graph":[{"@type":"Article","@id":"https:\/\/proyectum.com\/sistema\/blog\/tiempo-costos-y-calidad\/#article","isPartOf":{"@id":"https:\/\/proyectum.com\/sistema\/blog\/tiempo-costos-y-calidad\/"},"author":{"name":"Omar Garc\u00eda","@id":"https:\/\/proyectum.com\/sistema\/#\/schema\/person\/2c2f3285c31a3a005b11add8832ae8f7"},"headline":"Tiempo, costos y calidad","datePublished":"2013-10-16T01:40:27+00:00","dateModified":"2020-06-20T19:10:58+00:00","mainEntityOfPage":{"@id":"https:\/\/proyectum.com\/sistema\/blog\/tiempo-costos-y-calidad\/"},"wordCount":289,"commentCount":0,"publisher":{"@id":"https:\/\/proyectum.com\/sistema\/#organization"},"image":{"@id":"https:\/\/proyectum.com\/sistema\/blog\/tiempo-costos-y-calidad\/#primaryimage"},"thumbnailUrl":"","keywords":["alcance del proyecto","gesti\u00f3n de costos","tiempo"],"articleSection":["Direcci\u00f3n de Proyectos"],"inLanguage":"es","potentialAction":[{"@type":"CommentAction","name":"Comment","target":["https:\/\/proyectum.com\/sistema\/blog\/tiempo-costos-y-calidad\/#respond"]}]},{"@type":"WebPage","@id":"https:\/\/proyectum.com\/sistema\/blog\/tiempo-costos-y-calidad\/","url":"https:\/\/proyectum.com\/sistema\/blog\/tiempo-costos-y-calidad\/","name":"Tiempo, costos y calidad - Proyectum","isPartOf":{"@id":"https:\/\/proyectum.com\/sistema\/#website"},"primaryImageOfPage":{"@id":"https:\/\/proyectum.com\/sistema\/blog\/tiempo-costos-y-calidad\/#primaryimage"},"image":{"@id":"https:\/\/proyectum.com\/sistema\/blog\/tiempo-costos-y-calidad\/#primaryimage"},"thumbnailUrl":"","datePublished":"2013-10-16T01:40:27+00:00","dateModified":"2020-06-20T19:10:58+00:00","description":"Cuando hablamos de la importancia de la planificaci\u00f3n de un proyecto, nos referimos a definir perfectamente los alcances del proyecto, los tiempos y","breadcrumb":{"@id":"https:\/\/proyectum.com\/sistema\/blog\/tiempo-costos-y-calidad\/#breadcrumb"},"inLanguage":"es","potentialAction":[{"@type":"ReadAction","target":["https:\/\/proyectum.com\/sistema\/blog\/tiempo-costos-y-calidad\/"]}]},{"@type":"ImageObject","inLanguage":"es","@id":"https:\/\/proyectum.com\/sistema\/blog\/tiempo-costos-y-calidad\/#primaryimage","url":"","contentUrl":""},{"@type":"BreadcrumbList","@id":"https:\/\/proyectum.com\/sistema\/blog\/tiempo-costos-y-calidad\/#breadcrumb","itemListElement":[{"@type":"ListItem","position":1,"name":"Home","item":"https:\/\/proyectum.com\/sistema\/"},{"@type":"ListItem","position":2,"name":"Tiempo, costos y calidad"}]},{"@type":"WebSite","@id":"https:\/\/proyectum.com\/sistema\/#website","url":"https:\/\/proyectum.com\/sistema\/","name":"Proyectum","description":"Direcci\u00f3n de Proyectos y M\u00e9todos \u00c1giles","publisher":{"@id":"https:\/\/proyectum.com\/sistema\/#organization"},"potentialAction":[{"@type":"SearchAction","target":{"@type":"EntryPoint","urlTemplate":"https:\/\/proyectum.com\/sistema\/?s={search_term_string}"},"query-input":{"@type":"PropertyValueSpecification","valueRequired":true,"valueName":"search_term_string"}}],"inLanguage":"es"},{"@type":"Organization","@id":"https:\/\/proyectum.com\/sistema\/#organization","name":"Proyectum","url":"https:\/\/proyectum.com\/sistema\/","logo":{"@type":"ImageObject","inLanguage":"es","@id":"https:\/\/proyectum.com\/sistema\/#\/schema\/logo\/image\/","url":"https:\/\/www.proyectum.com\/sistema\/wp-content\/uploads\/2020\/04\/proyectum-logo-snippet.png","contentUrl":"https:\/\/www.proyectum.com\/sistema\/wp-content\/uploads\/2020\/04\/proyectum-logo-snippet.png","width":600,"height":315,"caption":"Proyectum"},"image":{"@id":"https:\/\/proyectum.com\/sistema\/#\/schema\/logo\/image\/"},"sameAs":["https:\/\/www.facebook.com\/proyectum\/","https:\/\/www.linkedin.com\/company\/sistemaproyectum\/","https:\/\/www.youtube.com\/channel\/UCljouWimyhK_cNcC2jniUgw"]},{"@type":"Person","@id":"https:\/\/proyectum.com\/sistema\/#\/schema\/person\/2c2f3285c31a3a005b11add8832ae8f7","name":"Omar Garc\u00eda","image":{"@type":"ImageObject","inLanguage":"es","@id":"https:\/\/secure.gravatar.com\/avatar\/6287ae96abd3e19dcc272b2c1ff8c5c0a0fcf3149e67894ce1b778f4232770a9?s=96&d=mm&r=g","url":"https:\/\/secure.gravatar.com\/avatar\/6287ae96abd3e19dcc272b2c1ff8c5c0a0fcf3149e67894ce1b778f4232770a9?s=96&d=mm&r=g","contentUrl":"https:\/\/secure.gravatar.com\/avatar\/6287ae96abd3e19dcc272b2c1ff8c5c0a0fcf3149e67894ce1b778f4232770a9?s=96&d=mm&r=g","caption":"Omar Garc\u00eda"},"description":"Creador de contenidos en Proyectum. Para seguir la conversaci\u00f3n puedes escribirme en: @omarzgarcia","sameAs":["https:\/\/x.com\/@omarzgarcia"],"url":"https:\/\/proyectum.com\/sistema\/author\/omarzgarcia\/"}]}},"_links":{"self":[{"href":"https:\/\/proyectum.com\/sistema\/wp-json\/wp\/v2\/posts\/1111","targetHints":{"allow":["GET"]}}],"collection":[{"href":"https:\/\/proyectum.com\/sistema\/wp-json\/wp\/v2\/posts"}],"about":[{"href":"https:\/\/proyectum.com\/sistema\/wp-json\/wp\/v2\/types\/post"}],"author":[{"embeddable":true,"href":"https:\/\/proyectum.com\/sistema\/wp-json\/wp\/v2\/users\/46"}],"replies":[{"embeddable":true,"href":"https:\/\/proyectum.com\/sistema\/wp-json\/wp\/v2\/comments?post=1111"}],"version-history":[{"count":0,"href":"https:\/\/proyectum.com\/sistema\/wp-json\/wp\/v2\/posts\/1111\/revisions"}],"wp:featuredmedia":[{"embeddable":true,"href":"https:\/\/proyectum.com\/sistema\/wp-json\/"}],"wp:attachment":[{"href":"https:\/\/proyectum.com\/sistema\/wp-json\/wp\/v2\/media?parent=1111"}],"wp:term":[{"taxonomy":"category","embeddable":true,"href":"https:\/\/proyectum.com\/sistema\/wp-json\/wp\/v2\/categories?post=1111"},{"taxonomy":"post_tag","embeddable":true,"href":"https:\/\/proyectum.com\/sistema\/wp-json\/wp\/v2\/tags?post=1111"}],"curies":[{"name":"wp","href":"https:\/\/api.w.org\/{rel}","templated":true}]}}