{"id":1313,"date":"2014-04-15T00:01:40","date_gmt":"2014-04-15T06:01:40","guid":{"rendered":"http:\/\/proyectum.wordpress.com\/?p=1313"},"modified":"2014-04-15T00:01:40","modified_gmt":"2014-04-15T06:01:40","slug":"influencias-de-la-organizacion-en-la-direccion-de-proyectos","status":"publish","type":"post","link":"https:\/\/proyectum.com\/sistema\/blog\/influencias-de-la-organizacion-en-la-direccion-de-proyectos\/","title":{"rendered":"Influencias de la organizaci\u00f3n en la direcci\u00f3n de proyectos"},"content":{"rendered":"<p>Cada organizaci\u00f3n tiene su propia <strong>cultura laboral<\/strong>, sus propias pol\u00edticas y normas que son proyectadas a trav\u00e9s de los colaboradores y que sin lugar a dudas van a influenciar en el modo en c\u00f3mo nosotros ejecutaremos un proyecto. El <strong>director de proyecto<\/strong> debe estar sensibilizado con este factor ya que puede ser determinante al momento de la <strong>direcci\u00f3n de un proyecto<\/strong>.<\/p>\n<p>Bas\u00e1ndonos en el PMBOK la cultura, estilo y estructura de la organizaci\u00f3n influyen en la forma en la que los proyectos son ejecutados. El grado de madurez de la <strong>direcci\u00f3n de proyectos<\/strong> de una organizaci\u00f3n, as\u00ed como sus <strong>sistemas de direcci\u00f3n de proyectos<\/strong>, tambi\u00e9n pueden influenciar el proyecto. Cuando en el proyecto participan entidades externas, como resultado de una uni\u00f3n temporal de empresas o de un convenio para un proyecto determinado, el proyecto recibir\u00e1 la influencia de m\u00e1s de una empresa. A continuaci\u00f3n se describen caracter\u00edsticas y estructuras de la organizaci\u00f3n dentro de una empresa, capaces de influenciar el proyecto.<\/p>\n<p><strong>Culturas y estilos de organizaci\u00f3n.<\/strong> Se conocen habitualmente como normas culturales. Las normas incluyen un conocimiento com\u00fan sobre qu\u00e9 enfoque abordar para la realizaci\u00f3n del proyecto, que medios se consideran aceptables para este fin y qui\u00e9n tiene influencia para facilitarlo. Muchas organizaciones han desarrollado culturas \u00fanicas que se manifiestan de diferentes maneras, entre las que se incluyen: visiones, valores, normas, creencias, pol\u00edticas etc.<\/p>\n<p><strong>Estructura de la organizaci\u00f3n.<\/strong> Es un factor ambiental de la empresa que puede afectar la disponibilidad de recursos e influir en el modo de dirigir los proyectos. Las estructuras abarcan desde una estructura funcional hasta una estructura orientada a proyectos. La organizaci\u00f3n funcional cl\u00e1sica es una jerarqu\u00eda donde cada empleado tiene un superior claramente definido.<\/p>\n<p><strong>Activos de los procesos de la organizaci\u00f3n.<\/strong> Estos activos de proceso abarcan planes, pol\u00edticas, procedimientos y lineamientos, ya sean formales o informales. Los activos de proceso tambi\u00e9n abarcan las bases de conocimiento de la organizaci\u00f3n, como las lecciones aprendidas y la informaci\u00f3n hist\u00f3rica. <\/p>\n<p>Tomar en cuenta estos factores al momento de estar dirigiendo un proyecto sin duda nos ayudar\u00e1 a alinearnos con las normas empresariales de nuestro cliente. <\/p>\n<p>Sobre el autor: <a href=\"http:\/\/about.me\/omargarcia\" TARGET=\"_blank\" rel=\"noopener noreferrer\">Omar Garc\u00eda<\/a><\/p>\n","protected":false},"excerpt":{"rendered":"<p>Cada organizaci\u00f3n tiene su propia cultura laboral, sus propias pol\u00edticas y normas que son proyectadas a trav\u00e9s de los colaboradores y que sin lugar a dudas van a influenciar en el modo en c\u00f3mo nosotros ejecutaremos un proyecto. El director de proyecto debe estar sensibilizado con este factor ya que puede ser determinante al momento [&hellip;]<\/p>\n","protected":false},"author":46,"featured_media":8258,"comment_status":"open","ping_status":"open","sticky":false,"template":"","format":"standard","meta":{"_acf_changed":false,"content-type":"","footnotes":""},"categories":[57],"tags":[217,122,109],"class_list":["post-1313","post","type-post","status-publish","format-standard","has-post-thumbnail","hentry","category-direccion-de-proyectos","tag-cultura-y-estilo-de-una-organizacion","tag-direccion-de-proyectos-2","tag-director-de-proyecto"],"acf":[],"featured_image_src":{"landsacpe":false,"list":false,"medium":false,"full":false},"yoast_head":"<!-- This site is optimized with the Yoast SEO plugin v27.4 - https:\/\/yoast.com\/product\/yoast-seo-wordpress\/ -->\n<title>Influencias de la organizaci\u00f3n en la direcci\u00f3n de proyectos - Proyectum<\/title>\n<meta name=\"description\" content=\"Cada organizaci\u00f3n tiene su propia cultura laboral, sus propias pol\u00edticas y normas que son proyectadas a trav\u00e9s de los colaboradores y que sin lugar a\" \/>\n<meta name=\"robots\" content=\"index, follow, max-snippet:-1, max-image-preview:large, max-video-preview:-1\" \/>\n<link rel=\"canonical\" href=\"https:\/\/proyectum.com\/sistema\/blog\/influencias-de-la-organizacion-en-la-direccion-de-proyectos\/\" \/>\n<meta property=\"og:locale\" content=\"es_ES\" \/>\n<meta property=\"og:type\" content=\"article\" \/>\n<meta property=\"og:title\" content=\"Influencias de la organizaci\u00f3n en la direcci\u00f3n de proyectos - Proyectum\" \/>\n<meta property=\"og:description\" content=\"Cada organizaci\u00f3n tiene su propia cultura laboral, sus propias pol\u00edticas y normas que son proyectadas a trav\u00e9s de los colaboradores y que sin lugar a\" \/>\n<meta property=\"og:url\" content=\"https:\/\/proyectum.com\/sistema\/blog\/influencias-de-la-organizacion-en-la-direccion-de-proyectos\/\" \/>\n<meta property=\"og:site_name\" content=\"Proyectum\" \/>\n<meta property=\"article:publisher\" content=\"https:\/\/www.facebook.com\/proyectum\/\" \/>\n<meta property=\"article:published_time\" content=\"2014-04-15T06:01:40+00:00\" \/>\n<meta name=\"author\" content=\"Omar Garc\u00eda\" \/>\n<meta name=\"twitter:card\" content=\"summary_large_image\" \/>\n<meta name=\"twitter:creator\" content=\"@omarzgarcia\" \/>\n<meta name=\"twitter:label1\" content=\"Escrito por\" \/>\n\t<meta name=\"twitter:data1\" content=\"Omar Garc\u00eda\" \/>\n\t<meta name=\"twitter:label2\" content=\"Tiempo de lectura\" \/>\n\t<meta name=\"twitter:data2\" content=\"2 minutos\" \/>\n<script type=\"application\/ld+json\" class=\"yoast-schema-graph\">{\"@context\":\"https:\\\/\\\/schema.org\",\"@graph\":[{\"@type\":\"Article\",\"@id\":\"https:\\\/\\\/proyectum.com\\\/sistema\\\/blog\\\/influencias-de-la-organizacion-en-la-direccion-de-proyectos\\\/#article\",\"isPartOf\":{\"@id\":\"https:\\\/\\\/proyectum.com\\\/sistema\\\/blog\\\/influencias-de-la-organizacion-en-la-direccion-de-proyectos\\\/\"},\"author\":{\"name\":\"Omar Garc\u00eda\",\"@id\":\"https:\\\/\\\/proyectum.com\\\/sistema\\\/#\\\/schema\\\/person\\\/2c2f3285c31a3a005b11add8832ae8f7\"},\"headline\":\"Influencias de la organizaci\u00f3n en la direcci\u00f3n de proyectos\",\"datePublished\":\"2014-04-15T06:01:40+00:00\",\"mainEntityOfPage\":{\"@id\":\"https:\\\/\\\/proyectum.com\\\/sistema\\\/blog\\\/influencias-de-la-organizacion-en-la-direccion-de-proyectos\\\/\"},\"wordCount\":395,\"commentCount\":0,\"publisher\":{\"@id\":\"https:\\\/\\\/proyectum.com\\\/sistema\\\/#organization\"},\"image\":{\"@id\":\"https:\\\/\\\/proyectum.com\\\/sistema\\\/blog\\\/influencias-de-la-organizacion-en-la-direccion-de-proyectos\\\/#primaryimage\"},\"thumbnailUrl\":\"\",\"keywords\":[\"cultura y estilo de una organizaci\u00f3n\",\"direcci\u00f3n de proyectos\",\"director de proyecto\"],\"articleSection\":[\"Direcci\u00f3n de Proyectos\"],\"inLanguage\":\"es\",\"potentialAction\":[{\"@type\":\"CommentAction\",\"name\":\"Comment\",\"target\":[\"https:\\\/\\\/proyectum.com\\\/sistema\\\/blog\\\/influencias-de-la-organizacion-en-la-direccion-de-proyectos\\\/#respond\"]}]},{\"@type\":\"WebPage\",\"@id\":\"https:\\\/\\\/proyectum.com\\\/sistema\\\/blog\\\/influencias-de-la-organizacion-en-la-direccion-de-proyectos\\\/\",\"url\":\"https:\\\/\\\/proyectum.com\\\/sistema\\\/blog\\\/influencias-de-la-organizacion-en-la-direccion-de-proyectos\\\/\",\"name\":\"Influencias de la organizaci\u00f3n en la direcci\u00f3n de proyectos - Proyectum\",\"isPartOf\":{\"@id\":\"https:\\\/\\\/proyectum.com\\\/sistema\\\/#website\"},\"primaryImageOfPage\":{\"@id\":\"https:\\\/\\\/proyectum.com\\\/sistema\\\/blog\\\/influencias-de-la-organizacion-en-la-direccion-de-proyectos\\\/#primaryimage\"},\"image\":{\"@id\":\"https:\\\/\\\/proyectum.com\\\/sistema\\\/blog\\\/influencias-de-la-organizacion-en-la-direccion-de-proyectos\\\/#primaryimage\"},\"thumbnailUrl\":\"\",\"datePublished\":\"2014-04-15T06:01:40+00:00\",\"description\":\"Cada organizaci\u00f3n tiene su propia cultura laboral, sus propias pol\u00edticas y normas que son proyectadas a trav\u00e9s de los colaboradores y que sin lugar a\",\"breadcrumb\":{\"@id\":\"https:\\\/\\\/proyectum.com\\\/sistema\\\/blog\\\/influencias-de-la-organizacion-en-la-direccion-de-proyectos\\\/#breadcrumb\"},\"inLanguage\":\"es\",\"potentialAction\":[{\"@type\":\"ReadAction\",\"target\":[\"https:\\\/\\\/proyectum.com\\\/sistema\\\/blog\\\/influencias-de-la-organizacion-en-la-direccion-de-proyectos\\\/\"]}]},{\"@type\":\"ImageObject\",\"inLanguage\":\"es\",\"@id\":\"https:\\\/\\\/proyectum.com\\\/sistema\\\/blog\\\/influencias-de-la-organizacion-en-la-direccion-de-proyectos\\\/#primaryimage\",\"url\":\"\",\"contentUrl\":\"\"},{\"@type\":\"BreadcrumbList\",\"@id\":\"https:\\\/\\\/proyectum.com\\\/sistema\\\/blog\\\/influencias-de-la-organizacion-en-la-direccion-de-proyectos\\\/#breadcrumb\",\"itemListElement\":[{\"@type\":\"ListItem\",\"position\":1,\"name\":\"Home\",\"item\":\"https:\\\/\\\/proyectum.com\\\/sistema\\\/\"},{\"@type\":\"ListItem\",\"position\":2,\"name\":\"Influencias de la organizaci\u00f3n en la direcci\u00f3n de proyectos\"}]},{\"@type\":\"WebSite\",\"@id\":\"https:\\\/\\\/proyectum.com\\\/sistema\\\/#website\",\"url\":\"https:\\\/\\\/proyectum.com\\\/sistema\\\/\",\"name\":\"Proyectum\",\"description\":\"Direcci\u00f3n de Proyectos y M\u00e9todos \u00c1giles\",\"publisher\":{\"@id\":\"https:\\\/\\\/proyectum.com\\\/sistema\\\/#organization\"},\"potentialAction\":[{\"@type\":\"SearchAction\",\"target\":{\"@type\":\"EntryPoint\",\"urlTemplate\":\"https:\\\/\\\/proyectum.com\\\/sistema\\\/?s={search_term_string}\"},\"query-input\":{\"@type\":\"PropertyValueSpecification\",\"valueRequired\":true,\"valueName\":\"search_term_string\"}}],\"inLanguage\":\"es\"},{\"@type\":\"Organization\",\"@id\":\"https:\\\/\\\/proyectum.com\\\/sistema\\\/#organization\",\"name\":\"Proyectum\",\"url\":\"https:\\\/\\\/proyectum.com\\\/sistema\\\/\",\"logo\":{\"@type\":\"ImageObject\",\"inLanguage\":\"es\",\"@id\":\"https:\\\/\\\/proyectum.com\\\/sistema\\\/#\\\/schema\\\/logo\\\/image\\\/\",\"url\":\"https:\\\/\\\/www.proyectum.com\\\/sistema\\\/wp-content\\\/uploads\\\/2020\\\/04\\\/proyectum-logo-snippet.png\",\"contentUrl\":\"https:\\\/\\\/www.proyectum.com\\\/sistema\\\/wp-content\\\/uploads\\\/2020\\\/04\\\/proyectum-logo-snippet.png\",\"width\":600,\"height\":315,\"caption\":\"Proyectum\"},\"image\":{\"@id\":\"https:\\\/\\\/proyectum.com\\\/sistema\\\/#\\\/schema\\\/logo\\\/image\\\/\"},\"sameAs\":[\"https:\\\/\\\/www.facebook.com\\\/proyectum\\\/\",\"https:\\\/\\\/www.linkedin.com\\\/company\\\/sistemaproyectum\\\/\",\"https:\\\/\\\/www.youtube.com\\\/channel\\\/UCljouWimyhK_cNcC2jniUgw\"]},{\"@type\":\"Person\",\"@id\":\"https:\\\/\\\/proyectum.com\\\/sistema\\\/#\\\/schema\\\/person\\\/2c2f3285c31a3a005b11add8832ae8f7\",\"name\":\"Omar Garc\u00eda\",\"image\":{\"@type\":\"ImageObject\",\"inLanguage\":\"es\",\"@id\":\"https:\\\/\\\/secure.gravatar.com\\\/avatar\\\/6287ae96abd3e19dcc272b2c1ff8c5c0a0fcf3149e67894ce1b778f4232770a9?s=96&d=mm&r=g\",\"url\":\"https:\\\/\\\/secure.gravatar.com\\\/avatar\\\/6287ae96abd3e19dcc272b2c1ff8c5c0a0fcf3149e67894ce1b778f4232770a9?s=96&d=mm&r=g\",\"contentUrl\":\"https:\\\/\\\/secure.gravatar.com\\\/avatar\\\/6287ae96abd3e19dcc272b2c1ff8c5c0a0fcf3149e67894ce1b778f4232770a9?s=96&d=mm&r=g\",\"caption\":\"Omar Garc\u00eda\"},\"description\":\"Creador de contenidos en Proyectum. Para seguir la conversaci\u00f3n puedes escribirme en: @omarzgarcia\",\"sameAs\":[\"https:\\\/\\\/x.com\\\/@omarzgarcia\"],\"url\":\"https:\\\/\\\/proyectum.com\\\/sistema\\\/author\\\/omarzgarcia\\\/\"}]}<\/script>\n<!-- \/ Yoast SEO plugin. -->","yoast_head_json":{"title":"Influencias de la organizaci\u00f3n en la direcci\u00f3n de proyectos - Proyectum","description":"Cada organizaci\u00f3n tiene su propia cultura laboral, sus propias pol\u00edticas y normas que son proyectadas a trav\u00e9s de los colaboradores y que sin lugar a","robots":{"index":"index","follow":"follow","max-snippet":"max-snippet:-1","max-image-preview":"max-image-preview:large","max-video-preview":"max-video-preview:-1"},"canonical":"https:\/\/proyectum.com\/sistema\/blog\/influencias-de-la-organizacion-en-la-direccion-de-proyectos\/","og_locale":"es_ES","og_type":"article","og_title":"Influencias de la organizaci\u00f3n en la direcci\u00f3n de proyectos - Proyectum","og_description":"Cada organizaci\u00f3n tiene su propia cultura laboral, sus propias pol\u00edticas y normas que son proyectadas a trav\u00e9s de los colaboradores y que sin lugar a","og_url":"https:\/\/proyectum.com\/sistema\/blog\/influencias-de-la-organizacion-en-la-direccion-de-proyectos\/","og_site_name":"Proyectum","article_publisher":"https:\/\/www.facebook.com\/proyectum\/","article_published_time":"2014-04-15T06:01:40+00:00","author":"Omar Garc\u00eda","twitter_card":"summary_large_image","twitter_creator":"@omarzgarcia","twitter_misc":{"Escrito por":"Omar Garc\u00eda","Tiempo de lectura":"2 minutos"},"schema":{"@context":"https:\/\/schema.org","@graph":[{"@type":"Article","@id":"https:\/\/proyectum.com\/sistema\/blog\/influencias-de-la-organizacion-en-la-direccion-de-proyectos\/#article","isPartOf":{"@id":"https:\/\/proyectum.com\/sistema\/blog\/influencias-de-la-organizacion-en-la-direccion-de-proyectos\/"},"author":{"name":"Omar Garc\u00eda","@id":"https:\/\/proyectum.com\/sistema\/#\/schema\/person\/2c2f3285c31a3a005b11add8832ae8f7"},"headline":"Influencias de la organizaci\u00f3n en la direcci\u00f3n de proyectos","datePublished":"2014-04-15T06:01:40+00:00","mainEntityOfPage":{"@id":"https:\/\/proyectum.com\/sistema\/blog\/influencias-de-la-organizacion-en-la-direccion-de-proyectos\/"},"wordCount":395,"commentCount":0,"publisher":{"@id":"https:\/\/proyectum.com\/sistema\/#organization"},"image":{"@id":"https:\/\/proyectum.com\/sistema\/blog\/influencias-de-la-organizacion-en-la-direccion-de-proyectos\/#primaryimage"},"thumbnailUrl":"","keywords":["cultura y estilo de una organizaci\u00f3n","direcci\u00f3n de proyectos","director de proyecto"],"articleSection":["Direcci\u00f3n de Proyectos"],"inLanguage":"es","potentialAction":[{"@type":"CommentAction","name":"Comment","target":["https:\/\/proyectum.com\/sistema\/blog\/influencias-de-la-organizacion-en-la-direccion-de-proyectos\/#respond"]}]},{"@type":"WebPage","@id":"https:\/\/proyectum.com\/sistema\/blog\/influencias-de-la-organizacion-en-la-direccion-de-proyectos\/","url":"https:\/\/proyectum.com\/sistema\/blog\/influencias-de-la-organizacion-en-la-direccion-de-proyectos\/","name":"Influencias de la organizaci\u00f3n en la direcci\u00f3n de proyectos - Proyectum","isPartOf":{"@id":"https:\/\/proyectum.com\/sistema\/#website"},"primaryImageOfPage":{"@id":"https:\/\/proyectum.com\/sistema\/blog\/influencias-de-la-organizacion-en-la-direccion-de-proyectos\/#primaryimage"},"image":{"@id":"https:\/\/proyectum.com\/sistema\/blog\/influencias-de-la-organizacion-en-la-direccion-de-proyectos\/#primaryimage"},"thumbnailUrl":"","datePublished":"2014-04-15T06:01:40+00:00","description":"Cada organizaci\u00f3n tiene su propia cultura laboral, sus propias pol\u00edticas y normas que son proyectadas a trav\u00e9s de los colaboradores y que sin lugar a","breadcrumb":{"@id":"https:\/\/proyectum.com\/sistema\/blog\/influencias-de-la-organizacion-en-la-direccion-de-proyectos\/#breadcrumb"},"inLanguage":"es","potentialAction":[{"@type":"ReadAction","target":["https:\/\/proyectum.com\/sistema\/blog\/influencias-de-la-organizacion-en-la-direccion-de-proyectos\/"]}]},{"@type":"ImageObject","inLanguage":"es","@id":"https:\/\/proyectum.com\/sistema\/blog\/influencias-de-la-organizacion-en-la-direccion-de-proyectos\/#primaryimage","url":"","contentUrl":""},{"@type":"BreadcrumbList","@id":"https:\/\/proyectum.com\/sistema\/blog\/influencias-de-la-organizacion-en-la-direccion-de-proyectos\/#breadcrumb","itemListElement":[{"@type":"ListItem","position":1,"name":"Home","item":"https:\/\/proyectum.com\/sistema\/"},{"@type":"ListItem","position":2,"name":"Influencias de la organizaci\u00f3n en la direcci\u00f3n de proyectos"}]},{"@type":"WebSite","@id":"https:\/\/proyectum.com\/sistema\/#website","url":"https:\/\/proyectum.com\/sistema\/","name":"Proyectum","description":"Direcci\u00f3n de Proyectos y M\u00e9todos \u00c1giles","publisher":{"@id":"https:\/\/proyectum.com\/sistema\/#organization"},"potentialAction":[{"@type":"SearchAction","target":{"@type":"EntryPoint","urlTemplate":"https:\/\/proyectum.com\/sistema\/?s={search_term_string}"},"query-input":{"@type":"PropertyValueSpecification","valueRequired":true,"valueName":"search_term_string"}}],"inLanguage":"es"},{"@type":"Organization","@id":"https:\/\/proyectum.com\/sistema\/#organization","name":"Proyectum","url":"https:\/\/proyectum.com\/sistema\/","logo":{"@type":"ImageObject","inLanguage":"es","@id":"https:\/\/proyectum.com\/sistema\/#\/schema\/logo\/image\/","url":"https:\/\/www.proyectum.com\/sistema\/wp-content\/uploads\/2020\/04\/proyectum-logo-snippet.png","contentUrl":"https:\/\/www.proyectum.com\/sistema\/wp-content\/uploads\/2020\/04\/proyectum-logo-snippet.png","width":600,"height":315,"caption":"Proyectum"},"image":{"@id":"https:\/\/proyectum.com\/sistema\/#\/schema\/logo\/image\/"},"sameAs":["https:\/\/www.facebook.com\/proyectum\/","https:\/\/www.linkedin.com\/company\/sistemaproyectum\/","https:\/\/www.youtube.com\/channel\/UCljouWimyhK_cNcC2jniUgw"]},{"@type":"Person","@id":"https:\/\/proyectum.com\/sistema\/#\/schema\/person\/2c2f3285c31a3a005b11add8832ae8f7","name":"Omar Garc\u00eda","image":{"@type":"ImageObject","inLanguage":"es","@id":"https:\/\/secure.gravatar.com\/avatar\/6287ae96abd3e19dcc272b2c1ff8c5c0a0fcf3149e67894ce1b778f4232770a9?s=96&d=mm&r=g","url":"https:\/\/secure.gravatar.com\/avatar\/6287ae96abd3e19dcc272b2c1ff8c5c0a0fcf3149e67894ce1b778f4232770a9?s=96&d=mm&r=g","contentUrl":"https:\/\/secure.gravatar.com\/avatar\/6287ae96abd3e19dcc272b2c1ff8c5c0a0fcf3149e67894ce1b778f4232770a9?s=96&d=mm&r=g","caption":"Omar Garc\u00eda"},"description":"Creador de contenidos en Proyectum. Para seguir la conversaci\u00f3n puedes escribirme en: @omarzgarcia","sameAs":["https:\/\/x.com\/@omarzgarcia"],"url":"https:\/\/proyectum.com\/sistema\/author\/omarzgarcia\/"}]}},"_links":{"self":[{"href":"https:\/\/proyectum.com\/sistema\/wp-json\/wp\/v2\/posts\/1313","targetHints":{"allow":["GET"]}}],"collection":[{"href":"https:\/\/proyectum.com\/sistema\/wp-json\/wp\/v2\/posts"}],"about":[{"href":"https:\/\/proyectum.com\/sistema\/wp-json\/wp\/v2\/types\/post"}],"author":[{"embeddable":true,"href":"https:\/\/proyectum.com\/sistema\/wp-json\/wp\/v2\/users\/46"}],"replies":[{"embeddable":true,"href":"https:\/\/proyectum.com\/sistema\/wp-json\/wp\/v2\/comments?post=1313"}],"version-history":[{"count":0,"href":"https:\/\/proyectum.com\/sistema\/wp-json\/wp\/v2\/posts\/1313\/revisions"}],"wp:featuredmedia":[{"embeddable":true,"href":"https:\/\/proyectum.com\/sistema\/wp-json\/"}],"wp:attachment":[{"href":"https:\/\/proyectum.com\/sistema\/wp-json\/wp\/v2\/media?parent=1313"}],"wp:term":[{"taxonomy":"category","embeddable":true,"href":"https:\/\/proyectum.com\/sistema\/wp-json\/wp\/v2\/categories?post=1313"},{"taxonomy":"post_tag","embeddable":true,"href":"https:\/\/proyectum.com\/sistema\/wp-json\/wp\/v2\/tags?post=1313"}],"curies":[{"name":"wp","href":"https:\/\/api.w.org\/{rel}","templated":true}]}}